{"id":208763,"date":"2023-09-19T10:14:00","date_gmt":"2023-09-19T10:14:00","guid":{"rendered":"https:\/\/www.webdo.tn\/fr\/blog\/breviaire-amoureux-de-l-ile-de-djerba\/208763\/"},"modified":"2023-09-19T10:14:00","modified_gmt":"2023-09-19T10:14:00","slug":"breviaire-amoureux-de-l-ile-de-djerba","status":"publish","type":"post","link":"https:\/\/www.webdo.tn\/fr\/actualite\/chroniques\/breviaire-amoureux-de-l-ile-de-djerba\/208763\/","title":{"rendered":"Br\u00e9viaire amoureux de l&rsquo;\u00eele de Djerba"},"content":{"rendered":"<p>Lundi 18 septembre, l&rsquo;\u00eele de Djerba a \u00e9t\u00e9 inscrite au patrimoine mondial de l&rsquo;Unesco. Elle devient ainsi le neuvi\u00e8me site tunisien sur cette liste. Regards sur les atouts humains, culturels et touristiques de la plus grande des \u00eeles de l&rsquo;Afrique du nord.<\/p>\n<p>\t\t\t\t\t\t\t\t\tDjerba est-elle vraiment cette Ile des Lotophages qu&rsquo;Ulysse et ses compagnons d&rsquo;errance eurent tant de mal \u00e0 quitter?<\/p>\n<p>On peut en douter, on peut aussi y croire et la discussion continue \u00e0 occuper les sp\u00e9cialistes de l&rsquo;Antiquit\u00e9. Ce myst\u00e8re de l&rsquo;Odyss\u00e9e est l&rsquo;un des \u00e9l\u00e9ments qui ont forg\u00e9 l&rsquo;image d&rsquo;une \u00eele connue depuis la nuit des temps.<\/p>\n<p>Si la l\u00e9gende voudrait qu&rsquo;Hom\u00e8re en fit une escale dans les p\u00e9r\u00e9grinations d&rsquo;Ulysse, on sait que Djerba fut un comptoir ph\u00e9nicien puis la Meninx des Romains.<\/p>\n<p>HARIBUS, TIPASA, MENINX, GIRBA<\/p>\n<p>D\u00e9j\u00e0 en cette \u00e9poque lointaine, il y avait plusieurs cit\u00e9s sur l&rsquo;\u00eele. L&rsquo;histoire a gard\u00e9 les noms de Haribus, Tipasa ou Girba qui est probablement \u00e0 l&rsquo;origine du nom actuel de ce \u00ab\u00a0radeau ancr\u00e9 \u00e0 quelques encablures du rivage africain\u00a0\u00bb.<\/p>\n<p>On peut ainsi aborder Djerba par le lyrisme et le souvenir d&rsquo;Ulysse, en se demandant ce qu&rsquo;est v\u00e9ritablement le lotos, ce fruit au go\u00fbt d&rsquo;hydromel qui fait tout oublier. De fait, on se rend vite compte que le lotos c&rsquo;est Djerba, l&rsquo;\u00eele elle-m\u00eame, son charme exquis, la l\u00e9g\u00e9ret\u00e9 des jours qu&rsquo;on y passe, la d\u00e9licate magie qui en \u00e9mane, l&rsquo;azur entre ciel et mer, la douceur qui s&rsquo;\u00e9coule au fil des jours.<\/p>\n<p>Tel Ulysse, on ne parvient pas \u00e0 quitter les lieux qui, longtemps apr\u00e8s le d\u00e9part, continuent \u00e0 revivre en vous. C&rsquo;est cela le secret de l&rsquo;\u00eele de la cinqui\u00e8me saison &#8211; celle du temps suspendu et de l&rsquo;\u00e9quilibre id\u00e9al. Et si l&rsquo;histoire est partout pr\u00e9sente, elle ne fait qu&rsquo;aur\u00e9oler de l\u00e9gende une Djerba qui se souvient encore du rebelle Abou Yazid, des Normands de Sicile ou des corsaires indomptables que furent Dragut et Barberousse.<\/p>\n<p>Aujourd&rsquo;hui, les parcours djerbiens que l&rsquo;on peut effectuer en arpentant une \u00eele de beaut\u00e9 portent dans leur sillage l&rsquo;\u00e9cho des si\u00e8cles et des hommes, la beaut\u00e9 \u00e2pre et digne d&rsquo;une nature aust\u00e8re et aussi la s\u00e9r\u00e9nit\u00e9 bienfaisante qui nait au contact de la mer.<\/p>\n<p>Alors, de Houmt Souk \u00e0 Aghir, de Gallala \u00e0 El May, de Mellita \u00e0 Midoun, de Ajim \u00e0 Mahboubine, de Cedouikech \u00e0 Robbana, il faut savoir sillonner l&rsquo;\u00eele lumineuse \u00e0 la recherche de ses secrets, ses myst\u00e8res et ses singularit\u00e9s.<\/p>\n<p>LE JEU INLASSABLE DE LA PIERRE ET DE LA FOI<\/p>\n<p>Comment ne pas succomber au charme presque asc\u00e9tique des mosqu\u00e9es de Djerba? Elles sont plusieurs centaines \u00e0 surgir dans les sillons d&rsquo;un champ, au d\u00e9tour d&rsquo;une route, dans les reflets d&rsquo;un coucher de soleil.<\/p>\n<p>Ce jeu inlassable de la pierre et de la foi oscille entre les bleus du ciel et de la mer et les blancs de la chaux des mosqu\u00e9es. La simplicit\u00e9 originelle de ces lieux de culte est l&rsquo;une des beaut\u00e9s insoup\u00e7onn\u00e9es de Djerba. A nulles autres pareilles, les mosqu\u00e9es de l&rsquo;\u00eele ont cette dimension patin\u00e9e par le temps et fascinent le regard par leur rigueur architecturale.<\/p>\n<p>Elles sont partout dans le paysage et qui ne les observerait pas attentivement passerait \u00e0 c\u00f4t\u00e9 d&rsquo;une apaisante communion. Fascination du regard devant par exemple la mosqu\u00e9e Sellaouti dans la r\u00e9gion de Mezraya ou encore celle d&rsquo;Essatouri aux environs de Tarbella. Un monde se d\u00e9ploie entre couleurs sobres et silence recueilli&#8230;<\/p>\n<p>LA V\u00c9N\u00c9RABLE GHRIBA ET SES COUSINES DE HARA KEBIRA<\/p>\n<p>La plus connue des synagogues de Djerba n&rsquo;est autre que la Ghriba, un terme que l&rsquo;on peut traduire par \u00ab\u00a0La Merveilleuse\u00a0\u00bb. La tradition locale fait remonter la pr\u00e9sence juive dans l&rsquo;\u00eele au temps de la destruction du Temple de J\u00e9rusalem par Nabuchodonosor en 586 avant J.-C. D&rsquo;autres sources soutiennent que l&rsquo;arriv\u00e9e des juifs daterait plut\u00f4t de la prise de J\u00e9rusalem par Titus au premier si\u00e8cle.<\/p>\n<p>Cette communaut\u00e9, aujourd&rsquo;hui en d\u00e9clin relatif, a longtemps v\u00e9cu en harmonie avec ses voisins dans les deux villages que sont Hara S\u00e9ghira et Hara Kebira &#8211; qui portent maintenant les noms de Erriadh et Essouani.<\/p>\n<p>C&rsquo;est \u00e0 Hara S\u00e9ghira que se trouve la Ghriba et son hostellerie qui permet de loger les p\u00e8lerins qui s&rsquo;y rendent pour Lag Be Omer, le 33\u00e8me jour de la P\u00e2que juive. On se raconte alors le prodige de la Ghriba lorsque, dit-on, une pierre sacr\u00e9e tomba du ciel \u00e0 l&#8217;emplacement o\u00f9 devra s&rsquo;\u00e9lever la synagogue, lorsqu&rsquo;une femme myst\u00e9rieuse apparut miraculeusement pour diriger les travaux de construction. On suit ensuite le parcours des p\u00e8lerins dans une liesse qui revient chaque ann\u00e9e.<\/p>\n<p>La Ghriba que nous connaissons date seulement de 1920. Elle est le fruit d&rsquo;une restauration qui a donn\u00e9 \u00e0 la synagogue de Hara S\u00e9ghira son caract\u00e8re orientalisant. Le sanctuaire initial remonte \u00e0 des temps imm\u00e9moriaux et des Thoras parmi les plus anciennes sont conserv\u00e9es en ce lieu o\u00f9 de v\u00e9n\u00e9rables vieillards lisent les textes sacr\u00e9s dans la p\u00e9nombre que ne perturbe que le flot incessant des visiteurs.<\/p>\n<p>La Ghriba n&rsquo;est pas la seule synagogue djerbienne. Elles sont une petite quinzaine surtout concentr\u00e9es dans le village de Hara K\u00e9bira, aux abords de Houmt Souk. Dans les ruelles de ce village, les nombreuses \u00ab\u00a0yeshivas\u00a0\u00bb continuent \u00e0 r\u00e9sonner des voix enfantines psalmodiant et la vie se d\u00e9cline comme dans une \u00eele dans l&rsquo;\u00eele.<\/p>\n<p>BORJS, MENZELS ET ARCHITECTURES D\u00c9FENSIVES<\/p>\n<p>Le Borj el Kebir domine l&rsquo;acc\u00e8s \u00e0 Houmt Souk. Sa silhouette imposante en fait la place-forte de toute l&rsquo;\u00eele. Toutefois, ce n&rsquo;est pas le seul fort de Djerba.<\/p>\n<p>Ils sont une dizaine \u00e0 \u00eatre r\u00e9partis sur les c\u00f4tes. Les plus connus sont Borj Kastill au sud et Borj Jlij \u00e0 l&rsquo;ouest mais on peut aussi \u00e9voquer les borjs de Aghir, Ajim ou El Kantara.<\/p>\n<p>Myst\u00e9rieuse redoute, Borj el Aqrab se trouve au milieu du golfe de Boughrara et fut construit par Dragut au seizi\u00e8me si\u00e8cle. Tous ces forts se conjuguent aux nombreux marabouts c\u00f4tiers et aux mosqu\u00e9es fortifi\u00e9es pour donner une architecture d\u00e9fensive \u00e0 Djerba.<\/p>\n<p>Le Borj el Kebir de Ghazi Mustapha en t\u00e9moigne et lorsqu&rsquo;on sait que cet \u00e9difice fut successivement un ch\u00e2teau aragonais, une kasbah hafside et un fort ottoman, on ne peut que songer \u00e0 la longue histoire d&rsquo;une \u00eele souvent convoit\u00e9e par les puissances m\u00e9diterran\u00e9ennes.<\/p>\n<p>Comme des cubes blancs dispers\u00e9s dans une v\u00e9g\u00e9tation clairsem\u00e9e, les menzels djerbiens avaient aussi une fonction d\u00e9fensive. Qualifi\u00e9s de \u00ab\u00a0manoirs de l&rsquo;\u00eele\u00a0\u00bb, ces demeures ressemblent \u00e0 s&rsquo;y m\u00e9prendre \u00e0 de petites forteresses aux portes massives et aux murs aveugles.<\/p>\n<p>Coiff\u00e9s de tourelles sur les flancs, ces menzels s&rsquo;ouvrent sur une cour int\u00e9rieure. La citerne n&rsquo;est jamais tr\u00e8s loin; en effet, cet autre \u00e9l\u00e9ment incontournable de l&rsquo;habitat djerbien t\u00e9moigne de la raret\u00e9 de l&rsquo;eau et de l&rsquo;ing\u00e9niosit\u00e9 des paysans et citadins qui savaient pr\u00e9server chaque goutte du plus pr\u00e9cieux des dons du ciel.<\/p>\n<p>A Djerba, l&rsquo;eau a longtemps fait cruellement d\u00e9faut, donnant une agriculture tourn\u00e9e vers l&rsquo;olivier et le palmier. Du coup, l&rsquo;\u00e9conomie s&rsquo;est surtout destin\u00e9e au commerce, au tissage et \u00e0 la poterie.<\/p>\n<p>TISSERANDS, POTIERS ET HUILERIES SOUTERRAINES<\/p>\n<p>Dans le paysage djerbien, les ateliers de tisserands sont un peu partout. El\u00e9ment de l&rsquo;\u00e9conomie traditionnelle, ils sont ais\u00e9ment recommaissables \u00e0 leur fa\u00e7ade triangulaire et leur architecture en longueur.<\/p>\n<p>Parfois, en pleine campagne, au creux d&rsquo;un chemin apparait l&rsquo;un de ces ateliers qui gardent encore la m\u00e9moire des tisserands et de leurs cr\u00e9ations. Souvent, au coeur des villages de l&rsquo;\u00eele, quelques ateliers sont enserr\u00e9s par un r\u00e9seau de constructions modernes et semblent confin\u00e9s dans la solitude de l&rsquo;oubli. Longtemps, ils furent les moteurs d&rsquo;une \u00e9conomie qui a su se diversifier et se moderniser.<\/p>\n<p>La rencontre de l&rsquo;\u00e9crivain Georges Duhamel avec Gallala lui a fait prononcer une phrase devenue mythique: \u00ab\u00a0J&rsquo;ai cherch\u00e9 des po\u00e9tes, j&rsquo;ai trouv\u00e9 des potiers\u00a0\u00bb. Et, en effet, Gallala peut surprendre par ses collines de tessons et ses potiers qui, ceints d&rsquo;un pagne, semblent surgir d&rsquo;un pass\u00e9 imm\u00e9morial.<\/p>\n<p>A Gallala, on continue \u00e0 extraire l&rsquo;argile de galeries \u00e9troites s&rsquo;enfon\u00e7ant profond\u00e9ment dans le sol. Cette argile est parfois m\u00e9lang\u00e9e \u00e0 l&rsquo;eau de mer et donne des poteries d&rsquo;une blancheur \u00e9clatante qui sont caract\u00e9ristiques de l&rsquo;artisanat de l&rsquo;\u00eele. Les potiers de Djerba continuent \u00e0 produire les immenses jarres qui servaient au stockage de l&rsquo;huile et les abords de leurs ateliers concentr\u00e9s dans le sud de l&rsquo;\u00eele ressemblent \u00e0 des po\u00e9mes de tessons.<\/p>\n<p>Dans ce panorama, les huileries traditionnelles se font de plus en plus rares. Parfois, dans la \u00ab\u00a0ghaba\u00a0\u00bb djerbienne, on aper\u00e7oit leur coupole caract\u00e9ristique qui sort de terre. C&rsquo;est que ces pressoirs qu&rsquo;on dirait tout droit sortis de l&rsquo;Antiquit\u00e9, sont en g\u00e9n\u00e9ral souterrains.<\/p>\n<p>En y p\u00e9n\u00e9trant, on retrouve la m\u00e9moire des meules en pierre qui r\u00e9duisaient les olives en p\u00e2te. Surgit aussi la m\u00e9moire de ces scourtins en alfa qu&rsquo;on pressait entre deux troncs de palmier pour extraire l&rsquo;huile si pr\u00e9cieuse.<br \/>\nQue reste-t-il aujourd&rsquo;hui de ces potiers, tisserands et oleiculteurs traditionnels? Peu de choses, il est vrai mais il n&rsquo;en reste pas moins que leur tradition demeure bien vivante&#8230;<\/p>\n<p>MILLE VILLAGES ET LES JARDINS SECRETS DES LOTOPHAGES<\/p>\n<p>A Djerba, il existe mille villages et chacun poss\u00e9de ses sp\u00e9cificit\u00e9s, son identit\u00e9 et son caract\u00e8re singulier. On ne saurait les citer tous dans ce br\u00e9viaire. Toutefois, le rythme bucolique de Cedghiane contraste avec l&rsquo;activit\u00e9 d\u00e9bordante du port d&rsquo;Ajim, les replis secrets d&rsquo;Arkou se distinguent du faste patricien de Ghizen, l&rsquo;aspect aust\u00e8re de Aghir interpelle le march\u00e9 color\u00e9 de Cedouikech.<\/p>\n<p>L&rsquo;\u00eele de la diversit\u00e9 serait un surnom qui irait comme un gant \u00e0 Djerba. Diversit\u00e9 humaine d&rsquo;abord avec la coexistence de plusieurs communaut\u00e9s, diversit\u00e9 religieuse ensuite gr\u00e2ce \u00e0 la pr\u00e9sence des trois grandes confessions, diversit\u00e9 g\u00e9ographique enfin par la vertu de tous ces villages aux maisons blanches couvertes de coupoles et diss\u00e9min\u00e9es parmi les jardins.<\/p>\n<p>Les villages de l&rsquo;\u00eele sont un \u00e9l\u00e9ment fondamental de cette grammaire djerbienne. Entre plantations d&rsquo;oliviers et d&rsquo;arbres fruitiers, ces hameaux, repli\u00e9s voire insaisissables, semblent cohabiter avec les places de march\u00e9s, devenues d\u00e9sormais des villages \u00e0 part enti\u00e8re.<\/p>\n<p>Cette dialectique de l&rsquo;urbain et du rural n&rsquo;est pas le moindre des atours de l&rsquo;\u00eele qui sait tisser des relations subtiles entre ses souks et son arri\u00e8re-pays. Dans les gros bourgs comme Houmt-Souk, on peut traverser d&rsquo;\u00e9troites ruelles o\u00f9 se regroupent les artisans, d\u00e9couvrir orf\u00e8vres juifs et tailleurs musulmans, bijoux filigran\u00e9s et tissages bariol\u00e9s. Au fond d&rsquo;une rue, on devinera la pr\u00e9sence d&rsquo;anciens fondouks maintenant reconvertis et de mosqu\u00e9es toujours accueillantes.<\/p>\n<p>Par contre, les campagnes djerbiennes semblent tenir \u00e0 leurs secrets. De Bazim \u00e0 Hachana ou encore de Sidi Jmour \u00e0 Sidi Garous, un monde intime et discret reste voil\u00e9 au regard ext\u00e9rieur. Une vie simple se d\u00e9roule dans ces recoins dignes d&rsquo;ardents \u00e9glogues.<\/p>\n<p>Ce sont l\u00e0 les endroits les plus subreptices et retir\u00e9s, les derni\u00e8res \u00e9nigmes de Djerba. Et si d&rsquo;aventure, Ulysse reviendrait dans ces parages imp\u00e9n\u00e9trables, il choisirait probablement de s&rsquo;y \u00e9clipser, de se dissoudre dans le plus imp\u00e9n\u00e9trable des labyrinthes, au coeur battant des traditions ancestrales, des chants des femmes et des insondables jardins des Lotophages.<\/p>\n","protected":false},"excerpt":{"rendered":"<p>Lundi 18 septembre, l&rsquo;\u00eele de Djerba a \u00e9t\u00e9 inscrite au patrimoine mondial de l&rsquo;Unesco. Elle devient ainsi le neuvi\u00e8me site tunisien sur cette liste. Regards sur&#8230;<\/p>\n","protected":false},"author":3229,"featured_media":289623,"comment_status":"open","ping_status":"closed","sticky":false,"template":"","format":"standard","meta":{"footnotes":""},"categories":[2596],"tags":[9794,3696,3392,4946],"class_list":["post-208763","post","type-post","status-publish","format-standard","has-post-thumbnail","hentry","category-chroniques","tag-ile","tag-djerba","tag-patrimoine","tag-unesco"],"yoast_head":"<!-- This site is optimized with the Yoast SEO Premium plugin v27.5 (Yoast SEO v27.5) - https:\/\/yoast.com\/product\/yoast-seo-premium-wordpress\/ -->\n<title>Br\u00e9viaire amoureux de l&#039;\u00eele de Djerba<\/title>\n<meta name=\"description\" content=\"Lundi 18 septembre, l&#039;\u00eele de Djerba a \u00e9t\u00e9 inscrite au patrimoine mondial de l&#039;Unesco. Elle devient ainsi le neuvi\u00e8me site tunisien sur cette liste. Regards sur...\" \/>\n<link rel=\"canonical\" href=\"https:\/\/www.webdo.tn\/fr\/actualite\/chroniques\/breviaire-amoureux-de-l-ile-de-djerba\/208763\/\" \/>\n<meta property=\"og:locale\" content=\"fr_FR\" \/>\n<meta property=\"og:type\" content=\"article\" \/>\n<meta property=\"og:title\" content=\"Br\u00e9viaire amoureux de l&#039;\u00eele de Djerba\" \/>\n<meta property=\"og:description\" content=\"Lundi 18 septembre, l&#039;\u00eele de Djerba a \u00e9t\u00e9 inscrite au patrimoine mondial de l&#039;Unesco. Elle devient ainsi le neuvi\u00e8me site tunisien sur cette liste. Regards sur...\" \/>\n<meta property=\"og:url\" content=\"https:\/\/www.webdo.tn\/fr\/actualite\/chroniques\/breviaire-amoureux-de-l-ile-de-djerba\/208763\/\" \/>\n<meta property=\"og:site_name\" content=\"webdo\" \/>\n<meta property=\"article:publisher\" content=\"https:\/\/www.facebook.com\/webdotn\" \/>\n<meta property=\"article:author\" content=\"https:\/\/www.facebook.com\/hatem.bourial.2025\" \/>\n<meta property=\"article:published_time\" content=\"2023-09-19T10:14:00+00:00\" \/>\n<meta property=\"og:image\" content=\"https:\/\/www.webdo.tn\/fr\/wp-content\/uploads\/2023\/09\/0f7d6c15671803b7c9aba31a645d680f.jpeg\" \/>\n\t<meta property=\"og:image:width\" content=\"750\" \/>\n\t<meta property=\"og:image:height\" content=\"400\" \/>\n\t<meta property=\"og:image:type\" content=\"image\/jpeg\" \/>\n<meta name=\"author\" content=\"Hatem Bourial\" \/>\n<meta name=\"twitter:card\" content=\"summary_large_image\" \/>\n<meta name=\"twitter:creator\" content=\"@webdo_tn\" \/>\n<meta name=\"twitter:site\" content=\"@webdo_tn\" \/>\n<meta name=\"twitter:label1\" content=\"\u00c9crit par\" \/>\n\t<meta name=\"twitter:data1\" content=\"Hatem Bourial\" \/>\n\t<meta name=\"twitter:label2\" content=\"Dur\u00e9e de lecture estim\u00e9e\" \/>\n\t<meta name=\"twitter:data2\" content=\"10 minutes\" \/>\n<script type=\"application\/ld+json\" class=\"yoast-schema-graph\">{\"@context\":\"https:\\\/\\\/schema.org\",\"@graph\":[{\"@type\":\"NewsArticle\",\"@id\":\"https:\\\/\\\/www.webdo.tn\\\/fr\\\/actualite\\\/chroniques\\\/breviaire-amoureux-de-l-ile-de-djerba\\\/208763\\\/#article\",\"isPartOf\":{\"@id\":\"https:\\\/\\\/www.webdo.tn\\\/fr\\\/actualite\\\/chroniques\\\/breviaire-amoureux-de-l-ile-de-djerba\\\/208763\\\/\"},\"author\":{\"name\":\"Hatem Bourial\",\"@id\":\"https:\\\/\\\/www.webdo.tn\\\/fr\\\/#\\\/schema\\\/person\\\/6bc0beba2cd23aec27cb5df85ca2554f\"},\"headline\":\"Br\u00e9viaire amoureux de l&rsquo;\u00eele de Djerba\",\"datePublished\":\"2023-09-19T10:14:00+00:00\",\"mainEntityOfPage\":{\"@id\":\"https:\\\/\\\/www.webdo.tn\\\/fr\\\/actualite\\\/chroniques\\\/breviaire-amoureux-de-l-ile-de-djerba\\\/208763\\\/\"},\"wordCount\":2053,\"commentCount\":0,\"publisher\":{\"@id\":\"https:\\\/\\\/www.webdo.tn\\\/fr\\\/#organization\"},\"image\":{\"@id\":\"https:\\\/\\\/www.webdo.tn\\\/fr\\\/actualite\\\/chroniques\\\/breviaire-amoureux-de-l-ile-de-djerba\\\/208763\\\/#primaryimage\"},\"thumbnailUrl\":\"https:\\\/\\\/www.webdo.tn\\\/fr\\\/wp-content\\\/uploads\\\/2023\\\/09\\\/0f7d6c15671803b7c9aba31a645d680f.jpeg\",\"keywords\":[\"'\u00eele']\",\"djerba\",\"patrimoine\",\"unesco\"],\"articleSection\":[\"Chroniques\"],\"inLanguage\":\"fr-FR\"},{\"@type\":\"WebPage\",\"@id\":\"https:\\\/\\\/www.webdo.tn\\\/fr\\\/actualite\\\/chroniques\\\/breviaire-amoureux-de-l-ile-de-djerba\\\/208763\\\/\",\"url\":\"https:\\\/\\\/www.webdo.tn\\\/fr\\\/actualite\\\/chroniques\\\/breviaire-amoureux-de-l-ile-de-djerba\\\/208763\\\/\",\"name\":\"Br\u00e9viaire amoureux de l'\u00eele de Djerba\",\"isPartOf\":{\"@id\":\"https:\\\/\\\/www.webdo.tn\\\/fr\\\/#website\"},\"primaryImageOfPage\":{\"@id\":\"https:\\\/\\\/www.webdo.tn\\\/fr\\\/actualite\\\/chroniques\\\/breviaire-amoureux-de-l-ile-de-djerba\\\/208763\\\/#primaryimage\"},\"image\":{\"@id\":\"https:\\\/\\\/www.webdo.tn\\\/fr\\\/actualite\\\/chroniques\\\/breviaire-amoureux-de-l-ile-de-djerba\\\/208763\\\/#primaryimage\"},\"thumbnailUrl\":\"https:\\\/\\\/www.webdo.tn\\\/fr\\\/wp-content\\\/uploads\\\/2023\\\/09\\\/0f7d6c15671803b7c9aba31a645d680f.jpeg\",\"datePublished\":\"2023-09-19T10:14:00+00:00\",\"description\":\"Lundi 18 septembre, l'\u00eele de Djerba a \u00e9t\u00e9 inscrite au patrimoine mondial de l'Unesco. Elle devient ainsi le neuvi\u00e8me site tunisien sur cette liste. Regards sur...\",\"breadcrumb\":{\"@id\":\"https:\\\/\\\/www.webdo.tn\\\/fr\\\/actualite\\\/chroniques\\\/breviaire-amoureux-de-l-ile-de-djerba\\\/208763\\\/#breadcrumb\"},\"inLanguage\":\"fr-FR\",\"potentialAction\":[{\"@type\":\"ReadAction\",\"target\":[\"https:\\\/\\\/www.webdo.tn\\\/fr\\\/actualite\\\/chroniques\\\/breviaire-amoureux-de-l-ile-de-djerba\\\/208763\\\/\"]}]},{\"@type\":\"ImageObject\",\"inLanguage\":\"fr-FR\",\"@id\":\"https:\\\/\\\/www.webdo.tn\\\/fr\\\/actualite\\\/chroniques\\\/breviaire-amoureux-de-l-ile-de-djerba\\\/208763\\\/#primaryimage\",\"url\":\"https:\\\/\\\/www.webdo.tn\\\/fr\\\/wp-content\\\/uploads\\\/2023\\\/09\\\/0f7d6c15671803b7c9aba31a645d680f.jpeg\",\"contentUrl\":\"https:\\\/\\\/www.webdo.tn\\\/fr\\\/wp-content\\\/uploads\\\/2023\\\/09\\\/0f7d6c15671803b7c9aba31a645d680f.jpeg\",\"width\":750,\"height\":400,\"caption\":\"Br\u00e9viaire amoureux de l'\u00eele de Djerba\"},{\"@type\":\"BreadcrumbList\",\"@id\":\"https:\\\/\\\/www.webdo.tn\\\/fr\\\/actualite\\\/chroniques\\\/breviaire-amoureux-de-l-ile-de-djerba\\\/208763\\\/#breadcrumb\",\"itemListElement\":[{\"@type\":\"ListItem\",\"position\":1,\"name\":\"Accueil\",\"item\":\"https:\\\/\\\/www.webdo.tn\\\/fr\\\/\"},{\"@type\":\"ListItem\",\"position\":2,\"name\":\"Br\u00e9viaire amoureux de l&#8217;\u00eele de Djerba\"}]},{\"@type\":\"WebSite\",\"@id\":\"https:\\\/\\\/www.webdo.tn\\\/fr\\\/#website\",\"url\":\"https:\\\/\\\/www.webdo.tn\\\/fr\\\/\",\"name\":\"webdo\",\"description\":\"Tunisie - News en Tunisie et \u00e0 l&#039;international sur Webdo.tn\",\"publisher\":{\"@id\":\"https:\\\/\\\/www.webdo.tn\\\/fr\\\/#organization\"},\"potentialAction\":[{\"@type\":\"SearchAction\",\"target\":{\"@type\":\"EntryPoint\",\"urlTemplate\":\"https:\\\/\\\/www.webdo.tn\\\/fr\\\/?s={search_term_string}\"},\"query-input\":{\"@type\":\"PropertyValueSpecification\",\"valueRequired\":true,\"valueName\":\"search_term_string\"}}],\"inLanguage\":\"fr-FR\"},{\"@type\":\"Organization\",\"@id\":\"https:\\\/\\\/www.webdo.tn\\\/fr\\\/#organization\",\"name\":\"Webdo\",\"alternateName\":\"Webdo.tn\",\"url\":\"https:\\\/\\\/www.webdo.tn\\\/fr\\\/\",\"logo\":{\"@type\":\"ImageObject\",\"inLanguage\":\"fr-FR\",\"@id\":\"https:\\\/\\\/www.webdo.tn\\\/fr\\\/#\\\/schema\\\/logo\\\/image\\\/\",\"url\":\"https:\\\/\\\/www.webdo.tn\\\/fr\\\/wp-content\\\/uploads\\\/2025\\\/06\\\/Webdo-Tunisie_168377.jpg\",\"contentUrl\":\"https:\\\/\\\/www.webdo.tn\\\/fr\\\/wp-content\\\/uploads\\\/2025\\\/06\\\/Webdo-Tunisie_168377.jpg\",\"width\":301,\"height\":301,\"caption\":\"Webdo\"},\"image\":{\"@id\":\"https:\\\/\\\/www.webdo.tn\\\/fr\\\/#\\\/schema\\\/logo\\\/image\\\/\"},\"sameAs\":[\"https:\\\/\\\/www.facebook.com\\\/webdotn\",\"https:\\\/\\\/x.com\\\/webdo_tn\"],\"description\":\"Webdo est un m\u00e9dia num\u00e9rique tunisien fond\u00e9 en 2010, sp\u00e9cialis\u00e9 dans l\u2019actualit\u00e9 nationale et internationale, l\u2019\u00e9conomie, la soci\u00e9t\u00e9 et les analyses politiques. Le site s\u2019adresse \u00e0 un large public francophone et couvre l\u2019information tunisienne en temps r\u00e9el.\",\"email\":\"redac@webdo.tn\",\"legalName\":\"YNJ SARL\",\"foundingDate\":\"2010-09-06\",\"numberOfEmployees\":{\"@type\":\"QuantitativeValue\",\"minValue\":\"11\",\"maxValue\":\"50\"}},{\"@type\":\"Person\",\"@id\":\"https:\\\/\\\/www.webdo.tn\\\/fr\\\/#\\\/schema\\\/person\\\/6bc0beba2cd23aec27cb5df85ca2554f\",\"name\":\"Hatem Bourial\",\"image\":{\"@type\":\"ImageObject\",\"inLanguage\":\"fr-FR\",\"@id\":\"https:\\\/\\\/www.webdo.tn\\\/fr\\\/wp-content\\\/uploads\\\/2026\\\/04\\\/hatem-bourial_avatar-96x96.jpg\",\"url\":\"https:\\\/\\\/www.webdo.tn\\\/fr\\\/wp-content\\\/uploads\\\/2026\\\/04\\\/hatem-bourial_avatar-96x96.jpg\",\"contentUrl\":\"https:\\\/\\\/www.webdo.tn\\\/fr\\\/wp-content\\\/uploads\\\/2026\\\/04\\\/hatem-bourial_avatar-96x96.jpg\",\"caption\":\"Hatem Bourial\"},\"description\":\"Hatem Bourial est journaliste, \u00e9crivain et chroniqueur tunisien. Actif depuis plusieurs d\u00e9cennies, il s\u2019est impos\u00e9 comme un observateur attentif de la soci\u00e9t\u00e9 tunisienne, m\u00ealant dans ses \u00e9crits m\u00e9moire, culture et analyse du quotidien. Auteur de nombreux ouvrages, il d\u00e9veloppe une \u0153uvre \u00e0 la crois\u00e9e du r\u00e9cit, de la po\u00e9sie et de l\u2019observation sociologique. Parall\u00e8lement \u00e0 ses contributions dans la presse, il intervient r\u00e9guli\u00e8rement \u00e0 la radio et dans des espaces culturels, o\u00f9 il explore les enjeux li\u00e9s au patrimoine, \u00e0 l\u2019identit\u00e9 et aux transformations du monde contemporain. \u00c0 travers ses chroniques, Hatem Bourial propose une lecture sensible et approfondie de l\u2019actualit\u00e9, nourrie par une exp\u00e9rience journalistique et litt\u00e9raire reconnue. \ud83d\udd17 Facebook : https:\\\/\\\/www.facebook.com\\\/hatem.bourial.2025\",\"sameAs\":[\"https:\\\/\\\/www.facebook.com\\\/hatem.bourial.2025\",\"https:\\\/\\\/fr.wikipedia.org\\\/wiki\\\/Fichier:Hatem_Bourial.jpg\"],\"knowsAbout\":[\"Culture & patrimoine tunisien\",\"Chronique soci\u00e9tale\",\"Litt\u00e9rature & m\u00e9moire\",\"Cin\u00e9ma & critique culturelle\",\"Identit\u00e9 & mutations sociales\"],\"knowsLanguage\":[\"Arabe\",\"Fran\u00e7ais\",\"Anglais\",\"Italien\",\"Polonais\"],\"jobTitle\":\"Journaliste, \u00e9crivain et chroniqueur culturel\",\"worksFor\":\"Webdo\",\"url\":\"https:\\\/\\\/www.webdo.tn\\\/fr\\\/actualite\\\/author\\\/hatem-bourial-2\\\/\"}]}<\/script>\n<!-- \/ Yoast SEO Premium plugin. -->","yoast_head_json":{"title":"Br\u00e9viaire amoureux de l'\u00eele de Djerba","description":"Lundi 18 septembre, l'\u00eele de Djerba a \u00e9t\u00e9 inscrite au patrimoine mondial de l'Unesco. Elle devient ainsi le neuvi\u00e8me site tunisien sur cette liste. Regards sur...","canonical":"https:\/\/www.webdo.tn\/fr\/actualite\/chroniques\/breviaire-amoureux-de-l-ile-de-djerba\/208763\/","og_locale":"fr_FR","og_type":"article","og_title":"Br\u00e9viaire amoureux de l'\u00eele de Djerba","og_description":"Lundi 18 septembre, l'\u00eele de Djerba a \u00e9t\u00e9 inscrite au patrimoine mondial de l'Unesco. Elle devient ainsi le neuvi\u00e8me site tunisien sur cette liste. Regards sur...","og_url":"https:\/\/www.webdo.tn\/fr\/actualite\/chroniques\/breviaire-amoureux-de-l-ile-de-djerba\/208763\/","og_site_name":"webdo","article_publisher":"https:\/\/www.facebook.com\/webdotn","article_author":"https:\/\/www.facebook.com\/hatem.bourial.2025","article_published_time":"2023-09-19T10:14:00+00:00","og_image":[{"width":750,"height":400,"url":"https:\/\/www.webdo.tn\/fr\/wp-content\/uploads\/2023\/09\/0f7d6c15671803b7c9aba31a645d680f.jpeg","type":"image\/jpeg"}],"author":"Hatem Bourial","twitter_card":"summary_large_image","twitter_creator":"@webdo_tn","twitter_site":"@webdo_tn","twitter_misc":{"\u00c9crit par":"Hatem Bourial","Dur\u00e9e de lecture estim\u00e9e":"10 minutes"},"schema":{"@context":"https:\/\/schema.org","@graph":[{"@type":"NewsArticle","@id":"https:\/\/www.webdo.tn\/fr\/actualite\/chroniques\/breviaire-amoureux-de-l-ile-de-djerba\/208763\/#article","isPartOf":{"@id":"https:\/\/www.webdo.tn\/fr\/actualite\/chroniques\/breviaire-amoureux-de-l-ile-de-djerba\/208763\/"},"author":{"name":"Hatem Bourial","@id":"https:\/\/www.webdo.tn\/fr\/#\/schema\/person\/6bc0beba2cd23aec27cb5df85ca2554f"},"headline":"Br\u00e9viaire amoureux de l&rsquo;\u00eele de Djerba","datePublished":"2023-09-19T10:14:00+00:00","mainEntityOfPage":{"@id":"https:\/\/www.webdo.tn\/fr\/actualite\/chroniques\/breviaire-amoureux-de-l-ile-de-djerba\/208763\/"},"wordCount":2053,"commentCount":0,"publisher":{"@id":"https:\/\/www.webdo.tn\/fr\/#organization"},"image":{"@id":"https:\/\/www.webdo.tn\/fr\/actualite\/chroniques\/breviaire-amoureux-de-l-ile-de-djerba\/208763\/#primaryimage"},"thumbnailUrl":"https:\/\/www.webdo.tn\/fr\/wp-content\/uploads\/2023\/09\/0f7d6c15671803b7c9aba31a645d680f.jpeg","keywords":["'\u00eele']","djerba","patrimoine","unesco"],"articleSection":["Chroniques"],"inLanguage":"fr-FR"},{"@type":"WebPage","@id":"https:\/\/www.webdo.tn\/fr\/actualite\/chroniques\/breviaire-amoureux-de-l-ile-de-djerba\/208763\/","url":"https:\/\/www.webdo.tn\/fr\/actualite\/chroniques\/breviaire-amoureux-de-l-ile-de-djerba\/208763\/","name":"Br\u00e9viaire amoureux de l'\u00eele de Djerba","isPartOf":{"@id":"https:\/\/www.webdo.tn\/fr\/#website"},"primaryImageOfPage":{"@id":"https:\/\/www.webdo.tn\/fr\/actualite\/chroniques\/breviaire-amoureux-de-l-ile-de-djerba\/208763\/#primaryimage"},"image":{"@id":"https:\/\/www.webdo.tn\/fr\/actualite\/chroniques\/breviaire-amoureux-de-l-ile-de-djerba\/208763\/#primaryimage"},"thumbnailUrl":"https:\/\/www.webdo.tn\/fr\/wp-content\/uploads\/2023\/09\/0f7d6c15671803b7c9aba31a645d680f.jpeg","datePublished":"2023-09-19T10:14:00+00:00","description":"Lundi 18 septembre, l'\u00eele de Djerba a \u00e9t\u00e9 inscrite au patrimoine mondial de l'Unesco. Elle devient ainsi le neuvi\u00e8me site tunisien sur cette liste. Regards sur...","breadcrumb":{"@id":"https:\/\/www.webdo.tn\/fr\/actualite\/chroniques\/breviaire-amoureux-de-l-ile-de-djerba\/208763\/#breadcrumb"},"inLanguage":"fr-FR","potentialAction":[{"@type":"ReadAction","target":["https:\/\/www.webdo.tn\/fr\/actualite\/chroniques\/breviaire-amoureux-de-l-ile-de-djerba\/208763\/"]}]},{"@type":"ImageObject","inLanguage":"fr-FR","@id":"https:\/\/www.webdo.tn\/fr\/actualite\/chroniques\/breviaire-amoureux-de-l-ile-de-djerba\/208763\/#primaryimage","url":"https:\/\/www.webdo.tn\/fr\/wp-content\/uploads\/2023\/09\/0f7d6c15671803b7c9aba31a645d680f.jpeg","contentUrl":"https:\/\/www.webdo.tn\/fr\/wp-content\/uploads\/2023\/09\/0f7d6c15671803b7c9aba31a645d680f.jpeg","width":750,"height":400,"caption":"Br\u00e9viaire amoureux de l'\u00eele de Djerba"},{"@type":"BreadcrumbList","@id":"https:\/\/www.webdo.tn\/fr\/actualite\/chroniques\/breviaire-amoureux-de-l-ile-de-djerba\/208763\/#breadcrumb","itemListElement":[{"@type":"ListItem","position":1,"name":"Accueil","item":"https:\/\/www.webdo.tn\/fr\/"},{"@type":"ListItem","position":2,"name":"Br\u00e9viaire amoureux de l&#8217;\u00eele de Djerba"}]},{"@type":"WebSite","@id":"https:\/\/www.webdo.tn\/fr\/#website","url":"https:\/\/www.webdo.tn\/fr\/","name":"webdo","description":"Tunisie - News en Tunisie et \u00e0 l&#039;international sur Webdo.tn","publisher":{"@id":"https:\/\/www.webdo.tn\/fr\/#organization"},"potentialAction":[{"@type":"SearchAction","target":{"@type":"EntryPoint","urlTemplate":"https:\/\/www.webdo.tn\/fr\/?s={search_term_string}"},"query-input":{"@type":"PropertyValueSpecification","valueRequired":true,"valueName":"search_term_string"}}],"inLanguage":"fr-FR"},{"@type":"Organization","@id":"https:\/\/www.webdo.tn\/fr\/#organization","name":"Webdo","alternateName":"Webdo.tn","url":"https:\/\/www.webdo.tn\/fr\/","logo":{"@type":"ImageObject","inLanguage":"fr-FR","@id":"https:\/\/www.webdo.tn\/fr\/#\/schema\/logo\/image\/","url":"https:\/\/www.webdo.tn\/fr\/wp-content\/uploads\/2025\/06\/Webdo-Tunisie_168377.jpg","contentUrl":"https:\/\/www.webdo.tn\/fr\/wp-content\/uploads\/2025\/06\/Webdo-Tunisie_168377.jpg","width":301,"height":301,"caption":"Webdo"},"image":{"@id":"https:\/\/www.webdo.tn\/fr\/#\/schema\/logo\/image\/"},"sameAs":["https:\/\/www.facebook.com\/webdotn","https:\/\/x.com\/webdo_tn"],"description":"Webdo est un m\u00e9dia num\u00e9rique tunisien fond\u00e9 en 2010, sp\u00e9cialis\u00e9 dans l\u2019actualit\u00e9 nationale et internationale, l\u2019\u00e9conomie, la soci\u00e9t\u00e9 et les analyses politiques. Le site s\u2019adresse \u00e0 un large public francophone et couvre l\u2019information tunisienne en temps r\u00e9el.","email":"redac@webdo.tn","legalName":"YNJ SARL","foundingDate":"2010-09-06","numberOfEmployees":{"@type":"QuantitativeValue","minValue":"11","maxValue":"50"}},{"@type":"Person","@id":"https:\/\/www.webdo.tn\/fr\/#\/schema\/person\/6bc0beba2cd23aec27cb5df85ca2554f","name":"Hatem Bourial","image":{"@type":"ImageObject","inLanguage":"fr-FR","@id":"https:\/\/www.webdo.tn\/fr\/wp-content\/uploads\/2026\/04\/hatem-bourial_avatar-96x96.jpg","url":"https:\/\/www.webdo.tn\/fr\/wp-content\/uploads\/2026\/04\/hatem-bourial_avatar-96x96.jpg","contentUrl":"https:\/\/www.webdo.tn\/fr\/wp-content\/uploads\/2026\/04\/hatem-bourial_avatar-96x96.jpg","caption":"Hatem Bourial"},"description":"Hatem Bourial est journaliste, \u00e9crivain et chroniqueur tunisien. Actif depuis plusieurs d\u00e9cennies, il s\u2019est impos\u00e9 comme un observateur attentif de la soci\u00e9t\u00e9 tunisienne, m\u00ealant dans ses \u00e9crits m\u00e9moire, culture et analyse du quotidien. Auteur de nombreux ouvrages, il d\u00e9veloppe une \u0153uvre \u00e0 la crois\u00e9e du r\u00e9cit, de la po\u00e9sie et de l\u2019observation sociologique. Parall\u00e8lement \u00e0 ses contributions dans la presse, il intervient r\u00e9guli\u00e8rement \u00e0 la radio et dans des espaces culturels, o\u00f9 il explore les enjeux li\u00e9s au patrimoine, \u00e0 l\u2019identit\u00e9 et aux transformations du monde contemporain. \u00c0 travers ses chroniques, Hatem Bourial propose une lecture sensible et approfondie de l\u2019actualit\u00e9, nourrie par une exp\u00e9rience journalistique et litt\u00e9raire reconnue. \ud83d\udd17 Facebook : https:\/\/www.facebook.com\/hatem.bourial.2025","sameAs":["https:\/\/www.facebook.com\/hatem.bourial.2025","https:\/\/fr.wikipedia.org\/wiki\/Fichier:Hatem_Bourial.jpg"],"knowsAbout":["Culture & patrimoine tunisien","Chronique soci\u00e9tale","Litt\u00e9rature & m\u00e9moire","Cin\u00e9ma & critique culturelle","Identit\u00e9 & mutations sociales"],"knowsLanguage":["Arabe","Fran\u00e7ais","Anglais","Italien","Polonais"],"jobTitle":"Journaliste, \u00e9crivain et chroniqueur culturel","worksFor":"Webdo","url":"https:\/\/www.webdo.tn\/fr\/actualite\/author\/hatem-bourial-2\/"}]}},"_links":{"self":[{"href":"https:\/\/www.webdo.tn\/fr\/wp-json\/wp\/v2\/posts\/208763","targetHints":{"allow":["GET"]}}],"collection":[{"href":"https:\/\/www.webdo.tn\/fr\/wp-json\/wp\/v2\/posts"}],"about":[{"href":"https:\/\/www.webdo.tn\/fr\/wp-json\/wp\/v2\/types\/post"}],"author":[{"embeddable":true,"href":"https:\/\/www.webdo.tn\/fr\/wp-json\/wp\/v2\/users\/3229"}],"replies":[{"embeddable":true,"href":"https:\/\/www.webdo.tn\/fr\/wp-json\/wp\/v2\/comments?post=208763"}],"version-history":[{"count":0,"href":"https:\/\/www.webdo.tn\/fr\/wp-json\/wp\/v2\/posts\/208763\/revisions"}],"wp:featuredmedia":[{"embeddable":true,"href":"https:\/\/www.webdo.tn\/fr\/wp-json\/wp\/v2\/media\/289623"}],"wp:attachment":[{"href":"https:\/\/www.webdo.tn\/fr\/wp-json\/wp\/v2\/media?parent=208763"}],"wp:term":[{"taxonomy":"category","embeddable":true,"href":"https:\/\/www.webdo.tn\/fr\/wp-json\/wp\/v2\/categories?post=208763"},{"taxonomy":"post_tag","embeddable":true,"href":"https:\/\/www.webdo.tn\/fr\/wp-json\/wp\/v2\/tags?post=208763"}],"curies":[{"name":"wp","href":"https:\/\/api.w.org\/{rel}","templated":true}]}}