{"id":208759,"date":"2023-09-19T08:14:00","date_gmt":"2023-09-19T08:14:00","guid":{"rendered":"https:\/\/www.webdo.tn\/fr\/blog\/patrimoine-mondial-qu-est-ce-qui-va-changer-a-l-ile-de-djerba\/208759\/"},"modified":"2025-05-20T22:41:07","modified_gmt":"2025-05-20T22:41:07","slug":"patrimoine-mondial-qu-est-ce-qui-va-changer-a-l-ile-de-djerba","status":"publish","type":"post","link":"https:\/\/www.webdo.tn\/fr\/actualite\/culture\/patrimoine-mondial-qu-est-ce-qui-va-changer-a-l-ile-de-djerba\/208759\/","title":{"rendered":"Patrimoine mondial : Qu\u2019est-ce qui va changer \u00e0 l\u2019\u00eele de Djerba ?"},"content":{"rendered":"<p>L\u2019\u00eele de Dejrba a \u00e9t\u00e9 enfin inscrite sur la liste du patrimoine mondial de l\u2019UNESCO. Une bonne nouvelle pour la Tunisie qui voit un autre site rejoindre ce patrimoine mondial. Mais d\u00e9sormais, qu\u2019est ce qui va changer ? et comment va b\u00e9n\u00e9ficier Djerba de cette d\u00e9cision ?<\/p>\n<p>\t\t\t\t\t\t\t\t\tLorsqu\u2019un pays signe la Convention du patrimoine mondial et voit certains de ses biens inscrits sur la Liste du patrimoine mondial, il en r\u00e9sulte un prestige suppl\u00e9mentaire qui aide souvent les citoyens et les gouvernements \u00e0 prendre conscience de l\u2019importance de la pr\u00e9servation de ce patrimoine.\u00a0<\/p>\n<p>Une meilleure prise de conscience conduit g\u00e9n\u00e9ralement \u00e0 une augmentation du niveau de protection et de conservation des biens en question.\u00a0<\/p>\n<p>Le pays peut \u00e9galement recevoir une assistance financi\u00e8re et technique de la part du Comit\u00e9 du patrimoine mondial afin de soutenir les activit\u00e9s de pr\u00e9servation.<\/p>\n<p>L\u2019ancien directeur g\u00e9n\u00e9ral de l&rsquo;Institut national du Patrimoine, Faouzi Mahfoudh donne plus de pr\u00e9cisions. Il pr\u00e9cise qu\u2019une reconnaissance mondiale de l\u2019exception de Djerba b\u00e9n\u00e9ficiera \u00e0 l\u2019\u00eele dans diff\u00e9rents aspects. Ce label de reconnaissance \u00e0 l\u2019\u00e9chelle mondiale contribuera \u00e0 l\u2019augmentation du nombre des touristes de 30 \u00e0 40%, a-t-il dit.\u00a0<\/p>\n<p>Et de pr\u00e9ciser que l\u2019Etat sera responsable d\u00e9sormais de la pr\u00e9servation des diff\u00e9rents aspects li\u00e9 \u00e0 l\u2019urbanisme et l\u2019architecture uniques de l\u2019\u00eele. De ce fait, les travaux de r\u00e9novation des maisons, des mosqu\u00e9es et des diff\u00e9rentes composantes du paysage urbain seront soumis \u00e0 des crit\u00e8res bien pr\u00e9cis.<\/p>\n<p>Il a \u00e9galement affirm\u00e9 que la communaut\u00e9 internationale sera redevable envers la protection de ces sites et doit mettre \u00e0 la disposition de la Tunisie une assistance technique et financi\u00e8re.<\/p>\n","protected":false},"excerpt":{"rendered":"<p>L\u2019\u00eele de Dejrba a \u00e9t\u00e9 enfin inscrite sur la liste du patrimoine mondial de l\u2019UNESCO. Une bonne nouvelle pour la Tunisie qui voit un autre site rejoindre ce patr&#8230;<\/p>\n","protected":false},"author":3175,"featured_media":249293,"comment_status":"open","ping_status":"closed","sticky":false,"template":"","format":"standard","meta":{"footnotes":""},"categories":[2594],"tags":[3696,7895,2608],"class_list":["post-208759","post","type-post","status-publish","format-standard","has-post-thumbnail","hentry","category-culture","tag-djerba","tag-patrimoine-mondial","tag-tunisie"],"yoast_head":"<!-- This site is optimized with the Yoast SEO Premium plugin v27.5 (Yoast SEO v27.5) - https:\/\/yoast.com\/product\/yoast-seo-premium-wordpress\/ -->\n<title>Patrimoine mondial : Qu\u2019est-ce qui va changer \u00e0 l\u2019\u00eele de Djerba ?<\/title>\n<meta name=\"description\" content=\"L\u2019\u00eele de Dejrba a \u00e9t\u00e9 enfin inscrite sur la liste du patrimoine mondial de l\u2019UNESCO. Une bonne nouvelle pour la Tunisie qui voit un autre site rejoindre ce patr...\" \/>\n<link rel=\"canonical\" href=\"https:\/\/www.webdo.tn\/fr\/actualite\/culture\/patrimoine-mondial-qu-est-ce-qui-va-changer-a-l-ile-de-djerba\/208759\/\" \/>\n<meta property=\"og:locale\" content=\"fr_FR\" \/>\n<meta property=\"og:type\" content=\"article\" \/>\n<meta property=\"og:title\" content=\"Patrimoine mondial : Qu\u2019est-ce qui va changer \u00e0 l\u2019\u00eele de Djerba ?\" \/>\n<meta property=\"og:description\" content=\"L\u2019\u00eele de Dejrba a \u00e9t\u00e9 enfin inscrite sur la liste du patrimoine mondial de l\u2019UNESCO. Une bonne nouvelle pour la Tunisie qui voit un autre site rejoindre ce patr...\" \/>\n<meta property=\"og:url\" content=\"https:\/\/www.webdo.tn\/fr\/actualite\/culture\/patrimoine-mondial-qu-est-ce-qui-va-changer-a-l-ile-de-djerba\/208759\/\" \/>\n<meta property=\"og:site_name\" content=\"webdo\" \/>\n<meta property=\"article:publisher\" content=\"https:\/\/www.facebook.com\/webdotn\" \/>\n<meta property=\"article:published_time\" content=\"2023-09-19T08:14:00+00:00\" \/>\n<meta property=\"article:modified_time\" content=\"2025-05-20T22:41:07+00:00\" \/>\n<meta property=\"og:image\" content=\"https:\/\/www.webdo.tn\/fr\/wp-content\/uploads\/2023\/09\/94aa2c52055651867fc914ac7422e932.jpg\" \/>\n\t<meta property=\"og:image:width\" content=\"750\" \/>\n\t<meta property=\"og:image:height\" content=\"400\" \/>\n\t<meta property=\"og:image:type\" content=\"image\/jpeg\" \/>\n<meta name=\"author\" content=\"CL\" \/>\n<meta name=\"twitter:card\" content=\"summary_large_image\" \/>\n<meta name=\"twitter:creator\" content=\"@webdo_tn\" \/>\n<meta name=\"twitter:site\" content=\"@webdo_tn\" \/>\n<meta name=\"twitter:label1\" content=\"\u00c9crit par\" \/>\n\t<meta name=\"twitter:data1\" content=\"CL\" \/>\n\t<meta name=\"twitter:label2\" content=\"Dur\u00e9e de lecture estim\u00e9e\" \/>\n\t<meta name=\"twitter:data2\" content=\"1 minute\" \/>\n<script type=\"application\/ld+json\" class=\"yoast-schema-graph\">{\"@context\":\"https:\\\/\\\/schema.org\",\"@graph\":[{\"@type\":\"NewsArticle\",\"@id\":\"https:\\\/\\\/www.webdo.tn\\\/fr\\\/actualite\\\/culture\\\/patrimoine-mondial-qu-est-ce-qui-va-changer-a-l-ile-de-djerba\\\/208759\\\/#article\",\"isPartOf\":{\"@id\":\"https:\\\/\\\/www.webdo.tn\\\/fr\\\/actualite\\\/culture\\\/patrimoine-mondial-qu-est-ce-qui-va-changer-a-l-ile-de-djerba\\\/208759\\\/\"},\"author\":{\"name\":\"CL\",\"@id\":\"https:\\\/\\\/www.webdo.tn\\\/fr\\\/#\\\/schema\\\/person\\\/f35b42a42c5e2511bbd282959d6385cc\"},\"headline\":\"Patrimoine mondial : Qu\u2019est-ce qui va changer \u00e0 l\u2019\u00eele de Djerba ?\",\"datePublished\":\"2023-09-19T08:14:00+00:00\",\"dateModified\":\"2025-05-20T22:41:07+00:00\",\"mainEntityOfPage\":{\"@id\":\"https:\\\/\\\/www.webdo.tn\\\/fr\\\/actualite\\\/culture\\\/patrimoine-mondial-qu-est-ce-qui-va-changer-a-l-ile-de-djerba\\\/208759\\\/\"},\"wordCount\":308,\"commentCount\":0,\"publisher\":{\"@id\":\"https:\\\/\\\/www.webdo.tn\\\/fr\\\/#organization\"},\"image\":{\"@id\":\"https:\\\/\\\/www.webdo.tn\\\/fr\\\/actualite\\\/culture\\\/patrimoine-mondial-qu-est-ce-qui-va-changer-a-l-ile-de-djerba\\\/208759\\\/#primaryimage\"},\"thumbnailUrl\":\"https:\\\/\\\/www.webdo.tn\\\/fr\\\/wp-content\\\/uploads\\\/2023\\\/09\\\/94aa2c52055651867fc914ac7422e932.jpg\",\"keywords\":[\"djerba\",\"Patrimoine mondial\",\"Tunisie\"],\"articleSection\":[\"Culture\"],\"inLanguage\":\"fr-FR\"},{\"@type\":\"WebPage\",\"@id\":\"https:\\\/\\\/www.webdo.tn\\\/fr\\\/actualite\\\/culture\\\/patrimoine-mondial-qu-est-ce-qui-va-changer-a-l-ile-de-djerba\\\/208759\\\/\",\"url\":\"https:\\\/\\\/www.webdo.tn\\\/fr\\\/actualite\\\/culture\\\/patrimoine-mondial-qu-est-ce-qui-va-changer-a-l-ile-de-djerba\\\/208759\\\/\",\"name\":\"Patrimoine mondial : Qu\u2019est-ce qui va changer \u00e0 l\u2019\u00eele de Djerba ?\",\"isPartOf\":{\"@id\":\"https:\\\/\\\/www.webdo.tn\\\/fr\\\/#website\"},\"primaryImageOfPage\":{\"@id\":\"https:\\\/\\\/www.webdo.tn\\\/fr\\\/actualite\\\/culture\\\/patrimoine-mondial-qu-est-ce-qui-va-changer-a-l-ile-de-djerba\\\/208759\\\/#primaryimage\"},\"image\":{\"@id\":\"https:\\\/\\\/www.webdo.tn\\\/fr\\\/actualite\\\/culture\\\/patrimoine-mondial-qu-est-ce-qui-va-changer-a-l-ile-de-djerba\\\/208759\\\/#primaryimage\"},\"thumbnailUrl\":\"https:\\\/\\\/www.webdo.tn\\\/fr\\\/wp-content\\\/uploads\\\/2023\\\/09\\\/94aa2c52055651867fc914ac7422e932.jpg\",\"datePublished\":\"2023-09-19T08:14:00+00:00\",\"dateModified\":\"2025-05-20T22:41:07+00:00\",\"description\":\"L\u2019\u00eele de Dejrba a \u00e9t\u00e9 enfin inscrite sur la liste du patrimoine mondial de l\u2019UNESCO. Une bonne nouvelle pour la Tunisie qui voit un autre site rejoindre ce patr...\",\"breadcrumb\":{\"@id\":\"https:\\\/\\\/www.webdo.tn\\\/fr\\\/actualite\\\/culture\\\/patrimoine-mondial-qu-est-ce-qui-va-changer-a-l-ile-de-djerba\\\/208759\\\/#breadcrumb\"},\"inLanguage\":\"fr-FR\",\"potentialAction\":[{\"@type\":\"ReadAction\",\"target\":[\"https:\\\/\\\/www.webdo.tn\\\/fr\\\/actualite\\\/culture\\\/patrimoine-mondial-qu-est-ce-qui-va-changer-a-l-ile-de-djerba\\\/208759\\\/\"]}]},{\"@type\":\"ImageObject\",\"inLanguage\":\"fr-FR\",\"@id\":\"https:\\\/\\\/www.webdo.tn\\\/fr\\\/actualite\\\/culture\\\/patrimoine-mondial-qu-est-ce-qui-va-changer-a-l-ile-de-djerba\\\/208759\\\/#primaryimage\",\"url\":\"https:\\\/\\\/www.webdo.tn\\\/fr\\\/wp-content\\\/uploads\\\/2023\\\/09\\\/94aa2c52055651867fc914ac7422e932.jpg\",\"contentUrl\":\"https:\\\/\\\/www.webdo.tn\\\/fr\\\/wp-content\\\/uploads\\\/2023\\\/09\\\/94aa2c52055651867fc914ac7422e932.jpg\",\"width\":750,\"height\":400,\"caption\":\"Patrimoine mondial : Qu\u2019est-ce qui va changer \u00e0 l\u2019\u00eele de Djerba ?\"},{\"@type\":\"BreadcrumbList\",\"@id\":\"https:\\\/\\\/www.webdo.tn\\\/fr\\\/actualite\\\/culture\\\/patrimoine-mondial-qu-est-ce-qui-va-changer-a-l-ile-de-djerba\\\/208759\\\/#breadcrumb\",\"itemListElement\":[{\"@type\":\"ListItem\",\"position\":1,\"name\":\"Accueil\",\"item\":\"https:\\\/\\\/www.webdo.tn\\\/fr\\\/\"},{\"@type\":\"ListItem\",\"position\":2,\"name\":\"Patrimoine mondial : Qu\u2019est-ce qui va changer \u00e0 l\u2019\u00eele de Djerba ?\"}]},{\"@type\":\"WebSite\",\"@id\":\"https:\\\/\\\/www.webdo.tn\\\/fr\\\/#website\",\"url\":\"https:\\\/\\\/www.webdo.tn\\\/fr\\\/\",\"name\":\"webdo\",\"description\":\"Tunisie - News en Tunisie et \u00e0 l&#039;international sur Webdo.tn\",\"publisher\":{\"@id\":\"https:\\\/\\\/www.webdo.tn\\\/fr\\\/#organization\"},\"potentialAction\":[{\"@type\":\"SearchAction\",\"target\":{\"@type\":\"EntryPoint\",\"urlTemplate\":\"https:\\\/\\\/www.webdo.tn\\\/fr\\\/?s={search_term_string}\"},\"query-input\":{\"@type\":\"PropertyValueSpecification\",\"valueRequired\":true,\"valueName\":\"search_term_string\"}}],\"inLanguage\":\"fr-FR\"},{\"@type\":\"Organization\",\"@id\":\"https:\\\/\\\/www.webdo.tn\\\/fr\\\/#organization\",\"name\":\"Webdo\",\"alternateName\":\"Webdo.tn\",\"url\":\"https:\\\/\\\/www.webdo.tn\\\/fr\\\/\",\"logo\":{\"@type\":\"ImageObject\",\"inLanguage\":\"fr-FR\",\"@id\":\"https:\\\/\\\/www.webdo.tn\\\/fr\\\/#\\\/schema\\\/logo\\\/image\\\/\",\"url\":\"https:\\\/\\\/www.webdo.tn\\\/fr\\\/wp-content\\\/uploads\\\/2025\\\/06\\\/Webdo-Tunisie_168377.jpg\",\"contentUrl\":\"https:\\\/\\\/www.webdo.tn\\\/fr\\\/wp-content\\\/uploads\\\/2025\\\/06\\\/Webdo-Tunisie_168377.jpg\",\"width\":301,\"height\":301,\"caption\":\"Webdo\"},\"image\":{\"@id\":\"https:\\\/\\\/www.webdo.tn\\\/fr\\\/#\\\/schema\\\/logo\\\/image\\\/\"},\"sameAs\":[\"https:\\\/\\\/www.facebook.com\\\/webdotn\",\"https:\\\/\\\/x.com\\\/webdo_tn\"],\"description\":\"Webdo est un m\u00e9dia num\u00e9rique tunisien fond\u00e9 en 2010, sp\u00e9cialis\u00e9 dans l\u2019actualit\u00e9 nationale et internationale, l\u2019\u00e9conomie, la soci\u00e9t\u00e9 et les analyses politiques. Le site s\u2019adresse \u00e0 un large public francophone et couvre l\u2019information tunisienne en temps r\u00e9el.\",\"email\":\"redac@webdo.tn\",\"legalName\":\"YNJ SARL\",\"foundingDate\":\"2010-09-06\",\"numberOfEmployees\":{\"@type\":\"QuantitativeValue\",\"minValue\":\"11\",\"maxValue\":\"50\"}},{\"@type\":\"Person\",\"@id\":\"https:\\\/\\\/www.webdo.tn\\\/fr\\\/#\\\/schema\\\/person\\\/f35b42a42c5e2511bbd282959d6385cc\",\"name\":\"CL\",\"image\":{\"@type\":\"ImageObject\",\"inLanguage\":\"fr-FR\",\"@id\":\"https:\\\/\\\/secure.gravatar.com\\\/avatar\\\/1447a49909b67aa657c488aec6512e1dd6143a480c1ecfee9b5b5cd74eb3b59e?s=96&d=mm&r=g\",\"url\":\"https:\\\/\\\/secure.gravatar.com\\\/avatar\\\/1447a49909b67aa657c488aec6512e1dd6143a480c1ecfee9b5b5cd74eb3b59e?s=96&d=mm&r=g\",\"contentUrl\":\"https:\\\/\\\/secure.gravatar.com\\\/avatar\\\/1447a49909b67aa657c488aec6512e1dd6143a480c1ecfee9b5b5cd74eb3b59e?s=96&d=mm&r=g\",\"caption\":\"CL\"},\"url\":\"https:\\\/\\\/www.webdo.tn\\\/fr\\\/actualite\\\/author\\\/cl\\\/\"}]}<\/script>\n<!-- \/ Yoast SEO Premium plugin. -->","yoast_head_json":{"title":"Patrimoine mondial : Qu\u2019est-ce qui va changer \u00e0 l\u2019\u00eele de Djerba ?","description":"L\u2019\u00eele de Dejrba a \u00e9t\u00e9 enfin inscrite sur la liste du patrimoine mondial de l\u2019UNESCO. Une bonne nouvelle pour la Tunisie qui voit un autre site rejoindre ce patr...","canonical":"https:\/\/www.webdo.tn\/fr\/actualite\/culture\/patrimoine-mondial-qu-est-ce-qui-va-changer-a-l-ile-de-djerba\/208759\/","og_locale":"fr_FR","og_type":"article","og_title":"Patrimoine mondial : Qu\u2019est-ce qui va changer \u00e0 l\u2019\u00eele de Djerba ?","og_description":"L\u2019\u00eele de Dejrba a \u00e9t\u00e9 enfin inscrite sur la liste du patrimoine mondial de l\u2019UNESCO. Une bonne nouvelle pour la Tunisie qui voit un autre site rejoindre ce patr...","og_url":"https:\/\/www.webdo.tn\/fr\/actualite\/culture\/patrimoine-mondial-qu-est-ce-qui-va-changer-a-l-ile-de-djerba\/208759\/","og_site_name":"webdo","article_publisher":"https:\/\/www.facebook.com\/webdotn","article_published_time":"2023-09-19T08:14:00+00:00","article_modified_time":"2025-05-20T22:41:07+00:00","og_image":[{"width":750,"height":400,"url":"https:\/\/www.webdo.tn\/fr\/wp-content\/uploads\/2023\/09\/94aa2c52055651867fc914ac7422e932.jpg","type":"image\/jpeg"}],"author":"CL","twitter_card":"summary_large_image","twitter_creator":"@webdo_tn","twitter_site":"@webdo_tn","twitter_misc":{"\u00c9crit par":"CL","Dur\u00e9e de lecture estim\u00e9e":"1 minute"},"schema":{"@context":"https:\/\/schema.org","@graph":[{"@type":"NewsArticle","@id":"https:\/\/www.webdo.tn\/fr\/actualite\/culture\/patrimoine-mondial-qu-est-ce-qui-va-changer-a-l-ile-de-djerba\/208759\/#article","isPartOf":{"@id":"https:\/\/www.webdo.tn\/fr\/actualite\/culture\/patrimoine-mondial-qu-est-ce-qui-va-changer-a-l-ile-de-djerba\/208759\/"},"author":{"name":"CL","@id":"https:\/\/www.webdo.tn\/fr\/#\/schema\/person\/f35b42a42c5e2511bbd282959d6385cc"},"headline":"Patrimoine mondial : Qu\u2019est-ce qui va changer \u00e0 l\u2019\u00eele de Djerba ?","datePublished":"2023-09-19T08:14:00+00:00","dateModified":"2025-05-20T22:41:07+00:00","mainEntityOfPage":{"@id":"https:\/\/www.webdo.tn\/fr\/actualite\/culture\/patrimoine-mondial-qu-est-ce-qui-va-changer-a-l-ile-de-djerba\/208759\/"},"wordCount":308,"commentCount":0,"publisher":{"@id":"https:\/\/www.webdo.tn\/fr\/#organization"},"image":{"@id":"https:\/\/www.webdo.tn\/fr\/actualite\/culture\/patrimoine-mondial-qu-est-ce-qui-va-changer-a-l-ile-de-djerba\/208759\/#primaryimage"},"thumbnailUrl":"https:\/\/www.webdo.tn\/fr\/wp-content\/uploads\/2023\/09\/94aa2c52055651867fc914ac7422e932.jpg","keywords":["djerba","Patrimoine mondial","Tunisie"],"articleSection":["Culture"],"inLanguage":"fr-FR"},{"@type":"WebPage","@id":"https:\/\/www.webdo.tn\/fr\/actualite\/culture\/patrimoine-mondial-qu-est-ce-qui-va-changer-a-l-ile-de-djerba\/208759\/","url":"https:\/\/www.webdo.tn\/fr\/actualite\/culture\/patrimoine-mondial-qu-est-ce-qui-va-changer-a-l-ile-de-djerba\/208759\/","name":"Patrimoine mondial : Qu\u2019est-ce qui va changer \u00e0 l\u2019\u00eele de Djerba ?","isPartOf":{"@id":"https:\/\/www.webdo.tn\/fr\/#website"},"primaryImageOfPage":{"@id":"https:\/\/www.webdo.tn\/fr\/actualite\/culture\/patrimoine-mondial-qu-est-ce-qui-va-changer-a-l-ile-de-djerba\/208759\/#primaryimage"},"image":{"@id":"https:\/\/www.webdo.tn\/fr\/actualite\/culture\/patrimoine-mondial-qu-est-ce-qui-va-changer-a-l-ile-de-djerba\/208759\/#primaryimage"},"thumbnailUrl":"https:\/\/www.webdo.tn\/fr\/wp-content\/uploads\/2023\/09\/94aa2c52055651867fc914ac7422e932.jpg","datePublished":"2023-09-19T08:14:00+00:00","dateModified":"2025-05-20T22:41:07+00:00","description":"L\u2019\u00eele de Dejrba a \u00e9t\u00e9 enfin inscrite sur la liste du patrimoine mondial de l\u2019UNESCO. Une bonne nouvelle pour la Tunisie qui voit un autre site rejoindre ce patr...","breadcrumb":{"@id":"https:\/\/www.webdo.tn\/fr\/actualite\/culture\/patrimoine-mondial-qu-est-ce-qui-va-changer-a-l-ile-de-djerba\/208759\/#breadcrumb"},"inLanguage":"fr-FR","potentialAction":[{"@type":"ReadAction","target":["https:\/\/www.webdo.tn\/fr\/actualite\/culture\/patrimoine-mondial-qu-est-ce-qui-va-changer-a-l-ile-de-djerba\/208759\/"]}]},{"@type":"ImageObject","inLanguage":"fr-FR","@id":"https:\/\/www.webdo.tn\/fr\/actualite\/culture\/patrimoine-mondial-qu-est-ce-qui-va-changer-a-l-ile-de-djerba\/208759\/#primaryimage","url":"https:\/\/www.webdo.tn\/fr\/wp-content\/uploads\/2023\/09\/94aa2c52055651867fc914ac7422e932.jpg","contentUrl":"https:\/\/www.webdo.tn\/fr\/wp-content\/uploads\/2023\/09\/94aa2c52055651867fc914ac7422e932.jpg","width":750,"height":400,"caption":"Patrimoine mondial : Qu\u2019est-ce qui va changer \u00e0 l\u2019\u00eele de Djerba ?"},{"@type":"BreadcrumbList","@id":"https:\/\/www.webdo.tn\/fr\/actualite\/culture\/patrimoine-mondial-qu-est-ce-qui-va-changer-a-l-ile-de-djerba\/208759\/#breadcrumb","itemListElement":[{"@type":"ListItem","position":1,"name":"Accueil","item":"https:\/\/www.webdo.tn\/fr\/"},{"@type":"ListItem","position":2,"name":"Patrimoine mondial : Qu\u2019est-ce qui va changer \u00e0 l\u2019\u00eele de Djerba ?"}]},{"@type":"WebSite","@id":"https:\/\/www.webdo.tn\/fr\/#website","url":"https:\/\/www.webdo.tn\/fr\/","name":"webdo","description":"Tunisie - News en Tunisie et \u00e0 l&#039;international sur Webdo.tn","publisher":{"@id":"https:\/\/www.webdo.tn\/fr\/#organization"},"potentialAction":[{"@type":"SearchAction","target":{"@type":"EntryPoint","urlTemplate":"https:\/\/www.webdo.tn\/fr\/?s={search_term_string}"},"query-input":{"@type":"PropertyValueSpecification","valueRequired":true,"valueName":"search_term_string"}}],"inLanguage":"fr-FR"},{"@type":"Organization","@id":"https:\/\/www.webdo.tn\/fr\/#organization","name":"Webdo","alternateName":"Webdo.tn","url":"https:\/\/www.webdo.tn\/fr\/","logo":{"@type":"ImageObject","inLanguage":"fr-FR","@id":"https:\/\/www.webdo.tn\/fr\/#\/schema\/logo\/image\/","url":"https:\/\/www.webdo.tn\/fr\/wp-content\/uploads\/2025\/06\/Webdo-Tunisie_168377.jpg","contentUrl":"https:\/\/www.webdo.tn\/fr\/wp-content\/uploads\/2025\/06\/Webdo-Tunisie_168377.jpg","width":301,"height":301,"caption":"Webdo"},"image":{"@id":"https:\/\/www.webdo.tn\/fr\/#\/schema\/logo\/image\/"},"sameAs":["https:\/\/www.facebook.com\/webdotn","https:\/\/x.com\/webdo_tn"],"description":"Webdo est un m\u00e9dia num\u00e9rique tunisien fond\u00e9 en 2010, sp\u00e9cialis\u00e9 dans l\u2019actualit\u00e9 nationale et internationale, l\u2019\u00e9conomie, la soci\u00e9t\u00e9 et les analyses politiques. Le site s\u2019adresse \u00e0 un large public francophone et couvre l\u2019information tunisienne en temps r\u00e9el.","email":"redac@webdo.tn","legalName":"YNJ SARL","foundingDate":"2010-09-06","numberOfEmployees":{"@type":"QuantitativeValue","minValue":"11","maxValue":"50"}},{"@type":"Person","@id":"https:\/\/www.webdo.tn\/fr\/#\/schema\/person\/f35b42a42c5e2511bbd282959d6385cc","name":"CL","image":{"@type":"ImageObject","inLanguage":"fr-FR","@id":"https:\/\/secure.gravatar.com\/avatar\/1447a49909b67aa657c488aec6512e1dd6143a480c1ecfee9b5b5cd74eb3b59e?s=96&d=mm&r=g","url":"https:\/\/secure.gravatar.com\/avatar\/1447a49909b67aa657c488aec6512e1dd6143a480c1ecfee9b5b5cd74eb3b59e?s=96&d=mm&r=g","contentUrl":"https:\/\/secure.gravatar.com\/avatar\/1447a49909b67aa657c488aec6512e1dd6143a480c1ecfee9b5b5cd74eb3b59e?s=96&d=mm&r=g","caption":"CL"},"url":"https:\/\/www.webdo.tn\/fr\/actualite\/author\/cl\/"}]}},"_links":{"self":[{"href":"https:\/\/www.webdo.tn\/fr\/wp-json\/wp\/v2\/posts\/208759","targetHints":{"allow":["GET"]}}],"collection":[{"href":"https:\/\/www.webdo.tn\/fr\/wp-json\/wp\/v2\/posts"}],"about":[{"href":"https:\/\/www.webdo.tn\/fr\/wp-json\/wp\/v2\/types\/post"}],"author":[{"embeddable":true,"href":"https:\/\/www.webdo.tn\/fr\/wp-json\/wp\/v2\/users\/3175"}],"replies":[{"embeddable":true,"href":"https:\/\/www.webdo.tn\/fr\/wp-json\/wp\/v2\/comments?post=208759"}],"version-history":[{"count":0,"href":"https:\/\/www.webdo.tn\/fr\/wp-json\/wp\/v2\/posts\/208759\/revisions"}],"wp:featuredmedia":[{"embeddable":true,"href":"https:\/\/www.webdo.tn\/fr\/wp-json\/wp\/v2\/media\/249293"}],"wp:attachment":[{"href":"https:\/\/www.webdo.tn\/fr\/wp-json\/wp\/v2\/media?parent=208759"}],"wp:term":[{"taxonomy":"category","embeddable":true,"href":"https:\/\/www.webdo.tn\/fr\/wp-json\/wp\/v2\/categories?post=208759"},{"taxonomy":"post_tag","embeddable":true,"href":"https:\/\/www.webdo.tn\/fr\/wp-json\/wp\/v2\/tags?post=208759"}],"curies":[{"name":"wp","href":"https:\/\/api.w.org\/{rel}","templated":true}]}}