{"id":208755,"date":"2023-09-18T20:53:00","date_gmt":"2023-09-18T20:53:00","guid":{"rendered":"https:\/\/www.webdo.tn\/fr\/blog\/el-gouna-2023-tous-les-details-et-les-nouveautes-de-la-6eme-edition\/208755\/"},"modified":"2025-05-21T08:56:28","modified_gmt":"2025-05-21T08:56:28","slug":"el-gouna-2023-tous-les-details-et-les-nouveautes-de-la-6eme-edition","status":"publish","type":"post","link":"https:\/\/www.webdo.tn\/fr\/actualite\/culture\/el-gouna-2023-tous-les-details-et-les-nouveautes-de-la-6eme-edition\/208755\/","title":{"rendered":"El Gouna 2023  &#8211; Tous les d\u00e9tails et les nouveaut\u00e9s de la 6\u00e8me \u00e9dition"},"content":{"rendered":"<div class=\"single-body entry-content typography-copy\" itemprop=\"articleBody\">\n<p style=\"font-weight: bold; text-align: justify\">\n\t\t\t\t\t\t\t\t\tC\u2019est lors d&rsquo;une conf\u00e9rence de presse tenue ce matin au Caire, que le Festival du Film d&rsquo;El Gouna (GFF) a d\u00e9voil\u00e9 les d\u00e9tails de sa tr\u00e8s attendue 6\u00e8me \u00e9dition, qui se d\u00e9roulera du 13 au 20 octobre 2023.\n\t\t\t\t\t\t\t\t<\/p>\n<div class=\"coprs\" style=\"text-align: center\"><\/div>\n<div class=\"coprs\" style=\"text-align: justify\">\n<p><span><span><span><a href=\"mailto:https:\/\/www.webdo.tn\/fr\/actualite\/culture\/le-festival-du-film-d-el-gouna-est-de-retour\/203222\">Apr\u00e8s une pause d\u2019une ann\u00e9e, le festival est de retour sur la sc\u00e8ne des festivals et s&rsquo;est pr\u00e9par\u00e9 avec enthousiasme pour cette \u00e9dition sp\u00e9ciale<\/a>. La conf\u00e9rence de presse a \u00e9t\u00e9 organis\u00e9e avec le soutien du Minist\u00e8re de la Culture et du Minist\u00e8re du Tourisme et des Antiquit\u00e9s. Parmi les participants se trouvaient les fondateurs du GFF, des sponsors et des professionnels du cin\u00e9ma, dont Naguib Sawiris, fondateur visionnaire du festival, Samih Sawiris, figure cl\u00e9 d&rsquo;El Gouna, Amr Mansi, Directeur Ex\u00e9cutif et co-fondateur du festival, Intishal Al Timimi, Directeur du Festival, Marianne Khoury, Directrice Artistique du festival, Omar El Hamamsy, PDG du Groupe Orascom Development, l&rsquo;actrice Yousra, membre du Conseil Consultatif International du GFF, Mohamed Amer, PDG d&rsquo;El Gouna, et Elena Panova, Coordonnatrice R\u00e9sidente des Nations Unies en \u00c9gypte.<\/span><\/span><\/span><\/p>\n<p><span><span><span>Samih Sawiris, fondateur d&rsquo;El Gouna, a d\u00e9clar\u00e9 : \u00ab\u00a0Le retour du GFF et la d\u00e9termination \u00e0 poursuivre son chemin repr\u00e9sentent une priorit\u00e9 absolue pour moi personnellement. En raison de son objectif de procurer du bonheur au public, et aussi pour sa mission vitale qui a \u00e9t\u00e9 men\u00e9e depuis sa premi\u00e8re \u00e9dition en 2017, celle de devenir la plateforme cin\u00e9matographique la plus importante au Moyen-Orient et de mettre en avant la valeur de la ville d&rsquo;El Gouna en tant que destination touristique unique dans la r\u00e9gion.\u00a0\u00bb<\/span><\/span><\/span><\/p>\n<p><span><span><span>Naguib Sawiris, cofondateur du festival, a fait \u00e9cho \u00e0 ces sentiments : \u00ab\u00a0Ma croyance initiale en l&rsquo;importance d&rsquo;\u00e9tablir un festival du film aux normes internationales prouve sa sinc\u00e9rit\u00e9 avec la 6\u00e8me \u00e9dition \u00e0 venir du GFF, la stabilit\u00e9 de sa position ainsi que son r\u00f4le essentiel dans la vie culturelle en \u00c9gypte et le soutien qu&rsquo;il apporte renforcent sa position dans le monde arabe.\u00a0\u00bb<\/span><\/span><\/span><\/p>\n<p><span><span><span>Le directeur ex\u00e9cutif du GFF, Amr Mansi, a remerci\u00e9 dans son discours la presse et les m\u00e9dias, car ils sont un partenaire essentiel dans le succ\u00e8s du festival depuis la premi\u00e8re \u00e9dition. Il a soulign\u00e9 leur r\u00f4le dans la pr\u00e9paration de cette 6\u00e8me \u00e9dition et a ajout\u00e9 : \u00ab\u00a0Nous avons souhait\u00e9 faciliter la couverture des activit\u00e9s du festival en cr\u00e9ant le Festival Hub, qui sera le lieu des \u00e9v\u00e9nements li\u00e9s \u00e0 l&rsquo;industrie ainsi que du tapis rouge. La centralisation de toutes les activit\u00e9s de la Plateforme CineGouna \u00e0 la Plaza facilitera la couverture \u00e9quilibr\u00e9e de tous les \u00e9v\u00e9nements du festival par la presse et les m\u00e9dias.\u00a0\u00bb <\/span><\/span><\/span><\/p>\n<p>\u00a0<\/p>\n<p><img decoding=\"async\" alt=\"\" height=\"613\" src=\"\/assets\/uploads\/images\/\/Neila\/GFF%202023%20Intishal.jpeg\" width=\"919\"><\/p>\n<p><span><span><span>Prenant la parole, le directeur du festival, Intishal Al Timimi, a d\u00e9clar\u00e9 : \u00ab\u00a0L&rsquo;absence du Festival du Film d&rsquo;El Gouna du calendrier culturel 2022 a \u00e9t\u00e9 fortement ressentie par tous les int\u00e9ress\u00e9s. Cela nous a tous rendus conscients de l&rsquo;importance du festival. Nous sommes heureux de reprendre le r\u00f4le que le festival a jou\u00e9 dans le d\u00e9veloppement de l&rsquo;industrie dans la r\u00e9gion. Je tiens \u00e0 remercier les personnalit\u00e9s \u00e9minentes telles que Yousra, Youssry Nasrallah, Abdel Rahman Sissako et Atiq Rahimi, qui ont jou\u00e9 un r\u00f4le important en nourrissant le festival de leurs conseils et de leur soutien depuis ses d\u00e9buts.\u00a0\u00bb<\/span><\/span><\/span><\/p>\n<p><img decoding=\"async\" alt=\"\" height=\"1143\" src=\"\/assets\/uploads\/images\/\/Neila\/GFF%202023%20Pre%CC%81sidente%20jury.jpeg\" width=\"914\"><\/p>\n<p><span><span><span>Le directeur du festival a \u00e9galement r\u00e9v\u00e9l\u00e9 que le Jury de la Comp\u00e9tition Longs M\u00e9trages de fiction serait pr\u00e9sid\u00e9 par la r\u00e9alisatrice Jasmila \u017dbani\u0107, connue pour son c\u00e9l\u00e8bre film \u00ab\u00a0Quo Vadis, Aida ?\u00a0\u00bb, qui avait \u00e9t\u00e9 projet\u00e9 au Festival du Film de Venise en 2020, et nomm\u00e9 pour l&rsquo;Oscar et le BAFTA. En 2020, le film avait remport\u00e9 l&rsquo;\u00c9toile d&rsquo;Or d&rsquo;El Gouna Comp\u00e9tition Longs M\u00e9trages de fiction.<\/span><\/span><\/span><\/p>\n<p>\u00a0<\/p>\n<p><img decoding=\"async\" alt=\"\" height=\"613\" src=\"\/assets\/uploads\/images\/\/Neila\/GFF%202023%20Marianne.jpeg\" width=\"921\"><\/p>\n<p><span><span><span><a href=\"mailto:https:\/\/www.webdo.tn\/fr\/actualite\/culture\/gff-2023-marianne-khoury-nouvelle-directrice-artistique-du-festival-du-film-d-el-gouna\/206847\">Marianne Khoury, directrice artistique du festival<\/a>, a exprim\u00e9 sa satisfaction de faire partie de l&rsquo;\u00e9quipe du GFF et a mis en avant les d\u00e9fis rencontr\u00e9s au cours de la derni\u00e8re ann\u00e9e et leur engagement \u00e0 cr\u00e9er une \u00e9dition captivante qui se d\u00e9marque dans un domaine concurrentiel.<\/span><\/span><\/span><br \/>\n\u00a0<\/p>\n<p><span><span><span>Au cours de la conf\u00e9rence, les sp\u00e9cificit\u00e9s de la 6\u00e8me \u00e9dition ont \u00e9t\u00e9 r\u00e9v\u00e9l\u00e9es, y compris la majeure partie de la programmation des films, les \u00e9v\u00e9nements li\u00e9s \u00e0 l&rsquo;industrie et les activit\u00e9s, ainsi que les noms des professionnels de l&rsquo;industrie, des experts et des personnalit\u00e9s \u00e9minentes du cin\u00e9ma attendus pour cette \u00e9dition.<\/span><\/span><\/span><\/p>\n<p><span><span><span>Les d\u00e9tails des annonces faites ont \u00e9galement \u00e9t\u00e9 donn\u00e9s dans dossier de presse, disponible sur le site web du festival : <a href=\"mailto:https:\/\/mail.yahoo.com\/d\/folders\/1\/messages\/AFOsHT4rTsC8ZQiDqQWpOHy5sFQ?reason=invalid_crumb&amp;guce_referrer=aHR0cHM6Ly9tYWlsLnlhaG9vLmNvbS8&amp;guce_referrer_sig=AQAAAHKlqW9kk8BeCkH3p5hK76gNQf_yj2TmDgiy7T6idtLqPfJJfycYpifZjVINqxHxmx79LREOwk620K8gccyOFD7zwJhTeu?reason=invalid_crumb&amp;guce_referrer=aHR0cHM6Ly9tYWlsLnlhaG9vLmNvbS8&amp;guce_referrer_sig=AQAAAHKlqW9kk8BeCkH3p5hK76gNQf_yj2TmDgiy7T6idtLqPfJJfycYpifZjVINqxHxmx79LREOwk620K8gccyOFD7zwJhTeu\">https:\/\/elgounafilmfestival.com\/publications<\/a><\/span><\/span><\/span><\/p>\n<p><span><span><span>Le programme de cette ann\u00e9e promet d&rsquo;\u00eatre passionnant, avec (\u00e0 ce jour) <a href=\"mailto:https:\/\/www.webdo.tn\/fr\/actualite\/culture\/el-gouna-2023-14-films-en-competition-dans-longs-metrages-de-fiction\/208737\">14 films en comp\u00e9tition Longs M\u00e9trages de fiction<\/a>, 12 films en comp\u00e9tition Longs M\u00e9trages documentaires et 21 films en comp\u00e9tition Courts M\u00e9trages, ainsi que des films qui seront pr\u00e9sent\u00e9s en s\u00e9lection officielle hors comp\u00e9titions ou en projections sp\u00e9ciales. <\/span><\/span><\/span><\/p>\n<p><span><span><span>De plus, lors de la conf\u00e9rence, des d\u00e9tails ont \u00e9t\u00e9 r\u00e9v\u00e9l\u00e9s concernant les \u00e9v\u00e9nements li\u00e9s \u00e0 l&rsquo;industrie qui sont pr\u00e9vus dans le cadre de la CineGouna SpringBoard, de la CineGouna Bridge et de la CineGouna Market, les composantes essentielles de la plateforme CineGouna. <\/span><\/span><\/span><\/p>\n<p><span><span><span>La presse a \u00e9t\u00e9 inform\u00e9e que l&rsquo;appel \u00e0 projets pour la CineGouna SpringBoard cette ann\u00e9e a connu un succ\u00e8s exceptionnel, avec un total de 163 soumissions re\u00e7ues, dont 117 projets en d\u00e9veloppement et 46 en post-production, en provenance de la r\u00e9gion MENA. Apr\u00e8s une d\u00e9lib\u00e9ration rigoureuse, le comit\u00e9 a s\u00e9lectionn\u00e9 20 projets &#8211; 13 en d\u00e9veloppement et 7 en post-production &#8211; pour inclusion dans la 6\u00e8me \u00e9dition de la CineGouna Springboard. Ces s\u00e9lections ont \u00e9t\u00e9 faites en fonction de leur qualit\u00e9 exceptionnelle, de leur vision artistique et de leur viabilit\u00e9 financi\u00e8re, recueillant des \u00e9loges du comit\u00e9 pour leur m\u00e9rite exceptionnel.<\/span><\/span><\/span><\/p>\n<p><span><span><span>Des informations ont \u00e9galement \u00e9t\u00e9 partag\u00e9es sur les activit\u00e9s pr\u00e9vues \u00e0 la CineGouna Bridge, qui reste fid\u00e8le \u00e0 sa mission en tant que lieu de partage des connaissances et de l&rsquo;exp\u00e9rience de l&rsquo;industrie avec les talents \u00e9mergents. Comme toujours, la Bridge proposera des discussions en groupe, des ateliers et des masterclasses anim\u00e9s par des professionnels de l&rsquo;industrie et des experts du monde entier. Il est \u00e0 noter que la Plateforme CineGouna a invit\u00e9 de nombreux experts internationaux et r\u00e9gionaux li\u00e9s \u00e0 divers aspects de l&rsquo;industrie cin\u00e9matographique.<\/span><\/span><\/span><\/p>\n<p><span><span><span>Tous ces \u00e9v\u00e9nements enrichissants sous l&rsquo;\u00e9gide de la Plateforme CineGouna se d\u00e9rouleront \u00e0 la Plaza du Festival \u00e0 El Gouna du 14 au 19 octobre 2023. Les intervenants ont rappel\u00e9 \u00e0 la presse que le festival reste fermement engag\u00e9 \u00e0 soutenir l&rsquo;industrie r\u00e9gionale sur la sc\u00e8ne mondiale et continuera \u00e0 \u0153uvrer pour autonomiser les cin\u00e9astes de la r\u00e9gion MENA au-del\u00e0 des fronti\u00e8res du monde arabe.<\/span><\/span><\/span><\/p>\n<p>\u00a0<\/p>\n<p><img decoding=\"async\" alt=\"\" height=\"618\" src=\"\/assets\/uploads\/images\/\/Neila\/GFF%202023%20Marwan%20Hamed%20Conf.jpeg\" width=\"927\"><\/p>\n<p><span><span><span>De plus, le GFF est fier de rappeler le nom du laur\u00e9at du Prix d&rsquo;Honneur pour l&rsquo;ensemble de sa carri\u00e8re. <a href=\"mailto:https:\/\/www.webdo.tn\/fr\/actualite\/culture\/gff-2023-marwan-hamed\/207447\">Ce prix, qui c\u00e9l\u00e8bre les personnes dont le travail et l&rsquo;engagement dans le cin\u00e9ma ont laiss\u00e9 une empreinte ind\u00e9l\u00e9bile dans leur domaine, sera remis au c\u00e9l\u00e8bre cin\u00e9aste \u00e9gyptien Marwan Hamed, en reconnaissance de ses contributions significatives au cin\u00e9ma.<\/a><\/span><\/span><\/span><\/p>\n<p>\u00a0<\/p>\n<p><img decoding=\"async\" alt=\"\" height=\"615\" src=\"\/assets\/uploads\/images\/\/Neila\/GFF%202023%20Youssra.jpeg\" width=\"923\"><\/p>\n<p><span><span><span>Le membre du Conseil Consultatif International, Youssra, a exprim\u00e9 sa joie pour le retour du festival en esp\u00e9rant que cette 6<sup>\u00e8me<\/sup> \u00e9dition sera aussi r\u00e9ussie, sinon meilleure que la premi\u00e8re \u00e9dition, qui avait \u00e9t\u00e9 extraordinaire. Elle a r\u00e9v\u00e9l\u00e9 que la c\u00e9r\u00e9monie d&rsquo;ouverture sera marqu\u00e9e par la projection d&rsquo;un court m\u00e9trage r\u00e9alis\u00e9 par Amr Salama. Elle a ajout\u00e9 que le cin\u00e9ma est une industrie importante, et m\u00eame l&rsquo;esprit, la conscience et la culture de la nation, et a souhait\u00e9 que cette ann\u00e9e, contrairement aux ann\u00e9es pr\u00e9c\u00e9dentes o\u00f9 les projecteurs sont surtout braqu\u00e9s sur les robes des tapis rouge, les m\u00e9dias se concentreront sur les ateliers et les films, surtout avec la pr\u00e9sence de la <a href=\"mailto:https:\/\/www.webdo.tn\/fr\/actualite\/culture\/gff-2023-marianne-khoury-nouvelle-directrice-artistique-du-festival-du-film-d-el-gouna\/206847\">directrice artistique Marianne Khoury<\/a>, qui n\u2019est autre que la ni\u00e8ce du grand r\u00e9alisateur Youssef Chahine et qui a \u00e9galement r\u00e9alis\u00e9 elle-m\u00eame de merveilleux films. Youssra a \u00e9galement remerci\u00e9 Intishal Al Timimi pour ses efforts consid\u00e9rables, ainsi que Nagiub et Samih Sawiris pour leur soutien continu. Elle a ajout\u00e9 qu&rsquo;elle \u00e9tait ravie que <a href=\"mailto:https:\/\/www.webdo.tn\/fr\/actualite\/culture\/gff-2023-marwan-hamed\/207447\">Marwan Hamed soit le digne laur\u00e9at du Prix d&rsquo;Honneur pour l&rsquo;ensemble de sa carri\u00e8re.<\/a><\/span><\/span><\/span><\/p>\n<p><span><span><span>Des informations ont \u00e9t\u00e9 fournies sur plusieurs nouvelles initiatives qui seront lanc\u00e9es lors de cette 6<sup>\u00e8me<\/sup> \u00e9dition. <a href=\"mailto:https:\/\/www.webdo.tn\/fr\/actualite\/culture\/le-marche-cinegouna-nouveau-pilier-du-festival-du-film-d-el-gouna\/208479\">Parmi elles, le CineGouna Market, destin\u00e9 \u00e0 devenir un hub pour les voix \u00e9tablies et \u00e9mergentes de la r\u00e9gion, r\u00e9unissant producteurs, distributeurs, repr\u00e9sentants des ventes, agences de financement..<\/a>. Les stands du march\u00e9 serviront de plateforme pour pr\u00e9senter des projets, de l&rsquo;\u00e9quipement industriel, des infrastructures, de la logistique et les nouvelles initiatives de diverses organisations et institutions. Le march\u00e9 vise \u00e0 mettre en relation les cr\u00e9ateurs de contenu avec des acheteurs potentiels, des distributeurs et des partenaires. Un point fort du march\u00e9 est le Short Film Lounge, qui proposera la diffusion de courts m\u00e9trages s\u00e9lectionn\u00e9s \u00e0 des horaires pr\u00e9cis.<\/span><\/span><\/span><\/p>\n<p><span><span><span>Les organisateurs du festival ont \u00e9galement d\u00e9voil\u00e9 la CineGouna Emerge, un programme d\u00e9di\u00e9 aux \u00e9tudiants et aux cin\u00e9astes d\u00e9butants. Ce programme les invite \u00e0 participer et \u00e0 b\u00e9n\u00e9ficier de tous les \u00e9v\u00e9nements du festival, en fournissant les ressources, l&rsquo;orientation, la promotion et le soutien n\u00e9cessaires pour encourager les jeunes talents. Cette initiative s&rsquo;aligne sur la mission du march\u00e9 visant \u00e0 favoriser les interactions au sein des entit\u00e9s vitales de l&rsquo;industrie cin\u00e9matographique de la r\u00e9gion, permettant aux cin\u00e9astes \u00e9tablis et \u00e9mergents d&rsquo;explorer des partenaires potentiels pour le financement, la r\u00e9alisation et la distribution de leurs \u0153uvres. L&rsquo;initiative permettra \u00e9galement d&rsquo;introduire 200 jeunes de diverses villes \u00e9gyptiennes au festival et \u00e0 ses activit\u00e9s, avec le soutien d&rsquo;organisations dirig\u00e9es par les Nations Unies.<\/span><\/span><\/span><\/p>\n<p><span><span><span>Elena Panova, coordonnatrice r\u00e9sidente des Nations Unies en \u00c9gypte, a exprim\u00e9 sa joie de participer au festival cette ann\u00e9e, d\u00e9clarant : \u00ab\u00a0J&rsquo;appr\u00e9cie le partenariat avec l&rsquo;\u00c9gypte. Notre ambition aux Nations Unies est de soutenir l&rsquo;\u00c9gypte dans son d\u00e9veloppement durable, avec cet effort et ce partenariat cr\u00e9atif.\u00a0\u00bb Elle a ajout\u00e9 : \u00ab\u00a0Les films donnent une voix \u00e0 ceux que nous n&rsquo;entendons pas, un visage \u00e0 des personnes que nous ne voyons pas normalement. Notre partenariat avec le Festival du Film d&rsquo;El Gouna a commenc\u00e9 d\u00e8s sa premi\u00e8re \u00e9dition, et nous continuons \u00e0 soutenir le festival et son slogan Cin\u00e9ma pour l&rsquo;Humanit\u00e9. Cette ann\u00e9e, nous collaborons avec le festival pour son initiative CineGouna Emerge, qui soutiendra les \u00e9tudiants et les jeunes cin\u00e9astes.\u00a0\u00bb Elle a conclu en disant : \u00ab\u00a0Cr\u00e9ons le bonheur pour les gens gr\u00e2ce au Festival.\u00a0\u00bb<\/span><\/span><\/span><\/p>\n<p><span><span><span>De plus, le festival annoncera une nouvelle collaboration avec la salle de cin\u00e9ma Zawya (une plateforme cin\u00e9matographique bien connue bas\u00e9e au Caire qui pr\u00e9sente et diffuse des films de qualit\u00e9), dans le but d&rsquo;\u00e9largir le public du festival. Dans le cadre de cette collaboration, les films du programme du GFF seront projet\u00e9s \u00e0 Zawya au Caire du 15 au 20 octobre, deux fois par jour \u00e0 19 heures et \u00e0 22 heures.<\/span><\/span><\/span><\/p>\n<p><span><span><span>Les organisateurs du festival ont \u00e9galement d\u00e9voil\u00e9 lors de la conf\u00e9rence de presse les titres des films de la section Projections Sp\u00e9ciales, qui incluent <a href=\"mailto:Le%20Festival%20du%20Film%20d%E2%80%99El%20Gouna%20rend%20hommage%20%C3%A0%20Jane%20Birkin%20lors%20de%20sa%206%C3%A8me%20%C3%A9dition.\">un hommage \u00e0 Jane Birkin<\/a> et un programme sp\u00e9cial pr\u00e9sentant la <a href=\"mailto:https:\/\/www.webdo.tn\/fr\/actualite\/culture\/el-gouna-2023-projection-de-chefs-d-oeuvres-restaures-du-groupe-du-cinema-soudanais\/208308\">projection de bijoux cin\u00e9matographiques soudanais r\u00e9cemment restaur\u00e9s, en hommage au Groupe de Cin\u00e9ma Soudanais.<\/a><\/span><\/span><\/span><\/p>\n<p>\u00a0<\/p>\n<p>\u00a0<\/p>\n<p><span><span><strong><span>\u00c0 propos du Festival du Film d&rsquo;El Gouna<\/span><\/strong><\/span><\/span><\/p>\n<p><span><span><span>L&rsquo;un des festivals phares de la r\u00e9gion MENA, le GFF vise \u00e0 pr\u00e9senter une grande vari\u00e9t\u00e9 de films \u00e0 un public passionn\u00e9 et avis\u00e9, tout en favorisant une meilleure communication entre les cultures gr\u00e2ce \u00e0 l&rsquo;art du cin\u00e9ma. Son objectif est de connecter les cin\u00e9astes de la r\u00e9gion avec leurs homologues internationaux dans un esprit de coop\u00e9ration et d&rsquo;\u00e9change culturel. Le Festival du Film d&rsquo;El Gouna s&rsquo;est forg\u00e9 une r\u00e9putation en pr\u00e9sentant une programmation diversifi\u00e9e de films du monde entier, avec un fort accent sur le cin\u00e9ma arabe. Le festival vise \u00e0 promouvoir et \u00e0 soutenir la croissance de l&rsquo;industrie dans la r\u00e9gion et \u00e0 offrir une plateforme aux cin\u00e9astes pour pr\u00e9senter leur travail. Le festival est \u00e9galement engag\u00e9 dans la d\u00e9couverte de nouvelles voix et s&rsquo;efforce d&rsquo;\u00eatre un catalyseur pour le d\u00e9veloppement du cin\u00e9ma dans le monde arabe, notamment gr\u00e2ce \u00e0 la Plateforme CineGouna, un \u00e9v\u00e9nement ax\u00e9 sur l&rsquo;industrie cr\u00e9\u00e9 pour autonomiser les cin\u00e9astes \u00e9gyptiens et arabes et les aider \u00e0 trouver un soutien artistique et financier. La Plateforme CineGouna pr\u00e9sente les programmes CineGouna SpringBoard et CineGouna Bridge, qui offrent des opportunit\u00e9s de partage et d&rsquo;apprentissage.<\/span><\/span><\/span><\/p>\n<p>\u00a0<\/p>\n<p>\u00a0<\/p>\n<p>\u00a0<\/p>\n<p>\u00a0<\/p>\n<p>\u00a0<\/p>\n<p>\u00a0<\/p>\n<p>\u00a0<\/p>\n<p>\u00a0<\/p>\n<p>\u00a0<\/p>\n<\/p><\/div>\n<div class=\"coprs\" style=\"text-align: center\"><\/div><\/div>\n","protected":false},"excerpt":{"rendered":"<p>C\u2019est lors d&rsquo;une conf\u00e9rence de presse tenue ce matin au Caire, que le Festival du Film d&rsquo;El Gouna (GFF) a d\u00e9voil\u00e9 les d\u00e9tails de sa tr\u00e8s attendue 6\u00e8me \u00e9dition,&#8230;<\/p>\n","protected":false},"author":3164,"featured_media":249294,"comment_status":"open","ping_status":"closed","sticky":false,"template":"","format":"standard","meta":{"footnotes":""},"categories":[2594],"tags":[7281,3258,3259,7280],"class_list":["post-208755","post","type-post","status-publish","format-standard","has-post-thumbnail","hentry","category-culture","tag-el-gouna-2023","tag-festival-du-film-del-gouna","tag-gff","tag-gff-2023"],"yoast_head":"<!-- This site is optimized with the Yoast SEO Premium plugin v27.5 (Yoast SEO v27.5) - https:\/\/yoast.com\/product\/yoast-seo-premium-wordpress\/ -->\n<title>El Gouna 2023 - Tous les d\u00e9tails et les nouveaut\u00e9s de la 6\u00e8me \u00e9dition<\/title>\n<meta name=\"description\" content=\"C\u2019est lors d&#039;une conf\u00e9rence de presse tenue ce matin au Caire, que le Festival du Film d&#039;El Gouna (GFF) a d\u00e9voil\u00e9 les d\u00e9tails de sa tr\u00e8s attendue 6\u00e8me \u00e9dition,...\" \/>\n<link rel=\"canonical\" href=\"https:\/\/www.webdo.tn\/fr\/actualite\/culture\/el-gouna-2023-tous-les-details-et-les-nouveautes-de-la-6eme-edition\/208755\/\" \/>\n<meta property=\"og:locale\" content=\"fr_FR\" \/>\n<meta property=\"og:type\" content=\"article\" \/>\n<meta property=\"og:title\" content=\"El Gouna 2023 - Tous les d\u00e9tails et les nouveaut\u00e9s de la 6\u00e8me \u00e9dition\" \/>\n<meta property=\"og:description\" content=\"C\u2019est lors d&#039;une conf\u00e9rence de presse tenue ce matin au Caire, que le Festival du Film d&#039;El Gouna (GFF) a d\u00e9voil\u00e9 les d\u00e9tails de sa tr\u00e8s attendue 6\u00e8me \u00e9dition,...\" \/>\n<meta property=\"og:url\" content=\"https:\/\/www.webdo.tn\/fr\/actualite\/culture\/el-gouna-2023-tous-les-details-et-les-nouveautes-de-la-6eme-edition\/208755\/\" \/>\n<meta property=\"og:site_name\" content=\"webdo\" \/>\n<meta property=\"article:publisher\" content=\"https:\/\/www.facebook.com\/webdotn\" \/>\n<meta property=\"article:author\" content=\"https:\/\/www.facebook.com\/massir.destiniii\/\" \/>\n<meta property=\"article:published_time\" content=\"2023-09-18T20:53:00+00:00\" \/>\n<meta property=\"article:modified_time\" content=\"2025-05-21T08:56:28+00:00\" \/>\n<meta property=\"og:image\" content=\"https:\/\/www.webdo.tn\/fr\/wp-content\/uploads\/2023\/09\/139bb07b7c3d14378356d1cb69e8448d.jpeg\" \/>\n\t<meta property=\"og:image:width\" content=\"750\" \/>\n\t<meta property=\"og:image:height\" content=\"400\" \/>\n\t<meta property=\"og:image:type\" content=\"image\/jpeg\" \/>\n<meta name=\"author\" content=\"Ne\u00efla DRISS\" \/>\n<meta name=\"twitter:card\" content=\"summary_large_image\" \/>\n<meta name=\"twitter:creator\" content=\"@https:\/\/x.com\/MassirDestin\" \/>\n<meta name=\"twitter:site\" content=\"@webdo_tn\" \/>\n<meta name=\"twitter:label1\" content=\"\u00c9crit par\" \/>\n\t<meta name=\"twitter:data1\" content=\"Ne\u00efla DRISS\" \/>\n\t<meta name=\"twitter:label2\" content=\"Dur\u00e9e de lecture estim\u00e9e\" \/>\n\t<meta name=\"twitter:data2\" content=\"11 minutes\" \/>\n<script type=\"application\/ld+json\" class=\"yoast-schema-graph\">{\"@context\":\"https:\\\/\\\/schema.org\",\"@graph\":[{\"@type\":\"NewsArticle\",\"@id\":\"https:\\\/\\\/www.webdo.tn\\\/fr\\\/actualite\\\/culture\\\/el-gouna-2023-tous-les-details-et-les-nouveautes-de-la-6eme-edition\\\/208755\\\/#article\",\"isPartOf\":{\"@id\":\"https:\\\/\\\/www.webdo.tn\\\/fr\\\/actualite\\\/culture\\\/el-gouna-2023-tous-les-details-et-les-nouveautes-de-la-6eme-edition\\\/208755\\\/\"},\"author\":{\"name\":\"Ne\u00efla DRISS\",\"@id\":\"https:\\\/\\\/www.webdo.tn\\\/fr\\\/#\\\/schema\\\/person\\\/60d5ba619ed3f58783b0dc82b7dada80\"},\"headline\":\"El Gouna 2023 &#8211; Tous les d\u00e9tails et les nouveaut\u00e9s de la 6\u00e8me \u00e9dition\",\"datePublished\":\"2023-09-18T20:53:00+00:00\",\"dateModified\":\"2025-05-21T08:56:28+00:00\",\"mainEntityOfPage\":{\"@id\":\"https:\\\/\\\/www.webdo.tn\\\/fr\\\/actualite\\\/culture\\\/el-gouna-2023-tous-les-details-et-les-nouveautes-de-la-6eme-edition\\\/208755\\\/\"},\"wordCount\":2228,\"commentCount\":0,\"publisher\":{\"@id\":\"https:\\\/\\\/www.webdo.tn\\\/fr\\\/#organization\"},\"image\":{\"@id\":\"https:\\\/\\\/www.webdo.tn\\\/fr\\\/actualite\\\/culture\\\/el-gouna-2023-tous-les-details-et-les-nouveautes-de-la-6eme-edition\\\/208755\\\/#primaryimage\"},\"thumbnailUrl\":\"https:\\\/\\\/www.webdo.tn\\\/fr\\\/wp-content\\\/uploads\\\/2023\\\/09\\\/139bb07b7c3d14378356d1cb69e8448d.jpeg\",\"keywords\":[\"El Gouna 2023\",\"Festival du Film d'El Gouna\",\"GFF\",\"GFF 2023\"],\"articleSection\":[\"Culture\"],\"inLanguage\":\"fr-FR\"},{\"@type\":\"WebPage\",\"@id\":\"https:\\\/\\\/www.webdo.tn\\\/fr\\\/actualite\\\/culture\\\/el-gouna-2023-tous-les-details-et-les-nouveautes-de-la-6eme-edition\\\/208755\\\/\",\"url\":\"https:\\\/\\\/www.webdo.tn\\\/fr\\\/actualite\\\/culture\\\/el-gouna-2023-tous-les-details-et-les-nouveautes-de-la-6eme-edition\\\/208755\\\/\",\"name\":\"El Gouna 2023 - Tous les d\u00e9tails et les nouveaut\u00e9s de la 6\u00e8me \u00e9dition\",\"isPartOf\":{\"@id\":\"https:\\\/\\\/www.webdo.tn\\\/fr\\\/#website\"},\"primaryImageOfPage\":{\"@id\":\"https:\\\/\\\/www.webdo.tn\\\/fr\\\/actualite\\\/culture\\\/el-gouna-2023-tous-les-details-et-les-nouveautes-de-la-6eme-edition\\\/208755\\\/#primaryimage\"},\"image\":{\"@id\":\"https:\\\/\\\/www.webdo.tn\\\/fr\\\/actualite\\\/culture\\\/el-gouna-2023-tous-les-details-et-les-nouveautes-de-la-6eme-edition\\\/208755\\\/#primaryimage\"},\"thumbnailUrl\":\"https:\\\/\\\/www.webdo.tn\\\/fr\\\/wp-content\\\/uploads\\\/2023\\\/09\\\/139bb07b7c3d14378356d1cb69e8448d.jpeg\",\"datePublished\":\"2023-09-18T20:53:00+00:00\",\"dateModified\":\"2025-05-21T08:56:28+00:00\",\"description\":\"C\u2019est lors d'une conf\u00e9rence de presse tenue ce matin au Caire, que le Festival du Film d'El Gouna (GFF) a d\u00e9voil\u00e9 les d\u00e9tails de sa tr\u00e8s attendue 6\u00e8me \u00e9dition,...\",\"breadcrumb\":{\"@id\":\"https:\\\/\\\/www.webdo.tn\\\/fr\\\/actualite\\\/culture\\\/el-gouna-2023-tous-les-details-et-les-nouveautes-de-la-6eme-edition\\\/208755\\\/#breadcrumb\"},\"inLanguage\":\"fr-FR\",\"potentialAction\":[{\"@type\":\"ReadAction\",\"target\":[\"https:\\\/\\\/www.webdo.tn\\\/fr\\\/actualite\\\/culture\\\/el-gouna-2023-tous-les-details-et-les-nouveautes-de-la-6eme-edition\\\/208755\\\/\"]}]},{\"@type\":\"ImageObject\",\"inLanguage\":\"fr-FR\",\"@id\":\"https:\\\/\\\/www.webdo.tn\\\/fr\\\/actualite\\\/culture\\\/el-gouna-2023-tous-les-details-et-les-nouveautes-de-la-6eme-edition\\\/208755\\\/#primaryimage\",\"url\":\"https:\\\/\\\/www.webdo.tn\\\/fr\\\/wp-content\\\/uploads\\\/2023\\\/09\\\/139bb07b7c3d14378356d1cb69e8448d.jpeg\",\"contentUrl\":\"https:\\\/\\\/www.webdo.tn\\\/fr\\\/wp-content\\\/uploads\\\/2023\\\/09\\\/139bb07b7c3d14378356d1cb69e8448d.jpeg\",\"width\":750,\"height\":400,\"caption\":\"El Gouna 2023 - Tous les d\u00e9tails et les nouveaut\u00e9s de la 6\u00e8me \u00e9dition\"},{\"@type\":\"BreadcrumbList\",\"@id\":\"https:\\\/\\\/www.webdo.tn\\\/fr\\\/actualite\\\/culture\\\/el-gouna-2023-tous-les-details-et-les-nouveautes-de-la-6eme-edition\\\/208755\\\/#breadcrumb\",\"itemListElement\":[{\"@type\":\"ListItem\",\"position\":1,\"name\":\"Accueil\",\"item\":\"https:\\\/\\\/www.webdo.tn\\\/fr\\\/\"},{\"@type\":\"ListItem\",\"position\":2,\"name\":\"El Gouna 2023 &#8211; Tous les d\u00e9tails et les nouveaut\u00e9s de la 6\u00e8me \u00e9dition\"}]},{\"@type\":\"WebSite\",\"@id\":\"https:\\\/\\\/www.webdo.tn\\\/fr\\\/#website\",\"url\":\"https:\\\/\\\/www.webdo.tn\\\/fr\\\/\",\"name\":\"webdo\",\"description\":\"Tunisie - News en Tunisie et \u00e0 l&#039;international sur Webdo.tn\",\"publisher\":{\"@id\":\"https:\\\/\\\/www.webdo.tn\\\/fr\\\/#organization\"},\"potentialAction\":[{\"@type\":\"SearchAction\",\"target\":{\"@type\":\"EntryPoint\",\"urlTemplate\":\"https:\\\/\\\/www.webdo.tn\\\/fr\\\/?s={search_term_string}\"},\"query-input\":{\"@type\":\"PropertyValueSpecification\",\"valueRequired\":true,\"valueName\":\"search_term_string\"}}],\"inLanguage\":\"fr-FR\"},{\"@type\":\"Organization\",\"@id\":\"https:\\\/\\\/www.webdo.tn\\\/fr\\\/#organization\",\"name\":\"Webdo\",\"alternateName\":\"Webdo.tn\",\"url\":\"https:\\\/\\\/www.webdo.tn\\\/fr\\\/\",\"logo\":{\"@type\":\"ImageObject\",\"inLanguage\":\"fr-FR\",\"@id\":\"https:\\\/\\\/www.webdo.tn\\\/fr\\\/#\\\/schema\\\/logo\\\/image\\\/\",\"url\":\"https:\\\/\\\/www.webdo.tn\\\/fr\\\/wp-content\\\/uploads\\\/2025\\\/06\\\/Webdo-Tunisie_168377.jpg\",\"contentUrl\":\"https:\\\/\\\/www.webdo.tn\\\/fr\\\/wp-content\\\/uploads\\\/2025\\\/06\\\/Webdo-Tunisie_168377.jpg\",\"width\":301,\"height\":301,\"caption\":\"Webdo\"},\"image\":{\"@id\":\"https:\\\/\\\/www.webdo.tn\\\/fr\\\/#\\\/schema\\\/logo\\\/image\\\/\"},\"sameAs\":[\"https:\\\/\\\/www.facebook.com\\\/webdotn\",\"https:\\\/\\\/x.com\\\/webdo_tn\"],\"description\":\"Webdo est un m\u00e9dia num\u00e9rique tunisien fond\u00e9 en 2010, sp\u00e9cialis\u00e9 dans l\u2019actualit\u00e9 nationale et internationale, l\u2019\u00e9conomie, la soci\u00e9t\u00e9 et les analyses politiques. Le site s\u2019adresse \u00e0 un large public francophone et couvre l\u2019information tunisienne en temps r\u00e9el.\",\"email\":\"redac@webdo.tn\",\"legalName\":\"YNJ SARL\",\"foundingDate\":\"2010-09-06\",\"numberOfEmployees\":{\"@type\":\"QuantitativeValue\",\"minValue\":\"11\",\"maxValue\":\"50\"}},{\"@type\":\"Person\",\"@id\":\"https:\\\/\\\/www.webdo.tn\\\/fr\\\/#\\\/schema\\\/person\\\/60d5ba619ed3f58783b0dc82b7dada80\",\"name\":\"Ne\u00efla DRISS\",\"image\":{\"@type\":\"ImageObject\",\"inLanguage\":\"fr-FR\",\"@id\":\"https:\\\/\\\/www.webdo.tn\\\/fr\\\/wp-content\\\/uploads\\\/2026\\\/04\\\/neila-driss_avatar-96x96.jpg\",\"url\":\"https:\\\/\\\/www.webdo.tn\\\/fr\\\/wp-content\\\/uploads\\\/2026\\\/04\\\/neila-driss_avatar-96x96.jpg\",\"contentUrl\":\"https:\\\/\\\/www.webdo.tn\\\/fr\\\/wp-content\\\/uploads\\\/2026\\\/04\\\/neila-driss_avatar-96x96.jpg\",\"caption\":\"Ne\u00efla DRISS\"},\"description\":\"Ne\u00efla Driss est juriste, journaliste culturelle et critique de cin\u00e9ma tunisienne. Titulaire d\u2019un DEA en droit priv\u00e9 de l\u2019Universit\u00e9 Paris II et d\u2019un DESS de l\u2019IHEC Carthage, elle d\u00e9bute sa carri\u00e8re comme juriste sp\u00e9cialis\u00e9e en gestion de patrimoine immobilier. Elle s\u2019oriente ensuite vers l\u2019\u00e9criture en ligne, o\u00f9 elle se distingue d\u00e8s 2006 aux Tunisia Blog Awards, avant de se consacrer au journalisme culturel, avec une sp\u00e9cialisation dans la critique cin\u00e9matographique. Elle couvre r\u00e9guli\u00e8rement les grands festivals internationaux, notamment le Festival de Cannes, les Journ\u00e9es Cin\u00e9matographiques de Carthage et le Festival du film du Caire. Membre de l\u2019ATPCC et de la FIPRESCI, elle participe \u00e0 des jurys et initiatives internationales de critique. Depuis 2024, elle est \u00e9lectrice internationale aux Golden Globes. Facebook : https:\\\/\\\/www.facebook.com\\\/massir.destiniii\\\/ X : https:\\\/\\\/x.com\\\/MassirDestin\",\"sameAs\":[\"https:\\\/\\\/www.facebook.com\\\/massir.destiniii\\\/\",\"https:\\\/\\\/www.instagram.com\\\/neila.driss\\\/?hl=fr\",\"https:\\\/\\\/www.linkedin.com\\\/in\\\/neila-driss-22606a80\\\/\",\"https:\\\/\\\/x.com\\\/https:\\\/\\\/x.com\\\/MassirDestin\"],\"knowsAbout\":[\"Cin\u00e9ma international\",\"critique cin\u00e9matographique\",\"festivals de cin\u00e9ma\",\"journalisme culturel\"],\"knowsLanguage\":[\"Fran\u00e7ais\",\"Arabe\",\"Anglais\"],\"jobTitle\":\"Journaliste culturelle et critique de cin\u00e9ma\",\"worksFor\":\"Webdo\",\"url\":\"https:\\\/\\\/www.webdo.tn\\\/fr\\\/actualite\\\/author\\\/neila-driss\\\/\"}]}<\/script>\n<!-- \/ Yoast SEO Premium plugin. -->","yoast_head_json":{"title":"El Gouna 2023 - Tous les d\u00e9tails et les nouveaut\u00e9s de la 6\u00e8me \u00e9dition","description":"C\u2019est lors d'une conf\u00e9rence de presse tenue ce matin au Caire, que le Festival du Film d'El Gouna (GFF) a d\u00e9voil\u00e9 les d\u00e9tails de sa tr\u00e8s attendue 6\u00e8me \u00e9dition,...","canonical":"https:\/\/www.webdo.tn\/fr\/actualite\/culture\/el-gouna-2023-tous-les-details-et-les-nouveautes-de-la-6eme-edition\/208755\/","og_locale":"fr_FR","og_type":"article","og_title":"El Gouna 2023 - Tous les d\u00e9tails et les nouveaut\u00e9s de la 6\u00e8me \u00e9dition","og_description":"C\u2019est lors d'une conf\u00e9rence de presse tenue ce matin au Caire, que le Festival du Film d'El Gouna (GFF) a d\u00e9voil\u00e9 les d\u00e9tails de sa tr\u00e8s attendue 6\u00e8me \u00e9dition,...","og_url":"https:\/\/www.webdo.tn\/fr\/actualite\/culture\/el-gouna-2023-tous-les-details-et-les-nouveautes-de-la-6eme-edition\/208755\/","og_site_name":"webdo","article_publisher":"https:\/\/www.facebook.com\/webdotn","article_author":"https:\/\/www.facebook.com\/massir.destiniii\/","article_published_time":"2023-09-18T20:53:00+00:00","article_modified_time":"2025-05-21T08:56:28+00:00","og_image":[{"width":750,"height":400,"url":"https:\/\/www.webdo.tn\/fr\/wp-content\/uploads\/2023\/09\/139bb07b7c3d14378356d1cb69e8448d.jpeg","type":"image\/jpeg"}],"author":"Ne\u00efla DRISS","twitter_card":"summary_large_image","twitter_creator":"@https:\/\/x.com\/MassirDestin","twitter_site":"@webdo_tn","twitter_misc":{"\u00c9crit par":"Ne\u00efla DRISS","Dur\u00e9e de lecture estim\u00e9e":"11 minutes"},"schema":{"@context":"https:\/\/schema.org","@graph":[{"@type":"NewsArticle","@id":"https:\/\/www.webdo.tn\/fr\/actualite\/culture\/el-gouna-2023-tous-les-details-et-les-nouveautes-de-la-6eme-edition\/208755\/#article","isPartOf":{"@id":"https:\/\/www.webdo.tn\/fr\/actualite\/culture\/el-gouna-2023-tous-les-details-et-les-nouveautes-de-la-6eme-edition\/208755\/"},"author":{"name":"Ne\u00efla DRISS","@id":"https:\/\/www.webdo.tn\/fr\/#\/schema\/person\/60d5ba619ed3f58783b0dc82b7dada80"},"headline":"El Gouna 2023 &#8211; Tous les d\u00e9tails et les nouveaut\u00e9s de la 6\u00e8me \u00e9dition","datePublished":"2023-09-18T20:53:00+00:00","dateModified":"2025-05-21T08:56:28+00:00","mainEntityOfPage":{"@id":"https:\/\/www.webdo.tn\/fr\/actualite\/culture\/el-gouna-2023-tous-les-details-et-les-nouveautes-de-la-6eme-edition\/208755\/"},"wordCount":2228,"commentCount":0,"publisher":{"@id":"https:\/\/www.webdo.tn\/fr\/#organization"},"image":{"@id":"https:\/\/www.webdo.tn\/fr\/actualite\/culture\/el-gouna-2023-tous-les-details-et-les-nouveautes-de-la-6eme-edition\/208755\/#primaryimage"},"thumbnailUrl":"https:\/\/www.webdo.tn\/fr\/wp-content\/uploads\/2023\/09\/139bb07b7c3d14378356d1cb69e8448d.jpeg","keywords":["El Gouna 2023","Festival du Film d'El Gouna","GFF","GFF 2023"],"articleSection":["Culture"],"inLanguage":"fr-FR"},{"@type":"WebPage","@id":"https:\/\/www.webdo.tn\/fr\/actualite\/culture\/el-gouna-2023-tous-les-details-et-les-nouveautes-de-la-6eme-edition\/208755\/","url":"https:\/\/www.webdo.tn\/fr\/actualite\/culture\/el-gouna-2023-tous-les-details-et-les-nouveautes-de-la-6eme-edition\/208755\/","name":"El Gouna 2023 - Tous les d\u00e9tails et les nouveaut\u00e9s de la 6\u00e8me \u00e9dition","isPartOf":{"@id":"https:\/\/www.webdo.tn\/fr\/#website"},"primaryImageOfPage":{"@id":"https:\/\/www.webdo.tn\/fr\/actualite\/culture\/el-gouna-2023-tous-les-details-et-les-nouveautes-de-la-6eme-edition\/208755\/#primaryimage"},"image":{"@id":"https:\/\/www.webdo.tn\/fr\/actualite\/culture\/el-gouna-2023-tous-les-details-et-les-nouveautes-de-la-6eme-edition\/208755\/#primaryimage"},"thumbnailUrl":"https:\/\/www.webdo.tn\/fr\/wp-content\/uploads\/2023\/09\/139bb07b7c3d14378356d1cb69e8448d.jpeg","datePublished":"2023-09-18T20:53:00+00:00","dateModified":"2025-05-21T08:56:28+00:00","description":"C\u2019est lors d'une conf\u00e9rence de presse tenue ce matin au Caire, que le Festival du Film d'El Gouna (GFF) a d\u00e9voil\u00e9 les d\u00e9tails de sa tr\u00e8s attendue 6\u00e8me \u00e9dition,...","breadcrumb":{"@id":"https:\/\/www.webdo.tn\/fr\/actualite\/culture\/el-gouna-2023-tous-les-details-et-les-nouveautes-de-la-6eme-edition\/208755\/#breadcrumb"},"inLanguage":"fr-FR","potentialAction":[{"@type":"ReadAction","target":["https:\/\/www.webdo.tn\/fr\/actualite\/culture\/el-gouna-2023-tous-les-details-et-les-nouveautes-de-la-6eme-edition\/208755\/"]}]},{"@type":"ImageObject","inLanguage":"fr-FR","@id":"https:\/\/www.webdo.tn\/fr\/actualite\/culture\/el-gouna-2023-tous-les-details-et-les-nouveautes-de-la-6eme-edition\/208755\/#primaryimage","url":"https:\/\/www.webdo.tn\/fr\/wp-content\/uploads\/2023\/09\/139bb07b7c3d14378356d1cb69e8448d.jpeg","contentUrl":"https:\/\/www.webdo.tn\/fr\/wp-content\/uploads\/2023\/09\/139bb07b7c3d14378356d1cb69e8448d.jpeg","width":750,"height":400,"caption":"El Gouna 2023 - Tous les d\u00e9tails et les nouveaut\u00e9s de la 6\u00e8me \u00e9dition"},{"@type":"BreadcrumbList","@id":"https:\/\/www.webdo.tn\/fr\/actualite\/culture\/el-gouna-2023-tous-les-details-et-les-nouveautes-de-la-6eme-edition\/208755\/#breadcrumb","itemListElement":[{"@type":"ListItem","position":1,"name":"Accueil","item":"https:\/\/www.webdo.tn\/fr\/"},{"@type":"ListItem","position":2,"name":"El Gouna 2023 &#8211; Tous les d\u00e9tails et les nouveaut\u00e9s de la 6\u00e8me \u00e9dition"}]},{"@type":"WebSite","@id":"https:\/\/www.webdo.tn\/fr\/#website","url":"https:\/\/www.webdo.tn\/fr\/","name":"webdo","description":"Tunisie - News en Tunisie et \u00e0 l&#039;international sur Webdo.tn","publisher":{"@id":"https:\/\/www.webdo.tn\/fr\/#organization"},"potentialAction":[{"@type":"SearchAction","target":{"@type":"EntryPoint","urlTemplate":"https:\/\/www.webdo.tn\/fr\/?s={search_term_string}"},"query-input":{"@type":"PropertyValueSpecification","valueRequired":true,"valueName":"search_term_string"}}],"inLanguage":"fr-FR"},{"@type":"Organization","@id":"https:\/\/www.webdo.tn\/fr\/#organization","name":"Webdo","alternateName":"Webdo.tn","url":"https:\/\/www.webdo.tn\/fr\/","logo":{"@type":"ImageObject","inLanguage":"fr-FR","@id":"https:\/\/www.webdo.tn\/fr\/#\/schema\/logo\/image\/","url":"https:\/\/www.webdo.tn\/fr\/wp-content\/uploads\/2025\/06\/Webdo-Tunisie_168377.jpg","contentUrl":"https:\/\/www.webdo.tn\/fr\/wp-content\/uploads\/2025\/06\/Webdo-Tunisie_168377.jpg","width":301,"height":301,"caption":"Webdo"},"image":{"@id":"https:\/\/www.webdo.tn\/fr\/#\/schema\/logo\/image\/"},"sameAs":["https:\/\/www.facebook.com\/webdotn","https:\/\/x.com\/webdo_tn"],"description":"Webdo est un m\u00e9dia num\u00e9rique tunisien fond\u00e9 en 2010, sp\u00e9cialis\u00e9 dans l\u2019actualit\u00e9 nationale et internationale, l\u2019\u00e9conomie, la soci\u00e9t\u00e9 et les analyses politiques. Le site s\u2019adresse \u00e0 un large public francophone et couvre l\u2019information tunisienne en temps r\u00e9el.","email":"redac@webdo.tn","legalName":"YNJ SARL","foundingDate":"2010-09-06","numberOfEmployees":{"@type":"QuantitativeValue","minValue":"11","maxValue":"50"}},{"@type":"Person","@id":"https:\/\/www.webdo.tn\/fr\/#\/schema\/person\/60d5ba619ed3f58783b0dc82b7dada80","name":"Ne\u00efla DRISS","image":{"@type":"ImageObject","inLanguage":"fr-FR","@id":"https:\/\/www.webdo.tn\/fr\/wp-content\/uploads\/2026\/04\/neila-driss_avatar-96x96.jpg","url":"https:\/\/www.webdo.tn\/fr\/wp-content\/uploads\/2026\/04\/neila-driss_avatar-96x96.jpg","contentUrl":"https:\/\/www.webdo.tn\/fr\/wp-content\/uploads\/2026\/04\/neila-driss_avatar-96x96.jpg","caption":"Ne\u00efla DRISS"},"description":"Ne\u00efla Driss est juriste, journaliste culturelle et critique de cin\u00e9ma tunisienne. Titulaire d\u2019un DEA en droit priv\u00e9 de l\u2019Universit\u00e9 Paris II et d\u2019un DESS de l\u2019IHEC Carthage, elle d\u00e9bute sa carri\u00e8re comme juriste sp\u00e9cialis\u00e9e en gestion de patrimoine immobilier. Elle s\u2019oriente ensuite vers l\u2019\u00e9criture en ligne, o\u00f9 elle se distingue d\u00e8s 2006 aux Tunisia Blog Awards, avant de se consacrer au journalisme culturel, avec une sp\u00e9cialisation dans la critique cin\u00e9matographique. Elle couvre r\u00e9guli\u00e8rement les grands festivals internationaux, notamment le Festival de Cannes, les Journ\u00e9es Cin\u00e9matographiques de Carthage et le Festival du film du Caire. Membre de l\u2019ATPCC et de la FIPRESCI, elle participe \u00e0 des jurys et initiatives internationales de critique. Depuis 2024, elle est \u00e9lectrice internationale aux Golden Globes. Facebook : https:\/\/www.facebook.com\/massir.destiniii\/ X : https:\/\/x.com\/MassirDestin","sameAs":["https:\/\/www.facebook.com\/massir.destiniii\/","https:\/\/www.instagram.com\/neila.driss\/?hl=fr","https:\/\/www.linkedin.com\/in\/neila-driss-22606a80\/","https:\/\/x.com\/https:\/\/x.com\/MassirDestin"],"knowsAbout":["Cin\u00e9ma international","critique cin\u00e9matographique","festivals de cin\u00e9ma","journalisme culturel"],"knowsLanguage":["Fran\u00e7ais","Arabe","Anglais"],"jobTitle":"Journaliste culturelle et critique de cin\u00e9ma","worksFor":"Webdo","url":"https:\/\/www.webdo.tn\/fr\/actualite\/author\/neila-driss\/"}]}},"_links":{"self":[{"href":"https:\/\/www.webdo.tn\/fr\/wp-json\/wp\/v2\/posts\/208755","targetHints":{"allow":["GET"]}}],"collection":[{"href":"https:\/\/www.webdo.tn\/fr\/wp-json\/wp\/v2\/posts"}],"about":[{"href":"https:\/\/www.webdo.tn\/fr\/wp-json\/wp\/v2\/types\/post"}],"author":[{"embeddable":true,"href":"https:\/\/www.webdo.tn\/fr\/wp-json\/wp\/v2\/users\/3164"}],"replies":[{"embeddable":true,"href":"https:\/\/www.webdo.tn\/fr\/wp-json\/wp\/v2\/comments?post=208755"}],"version-history":[{"count":0,"href":"https:\/\/www.webdo.tn\/fr\/wp-json\/wp\/v2\/posts\/208755\/revisions"}],"wp:featuredmedia":[{"embeddable":true,"href":"https:\/\/www.webdo.tn\/fr\/wp-json\/wp\/v2\/media\/249294"}],"wp:attachment":[{"href":"https:\/\/www.webdo.tn\/fr\/wp-json\/wp\/v2\/media?parent=208755"}],"wp:term":[{"taxonomy":"category","embeddable":true,"href":"https:\/\/www.webdo.tn\/fr\/wp-json\/wp\/v2\/categories?post=208755"},{"taxonomy":"post_tag","embeddable":true,"href":"https:\/\/www.webdo.tn\/fr\/wp-json\/wp\/v2\/tags?post=208755"}],"curies":[{"name":"wp","href":"https:\/\/api.w.org\/{rel}","templated":true}]}}