{"id":208753,"date":"2023-09-18T19:58:00","date_gmt":"2023-09-18T19:58:00","guid":{"rendered":"https:\/\/www.webdo.tn\/fr\/blog\/djerba-un-haut-responsable-de-l-unesco-felicite-la-tunisie\/208753\/"},"modified":"2025-05-20T22:41:06","modified_gmt":"2025-05-20T22:41:06","slug":"djerba-un-haut-responsable-de-l-unesco-felicite-la-tunisie","status":"publish","type":"post","link":"https:\/\/www.webdo.tn\/fr\/actualite\/culture\/djerba-un-haut-responsable-de-l-unesco-felicite-la-tunisie\/208753\/","title":{"rendered":"Djerba : Un haut responsable de l\u2019UNESCO f\u00e9licite la Tunisie"},"content":{"rendered":"<p>Le Directeur r\u00e9gional du Bureau de l&rsquo;Organisation des Nations unies pour l&rsquo;\u00e9ducation, la science et la culture (UNESCO) pour le Maghreb, le Fran\u00e7ais Eric Falt, f\u00e9licite la Tunisie pour l&rsquo;inscription de l\u00a0\u00bbIle de Djerba sur la liste du patrimoine mondial de l&rsquo;Unesco devenue le 9\u00e8me bien tunisien class\u00e9.<\/p>\n<p>\t\t\t\t\t\t\t\t\tL&rsquo;ile de Djerba est parmi 27 nouveaux biens, 24 culturels et 3 naturels, qui s&rsquo;ajoutent aux 1 157 sites dans 167 pays d\u00e9j\u00e0 inscrits sur la Liste du patrimoine mondial.<\/p>\n<p>Dans une d\u00e9claration publi\u00e9e lundi en fin apr\u00e8s-midi et dont une copie est parvenue \u00e0 la TAP, le responsable onusien, a adress\u00e9 ses f\u00e9licitations \u00e0 \u00a0\u00bb la Tunisie et \u00e0 tous les Tunisiens, \u00e0 commencer par les Djerbiens \u00ab\u00a0, qui ont \u0153uvr\u00e9 pour assurer l&rsquo;inscription du patrimoine de l&rsquo;\u00eele de Djerba en Tunisie sur la Liste du patrimoine mondial de l&rsquo;UNESCO.<\/p>\n<p>Eric Falt a soulign\u00e9 l&rsquo;importance de cette nouvelle inscription couronnement d&rsquo;un chemin \u00ab\u00a0long et tortueux\u00a0\u00bb. La derni\u00e8re inscription \u00e9tait celle du site arch\u00e9ologique de Dougga en 1997, a rappel\u00e9 le diplomate onusien qui avait pris ses fonctions \u00e0 la t\u00eate du Bureau de l&rsquo;UNESCO pour le Maghreb, \u00e0 son si\u00e8ge \u00e0 Rabat (Maroc), depuis janvier 2023.<\/p>\n<p>Il a encore pr\u00e9sent\u00e9 un bien en s\u00e9rie, constitu\u00e9 de sept zones de l&rsquo;\u00eele et de vingt-quatre monuments, qui repr\u00e9sente un t\u00e9moignage exceptionnel d&rsquo;un sch\u00e9ma de peuplement unique et d&rsquo;une adaptation humaine remarquable, \u00e0 travers les si\u00e8cles, aux contraintes d&rsquo;un environnement marqu\u00e9 par la raret\u00e9 de l&rsquo;eau et de nombreuses menaces venues de la mer. \u00ab\u00a0<\/p>\n","protected":false},"excerpt":{"rendered":"<p>Le Directeur r\u00e9gional du Bureau de l&rsquo;Organisation des Nations unies pour l&rsquo;\u00e9ducation, la science et la culture (UNESCO) pour le Maghreb, le Fran\u00e7ais Eric Falt,&#8230;<\/p>\n","protected":false},"author":3175,"featured_media":249291,"comment_status":"open","ping_status":"closed","sticky":false,"template":"","format":"standard","meta":{"footnotes":""},"categories":[2594],"tags":[3696,3392,2608,4946],"class_list":["post-208753","post","type-post","status-publish","format-standard","has-post-thumbnail","hentry","category-culture","tag-djerba","tag-patrimoine","tag-tunisie","tag-unesco"],"yoast_head":"<!-- This site is optimized with the Yoast SEO Premium plugin v27.5 (Yoast SEO v27.5) - https:\/\/yoast.com\/product\/yoast-seo-premium-wordpress\/ -->\n<title>Djerba : Un haut responsable de l\u2019UNESCO f\u00e9licite la Tunisie<\/title>\n<meta name=\"description\" content=\"Le Directeur r\u00e9gional du Bureau de l&#039;Organisation des Nations unies pour l&#039;\u00e9ducation, la science et la culture (UNESCO) pour le Maghreb, le Fran\u00e7ais Eric Falt,...\" \/>\n<link rel=\"canonical\" href=\"https:\/\/www.webdo.tn\/fr\/actualite\/culture\/djerba-un-haut-responsable-de-l-unesco-felicite-la-tunisie\/208753\/\" \/>\n<meta property=\"og:locale\" content=\"fr_FR\" \/>\n<meta property=\"og:type\" content=\"article\" \/>\n<meta property=\"og:title\" content=\"Djerba : Un haut responsable de l\u2019UNESCO f\u00e9licite la Tunisie\" \/>\n<meta property=\"og:description\" content=\"Le Directeur r\u00e9gional du Bureau de l&#039;Organisation des Nations unies pour l&#039;\u00e9ducation, la science et la culture (UNESCO) pour le Maghreb, le Fran\u00e7ais Eric Falt,...\" \/>\n<meta property=\"og:url\" content=\"https:\/\/www.webdo.tn\/fr\/actualite\/culture\/djerba-un-haut-responsable-de-l-unesco-felicite-la-tunisie\/208753\/\" \/>\n<meta property=\"og:site_name\" content=\"webdo\" \/>\n<meta property=\"article:publisher\" content=\"https:\/\/www.facebook.com\/webdotn\" \/>\n<meta property=\"article:published_time\" content=\"2023-09-18T19:58:00+00:00\" \/>\n<meta property=\"article:modified_time\" content=\"2025-05-20T22:41:06+00:00\" \/>\n<meta property=\"og:image\" content=\"https:\/\/www.webdo.tn\/fr\/wp-content\/uploads\/2023\/09\/e95736fe229efac891eee298ac657e04.jpg\" \/>\n\t<meta property=\"og:image:width\" content=\"750\" \/>\n\t<meta property=\"og:image:height\" content=\"400\" \/>\n\t<meta property=\"og:image:type\" content=\"image\/jpeg\" \/>\n<meta name=\"author\" content=\"CL\" \/>\n<meta name=\"twitter:card\" content=\"summary_large_image\" \/>\n<meta name=\"twitter:creator\" content=\"@webdo_tn\" \/>\n<meta name=\"twitter:site\" content=\"@webdo_tn\" \/>\n<meta name=\"twitter:label1\" content=\"\u00c9crit par\" \/>\n\t<meta name=\"twitter:data1\" content=\"CL\" \/>\n\t<meta name=\"twitter:label2\" content=\"Dur\u00e9e de lecture estim\u00e9e\" \/>\n\t<meta name=\"twitter:data2\" content=\"1 minute\" \/>\n<script type=\"application\/ld+json\" class=\"yoast-schema-graph\">{\"@context\":\"https:\\\/\\\/schema.org\",\"@graph\":[{\"@type\":\"NewsArticle\",\"@id\":\"https:\\\/\\\/www.webdo.tn\\\/fr\\\/actualite\\\/culture\\\/djerba-un-haut-responsable-de-l-unesco-felicite-la-tunisie\\\/208753\\\/#article\",\"isPartOf\":{\"@id\":\"https:\\\/\\\/www.webdo.tn\\\/fr\\\/actualite\\\/culture\\\/djerba-un-haut-responsable-de-l-unesco-felicite-la-tunisie\\\/208753\\\/\"},\"author\":{\"name\":\"CL\",\"@id\":\"https:\\\/\\\/www.webdo.tn\\\/fr\\\/#\\\/schema\\\/person\\\/f35b42a42c5e2511bbd282959d6385cc\"},\"headline\":\"Djerba : Un haut responsable de l\u2019UNESCO f\u00e9licite la Tunisie\",\"datePublished\":\"2023-09-18T19:58:00+00:00\",\"dateModified\":\"2025-05-20T22:41:06+00:00\",\"mainEntityOfPage\":{\"@id\":\"https:\\\/\\\/www.webdo.tn\\\/fr\\\/actualite\\\/culture\\\/djerba-un-haut-responsable-de-l-unesco-felicite-la-tunisie\\\/208753\\\/\"},\"wordCount\":279,\"commentCount\":0,\"publisher\":{\"@id\":\"https:\\\/\\\/www.webdo.tn\\\/fr\\\/#organization\"},\"image\":{\"@id\":\"https:\\\/\\\/www.webdo.tn\\\/fr\\\/actualite\\\/culture\\\/djerba-un-haut-responsable-de-l-unesco-felicite-la-tunisie\\\/208753\\\/#primaryimage\"},\"thumbnailUrl\":\"https:\\\/\\\/www.webdo.tn\\\/fr\\\/wp-content\\\/uploads\\\/2023\\\/09\\\/e95736fe229efac891eee298ac657e04.jpg\",\"keywords\":[\"djerba\",\"patrimoine\",\"Tunisie\",\"unesco\"],\"articleSection\":[\"Culture\"],\"inLanguage\":\"fr-FR\"},{\"@type\":\"WebPage\",\"@id\":\"https:\\\/\\\/www.webdo.tn\\\/fr\\\/actualite\\\/culture\\\/djerba-un-haut-responsable-de-l-unesco-felicite-la-tunisie\\\/208753\\\/\",\"url\":\"https:\\\/\\\/www.webdo.tn\\\/fr\\\/actualite\\\/culture\\\/djerba-un-haut-responsable-de-l-unesco-felicite-la-tunisie\\\/208753\\\/\",\"name\":\"Djerba : Un haut responsable de l\u2019UNESCO f\u00e9licite la Tunisie\",\"isPartOf\":{\"@id\":\"https:\\\/\\\/www.webdo.tn\\\/fr\\\/#website\"},\"primaryImageOfPage\":{\"@id\":\"https:\\\/\\\/www.webdo.tn\\\/fr\\\/actualite\\\/culture\\\/djerba-un-haut-responsable-de-l-unesco-felicite-la-tunisie\\\/208753\\\/#primaryimage\"},\"image\":{\"@id\":\"https:\\\/\\\/www.webdo.tn\\\/fr\\\/actualite\\\/culture\\\/djerba-un-haut-responsable-de-l-unesco-felicite-la-tunisie\\\/208753\\\/#primaryimage\"},\"thumbnailUrl\":\"https:\\\/\\\/www.webdo.tn\\\/fr\\\/wp-content\\\/uploads\\\/2023\\\/09\\\/e95736fe229efac891eee298ac657e04.jpg\",\"datePublished\":\"2023-09-18T19:58:00+00:00\",\"dateModified\":\"2025-05-20T22:41:06+00:00\",\"description\":\"Le Directeur r\u00e9gional du Bureau de l'Organisation des Nations unies pour l'\u00e9ducation, la science et la culture (UNESCO) pour le Maghreb, le Fran\u00e7ais Eric Falt,...\",\"breadcrumb\":{\"@id\":\"https:\\\/\\\/www.webdo.tn\\\/fr\\\/actualite\\\/culture\\\/djerba-un-haut-responsable-de-l-unesco-felicite-la-tunisie\\\/208753\\\/#breadcrumb\"},\"inLanguage\":\"fr-FR\",\"potentialAction\":[{\"@type\":\"ReadAction\",\"target\":[\"https:\\\/\\\/www.webdo.tn\\\/fr\\\/actualite\\\/culture\\\/djerba-un-haut-responsable-de-l-unesco-felicite-la-tunisie\\\/208753\\\/\"]}]},{\"@type\":\"ImageObject\",\"inLanguage\":\"fr-FR\",\"@id\":\"https:\\\/\\\/www.webdo.tn\\\/fr\\\/actualite\\\/culture\\\/djerba-un-haut-responsable-de-l-unesco-felicite-la-tunisie\\\/208753\\\/#primaryimage\",\"url\":\"https:\\\/\\\/www.webdo.tn\\\/fr\\\/wp-content\\\/uploads\\\/2023\\\/09\\\/e95736fe229efac891eee298ac657e04.jpg\",\"contentUrl\":\"https:\\\/\\\/www.webdo.tn\\\/fr\\\/wp-content\\\/uploads\\\/2023\\\/09\\\/e95736fe229efac891eee298ac657e04.jpg\",\"width\":750,\"height\":400,\"caption\":\"Djerba : Un haut responsable de l\u2019UNESCO f\u00e9licite la Tunisie\"},{\"@type\":\"BreadcrumbList\",\"@id\":\"https:\\\/\\\/www.webdo.tn\\\/fr\\\/actualite\\\/culture\\\/djerba-un-haut-responsable-de-l-unesco-felicite-la-tunisie\\\/208753\\\/#breadcrumb\",\"itemListElement\":[{\"@type\":\"ListItem\",\"position\":1,\"name\":\"Accueil\",\"item\":\"https:\\\/\\\/www.webdo.tn\\\/fr\\\/\"},{\"@type\":\"ListItem\",\"position\":2,\"name\":\"Djerba : Un haut responsable de l\u2019UNESCO f\u00e9licite la Tunisie\"}]},{\"@type\":\"WebSite\",\"@id\":\"https:\\\/\\\/www.webdo.tn\\\/fr\\\/#website\",\"url\":\"https:\\\/\\\/www.webdo.tn\\\/fr\\\/\",\"name\":\"webdo\",\"description\":\"Tunisie - News en Tunisie et \u00e0 l&#039;international sur Webdo.tn\",\"publisher\":{\"@id\":\"https:\\\/\\\/www.webdo.tn\\\/fr\\\/#organization\"},\"potentialAction\":[{\"@type\":\"SearchAction\",\"target\":{\"@type\":\"EntryPoint\",\"urlTemplate\":\"https:\\\/\\\/www.webdo.tn\\\/fr\\\/?s={search_term_string}\"},\"query-input\":{\"@type\":\"PropertyValueSpecification\",\"valueRequired\":true,\"valueName\":\"search_term_string\"}}],\"inLanguage\":\"fr-FR\"},{\"@type\":\"Organization\",\"@id\":\"https:\\\/\\\/www.webdo.tn\\\/fr\\\/#organization\",\"name\":\"Webdo\",\"alternateName\":\"Webdo.tn\",\"url\":\"https:\\\/\\\/www.webdo.tn\\\/fr\\\/\",\"logo\":{\"@type\":\"ImageObject\",\"inLanguage\":\"fr-FR\",\"@id\":\"https:\\\/\\\/www.webdo.tn\\\/fr\\\/#\\\/schema\\\/logo\\\/image\\\/\",\"url\":\"https:\\\/\\\/www.webdo.tn\\\/fr\\\/wp-content\\\/uploads\\\/2025\\\/06\\\/Webdo-Tunisie_168377.jpg\",\"contentUrl\":\"https:\\\/\\\/www.webdo.tn\\\/fr\\\/wp-content\\\/uploads\\\/2025\\\/06\\\/Webdo-Tunisie_168377.jpg\",\"width\":301,\"height\":301,\"caption\":\"Webdo\"},\"image\":{\"@id\":\"https:\\\/\\\/www.webdo.tn\\\/fr\\\/#\\\/schema\\\/logo\\\/image\\\/\"},\"sameAs\":[\"https:\\\/\\\/www.facebook.com\\\/webdotn\",\"https:\\\/\\\/x.com\\\/webdo_tn\"],\"description\":\"Webdo est un m\u00e9dia num\u00e9rique tunisien fond\u00e9 en 2010, sp\u00e9cialis\u00e9 dans l\u2019actualit\u00e9 nationale et internationale, l\u2019\u00e9conomie, la soci\u00e9t\u00e9 et les analyses politiques. Le site s\u2019adresse \u00e0 un large public francophone et couvre l\u2019information tunisienne en temps r\u00e9el.\",\"email\":\"redac@webdo.tn\",\"legalName\":\"YNJ SARL\",\"foundingDate\":\"2010-09-06\",\"numberOfEmployees\":{\"@type\":\"QuantitativeValue\",\"minValue\":\"11\",\"maxValue\":\"50\"}},{\"@type\":\"Person\",\"@id\":\"https:\\\/\\\/www.webdo.tn\\\/fr\\\/#\\\/schema\\\/person\\\/f35b42a42c5e2511bbd282959d6385cc\",\"name\":\"CL\",\"image\":{\"@type\":\"ImageObject\",\"inLanguage\":\"fr-FR\",\"@id\":\"https:\\\/\\\/secure.gravatar.com\\\/avatar\\\/1447a49909b67aa657c488aec6512e1dd6143a480c1ecfee9b5b5cd74eb3b59e?s=96&d=mm&r=g\",\"url\":\"https:\\\/\\\/secure.gravatar.com\\\/avatar\\\/1447a49909b67aa657c488aec6512e1dd6143a480c1ecfee9b5b5cd74eb3b59e?s=96&d=mm&r=g\",\"contentUrl\":\"https:\\\/\\\/secure.gravatar.com\\\/avatar\\\/1447a49909b67aa657c488aec6512e1dd6143a480c1ecfee9b5b5cd74eb3b59e?s=96&d=mm&r=g\",\"caption\":\"CL\"},\"url\":\"https:\\\/\\\/www.webdo.tn\\\/fr\\\/actualite\\\/author\\\/cl\\\/\"}]}<\/script>\n<!-- \/ Yoast SEO Premium plugin. -->","yoast_head_json":{"title":"Djerba : Un haut responsable de l\u2019UNESCO f\u00e9licite la Tunisie","description":"Le Directeur r\u00e9gional du Bureau de l'Organisation des Nations unies pour l'\u00e9ducation, la science et la culture (UNESCO) pour le Maghreb, le Fran\u00e7ais Eric Falt,...","canonical":"https:\/\/www.webdo.tn\/fr\/actualite\/culture\/djerba-un-haut-responsable-de-l-unesco-felicite-la-tunisie\/208753\/","og_locale":"fr_FR","og_type":"article","og_title":"Djerba : Un haut responsable de l\u2019UNESCO f\u00e9licite la Tunisie","og_description":"Le Directeur r\u00e9gional du Bureau de l'Organisation des Nations unies pour l'\u00e9ducation, la science et la culture (UNESCO) pour le Maghreb, le Fran\u00e7ais Eric Falt,...","og_url":"https:\/\/www.webdo.tn\/fr\/actualite\/culture\/djerba-un-haut-responsable-de-l-unesco-felicite-la-tunisie\/208753\/","og_site_name":"webdo","article_publisher":"https:\/\/www.facebook.com\/webdotn","article_published_time":"2023-09-18T19:58:00+00:00","article_modified_time":"2025-05-20T22:41:06+00:00","og_image":[{"width":750,"height":400,"url":"https:\/\/www.webdo.tn\/fr\/wp-content\/uploads\/2023\/09\/e95736fe229efac891eee298ac657e04.jpg","type":"image\/jpeg"}],"author":"CL","twitter_card":"summary_large_image","twitter_creator":"@webdo_tn","twitter_site":"@webdo_tn","twitter_misc":{"\u00c9crit par":"CL","Dur\u00e9e de lecture estim\u00e9e":"1 minute"},"schema":{"@context":"https:\/\/schema.org","@graph":[{"@type":"NewsArticle","@id":"https:\/\/www.webdo.tn\/fr\/actualite\/culture\/djerba-un-haut-responsable-de-l-unesco-felicite-la-tunisie\/208753\/#article","isPartOf":{"@id":"https:\/\/www.webdo.tn\/fr\/actualite\/culture\/djerba-un-haut-responsable-de-l-unesco-felicite-la-tunisie\/208753\/"},"author":{"name":"CL","@id":"https:\/\/www.webdo.tn\/fr\/#\/schema\/person\/f35b42a42c5e2511bbd282959d6385cc"},"headline":"Djerba : Un haut responsable de l\u2019UNESCO f\u00e9licite la Tunisie","datePublished":"2023-09-18T19:58:00+00:00","dateModified":"2025-05-20T22:41:06+00:00","mainEntityOfPage":{"@id":"https:\/\/www.webdo.tn\/fr\/actualite\/culture\/djerba-un-haut-responsable-de-l-unesco-felicite-la-tunisie\/208753\/"},"wordCount":279,"commentCount":0,"publisher":{"@id":"https:\/\/www.webdo.tn\/fr\/#organization"},"image":{"@id":"https:\/\/www.webdo.tn\/fr\/actualite\/culture\/djerba-un-haut-responsable-de-l-unesco-felicite-la-tunisie\/208753\/#primaryimage"},"thumbnailUrl":"https:\/\/www.webdo.tn\/fr\/wp-content\/uploads\/2023\/09\/e95736fe229efac891eee298ac657e04.jpg","keywords":["djerba","patrimoine","Tunisie","unesco"],"articleSection":["Culture"],"inLanguage":"fr-FR"},{"@type":"WebPage","@id":"https:\/\/www.webdo.tn\/fr\/actualite\/culture\/djerba-un-haut-responsable-de-l-unesco-felicite-la-tunisie\/208753\/","url":"https:\/\/www.webdo.tn\/fr\/actualite\/culture\/djerba-un-haut-responsable-de-l-unesco-felicite-la-tunisie\/208753\/","name":"Djerba : Un haut responsable de l\u2019UNESCO f\u00e9licite la Tunisie","isPartOf":{"@id":"https:\/\/www.webdo.tn\/fr\/#website"},"primaryImageOfPage":{"@id":"https:\/\/www.webdo.tn\/fr\/actualite\/culture\/djerba-un-haut-responsable-de-l-unesco-felicite-la-tunisie\/208753\/#primaryimage"},"image":{"@id":"https:\/\/www.webdo.tn\/fr\/actualite\/culture\/djerba-un-haut-responsable-de-l-unesco-felicite-la-tunisie\/208753\/#primaryimage"},"thumbnailUrl":"https:\/\/www.webdo.tn\/fr\/wp-content\/uploads\/2023\/09\/e95736fe229efac891eee298ac657e04.jpg","datePublished":"2023-09-18T19:58:00+00:00","dateModified":"2025-05-20T22:41:06+00:00","description":"Le Directeur r\u00e9gional du Bureau de l'Organisation des Nations unies pour l'\u00e9ducation, la science et la culture (UNESCO) pour le Maghreb, le Fran\u00e7ais Eric Falt,...","breadcrumb":{"@id":"https:\/\/www.webdo.tn\/fr\/actualite\/culture\/djerba-un-haut-responsable-de-l-unesco-felicite-la-tunisie\/208753\/#breadcrumb"},"inLanguage":"fr-FR","potentialAction":[{"@type":"ReadAction","target":["https:\/\/www.webdo.tn\/fr\/actualite\/culture\/djerba-un-haut-responsable-de-l-unesco-felicite-la-tunisie\/208753\/"]}]},{"@type":"ImageObject","inLanguage":"fr-FR","@id":"https:\/\/www.webdo.tn\/fr\/actualite\/culture\/djerba-un-haut-responsable-de-l-unesco-felicite-la-tunisie\/208753\/#primaryimage","url":"https:\/\/www.webdo.tn\/fr\/wp-content\/uploads\/2023\/09\/e95736fe229efac891eee298ac657e04.jpg","contentUrl":"https:\/\/www.webdo.tn\/fr\/wp-content\/uploads\/2023\/09\/e95736fe229efac891eee298ac657e04.jpg","width":750,"height":400,"caption":"Djerba : Un haut responsable de l\u2019UNESCO f\u00e9licite la Tunisie"},{"@type":"BreadcrumbList","@id":"https:\/\/www.webdo.tn\/fr\/actualite\/culture\/djerba-un-haut-responsable-de-l-unesco-felicite-la-tunisie\/208753\/#breadcrumb","itemListElement":[{"@type":"ListItem","position":1,"name":"Accueil","item":"https:\/\/www.webdo.tn\/fr\/"},{"@type":"ListItem","position":2,"name":"Djerba : Un haut responsable de l\u2019UNESCO f\u00e9licite la Tunisie"}]},{"@type":"WebSite","@id":"https:\/\/www.webdo.tn\/fr\/#website","url":"https:\/\/www.webdo.tn\/fr\/","name":"webdo","description":"Tunisie - News en Tunisie et \u00e0 l&#039;international sur Webdo.tn","publisher":{"@id":"https:\/\/www.webdo.tn\/fr\/#organization"},"potentialAction":[{"@type":"SearchAction","target":{"@type":"EntryPoint","urlTemplate":"https:\/\/www.webdo.tn\/fr\/?s={search_term_string}"},"query-input":{"@type":"PropertyValueSpecification","valueRequired":true,"valueName":"search_term_string"}}],"inLanguage":"fr-FR"},{"@type":"Organization","@id":"https:\/\/www.webdo.tn\/fr\/#organization","name":"Webdo","alternateName":"Webdo.tn","url":"https:\/\/www.webdo.tn\/fr\/","logo":{"@type":"ImageObject","inLanguage":"fr-FR","@id":"https:\/\/www.webdo.tn\/fr\/#\/schema\/logo\/image\/","url":"https:\/\/www.webdo.tn\/fr\/wp-content\/uploads\/2025\/06\/Webdo-Tunisie_168377.jpg","contentUrl":"https:\/\/www.webdo.tn\/fr\/wp-content\/uploads\/2025\/06\/Webdo-Tunisie_168377.jpg","width":301,"height":301,"caption":"Webdo"},"image":{"@id":"https:\/\/www.webdo.tn\/fr\/#\/schema\/logo\/image\/"},"sameAs":["https:\/\/www.facebook.com\/webdotn","https:\/\/x.com\/webdo_tn"],"description":"Webdo est un m\u00e9dia num\u00e9rique tunisien fond\u00e9 en 2010, sp\u00e9cialis\u00e9 dans l\u2019actualit\u00e9 nationale et internationale, l\u2019\u00e9conomie, la soci\u00e9t\u00e9 et les analyses politiques. Le site s\u2019adresse \u00e0 un large public francophone et couvre l\u2019information tunisienne en temps r\u00e9el.","email":"redac@webdo.tn","legalName":"YNJ SARL","foundingDate":"2010-09-06","numberOfEmployees":{"@type":"QuantitativeValue","minValue":"11","maxValue":"50"}},{"@type":"Person","@id":"https:\/\/www.webdo.tn\/fr\/#\/schema\/person\/f35b42a42c5e2511bbd282959d6385cc","name":"CL","image":{"@type":"ImageObject","inLanguage":"fr-FR","@id":"https:\/\/secure.gravatar.com\/avatar\/1447a49909b67aa657c488aec6512e1dd6143a480c1ecfee9b5b5cd74eb3b59e?s=96&d=mm&r=g","url":"https:\/\/secure.gravatar.com\/avatar\/1447a49909b67aa657c488aec6512e1dd6143a480c1ecfee9b5b5cd74eb3b59e?s=96&d=mm&r=g","contentUrl":"https:\/\/secure.gravatar.com\/avatar\/1447a49909b67aa657c488aec6512e1dd6143a480c1ecfee9b5b5cd74eb3b59e?s=96&d=mm&r=g","caption":"CL"},"url":"https:\/\/www.webdo.tn\/fr\/actualite\/author\/cl\/"}]}},"_links":{"self":[{"href":"https:\/\/www.webdo.tn\/fr\/wp-json\/wp\/v2\/posts\/208753","targetHints":{"allow":["GET"]}}],"collection":[{"href":"https:\/\/www.webdo.tn\/fr\/wp-json\/wp\/v2\/posts"}],"about":[{"href":"https:\/\/www.webdo.tn\/fr\/wp-json\/wp\/v2\/types\/post"}],"author":[{"embeddable":true,"href":"https:\/\/www.webdo.tn\/fr\/wp-json\/wp\/v2\/users\/3175"}],"replies":[{"embeddable":true,"href":"https:\/\/www.webdo.tn\/fr\/wp-json\/wp\/v2\/comments?post=208753"}],"version-history":[{"count":0,"href":"https:\/\/www.webdo.tn\/fr\/wp-json\/wp\/v2\/posts\/208753\/revisions"}],"wp:featuredmedia":[{"embeddable":true,"href":"https:\/\/www.webdo.tn\/fr\/wp-json\/wp\/v2\/media\/249291"}],"wp:attachment":[{"href":"https:\/\/www.webdo.tn\/fr\/wp-json\/wp\/v2\/media?parent=208753"}],"wp:term":[{"taxonomy":"category","embeddable":true,"href":"https:\/\/www.webdo.tn\/fr\/wp-json\/wp\/v2\/categories?post=208753"},{"taxonomy":"post_tag","embeddable":true,"href":"https:\/\/www.webdo.tn\/fr\/wp-json\/wp\/v2\/tags?post=208753"}],"curies":[{"name":"wp","href":"https:\/\/api.w.org\/{rel}","templated":true}]}}