{"id":208747,"date":"2023-09-18T17:50:00","date_gmt":"2023-09-18T17:50:00","guid":{"rendered":"https:\/\/www.webdo.tn\/fr\/blog\/djerba-est-officiellement-inscrite-au-patrimoine-mondial-de-l-unesco\/208747\/"},"modified":"2023-09-18T17:50:00","modified_gmt":"2023-09-18T17:50:00","slug":"djerba-est-officiellement-inscrite-au-patrimoine-mondial-de-l-unesco","status":"publish","type":"post","link":"https:\/\/www.webdo.tn\/fr\/actualite\/culture\/djerba-est-officiellement-inscrite-au-patrimoine-mondial-de-l-unesco\/208747\/","title":{"rendered":"Djerba est officiellement inscrite au patrimoine mondial de l&rsquo;Unesco"},"content":{"rendered":"<p>Ile mythique d&rsquo;Ulysse et havre de mixit\u00e9, Djerba a \u00e9t\u00e9 inscrite aujourd&rsquo;hui sur la liste du patrimoine mondial. L&rsquo;annonce en a \u00e9t\u00e9 faite par le comit\u00e9 des \u00c9tats membres de l&rsquo;Unesco, r\u00e9uni ce lundi \u00e0 Riadh, en Arabie saoudite.<\/p>\n<p>Alors que nous venons d&rsquo;apprendre l&rsquo;inscription de Djerba au patrimoine mondial de l&rsquo;UNESCO, il peut \u00eatre utile de se pencher sur la diversit\u00e9 qui caract\u00e9rise l&rsquo;\u00eele du sud tunisien.\u00a0<\/p>\n<p>En effet, plusieurs \u00e9l\u00e9ments ont enrichi le paysage humain de l&rsquo;\u00eele. \u00c0 travers les si\u00e8cles, Djerba est v\u00e9ritablement devenue l&rsquo;\u00eele o\u00f9 la pr\u00e9sence de minorit\u00e9s est la plus remarquable en Tunisie.<\/p>\n<p>Si nous parlons de minorit\u00e9s, il serait tout aussi pertinent d&#8217;employer le terme de communaut\u00e9s qui s&rsquo;agr\u00e8gent au m\u00eame mod\u00e8le djerbien.<\/p>\n<p>Ainsi, la premi\u00e8re des minorit\u00e9s djerbiennes est constitu\u00e9e par la communaut\u00e9 juive dont l&rsquo;ancrage historique remonte \u00e0 l&rsquo;Antiquit\u00e9. En effet, les sources anciennes attestent de l&rsquo;\u00e9tablissement des juifs \u00e0 Djerba depuis la lointaine \u00e9poque de la destruction du Temple.<\/p>\n<p>Ils sont plus d&rsquo;un millier \u00e0 vivre aujourd&rsquo;hui \u00e0 Djerba, essentiellement au village de Hara Kebira \u00e9galement nomm\u00e9 Souani. Les juifs de Djerba constituent d\u00e9sormais la premi\u00e8re communaut\u00e9 juive tunisienne pr\u00e9c\u00e9dant celle de Zarzis, Sousse et Tunis.<\/p>\n<p>Deux autres communaut\u00e9s minoritaires se concentrent dans le sud de Djerba. Il s&rsquo;agit des ibadites et des amazigh. Ces derniers continuent \u00e0 employer la langue berb\u00e8re et sont qualifi\u00e9s de berb\u00e8rophones. Quant aux ibadites, ils constituent une minorit\u00e9 religieuse musulmane qui poss\u00e8de ses propres mosqu\u00e9es et r\u00e9seaux de solidarit\u00e9.<\/p>\n<p>La communaut\u00e9 noire est une autre composante de la mosa\u00efque djerbienne. Avec des racines qu&rsquo;on situe dans l&rsquo;ouest du continent africain et aussi plusieurs \u00e9l\u00e9ments venus \u00e0 Djerba \u00e0 partir de l&rsquo;axe migratoire qui allait de Kebili \u00e0 Gab\u00e8s en passant par l&rsquo;ancien centre caravanier d&rsquo;El Mdou. Des villages comme par exemple<\/p>\n<p>Arkou concentrent une \u00a0importante population noire qui est parfaitement int\u00e9gr\u00e9e et dynamique.<\/p>\n<p>Deux communaut\u00e9s chr\u00e9tiennes vivent \u00e0 Djerba et rayonnent autour de leurs lieux de culte respectifs. Il s&rsquo;agit des catholiques dont l&rsquo;\u00e9glise Saint Joseph a \u00e9t\u00e9 reconsacr\u00e9e apr\u00e8s avoir longtemps gard\u00e9 ses portes closes.<\/p>\n<p>De m\u00eame, une \u00e9glise grecque orthodoxe est toujours ouverte \u00e0 Djerba et se souvient de la pr\u00e9sence d&rsquo;une communaut\u00e9 de p\u00eacheurs grecs \u00e9tablis en l&rsquo;\u00eele. Pour rappel, une importante communaut\u00e9 maltaise a \u00e9galement longtemps v\u00e9cu \u00e0 Djerba comme l&rsquo;attestent plusieurs fondouks diss\u00e9min\u00e9s au centre de Houmt Souk.<\/p>\n<p>Enfin, on peut parler d&rsquo;une septi\u00e8me minorit\u00e9 repr\u00e9sent\u00e9e par les nombreux europ\u00e9ens qui ont choisi de vivre en permanence \u00e0 Djerba. Fran\u00e7ais, Italiens ou Allemands, ils ont adopt\u00e9 l&rsquo;\u00eele et ont \u00e9t\u00e9 adopt\u00e9s par elle. Cette derni\u00e8re communaut\u00e9 est fort dynamique et souligne la vocation de creuset de Djerba.<\/p>\n<p>Notons enfin que Djerba est le neuvi\u00e8me site tunisien \u00e0 \u00eatre inscrit sur la liste du patrimoine mondial. Se f\u00e9licitant de cette inscription, le Minist\u00e8re des Affaires culturelles a soulign\u00e9 que sept zones et vingt-quatre monuments de l&rsquo;\u00eele \u00e9taient concern\u00e9s par ce classement.\u00a0<\/p>\n<p>\u00a0<\/p>\n<p>H.B.<\/p>\n","protected":false},"excerpt":{"rendered":"<p>Ile mythique d&rsquo;Ulysse et havre de mixit\u00e9, Djerba a \u00e9t\u00e9 inscrite aujourd&rsquo;hui sur la liste du patrimoine mondial. L&rsquo;annonce en a \u00e9t\u00e9 faite par le comit\u00e9 des \u00c9tats&#8230;<\/p>\n","protected":false},"author":3229,"featured_media":249290,"comment_status":"open","ping_status":"closed","sticky":false,"template":"","format":"standard","meta":{"footnotes":""},"categories":[2594],"tags":[3696,3392,2608,4946],"class_list":["post-208747","post","type-post","status-publish","format-standard","has-post-thumbnail","hentry","category-culture","tag-djerba","tag-patrimoine","tag-tunisie","tag-unesco"],"yoast_head":"<!-- This site is optimized with the Yoast SEO Premium plugin v27.5 (Yoast SEO v27.5) - https:\/\/yoast.com\/product\/yoast-seo-premium-wordpress\/ -->\n<title>Djerba est officiellement inscrite au patrimoine mondial de l&#039;Unesco<\/title>\n<meta name=\"description\" content=\"Ile mythique d&#039;Ulysse et havre de mixit\u00e9, Djerba a \u00e9t\u00e9 inscrite aujourd&#039;hui sur la liste du patrimoine mondial. L&#039;annonce en a \u00e9t\u00e9 faite par le comit\u00e9 des \u00c9tats...\" \/>\n<link rel=\"canonical\" href=\"https:\/\/www.webdo.tn\/fr\/actualite\/culture\/djerba-est-officiellement-inscrite-au-patrimoine-mondial-de-l-unesco\/208747\/\" \/>\n<meta property=\"og:locale\" content=\"fr_FR\" \/>\n<meta property=\"og:type\" content=\"article\" \/>\n<meta property=\"og:title\" content=\"Djerba est officiellement inscrite au patrimoine mondial de l&#039;Unesco\" \/>\n<meta property=\"og:description\" content=\"Ile mythique d&#039;Ulysse et havre de mixit\u00e9, Djerba a \u00e9t\u00e9 inscrite aujourd&#039;hui sur la liste du patrimoine mondial. L&#039;annonce en a \u00e9t\u00e9 faite par le comit\u00e9 des \u00c9tats...\" \/>\n<meta property=\"og:url\" content=\"https:\/\/www.webdo.tn\/fr\/actualite\/culture\/djerba-est-officiellement-inscrite-au-patrimoine-mondial-de-l-unesco\/208747\/\" \/>\n<meta property=\"og:site_name\" content=\"webdo\" \/>\n<meta property=\"article:publisher\" content=\"https:\/\/www.facebook.com\/webdotn\" \/>\n<meta property=\"article:author\" content=\"https:\/\/www.facebook.com\/hatem.bourial.2025\" \/>\n<meta property=\"article:published_time\" content=\"2023-09-18T17:50:00+00:00\" \/>\n<meta property=\"og:image\" content=\"https:\/\/www.webdo.tn\/fr\/wp-content\/uploads\/2023\/09\/12c958f9d85fb7dd710c856376a7397e.jpg\" \/>\n\t<meta property=\"og:image:width\" content=\"750\" \/>\n\t<meta property=\"og:image:height\" content=\"400\" \/>\n\t<meta property=\"og:image:type\" content=\"image\/jpeg\" \/>\n<meta name=\"author\" content=\"Hatem Bourial\" \/>\n<meta name=\"twitter:card\" content=\"summary_large_image\" \/>\n<meta name=\"twitter:creator\" content=\"@webdo_tn\" \/>\n<meta name=\"twitter:site\" content=\"@webdo_tn\" \/>\n<meta name=\"twitter:label1\" content=\"\u00c9crit par\" \/>\n\t<meta name=\"twitter:data1\" content=\"Hatem Bourial\" \/>\n\t<meta name=\"twitter:label2\" content=\"Dur\u00e9e de lecture estim\u00e9e\" \/>\n\t<meta name=\"twitter:data2\" content=\"3 minutes\" \/>\n<script type=\"application\/ld+json\" class=\"yoast-schema-graph\">{\"@context\":\"https:\\\/\\\/schema.org\",\"@graph\":[{\"@type\":\"NewsArticle\",\"@id\":\"https:\\\/\\\/www.webdo.tn\\\/fr\\\/actualite\\\/culture\\\/djerba-est-officiellement-inscrite-au-patrimoine-mondial-de-l-unesco\\\/208747\\\/#article\",\"isPartOf\":{\"@id\":\"https:\\\/\\\/www.webdo.tn\\\/fr\\\/actualite\\\/culture\\\/djerba-est-officiellement-inscrite-au-patrimoine-mondial-de-l-unesco\\\/208747\\\/\"},\"author\":{\"name\":\"Hatem Bourial\",\"@id\":\"https:\\\/\\\/www.webdo.tn\\\/fr\\\/#\\\/schema\\\/person\\\/6bc0beba2cd23aec27cb5df85ca2554f\"},\"headline\":\"Djerba est officiellement inscrite au patrimoine mondial de l&rsquo;Unesco\",\"datePublished\":\"2023-09-18T17:50:00+00:00\",\"mainEntityOfPage\":{\"@id\":\"https:\\\/\\\/www.webdo.tn\\\/fr\\\/actualite\\\/culture\\\/djerba-est-officiellement-inscrite-au-patrimoine-mondial-de-l-unesco\\\/208747\\\/\"},\"wordCount\":561,\"commentCount\":0,\"publisher\":{\"@id\":\"https:\\\/\\\/www.webdo.tn\\\/fr\\\/#organization\"},\"image\":{\"@id\":\"https:\\\/\\\/www.webdo.tn\\\/fr\\\/actualite\\\/culture\\\/djerba-est-officiellement-inscrite-au-patrimoine-mondial-de-l-unesco\\\/208747\\\/#primaryimage\"},\"thumbnailUrl\":\"https:\\\/\\\/www.webdo.tn\\\/fr\\\/wp-content\\\/uploads\\\/2023\\\/09\\\/12c958f9d85fb7dd710c856376a7397e.jpg\",\"keywords\":[\"djerba\",\"patrimoine\",\"Tunisie\",\"unesco\"],\"articleSection\":[\"Culture\"],\"inLanguage\":\"fr-FR\"},{\"@type\":\"WebPage\",\"@id\":\"https:\\\/\\\/www.webdo.tn\\\/fr\\\/actualite\\\/culture\\\/djerba-est-officiellement-inscrite-au-patrimoine-mondial-de-l-unesco\\\/208747\\\/\",\"url\":\"https:\\\/\\\/www.webdo.tn\\\/fr\\\/actualite\\\/culture\\\/djerba-est-officiellement-inscrite-au-patrimoine-mondial-de-l-unesco\\\/208747\\\/\",\"name\":\"Djerba est officiellement inscrite au patrimoine mondial de l'Unesco\",\"isPartOf\":{\"@id\":\"https:\\\/\\\/www.webdo.tn\\\/fr\\\/#website\"},\"primaryImageOfPage\":{\"@id\":\"https:\\\/\\\/www.webdo.tn\\\/fr\\\/actualite\\\/culture\\\/djerba-est-officiellement-inscrite-au-patrimoine-mondial-de-l-unesco\\\/208747\\\/#primaryimage\"},\"image\":{\"@id\":\"https:\\\/\\\/www.webdo.tn\\\/fr\\\/actualite\\\/culture\\\/djerba-est-officiellement-inscrite-au-patrimoine-mondial-de-l-unesco\\\/208747\\\/#primaryimage\"},\"thumbnailUrl\":\"https:\\\/\\\/www.webdo.tn\\\/fr\\\/wp-content\\\/uploads\\\/2023\\\/09\\\/12c958f9d85fb7dd710c856376a7397e.jpg\",\"datePublished\":\"2023-09-18T17:50:00+00:00\",\"description\":\"Ile mythique d'Ulysse et havre de mixit\u00e9, Djerba a \u00e9t\u00e9 inscrite aujourd'hui sur la liste du patrimoine mondial. L'annonce en a \u00e9t\u00e9 faite par le comit\u00e9 des \u00c9tats...\",\"breadcrumb\":{\"@id\":\"https:\\\/\\\/www.webdo.tn\\\/fr\\\/actualite\\\/culture\\\/djerba-est-officiellement-inscrite-au-patrimoine-mondial-de-l-unesco\\\/208747\\\/#breadcrumb\"},\"inLanguage\":\"fr-FR\",\"potentialAction\":[{\"@type\":\"ReadAction\",\"target\":[\"https:\\\/\\\/www.webdo.tn\\\/fr\\\/actualite\\\/culture\\\/djerba-est-officiellement-inscrite-au-patrimoine-mondial-de-l-unesco\\\/208747\\\/\"]}]},{\"@type\":\"ImageObject\",\"inLanguage\":\"fr-FR\",\"@id\":\"https:\\\/\\\/www.webdo.tn\\\/fr\\\/actualite\\\/culture\\\/djerba-est-officiellement-inscrite-au-patrimoine-mondial-de-l-unesco\\\/208747\\\/#primaryimage\",\"url\":\"https:\\\/\\\/www.webdo.tn\\\/fr\\\/wp-content\\\/uploads\\\/2023\\\/09\\\/12c958f9d85fb7dd710c856376a7397e.jpg\",\"contentUrl\":\"https:\\\/\\\/www.webdo.tn\\\/fr\\\/wp-content\\\/uploads\\\/2023\\\/09\\\/12c958f9d85fb7dd710c856376a7397e.jpg\",\"width\":750,\"height\":400,\"caption\":\"Djerba est officiellement inscrite au patrimoine mondial de l'Unesco\"},{\"@type\":\"BreadcrumbList\",\"@id\":\"https:\\\/\\\/www.webdo.tn\\\/fr\\\/actualite\\\/culture\\\/djerba-est-officiellement-inscrite-au-patrimoine-mondial-de-l-unesco\\\/208747\\\/#breadcrumb\",\"itemListElement\":[{\"@type\":\"ListItem\",\"position\":1,\"name\":\"Accueil\",\"item\":\"https:\\\/\\\/www.webdo.tn\\\/fr\\\/\"},{\"@type\":\"ListItem\",\"position\":2,\"name\":\"Djerba est officiellement inscrite au patrimoine mondial de l&rsquo;Unesco\"}]},{\"@type\":\"WebSite\",\"@id\":\"https:\\\/\\\/www.webdo.tn\\\/fr\\\/#website\",\"url\":\"https:\\\/\\\/www.webdo.tn\\\/fr\\\/\",\"name\":\"webdo\",\"description\":\"Tunisie - News en Tunisie et \u00e0 l&#039;international sur Webdo.tn\",\"publisher\":{\"@id\":\"https:\\\/\\\/www.webdo.tn\\\/fr\\\/#organization\"},\"potentialAction\":[{\"@type\":\"SearchAction\",\"target\":{\"@type\":\"EntryPoint\",\"urlTemplate\":\"https:\\\/\\\/www.webdo.tn\\\/fr\\\/?s={search_term_string}\"},\"query-input\":{\"@type\":\"PropertyValueSpecification\",\"valueRequired\":true,\"valueName\":\"search_term_string\"}}],\"inLanguage\":\"fr-FR\"},{\"@type\":\"Organization\",\"@id\":\"https:\\\/\\\/www.webdo.tn\\\/fr\\\/#organization\",\"name\":\"Webdo\",\"alternateName\":\"Webdo.tn\",\"url\":\"https:\\\/\\\/www.webdo.tn\\\/fr\\\/\",\"logo\":{\"@type\":\"ImageObject\",\"inLanguage\":\"fr-FR\",\"@id\":\"https:\\\/\\\/www.webdo.tn\\\/fr\\\/#\\\/schema\\\/logo\\\/image\\\/\",\"url\":\"https:\\\/\\\/www.webdo.tn\\\/fr\\\/wp-content\\\/uploads\\\/2025\\\/06\\\/Webdo-Tunisie_168377.jpg\",\"contentUrl\":\"https:\\\/\\\/www.webdo.tn\\\/fr\\\/wp-content\\\/uploads\\\/2025\\\/06\\\/Webdo-Tunisie_168377.jpg\",\"width\":301,\"height\":301,\"caption\":\"Webdo\"},\"image\":{\"@id\":\"https:\\\/\\\/www.webdo.tn\\\/fr\\\/#\\\/schema\\\/logo\\\/image\\\/\"},\"sameAs\":[\"https:\\\/\\\/www.facebook.com\\\/webdotn\",\"https:\\\/\\\/x.com\\\/webdo_tn\"],\"description\":\"Webdo est un m\u00e9dia num\u00e9rique tunisien fond\u00e9 en 2010, sp\u00e9cialis\u00e9 dans l\u2019actualit\u00e9 nationale et internationale, l\u2019\u00e9conomie, la soci\u00e9t\u00e9 et les analyses politiques. Le site s\u2019adresse \u00e0 un large public francophone et couvre l\u2019information tunisienne en temps r\u00e9el.\",\"email\":\"redac@webdo.tn\",\"legalName\":\"YNJ SARL\",\"foundingDate\":\"2010-09-06\",\"numberOfEmployees\":{\"@type\":\"QuantitativeValue\",\"minValue\":\"11\",\"maxValue\":\"50\"}},{\"@type\":\"Person\",\"@id\":\"https:\\\/\\\/www.webdo.tn\\\/fr\\\/#\\\/schema\\\/person\\\/6bc0beba2cd23aec27cb5df85ca2554f\",\"name\":\"Hatem Bourial\",\"image\":{\"@type\":\"ImageObject\",\"inLanguage\":\"fr-FR\",\"@id\":\"https:\\\/\\\/www.webdo.tn\\\/fr\\\/wp-content\\\/uploads\\\/2026\\\/04\\\/hatem-bourial_avatar-96x96.jpg\",\"url\":\"https:\\\/\\\/www.webdo.tn\\\/fr\\\/wp-content\\\/uploads\\\/2026\\\/04\\\/hatem-bourial_avatar-96x96.jpg\",\"contentUrl\":\"https:\\\/\\\/www.webdo.tn\\\/fr\\\/wp-content\\\/uploads\\\/2026\\\/04\\\/hatem-bourial_avatar-96x96.jpg\",\"caption\":\"Hatem Bourial\"},\"description\":\"Hatem Bourial est journaliste, \u00e9crivain et chroniqueur tunisien. Actif depuis plusieurs d\u00e9cennies, il s\u2019est impos\u00e9 comme un observateur attentif de la soci\u00e9t\u00e9 tunisienne, m\u00ealant dans ses \u00e9crits m\u00e9moire, culture et analyse du quotidien. Auteur de nombreux ouvrages, il d\u00e9veloppe une \u0153uvre \u00e0 la crois\u00e9e du r\u00e9cit, de la po\u00e9sie et de l\u2019observation sociologique. Parall\u00e8lement \u00e0 ses contributions dans la presse, il intervient r\u00e9guli\u00e8rement \u00e0 la radio et dans des espaces culturels, o\u00f9 il explore les enjeux li\u00e9s au patrimoine, \u00e0 l\u2019identit\u00e9 et aux transformations du monde contemporain. \u00c0 travers ses chroniques, Hatem Bourial propose une lecture sensible et approfondie de l\u2019actualit\u00e9, nourrie par une exp\u00e9rience journalistique et litt\u00e9raire reconnue. \ud83d\udd17 Facebook : https:\\\/\\\/www.facebook.com\\\/hatem.bourial.2025\",\"sameAs\":[\"https:\\\/\\\/www.facebook.com\\\/hatem.bourial.2025\",\"https:\\\/\\\/fr.wikipedia.org\\\/wiki\\\/Fichier:Hatem_Bourial.jpg\"],\"knowsAbout\":[\"Culture & patrimoine tunisien\",\"Chronique soci\u00e9tale\",\"Litt\u00e9rature & m\u00e9moire\",\"Cin\u00e9ma & critique culturelle\",\"Identit\u00e9 & mutations sociales\"],\"knowsLanguage\":[\"Arabe\",\"Fran\u00e7ais\",\"Anglais\",\"Italien\",\"Polonais\"],\"jobTitle\":\"Journaliste, \u00e9crivain et chroniqueur culturel\",\"worksFor\":\"Webdo\",\"url\":\"https:\\\/\\\/www.webdo.tn\\\/fr\\\/actualite\\\/author\\\/hatem-bourial-2\\\/\"}]}<\/script>\n<!-- \/ Yoast SEO Premium plugin. -->","yoast_head_json":{"title":"Djerba est officiellement inscrite au patrimoine mondial de l'Unesco","description":"Ile mythique d'Ulysse et havre de mixit\u00e9, Djerba a \u00e9t\u00e9 inscrite aujourd'hui sur la liste du patrimoine mondial. L'annonce en a \u00e9t\u00e9 faite par le comit\u00e9 des \u00c9tats...","canonical":"https:\/\/www.webdo.tn\/fr\/actualite\/culture\/djerba-est-officiellement-inscrite-au-patrimoine-mondial-de-l-unesco\/208747\/","og_locale":"fr_FR","og_type":"article","og_title":"Djerba est officiellement inscrite au patrimoine mondial de l'Unesco","og_description":"Ile mythique d'Ulysse et havre de mixit\u00e9, Djerba a \u00e9t\u00e9 inscrite aujourd'hui sur la liste du patrimoine mondial. L'annonce en a \u00e9t\u00e9 faite par le comit\u00e9 des \u00c9tats...","og_url":"https:\/\/www.webdo.tn\/fr\/actualite\/culture\/djerba-est-officiellement-inscrite-au-patrimoine-mondial-de-l-unesco\/208747\/","og_site_name":"webdo","article_publisher":"https:\/\/www.facebook.com\/webdotn","article_author":"https:\/\/www.facebook.com\/hatem.bourial.2025","article_published_time":"2023-09-18T17:50:00+00:00","og_image":[{"width":750,"height":400,"url":"https:\/\/www.webdo.tn\/fr\/wp-content\/uploads\/2023\/09\/12c958f9d85fb7dd710c856376a7397e.jpg","type":"image\/jpeg"}],"author":"Hatem Bourial","twitter_card":"summary_large_image","twitter_creator":"@webdo_tn","twitter_site":"@webdo_tn","twitter_misc":{"\u00c9crit par":"Hatem Bourial","Dur\u00e9e de lecture estim\u00e9e":"3 minutes"},"schema":{"@context":"https:\/\/schema.org","@graph":[{"@type":"NewsArticle","@id":"https:\/\/www.webdo.tn\/fr\/actualite\/culture\/djerba-est-officiellement-inscrite-au-patrimoine-mondial-de-l-unesco\/208747\/#article","isPartOf":{"@id":"https:\/\/www.webdo.tn\/fr\/actualite\/culture\/djerba-est-officiellement-inscrite-au-patrimoine-mondial-de-l-unesco\/208747\/"},"author":{"name":"Hatem Bourial","@id":"https:\/\/www.webdo.tn\/fr\/#\/schema\/person\/6bc0beba2cd23aec27cb5df85ca2554f"},"headline":"Djerba est officiellement inscrite au patrimoine mondial de l&rsquo;Unesco","datePublished":"2023-09-18T17:50:00+00:00","mainEntityOfPage":{"@id":"https:\/\/www.webdo.tn\/fr\/actualite\/culture\/djerba-est-officiellement-inscrite-au-patrimoine-mondial-de-l-unesco\/208747\/"},"wordCount":561,"commentCount":0,"publisher":{"@id":"https:\/\/www.webdo.tn\/fr\/#organization"},"image":{"@id":"https:\/\/www.webdo.tn\/fr\/actualite\/culture\/djerba-est-officiellement-inscrite-au-patrimoine-mondial-de-l-unesco\/208747\/#primaryimage"},"thumbnailUrl":"https:\/\/www.webdo.tn\/fr\/wp-content\/uploads\/2023\/09\/12c958f9d85fb7dd710c856376a7397e.jpg","keywords":["djerba","patrimoine","Tunisie","unesco"],"articleSection":["Culture"],"inLanguage":"fr-FR"},{"@type":"WebPage","@id":"https:\/\/www.webdo.tn\/fr\/actualite\/culture\/djerba-est-officiellement-inscrite-au-patrimoine-mondial-de-l-unesco\/208747\/","url":"https:\/\/www.webdo.tn\/fr\/actualite\/culture\/djerba-est-officiellement-inscrite-au-patrimoine-mondial-de-l-unesco\/208747\/","name":"Djerba est officiellement inscrite au patrimoine mondial de l'Unesco","isPartOf":{"@id":"https:\/\/www.webdo.tn\/fr\/#website"},"primaryImageOfPage":{"@id":"https:\/\/www.webdo.tn\/fr\/actualite\/culture\/djerba-est-officiellement-inscrite-au-patrimoine-mondial-de-l-unesco\/208747\/#primaryimage"},"image":{"@id":"https:\/\/www.webdo.tn\/fr\/actualite\/culture\/djerba-est-officiellement-inscrite-au-patrimoine-mondial-de-l-unesco\/208747\/#primaryimage"},"thumbnailUrl":"https:\/\/www.webdo.tn\/fr\/wp-content\/uploads\/2023\/09\/12c958f9d85fb7dd710c856376a7397e.jpg","datePublished":"2023-09-18T17:50:00+00:00","description":"Ile mythique d'Ulysse et havre de mixit\u00e9, Djerba a \u00e9t\u00e9 inscrite aujourd'hui sur la liste du patrimoine mondial. L'annonce en a \u00e9t\u00e9 faite par le comit\u00e9 des \u00c9tats...","breadcrumb":{"@id":"https:\/\/www.webdo.tn\/fr\/actualite\/culture\/djerba-est-officiellement-inscrite-au-patrimoine-mondial-de-l-unesco\/208747\/#breadcrumb"},"inLanguage":"fr-FR","potentialAction":[{"@type":"ReadAction","target":["https:\/\/www.webdo.tn\/fr\/actualite\/culture\/djerba-est-officiellement-inscrite-au-patrimoine-mondial-de-l-unesco\/208747\/"]}]},{"@type":"ImageObject","inLanguage":"fr-FR","@id":"https:\/\/www.webdo.tn\/fr\/actualite\/culture\/djerba-est-officiellement-inscrite-au-patrimoine-mondial-de-l-unesco\/208747\/#primaryimage","url":"https:\/\/www.webdo.tn\/fr\/wp-content\/uploads\/2023\/09\/12c958f9d85fb7dd710c856376a7397e.jpg","contentUrl":"https:\/\/www.webdo.tn\/fr\/wp-content\/uploads\/2023\/09\/12c958f9d85fb7dd710c856376a7397e.jpg","width":750,"height":400,"caption":"Djerba est officiellement inscrite au patrimoine mondial de l'Unesco"},{"@type":"BreadcrumbList","@id":"https:\/\/www.webdo.tn\/fr\/actualite\/culture\/djerba-est-officiellement-inscrite-au-patrimoine-mondial-de-l-unesco\/208747\/#breadcrumb","itemListElement":[{"@type":"ListItem","position":1,"name":"Accueil","item":"https:\/\/www.webdo.tn\/fr\/"},{"@type":"ListItem","position":2,"name":"Djerba est officiellement inscrite au patrimoine mondial de l&rsquo;Unesco"}]},{"@type":"WebSite","@id":"https:\/\/www.webdo.tn\/fr\/#website","url":"https:\/\/www.webdo.tn\/fr\/","name":"webdo","description":"Tunisie - News en Tunisie et \u00e0 l&#039;international sur Webdo.tn","publisher":{"@id":"https:\/\/www.webdo.tn\/fr\/#organization"},"potentialAction":[{"@type":"SearchAction","target":{"@type":"EntryPoint","urlTemplate":"https:\/\/www.webdo.tn\/fr\/?s={search_term_string}"},"query-input":{"@type":"PropertyValueSpecification","valueRequired":true,"valueName":"search_term_string"}}],"inLanguage":"fr-FR"},{"@type":"Organization","@id":"https:\/\/www.webdo.tn\/fr\/#organization","name":"Webdo","alternateName":"Webdo.tn","url":"https:\/\/www.webdo.tn\/fr\/","logo":{"@type":"ImageObject","inLanguage":"fr-FR","@id":"https:\/\/www.webdo.tn\/fr\/#\/schema\/logo\/image\/","url":"https:\/\/www.webdo.tn\/fr\/wp-content\/uploads\/2025\/06\/Webdo-Tunisie_168377.jpg","contentUrl":"https:\/\/www.webdo.tn\/fr\/wp-content\/uploads\/2025\/06\/Webdo-Tunisie_168377.jpg","width":301,"height":301,"caption":"Webdo"},"image":{"@id":"https:\/\/www.webdo.tn\/fr\/#\/schema\/logo\/image\/"},"sameAs":["https:\/\/www.facebook.com\/webdotn","https:\/\/x.com\/webdo_tn"],"description":"Webdo est un m\u00e9dia num\u00e9rique tunisien fond\u00e9 en 2010, sp\u00e9cialis\u00e9 dans l\u2019actualit\u00e9 nationale et internationale, l\u2019\u00e9conomie, la soci\u00e9t\u00e9 et les analyses politiques. Le site s\u2019adresse \u00e0 un large public francophone et couvre l\u2019information tunisienne en temps r\u00e9el.","email":"redac@webdo.tn","legalName":"YNJ SARL","foundingDate":"2010-09-06","numberOfEmployees":{"@type":"QuantitativeValue","minValue":"11","maxValue":"50"}},{"@type":"Person","@id":"https:\/\/www.webdo.tn\/fr\/#\/schema\/person\/6bc0beba2cd23aec27cb5df85ca2554f","name":"Hatem Bourial","image":{"@type":"ImageObject","inLanguage":"fr-FR","@id":"https:\/\/www.webdo.tn\/fr\/wp-content\/uploads\/2026\/04\/hatem-bourial_avatar-96x96.jpg","url":"https:\/\/www.webdo.tn\/fr\/wp-content\/uploads\/2026\/04\/hatem-bourial_avatar-96x96.jpg","contentUrl":"https:\/\/www.webdo.tn\/fr\/wp-content\/uploads\/2026\/04\/hatem-bourial_avatar-96x96.jpg","caption":"Hatem Bourial"},"description":"Hatem Bourial est journaliste, \u00e9crivain et chroniqueur tunisien. Actif depuis plusieurs d\u00e9cennies, il s\u2019est impos\u00e9 comme un observateur attentif de la soci\u00e9t\u00e9 tunisienne, m\u00ealant dans ses \u00e9crits m\u00e9moire, culture et analyse du quotidien. Auteur de nombreux ouvrages, il d\u00e9veloppe une \u0153uvre \u00e0 la crois\u00e9e du r\u00e9cit, de la po\u00e9sie et de l\u2019observation sociologique. Parall\u00e8lement \u00e0 ses contributions dans la presse, il intervient r\u00e9guli\u00e8rement \u00e0 la radio et dans des espaces culturels, o\u00f9 il explore les enjeux li\u00e9s au patrimoine, \u00e0 l\u2019identit\u00e9 et aux transformations du monde contemporain. \u00c0 travers ses chroniques, Hatem Bourial propose une lecture sensible et approfondie de l\u2019actualit\u00e9, nourrie par une exp\u00e9rience journalistique et litt\u00e9raire reconnue. \ud83d\udd17 Facebook : https:\/\/www.facebook.com\/hatem.bourial.2025","sameAs":["https:\/\/www.facebook.com\/hatem.bourial.2025","https:\/\/fr.wikipedia.org\/wiki\/Fichier:Hatem_Bourial.jpg"],"knowsAbout":["Culture & patrimoine tunisien","Chronique soci\u00e9tale","Litt\u00e9rature & m\u00e9moire","Cin\u00e9ma & critique culturelle","Identit\u00e9 & mutations sociales"],"knowsLanguage":["Arabe","Fran\u00e7ais","Anglais","Italien","Polonais"],"jobTitle":"Journaliste, \u00e9crivain et chroniqueur culturel","worksFor":"Webdo","url":"https:\/\/www.webdo.tn\/fr\/actualite\/author\/hatem-bourial-2\/"}]}},"_links":{"self":[{"href":"https:\/\/www.webdo.tn\/fr\/wp-json\/wp\/v2\/posts\/208747","targetHints":{"allow":["GET"]}}],"collection":[{"href":"https:\/\/www.webdo.tn\/fr\/wp-json\/wp\/v2\/posts"}],"about":[{"href":"https:\/\/www.webdo.tn\/fr\/wp-json\/wp\/v2\/types\/post"}],"author":[{"embeddable":true,"href":"https:\/\/www.webdo.tn\/fr\/wp-json\/wp\/v2\/users\/3229"}],"replies":[{"embeddable":true,"href":"https:\/\/www.webdo.tn\/fr\/wp-json\/wp\/v2\/comments?post=208747"}],"version-history":[{"count":0,"href":"https:\/\/www.webdo.tn\/fr\/wp-json\/wp\/v2\/posts\/208747\/revisions"}],"wp:featuredmedia":[{"embeddable":true,"href":"https:\/\/www.webdo.tn\/fr\/wp-json\/wp\/v2\/media\/249290"}],"wp:attachment":[{"href":"https:\/\/www.webdo.tn\/fr\/wp-json\/wp\/v2\/media?parent=208747"}],"wp:term":[{"taxonomy":"category","embeddable":true,"href":"https:\/\/www.webdo.tn\/fr\/wp-json\/wp\/v2\/categories?post=208747"},{"taxonomy":"post_tag","embeddable":true,"href":"https:\/\/www.webdo.tn\/fr\/wp-json\/wp\/v2\/tags?post=208747"}],"curies":[{"name":"wp","href":"https:\/\/api.w.org\/{rel}","templated":true}]}}