{"id":208738,"date":"2023-09-18T14:47:00","date_gmt":"2023-09-18T14:47:00","guid":{"rendered":"https:\/\/www.webdo.tn\/fr\/blog\/officiel-djerba-fait-partie-du-patrimoine-mondial\/208738\/"},"modified":"2025-05-20T22:41:03","modified_gmt":"2025-05-20T22:41:03","slug":"officiel-djerba-fait-partie-du-patrimoine-mondial","status":"publish","type":"post","link":"https:\/\/www.webdo.tn\/fr\/actualite\/national\/officiel-djerba-fait-partie-du-patrimoine-mondial\/208738\/","title":{"rendered":"Officiel : Djerba fait partie du patrimoine mondial !"},"content":{"rendered":"<p>Le dossier d\u2019inscription de l\u2019Ile de Djerba sur la liste du patrimoine mondial a \u00e9t\u00e9 finalement et officiellement accept\u00e9 ce lundi 18 septembre 2023 lors de la 45e session \u00e9largie du Comit\u00e9 du patrimoine mondial qui se tient \u00e0 Riyad en Arabie saoudite.<\/p>\n<p>\t\t\t\t\t\t\t\t\tApr\u00e8s plusieurs initiatives entam\u00e9es dans les ann\u00e9es 70, le dossier de candidature en vue d&rsquo;inscrire l&rsquo;Ile de Djerba sur la liste du patrimoine mondial a \u00e9t\u00e9 finalement accept\u00e9, d\u00e9but mars 2022, \u00e0 l&rsquo;Unesco. D\u00e9pos\u00e9 le 1er f\u00e9vrier 2022, ce dossier a \u00e9t\u00e9 retenu apr\u00e8s avoir \u00e9t\u00e9 \u00e9valu\u00e9 par l&rsquo;Organe consultatif sur le patrimoine culturel de l&rsquo;Organisation onusienne.<\/p>\n<p>Le 16 septembre, le Comit\u00e9 du patrimoine mondial a commenc\u00e9\u00a0l\u2019examen des propositions d&rsquo;inscription sur la Liste du patrimoine mondial de l&rsquo;UNESCO, en d\u00e9butant par les candidatures qui n&rsquo;ont pas pu \u00eatre examin\u00e9es l\u2019ann\u00e9e derni\u00e8re.<\/p>\n<p>\u00a0\u00bb Djerba : paysage culturel, t\u00e9moignage d\u2019un mode d\u2019occupation d\u2019un territoire insulaire \u00a0\u00bb est\u00a0parmi les Sites culturels nomin\u00e9s en 2023. Sur la m\u00eame liste, figurent \u00e9galement les dossiers de pays comme la Palestine (Ancien J\u00e9richo \/ Tell es-Sultan), la Turquie (Mosqu\u00e9e m\u00e9di\u00e9vales d\u2019Anatolie dot\u00e9es de colonnes et d\u2019une structure sup\u00e9rieure en bois) et l\u2019Iran (Le paysage culturel de Masouleh).<\/p>\n<p>\u00a0Le dossier d&rsquo;inscription de l&rsquo;Ile de Djerba au patrimoine de l&rsquo;Unesco est compos\u00e9 de 31 sites et monuments. Une liste de 24 monuments, propos\u00e9s \u00e0 l&rsquo;inscription, sont implant\u00e9s partout sur l&rsquo;\u00eele \u00e0 l&rsquo;instar des mosqu\u00e9es Sidi Salem, Sidi Smain, Tajdit, Abou Messouer (Al Jamaa El Kebir), Cheikh, Sidi Jmour, Moghzel, Imghar, Guellala, Sidi Yeti, Louta, Essalaouti, El Fguira, Tlakine, Medrajen, El Bessi, Fadhloun, Berdaoui, Welhi, Sidi Zikri, Mthaniya, la synagogue La Ghriba et l&rsquo;Eglise Saint Nicolas. La Tunisie compte d\u00e9j\u00e0 sept sites et monuments class\u00e9s au patrimoine mondial, depuis 1979 : M\u00e9dina de Tunis \/ Site de Carthage \/Amphith\u00e9\u00e2tre d&rsquo;EL Jem, Site de Kerkouane, M\u00e9dina de Sousse \/ M\u00e9dina de Kairouan et le Site de Dougga.<\/p>\n","protected":false},"excerpt":{"rendered":"<p>Le dossier d\u2019inscription de l\u2019Ile de Djerba sur la liste du patrimoine mondial a \u00e9t\u00e9 finalement et officiellement accept\u00e9 ce lundi 18 septembre 2023 lors de la&#8230;<\/p>\n","protected":false},"author":3175,"featured_media":249287,"comment_status":"open","ping_status":"closed","sticky":false,"template":"","format":"standard","meta":{"footnotes":""},"categories":[44],"tags":[3696,2608,4946],"class_list":["post-208738","post","type-post","status-publish","format-standard","has-post-thumbnail","hentry","category-national","tag-djerba","tag-tunisie","tag-unesco"],"yoast_head":"<!-- This site is optimized with the Yoast SEO Premium plugin v27.5 (Yoast SEO v27.5) - https:\/\/yoast.com\/product\/yoast-seo-premium-wordpress\/ -->\n<title>Officiel : Djerba fait partie du patrimoine mondial !<\/title>\n<meta name=\"description\" content=\"Le dossier d\u2019inscription de l\u2019Ile de Djerba sur la liste du patrimoine mondial a \u00e9t\u00e9 finalement et officiellement accept\u00e9 ce lundi 18 septembre 2023 lors de la...\" \/>\n<link rel=\"canonical\" href=\"https:\/\/www.webdo.tn\/fr\/actualite\/national\/officiel-djerba-fait-partie-du-patrimoine-mondial\/208738\/\" \/>\n<meta property=\"og:locale\" content=\"fr_FR\" \/>\n<meta property=\"og:type\" content=\"article\" \/>\n<meta property=\"og:title\" content=\"Officiel : Djerba fait partie du patrimoine mondial !\" \/>\n<meta property=\"og:description\" content=\"Le dossier d\u2019inscription de l\u2019Ile de Djerba sur la liste du patrimoine mondial a \u00e9t\u00e9 finalement et officiellement accept\u00e9 ce lundi 18 septembre 2023 lors de la...\" \/>\n<meta property=\"og:url\" content=\"https:\/\/www.webdo.tn\/fr\/actualite\/national\/officiel-djerba-fait-partie-du-patrimoine-mondial\/208738\/\" \/>\n<meta property=\"og:site_name\" content=\"webdo\" \/>\n<meta property=\"article:publisher\" content=\"https:\/\/www.facebook.com\/webdotn\" \/>\n<meta property=\"article:published_time\" content=\"2023-09-18T14:47:00+00:00\" \/>\n<meta property=\"article:modified_time\" content=\"2025-05-20T22:41:03+00:00\" \/>\n<meta property=\"og:image\" content=\"https:\/\/www.webdo.tn\/fr\/wp-content\/uploads\/2023\/09\/8f3dbd48a5d72b0dcf1f8685902043ba.jpg\" \/>\n\t<meta property=\"og:image:width\" content=\"750\" \/>\n\t<meta property=\"og:image:height\" content=\"400\" \/>\n\t<meta property=\"og:image:type\" content=\"image\/jpeg\" \/>\n<meta name=\"author\" content=\"CL\" \/>\n<meta name=\"twitter:card\" content=\"summary_large_image\" \/>\n<meta name=\"twitter:creator\" content=\"@webdo_tn\" \/>\n<meta name=\"twitter:site\" content=\"@webdo_tn\" \/>\n<meta name=\"twitter:label1\" content=\"\u00c9crit par\" \/>\n\t<meta name=\"twitter:data1\" content=\"CL\" \/>\n\t<meta name=\"twitter:label2\" content=\"Dur\u00e9e de lecture estim\u00e9e\" \/>\n\t<meta name=\"twitter:data2\" content=\"2 minutes\" \/>\n<script type=\"application\/ld+json\" class=\"yoast-schema-graph\">{\"@context\":\"https:\\\/\\\/schema.org\",\"@graph\":[{\"@type\":\"NewsArticle\",\"@id\":\"https:\\\/\\\/www.webdo.tn\\\/fr\\\/actualite\\\/national\\\/officiel-djerba-fait-partie-du-patrimoine-mondial\\\/208738\\\/#article\",\"isPartOf\":{\"@id\":\"https:\\\/\\\/www.webdo.tn\\\/fr\\\/actualite\\\/national\\\/officiel-djerba-fait-partie-du-patrimoine-mondial\\\/208738\\\/\"},\"author\":{\"name\":\"CL\",\"@id\":\"https:\\\/\\\/www.webdo.tn\\\/fr\\\/#\\\/schema\\\/person\\\/f35b42a42c5e2511bbd282959d6385cc\"},\"headline\":\"Officiel : Djerba fait partie du patrimoine mondial !\",\"datePublished\":\"2023-09-18T14:47:00+00:00\",\"dateModified\":\"2025-05-20T22:41:03+00:00\",\"mainEntityOfPage\":{\"@id\":\"https:\\\/\\\/www.webdo.tn\\\/fr\\\/actualite\\\/national\\\/officiel-djerba-fait-partie-du-patrimoine-mondial\\\/208738\\\/\"},\"wordCount\":352,\"commentCount\":0,\"publisher\":{\"@id\":\"https:\\\/\\\/www.webdo.tn\\\/fr\\\/#organization\"},\"image\":{\"@id\":\"https:\\\/\\\/www.webdo.tn\\\/fr\\\/actualite\\\/national\\\/officiel-djerba-fait-partie-du-patrimoine-mondial\\\/208738\\\/#primaryimage\"},\"thumbnailUrl\":\"https:\\\/\\\/www.webdo.tn\\\/fr\\\/wp-content\\\/uploads\\\/2023\\\/09\\\/8f3dbd48a5d72b0dcf1f8685902043ba.jpg\",\"keywords\":[\"djerba\",\"Tunisie\",\"unesco\"],\"articleSection\":[\"National\"],\"inLanguage\":\"fr-FR\"},{\"@type\":\"WebPage\",\"@id\":\"https:\\\/\\\/www.webdo.tn\\\/fr\\\/actualite\\\/national\\\/officiel-djerba-fait-partie-du-patrimoine-mondial\\\/208738\\\/\",\"url\":\"https:\\\/\\\/www.webdo.tn\\\/fr\\\/actualite\\\/national\\\/officiel-djerba-fait-partie-du-patrimoine-mondial\\\/208738\\\/\",\"name\":\"Officiel : Djerba fait partie du patrimoine mondial !\",\"isPartOf\":{\"@id\":\"https:\\\/\\\/www.webdo.tn\\\/fr\\\/#website\"},\"primaryImageOfPage\":{\"@id\":\"https:\\\/\\\/www.webdo.tn\\\/fr\\\/actualite\\\/national\\\/officiel-djerba-fait-partie-du-patrimoine-mondial\\\/208738\\\/#primaryimage\"},\"image\":{\"@id\":\"https:\\\/\\\/www.webdo.tn\\\/fr\\\/actualite\\\/national\\\/officiel-djerba-fait-partie-du-patrimoine-mondial\\\/208738\\\/#primaryimage\"},\"thumbnailUrl\":\"https:\\\/\\\/www.webdo.tn\\\/fr\\\/wp-content\\\/uploads\\\/2023\\\/09\\\/8f3dbd48a5d72b0dcf1f8685902043ba.jpg\",\"datePublished\":\"2023-09-18T14:47:00+00:00\",\"dateModified\":\"2025-05-20T22:41:03+00:00\",\"description\":\"Le dossier d\u2019inscription de l\u2019Ile de Djerba sur la liste du patrimoine mondial a \u00e9t\u00e9 finalement et officiellement accept\u00e9 ce lundi 18 septembre 2023 lors de la...\",\"breadcrumb\":{\"@id\":\"https:\\\/\\\/www.webdo.tn\\\/fr\\\/actualite\\\/national\\\/officiel-djerba-fait-partie-du-patrimoine-mondial\\\/208738\\\/#breadcrumb\"},\"inLanguage\":\"fr-FR\",\"potentialAction\":[{\"@type\":\"ReadAction\",\"target\":[\"https:\\\/\\\/www.webdo.tn\\\/fr\\\/actualite\\\/national\\\/officiel-djerba-fait-partie-du-patrimoine-mondial\\\/208738\\\/\"]}]},{\"@type\":\"ImageObject\",\"inLanguage\":\"fr-FR\",\"@id\":\"https:\\\/\\\/www.webdo.tn\\\/fr\\\/actualite\\\/national\\\/officiel-djerba-fait-partie-du-patrimoine-mondial\\\/208738\\\/#primaryimage\",\"url\":\"https:\\\/\\\/www.webdo.tn\\\/fr\\\/wp-content\\\/uploads\\\/2023\\\/09\\\/8f3dbd48a5d72b0dcf1f8685902043ba.jpg\",\"contentUrl\":\"https:\\\/\\\/www.webdo.tn\\\/fr\\\/wp-content\\\/uploads\\\/2023\\\/09\\\/8f3dbd48a5d72b0dcf1f8685902043ba.jpg\",\"width\":750,\"height\":400,\"caption\":\"Officiel : Djerba fait partie du patrimoine mondial !\"},{\"@type\":\"BreadcrumbList\",\"@id\":\"https:\\\/\\\/www.webdo.tn\\\/fr\\\/actualite\\\/national\\\/officiel-djerba-fait-partie-du-patrimoine-mondial\\\/208738\\\/#breadcrumb\",\"itemListElement\":[{\"@type\":\"ListItem\",\"position\":1,\"name\":\"Accueil\",\"item\":\"https:\\\/\\\/www.webdo.tn\\\/fr\\\/\"},{\"@type\":\"ListItem\",\"position\":2,\"name\":\"Officiel : Djerba fait partie du patrimoine mondial !\"}]},{\"@type\":\"WebSite\",\"@id\":\"https:\\\/\\\/www.webdo.tn\\\/fr\\\/#website\",\"url\":\"https:\\\/\\\/www.webdo.tn\\\/fr\\\/\",\"name\":\"webdo\",\"description\":\"Tunisie - News en Tunisie et \u00e0 l&#039;international sur Webdo.tn\",\"publisher\":{\"@id\":\"https:\\\/\\\/www.webdo.tn\\\/fr\\\/#organization\"},\"potentialAction\":[{\"@type\":\"SearchAction\",\"target\":{\"@type\":\"EntryPoint\",\"urlTemplate\":\"https:\\\/\\\/www.webdo.tn\\\/fr\\\/?s={search_term_string}\"},\"query-input\":{\"@type\":\"PropertyValueSpecification\",\"valueRequired\":true,\"valueName\":\"search_term_string\"}}],\"inLanguage\":\"fr-FR\"},{\"@type\":\"Organization\",\"@id\":\"https:\\\/\\\/www.webdo.tn\\\/fr\\\/#organization\",\"name\":\"Webdo\",\"alternateName\":\"Webdo.tn\",\"url\":\"https:\\\/\\\/www.webdo.tn\\\/fr\\\/\",\"logo\":{\"@type\":\"ImageObject\",\"inLanguage\":\"fr-FR\",\"@id\":\"https:\\\/\\\/www.webdo.tn\\\/fr\\\/#\\\/schema\\\/logo\\\/image\\\/\",\"url\":\"https:\\\/\\\/www.webdo.tn\\\/fr\\\/wp-content\\\/uploads\\\/2025\\\/06\\\/Webdo-Tunisie_168377.jpg\",\"contentUrl\":\"https:\\\/\\\/www.webdo.tn\\\/fr\\\/wp-content\\\/uploads\\\/2025\\\/06\\\/Webdo-Tunisie_168377.jpg\",\"width\":301,\"height\":301,\"caption\":\"Webdo\"},\"image\":{\"@id\":\"https:\\\/\\\/www.webdo.tn\\\/fr\\\/#\\\/schema\\\/logo\\\/image\\\/\"},\"sameAs\":[\"https:\\\/\\\/www.facebook.com\\\/webdotn\",\"https:\\\/\\\/x.com\\\/webdo_tn\"],\"description\":\"Webdo est un m\u00e9dia num\u00e9rique tunisien fond\u00e9 en 2010, sp\u00e9cialis\u00e9 dans l\u2019actualit\u00e9 nationale et internationale, l\u2019\u00e9conomie, la soci\u00e9t\u00e9 et les analyses politiques. Le site s\u2019adresse \u00e0 un large public francophone et couvre l\u2019information tunisienne en temps r\u00e9el.\",\"email\":\"redac@webdo.tn\",\"legalName\":\"YNJ SARL\",\"foundingDate\":\"2010-09-06\",\"numberOfEmployees\":{\"@type\":\"QuantitativeValue\",\"minValue\":\"11\",\"maxValue\":\"50\"}},{\"@type\":\"Person\",\"@id\":\"https:\\\/\\\/www.webdo.tn\\\/fr\\\/#\\\/schema\\\/person\\\/f35b42a42c5e2511bbd282959d6385cc\",\"name\":\"CL\",\"image\":{\"@type\":\"ImageObject\",\"inLanguage\":\"fr-FR\",\"@id\":\"https:\\\/\\\/secure.gravatar.com\\\/avatar\\\/1447a49909b67aa657c488aec6512e1dd6143a480c1ecfee9b5b5cd74eb3b59e?s=96&d=mm&r=g\",\"url\":\"https:\\\/\\\/secure.gravatar.com\\\/avatar\\\/1447a49909b67aa657c488aec6512e1dd6143a480c1ecfee9b5b5cd74eb3b59e?s=96&d=mm&r=g\",\"contentUrl\":\"https:\\\/\\\/secure.gravatar.com\\\/avatar\\\/1447a49909b67aa657c488aec6512e1dd6143a480c1ecfee9b5b5cd74eb3b59e?s=96&d=mm&r=g\",\"caption\":\"CL\"},\"url\":\"https:\\\/\\\/www.webdo.tn\\\/fr\\\/actualite\\\/author\\\/cl\\\/\"}]}<\/script>\n<!-- \/ Yoast SEO Premium plugin. -->","yoast_head_json":{"title":"Officiel : Djerba fait partie du patrimoine mondial !","description":"Le dossier d\u2019inscription de l\u2019Ile de Djerba sur la liste du patrimoine mondial a \u00e9t\u00e9 finalement et officiellement accept\u00e9 ce lundi 18 septembre 2023 lors de la...","canonical":"https:\/\/www.webdo.tn\/fr\/actualite\/national\/officiel-djerba-fait-partie-du-patrimoine-mondial\/208738\/","og_locale":"fr_FR","og_type":"article","og_title":"Officiel : Djerba fait partie du patrimoine mondial !","og_description":"Le dossier d\u2019inscription de l\u2019Ile de Djerba sur la liste du patrimoine mondial a \u00e9t\u00e9 finalement et officiellement accept\u00e9 ce lundi 18 septembre 2023 lors de la...","og_url":"https:\/\/www.webdo.tn\/fr\/actualite\/national\/officiel-djerba-fait-partie-du-patrimoine-mondial\/208738\/","og_site_name":"webdo","article_publisher":"https:\/\/www.facebook.com\/webdotn","article_published_time":"2023-09-18T14:47:00+00:00","article_modified_time":"2025-05-20T22:41:03+00:00","og_image":[{"width":750,"height":400,"url":"https:\/\/www.webdo.tn\/fr\/wp-content\/uploads\/2023\/09\/8f3dbd48a5d72b0dcf1f8685902043ba.jpg","type":"image\/jpeg"}],"author":"CL","twitter_card":"summary_large_image","twitter_creator":"@webdo_tn","twitter_site":"@webdo_tn","twitter_misc":{"\u00c9crit par":"CL","Dur\u00e9e de lecture estim\u00e9e":"2 minutes"},"schema":{"@context":"https:\/\/schema.org","@graph":[{"@type":"NewsArticle","@id":"https:\/\/www.webdo.tn\/fr\/actualite\/national\/officiel-djerba-fait-partie-du-patrimoine-mondial\/208738\/#article","isPartOf":{"@id":"https:\/\/www.webdo.tn\/fr\/actualite\/national\/officiel-djerba-fait-partie-du-patrimoine-mondial\/208738\/"},"author":{"name":"CL","@id":"https:\/\/www.webdo.tn\/fr\/#\/schema\/person\/f35b42a42c5e2511bbd282959d6385cc"},"headline":"Officiel : Djerba fait partie du patrimoine mondial !","datePublished":"2023-09-18T14:47:00+00:00","dateModified":"2025-05-20T22:41:03+00:00","mainEntityOfPage":{"@id":"https:\/\/www.webdo.tn\/fr\/actualite\/national\/officiel-djerba-fait-partie-du-patrimoine-mondial\/208738\/"},"wordCount":352,"commentCount":0,"publisher":{"@id":"https:\/\/www.webdo.tn\/fr\/#organization"},"image":{"@id":"https:\/\/www.webdo.tn\/fr\/actualite\/national\/officiel-djerba-fait-partie-du-patrimoine-mondial\/208738\/#primaryimage"},"thumbnailUrl":"https:\/\/www.webdo.tn\/fr\/wp-content\/uploads\/2023\/09\/8f3dbd48a5d72b0dcf1f8685902043ba.jpg","keywords":["djerba","Tunisie","unesco"],"articleSection":["National"],"inLanguage":"fr-FR"},{"@type":"WebPage","@id":"https:\/\/www.webdo.tn\/fr\/actualite\/national\/officiel-djerba-fait-partie-du-patrimoine-mondial\/208738\/","url":"https:\/\/www.webdo.tn\/fr\/actualite\/national\/officiel-djerba-fait-partie-du-patrimoine-mondial\/208738\/","name":"Officiel : Djerba fait partie du patrimoine mondial !","isPartOf":{"@id":"https:\/\/www.webdo.tn\/fr\/#website"},"primaryImageOfPage":{"@id":"https:\/\/www.webdo.tn\/fr\/actualite\/national\/officiel-djerba-fait-partie-du-patrimoine-mondial\/208738\/#primaryimage"},"image":{"@id":"https:\/\/www.webdo.tn\/fr\/actualite\/national\/officiel-djerba-fait-partie-du-patrimoine-mondial\/208738\/#primaryimage"},"thumbnailUrl":"https:\/\/www.webdo.tn\/fr\/wp-content\/uploads\/2023\/09\/8f3dbd48a5d72b0dcf1f8685902043ba.jpg","datePublished":"2023-09-18T14:47:00+00:00","dateModified":"2025-05-20T22:41:03+00:00","description":"Le dossier d\u2019inscription de l\u2019Ile de Djerba sur la liste du patrimoine mondial a \u00e9t\u00e9 finalement et officiellement accept\u00e9 ce lundi 18 septembre 2023 lors de la...","breadcrumb":{"@id":"https:\/\/www.webdo.tn\/fr\/actualite\/national\/officiel-djerba-fait-partie-du-patrimoine-mondial\/208738\/#breadcrumb"},"inLanguage":"fr-FR","potentialAction":[{"@type":"ReadAction","target":["https:\/\/www.webdo.tn\/fr\/actualite\/national\/officiel-djerba-fait-partie-du-patrimoine-mondial\/208738\/"]}]},{"@type":"ImageObject","inLanguage":"fr-FR","@id":"https:\/\/www.webdo.tn\/fr\/actualite\/national\/officiel-djerba-fait-partie-du-patrimoine-mondial\/208738\/#primaryimage","url":"https:\/\/www.webdo.tn\/fr\/wp-content\/uploads\/2023\/09\/8f3dbd48a5d72b0dcf1f8685902043ba.jpg","contentUrl":"https:\/\/www.webdo.tn\/fr\/wp-content\/uploads\/2023\/09\/8f3dbd48a5d72b0dcf1f8685902043ba.jpg","width":750,"height":400,"caption":"Officiel : Djerba fait partie du patrimoine mondial !"},{"@type":"BreadcrumbList","@id":"https:\/\/www.webdo.tn\/fr\/actualite\/national\/officiel-djerba-fait-partie-du-patrimoine-mondial\/208738\/#breadcrumb","itemListElement":[{"@type":"ListItem","position":1,"name":"Accueil","item":"https:\/\/www.webdo.tn\/fr\/"},{"@type":"ListItem","position":2,"name":"Officiel : Djerba fait partie du patrimoine mondial !"}]},{"@type":"WebSite","@id":"https:\/\/www.webdo.tn\/fr\/#website","url":"https:\/\/www.webdo.tn\/fr\/","name":"webdo","description":"Tunisie - News en Tunisie et \u00e0 l&#039;international sur Webdo.tn","publisher":{"@id":"https:\/\/www.webdo.tn\/fr\/#organization"},"potentialAction":[{"@type":"SearchAction","target":{"@type":"EntryPoint","urlTemplate":"https:\/\/www.webdo.tn\/fr\/?s={search_term_string}"},"query-input":{"@type":"PropertyValueSpecification","valueRequired":true,"valueName":"search_term_string"}}],"inLanguage":"fr-FR"},{"@type":"Organization","@id":"https:\/\/www.webdo.tn\/fr\/#organization","name":"Webdo","alternateName":"Webdo.tn","url":"https:\/\/www.webdo.tn\/fr\/","logo":{"@type":"ImageObject","inLanguage":"fr-FR","@id":"https:\/\/www.webdo.tn\/fr\/#\/schema\/logo\/image\/","url":"https:\/\/www.webdo.tn\/fr\/wp-content\/uploads\/2025\/06\/Webdo-Tunisie_168377.jpg","contentUrl":"https:\/\/www.webdo.tn\/fr\/wp-content\/uploads\/2025\/06\/Webdo-Tunisie_168377.jpg","width":301,"height":301,"caption":"Webdo"},"image":{"@id":"https:\/\/www.webdo.tn\/fr\/#\/schema\/logo\/image\/"},"sameAs":["https:\/\/www.facebook.com\/webdotn","https:\/\/x.com\/webdo_tn"],"description":"Webdo est un m\u00e9dia num\u00e9rique tunisien fond\u00e9 en 2010, sp\u00e9cialis\u00e9 dans l\u2019actualit\u00e9 nationale et internationale, l\u2019\u00e9conomie, la soci\u00e9t\u00e9 et les analyses politiques. Le site s\u2019adresse \u00e0 un large public francophone et couvre l\u2019information tunisienne en temps r\u00e9el.","email":"redac@webdo.tn","legalName":"YNJ SARL","foundingDate":"2010-09-06","numberOfEmployees":{"@type":"QuantitativeValue","minValue":"11","maxValue":"50"}},{"@type":"Person","@id":"https:\/\/www.webdo.tn\/fr\/#\/schema\/person\/f35b42a42c5e2511bbd282959d6385cc","name":"CL","image":{"@type":"ImageObject","inLanguage":"fr-FR","@id":"https:\/\/secure.gravatar.com\/avatar\/1447a49909b67aa657c488aec6512e1dd6143a480c1ecfee9b5b5cd74eb3b59e?s=96&d=mm&r=g","url":"https:\/\/secure.gravatar.com\/avatar\/1447a49909b67aa657c488aec6512e1dd6143a480c1ecfee9b5b5cd74eb3b59e?s=96&d=mm&r=g","contentUrl":"https:\/\/secure.gravatar.com\/avatar\/1447a49909b67aa657c488aec6512e1dd6143a480c1ecfee9b5b5cd74eb3b59e?s=96&d=mm&r=g","caption":"CL"},"url":"https:\/\/www.webdo.tn\/fr\/actualite\/author\/cl\/"}]}},"_links":{"self":[{"href":"https:\/\/www.webdo.tn\/fr\/wp-json\/wp\/v2\/posts\/208738","targetHints":{"allow":["GET"]}}],"collection":[{"href":"https:\/\/www.webdo.tn\/fr\/wp-json\/wp\/v2\/posts"}],"about":[{"href":"https:\/\/www.webdo.tn\/fr\/wp-json\/wp\/v2\/types\/post"}],"author":[{"embeddable":true,"href":"https:\/\/www.webdo.tn\/fr\/wp-json\/wp\/v2\/users\/3175"}],"replies":[{"embeddable":true,"href":"https:\/\/www.webdo.tn\/fr\/wp-json\/wp\/v2\/comments?post=208738"}],"version-history":[{"count":0,"href":"https:\/\/www.webdo.tn\/fr\/wp-json\/wp\/v2\/posts\/208738\/revisions"}],"wp:featuredmedia":[{"embeddable":true,"href":"https:\/\/www.webdo.tn\/fr\/wp-json\/wp\/v2\/media\/249287"}],"wp:attachment":[{"href":"https:\/\/www.webdo.tn\/fr\/wp-json\/wp\/v2\/media?parent=208738"}],"wp:term":[{"taxonomy":"category","embeddable":true,"href":"https:\/\/www.webdo.tn\/fr\/wp-json\/wp\/v2\/categories?post=208738"},{"taxonomy":"post_tag","embeddable":true,"href":"https:\/\/www.webdo.tn\/fr\/wp-json\/wp\/v2\/tags?post=208738"}],"curies":[{"name":"wp","href":"https:\/\/api.w.org\/{rel}","templated":true}]}}