{"id":208737,"date":"2023-09-18T14:42:00","date_gmt":"2023-09-18T14:42:00","guid":{"rendered":"https:\/\/www.webdo.tn\/fr\/blog\/el-gouna-2023-14-films-en-competition-dans-longs-metrages-de-fiction\/208737\/"},"modified":"2025-05-21T08:56:27","modified_gmt":"2025-05-21T08:56:27","slug":"el-gouna-2023-14-films-en-competition-dans-longs-metrages-de-fiction","status":"publish","type":"post","link":"https:\/\/www.webdo.tn\/fr\/actualite\/culture\/el-gouna-2023-14-films-en-competition-dans-longs-metrages-de-fiction\/208737\/","title":{"rendered":"El Gouna 2023 &#8211; 14 films en comp\u00e9tition dans la section longs m\u00e9trages de fiction"},"content":{"rendered":"<div class=\"single-body entry-content typography-copy\" itemprop=\"articleBody\">\n<p style=\"font-weight: bold; text-align: justify\">\n\t\t\t\t\t\t\t\t\tLors de la conf\u00e9rence de presse qui s\u2019est tenue au Caire ce matin pour annoncer les d\u00e9tails de sa sixi\u00e8me \u00e9dition, qui se tiendra du 13 au 20 octobre, le Festival du Film d&rsquo;El Gouna a r\u00e9v\u00e9l\u00e9 que 14 films participeront \u00e0 la comp\u00e9tition des longs m\u00e9trages de fiction, dont Anatomie de la Chute de la r\u00e9alisatrice fran\u00e7aise Justine Triet, laur\u00e9ate de la Palme d&rsquo;Or au Festival de Cannes 2023, et Un Chemin \u00c9trange du r\u00e9alisateur br\u00e9silien Guto Parente, qui a remport\u00e9 quatre prix au Festival du Film de Tribeca 2023. On constate que malheureusement, aucun film de fiction n\u2019est en comp\u00e9tition cette ann\u00e9e \u00e0 El Gouna.\n\t\t\t\t\t\t\t\t<\/p>\n<div class=\"coprs\" style=\"text-align: center\"><\/div>\n<div class=\"coprs\" style=\"text-align: justify\">\n<p><span><span>La comp\u00e9tition inclut \u00e9galement le film \u00e9gyptien <em>Al-Chenab <\/em>en avant-premi\u00e8re mondiale, ainsi que deux premiers films, <em>If only i could hibernate <\/em>de Zoltan Gabor Puehrerdaasch qui avait fait sa premi\u00e8re au festival de Cannes et <em>L\u2019Hypnose<\/em> d&rsquo;Ernest de Gy\u00e9r.<\/span><\/span><\/p>\n<p><span><span>La liste des longs m\u00e9trages de fiction comprend :<\/span><\/span><\/p>\n<p><span><span><strong><em>AAL SHANAB<\/em><\/strong><\/span><\/span><br \/>\n<span><span>Ayten Amin | \u00c9gypte | 2023 | Arabe | 100 min<\/span><\/span><br \/>\n<span><span>Layla, une femme trentenaire, fait face au contr\u00f4le de sa m\u00e8re sur sa vie. Soudainement, un membre de la famille d\u00e9c\u00e8de, obligeant Layla et sa m\u00e8re \u00e0 se rendre \u00e0 Alexandrie pour pr\u00e9senter leurs condol\u00e9ances. Au cours des trois jours de deuil, en pr\u00e9sence de la grande famille compos\u00e9e de quatre tantes et de leurs enfants et petits-enfants, de nombreuses situations comiques se produisent. Premi\u00e8re mondiale.<\/span><\/span><\/p>\n<p><span><span><strong><em>BIRDLAND (LE PAYS DES OISEAUX)<\/em><\/strong><\/span><\/span><br \/>\n<span><span>Le\u00efla Kilani | Maroc, France | 2023 | Arabe, Fran\u00e7ais, Espagnol | 127 min<\/span><\/span><br \/>\n<span><span>L\u00e9na, une adolescente issue d&rsquo;une famille ais\u00e9e, vit pr\u00e8s de la riche for\u00eat d&rsquo;Azrou au Maroc, r\u00e9put\u00e9e pour ses oiseaux. Alors qu&rsquo;elle utilise les m\u00e9dias sociaux pour documenter la vie quotidienne, sa grand-m\u00e8re pr\u00e9pare un mariage pour un de leurs parents, d\u00e9clenchant une conspiration contre leur maison dans la for\u00eat. Pr\u00e9sent\u00e9 au Festival International du Film de Rotterdam 2023.<\/span><\/span><\/p>\n<p><span><span><strong><em><a href=\"mailto:Cannes%202023%20%E2%80%93%20%C2%AB%20Anatomie%20d'une%20chute%20%C2%BB%20:%20Une%20exploration%20complexe%20des%20relations%20humaines%20sous%20le%20prisme%20judiciaire\">ANATOMIE D\u2019UNE CHUTE<\/a><\/em><\/strong><\/span><\/span><br \/>\n<span><span>Justine Triet | France | 2023 | Fran\u00e7ais, Anglais, Allemand | 151 min<\/span><\/span><br \/>\n<span><span>Sandra, une \u00e9crivaine allemande, vit avec son mari Samuel et leur fils partiellement aveugle Daniel dans une maison de montagne situ\u00e9e dans les Alpes fran\u00e7aises. Lorsque son mari meurt dans des circonstances myst\u00e9rieuses, l&rsquo;enqu\u00eate a du mal \u00e0 d\u00e9terminer s&rsquo;il s&rsquo;agit d&rsquo;un suicide ou d&rsquo;un meurtre pr\u00e9m\u00e9dit\u00e9. <a href=\"mailto:Cannes%202023%20-%20La%20Palme%20d'Or%20pour%20%22Anatomie%20d'une%20chute%22%20de%20Justine%20Triet\">Laur\u00e9at de la Palme d&rsquo;Or au Festival de Cannes 2023<\/a>.<\/span><\/span><\/p>\n<p><span><span><strong><em>L\u2019HYPNOSE <\/em><\/strong><\/span><\/span><br \/>\n<span><span>Ernest de Gy\u00e9r | Su\u00e8de, Norv\u00e8ge, France | 2023 | Su\u00e9dois, Norv\u00e9gien, Anglais | 98 min<\/span><\/span><br \/>\n<span><span>Andr\u00e9 et Vera, un jeune couple travaillant dans l&rsquo;entrepreneuriat, ont l&rsquo;opportunit\u00e9 de pr\u00e9senter leur projet d&rsquo;application ax\u00e9e sur la sant\u00e9 des femmes dans une comp\u00e9tition prestigieuse. Vera tente d&rsquo;arr\u00eater de fumer par hypnose magn\u00e9tique avant le concours, ce qui change sa personnalit\u00e9, tandis que le comportement d&rsquo;Andr\u00e9 prend soudain une tournure inattendue. Laur\u00e9at de la Meilleure Interpr\u00e9tation Masculine pour Herbert Nordrum au Festival International du Film de Karlovy Vary 2023.<\/span><\/span><\/p>\n<p><span><span><strong><em>LE MUR <\/em><\/strong><\/span><\/span><br \/>\n<span><span>Philippe Van Leeuw | Belgique, Luxembourg, Danemark, \u00c9tats-Unis | 2023 | Anglais | 96 min<\/span><\/span><br \/>\n<span><span>Jessica Cumley, une gardienne frontali\u00e8re d\u00e9vou\u00e9e, perd le contr\u00f4le et tue accidentellement un migrant pacifique devant trois t\u00e9moins. Pr\u00e9sent\u00e9 au Festival du Film de Bruxelles 2023.<br \/>\n<em>Le mur<\/em> est \u00e9galement en comp\u00e9tition dans la section Cin\u00e9ma pour l\u2019Humanit\u00e9.<\/span><\/span><\/p>\n<p><span><span><strong><em><span>A STRANGE PATH (<\/span>UN CHEMIN \u00c9TRANGE)<\/em><\/strong><\/span><\/span><br \/>\n<span><span>Guto Parente | Br\u00e9sil | 2023 | Portugais | 84 min<\/span><\/span><br \/>\n<span><span>Un jeune r\u00e9alisateur retourne dans sa ville natale pour renouer avec son p\u00e8re alors que la pand\u00e9mie de COVID-19 s&rsquo;aggrave au Br\u00e9sil. Leur relation devient plus compliqu\u00e9e \u00e0 cause d&rsquo;un ph\u00e9nom\u00e8ne \u00e9trange qui se produit lorsque l&rsquo;un d&rsquo;eux s&rsquo;approche de l&rsquo;autre. Laur\u00e9at de plusieurs prix au Festival du Film de Tribeca 2023.<\/span><\/span><\/p>\n<p><span><span><strong><em>DOGMAN<\/em><\/strong><\/span><\/span><br \/>\n<span><span>Luc Besson | France | 2023 | Anglais | 114 min<\/span><\/span><br \/>\n<span><span>L&rsquo;histoire d&rsquo;un enfant bris\u00e9 par la vie, qui trouve la r\u00e9demption dans l&rsquo;amour qu&rsquo;il porte \u00e0 ses chiens. Pr\u00e9sent\u00e9 en comp\u00e9tition officielle au Festival du Film de Venise 2023.<\/span><\/span><\/p>\n<p><span><span><strong><em>TRANSIENT HAPPINESS<\/em><\/strong><\/span><\/span><br \/>\n<span><span>Sina Mohammed | Irak, Kurdistan | 2023 | Kurde | 67 min<\/span><\/span><br \/>\n<span><span>Dans un village isol\u00e9, la routine d&rsquo;un couple \u00e2g\u00e9 change lorsque la femme tombe malade. Son mari, habitu\u00e9 \u00e0 transporter des moutons \u00e0 moto, l&#8217;emm\u00e8ne \u00e0 l&rsquo;h\u00f4pital pour la premi\u00e8re fois. Ses mots inattendus, \u00ab\u00a0Enlace-moi\u00a0\u00bb, apportent une immense joie, conduisant \u00e0 un d\u00e9veloppement chaleureux dans leur voyage. Laur\u00e9at du Meilleur Film de Fiction Long au Festival du Film Kurde d&rsquo;Amsterdam 2023.<\/span><\/span><\/p>\n<p><span><span><strong><em>OUR DAY<\/em><\/strong><\/span><\/span><br \/>\n<span><span>Hong Sang-soo | Cor\u00e9e du Sud | 2023 | Cor\u00e9en | 84 min<\/span><\/span><br \/>\n<span><span>Dans son trenti\u00e8me film, Hong Sang-soo raconte deux conversations distinctes qui \u00e9changent les r\u00f4les entre une actrice amatrice et une po\u00e9tesse v\u00e9t\u00e9ran, \u00e9vitant les questions existentielles par la nourriture, les boissons, la musique, les comportements comiques des chats et les jeux. Pr\u00e9sent\u00e9 en cl\u00f4ture au Festival de Cannes 2023.<\/span><\/span><\/p>\n<p><span><span><strong><em>A GREYHOUND OF A GIRL<\/em><\/strong><\/span><\/span><br \/>\n<span><span>Enzo Dalo | Luxembourg, Italie, Irlande, Royaume-Uni, Estonie, Lettonie, Allemagne | 2023 | Anglais | 88 min<\/span><\/span><br \/>\n<span><span>Mary O&rsquo;Hara, une fillette de dix ans, est choqu\u00e9e lorsque sa grand-m\u00e8re, Eimer, est admise \u00e0 l&rsquo;h\u00f4pital. Elle la visite r\u00e9guli\u00e8rement, et lors d&rsquo;une de ses visites, elle rencontre Tansy, une nouvelle voisine, qui lui confie un message urgent pour sa grand-m\u00e8re. Pr\u00e9sent\u00e9 au Festival International du Film de Berlin 2023.<\/span><\/span><\/p>\n<p><span><span><strong><em>IF ONLY I COULD HIBERNATE <\/em><\/strong><\/span><\/span><br \/>\n<span><span>Zoljargal Purevdash | Mongolie, France, Suisse | 2023 | Mongol | 98 min<\/span><\/span><br \/>\n<span><span>Oulzi, un adolescent pauvre, aspire \u00e0 gagner une bourse en participant \u00e0 un concours scientifique. Pendant ce temps, sa m\u00e8re trouve un emploi \u00e0 la campagne, le laissant avec ses fr\u00e8res et s\u0153urs plus jeunes pour faire face au froid glacial. S\u00e9lectionn\u00e9 dans la section Un Certain Regard au Festival de Cannes 2023 et \u00e0 la Comp\u00e9tition Internationale au Festival International du Film de Karlovy Vary 2023.<\/span><\/span><\/p>\n<p><span><span><strong><em>MAY DECEMBER<\/em><\/strong><\/span><\/span><br \/>\n<span><span>Todd Haynes | \u00c9tats-Unis | 2023 | Anglais | 117 min<\/span><\/span><br \/>\n<span><span>Vingt ans apr\u00e8s le scandale entourant la romance de Grace (Julianne Moore) avec son mari de 23 ans plus jeune, l&rsquo;actrice hollywoodienne Elizabeth Perry (Natalie Portman) rend visite \u00e0 la famille pour se rapprocher de Grace, qu&rsquo;elle jouera dans un film, mettant la famille sous une grande pression. Pr\u00e9sent\u00e9 en comp\u00e9tition officielle au Festival de Cannes 2023.<\/span><\/span><\/p>\n<p><span><span><strong><em>MURMURES DU FEU ET DE L&rsquo;EAU <\/em><\/strong><\/span><\/span><br \/>\n<span><span>Lubdhak Chatterjee | Inde | 2023 | Bengali, Hindi, Anglais | 84 min<\/span><\/span><br \/>\n<span><span>Bas\u00e9 sur une approche documentaire, le film suit le voyage d&rsquo;un artiste sonore turc dans la r\u00e9gion du charbon de Jharia, en Inde, confront\u00e9e \u00e0 l&rsquo;\u00e9puisement des ressources et aux paysages fa\u00e7onn\u00e9s par le feu et l&rsquo;eau. Des \u00e9l\u00e9ments \u00e9tranges se m\u00ealent \u00e0 l&rsquo;industrie. Pr\u00e9sent\u00e9 \u00e0 la Comp\u00e9tition des Cr\u00e9ateurs de Films Pr\u00e9sent du Festival International du Film de Locarno 2023. Ce film est \u00e9galement en comp\u00e9tition dans la section Cin\u00e9ma pour l&rsquo;Humanit\u00e9 | Comp\u00e9tition Environnementale<\/span><\/span><\/p>\n<p><span><span><strong><em>GOODBY JULIA <\/em><\/strong><\/span><\/span><br \/>\n<span><span>Mohamed Kordofani | Soudan, \u00c9gypte, Allemagne, France, Arabie Saoudite, Su\u00e8de | 2023 | Arabe | 120 min<\/span><\/span><br \/>\n<span><span>Mona, une chanteuse \u00e0 la retraite vivant dans le nord du Soudan, entre dans un mariage tendu et porte le poids de la culpabilit\u00e9 apr\u00e8s avoir couvert un meurtre. Elle tente de r\u00e9parer la situation en accueillant Julia, la veuve du d\u00e9funt du Sud, et son fils Daniel chez elle. <a href=\"mailto:https:\/\/www.webdo.tn\/fr\/actualite\/culture\/cannes-2023-les-films-africains-et-arabes-triomphent-a-un-certain-regard\/206095\">Laur\u00e9at du Prix du Regard Libre au Festival de Cannes 2023<\/a> et du Prix de la Plateforme du Festival du Film d&rsquo;El Gouna pour le meilleur long m\u00e9trage en d\u00e9veloppement en 2020.<br \/>\nCe film est \u00e9galement en comp\u00e9tition dans la section Cin\u00e9ma pour l&rsquo;Humanit\u00e9<\/span><\/span><\/p>\n<p><span><span>Le Festival du Film d&rsquo;El Gouna est l&rsquo;un des principaux festivals du Moyen-Orient, visant \u00e0 pr\u00e9senter une vari\u00e9t\u00e9 de films au public passionn\u00e9 de cin\u00e9ma, \u00e0 cr\u00e9er des liens culturels \u00e0 travers le septi\u00e8me art et \u00e0 connecter les cin\u00e9astes de la r\u00e9gion arabe \u00e0 leurs homologues internationaux pour favoriser la collaboration et l&rsquo;\u00e9change culturel. De plus, le festival s&rsquo;engage \u00e0 d\u00e9couvrir de nouveaux talents cin\u00e9matographiques pour d\u00e9velopper le cin\u00e9ma dans le monde arabe, notamment gr\u00e2ce \u00e0 sa branche industrielle, la Plateforme du Festival du Film d&rsquo;El Gouna, qui offre des opportunit\u00e9s d&rsquo;apprentissage et de participation.<\/span><\/span><\/p>\n<p>\u00a0<\/p>\n<\/p><\/div>\n<div class=\"coprs\" style=\"text-align: center\"><\/div><\/div>\n","protected":false},"excerpt":{"rendered":"<p>Lors de la conf\u00e9rence de presse qui s\u2019est tenue au Caire ce matin pour annoncer les d\u00e9tails de sa sixi\u00e8me \u00e9dition, qui se tiendra du 13 au 20 octobre, le Festiv&#8230;<\/p>\n","protected":false},"author":3164,"featured_media":249286,"comment_status":"open","ping_status":"closed","sticky":false,"template":"","format":"standard","meta":{"footnotes":""},"categories":[2594],"tags":[7281,3258,3259,7280],"class_list":["post-208737","post","type-post","status-publish","format-standard","has-post-thumbnail","hentry","category-culture","tag-el-gouna-2023","tag-festival-du-film-del-gouna","tag-gff","tag-gff-2023"],"yoast_head":"<!-- This site is optimized with the Yoast SEO Premium plugin v27.5 (Yoast SEO v27.5) - https:\/\/yoast.com\/product\/yoast-seo-premium-wordpress\/ -->\n<title>El Gouna 2023 - 14 films en comp\u00e9tition dans la section longs m\u00e9trages de fiction<\/title>\n<meta name=\"description\" content=\"Lors de la conf\u00e9rence de presse qui s\u2019est tenue au Caire ce matin pour annoncer les d\u00e9tails de sa sixi\u00e8me \u00e9dition, qui se tiendra du 13 au 20 octobre, le Festiv...\" \/>\n<link rel=\"canonical\" href=\"https:\/\/www.webdo.tn\/fr\/actualite\/culture\/el-gouna-2023-14-films-en-competition-dans-longs-metrages-de-fiction\/208737\/\" \/>\n<meta property=\"og:locale\" content=\"fr_FR\" \/>\n<meta property=\"og:type\" content=\"article\" \/>\n<meta property=\"og:title\" content=\"El Gouna 2023 - 14 films en comp\u00e9tition dans la section longs m\u00e9trages de fiction\" \/>\n<meta property=\"og:description\" content=\"Lors de la conf\u00e9rence de presse qui s\u2019est tenue au Caire ce matin pour annoncer les d\u00e9tails de sa sixi\u00e8me \u00e9dition, qui se tiendra du 13 au 20 octobre, le Festiv...\" \/>\n<meta property=\"og:url\" content=\"https:\/\/www.webdo.tn\/fr\/actualite\/culture\/el-gouna-2023-14-films-en-competition-dans-longs-metrages-de-fiction\/208737\/\" \/>\n<meta property=\"og:site_name\" content=\"webdo\" \/>\n<meta property=\"article:publisher\" content=\"https:\/\/www.facebook.com\/webdotn\" \/>\n<meta property=\"article:author\" content=\"https:\/\/www.facebook.com\/massir.destiniii\/\" \/>\n<meta property=\"article:published_time\" content=\"2023-09-18T14:42:00+00:00\" \/>\n<meta property=\"article:modified_time\" content=\"2025-05-21T08:56:27+00:00\" \/>\n<meta property=\"og:image\" content=\"https:\/\/www.webdo.tn\/fr\/wp-content\/uploads\/2023\/09\/8d57444bcb698952c9dcbe09d1582820.jpeg\" \/>\n\t<meta property=\"og:image:width\" content=\"750\" \/>\n\t<meta property=\"og:image:height\" content=\"400\" \/>\n\t<meta property=\"og:image:type\" content=\"image\/jpeg\" \/>\n<meta name=\"author\" content=\"Ne\u00efla DRISS\" \/>\n<meta name=\"twitter:card\" content=\"summary_large_image\" \/>\n<meta name=\"twitter:creator\" content=\"@https:\/\/x.com\/MassirDestin\" \/>\n<meta name=\"twitter:site\" content=\"@webdo_tn\" \/>\n<meta name=\"twitter:label1\" content=\"\u00c9crit par\" \/>\n\t<meta name=\"twitter:data1\" content=\"Ne\u00efla DRISS\" \/>\n\t<meta name=\"twitter:label2\" content=\"Dur\u00e9e de lecture estim\u00e9e\" \/>\n\t<meta name=\"twitter:data2\" content=\"7 minutes\" \/>\n<script type=\"application\/ld+json\" class=\"yoast-schema-graph\">{\"@context\":\"https:\\\/\\\/schema.org\",\"@graph\":[{\"@type\":\"NewsArticle\",\"@id\":\"https:\\\/\\\/www.webdo.tn\\\/fr\\\/actualite\\\/culture\\\/el-gouna-2023-14-films-en-competition-dans-longs-metrages-de-fiction\\\/208737\\\/#article\",\"isPartOf\":{\"@id\":\"https:\\\/\\\/www.webdo.tn\\\/fr\\\/actualite\\\/culture\\\/el-gouna-2023-14-films-en-competition-dans-longs-metrages-de-fiction\\\/208737\\\/\"},\"author\":{\"name\":\"Ne\u00efla DRISS\",\"@id\":\"https:\\\/\\\/www.webdo.tn\\\/fr\\\/#\\\/schema\\\/person\\\/60d5ba619ed3f58783b0dc82b7dada80\"},\"headline\":\"El Gouna 2023 &#8211; 14 films en comp\u00e9tition dans la section longs m\u00e9trages de fiction\",\"datePublished\":\"2023-09-18T14:42:00+00:00\",\"dateModified\":\"2025-05-21T08:56:27+00:00\",\"mainEntityOfPage\":{\"@id\":\"https:\\\/\\\/www.webdo.tn\\\/fr\\\/actualite\\\/culture\\\/el-gouna-2023-14-films-en-competition-dans-longs-metrages-de-fiction\\\/208737\\\/\"},\"wordCount\":1392,\"commentCount\":0,\"publisher\":{\"@id\":\"https:\\\/\\\/www.webdo.tn\\\/fr\\\/#organization\"},\"image\":{\"@id\":\"https:\\\/\\\/www.webdo.tn\\\/fr\\\/actualite\\\/culture\\\/el-gouna-2023-14-films-en-competition-dans-longs-metrages-de-fiction\\\/208737\\\/#primaryimage\"},\"thumbnailUrl\":\"https:\\\/\\\/www.webdo.tn\\\/fr\\\/wp-content\\\/uploads\\\/2023\\\/09\\\/8d57444bcb698952c9dcbe09d1582820.jpeg\",\"keywords\":[\"El Gouna 2023\",\"Festival du Film d'El Gouna\",\"GFF\",\"GFF 2023\"],\"articleSection\":[\"Culture\"],\"inLanguage\":\"fr-FR\"},{\"@type\":\"WebPage\",\"@id\":\"https:\\\/\\\/www.webdo.tn\\\/fr\\\/actualite\\\/culture\\\/el-gouna-2023-14-films-en-competition-dans-longs-metrages-de-fiction\\\/208737\\\/\",\"url\":\"https:\\\/\\\/www.webdo.tn\\\/fr\\\/actualite\\\/culture\\\/el-gouna-2023-14-films-en-competition-dans-longs-metrages-de-fiction\\\/208737\\\/\",\"name\":\"El Gouna 2023 - 14 films en comp\u00e9tition dans la section longs m\u00e9trages de fiction\",\"isPartOf\":{\"@id\":\"https:\\\/\\\/www.webdo.tn\\\/fr\\\/#website\"},\"primaryImageOfPage\":{\"@id\":\"https:\\\/\\\/www.webdo.tn\\\/fr\\\/actualite\\\/culture\\\/el-gouna-2023-14-films-en-competition-dans-longs-metrages-de-fiction\\\/208737\\\/#primaryimage\"},\"image\":{\"@id\":\"https:\\\/\\\/www.webdo.tn\\\/fr\\\/actualite\\\/culture\\\/el-gouna-2023-14-films-en-competition-dans-longs-metrages-de-fiction\\\/208737\\\/#primaryimage\"},\"thumbnailUrl\":\"https:\\\/\\\/www.webdo.tn\\\/fr\\\/wp-content\\\/uploads\\\/2023\\\/09\\\/8d57444bcb698952c9dcbe09d1582820.jpeg\",\"datePublished\":\"2023-09-18T14:42:00+00:00\",\"dateModified\":\"2025-05-21T08:56:27+00:00\",\"description\":\"Lors de la conf\u00e9rence de presse qui s\u2019est tenue au Caire ce matin pour annoncer les d\u00e9tails de sa sixi\u00e8me \u00e9dition, qui se tiendra du 13 au 20 octobre, le Festiv...\",\"breadcrumb\":{\"@id\":\"https:\\\/\\\/www.webdo.tn\\\/fr\\\/actualite\\\/culture\\\/el-gouna-2023-14-films-en-competition-dans-longs-metrages-de-fiction\\\/208737\\\/#breadcrumb\"},\"inLanguage\":\"fr-FR\",\"potentialAction\":[{\"@type\":\"ReadAction\",\"target\":[\"https:\\\/\\\/www.webdo.tn\\\/fr\\\/actualite\\\/culture\\\/el-gouna-2023-14-films-en-competition-dans-longs-metrages-de-fiction\\\/208737\\\/\"]}]},{\"@type\":\"ImageObject\",\"inLanguage\":\"fr-FR\",\"@id\":\"https:\\\/\\\/www.webdo.tn\\\/fr\\\/actualite\\\/culture\\\/el-gouna-2023-14-films-en-competition-dans-longs-metrages-de-fiction\\\/208737\\\/#primaryimage\",\"url\":\"https:\\\/\\\/www.webdo.tn\\\/fr\\\/wp-content\\\/uploads\\\/2023\\\/09\\\/8d57444bcb698952c9dcbe09d1582820.jpeg\",\"contentUrl\":\"https:\\\/\\\/www.webdo.tn\\\/fr\\\/wp-content\\\/uploads\\\/2023\\\/09\\\/8d57444bcb698952c9dcbe09d1582820.jpeg\",\"width\":750,\"height\":400,\"caption\":\"El Gouna 2023 - 14 films en comp\u00e9tition dans la section longs m\u00e9trages de fiction\"},{\"@type\":\"BreadcrumbList\",\"@id\":\"https:\\\/\\\/www.webdo.tn\\\/fr\\\/actualite\\\/culture\\\/el-gouna-2023-14-films-en-competition-dans-longs-metrages-de-fiction\\\/208737\\\/#breadcrumb\",\"itemListElement\":[{\"@type\":\"ListItem\",\"position\":1,\"name\":\"Accueil\",\"item\":\"https:\\\/\\\/www.webdo.tn\\\/fr\\\/\"},{\"@type\":\"ListItem\",\"position\":2,\"name\":\"El Gouna 2023 &#8211; 14 films en comp\u00e9tition dans la section longs m\u00e9trages de fiction\"}]},{\"@type\":\"WebSite\",\"@id\":\"https:\\\/\\\/www.webdo.tn\\\/fr\\\/#website\",\"url\":\"https:\\\/\\\/www.webdo.tn\\\/fr\\\/\",\"name\":\"webdo\",\"description\":\"Tunisie - News en Tunisie et \u00e0 l&#039;international sur Webdo.tn\",\"publisher\":{\"@id\":\"https:\\\/\\\/www.webdo.tn\\\/fr\\\/#organization\"},\"potentialAction\":[{\"@type\":\"SearchAction\",\"target\":{\"@type\":\"EntryPoint\",\"urlTemplate\":\"https:\\\/\\\/www.webdo.tn\\\/fr\\\/?s={search_term_string}\"},\"query-input\":{\"@type\":\"PropertyValueSpecification\",\"valueRequired\":true,\"valueName\":\"search_term_string\"}}],\"inLanguage\":\"fr-FR\"},{\"@type\":\"Organization\",\"@id\":\"https:\\\/\\\/www.webdo.tn\\\/fr\\\/#organization\",\"name\":\"Webdo\",\"alternateName\":\"Webdo.tn\",\"url\":\"https:\\\/\\\/www.webdo.tn\\\/fr\\\/\",\"logo\":{\"@type\":\"ImageObject\",\"inLanguage\":\"fr-FR\",\"@id\":\"https:\\\/\\\/www.webdo.tn\\\/fr\\\/#\\\/schema\\\/logo\\\/image\\\/\",\"url\":\"https:\\\/\\\/www.webdo.tn\\\/fr\\\/wp-content\\\/uploads\\\/2025\\\/06\\\/Webdo-Tunisie_168377.jpg\",\"contentUrl\":\"https:\\\/\\\/www.webdo.tn\\\/fr\\\/wp-content\\\/uploads\\\/2025\\\/06\\\/Webdo-Tunisie_168377.jpg\",\"width\":301,\"height\":301,\"caption\":\"Webdo\"},\"image\":{\"@id\":\"https:\\\/\\\/www.webdo.tn\\\/fr\\\/#\\\/schema\\\/logo\\\/image\\\/\"},\"sameAs\":[\"https:\\\/\\\/www.facebook.com\\\/webdotn\",\"https:\\\/\\\/x.com\\\/webdo_tn\"],\"description\":\"Webdo est un m\u00e9dia num\u00e9rique tunisien fond\u00e9 en 2010, sp\u00e9cialis\u00e9 dans l\u2019actualit\u00e9 nationale et internationale, l\u2019\u00e9conomie, la soci\u00e9t\u00e9 et les analyses politiques. Le site s\u2019adresse \u00e0 un large public francophone et couvre l\u2019information tunisienne en temps r\u00e9el.\",\"email\":\"redac@webdo.tn\",\"legalName\":\"YNJ SARL\",\"foundingDate\":\"2010-09-06\",\"numberOfEmployees\":{\"@type\":\"QuantitativeValue\",\"minValue\":\"11\",\"maxValue\":\"50\"}},{\"@type\":\"Person\",\"@id\":\"https:\\\/\\\/www.webdo.tn\\\/fr\\\/#\\\/schema\\\/person\\\/60d5ba619ed3f58783b0dc82b7dada80\",\"name\":\"Ne\u00efla DRISS\",\"image\":{\"@type\":\"ImageObject\",\"inLanguage\":\"fr-FR\",\"@id\":\"https:\\\/\\\/www.webdo.tn\\\/fr\\\/wp-content\\\/uploads\\\/2026\\\/04\\\/neila-driss_avatar-96x96.jpg\",\"url\":\"https:\\\/\\\/www.webdo.tn\\\/fr\\\/wp-content\\\/uploads\\\/2026\\\/04\\\/neila-driss_avatar-96x96.jpg\",\"contentUrl\":\"https:\\\/\\\/www.webdo.tn\\\/fr\\\/wp-content\\\/uploads\\\/2026\\\/04\\\/neila-driss_avatar-96x96.jpg\",\"caption\":\"Ne\u00efla DRISS\"},\"description\":\"Ne\u00efla Driss est juriste, journaliste culturelle et critique de cin\u00e9ma tunisienne. Titulaire d\u2019un DEA en droit priv\u00e9 de l\u2019Universit\u00e9 Paris II et d\u2019un DESS de l\u2019IHEC Carthage, elle d\u00e9bute sa carri\u00e8re comme juriste sp\u00e9cialis\u00e9e en gestion de patrimoine immobilier. Elle s\u2019oriente ensuite vers l\u2019\u00e9criture en ligne, o\u00f9 elle se distingue d\u00e8s 2006 aux Tunisia Blog Awards, avant de se consacrer au journalisme culturel, avec une sp\u00e9cialisation dans la critique cin\u00e9matographique. Elle couvre r\u00e9guli\u00e8rement les grands festivals internationaux, notamment le Festival de Cannes, les Journ\u00e9es Cin\u00e9matographiques de Carthage et le Festival du film du Caire. Membre de l\u2019ATPCC et de la FIPRESCI, elle participe \u00e0 des jurys et initiatives internationales de critique. Depuis 2024, elle est \u00e9lectrice internationale aux Golden Globes. Facebook : https:\\\/\\\/www.facebook.com\\\/massir.destiniii\\\/ X : https:\\\/\\\/x.com\\\/MassirDestin\",\"sameAs\":[\"https:\\\/\\\/www.facebook.com\\\/massir.destiniii\\\/\",\"https:\\\/\\\/www.instagram.com\\\/neila.driss\\\/?hl=fr\",\"https:\\\/\\\/www.linkedin.com\\\/in\\\/neila-driss-22606a80\\\/\",\"https:\\\/\\\/x.com\\\/https:\\\/\\\/x.com\\\/MassirDestin\"],\"knowsAbout\":[\"Cin\u00e9ma international\",\"critique cin\u00e9matographique\",\"festivals de cin\u00e9ma\",\"journalisme culturel\"],\"knowsLanguage\":[\"Fran\u00e7ais\",\"Arabe\",\"Anglais\"],\"jobTitle\":\"Journaliste culturelle et critique de cin\u00e9ma\",\"worksFor\":\"Webdo\",\"url\":\"https:\\\/\\\/www.webdo.tn\\\/fr\\\/actualite\\\/author\\\/neila-driss\\\/\"}]}<\/script>\n<!-- \/ Yoast SEO Premium plugin. -->","yoast_head_json":{"title":"El Gouna 2023 - 14 films en comp\u00e9tition dans la section longs m\u00e9trages de fiction","description":"Lors de la conf\u00e9rence de presse qui s\u2019est tenue au Caire ce matin pour annoncer les d\u00e9tails de sa sixi\u00e8me \u00e9dition, qui se tiendra du 13 au 20 octobre, le Festiv...","canonical":"https:\/\/www.webdo.tn\/fr\/actualite\/culture\/el-gouna-2023-14-films-en-competition-dans-longs-metrages-de-fiction\/208737\/","og_locale":"fr_FR","og_type":"article","og_title":"El Gouna 2023 - 14 films en comp\u00e9tition dans la section longs m\u00e9trages de fiction","og_description":"Lors de la conf\u00e9rence de presse qui s\u2019est tenue au Caire ce matin pour annoncer les d\u00e9tails de sa sixi\u00e8me \u00e9dition, qui se tiendra du 13 au 20 octobre, le Festiv...","og_url":"https:\/\/www.webdo.tn\/fr\/actualite\/culture\/el-gouna-2023-14-films-en-competition-dans-longs-metrages-de-fiction\/208737\/","og_site_name":"webdo","article_publisher":"https:\/\/www.facebook.com\/webdotn","article_author":"https:\/\/www.facebook.com\/massir.destiniii\/","article_published_time":"2023-09-18T14:42:00+00:00","article_modified_time":"2025-05-21T08:56:27+00:00","og_image":[{"width":750,"height":400,"url":"https:\/\/www.webdo.tn\/fr\/wp-content\/uploads\/2023\/09\/8d57444bcb698952c9dcbe09d1582820.jpeg","type":"image\/jpeg"}],"author":"Ne\u00efla DRISS","twitter_card":"summary_large_image","twitter_creator":"@https:\/\/x.com\/MassirDestin","twitter_site":"@webdo_tn","twitter_misc":{"\u00c9crit par":"Ne\u00efla DRISS","Dur\u00e9e de lecture estim\u00e9e":"7 minutes"},"schema":{"@context":"https:\/\/schema.org","@graph":[{"@type":"NewsArticle","@id":"https:\/\/www.webdo.tn\/fr\/actualite\/culture\/el-gouna-2023-14-films-en-competition-dans-longs-metrages-de-fiction\/208737\/#article","isPartOf":{"@id":"https:\/\/www.webdo.tn\/fr\/actualite\/culture\/el-gouna-2023-14-films-en-competition-dans-longs-metrages-de-fiction\/208737\/"},"author":{"name":"Ne\u00efla DRISS","@id":"https:\/\/www.webdo.tn\/fr\/#\/schema\/person\/60d5ba619ed3f58783b0dc82b7dada80"},"headline":"El Gouna 2023 &#8211; 14 films en comp\u00e9tition dans la section longs m\u00e9trages de fiction","datePublished":"2023-09-18T14:42:00+00:00","dateModified":"2025-05-21T08:56:27+00:00","mainEntityOfPage":{"@id":"https:\/\/www.webdo.tn\/fr\/actualite\/culture\/el-gouna-2023-14-films-en-competition-dans-longs-metrages-de-fiction\/208737\/"},"wordCount":1392,"commentCount":0,"publisher":{"@id":"https:\/\/www.webdo.tn\/fr\/#organization"},"image":{"@id":"https:\/\/www.webdo.tn\/fr\/actualite\/culture\/el-gouna-2023-14-films-en-competition-dans-longs-metrages-de-fiction\/208737\/#primaryimage"},"thumbnailUrl":"https:\/\/www.webdo.tn\/fr\/wp-content\/uploads\/2023\/09\/8d57444bcb698952c9dcbe09d1582820.jpeg","keywords":["El Gouna 2023","Festival du Film d'El Gouna","GFF","GFF 2023"],"articleSection":["Culture"],"inLanguage":"fr-FR"},{"@type":"WebPage","@id":"https:\/\/www.webdo.tn\/fr\/actualite\/culture\/el-gouna-2023-14-films-en-competition-dans-longs-metrages-de-fiction\/208737\/","url":"https:\/\/www.webdo.tn\/fr\/actualite\/culture\/el-gouna-2023-14-films-en-competition-dans-longs-metrages-de-fiction\/208737\/","name":"El Gouna 2023 - 14 films en comp\u00e9tition dans la section longs m\u00e9trages de fiction","isPartOf":{"@id":"https:\/\/www.webdo.tn\/fr\/#website"},"primaryImageOfPage":{"@id":"https:\/\/www.webdo.tn\/fr\/actualite\/culture\/el-gouna-2023-14-films-en-competition-dans-longs-metrages-de-fiction\/208737\/#primaryimage"},"image":{"@id":"https:\/\/www.webdo.tn\/fr\/actualite\/culture\/el-gouna-2023-14-films-en-competition-dans-longs-metrages-de-fiction\/208737\/#primaryimage"},"thumbnailUrl":"https:\/\/www.webdo.tn\/fr\/wp-content\/uploads\/2023\/09\/8d57444bcb698952c9dcbe09d1582820.jpeg","datePublished":"2023-09-18T14:42:00+00:00","dateModified":"2025-05-21T08:56:27+00:00","description":"Lors de la conf\u00e9rence de presse qui s\u2019est tenue au Caire ce matin pour annoncer les d\u00e9tails de sa sixi\u00e8me \u00e9dition, qui se tiendra du 13 au 20 octobre, le Festiv...","breadcrumb":{"@id":"https:\/\/www.webdo.tn\/fr\/actualite\/culture\/el-gouna-2023-14-films-en-competition-dans-longs-metrages-de-fiction\/208737\/#breadcrumb"},"inLanguage":"fr-FR","potentialAction":[{"@type":"ReadAction","target":["https:\/\/www.webdo.tn\/fr\/actualite\/culture\/el-gouna-2023-14-films-en-competition-dans-longs-metrages-de-fiction\/208737\/"]}]},{"@type":"ImageObject","inLanguage":"fr-FR","@id":"https:\/\/www.webdo.tn\/fr\/actualite\/culture\/el-gouna-2023-14-films-en-competition-dans-longs-metrages-de-fiction\/208737\/#primaryimage","url":"https:\/\/www.webdo.tn\/fr\/wp-content\/uploads\/2023\/09\/8d57444bcb698952c9dcbe09d1582820.jpeg","contentUrl":"https:\/\/www.webdo.tn\/fr\/wp-content\/uploads\/2023\/09\/8d57444bcb698952c9dcbe09d1582820.jpeg","width":750,"height":400,"caption":"El Gouna 2023 - 14 films en comp\u00e9tition dans la section longs m\u00e9trages de fiction"},{"@type":"BreadcrumbList","@id":"https:\/\/www.webdo.tn\/fr\/actualite\/culture\/el-gouna-2023-14-films-en-competition-dans-longs-metrages-de-fiction\/208737\/#breadcrumb","itemListElement":[{"@type":"ListItem","position":1,"name":"Accueil","item":"https:\/\/www.webdo.tn\/fr\/"},{"@type":"ListItem","position":2,"name":"El Gouna 2023 &#8211; 14 films en comp\u00e9tition dans la section longs m\u00e9trages de fiction"}]},{"@type":"WebSite","@id":"https:\/\/www.webdo.tn\/fr\/#website","url":"https:\/\/www.webdo.tn\/fr\/","name":"webdo","description":"Tunisie - News en Tunisie et \u00e0 l&#039;international sur Webdo.tn","publisher":{"@id":"https:\/\/www.webdo.tn\/fr\/#organization"},"potentialAction":[{"@type":"SearchAction","target":{"@type":"EntryPoint","urlTemplate":"https:\/\/www.webdo.tn\/fr\/?s={search_term_string}"},"query-input":{"@type":"PropertyValueSpecification","valueRequired":true,"valueName":"search_term_string"}}],"inLanguage":"fr-FR"},{"@type":"Organization","@id":"https:\/\/www.webdo.tn\/fr\/#organization","name":"Webdo","alternateName":"Webdo.tn","url":"https:\/\/www.webdo.tn\/fr\/","logo":{"@type":"ImageObject","inLanguage":"fr-FR","@id":"https:\/\/www.webdo.tn\/fr\/#\/schema\/logo\/image\/","url":"https:\/\/www.webdo.tn\/fr\/wp-content\/uploads\/2025\/06\/Webdo-Tunisie_168377.jpg","contentUrl":"https:\/\/www.webdo.tn\/fr\/wp-content\/uploads\/2025\/06\/Webdo-Tunisie_168377.jpg","width":301,"height":301,"caption":"Webdo"},"image":{"@id":"https:\/\/www.webdo.tn\/fr\/#\/schema\/logo\/image\/"},"sameAs":["https:\/\/www.facebook.com\/webdotn","https:\/\/x.com\/webdo_tn"],"description":"Webdo est un m\u00e9dia num\u00e9rique tunisien fond\u00e9 en 2010, sp\u00e9cialis\u00e9 dans l\u2019actualit\u00e9 nationale et internationale, l\u2019\u00e9conomie, la soci\u00e9t\u00e9 et les analyses politiques. Le site s\u2019adresse \u00e0 un large public francophone et couvre l\u2019information tunisienne en temps r\u00e9el.","email":"redac@webdo.tn","legalName":"YNJ SARL","foundingDate":"2010-09-06","numberOfEmployees":{"@type":"QuantitativeValue","minValue":"11","maxValue":"50"}},{"@type":"Person","@id":"https:\/\/www.webdo.tn\/fr\/#\/schema\/person\/60d5ba619ed3f58783b0dc82b7dada80","name":"Ne\u00efla DRISS","image":{"@type":"ImageObject","inLanguage":"fr-FR","@id":"https:\/\/www.webdo.tn\/fr\/wp-content\/uploads\/2026\/04\/neila-driss_avatar-96x96.jpg","url":"https:\/\/www.webdo.tn\/fr\/wp-content\/uploads\/2026\/04\/neila-driss_avatar-96x96.jpg","contentUrl":"https:\/\/www.webdo.tn\/fr\/wp-content\/uploads\/2026\/04\/neila-driss_avatar-96x96.jpg","caption":"Ne\u00efla DRISS"},"description":"Ne\u00efla Driss est juriste, journaliste culturelle et critique de cin\u00e9ma tunisienne. Titulaire d\u2019un DEA en droit priv\u00e9 de l\u2019Universit\u00e9 Paris II et d\u2019un DESS de l\u2019IHEC Carthage, elle d\u00e9bute sa carri\u00e8re comme juriste sp\u00e9cialis\u00e9e en gestion de patrimoine immobilier. Elle s\u2019oriente ensuite vers l\u2019\u00e9criture en ligne, o\u00f9 elle se distingue d\u00e8s 2006 aux Tunisia Blog Awards, avant de se consacrer au journalisme culturel, avec une sp\u00e9cialisation dans la critique cin\u00e9matographique. Elle couvre r\u00e9guli\u00e8rement les grands festivals internationaux, notamment le Festival de Cannes, les Journ\u00e9es Cin\u00e9matographiques de Carthage et le Festival du film du Caire. Membre de l\u2019ATPCC et de la FIPRESCI, elle participe \u00e0 des jurys et initiatives internationales de critique. Depuis 2024, elle est \u00e9lectrice internationale aux Golden Globes. Facebook : https:\/\/www.facebook.com\/massir.destiniii\/ X : https:\/\/x.com\/MassirDestin","sameAs":["https:\/\/www.facebook.com\/massir.destiniii\/","https:\/\/www.instagram.com\/neila.driss\/?hl=fr","https:\/\/www.linkedin.com\/in\/neila-driss-22606a80\/","https:\/\/x.com\/https:\/\/x.com\/MassirDestin"],"knowsAbout":["Cin\u00e9ma international","critique cin\u00e9matographique","festivals de cin\u00e9ma","journalisme culturel"],"knowsLanguage":["Fran\u00e7ais","Arabe","Anglais"],"jobTitle":"Journaliste culturelle et critique de cin\u00e9ma","worksFor":"Webdo","url":"https:\/\/www.webdo.tn\/fr\/actualite\/author\/neila-driss\/"}]}},"_links":{"self":[{"href":"https:\/\/www.webdo.tn\/fr\/wp-json\/wp\/v2\/posts\/208737","targetHints":{"allow":["GET"]}}],"collection":[{"href":"https:\/\/www.webdo.tn\/fr\/wp-json\/wp\/v2\/posts"}],"about":[{"href":"https:\/\/www.webdo.tn\/fr\/wp-json\/wp\/v2\/types\/post"}],"author":[{"embeddable":true,"href":"https:\/\/www.webdo.tn\/fr\/wp-json\/wp\/v2\/users\/3164"}],"replies":[{"embeddable":true,"href":"https:\/\/www.webdo.tn\/fr\/wp-json\/wp\/v2\/comments?post=208737"}],"version-history":[{"count":0,"href":"https:\/\/www.webdo.tn\/fr\/wp-json\/wp\/v2\/posts\/208737\/revisions"}],"wp:featuredmedia":[{"embeddable":true,"href":"https:\/\/www.webdo.tn\/fr\/wp-json\/wp\/v2\/media\/249286"}],"wp:attachment":[{"href":"https:\/\/www.webdo.tn\/fr\/wp-json\/wp\/v2\/media?parent=208737"}],"wp:term":[{"taxonomy":"category","embeddable":true,"href":"https:\/\/www.webdo.tn\/fr\/wp-json\/wp\/v2\/categories?post=208737"},{"taxonomy":"post_tag","embeddable":true,"href":"https:\/\/www.webdo.tn\/fr\/wp-json\/wp\/v2\/tags?post=208737"}],"curies":[{"name":"wp","href":"https:\/\/api.w.org\/{rel}","templated":true}]}}