{"id":208730,"date":"2023-09-18T12:03:00","date_gmt":"2023-09-18T12:03:00","guid":{"rendered":"https:\/\/www.webdo.tn\/fr\/blog\/seisme-au-maroc-la-scission-maghrebine-de-trop\/208730\/"},"modified":"2025-05-20T22:33:18","modified_gmt":"2025-05-20T22:33:18","slug":"seisme-au-maroc-la-scission-maghrebine-de-trop","status":"publish","type":"post","link":"https:\/\/www.webdo.tn\/fr\/actualite\/le-courrier-des-lecteurs\/seisme-au-maroc-la-scission-maghrebine-de-trop\/208730\/","title":{"rendered":"S\u00e9isme au Maroc, la scission maghr\u00e9bine de trop\u2026"},"content":{"rendered":"<p>L\u2019Emir des Croyants Ch\u00e9rifiens n\u2019a que faire des propositions, alg\u00e9rienne et tunisienne, de participer \u00e0 l\u2019aide internationale pour secourir les victimes.<\/p>\n<p>\t\t\t\t\t\t\t\t\tIl est vrai que la fortune du Roi peut couvrir largement les d\u00e9penses n\u00e9cessaires. Par ailleurs, Le niet marocain vient signifier que l\u2019Alg\u00e9rie, la Tunisie, ne sont ni des fr\u00e8res, ni des partenaires, uniquement des voisins, au hasard de la g\u00e9ographie.<\/p>\n<p>Dor\u00e9navant, la diplomatie marocaine ne sera bienveillante qu\u2019avec les partenaires qui auront fait all\u00e9geance \u00e0 la position marocaine sur le Sahara Occidental. On ne s\u2019\u00e9tonne pas que le Maroc se soit rapproch\u00e9 d\u2019Isra\u00ebl, deux pays et une m\u00eame volont\u00e9 d\u2019h\u00e9g\u00e9monie\u2026<\/p>\n<p>Le s\u00e9isme au Maroc a mis \u00e0 jour d\u2019une fa\u00e7on plus franche et \u00e0 l\u2019air libre, la scission v\u00e9ritable et r\u00e9elle du Maghreb politique, social, \u00e9conomique mais surtout fraternel entre les trois nations, cens\u00e9es \u00eatre porteuses des valeurs de l\u2019OUMA, pardon\u00a0 l\u2019UMA, Union du Maghreb Arabe des cinq pays avec la Mauritanie et la Libye.<\/p>\n<p>L\u2019UMA est enterr\u00e9e, va savoir qui, du Maroc, de l\u2019Alg\u00e9rie, de la Tunisie, sera volontaire pour parrainer la mise \u00e0 terre.<\/p>\n<p>Il serait donc opportun de fermer le si\u00e8ge de l\u2019UMA \u00e0 Rabat et d\u2019inviter le Tunisien Taieb Baccouche, Secr\u00e9taire G\u00e9n\u00e9ral \u00e0 faire ses valise et rentrer au bercail (\u00ab\u00a0circuler, il n\u2019y a rien \u00e0 voir\u00a0\u00bb).<\/p>\n<p>Car\u00a0 continuer de conserver les structures physiques, juridiques, morales de l\u2019Union du Maghreb Arabe, est une insulte contre l\u2019intelligence des peuples : ce march\u00e9 commun \u00e9conomique, mon\u00e9taire ne verra jamais le jour, \u00e0 la grande joie de certains pays, qui voyaient d\u2019un mauvais \u0153il cette int\u00e9gration \u00e9conomique tant r\u00eav\u00e9e. \u00a0<\/p>\n<p>Union qui aurait pu marquer l\u2019ind\u00e9pendance, la croissance soutenue des \u00e9conomies des cinq pays et plus particuli\u00e8rement, la marocaine, l\u2019alg\u00e9rienne et la tunisienne.<\/p>\n<p>L\u2019Histoire de\u00a0 leur population respective est unique\u2026 Mais leur avenir sera distinct, chacun pour soi, et pour cause, l\u2019Emir Ch\u00e9rifien des Marocains, ne se veut pas rassembleur de peuples, il pr\u00e9f\u00e8re les terres\u00a0 devenues orphelines le fameux \u00ab\u00a0Rio d\u2019Oro\u00a0\u00bb ce Maudit Sahara Occidental, Terre promise, d\u2019un Peuple Ch\u00e9rifien Elu.<\/p>\n","protected":false},"excerpt":{"rendered":"<p>L\u2019Emir des Croyants Ch\u00e9rifiens n\u2019a que faire des propositions, alg\u00e9rienne et tunisienne, de participer \u00e0 l\u2019aide internationale pour secourir les victimes.<\/p>\n","protected":false},"author":3169,"featured_media":289618,"comment_status":"open","ping_status":"closed","sticky":false,"template":"","format":"standard","meta":{"footnotes":""},"categories":[7043],"tags":[9792,2907,6593,3464,2608],"class_list":["post-208730","post","type-post","status-publish","format-standard","has-post-thumbnail","hentry","category-le-courrier-des-lecteurs","tag-uma","tag-algerie","tag-maghreb","tag-maroc","tag-tunisie"],"yoast_head":"<!-- This site is optimized with the Yoast SEO Premium plugin v27.5 (Yoast SEO v27.5) - https:\/\/yoast.com\/product\/yoast-seo-premium-wordpress\/ -->\n<title>S\u00e9isme au Maroc, la scission maghr\u00e9bine de trop\u2026<\/title>\n<meta name=\"description\" content=\"L\u2019Emir des Croyants Ch\u00e9rifiens n\u2019a que faire des propositions, alg\u00e9rienne et tunisienne, de participer \u00e0 l\u2019aide internationale pour secourir les victimes.\" \/>\n<link rel=\"canonical\" href=\"https:\/\/www.webdo.tn\/fr\/actualite\/le-courrier-des-lecteurs\/seisme-au-maroc-la-scission-maghrebine-de-trop\/208730\/\" \/>\n<meta property=\"og:locale\" content=\"fr_FR\" \/>\n<meta property=\"og:type\" content=\"article\" \/>\n<meta property=\"og:title\" content=\"S\u00e9isme au Maroc, la scission maghr\u00e9bine de trop\u2026\" \/>\n<meta property=\"og:description\" content=\"L\u2019Emir des Croyants Ch\u00e9rifiens n\u2019a que faire des propositions, alg\u00e9rienne et tunisienne, de participer \u00e0 l\u2019aide internationale pour secourir les victimes.\" \/>\n<meta property=\"og:url\" content=\"https:\/\/www.webdo.tn\/fr\/actualite\/le-courrier-des-lecteurs\/seisme-au-maroc-la-scission-maghrebine-de-trop\/208730\/\" \/>\n<meta property=\"og:site_name\" content=\"webdo\" \/>\n<meta property=\"article:publisher\" content=\"https:\/\/www.facebook.com\/webdotn\" \/>\n<meta property=\"article:published_time\" content=\"2023-09-18T12:03:00+00:00\" \/>\n<meta property=\"article:modified_time\" content=\"2025-05-20T22:33:18+00:00\" \/>\n<meta property=\"og:image\" content=\"https:\/\/www.webdo.tn\/fr\/wp-content\/uploads\/2023\/09\/410cd06b92cdf5cb9d1353a44478a58a.jpg\" \/>\n\t<meta property=\"og:image:width\" content=\"750\" \/>\n\t<meta property=\"og:image:height\" content=\"400\" \/>\n\t<meta property=\"og:image:type\" content=\"image\/jpeg\" \/>\n<meta name=\"author\" content=\"Webdo\" \/>\n<meta name=\"twitter:card\" content=\"summary_large_image\" \/>\n<meta name=\"twitter:creator\" content=\"@webdo_tn\" \/>\n<meta name=\"twitter:site\" content=\"@webdo_tn\" \/>\n<meta name=\"twitter:label1\" content=\"\u00c9crit par\" \/>\n\t<meta name=\"twitter:data1\" content=\"Webdo\" \/>\n\t<meta name=\"twitter:label2\" content=\"Dur\u00e9e de lecture estim\u00e9e\" \/>\n\t<meta name=\"twitter:data2\" content=\"2 minutes\" \/>\n<script type=\"application\/ld+json\" class=\"yoast-schema-graph\">{\"@context\":\"https:\\\/\\\/schema.org\",\"@graph\":[{\"@type\":\"NewsArticle\",\"@id\":\"https:\\\/\\\/www.webdo.tn\\\/fr\\\/actualite\\\/le-courrier-des-lecteurs\\\/seisme-au-maroc-la-scission-maghrebine-de-trop\\\/208730\\\/#article\",\"isPartOf\":{\"@id\":\"https:\\\/\\\/www.webdo.tn\\\/fr\\\/actualite\\\/le-courrier-des-lecteurs\\\/seisme-au-maroc-la-scission-maghrebine-de-trop\\\/208730\\\/\"},\"author\":{\"name\":\"Webdo\",\"@id\":\"https:\\\/\\\/www.webdo.tn\\\/fr\\\/#\\\/schema\\\/person\\\/1f4e491e0907b413d61089e8eb573acc\"},\"headline\":\"S\u00e9isme au Maroc, la scission maghr\u00e9bine de trop\u2026\",\"datePublished\":\"2023-09-18T12:03:00+00:00\",\"dateModified\":\"2025-05-20T22:33:18+00:00\",\"mainEntityOfPage\":{\"@id\":\"https:\\\/\\\/www.webdo.tn\\\/fr\\\/actualite\\\/le-courrier-des-lecteurs\\\/seisme-au-maroc-la-scission-maghrebine-de-trop\\\/208730\\\/\"},\"wordCount\":395,\"commentCount\":0,\"publisher\":{\"@id\":\"https:\\\/\\\/www.webdo.tn\\\/fr\\\/#organization\"},\"image\":{\"@id\":\"https:\\\/\\\/www.webdo.tn\\\/fr\\\/actualite\\\/le-courrier-des-lecteurs\\\/seisme-au-maroc-la-scission-maghrebine-de-trop\\\/208730\\\/#primaryimage\"},\"thumbnailUrl\":\"https:\\\/\\\/www.webdo.tn\\\/fr\\\/wp-content\\\/uploads\\\/2023\\\/09\\\/410cd06b92cdf5cb9d1353a44478a58a.jpg\",\"keywords\":[\"'uma']\",\"Alg\u00e9rie\",\"maghreb\",\"maroc\",\"Tunisie\"],\"articleSection\":[\"Le courrier des lecteurs\"],\"inLanguage\":\"fr-FR\"},{\"@type\":\"WebPage\",\"@id\":\"https:\\\/\\\/www.webdo.tn\\\/fr\\\/actualite\\\/le-courrier-des-lecteurs\\\/seisme-au-maroc-la-scission-maghrebine-de-trop\\\/208730\\\/\",\"url\":\"https:\\\/\\\/www.webdo.tn\\\/fr\\\/actualite\\\/le-courrier-des-lecteurs\\\/seisme-au-maroc-la-scission-maghrebine-de-trop\\\/208730\\\/\",\"name\":\"S\u00e9isme au Maroc, la scission maghr\u00e9bine de trop\u2026\",\"isPartOf\":{\"@id\":\"https:\\\/\\\/www.webdo.tn\\\/fr\\\/#website\"},\"primaryImageOfPage\":{\"@id\":\"https:\\\/\\\/www.webdo.tn\\\/fr\\\/actualite\\\/le-courrier-des-lecteurs\\\/seisme-au-maroc-la-scission-maghrebine-de-trop\\\/208730\\\/#primaryimage\"},\"image\":{\"@id\":\"https:\\\/\\\/www.webdo.tn\\\/fr\\\/actualite\\\/le-courrier-des-lecteurs\\\/seisme-au-maroc-la-scission-maghrebine-de-trop\\\/208730\\\/#primaryimage\"},\"thumbnailUrl\":\"https:\\\/\\\/www.webdo.tn\\\/fr\\\/wp-content\\\/uploads\\\/2023\\\/09\\\/410cd06b92cdf5cb9d1353a44478a58a.jpg\",\"datePublished\":\"2023-09-18T12:03:00+00:00\",\"dateModified\":\"2025-05-20T22:33:18+00:00\",\"description\":\"L\u2019Emir des Croyants Ch\u00e9rifiens n\u2019a que faire des propositions, alg\u00e9rienne et tunisienne, de participer \u00e0 l\u2019aide internationale pour secourir les victimes.\",\"breadcrumb\":{\"@id\":\"https:\\\/\\\/www.webdo.tn\\\/fr\\\/actualite\\\/le-courrier-des-lecteurs\\\/seisme-au-maroc-la-scission-maghrebine-de-trop\\\/208730\\\/#breadcrumb\"},\"inLanguage\":\"fr-FR\",\"potentialAction\":[{\"@type\":\"ReadAction\",\"target\":[\"https:\\\/\\\/www.webdo.tn\\\/fr\\\/actualite\\\/le-courrier-des-lecteurs\\\/seisme-au-maroc-la-scission-maghrebine-de-trop\\\/208730\\\/\"]}]},{\"@type\":\"ImageObject\",\"inLanguage\":\"fr-FR\",\"@id\":\"https:\\\/\\\/www.webdo.tn\\\/fr\\\/actualite\\\/le-courrier-des-lecteurs\\\/seisme-au-maroc-la-scission-maghrebine-de-trop\\\/208730\\\/#primaryimage\",\"url\":\"https:\\\/\\\/www.webdo.tn\\\/fr\\\/wp-content\\\/uploads\\\/2023\\\/09\\\/410cd06b92cdf5cb9d1353a44478a58a.jpg\",\"contentUrl\":\"https:\\\/\\\/www.webdo.tn\\\/fr\\\/wp-content\\\/uploads\\\/2023\\\/09\\\/410cd06b92cdf5cb9d1353a44478a58a.jpg\",\"width\":750,\"height\":400,\"caption\":\"S\u00e9isme au Maroc, la scission maghr\u00e9bine de trop\u2026\"},{\"@type\":\"BreadcrumbList\",\"@id\":\"https:\\\/\\\/www.webdo.tn\\\/fr\\\/actualite\\\/le-courrier-des-lecteurs\\\/seisme-au-maroc-la-scission-maghrebine-de-trop\\\/208730\\\/#breadcrumb\",\"itemListElement\":[{\"@type\":\"ListItem\",\"position\":1,\"name\":\"Accueil\",\"item\":\"https:\\\/\\\/www.webdo.tn\\\/fr\\\/\"},{\"@type\":\"ListItem\",\"position\":2,\"name\":\"S\u00e9isme au Maroc, la scission maghr\u00e9bine de trop\u2026\"}]},{\"@type\":\"WebSite\",\"@id\":\"https:\\\/\\\/www.webdo.tn\\\/fr\\\/#website\",\"url\":\"https:\\\/\\\/www.webdo.tn\\\/fr\\\/\",\"name\":\"webdo\",\"description\":\"Tunisie - News en Tunisie et \u00e0 l&#039;international sur Webdo.tn\",\"publisher\":{\"@id\":\"https:\\\/\\\/www.webdo.tn\\\/fr\\\/#organization\"},\"potentialAction\":[{\"@type\":\"SearchAction\",\"target\":{\"@type\":\"EntryPoint\",\"urlTemplate\":\"https:\\\/\\\/www.webdo.tn\\\/fr\\\/?s={search_term_string}\"},\"query-input\":{\"@type\":\"PropertyValueSpecification\",\"valueRequired\":true,\"valueName\":\"search_term_string\"}}],\"inLanguage\":\"fr-FR\"},{\"@type\":\"Organization\",\"@id\":\"https:\\\/\\\/www.webdo.tn\\\/fr\\\/#organization\",\"name\":\"Webdo\",\"alternateName\":\"Webdo.tn\",\"url\":\"https:\\\/\\\/www.webdo.tn\\\/fr\\\/\",\"logo\":{\"@type\":\"ImageObject\",\"inLanguage\":\"fr-FR\",\"@id\":\"https:\\\/\\\/www.webdo.tn\\\/fr\\\/#\\\/schema\\\/logo\\\/image\\\/\",\"url\":\"https:\\\/\\\/www.webdo.tn\\\/fr\\\/wp-content\\\/uploads\\\/2025\\\/06\\\/Webdo-Tunisie_168377.jpg\",\"contentUrl\":\"https:\\\/\\\/www.webdo.tn\\\/fr\\\/wp-content\\\/uploads\\\/2025\\\/06\\\/Webdo-Tunisie_168377.jpg\",\"width\":301,\"height\":301,\"caption\":\"Webdo\"},\"image\":{\"@id\":\"https:\\\/\\\/www.webdo.tn\\\/fr\\\/#\\\/schema\\\/logo\\\/image\\\/\"},\"sameAs\":[\"https:\\\/\\\/www.facebook.com\\\/webdotn\",\"https:\\\/\\\/x.com\\\/webdo_tn\"],\"description\":\"Webdo est un m\u00e9dia num\u00e9rique tunisien fond\u00e9 en 2010, sp\u00e9cialis\u00e9 dans l\u2019actualit\u00e9 nationale et internationale, l\u2019\u00e9conomie, la soci\u00e9t\u00e9 et les analyses politiques. Le site s\u2019adresse \u00e0 un large public francophone et couvre l\u2019information tunisienne en temps r\u00e9el.\",\"email\":\"redac@webdo.tn\",\"legalName\":\"YNJ SARL\",\"foundingDate\":\"2010-09-06\",\"numberOfEmployees\":{\"@type\":\"QuantitativeValue\",\"minValue\":\"11\",\"maxValue\":\"50\"}},{\"@type\":\"Person\",\"@id\":\"https:\\\/\\\/www.webdo.tn\\\/fr\\\/#\\\/schema\\\/person\\\/1f4e491e0907b413d61089e8eb573acc\",\"name\":\"Webdo\",\"image\":{\"@type\":\"ImageObject\",\"inLanguage\":\"fr-FR\",\"@id\":\"https:\\\/\\\/secure.gravatar.com\\\/avatar\\\/de97aeec1bb80978a9dbb127e47dfc88aaacb2f3c29aac907d8d3222e3495d49?s=96&d=mm&r=g\",\"url\":\"https:\\\/\\\/secure.gravatar.com\\\/avatar\\\/de97aeec1bb80978a9dbb127e47dfc88aaacb2f3c29aac907d8d3222e3495d49?s=96&d=mm&r=g\",\"contentUrl\":\"https:\\\/\\\/secure.gravatar.com\\\/avatar\\\/de97aeec1bb80978a9dbb127e47dfc88aaacb2f3c29aac907d8d3222e3495d49?s=96&d=mm&r=g\",\"caption\":\"Webdo\"},\"url\":\"https:\\\/\\\/www.webdo.tn\\\/fr\\\/actualite\\\/author\\\/webdo\\\/\"}]}<\/script>\n<!-- \/ Yoast SEO Premium plugin. -->","yoast_head_json":{"title":"S\u00e9isme au Maroc, la scission maghr\u00e9bine de trop\u2026","description":"L\u2019Emir des Croyants Ch\u00e9rifiens n\u2019a que faire des propositions, alg\u00e9rienne et tunisienne, de participer \u00e0 l\u2019aide internationale pour secourir les victimes.","canonical":"https:\/\/www.webdo.tn\/fr\/actualite\/le-courrier-des-lecteurs\/seisme-au-maroc-la-scission-maghrebine-de-trop\/208730\/","og_locale":"fr_FR","og_type":"article","og_title":"S\u00e9isme au Maroc, la scission maghr\u00e9bine de trop\u2026","og_description":"L\u2019Emir des Croyants Ch\u00e9rifiens n\u2019a que faire des propositions, alg\u00e9rienne et tunisienne, de participer \u00e0 l\u2019aide internationale pour secourir les victimes.","og_url":"https:\/\/www.webdo.tn\/fr\/actualite\/le-courrier-des-lecteurs\/seisme-au-maroc-la-scission-maghrebine-de-trop\/208730\/","og_site_name":"webdo","article_publisher":"https:\/\/www.facebook.com\/webdotn","article_published_time":"2023-09-18T12:03:00+00:00","article_modified_time":"2025-05-20T22:33:18+00:00","og_image":[{"width":750,"height":400,"url":"https:\/\/www.webdo.tn\/fr\/wp-content\/uploads\/2023\/09\/410cd06b92cdf5cb9d1353a44478a58a.jpg","type":"image\/jpeg"}],"author":"Webdo","twitter_card":"summary_large_image","twitter_creator":"@webdo_tn","twitter_site":"@webdo_tn","twitter_misc":{"\u00c9crit par":"Webdo","Dur\u00e9e de lecture estim\u00e9e":"2 minutes"},"schema":{"@context":"https:\/\/schema.org","@graph":[{"@type":"NewsArticle","@id":"https:\/\/www.webdo.tn\/fr\/actualite\/le-courrier-des-lecteurs\/seisme-au-maroc-la-scission-maghrebine-de-trop\/208730\/#article","isPartOf":{"@id":"https:\/\/www.webdo.tn\/fr\/actualite\/le-courrier-des-lecteurs\/seisme-au-maroc-la-scission-maghrebine-de-trop\/208730\/"},"author":{"name":"Webdo","@id":"https:\/\/www.webdo.tn\/fr\/#\/schema\/person\/1f4e491e0907b413d61089e8eb573acc"},"headline":"S\u00e9isme au Maroc, la scission maghr\u00e9bine de trop\u2026","datePublished":"2023-09-18T12:03:00+00:00","dateModified":"2025-05-20T22:33:18+00:00","mainEntityOfPage":{"@id":"https:\/\/www.webdo.tn\/fr\/actualite\/le-courrier-des-lecteurs\/seisme-au-maroc-la-scission-maghrebine-de-trop\/208730\/"},"wordCount":395,"commentCount":0,"publisher":{"@id":"https:\/\/www.webdo.tn\/fr\/#organization"},"image":{"@id":"https:\/\/www.webdo.tn\/fr\/actualite\/le-courrier-des-lecteurs\/seisme-au-maroc-la-scission-maghrebine-de-trop\/208730\/#primaryimage"},"thumbnailUrl":"https:\/\/www.webdo.tn\/fr\/wp-content\/uploads\/2023\/09\/410cd06b92cdf5cb9d1353a44478a58a.jpg","keywords":["'uma']","Alg\u00e9rie","maghreb","maroc","Tunisie"],"articleSection":["Le courrier des lecteurs"],"inLanguage":"fr-FR"},{"@type":"WebPage","@id":"https:\/\/www.webdo.tn\/fr\/actualite\/le-courrier-des-lecteurs\/seisme-au-maroc-la-scission-maghrebine-de-trop\/208730\/","url":"https:\/\/www.webdo.tn\/fr\/actualite\/le-courrier-des-lecteurs\/seisme-au-maroc-la-scission-maghrebine-de-trop\/208730\/","name":"S\u00e9isme au Maroc, la scission maghr\u00e9bine de trop\u2026","isPartOf":{"@id":"https:\/\/www.webdo.tn\/fr\/#website"},"primaryImageOfPage":{"@id":"https:\/\/www.webdo.tn\/fr\/actualite\/le-courrier-des-lecteurs\/seisme-au-maroc-la-scission-maghrebine-de-trop\/208730\/#primaryimage"},"image":{"@id":"https:\/\/www.webdo.tn\/fr\/actualite\/le-courrier-des-lecteurs\/seisme-au-maroc-la-scission-maghrebine-de-trop\/208730\/#primaryimage"},"thumbnailUrl":"https:\/\/www.webdo.tn\/fr\/wp-content\/uploads\/2023\/09\/410cd06b92cdf5cb9d1353a44478a58a.jpg","datePublished":"2023-09-18T12:03:00+00:00","dateModified":"2025-05-20T22:33:18+00:00","description":"L\u2019Emir des Croyants Ch\u00e9rifiens n\u2019a que faire des propositions, alg\u00e9rienne et tunisienne, de participer \u00e0 l\u2019aide internationale pour secourir les victimes.","breadcrumb":{"@id":"https:\/\/www.webdo.tn\/fr\/actualite\/le-courrier-des-lecteurs\/seisme-au-maroc-la-scission-maghrebine-de-trop\/208730\/#breadcrumb"},"inLanguage":"fr-FR","potentialAction":[{"@type":"ReadAction","target":["https:\/\/www.webdo.tn\/fr\/actualite\/le-courrier-des-lecteurs\/seisme-au-maroc-la-scission-maghrebine-de-trop\/208730\/"]}]},{"@type":"ImageObject","inLanguage":"fr-FR","@id":"https:\/\/www.webdo.tn\/fr\/actualite\/le-courrier-des-lecteurs\/seisme-au-maroc-la-scission-maghrebine-de-trop\/208730\/#primaryimage","url":"https:\/\/www.webdo.tn\/fr\/wp-content\/uploads\/2023\/09\/410cd06b92cdf5cb9d1353a44478a58a.jpg","contentUrl":"https:\/\/www.webdo.tn\/fr\/wp-content\/uploads\/2023\/09\/410cd06b92cdf5cb9d1353a44478a58a.jpg","width":750,"height":400,"caption":"S\u00e9isme au Maroc, la scission maghr\u00e9bine de trop\u2026"},{"@type":"BreadcrumbList","@id":"https:\/\/www.webdo.tn\/fr\/actualite\/le-courrier-des-lecteurs\/seisme-au-maroc-la-scission-maghrebine-de-trop\/208730\/#breadcrumb","itemListElement":[{"@type":"ListItem","position":1,"name":"Accueil","item":"https:\/\/www.webdo.tn\/fr\/"},{"@type":"ListItem","position":2,"name":"S\u00e9isme au Maroc, la scission maghr\u00e9bine de trop\u2026"}]},{"@type":"WebSite","@id":"https:\/\/www.webdo.tn\/fr\/#website","url":"https:\/\/www.webdo.tn\/fr\/","name":"webdo","description":"Tunisie - News en Tunisie et \u00e0 l&#039;international sur Webdo.tn","publisher":{"@id":"https:\/\/www.webdo.tn\/fr\/#organization"},"potentialAction":[{"@type":"SearchAction","target":{"@type":"EntryPoint","urlTemplate":"https:\/\/www.webdo.tn\/fr\/?s={search_term_string}"},"query-input":{"@type":"PropertyValueSpecification","valueRequired":true,"valueName":"search_term_string"}}],"inLanguage":"fr-FR"},{"@type":"Organization","@id":"https:\/\/www.webdo.tn\/fr\/#organization","name":"Webdo","alternateName":"Webdo.tn","url":"https:\/\/www.webdo.tn\/fr\/","logo":{"@type":"ImageObject","inLanguage":"fr-FR","@id":"https:\/\/www.webdo.tn\/fr\/#\/schema\/logo\/image\/","url":"https:\/\/www.webdo.tn\/fr\/wp-content\/uploads\/2025\/06\/Webdo-Tunisie_168377.jpg","contentUrl":"https:\/\/www.webdo.tn\/fr\/wp-content\/uploads\/2025\/06\/Webdo-Tunisie_168377.jpg","width":301,"height":301,"caption":"Webdo"},"image":{"@id":"https:\/\/www.webdo.tn\/fr\/#\/schema\/logo\/image\/"},"sameAs":["https:\/\/www.facebook.com\/webdotn","https:\/\/x.com\/webdo_tn"],"description":"Webdo est un m\u00e9dia num\u00e9rique tunisien fond\u00e9 en 2010, sp\u00e9cialis\u00e9 dans l\u2019actualit\u00e9 nationale et internationale, l\u2019\u00e9conomie, la soci\u00e9t\u00e9 et les analyses politiques. Le site s\u2019adresse \u00e0 un large public francophone et couvre l\u2019information tunisienne en temps r\u00e9el.","email":"redac@webdo.tn","legalName":"YNJ SARL","foundingDate":"2010-09-06","numberOfEmployees":{"@type":"QuantitativeValue","minValue":"11","maxValue":"50"}},{"@type":"Person","@id":"https:\/\/www.webdo.tn\/fr\/#\/schema\/person\/1f4e491e0907b413d61089e8eb573acc","name":"Webdo","image":{"@type":"ImageObject","inLanguage":"fr-FR","@id":"https:\/\/secure.gravatar.com\/avatar\/de97aeec1bb80978a9dbb127e47dfc88aaacb2f3c29aac907d8d3222e3495d49?s=96&d=mm&r=g","url":"https:\/\/secure.gravatar.com\/avatar\/de97aeec1bb80978a9dbb127e47dfc88aaacb2f3c29aac907d8d3222e3495d49?s=96&d=mm&r=g","contentUrl":"https:\/\/secure.gravatar.com\/avatar\/de97aeec1bb80978a9dbb127e47dfc88aaacb2f3c29aac907d8d3222e3495d49?s=96&d=mm&r=g","caption":"Webdo"},"url":"https:\/\/www.webdo.tn\/fr\/actualite\/author\/webdo\/"}]}},"_links":{"self":[{"href":"https:\/\/www.webdo.tn\/fr\/wp-json\/wp\/v2\/posts\/208730","targetHints":{"allow":["GET"]}}],"collection":[{"href":"https:\/\/www.webdo.tn\/fr\/wp-json\/wp\/v2\/posts"}],"about":[{"href":"https:\/\/www.webdo.tn\/fr\/wp-json\/wp\/v2\/types\/post"}],"author":[{"embeddable":true,"href":"https:\/\/www.webdo.tn\/fr\/wp-json\/wp\/v2\/users\/3169"}],"replies":[{"embeddable":true,"href":"https:\/\/www.webdo.tn\/fr\/wp-json\/wp\/v2\/comments?post=208730"}],"version-history":[{"count":0,"href":"https:\/\/www.webdo.tn\/fr\/wp-json\/wp\/v2\/posts\/208730\/revisions"}],"wp:featuredmedia":[{"embeddable":true,"href":"https:\/\/www.webdo.tn\/fr\/wp-json\/wp\/v2\/media\/289618"}],"wp:attachment":[{"href":"https:\/\/www.webdo.tn\/fr\/wp-json\/wp\/v2\/media?parent=208730"}],"wp:term":[{"taxonomy":"category","embeddable":true,"href":"https:\/\/www.webdo.tn\/fr\/wp-json\/wp\/v2\/categories?post=208730"},{"taxonomy":"post_tag","embeddable":true,"href":"https:\/\/www.webdo.tn\/fr\/wp-json\/wp\/v2\/tags?post=208730"}],"curies":[{"name":"wp","href":"https:\/\/api.w.org\/{rel}","templated":true}]}}