{"id":208726,"date":"2023-09-18T09:35:00","date_gmt":"2023-09-18T09:35:00","guid":{"rendered":"https:\/\/www.webdo.tn\/fr\/blog\/la-tunisie-concernee-plan-d-urgence-europeen-pour-aider-l-italie-contre-la-migration\/208726\/"},"modified":"2025-05-20T22:51:48","modified_gmt":"2025-05-20T22:51:48","slug":"la-tunisie-concernee-plan-d-urgence-europeen-pour-aider-l-italie-contre-la-migration","status":"publish","type":"post","link":"https:\/\/www.webdo.tn\/fr\/actualite\/national\/la-tunisie-concernee-plan-d-urgence-europeen-pour-aider-l-italie-contre-la-migration\/208726\/","title":{"rendered":"La Tunisie concern\u00e9e : Plan d\u2019urgence europ\u00e9en pour aider l\u2019Italie contre la migration"},"content":{"rendered":"<p>La pr\u00e9sidente de la Commission europ\u00e9enne Ursula von der Leyen a pr\u00e9sent\u00e9 dimanche 17 septembre, \u00e0 Lampedusa, un plan d&rsquo;urgence pour aider Rome \u00e0 g\u00e9rer les flux migratoires en provenance de l&rsquo;Afrique du Nord, la Tunisie en l\u2019occurrence.<\/p>\n<p>\t\t\t\t\t\t\t\t\tMettre en \u0153uvre le protocole d&rsquo;accords UE-Tunisie. Celui-ci est destin\u00e9 \u00e0 faire baisser les arriv\u00e9es de migrants de ce pays d&rsquo;o\u00f9 s&#8217;embarquent l&rsquo;immense majorit\u00e9 des personnes arriv\u00e9es \u00e0 Lampedusa, et pr\u00e9voit une aide de plusieurs centaines de millions d&rsquo;euros pour la Tunisie.\u00a0<\/p>\n<p>Renforcer le soutien apport\u00e9 \u00e0 l&rsquo;Italie : Cela se fera par le biais de l&rsquo;Agence de l&rsquo;Union europ\u00e9enne pour l&rsquo;asile (AUEA) et l&rsquo;Agence europ\u00e9enne des garde-fronti\u00e8res et garde-c\u00f4tes (Frontex). Elles doivent aider \u00e0 g\u00e9rer le nombre \u00e9lev\u00e9 de migrants et assurer l&rsquo;enregistrement des arriv\u00e9es.\u00a0<\/p>\n<p>Soutenir le transfert de personnes hors de Lampedusa. D\u2019autres Etats membres de l\u2019UE proposent d\u2019accueillir notamment les mineurs non accompagn\u00e9s et aux femmes.<\/p>\n<p>Augmenter le nombre de retours en menant une action aupr\u00e8s des principaux pays d&rsquo;origine des nouveaux arrivants : la Guin\u00e9e, la C\u00f4te d&rsquo;Ivoire, le S\u00e9n\u00e9gal et le Burkina Faso.\u00a0<\/p>\n<p>Soutenir la pr\u00e9vention des d\u00e9parts, en \u00e9tablissant des partenariats op\u00e9rationnels en mati\u00e8re de lutte contre les fili\u00e8res de l&rsquo;immigration ill\u00e9gale avec les pays d&rsquo;origine et de transit. Cela inclut la possibilit\u00e9 d&rsquo;un accord de travail entre la Tunisie et Frontex, et une task force de coordination au sein d&rsquo;Europol.<\/p>\n<p>Renforcer la surveillance des fronti\u00e8res en mer et la surveillance a\u00e9rienne, notamment par l&rsquo;interm\u00e9diaire de Frontex.<\/p>\n<p>Prendre des mesures pour limiter l&rsquo;utilisation de navires qui ne sont pas en \u00e9tat de naviguer<\/p>\n<p>Intensifier les campagnes de sensibilisation et de communication pour d\u00e9courager les travers\u00e9es de la M\u00e9diterran\u00e9e,\u00a0<\/p>\n<p>Intensifier la coop\u00e9ration avec le Haut Commissariat des Nations unies pour les r\u00e9fugi\u00e9s (HCR) et l&rsquo;Organisation internationale pour les migrations (OIM).<\/p>\n","protected":false},"excerpt":{"rendered":"<p>La pr\u00e9sidente de la Commission europ\u00e9enne Ursula von der Leyen a pr\u00e9sent\u00e9 dimanche 17 septembre, \u00e0 Lampedusa, un plan d&rsquo;urgence pour aider Rome \u00e0 g\u00e9rer les flux&#8230;<\/p>\n","protected":false},"author":3175,"featured_media":289617,"comment_status":"open","ping_status":"closed","sticky":false,"template":"","format":"standard","meta":{"footnotes":""},"categories":[44],"tags":[3725,2660,2615,2608],"class_list":["post-208726","post","type-post","status-publish","format-standard","has-post-thumbnail","hentry","category-national","tag-europe","tag-italie","tag-migration","tag-tunisie"],"yoast_head":"<!-- This site is optimized with the Yoast SEO Premium plugin v27.4 (Yoast SEO v27.4) - https:\/\/yoast.com\/product\/yoast-seo-premium-wordpress\/ -->\n<title>La Tunisie concern\u00e9e : Plan d\u2019urgence europ\u00e9en pour aider l\u2019Italie contre la migration<\/title>\n<meta name=\"description\" content=\"La pr\u00e9sidente de la Commission europ\u00e9enne Ursula von der Leyen a pr\u00e9sent\u00e9 dimanche 17 septembre, \u00e0 Lampedusa, un plan d&#039;urgence pour aider Rome \u00e0 g\u00e9rer les flux...\" \/>\n<link rel=\"canonical\" href=\"https:\/\/www.webdo.tn\/fr\/actualite\/national\/la-tunisie-concernee-plan-d-urgence-europeen-pour-aider-l-italie-contre-la-migration\/208726\/\" \/>\n<meta property=\"og:locale\" content=\"fr_FR\" \/>\n<meta property=\"og:type\" content=\"article\" \/>\n<meta property=\"og:title\" content=\"La Tunisie concern\u00e9e : Plan d\u2019urgence europ\u00e9en pour aider l\u2019Italie contre la migration\" \/>\n<meta property=\"og:description\" content=\"La pr\u00e9sidente de la Commission europ\u00e9enne Ursula von der Leyen a pr\u00e9sent\u00e9 dimanche 17 septembre, \u00e0 Lampedusa, un plan d&#039;urgence pour aider Rome \u00e0 g\u00e9rer les flux...\" \/>\n<meta property=\"og:url\" content=\"https:\/\/www.webdo.tn\/fr\/actualite\/national\/la-tunisie-concernee-plan-d-urgence-europeen-pour-aider-l-italie-contre-la-migration\/208726\/\" \/>\n<meta property=\"og:site_name\" content=\"webdo\" \/>\n<meta property=\"article:publisher\" content=\"https:\/\/www.facebook.com\/webdotn\" \/>\n<meta property=\"article:published_time\" content=\"2023-09-18T09:35:00+00:00\" \/>\n<meta property=\"article:modified_time\" content=\"2025-05-20T22:51:48+00:00\" \/>\n<meta property=\"og:image\" content=\"https:\/\/www.webdo.tn\/fr\/wp-content\/uploads\/2023\/09\/125dfcd782bfc96c86018ef670fd194c.jpg\" \/>\n\t<meta property=\"og:image:width\" content=\"750\" \/>\n\t<meta property=\"og:image:height\" content=\"400\" \/>\n\t<meta property=\"og:image:type\" content=\"image\/jpeg\" \/>\n<meta name=\"author\" content=\"CL\" \/>\n<meta name=\"twitter:card\" content=\"summary_large_image\" \/>\n<meta name=\"twitter:creator\" content=\"@webdo_tn\" \/>\n<meta name=\"twitter:site\" content=\"@webdo_tn\" \/>\n<meta name=\"twitter:label1\" content=\"\u00c9crit par\" \/>\n\t<meta name=\"twitter:data1\" content=\"CL\" \/>\n\t<meta name=\"twitter:label2\" content=\"Dur\u00e9e de lecture estim\u00e9e\" \/>\n\t<meta name=\"twitter:data2\" content=\"2 minutes\" \/>\n<script type=\"application\/ld+json\" class=\"yoast-schema-graph\">{\"@context\":\"https:\\\/\\\/schema.org\",\"@graph\":[{\"@type\":\"NewsArticle\",\"@id\":\"https:\\\/\\\/www.webdo.tn\\\/fr\\\/actualite\\\/national\\\/la-tunisie-concernee-plan-d-urgence-europeen-pour-aider-l-italie-contre-la-migration\\\/208726\\\/#article\",\"isPartOf\":{\"@id\":\"https:\\\/\\\/www.webdo.tn\\\/fr\\\/actualite\\\/national\\\/la-tunisie-concernee-plan-d-urgence-europeen-pour-aider-l-italie-contre-la-migration\\\/208726\\\/\"},\"author\":{\"name\":\"CL\",\"@id\":\"https:\\\/\\\/www.webdo.tn\\\/fr\\\/#\\\/schema\\\/person\\\/f35b42a42c5e2511bbd282959d6385cc\"},\"headline\":\"La Tunisie concern\u00e9e : Plan d\u2019urgence europ\u00e9en pour aider l\u2019Italie contre la migration\",\"datePublished\":\"2023-09-18T09:35:00+00:00\",\"dateModified\":\"2025-05-20T22:51:48+00:00\",\"mainEntityOfPage\":{\"@id\":\"https:\\\/\\\/www.webdo.tn\\\/fr\\\/actualite\\\/national\\\/la-tunisie-concernee-plan-d-urgence-europeen-pour-aider-l-italie-contre-la-migration\\\/208726\\\/\"},\"wordCount\":361,\"commentCount\":0,\"publisher\":{\"@id\":\"https:\\\/\\\/www.webdo.tn\\\/fr\\\/#organization\"},\"image\":{\"@id\":\"https:\\\/\\\/www.webdo.tn\\\/fr\\\/actualite\\\/national\\\/la-tunisie-concernee-plan-d-urgence-europeen-pour-aider-l-italie-contre-la-migration\\\/208726\\\/#primaryimage\"},\"thumbnailUrl\":\"https:\\\/\\\/www.webdo.tn\\\/fr\\\/wp-content\\\/uploads\\\/2023\\\/09\\\/125dfcd782bfc96c86018ef670fd194c.jpg\",\"keywords\":[\"europe\",\"Italie\",\"Migration\",\"Tunisie\"],\"articleSection\":[\"National\"],\"inLanguage\":\"fr-FR\"},{\"@type\":\"WebPage\",\"@id\":\"https:\\\/\\\/www.webdo.tn\\\/fr\\\/actualite\\\/national\\\/la-tunisie-concernee-plan-d-urgence-europeen-pour-aider-l-italie-contre-la-migration\\\/208726\\\/\",\"url\":\"https:\\\/\\\/www.webdo.tn\\\/fr\\\/actualite\\\/national\\\/la-tunisie-concernee-plan-d-urgence-europeen-pour-aider-l-italie-contre-la-migration\\\/208726\\\/\",\"name\":\"La Tunisie concern\u00e9e : Plan d\u2019urgence europ\u00e9en pour aider l\u2019Italie contre la migration\",\"isPartOf\":{\"@id\":\"https:\\\/\\\/www.webdo.tn\\\/fr\\\/#website\"},\"primaryImageOfPage\":{\"@id\":\"https:\\\/\\\/www.webdo.tn\\\/fr\\\/actualite\\\/national\\\/la-tunisie-concernee-plan-d-urgence-europeen-pour-aider-l-italie-contre-la-migration\\\/208726\\\/#primaryimage\"},\"image\":{\"@id\":\"https:\\\/\\\/www.webdo.tn\\\/fr\\\/actualite\\\/national\\\/la-tunisie-concernee-plan-d-urgence-europeen-pour-aider-l-italie-contre-la-migration\\\/208726\\\/#primaryimage\"},\"thumbnailUrl\":\"https:\\\/\\\/www.webdo.tn\\\/fr\\\/wp-content\\\/uploads\\\/2023\\\/09\\\/125dfcd782bfc96c86018ef670fd194c.jpg\",\"datePublished\":\"2023-09-18T09:35:00+00:00\",\"dateModified\":\"2025-05-20T22:51:48+00:00\",\"description\":\"La pr\u00e9sidente de la Commission europ\u00e9enne Ursula von der Leyen a pr\u00e9sent\u00e9 dimanche 17 septembre, \u00e0 Lampedusa, un plan d'urgence pour aider Rome \u00e0 g\u00e9rer les flux...\",\"breadcrumb\":{\"@id\":\"https:\\\/\\\/www.webdo.tn\\\/fr\\\/actualite\\\/national\\\/la-tunisie-concernee-plan-d-urgence-europeen-pour-aider-l-italie-contre-la-migration\\\/208726\\\/#breadcrumb\"},\"inLanguage\":\"fr-FR\",\"potentialAction\":[{\"@type\":\"ReadAction\",\"target\":[\"https:\\\/\\\/www.webdo.tn\\\/fr\\\/actualite\\\/national\\\/la-tunisie-concernee-plan-d-urgence-europeen-pour-aider-l-italie-contre-la-migration\\\/208726\\\/\"]}]},{\"@type\":\"ImageObject\",\"inLanguage\":\"fr-FR\",\"@id\":\"https:\\\/\\\/www.webdo.tn\\\/fr\\\/actualite\\\/national\\\/la-tunisie-concernee-plan-d-urgence-europeen-pour-aider-l-italie-contre-la-migration\\\/208726\\\/#primaryimage\",\"url\":\"https:\\\/\\\/www.webdo.tn\\\/fr\\\/wp-content\\\/uploads\\\/2023\\\/09\\\/125dfcd782bfc96c86018ef670fd194c.jpg\",\"contentUrl\":\"https:\\\/\\\/www.webdo.tn\\\/fr\\\/wp-content\\\/uploads\\\/2023\\\/09\\\/125dfcd782bfc96c86018ef670fd194c.jpg\",\"width\":750,\"height\":400,\"caption\":\"La Tunisie concern\u00e9e : Plan d\u2019urgence europ\u00e9en pour aider l\u2019Italie contre la migration\"},{\"@type\":\"BreadcrumbList\",\"@id\":\"https:\\\/\\\/www.webdo.tn\\\/fr\\\/actualite\\\/national\\\/la-tunisie-concernee-plan-d-urgence-europeen-pour-aider-l-italie-contre-la-migration\\\/208726\\\/#breadcrumb\",\"itemListElement\":[{\"@type\":\"ListItem\",\"position\":1,\"name\":\"Accueil\",\"item\":\"https:\\\/\\\/www.webdo.tn\\\/fr\\\/\"},{\"@type\":\"ListItem\",\"position\":2,\"name\":\"La Tunisie concern\u00e9e : Plan d\u2019urgence europ\u00e9en pour aider l\u2019Italie contre la migration\"}]},{\"@type\":\"WebSite\",\"@id\":\"https:\\\/\\\/www.webdo.tn\\\/fr\\\/#website\",\"url\":\"https:\\\/\\\/www.webdo.tn\\\/fr\\\/\",\"name\":\"webdo\",\"description\":\"Tunisie - News en Tunisie et \u00e0 l&#039;international sur Webdo.tn\",\"publisher\":{\"@id\":\"https:\\\/\\\/www.webdo.tn\\\/fr\\\/#organization\"},\"potentialAction\":[{\"@type\":\"SearchAction\",\"target\":{\"@type\":\"EntryPoint\",\"urlTemplate\":\"https:\\\/\\\/www.webdo.tn\\\/fr\\\/?s={search_term_string}\"},\"query-input\":{\"@type\":\"PropertyValueSpecification\",\"valueRequired\":true,\"valueName\":\"search_term_string\"}}],\"inLanguage\":\"fr-FR\"},{\"@type\":\"Organization\",\"@id\":\"https:\\\/\\\/www.webdo.tn\\\/fr\\\/#organization\",\"name\":\"Webdo\",\"alternateName\":\"Webdo.tn\",\"url\":\"https:\\\/\\\/www.webdo.tn\\\/fr\\\/\",\"logo\":{\"@type\":\"ImageObject\",\"inLanguage\":\"fr-FR\",\"@id\":\"https:\\\/\\\/www.webdo.tn\\\/fr\\\/#\\\/schema\\\/logo\\\/image\\\/\",\"url\":\"https:\\\/\\\/www.webdo.tn\\\/fr\\\/wp-content\\\/uploads\\\/2025\\\/06\\\/Webdo-Tunisie_168377.jpg\",\"contentUrl\":\"https:\\\/\\\/www.webdo.tn\\\/fr\\\/wp-content\\\/uploads\\\/2025\\\/06\\\/Webdo-Tunisie_168377.jpg\",\"width\":301,\"height\":301,\"caption\":\"Webdo\"},\"image\":{\"@id\":\"https:\\\/\\\/www.webdo.tn\\\/fr\\\/#\\\/schema\\\/logo\\\/image\\\/\"},\"sameAs\":[\"https:\\\/\\\/www.facebook.com\\\/webdotn\",\"https:\\\/\\\/x.com\\\/webdo_tn\"],\"description\":\"Webdo est un m\u00e9dia num\u00e9rique tunisien fond\u00e9 en 2010, sp\u00e9cialis\u00e9 dans l\u2019actualit\u00e9 nationale et internationale, l\u2019\u00e9conomie, la soci\u00e9t\u00e9 et les analyses politiques. Le site s\u2019adresse \u00e0 un large public francophone et couvre l\u2019information tunisienne en temps r\u00e9el.\",\"email\":\"redac@webdo.tn\",\"legalName\":\"YNJ SARL\",\"foundingDate\":\"2010-09-06\",\"numberOfEmployees\":{\"@type\":\"QuantitativeValue\",\"minValue\":\"11\",\"maxValue\":\"50\"}},{\"@type\":\"Person\",\"@id\":\"https:\\\/\\\/www.webdo.tn\\\/fr\\\/#\\\/schema\\\/person\\\/f35b42a42c5e2511bbd282959d6385cc\",\"name\":\"CL\",\"image\":{\"@type\":\"ImageObject\",\"inLanguage\":\"fr-FR\",\"@id\":\"https:\\\/\\\/secure.gravatar.com\\\/avatar\\\/1447a49909b67aa657c488aec6512e1dd6143a480c1ecfee9b5b5cd74eb3b59e?s=96&d=mm&r=g\",\"url\":\"https:\\\/\\\/secure.gravatar.com\\\/avatar\\\/1447a49909b67aa657c488aec6512e1dd6143a480c1ecfee9b5b5cd74eb3b59e?s=96&d=mm&r=g\",\"contentUrl\":\"https:\\\/\\\/secure.gravatar.com\\\/avatar\\\/1447a49909b67aa657c488aec6512e1dd6143a480c1ecfee9b5b5cd74eb3b59e?s=96&d=mm&r=g\",\"caption\":\"CL\"},\"url\":\"https:\\\/\\\/www.webdo.tn\\\/fr\\\/actualite\\\/author\\\/cl\\\/\"}]}<\/script>\n<!-- \/ Yoast SEO Premium plugin. -->","yoast_head_json":{"title":"La Tunisie concern\u00e9e : Plan d\u2019urgence europ\u00e9en pour aider l\u2019Italie contre la migration","description":"La pr\u00e9sidente de la Commission europ\u00e9enne Ursula von der Leyen a pr\u00e9sent\u00e9 dimanche 17 septembre, \u00e0 Lampedusa, un plan d'urgence pour aider Rome \u00e0 g\u00e9rer les flux...","canonical":"https:\/\/www.webdo.tn\/fr\/actualite\/national\/la-tunisie-concernee-plan-d-urgence-europeen-pour-aider-l-italie-contre-la-migration\/208726\/","og_locale":"fr_FR","og_type":"article","og_title":"La Tunisie concern\u00e9e : Plan d\u2019urgence europ\u00e9en pour aider l\u2019Italie contre la migration","og_description":"La pr\u00e9sidente de la Commission europ\u00e9enne Ursula von der Leyen a pr\u00e9sent\u00e9 dimanche 17 septembre, \u00e0 Lampedusa, un plan d'urgence pour aider Rome \u00e0 g\u00e9rer les flux...","og_url":"https:\/\/www.webdo.tn\/fr\/actualite\/national\/la-tunisie-concernee-plan-d-urgence-europeen-pour-aider-l-italie-contre-la-migration\/208726\/","og_site_name":"webdo","article_publisher":"https:\/\/www.facebook.com\/webdotn","article_published_time":"2023-09-18T09:35:00+00:00","article_modified_time":"2025-05-20T22:51:48+00:00","og_image":[{"width":750,"height":400,"url":"https:\/\/www.webdo.tn\/fr\/wp-content\/uploads\/2023\/09\/125dfcd782bfc96c86018ef670fd194c.jpg","type":"image\/jpeg"}],"author":"CL","twitter_card":"summary_large_image","twitter_creator":"@webdo_tn","twitter_site":"@webdo_tn","twitter_misc":{"\u00c9crit par":"CL","Dur\u00e9e de lecture estim\u00e9e":"2 minutes"},"schema":{"@context":"https:\/\/schema.org","@graph":[{"@type":"NewsArticle","@id":"https:\/\/www.webdo.tn\/fr\/actualite\/national\/la-tunisie-concernee-plan-d-urgence-europeen-pour-aider-l-italie-contre-la-migration\/208726\/#article","isPartOf":{"@id":"https:\/\/www.webdo.tn\/fr\/actualite\/national\/la-tunisie-concernee-plan-d-urgence-europeen-pour-aider-l-italie-contre-la-migration\/208726\/"},"author":{"name":"CL","@id":"https:\/\/www.webdo.tn\/fr\/#\/schema\/person\/f35b42a42c5e2511bbd282959d6385cc"},"headline":"La Tunisie concern\u00e9e : Plan d\u2019urgence europ\u00e9en pour aider l\u2019Italie contre la migration","datePublished":"2023-09-18T09:35:00+00:00","dateModified":"2025-05-20T22:51:48+00:00","mainEntityOfPage":{"@id":"https:\/\/www.webdo.tn\/fr\/actualite\/national\/la-tunisie-concernee-plan-d-urgence-europeen-pour-aider-l-italie-contre-la-migration\/208726\/"},"wordCount":361,"commentCount":0,"publisher":{"@id":"https:\/\/www.webdo.tn\/fr\/#organization"},"image":{"@id":"https:\/\/www.webdo.tn\/fr\/actualite\/national\/la-tunisie-concernee-plan-d-urgence-europeen-pour-aider-l-italie-contre-la-migration\/208726\/#primaryimage"},"thumbnailUrl":"https:\/\/www.webdo.tn\/fr\/wp-content\/uploads\/2023\/09\/125dfcd782bfc96c86018ef670fd194c.jpg","keywords":["europe","Italie","Migration","Tunisie"],"articleSection":["National"],"inLanguage":"fr-FR"},{"@type":"WebPage","@id":"https:\/\/www.webdo.tn\/fr\/actualite\/national\/la-tunisie-concernee-plan-d-urgence-europeen-pour-aider-l-italie-contre-la-migration\/208726\/","url":"https:\/\/www.webdo.tn\/fr\/actualite\/national\/la-tunisie-concernee-plan-d-urgence-europeen-pour-aider-l-italie-contre-la-migration\/208726\/","name":"La Tunisie concern\u00e9e : Plan d\u2019urgence europ\u00e9en pour aider l\u2019Italie contre la migration","isPartOf":{"@id":"https:\/\/www.webdo.tn\/fr\/#website"},"primaryImageOfPage":{"@id":"https:\/\/www.webdo.tn\/fr\/actualite\/national\/la-tunisie-concernee-plan-d-urgence-europeen-pour-aider-l-italie-contre-la-migration\/208726\/#primaryimage"},"image":{"@id":"https:\/\/www.webdo.tn\/fr\/actualite\/national\/la-tunisie-concernee-plan-d-urgence-europeen-pour-aider-l-italie-contre-la-migration\/208726\/#primaryimage"},"thumbnailUrl":"https:\/\/www.webdo.tn\/fr\/wp-content\/uploads\/2023\/09\/125dfcd782bfc96c86018ef670fd194c.jpg","datePublished":"2023-09-18T09:35:00+00:00","dateModified":"2025-05-20T22:51:48+00:00","description":"La pr\u00e9sidente de la Commission europ\u00e9enne Ursula von der Leyen a pr\u00e9sent\u00e9 dimanche 17 septembre, \u00e0 Lampedusa, un plan d'urgence pour aider Rome \u00e0 g\u00e9rer les flux...","breadcrumb":{"@id":"https:\/\/www.webdo.tn\/fr\/actualite\/national\/la-tunisie-concernee-plan-d-urgence-europeen-pour-aider-l-italie-contre-la-migration\/208726\/#breadcrumb"},"inLanguage":"fr-FR","potentialAction":[{"@type":"ReadAction","target":["https:\/\/www.webdo.tn\/fr\/actualite\/national\/la-tunisie-concernee-plan-d-urgence-europeen-pour-aider-l-italie-contre-la-migration\/208726\/"]}]},{"@type":"ImageObject","inLanguage":"fr-FR","@id":"https:\/\/www.webdo.tn\/fr\/actualite\/national\/la-tunisie-concernee-plan-d-urgence-europeen-pour-aider-l-italie-contre-la-migration\/208726\/#primaryimage","url":"https:\/\/www.webdo.tn\/fr\/wp-content\/uploads\/2023\/09\/125dfcd782bfc96c86018ef670fd194c.jpg","contentUrl":"https:\/\/www.webdo.tn\/fr\/wp-content\/uploads\/2023\/09\/125dfcd782bfc96c86018ef670fd194c.jpg","width":750,"height":400,"caption":"La Tunisie concern\u00e9e : Plan d\u2019urgence europ\u00e9en pour aider l\u2019Italie contre la migration"},{"@type":"BreadcrumbList","@id":"https:\/\/www.webdo.tn\/fr\/actualite\/national\/la-tunisie-concernee-plan-d-urgence-europeen-pour-aider-l-italie-contre-la-migration\/208726\/#breadcrumb","itemListElement":[{"@type":"ListItem","position":1,"name":"Accueil","item":"https:\/\/www.webdo.tn\/fr\/"},{"@type":"ListItem","position":2,"name":"La Tunisie concern\u00e9e : Plan d\u2019urgence europ\u00e9en pour aider l\u2019Italie contre la migration"}]},{"@type":"WebSite","@id":"https:\/\/www.webdo.tn\/fr\/#website","url":"https:\/\/www.webdo.tn\/fr\/","name":"webdo","description":"Tunisie - News en Tunisie et \u00e0 l&#039;international sur Webdo.tn","publisher":{"@id":"https:\/\/www.webdo.tn\/fr\/#organization"},"potentialAction":[{"@type":"SearchAction","target":{"@type":"EntryPoint","urlTemplate":"https:\/\/www.webdo.tn\/fr\/?s={search_term_string}"},"query-input":{"@type":"PropertyValueSpecification","valueRequired":true,"valueName":"search_term_string"}}],"inLanguage":"fr-FR"},{"@type":"Organization","@id":"https:\/\/www.webdo.tn\/fr\/#organization","name":"Webdo","alternateName":"Webdo.tn","url":"https:\/\/www.webdo.tn\/fr\/","logo":{"@type":"ImageObject","inLanguage":"fr-FR","@id":"https:\/\/www.webdo.tn\/fr\/#\/schema\/logo\/image\/","url":"https:\/\/www.webdo.tn\/fr\/wp-content\/uploads\/2025\/06\/Webdo-Tunisie_168377.jpg","contentUrl":"https:\/\/www.webdo.tn\/fr\/wp-content\/uploads\/2025\/06\/Webdo-Tunisie_168377.jpg","width":301,"height":301,"caption":"Webdo"},"image":{"@id":"https:\/\/www.webdo.tn\/fr\/#\/schema\/logo\/image\/"},"sameAs":["https:\/\/www.facebook.com\/webdotn","https:\/\/x.com\/webdo_tn"],"description":"Webdo est un m\u00e9dia num\u00e9rique tunisien fond\u00e9 en 2010, sp\u00e9cialis\u00e9 dans l\u2019actualit\u00e9 nationale et internationale, l\u2019\u00e9conomie, la soci\u00e9t\u00e9 et les analyses politiques. Le site s\u2019adresse \u00e0 un large public francophone et couvre l\u2019information tunisienne en temps r\u00e9el.","email":"redac@webdo.tn","legalName":"YNJ SARL","foundingDate":"2010-09-06","numberOfEmployees":{"@type":"QuantitativeValue","minValue":"11","maxValue":"50"}},{"@type":"Person","@id":"https:\/\/www.webdo.tn\/fr\/#\/schema\/person\/f35b42a42c5e2511bbd282959d6385cc","name":"CL","image":{"@type":"ImageObject","inLanguage":"fr-FR","@id":"https:\/\/secure.gravatar.com\/avatar\/1447a49909b67aa657c488aec6512e1dd6143a480c1ecfee9b5b5cd74eb3b59e?s=96&d=mm&r=g","url":"https:\/\/secure.gravatar.com\/avatar\/1447a49909b67aa657c488aec6512e1dd6143a480c1ecfee9b5b5cd74eb3b59e?s=96&d=mm&r=g","contentUrl":"https:\/\/secure.gravatar.com\/avatar\/1447a49909b67aa657c488aec6512e1dd6143a480c1ecfee9b5b5cd74eb3b59e?s=96&d=mm&r=g","caption":"CL"},"url":"https:\/\/www.webdo.tn\/fr\/actualite\/author\/cl\/"}]}},"_links":{"self":[{"href":"https:\/\/www.webdo.tn\/fr\/wp-json\/wp\/v2\/posts\/208726","targetHints":{"allow":["GET"]}}],"collection":[{"href":"https:\/\/www.webdo.tn\/fr\/wp-json\/wp\/v2\/posts"}],"about":[{"href":"https:\/\/www.webdo.tn\/fr\/wp-json\/wp\/v2\/types\/post"}],"author":[{"embeddable":true,"href":"https:\/\/www.webdo.tn\/fr\/wp-json\/wp\/v2\/users\/3175"}],"replies":[{"embeddable":true,"href":"https:\/\/www.webdo.tn\/fr\/wp-json\/wp\/v2\/comments?post=208726"}],"version-history":[{"count":0,"href":"https:\/\/www.webdo.tn\/fr\/wp-json\/wp\/v2\/posts\/208726\/revisions"}],"wp:featuredmedia":[{"embeddable":true,"href":"https:\/\/www.webdo.tn\/fr\/wp-json\/wp\/v2\/media\/289617"}],"wp:attachment":[{"href":"https:\/\/www.webdo.tn\/fr\/wp-json\/wp\/v2\/media?parent=208726"}],"wp:term":[{"taxonomy":"category","embeddable":true,"href":"https:\/\/www.webdo.tn\/fr\/wp-json\/wp\/v2\/categories?post=208726"},{"taxonomy":"post_tag","embeddable":true,"href":"https:\/\/www.webdo.tn\/fr\/wp-json\/wp\/v2\/tags?post=208726"}],"curies":[{"name":"wp","href":"https:\/\/api.w.org\/{rel}","templated":true}]}}