{"id":208717,"date":"2023-09-17T19:34:00","date_gmt":"2023-09-17T19:34:00","guid":{"rendered":"https:\/\/www.webdo.tn\/fr\/blog\/a-s-douanes-est-0-1-les-sang-et-or-prennent-option-pour-la-phase-de-groupes\/208717\/"},"modified":"2025-05-20T22:57:23","modified_gmt":"2025-05-20T22:57:23","slug":"a-s-douanes-est-0-1-les-sang-et-or-prennent-option-pour-la-phase-de-groupes","status":"publish","type":"post","link":"https:\/\/www.webdo.tn\/fr\/actualite\/sport\/a-s-douanes-est-0-1-les-sang-et-or-prennent-option-pour-la-phase-de-groupes\/208717\/","title":{"rendered":"A.S.Douanes \u2013 EST  (0 \u2013 1) : les \u00ab Sang et Or \u00bb prennent option pour la phase de groupes"},"content":{"rendered":"<p>Face \u00e0 l\u2019\u00e9quipe du Burkina Faso, l\u2019A. S. Douanes, entrant dans le cadre du match aller du second tour pr\u00e9liminaire de la Ligue des champions de la CAF, l\u2019Esp\u00e9rance de Tunis a su g\u00e9rer son match en l\u2019emportant par le score minimal de (1 \u2013 0).<\/p>\n<p>\t\t\t\t\t\t\t\t\tDominant relativement leur adversaire, plut\u00f4t modeste, et pr\u00e9sentant un jeu plaisant avec une meilleure coordination entre les lignes, les co\u00e9quipiers de Yassine Meriah, jouant dans en terre ivoirienne, sont arriv\u00e9s \u00e0 r\u00e9aliser l\u2019essentiel en attendant le match retour.\u00a0<\/p>\n<p>Auparavant, ce dernier avait rat\u00e9 le premier penalty, alors que Mohamed Amine Touga\u00ef a r\u00e9ussi \u00e0 marquer le second penalty siffl\u00e9 par l\u2019arbitre.<\/p>\n<p>D\u2019autres occasions se sont pr\u00e9sent\u00e9es aux \u00ab Sang et Or \u00bb mais la pr\u00e9cipitation les avait emp\u00each\u00e9s d\u2019alourdir le score.\u00a0<\/p>\n<p>Un match retour qui s\u2019annonce plut\u00f4t facile pour notre repr\u00e9sentant qui doit se pr\u00e9parer comme il se doit pour la phase de groupes, certainement plus difficile \u00e0 g\u00e9rer.<\/p>\n","protected":false},"excerpt":{"rendered":"<p>Face \u00e0 l\u2019\u00e9quipe du Burkina Faso, l\u2019A. S. Douanes, entrant dans le cadre du match aller du second tour pr\u00e9liminaire de la Ligue des champions de la CAF, l\u2019Esp\u00e9ra&#8230;<\/p>\n","protected":false},"author":3185,"featured_media":278745,"comment_status":"open","ping_status":"closed","sticky":false,"template":"","format":"standard","meta":{"footnotes":""},"categories":[2593],"tags":[9729,3436,7219],"class_list":["post-208717","post","type-post","status-publish","format-standard","has-post-thumbnail","hentry","category-sport","tag-asdouanes","tag-est","tag-victoire"],"yoast_head":"<!-- This site is optimized with the Yoast SEO Premium plugin v27.4 (Yoast SEO v27.4) - https:\/\/yoast.com\/product\/yoast-seo-premium-wordpress\/ -->\n<title>A.S.Douanes \u2013 EST (0 \u2013 1) : les \u00ab Sang et Or \u00bb prennent option pour la phase de groupes<\/title>\n<meta name=\"description\" content=\"Face \u00e0 l\u2019\u00e9quipe du Burkina Faso, l\u2019A. S. Douanes, entrant dans le cadre du match aller du second tour pr\u00e9liminaire de la Ligue des champions de la CAF, l\u2019Esp\u00e9ra...\" \/>\n<link rel=\"canonical\" href=\"https:\/\/www.webdo.tn\/fr\/actualite\/sport\/a-s-douanes-est-0-1-les-sang-et-or-prennent-option-pour-la-phase-de-groupes\/208717\/\" \/>\n<meta property=\"og:locale\" content=\"fr_FR\" \/>\n<meta property=\"og:type\" content=\"article\" \/>\n<meta property=\"og:title\" content=\"A.S.Douanes \u2013 EST (0 \u2013 1) : les \u00ab Sang et Or \u00bb prennent option pour la phase de groupes\" \/>\n<meta property=\"og:description\" content=\"Face \u00e0 l\u2019\u00e9quipe du Burkina Faso, l\u2019A. S. Douanes, entrant dans le cadre du match aller du second tour pr\u00e9liminaire de la Ligue des champions de la CAF, l\u2019Esp\u00e9ra...\" \/>\n<meta property=\"og:url\" content=\"https:\/\/www.webdo.tn\/fr\/actualite\/sport\/a-s-douanes-est-0-1-les-sang-et-or-prennent-option-pour-la-phase-de-groupes\/208717\/\" \/>\n<meta property=\"og:site_name\" content=\"webdo\" \/>\n<meta property=\"article:publisher\" content=\"https:\/\/www.facebook.com\/webdotn\" \/>\n<meta property=\"article:published_time\" content=\"2023-09-17T19:34:00+00:00\" \/>\n<meta property=\"article:modified_time\" content=\"2025-05-20T22:57:23+00:00\" \/>\n<meta property=\"og:image\" content=\"https:\/\/www.webdo.tn\/fr\/wp-content\/uploads\/2023\/09\/ffc3a659bd1979dba809ad163e359c90.jpg\" \/>\n\t<meta property=\"og:image:width\" content=\"750\" \/>\n\t<meta property=\"og:image:height\" content=\"400\" \/>\n\t<meta property=\"og:image:type\" content=\"image\/jpeg\" \/>\n<meta name=\"author\" content=\"WDA\" \/>\n<meta name=\"twitter:card\" content=\"summary_large_image\" \/>\n<meta name=\"twitter:creator\" content=\"@webdo_tn\" \/>\n<meta name=\"twitter:site\" content=\"@webdo_tn\" \/>\n<meta name=\"twitter:label1\" content=\"\u00c9crit par\" \/>\n\t<meta name=\"twitter:data1\" content=\"WDA\" \/>\n\t<meta name=\"twitter:label2\" content=\"Dur\u00e9e de lecture estim\u00e9e\" \/>\n\t<meta name=\"twitter:data2\" content=\"1 minute\" \/>\n<script type=\"application\/ld+json\" class=\"yoast-schema-graph\">{\"@context\":\"https:\\\/\\\/schema.org\",\"@graph\":[{\"@type\":\"NewsArticle\",\"@id\":\"https:\\\/\\\/www.webdo.tn\\\/fr\\\/actualite\\\/sport\\\/a-s-douanes-est-0-1-les-sang-et-or-prennent-option-pour-la-phase-de-groupes\\\/208717\\\/#article\",\"isPartOf\":{\"@id\":\"https:\\\/\\\/www.webdo.tn\\\/fr\\\/actualite\\\/sport\\\/a-s-douanes-est-0-1-les-sang-et-or-prennent-option-pour-la-phase-de-groupes\\\/208717\\\/\"},\"author\":{\"name\":\"WDA\",\"@id\":\"https:\\\/\\\/www.webdo.tn\\\/fr\\\/#\\\/schema\\\/person\\\/ae999f6cc68c323955dd7bb23b41f2dd\"},\"headline\":\"A.S.Douanes \u2013 EST (0 \u2013 1) : les \u00ab Sang et Or \u00bb prennent option pour la phase de groupes\",\"datePublished\":\"2023-09-17T19:34:00+00:00\",\"dateModified\":\"2025-05-20T22:57:23+00:00\",\"mainEntityOfPage\":{\"@id\":\"https:\\\/\\\/www.webdo.tn\\\/fr\\\/actualite\\\/sport\\\/a-s-douanes-est-0-1-les-sang-et-or-prennent-option-pour-la-phase-de-groupes\\\/208717\\\/\"},\"wordCount\":188,\"commentCount\":0,\"publisher\":{\"@id\":\"https:\\\/\\\/www.webdo.tn\\\/fr\\\/#organization\"},\"image\":{\"@id\":\"https:\\\/\\\/www.webdo.tn\\\/fr\\\/actualite\\\/sport\\\/a-s-douanes-est-0-1-les-sang-et-or-prennent-option-pour-la-phase-de-groupes\\\/208717\\\/#primaryimage\"},\"thumbnailUrl\":\"https:\\\/\\\/www.webdo.tn\\\/fr\\\/wp-content\\\/uploads\\\/2023\\\/09\\\/ffc3a659bd1979dba809ad163e359c90.jpg\",\"keywords\":[\"ASDouanes\",\"EST\",\"Victoire\"],\"articleSection\":[\"Sport\"],\"inLanguage\":\"fr-FR\"},{\"@type\":\"WebPage\",\"@id\":\"https:\\\/\\\/www.webdo.tn\\\/fr\\\/actualite\\\/sport\\\/a-s-douanes-est-0-1-les-sang-et-or-prennent-option-pour-la-phase-de-groupes\\\/208717\\\/\",\"url\":\"https:\\\/\\\/www.webdo.tn\\\/fr\\\/actualite\\\/sport\\\/a-s-douanes-est-0-1-les-sang-et-or-prennent-option-pour-la-phase-de-groupes\\\/208717\\\/\",\"name\":\"A.S.Douanes \u2013 EST (0 \u2013 1) : les \u00ab Sang et Or \u00bb prennent option pour la phase de groupes\",\"isPartOf\":{\"@id\":\"https:\\\/\\\/www.webdo.tn\\\/fr\\\/#website\"},\"primaryImageOfPage\":{\"@id\":\"https:\\\/\\\/www.webdo.tn\\\/fr\\\/actualite\\\/sport\\\/a-s-douanes-est-0-1-les-sang-et-or-prennent-option-pour-la-phase-de-groupes\\\/208717\\\/#primaryimage\"},\"image\":{\"@id\":\"https:\\\/\\\/www.webdo.tn\\\/fr\\\/actualite\\\/sport\\\/a-s-douanes-est-0-1-les-sang-et-or-prennent-option-pour-la-phase-de-groupes\\\/208717\\\/#primaryimage\"},\"thumbnailUrl\":\"https:\\\/\\\/www.webdo.tn\\\/fr\\\/wp-content\\\/uploads\\\/2023\\\/09\\\/ffc3a659bd1979dba809ad163e359c90.jpg\",\"datePublished\":\"2023-09-17T19:34:00+00:00\",\"dateModified\":\"2025-05-20T22:57:23+00:00\",\"description\":\"Face \u00e0 l\u2019\u00e9quipe du Burkina Faso, l\u2019A. S. Douanes, entrant dans le cadre du match aller du second tour pr\u00e9liminaire de la Ligue des champions de la CAF, l\u2019Esp\u00e9ra...\",\"breadcrumb\":{\"@id\":\"https:\\\/\\\/www.webdo.tn\\\/fr\\\/actualite\\\/sport\\\/a-s-douanes-est-0-1-les-sang-et-or-prennent-option-pour-la-phase-de-groupes\\\/208717\\\/#breadcrumb\"},\"inLanguage\":\"fr-FR\",\"potentialAction\":[{\"@type\":\"ReadAction\",\"target\":[\"https:\\\/\\\/www.webdo.tn\\\/fr\\\/actualite\\\/sport\\\/a-s-douanes-est-0-1-les-sang-et-or-prennent-option-pour-la-phase-de-groupes\\\/208717\\\/\"]}]},{\"@type\":\"ImageObject\",\"inLanguage\":\"fr-FR\",\"@id\":\"https:\\\/\\\/www.webdo.tn\\\/fr\\\/actualite\\\/sport\\\/a-s-douanes-est-0-1-les-sang-et-or-prennent-option-pour-la-phase-de-groupes\\\/208717\\\/#primaryimage\",\"url\":\"https:\\\/\\\/www.webdo.tn\\\/fr\\\/wp-content\\\/uploads\\\/2023\\\/09\\\/ffc3a659bd1979dba809ad163e359c90.jpg\",\"contentUrl\":\"https:\\\/\\\/www.webdo.tn\\\/fr\\\/wp-content\\\/uploads\\\/2023\\\/09\\\/ffc3a659bd1979dba809ad163e359c90.jpg\",\"width\":750,\"height\":400,\"caption\":\"A.S.Douanes \u2013 EST (0 \u2013 1) : les \u00ab Sang et Or \u00bb prennent option pour la phase de groupes\"},{\"@type\":\"BreadcrumbList\",\"@id\":\"https:\\\/\\\/www.webdo.tn\\\/fr\\\/actualite\\\/sport\\\/a-s-douanes-est-0-1-les-sang-et-or-prennent-option-pour-la-phase-de-groupes\\\/208717\\\/#breadcrumb\",\"itemListElement\":[{\"@type\":\"ListItem\",\"position\":1,\"name\":\"Accueil\",\"item\":\"https:\\\/\\\/www.webdo.tn\\\/fr\\\/\"},{\"@type\":\"ListItem\",\"position\":2,\"name\":\"A.S.Douanes \u2013 EST (0 \u2013 1) : les \u00ab Sang et Or \u00bb prennent option pour la phase de groupes\"}]},{\"@type\":\"WebSite\",\"@id\":\"https:\\\/\\\/www.webdo.tn\\\/fr\\\/#website\",\"url\":\"https:\\\/\\\/www.webdo.tn\\\/fr\\\/\",\"name\":\"webdo\",\"description\":\"Tunisie - News en Tunisie et \u00e0 l&#039;international sur Webdo.tn\",\"publisher\":{\"@id\":\"https:\\\/\\\/www.webdo.tn\\\/fr\\\/#organization\"},\"potentialAction\":[{\"@type\":\"SearchAction\",\"target\":{\"@type\":\"EntryPoint\",\"urlTemplate\":\"https:\\\/\\\/www.webdo.tn\\\/fr\\\/?s={search_term_string}\"},\"query-input\":{\"@type\":\"PropertyValueSpecification\",\"valueRequired\":true,\"valueName\":\"search_term_string\"}}],\"inLanguage\":\"fr-FR\"},{\"@type\":\"Organization\",\"@id\":\"https:\\\/\\\/www.webdo.tn\\\/fr\\\/#organization\",\"name\":\"Webdo\",\"alternateName\":\"Webdo.tn\",\"url\":\"https:\\\/\\\/www.webdo.tn\\\/fr\\\/\",\"logo\":{\"@type\":\"ImageObject\",\"inLanguage\":\"fr-FR\",\"@id\":\"https:\\\/\\\/www.webdo.tn\\\/fr\\\/#\\\/schema\\\/logo\\\/image\\\/\",\"url\":\"https:\\\/\\\/www.webdo.tn\\\/fr\\\/wp-content\\\/uploads\\\/2025\\\/06\\\/Webdo-Tunisie_168377.jpg\",\"contentUrl\":\"https:\\\/\\\/www.webdo.tn\\\/fr\\\/wp-content\\\/uploads\\\/2025\\\/06\\\/Webdo-Tunisie_168377.jpg\",\"width\":301,\"height\":301,\"caption\":\"Webdo\"},\"image\":{\"@id\":\"https:\\\/\\\/www.webdo.tn\\\/fr\\\/#\\\/schema\\\/logo\\\/image\\\/\"},\"sameAs\":[\"https:\\\/\\\/www.facebook.com\\\/webdotn\",\"https:\\\/\\\/x.com\\\/webdo_tn\"],\"description\":\"Webdo est un m\u00e9dia num\u00e9rique tunisien fond\u00e9 en 2010, sp\u00e9cialis\u00e9 dans l\u2019actualit\u00e9 nationale et internationale, l\u2019\u00e9conomie, la soci\u00e9t\u00e9 et les analyses politiques. Le site s\u2019adresse \u00e0 un large public francophone et couvre l\u2019information tunisienne en temps r\u00e9el.\",\"email\":\"redac@webdo.tn\",\"legalName\":\"YNJ SARL\",\"foundingDate\":\"2010-09-06\",\"numberOfEmployees\":{\"@type\":\"QuantitativeValue\",\"minValue\":\"11\",\"maxValue\":\"50\"}},{\"@type\":\"Person\",\"@id\":\"https:\\\/\\\/www.webdo.tn\\\/fr\\\/#\\\/schema\\\/person\\\/ae999f6cc68c323955dd7bb23b41f2dd\",\"name\":\"WDA\",\"image\":{\"@type\":\"ImageObject\",\"inLanguage\":\"fr-FR\",\"@id\":\"https:\\\/\\\/secure.gravatar.com\\\/avatar\\\/008e9c4da3bbf467e76fbd05ea8a140d6f047be3ff32b495e3a42ecd99d95622?s=96&d=mm&r=g\",\"url\":\"https:\\\/\\\/secure.gravatar.com\\\/avatar\\\/008e9c4da3bbf467e76fbd05ea8a140d6f047be3ff32b495e3a42ecd99d95622?s=96&d=mm&r=g\",\"contentUrl\":\"https:\\\/\\\/secure.gravatar.com\\\/avatar\\\/008e9c4da3bbf467e76fbd05ea8a140d6f047be3ff32b495e3a42ecd99d95622?s=96&d=mm&r=g\",\"caption\":\"WDA\"},\"url\":\"https:\\\/\\\/www.webdo.tn\\\/fr\\\/actualite\\\/author\\\/wda\\\/\"}]}<\/script>\n<!-- \/ Yoast SEO Premium plugin. -->","yoast_head_json":{"title":"A.S.Douanes \u2013 EST (0 \u2013 1) : les \u00ab Sang et Or \u00bb prennent option pour la phase de groupes","description":"Face \u00e0 l\u2019\u00e9quipe du Burkina Faso, l\u2019A. S. Douanes, entrant dans le cadre du match aller du second tour pr\u00e9liminaire de la Ligue des champions de la CAF, l\u2019Esp\u00e9ra...","canonical":"https:\/\/www.webdo.tn\/fr\/actualite\/sport\/a-s-douanes-est-0-1-les-sang-et-or-prennent-option-pour-la-phase-de-groupes\/208717\/","og_locale":"fr_FR","og_type":"article","og_title":"A.S.Douanes \u2013 EST (0 \u2013 1) : les \u00ab Sang et Or \u00bb prennent option pour la phase de groupes","og_description":"Face \u00e0 l\u2019\u00e9quipe du Burkina Faso, l\u2019A. S. Douanes, entrant dans le cadre du match aller du second tour pr\u00e9liminaire de la Ligue des champions de la CAF, l\u2019Esp\u00e9ra...","og_url":"https:\/\/www.webdo.tn\/fr\/actualite\/sport\/a-s-douanes-est-0-1-les-sang-et-or-prennent-option-pour-la-phase-de-groupes\/208717\/","og_site_name":"webdo","article_publisher":"https:\/\/www.facebook.com\/webdotn","article_published_time":"2023-09-17T19:34:00+00:00","article_modified_time":"2025-05-20T22:57:23+00:00","og_image":[{"width":750,"height":400,"url":"https:\/\/www.webdo.tn\/fr\/wp-content\/uploads\/2023\/09\/ffc3a659bd1979dba809ad163e359c90.jpg","type":"image\/jpeg"}],"author":"WDA","twitter_card":"summary_large_image","twitter_creator":"@webdo_tn","twitter_site":"@webdo_tn","twitter_misc":{"\u00c9crit par":"WDA","Dur\u00e9e de lecture estim\u00e9e":"1 minute"},"schema":{"@context":"https:\/\/schema.org","@graph":[{"@type":"NewsArticle","@id":"https:\/\/www.webdo.tn\/fr\/actualite\/sport\/a-s-douanes-est-0-1-les-sang-et-or-prennent-option-pour-la-phase-de-groupes\/208717\/#article","isPartOf":{"@id":"https:\/\/www.webdo.tn\/fr\/actualite\/sport\/a-s-douanes-est-0-1-les-sang-et-or-prennent-option-pour-la-phase-de-groupes\/208717\/"},"author":{"name":"WDA","@id":"https:\/\/www.webdo.tn\/fr\/#\/schema\/person\/ae999f6cc68c323955dd7bb23b41f2dd"},"headline":"A.S.Douanes \u2013 EST (0 \u2013 1) : les \u00ab Sang et Or \u00bb prennent option pour la phase de groupes","datePublished":"2023-09-17T19:34:00+00:00","dateModified":"2025-05-20T22:57:23+00:00","mainEntityOfPage":{"@id":"https:\/\/www.webdo.tn\/fr\/actualite\/sport\/a-s-douanes-est-0-1-les-sang-et-or-prennent-option-pour-la-phase-de-groupes\/208717\/"},"wordCount":188,"commentCount":0,"publisher":{"@id":"https:\/\/www.webdo.tn\/fr\/#organization"},"image":{"@id":"https:\/\/www.webdo.tn\/fr\/actualite\/sport\/a-s-douanes-est-0-1-les-sang-et-or-prennent-option-pour-la-phase-de-groupes\/208717\/#primaryimage"},"thumbnailUrl":"https:\/\/www.webdo.tn\/fr\/wp-content\/uploads\/2023\/09\/ffc3a659bd1979dba809ad163e359c90.jpg","keywords":["ASDouanes","EST","Victoire"],"articleSection":["Sport"],"inLanguage":"fr-FR"},{"@type":"WebPage","@id":"https:\/\/www.webdo.tn\/fr\/actualite\/sport\/a-s-douanes-est-0-1-les-sang-et-or-prennent-option-pour-la-phase-de-groupes\/208717\/","url":"https:\/\/www.webdo.tn\/fr\/actualite\/sport\/a-s-douanes-est-0-1-les-sang-et-or-prennent-option-pour-la-phase-de-groupes\/208717\/","name":"A.S.Douanes \u2013 EST (0 \u2013 1) : les \u00ab Sang et Or \u00bb prennent option pour la phase de groupes","isPartOf":{"@id":"https:\/\/www.webdo.tn\/fr\/#website"},"primaryImageOfPage":{"@id":"https:\/\/www.webdo.tn\/fr\/actualite\/sport\/a-s-douanes-est-0-1-les-sang-et-or-prennent-option-pour-la-phase-de-groupes\/208717\/#primaryimage"},"image":{"@id":"https:\/\/www.webdo.tn\/fr\/actualite\/sport\/a-s-douanes-est-0-1-les-sang-et-or-prennent-option-pour-la-phase-de-groupes\/208717\/#primaryimage"},"thumbnailUrl":"https:\/\/www.webdo.tn\/fr\/wp-content\/uploads\/2023\/09\/ffc3a659bd1979dba809ad163e359c90.jpg","datePublished":"2023-09-17T19:34:00+00:00","dateModified":"2025-05-20T22:57:23+00:00","description":"Face \u00e0 l\u2019\u00e9quipe du Burkina Faso, l\u2019A. S. Douanes, entrant dans le cadre du match aller du second tour pr\u00e9liminaire de la Ligue des champions de la CAF, l\u2019Esp\u00e9ra...","breadcrumb":{"@id":"https:\/\/www.webdo.tn\/fr\/actualite\/sport\/a-s-douanes-est-0-1-les-sang-et-or-prennent-option-pour-la-phase-de-groupes\/208717\/#breadcrumb"},"inLanguage":"fr-FR","potentialAction":[{"@type":"ReadAction","target":["https:\/\/www.webdo.tn\/fr\/actualite\/sport\/a-s-douanes-est-0-1-les-sang-et-or-prennent-option-pour-la-phase-de-groupes\/208717\/"]}]},{"@type":"ImageObject","inLanguage":"fr-FR","@id":"https:\/\/www.webdo.tn\/fr\/actualite\/sport\/a-s-douanes-est-0-1-les-sang-et-or-prennent-option-pour-la-phase-de-groupes\/208717\/#primaryimage","url":"https:\/\/www.webdo.tn\/fr\/wp-content\/uploads\/2023\/09\/ffc3a659bd1979dba809ad163e359c90.jpg","contentUrl":"https:\/\/www.webdo.tn\/fr\/wp-content\/uploads\/2023\/09\/ffc3a659bd1979dba809ad163e359c90.jpg","width":750,"height":400,"caption":"A.S.Douanes \u2013 EST (0 \u2013 1) : les \u00ab Sang et Or \u00bb prennent option pour la phase de groupes"},{"@type":"BreadcrumbList","@id":"https:\/\/www.webdo.tn\/fr\/actualite\/sport\/a-s-douanes-est-0-1-les-sang-et-or-prennent-option-pour-la-phase-de-groupes\/208717\/#breadcrumb","itemListElement":[{"@type":"ListItem","position":1,"name":"Accueil","item":"https:\/\/www.webdo.tn\/fr\/"},{"@type":"ListItem","position":2,"name":"A.S.Douanes \u2013 EST (0 \u2013 1) : les \u00ab Sang et Or \u00bb prennent option pour la phase de groupes"}]},{"@type":"WebSite","@id":"https:\/\/www.webdo.tn\/fr\/#website","url":"https:\/\/www.webdo.tn\/fr\/","name":"webdo","description":"Tunisie - News en Tunisie et \u00e0 l&#039;international sur Webdo.tn","publisher":{"@id":"https:\/\/www.webdo.tn\/fr\/#organization"},"potentialAction":[{"@type":"SearchAction","target":{"@type":"EntryPoint","urlTemplate":"https:\/\/www.webdo.tn\/fr\/?s={search_term_string}"},"query-input":{"@type":"PropertyValueSpecification","valueRequired":true,"valueName":"search_term_string"}}],"inLanguage":"fr-FR"},{"@type":"Organization","@id":"https:\/\/www.webdo.tn\/fr\/#organization","name":"Webdo","alternateName":"Webdo.tn","url":"https:\/\/www.webdo.tn\/fr\/","logo":{"@type":"ImageObject","inLanguage":"fr-FR","@id":"https:\/\/www.webdo.tn\/fr\/#\/schema\/logo\/image\/","url":"https:\/\/www.webdo.tn\/fr\/wp-content\/uploads\/2025\/06\/Webdo-Tunisie_168377.jpg","contentUrl":"https:\/\/www.webdo.tn\/fr\/wp-content\/uploads\/2025\/06\/Webdo-Tunisie_168377.jpg","width":301,"height":301,"caption":"Webdo"},"image":{"@id":"https:\/\/www.webdo.tn\/fr\/#\/schema\/logo\/image\/"},"sameAs":["https:\/\/www.facebook.com\/webdotn","https:\/\/x.com\/webdo_tn"],"description":"Webdo est un m\u00e9dia num\u00e9rique tunisien fond\u00e9 en 2010, sp\u00e9cialis\u00e9 dans l\u2019actualit\u00e9 nationale et internationale, l\u2019\u00e9conomie, la soci\u00e9t\u00e9 et les analyses politiques. Le site s\u2019adresse \u00e0 un large public francophone et couvre l\u2019information tunisienne en temps r\u00e9el.","email":"redac@webdo.tn","legalName":"YNJ SARL","foundingDate":"2010-09-06","numberOfEmployees":{"@type":"QuantitativeValue","minValue":"11","maxValue":"50"}},{"@type":"Person","@id":"https:\/\/www.webdo.tn\/fr\/#\/schema\/person\/ae999f6cc68c323955dd7bb23b41f2dd","name":"WDA","image":{"@type":"ImageObject","inLanguage":"fr-FR","@id":"https:\/\/secure.gravatar.com\/avatar\/008e9c4da3bbf467e76fbd05ea8a140d6f047be3ff32b495e3a42ecd99d95622?s=96&d=mm&r=g","url":"https:\/\/secure.gravatar.com\/avatar\/008e9c4da3bbf467e76fbd05ea8a140d6f047be3ff32b495e3a42ecd99d95622?s=96&d=mm&r=g","contentUrl":"https:\/\/secure.gravatar.com\/avatar\/008e9c4da3bbf467e76fbd05ea8a140d6f047be3ff32b495e3a42ecd99d95622?s=96&d=mm&r=g","caption":"WDA"},"url":"https:\/\/www.webdo.tn\/fr\/actualite\/author\/wda\/"}]}},"_links":{"self":[{"href":"https:\/\/www.webdo.tn\/fr\/wp-json\/wp\/v2\/posts\/208717","targetHints":{"allow":["GET"]}}],"collection":[{"href":"https:\/\/www.webdo.tn\/fr\/wp-json\/wp\/v2\/posts"}],"about":[{"href":"https:\/\/www.webdo.tn\/fr\/wp-json\/wp\/v2\/types\/post"}],"author":[{"embeddable":true,"href":"https:\/\/www.webdo.tn\/fr\/wp-json\/wp\/v2\/users\/3185"}],"replies":[{"embeddable":true,"href":"https:\/\/www.webdo.tn\/fr\/wp-json\/wp\/v2\/comments?post=208717"}],"version-history":[{"count":0,"href":"https:\/\/www.webdo.tn\/fr\/wp-json\/wp\/v2\/posts\/208717\/revisions"}],"wp:featuredmedia":[{"embeddable":true,"href":"https:\/\/www.webdo.tn\/fr\/wp-json\/wp\/v2\/media\/278745"}],"wp:attachment":[{"href":"https:\/\/www.webdo.tn\/fr\/wp-json\/wp\/v2\/media?parent=208717"}],"wp:term":[{"taxonomy":"category","embeddable":true,"href":"https:\/\/www.webdo.tn\/fr\/wp-json\/wp\/v2\/categories?post=208717"},{"taxonomy":"post_tag","embeddable":true,"href":"https:\/\/www.webdo.tn\/fr\/wp-json\/wp\/v2\/tags?post=208717"}],"curies":[{"name":"wp","href":"https:\/\/api.w.org\/{rel}","templated":true}]}}