{"id":208708,"date":"2023-09-17T11:59:00","date_gmt":"2023-09-17T11:59:00","guid":{"rendered":"https:\/\/www.webdo.tn\/fr\/blog\/nabil-ammar-conduira-la-delegation-tunisienne-a-la-78eme-session-de-l-assemblee-generale-de-l-onu\/208708\/"},"modified":"2025-05-20T22:56:51","modified_gmt":"2025-05-20T22:56:51","slug":"nabil-ammar-conduira-la-delegation-tunisienne-a-la-78eme-session-de-l-assemblee-generale-de-l-onu","status":"publish","type":"post","link":"https:\/\/www.webdo.tn\/fr\/actualite\/national\/nabil-ammar-conduira-la-delegation-tunisienne-a-la-78eme-session-de-l-assemblee-generale-de-l-onu\/208708\/","title":{"rendered":"78\u00e8me session de l\u2019AG de l\u2019ONU : Nabil Ammar \u00e0 la t\u00eate de la d\u00e9l\u00e9gation tunisienne"},"content":{"rendered":"<p>Le ministre des Affaires \u00e9trang\u00e8res, de la Migration et des Tunisiens \u00e0 l\u2019Etranger, Nabil Ammar, pr\u00e9sidera la D\u00e9l\u00e9gation tunisienne participant au Segment de haut niveau de la 78\u00e8me session de l\u2019Assembl\u00e9e G\u00e9n\u00e9rale des Nations Unies qui se tiendra du 18 au 23 septembre 2023 \u00e0 New-York, aux Etats-Unis.<\/p>\n<p>\t\t\t\t\t\t\t\t\tIl prononcera \u00e0 cette occasion la D\u00e9claration de la Tunisie au d\u00e9bat g\u00e9n\u00e9ral de cette session qui a pour th\u00e8me \u00a0\u00ab R\u00e9tablir la confiance et raviver la solidarit\u00e9 mondiale : Acc\u00e9l\u00e9rer l\u2019action sur l\u2019Agenda 2030 et ses objectifs de d\u00e9veloppement durable vers la paix, la prosp\u00e9rit\u00e9, le progr\u00e8s et la durabilit\u00e9 pour tous \u00bb.<\/p>\n<p>Le ministre repr\u00e9sentera, \u00e9galement, la Tunisie dans divers \u00e9v\u00e9nements de haut niveau inscrit \u00e0 l\u2019ordre du jour de la session, notamment le Forum Politique Haut Niveau sur le D\u00e9veloppement Durable, le Sommet sur l\u2019Ambition Climatique, la R\u00e9union de haut niveau sur le financement du d\u00e9veloppement, la R\u00e9union minist\u00e9rielle pr\u00e9paratoire du Sommet de l\u2019Avenir et la R\u00e9union de haut niveau de l\u2019Assembl\u00e9e G\u00e9n\u00e9rale sur la Couverture sanitaire universelle.<\/p>\n<p>Lors de ces manifestations, Nabil Ammar portera la voix de l\u2019Afrique dans le cadre de la pr\u00e9sidence tunisienne du Groupe africain \u00e0 New-York pour le mois en cours.<\/p>\n<p>D\u2019autre part, le ministre des Affaires \u00e9trang\u00e8res participera aux Consultations des ministres arabes des Affaires Etrang\u00e8res, \u00e0 la R\u00e9union minist\u00e9rielle de l\u2019Organisation de la Coop\u00e9ration Islamique, \u00e0 la R\u00e9union du Comit\u00e9 sp\u00e9cial de liaison pour la coordination de l\u2019assistance internationale aux Palestiniens, \u00e0 la R\u00e9union minist\u00e9rielle sur le renforcement de la coop\u00e9ration africaine dans le domaine de la lutte contre le terrorisme ainsi qu\u2019\u00e0 la R\u00e9union du Conseil de Paix et de S\u00e9curit\u00e9 de l\u2019Union Africaine.<\/p>\n<p>Parmi les plus importantes priorit\u00e9s de la participation tunisienne \u00e0 cette session, figurent l\u2019appui aux efforts nationaux de relance \u00e9conomique, l\u2019examen des questions de financement du d\u00e9veloppement, de la r\u00e9cup\u00e9ration des fonds spoli\u00e9s, de la gestion des crises alimentaire et \u00e9nerg\u00e9tique, de la lutte collective contre les causes profondes de la migration irr\u00e9guli\u00e8re, ainsi que l\u2019action climatique.<\/p>\n<p>A ces priorit\u00e9s s\u2019ajoute la r\u00e9affirmation des fondements de la politique \u00e9trang\u00e8re tunisienne, dont notamment le respect de la l\u00e9galit\u00e9 internationale, le soutien aux causes justes, au premier rang desquelles la question palestinienne, le respect de la souverainet\u00e9 des Etats et la non-ing\u00e9rence dans leurs affaires int\u00e9rieures et la r\u00e9solution des conflits par les moyens pacifiques.<\/p>\n","protected":false},"excerpt":{"rendered":"<p>Le ministre des Affaires \u00e9trang\u00e8res, de la Migration et des Tunisiens \u00e0 l\u2019Etranger, Nabil Ammar, pr\u00e9sidera la D\u00e9l\u00e9gation tunisienne participant au Segment de ha&#8230;<\/p>\n","protected":false},"author":3185,"featured_media":249300,"comment_status":"open","ping_status":"closed","sticky":false,"template":"","format":"standard","meta":{"footnotes":""},"categories":[44],"tags":[7926,3296,2608],"class_list":["post-208708","post","type-post","status-publish","format-standard","has-post-thumbnail","hentry","category-national","tag-78eme-session","tag-onu","tag-tunisie"],"yoast_head":"<!-- This site is optimized with the Yoast SEO Premium plugin v27.5 (Yoast SEO v27.5) - https:\/\/yoast.com\/product\/yoast-seo-premium-wordpress\/ -->\n<title>78\u00e8me session de l\u2019AG de l\u2019ONU : Nabil Ammar \u00e0 la t\u00eate de la d\u00e9l\u00e9gation tunisienne<\/title>\n<meta name=\"description\" content=\"Le ministre des Affaires \u00e9trang\u00e8res, de la Migration et des Tunisiens \u00e0 l\u2019Etranger, Nabil Ammar, pr\u00e9sidera la D\u00e9l\u00e9gation tunisienne participant au Segment de ha...\" \/>\n<link rel=\"canonical\" href=\"https:\/\/www.webdo.tn\/fr\/actualite\/national\/nabil-ammar-conduira-la-delegation-tunisienne-a-la-78eme-session-de-l-assemblee-generale-de-l-onu\/208708\/\" \/>\n<meta property=\"og:locale\" content=\"fr_FR\" \/>\n<meta property=\"og:type\" content=\"article\" \/>\n<meta property=\"og:title\" content=\"78\u00e8me session de l\u2019AG de l\u2019ONU : Nabil Ammar \u00e0 la t\u00eate de la d\u00e9l\u00e9gation tunisienne\" \/>\n<meta property=\"og:description\" content=\"Le ministre des Affaires \u00e9trang\u00e8res, de la Migration et des Tunisiens \u00e0 l\u2019Etranger, Nabil Ammar, pr\u00e9sidera la D\u00e9l\u00e9gation tunisienne participant au Segment de ha...\" \/>\n<meta property=\"og:url\" content=\"https:\/\/www.webdo.tn\/fr\/actualite\/national\/nabil-ammar-conduira-la-delegation-tunisienne-a-la-78eme-session-de-l-assemblee-generale-de-l-onu\/208708\/\" \/>\n<meta property=\"og:site_name\" content=\"webdo\" \/>\n<meta property=\"article:publisher\" content=\"https:\/\/www.facebook.com\/webdotn\" \/>\n<meta property=\"article:published_time\" content=\"2023-09-17T11:59:00+00:00\" \/>\n<meta property=\"article:modified_time\" content=\"2025-05-20T22:56:51+00:00\" \/>\n<meta property=\"og:image\" content=\"https:\/\/www.webdo.tn\/fr\/wp-content\/uploads\/2023\/09\/e2eaf2162efc8edadf933efd11a93807.jpg\" \/>\n\t<meta property=\"og:image:width\" content=\"750\" \/>\n\t<meta property=\"og:image:height\" content=\"400\" \/>\n\t<meta property=\"og:image:type\" content=\"image\/jpeg\" \/>\n<meta name=\"author\" content=\"WDA\" \/>\n<meta name=\"twitter:card\" content=\"summary_large_image\" \/>\n<meta name=\"twitter:creator\" content=\"@webdo_tn\" \/>\n<meta name=\"twitter:site\" content=\"@webdo_tn\" \/>\n<meta name=\"twitter:label1\" content=\"\u00c9crit par\" \/>\n\t<meta name=\"twitter:data1\" content=\"WDA\" \/>\n\t<meta name=\"twitter:label2\" content=\"Dur\u00e9e de lecture estim\u00e9e\" \/>\n\t<meta name=\"twitter:data2\" content=\"2 minutes\" \/>\n<script type=\"application\/ld+json\" class=\"yoast-schema-graph\">{\"@context\":\"https:\\\/\\\/schema.org\",\"@graph\":[{\"@type\":\"NewsArticle\",\"@id\":\"https:\\\/\\\/www.webdo.tn\\\/fr\\\/actualite\\\/national\\\/nabil-ammar-conduira-la-delegation-tunisienne-a-la-78eme-session-de-l-assemblee-generale-de-l-onu\\\/208708\\\/#article\",\"isPartOf\":{\"@id\":\"https:\\\/\\\/www.webdo.tn\\\/fr\\\/actualite\\\/national\\\/nabil-ammar-conduira-la-delegation-tunisienne-a-la-78eme-session-de-l-assemblee-generale-de-l-onu\\\/208708\\\/\"},\"author\":{\"name\":\"WDA\",\"@id\":\"https:\\\/\\\/www.webdo.tn\\\/fr\\\/#\\\/schema\\\/person\\\/ae999f6cc68c323955dd7bb23b41f2dd\"},\"headline\":\"78\u00e8me session de l\u2019AG de l\u2019ONU : Nabil Ammar \u00e0 la t\u00eate de la d\u00e9l\u00e9gation tunisienne\",\"datePublished\":\"2023-09-17T11:59:00+00:00\",\"dateModified\":\"2025-05-20T22:56:51+00:00\",\"mainEntityOfPage\":{\"@id\":\"https:\\\/\\\/www.webdo.tn\\\/fr\\\/actualite\\\/national\\\/nabil-ammar-conduira-la-delegation-tunisienne-a-la-78eme-session-de-l-assemblee-generale-de-l-onu\\\/208708\\\/\"},\"wordCount\":464,\"commentCount\":0,\"publisher\":{\"@id\":\"https:\\\/\\\/www.webdo.tn\\\/fr\\\/#organization\"},\"image\":{\"@id\":\"https:\\\/\\\/www.webdo.tn\\\/fr\\\/actualite\\\/national\\\/nabil-ammar-conduira-la-delegation-tunisienne-a-la-78eme-session-de-l-assemblee-generale-de-l-onu\\\/208708\\\/#primaryimage\"},\"thumbnailUrl\":\"https:\\\/\\\/www.webdo.tn\\\/fr\\\/wp-content\\\/uploads\\\/2023\\\/09\\\/e2eaf2162efc8edadf933efd11a93807.jpg\",\"keywords\":[\"78\u00e8me session\",\"ONU\",\"Tunisie\"],\"articleSection\":[\"National\"],\"inLanguage\":\"fr-FR\"},{\"@type\":\"WebPage\",\"@id\":\"https:\\\/\\\/www.webdo.tn\\\/fr\\\/actualite\\\/national\\\/nabil-ammar-conduira-la-delegation-tunisienne-a-la-78eme-session-de-l-assemblee-generale-de-l-onu\\\/208708\\\/\",\"url\":\"https:\\\/\\\/www.webdo.tn\\\/fr\\\/actualite\\\/national\\\/nabil-ammar-conduira-la-delegation-tunisienne-a-la-78eme-session-de-l-assemblee-generale-de-l-onu\\\/208708\\\/\",\"name\":\"78\u00e8me session de l\u2019AG de l\u2019ONU : Nabil Ammar \u00e0 la t\u00eate de la d\u00e9l\u00e9gation tunisienne\",\"isPartOf\":{\"@id\":\"https:\\\/\\\/www.webdo.tn\\\/fr\\\/#website\"},\"primaryImageOfPage\":{\"@id\":\"https:\\\/\\\/www.webdo.tn\\\/fr\\\/actualite\\\/national\\\/nabil-ammar-conduira-la-delegation-tunisienne-a-la-78eme-session-de-l-assemblee-generale-de-l-onu\\\/208708\\\/#primaryimage\"},\"image\":{\"@id\":\"https:\\\/\\\/www.webdo.tn\\\/fr\\\/actualite\\\/national\\\/nabil-ammar-conduira-la-delegation-tunisienne-a-la-78eme-session-de-l-assemblee-generale-de-l-onu\\\/208708\\\/#primaryimage\"},\"thumbnailUrl\":\"https:\\\/\\\/www.webdo.tn\\\/fr\\\/wp-content\\\/uploads\\\/2023\\\/09\\\/e2eaf2162efc8edadf933efd11a93807.jpg\",\"datePublished\":\"2023-09-17T11:59:00+00:00\",\"dateModified\":\"2025-05-20T22:56:51+00:00\",\"description\":\"Le ministre des Affaires \u00e9trang\u00e8res, de la Migration et des Tunisiens \u00e0 l\u2019Etranger, Nabil Ammar, pr\u00e9sidera la D\u00e9l\u00e9gation tunisienne participant au Segment de ha...\",\"breadcrumb\":{\"@id\":\"https:\\\/\\\/www.webdo.tn\\\/fr\\\/actualite\\\/national\\\/nabil-ammar-conduira-la-delegation-tunisienne-a-la-78eme-session-de-l-assemblee-generale-de-l-onu\\\/208708\\\/#breadcrumb\"},\"inLanguage\":\"fr-FR\",\"potentialAction\":[{\"@type\":\"ReadAction\",\"target\":[\"https:\\\/\\\/www.webdo.tn\\\/fr\\\/actualite\\\/national\\\/nabil-ammar-conduira-la-delegation-tunisienne-a-la-78eme-session-de-l-assemblee-generale-de-l-onu\\\/208708\\\/\"]}]},{\"@type\":\"ImageObject\",\"inLanguage\":\"fr-FR\",\"@id\":\"https:\\\/\\\/www.webdo.tn\\\/fr\\\/actualite\\\/national\\\/nabil-ammar-conduira-la-delegation-tunisienne-a-la-78eme-session-de-l-assemblee-generale-de-l-onu\\\/208708\\\/#primaryimage\",\"url\":\"https:\\\/\\\/www.webdo.tn\\\/fr\\\/wp-content\\\/uploads\\\/2023\\\/09\\\/e2eaf2162efc8edadf933efd11a93807.jpg\",\"contentUrl\":\"https:\\\/\\\/www.webdo.tn\\\/fr\\\/wp-content\\\/uploads\\\/2023\\\/09\\\/e2eaf2162efc8edadf933efd11a93807.jpg\",\"width\":750,\"height\":400,\"caption\":\"78\u00e8me session de l\u2019AG de l\u2019ONU : Nabil Ammar \u00e0 la t\u00eate de la d\u00e9l\u00e9gation tunisienne\"},{\"@type\":\"BreadcrumbList\",\"@id\":\"https:\\\/\\\/www.webdo.tn\\\/fr\\\/actualite\\\/national\\\/nabil-ammar-conduira-la-delegation-tunisienne-a-la-78eme-session-de-l-assemblee-generale-de-l-onu\\\/208708\\\/#breadcrumb\",\"itemListElement\":[{\"@type\":\"ListItem\",\"position\":1,\"name\":\"Accueil\",\"item\":\"https:\\\/\\\/www.webdo.tn\\\/fr\\\/\"},{\"@type\":\"ListItem\",\"position\":2,\"name\":\"78\u00e8me session de l\u2019AG de l\u2019ONU : Nabil Ammar \u00e0 la t\u00eate de la d\u00e9l\u00e9gation tunisienne\"}]},{\"@type\":\"WebSite\",\"@id\":\"https:\\\/\\\/www.webdo.tn\\\/fr\\\/#website\",\"url\":\"https:\\\/\\\/www.webdo.tn\\\/fr\\\/\",\"name\":\"webdo\",\"description\":\"Tunisie - News en Tunisie et \u00e0 l&#039;international sur Webdo.tn\",\"publisher\":{\"@id\":\"https:\\\/\\\/www.webdo.tn\\\/fr\\\/#organization\"},\"potentialAction\":[{\"@type\":\"SearchAction\",\"target\":{\"@type\":\"EntryPoint\",\"urlTemplate\":\"https:\\\/\\\/www.webdo.tn\\\/fr\\\/?s={search_term_string}\"},\"query-input\":{\"@type\":\"PropertyValueSpecification\",\"valueRequired\":true,\"valueName\":\"search_term_string\"}}],\"inLanguage\":\"fr-FR\"},{\"@type\":\"Organization\",\"@id\":\"https:\\\/\\\/www.webdo.tn\\\/fr\\\/#organization\",\"name\":\"Webdo\",\"alternateName\":\"Webdo.tn\",\"url\":\"https:\\\/\\\/www.webdo.tn\\\/fr\\\/\",\"logo\":{\"@type\":\"ImageObject\",\"inLanguage\":\"fr-FR\",\"@id\":\"https:\\\/\\\/www.webdo.tn\\\/fr\\\/#\\\/schema\\\/logo\\\/image\\\/\",\"url\":\"https:\\\/\\\/www.webdo.tn\\\/fr\\\/wp-content\\\/uploads\\\/2025\\\/06\\\/Webdo-Tunisie_168377.jpg\",\"contentUrl\":\"https:\\\/\\\/www.webdo.tn\\\/fr\\\/wp-content\\\/uploads\\\/2025\\\/06\\\/Webdo-Tunisie_168377.jpg\",\"width\":301,\"height\":301,\"caption\":\"Webdo\"},\"image\":{\"@id\":\"https:\\\/\\\/www.webdo.tn\\\/fr\\\/#\\\/schema\\\/logo\\\/image\\\/\"},\"sameAs\":[\"https:\\\/\\\/www.facebook.com\\\/webdotn\",\"https:\\\/\\\/x.com\\\/webdo_tn\"],\"description\":\"Webdo est un m\u00e9dia num\u00e9rique tunisien fond\u00e9 en 2010, sp\u00e9cialis\u00e9 dans l\u2019actualit\u00e9 nationale et internationale, l\u2019\u00e9conomie, la soci\u00e9t\u00e9 et les analyses politiques. Le site s\u2019adresse \u00e0 un large public francophone et couvre l\u2019information tunisienne en temps r\u00e9el.\",\"email\":\"redac@webdo.tn\",\"legalName\":\"YNJ SARL\",\"foundingDate\":\"2010-09-06\",\"numberOfEmployees\":{\"@type\":\"QuantitativeValue\",\"minValue\":\"11\",\"maxValue\":\"50\"}},{\"@type\":\"Person\",\"@id\":\"https:\\\/\\\/www.webdo.tn\\\/fr\\\/#\\\/schema\\\/person\\\/ae999f6cc68c323955dd7bb23b41f2dd\",\"name\":\"WDA\",\"image\":{\"@type\":\"ImageObject\",\"inLanguage\":\"fr-FR\",\"@id\":\"https:\\\/\\\/secure.gravatar.com\\\/avatar\\\/008e9c4da3bbf467e76fbd05ea8a140d6f047be3ff32b495e3a42ecd99d95622?s=96&d=mm&r=g\",\"url\":\"https:\\\/\\\/secure.gravatar.com\\\/avatar\\\/008e9c4da3bbf467e76fbd05ea8a140d6f047be3ff32b495e3a42ecd99d95622?s=96&d=mm&r=g\",\"contentUrl\":\"https:\\\/\\\/secure.gravatar.com\\\/avatar\\\/008e9c4da3bbf467e76fbd05ea8a140d6f047be3ff32b495e3a42ecd99d95622?s=96&d=mm&r=g\",\"caption\":\"WDA\"},\"url\":\"https:\\\/\\\/www.webdo.tn\\\/fr\\\/actualite\\\/author\\\/wda\\\/\"}]}<\/script>\n<!-- \/ Yoast SEO Premium plugin. -->","yoast_head_json":{"title":"78\u00e8me session de l\u2019AG de l\u2019ONU : Nabil Ammar \u00e0 la t\u00eate de la d\u00e9l\u00e9gation tunisienne","description":"Le ministre des Affaires \u00e9trang\u00e8res, de la Migration et des Tunisiens \u00e0 l\u2019Etranger, Nabil Ammar, pr\u00e9sidera la D\u00e9l\u00e9gation tunisienne participant au Segment de ha...","canonical":"https:\/\/www.webdo.tn\/fr\/actualite\/national\/nabil-ammar-conduira-la-delegation-tunisienne-a-la-78eme-session-de-l-assemblee-generale-de-l-onu\/208708\/","og_locale":"fr_FR","og_type":"article","og_title":"78\u00e8me session de l\u2019AG de l\u2019ONU : Nabil Ammar \u00e0 la t\u00eate de la d\u00e9l\u00e9gation tunisienne","og_description":"Le ministre des Affaires \u00e9trang\u00e8res, de la Migration et des Tunisiens \u00e0 l\u2019Etranger, Nabil Ammar, pr\u00e9sidera la D\u00e9l\u00e9gation tunisienne participant au Segment de ha...","og_url":"https:\/\/www.webdo.tn\/fr\/actualite\/national\/nabil-ammar-conduira-la-delegation-tunisienne-a-la-78eme-session-de-l-assemblee-generale-de-l-onu\/208708\/","og_site_name":"webdo","article_publisher":"https:\/\/www.facebook.com\/webdotn","article_published_time":"2023-09-17T11:59:00+00:00","article_modified_time":"2025-05-20T22:56:51+00:00","og_image":[{"width":750,"height":400,"url":"https:\/\/www.webdo.tn\/fr\/wp-content\/uploads\/2023\/09\/e2eaf2162efc8edadf933efd11a93807.jpg","type":"image\/jpeg"}],"author":"WDA","twitter_card":"summary_large_image","twitter_creator":"@webdo_tn","twitter_site":"@webdo_tn","twitter_misc":{"\u00c9crit par":"WDA","Dur\u00e9e de lecture estim\u00e9e":"2 minutes"},"schema":{"@context":"https:\/\/schema.org","@graph":[{"@type":"NewsArticle","@id":"https:\/\/www.webdo.tn\/fr\/actualite\/national\/nabil-ammar-conduira-la-delegation-tunisienne-a-la-78eme-session-de-l-assemblee-generale-de-l-onu\/208708\/#article","isPartOf":{"@id":"https:\/\/www.webdo.tn\/fr\/actualite\/national\/nabil-ammar-conduira-la-delegation-tunisienne-a-la-78eme-session-de-l-assemblee-generale-de-l-onu\/208708\/"},"author":{"name":"WDA","@id":"https:\/\/www.webdo.tn\/fr\/#\/schema\/person\/ae999f6cc68c323955dd7bb23b41f2dd"},"headline":"78\u00e8me session de l\u2019AG de l\u2019ONU : Nabil Ammar \u00e0 la t\u00eate de la d\u00e9l\u00e9gation tunisienne","datePublished":"2023-09-17T11:59:00+00:00","dateModified":"2025-05-20T22:56:51+00:00","mainEntityOfPage":{"@id":"https:\/\/www.webdo.tn\/fr\/actualite\/national\/nabil-ammar-conduira-la-delegation-tunisienne-a-la-78eme-session-de-l-assemblee-generale-de-l-onu\/208708\/"},"wordCount":464,"commentCount":0,"publisher":{"@id":"https:\/\/www.webdo.tn\/fr\/#organization"},"image":{"@id":"https:\/\/www.webdo.tn\/fr\/actualite\/national\/nabil-ammar-conduira-la-delegation-tunisienne-a-la-78eme-session-de-l-assemblee-generale-de-l-onu\/208708\/#primaryimage"},"thumbnailUrl":"https:\/\/www.webdo.tn\/fr\/wp-content\/uploads\/2023\/09\/e2eaf2162efc8edadf933efd11a93807.jpg","keywords":["78\u00e8me session","ONU","Tunisie"],"articleSection":["National"],"inLanguage":"fr-FR"},{"@type":"WebPage","@id":"https:\/\/www.webdo.tn\/fr\/actualite\/national\/nabil-ammar-conduira-la-delegation-tunisienne-a-la-78eme-session-de-l-assemblee-generale-de-l-onu\/208708\/","url":"https:\/\/www.webdo.tn\/fr\/actualite\/national\/nabil-ammar-conduira-la-delegation-tunisienne-a-la-78eme-session-de-l-assemblee-generale-de-l-onu\/208708\/","name":"78\u00e8me session de l\u2019AG de l\u2019ONU : Nabil Ammar \u00e0 la t\u00eate de la d\u00e9l\u00e9gation tunisienne","isPartOf":{"@id":"https:\/\/www.webdo.tn\/fr\/#website"},"primaryImageOfPage":{"@id":"https:\/\/www.webdo.tn\/fr\/actualite\/national\/nabil-ammar-conduira-la-delegation-tunisienne-a-la-78eme-session-de-l-assemblee-generale-de-l-onu\/208708\/#primaryimage"},"image":{"@id":"https:\/\/www.webdo.tn\/fr\/actualite\/national\/nabil-ammar-conduira-la-delegation-tunisienne-a-la-78eme-session-de-l-assemblee-generale-de-l-onu\/208708\/#primaryimage"},"thumbnailUrl":"https:\/\/www.webdo.tn\/fr\/wp-content\/uploads\/2023\/09\/e2eaf2162efc8edadf933efd11a93807.jpg","datePublished":"2023-09-17T11:59:00+00:00","dateModified":"2025-05-20T22:56:51+00:00","description":"Le ministre des Affaires \u00e9trang\u00e8res, de la Migration et des Tunisiens \u00e0 l\u2019Etranger, Nabil Ammar, pr\u00e9sidera la D\u00e9l\u00e9gation tunisienne participant au Segment de ha...","breadcrumb":{"@id":"https:\/\/www.webdo.tn\/fr\/actualite\/national\/nabil-ammar-conduira-la-delegation-tunisienne-a-la-78eme-session-de-l-assemblee-generale-de-l-onu\/208708\/#breadcrumb"},"inLanguage":"fr-FR","potentialAction":[{"@type":"ReadAction","target":["https:\/\/www.webdo.tn\/fr\/actualite\/national\/nabil-ammar-conduira-la-delegation-tunisienne-a-la-78eme-session-de-l-assemblee-generale-de-l-onu\/208708\/"]}]},{"@type":"ImageObject","inLanguage":"fr-FR","@id":"https:\/\/www.webdo.tn\/fr\/actualite\/national\/nabil-ammar-conduira-la-delegation-tunisienne-a-la-78eme-session-de-l-assemblee-generale-de-l-onu\/208708\/#primaryimage","url":"https:\/\/www.webdo.tn\/fr\/wp-content\/uploads\/2023\/09\/e2eaf2162efc8edadf933efd11a93807.jpg","contentUrl":"https:\/\/www.webdo.tn\/fr\/wp-content\/uploads\/2023\/09\/e2eaf2162efc8edadf933efd11a93807.jpg","width":750,"height":400,"caption":"78\u00e8me session de l\u2019AG de l\u2019ONU : Nabil Ammar \u00e0 la t\u00eate de la d\u00e9l\u00e9gation tunisienne"},{"@type":"BreadcrumbList","@id":"https:\/\/www.webdo.tn\/fr\/actualite\/national\/nabil-ammar-conduira-la-delegation-tunisienne-a-la-78eme-session-de-l-assemblee-generale-de-l-onu\/208708\/#breadcrumb","itemListElement":[{"@type":"ListItem","position":1,"name":"Accueil","item":"https:\/\/www.webdo.tn\/fr\/"},{"@type":"ListItem","position":2,"name":"78\u00e8me session de l\u2019AG de l\u2019ONU : Nabil Ammar \u00e0 la t\u00eate de la d\u00e9l\u00e9gation tunisienne"}]},{"@type":"WebSite","@id":"https:\/\/www.webdo.tn\/fr\/#website","url":"https:\/\/www.webdo.tn\/fr\/","name":"webdo","description":"Tunisie - News en Tunisie et \u00e0 l&#039;international sur Webdo.tn","publisher":{"@id":"https:\/\/www.webdo.tn\/fr\/#organization"},"potentialAction":[{"@type":"SearchAction","target":{"@type":"EntryPoint","urlTemplate":"https:\/\/www.webdo.tn\/fr\/?s={search_term_string}"},"query-input":{"@type":"PropertyValueSpecification","valueRequired":true,"valueName":"search_term_string"}}],"inLanguage":"fr-FR"},{"@type":"Organization","@id":"https:\/\/www.webdo.tn\/fr\/#organization","name":"Webdo","alternateName":"Webdo.tn","url":"https:\/\/www.webdo.tn\/fr\/","logo":{"@type":"ImageObject","inLanguage":"fr-FR","@id":"https:\/\/www.webdo.tn\/fr\/#\/schema\/logo\/image\/","url":"https:\/\/www.webdo.tn\/fr\/wp-content\/uploads\/2025\/06\/Webdo-Tunisie_168377.jpg","contentUrl":"https:\/\/www.webdo.tn\/fr\/wp-content\/uploads\/2025\/06\/Webdo-Tunisie_168377.jpg","width":301,"height":301,"caption":"Webdo"},"image":{"@id":"https:\/\/www.webdo.tn\/fr\/#\/schema\/logo\/image\/"},"sameAs":["https:\/\/www.facebook.com\/webdotn","https:\/\/x.com\/webdo_tn"],"description":"Webdo est un m\u00e9dia num\u00e9rique tunisien fond\u00e9 en 2010, sp\u00e9cialis\u00e9 dans l\u2019actualit\u00e9 nationale et internationale, l\u2019\u00e9conomie, la soci\u00e9t\u00e9 et les analyses politiques. Le site s\u2019adresse \u00e0 un large public francophone et couvre l\u2019information tunisienne en temps r\u00e9el.","email":"redac@webdo.tn","legalName":"YNJ SARL","foundingDate":"2010-09-06","numberOfEmployees":{"@type":"QuantitativeValue","minValue":"11","maxValue":"50"}},{"@type":"Person","@id":"https:\/\/www.webdo.tn\/fr\/#\/schema\/person\/ae999f6cc68c323955dd7bb23b41f2dd","name":"WDA","image":{"@type":"ImageObject","inLanguage":"fr-FR","@id":"https:\/\/secure.gravatar.com\/avatar\/008e9c4da3bbf467e76fbd05ea8a140d6f047be3ff32b495e3a42ecd99d95622?s=96&d=mm&r=g","url":"https:\/\/secure.gravatar.com\/avatar\/008e9c4da3bbf467e76fbd05ea8a140d6f047be3ff32b495e3a42ecd99d95622?s=96&d=mm&r=g","contentUrl":"https:\/\/secure.gravatar.com\/avatar\/008e9c4da3bbf467e76fbd05ea8a140d6f047be3ff32b495e3a42ecd99d95622?s=96&d=mm&r=g","caption":"WDA"},"url":"https:\/\/www.webdo.tn\/fr\/actualite\/author\/wda\/"}]}},"_links":{"self":[{"href":"https:\/\/www.webdo.tn\/fr\/wp-json\/wp\/v2\/posts\/208708","targetHints":{"allow":["GET"]}}],"collection":[{"href":"https:\/\/www.webdo.tn\/fr\/wp-json\/wp\/v2\/posts"}],"about":[{"href":"https:\/\/www.webdo.tn\/fr\/wp-json\/wp\/v2\/types\/post"}],"author":[{"embeddable":true,"href":"https:\/\/www.webdo.tn\/fr\/wp-json\/wp\/v2\/users\/3185"}],"replies":[{"embeddable":true,"href":"https:\/\/www.webdo.tn\/fr\/wp-json\/wp\/v2\/comments?post=208708"}],"version-history":[{"count":0,"href":"https:\/\/www.webdo.tn\/fr\/wp-json\/wp\/v2\/posts\/208708\/revisions"}],"wp:featuredmedia":[{"embeddable":true,"href":"https:\/\/www.webdo.tn\/fr\/wp-json\/wp\/v2\/media\/249300"}],"wp:attachment":[{"href":"https:\/\/www.webdo.tn\/fr\/wp-json\/wp\/v2\/media?parent=208708"}],"wp:term":[{"taxonomy":"category","embeddable":true,"href":"https:\/\/www.webdo.tn\/fr\/wp-json\/wp\/v2\/categories?post=208708"},{"taxonomy":"post_tag","embeddable":true,"href":"https:\/\/www.webdo.tn\/fr\/wp-json\/wp\/v2\/tags?post=208708"}],"curies":[{"name":"wp","href":"https:\/\/api.w.org\/{rel}","templated":true}]}}