{"id":208677,"date":"2023-09-15T10:59:00","date_gmt":"2023-09-15T10:59:00","guid":{"rendered":"https:\/\/www.webdo.tn\/fr\/blog\/libye-l-ambassadeur-dement-le-deces-de-trois-tunisiens\/208677\/"},"modified":"2025-05-20T22:41:10","modified_gmt":"2025-05-20T22:41:10","slug":"libye-l-ambassadeur-dement-le-deces-de-trois-tunisiens","status":"publish","type":"post","link":"https:\/\/www.webdo.tn\/fr\/actualite\/national\/libye-l-ambassadeur-dement-le-deces-de-trois-tunisiens\/208677\/","title":{"rendered":"Libye : L\u2019ambassadeur d\u00e9ment le d\u00e9c\u00e8s de trois Tunisiens"},"content":{"rendered":"<p>L\u2019ambassadeur de Tunisie en Libye a donn\u00e9 plus de d\u00e9tails sur la situation de la communaut\u00e9 tunisienne install\u00e9e \u00e0 l\u2019est de la Libye.<\/p>\n<p>\t\t\t\t\t\t\t\t\tS\u2019exprimant sur les ondes de Mosa\u00efque FM, Lassaad Laajili\u00a0a d\u00e9menti les informations selon lesquelles trois Tunisiens ont p\u00e9ri dans ces inondations. \u00ab J\u2019ai consult\u00e9 moi-m\u00eame le couple que certains m\u00e9dias ont annonc\u00e9 comme d\u00e9c\u00e9d\u00e9 suite \u00e0 ces inondations. Ils ont \u00e9galement pr\u00e9tendu qu\u2019un autre Tunisien aurait trouv\u00e9 la mort, tout \u00e7a est faux \u00bb, a-t-il insist\u00e9.\u00a0<\/p>\n<p>En revanche, il a annonc\u00e9 qu\u2019un Tunisien est toujours port\u00e9 disparu \u00e0 Derna et que les unit\u00e9s de la protection civile sont \u00e0 sa recherche.\u00a0<\/p>\n<p>Il faut rappeler que dans une d\u00e9claration \u00e0 \u00ab El Hasri \u00bb, mercredi 13 septembre, le consul g\u00e9n\u00e9ral de Tunisie \u00e0 Tripoli, Taoufik Gasmi, avait r\u00e9v\u00e9l\u00e9 que trois ressortissants tunisiens \u00e9taient d\u00e9c\u00e9d\u00e9s suite \u00e0 la temp\u00eate Daniel qui a frapp\u00e9 la ville de Derna dans l\u2019est du pays.<\/p>\n","protected":false},"excerpt":{"rendered":"<p>Un autre Tunisien est port\u00e9 disparu.<\/p>\n","protected":false},"author":3175,"featured_media":249313,"comment_status":"open","ping_status":"closed","sticky":false,"template":"","format":"standard","meta":{"footnotes":""},"categories":[44],"tags":[3164,3279,2608,3317],"class_list":["post-208677","post","type-post","status-publish","format-standard","has-post-thumbnail","hentry","category-national","tag-inondations","tag-libye","tag-tunisie","tag-tunisiens"],"yoast_head":"<!-- This site is optimized with the Yoast SEO Premium plugin v27.5 (Yoast SEO v27.5) - https:\/\/yoast.com\/product\/yoast-seo-premium-wordpress\/ -->\n<title>Libye : L\u2019ambassadeur d\u00e9ment le d\u00e9c\u00e8s de trois Tunisiens<\/title>\n<meta name=\"description\" content=\"Un autre Tunisien est port\u00e9 disparu.\" \/>\n<link rel=\"canonical\" href=\"https:\/\/www.webdo.tn\/fr\/actualite\/national\/libye-l-ambassadeur-dement-le-deces-de-trois-tunisiens\/208677\/\" \/>\n<meta property=\"og:locale\" content=\"fr_FR\" \/>\n<meta property=\"og:type\" content=\"article\" \/>\n<meta property=\"og:title\" content=\"Libye : L\u2019ambassadeur d\u00e9ment le d\u00e9c\u00e8s de trois Tunisiens\" \/>\n<meta property=\"og:description\" content=\"Un autre Tunisien est port\u00e9 disparu.\" \/>\n<meta property=\"og:url\" content=\"https:\/\/www.webdo.tn\/fr\/actualite\/national\/libye-l-ambassadeur-dement-le-deces-de-trois-tunisiens\/208677\/\" \/>\n<meta property=\"og:site_name\" content=\"webdo\" \/>\n<meta property=\"article:publisher\" content=\"https:\/\/www.facebook.com\/webdotn\" \/>\n<meta property=\"article:published_time\" content=\"2023-09-15T10:59:00+00:00\" \/>\n<meta property=\"article:modified_time\" content=\"2025-05-20T22:41:10+00:00\" \/>\n<meta property=\"og:image\" content=\"https:\/\/www.webdo.tn\/fr\/wp-content\/uploads\/2023\/09\/09d9444511647a90f6fd1512fc9ba192.jpeg\" \/>\n\t<meta property=\"og:image:width\" content=\"750\" \/>\n\t<meta property=\"og:image:height\" content=\"400\" \/>\n\t<meta property=\"og:image:type\" content=\"image\/jpeg\" \/>\n<meta name=\"author\" content=\"CL\" \/>\n<meta name=\"twitter:card\" content=\"summary_large_image\" \/>\n<meta name=\"twitter:creator\" content=\"@webdo_tn\" \/>\n<meta name=\"twitter:site\" content=\"@webdo_tn\" \/>\n<meta name=\"twitter:label1\" content=\"\u00c9crit par\" \/>\n\t<meta name=\"twitter:data1\" content=\"CL\" \/>\n\t<meta name=\"twitter:label2\" content=\"Dur\u00e9e de lecture estim\u00e9e\" \/>\n\t<meta name=\"twitter:data2\" content=\"1 minute\" \/>\n<script type=\"application\/ld+json\" class=\"yoast-schema-graph\">{\"@context\":\"https:\\\/\\\/schema.org\",\"@graph\":[{\"@type\":\"NewsArticle\",\"@id\":\"https:\\\/\\\/www.webdo.tn\\\/fr\\\/actualite\\\/national\\\/libye-l-ambassadeur-dement-le-deces-de-trois-tunisiens\\\/208677\\\/#article\",\"isPartOf\":{\"@id\":\"https:\\\/\\\/www.webdo.tn\\\/fr\\\/actualite\\\/national\\\/libye-l-ambassadeur-dement-le-deces-de-trois-tunisiens\\\/208677\\\/\"},\"author\":{\"name\":\"CL\",\"@id\":\"https:\\\/\\\/www.webdo.tn\\\/fr\\\/#\\\/schema\\\/person\\\/f35b42a42c5e2511bbd282959d6385cc\"},\"headline\":\"Libye : L\u2019ambassadeur d\u00e9ment le d\u00e9c\u00e8s de trois Tunisiens\",\"datePublished\":\"2023-09-15T10:59:00+00:00\",\"dateModified\":\"2025-05-20T22:41:10+00:00\",\"mainEntityOfPage\":{\"@id\":\"https:\\\/\\\/www.webdo.tn\\\/fr\\\/actualite\\\/national\\\/libye-l-ambassadeur-dement-le-deces-de-trois-tunisiens\\\/208677\\\/\"},\"wordCount\":180,\"commentCount\":0,\"publisher\":{\"@id\":\"https:\\\/\\\/www.webdo.tn\\\/fr\\\/#organization\"},\"image\":{\"@id\":\"https:\\\/\\\/www.webdo.tn\\\/fr\\\/actualite\\\/national\\\/libye-l-ambassadeur-dement-le-deces-de-trois-tunisiens\\\/208677\\\/#primaryimage\"},\"thumbnailUrl\":\"https:\\\/\\\/www.webdo.tn\\\/fr\\\/wp-content\\\/uploads\\\/2023\\\/09\\\/09d9444511647a90f6fd1512fc9ba192.jpeg\",\"keywords\":[\"Inondations\",\"Libye\",\"Tunisie\",\"Tunisiens\"],\"articleSection\":[\"National\"],\"inLanguage\":\"fr-FR\"},{\"@type\":\"WebPage\",\"@id\":\"https:\\\/\\\/www.webdo.tn\\\/fr\\\/actualite\\\/national\\\/libye-l-ambassadeur-dement-le-deces-de-trois-tunisiens\\\/208677\\\/\",\"url\":\"https:\\\/\\\/www.webdo.tn\\\/fr\\\/actualite\\\/national\\\/libye-l-ambassadeur-dement-le-deces-de-trois-tunisiens\\\/208677\\\/\",\"name\":\"Libye : L\u2019ambassadeur d\u00e9ment le d\u00e9c\u00e8s de trois Tunisiens\",\"isPartOf\":{\"@id\":\"https:\\\/\\\/www.webdo.tn\\\/fr\\\/#website\"},\"primaryImageOfPage\":{\"@id\":\"https:\\\/\\\/www.webdo.tn\\\/fr\\\/actualite\\\/national\\\/libye-l-ambassadeur-dement-le-deces-de-trois-tunisiens\\\/208677\\\/#primaryimage\"},\"image\":{\"@id\":\"https:\\\/\\\/www.webdo.tn\\\/fr\\\/actualite\\\/national\\\/libye-l-ambassadeur-dement-le-deces-de-trois-tunisiens\\\/208677\\\/#primaryimage\"},\"thumbnailUrl\":\"https:\\\/\\\/www.webdo.tn\\\/fr\\\/wp-content\\\/uploads\\\/2023\\\/09\\\/09d9444511647a90f6fd1512fc9ba192.jpeg\",\"datePublished\":\"2023-09-15T10:59:00+00:00\",\"dateModified\":\"2025-05-20T22:41:10+00:00\",\"description\":\"Un autre Tunisien est port\u00e9 disparu.\",\"breadcrumb\":{\"@id\":\"https:\\\/\\\/www.webdo.tn\\\/fr\\\/actualite\\\/national\\\/libye-l-ambassadeur-dement-le-deces-de-trois-tunisiens\\\/208677\\\/#breadcrumb\"},\"inLanguage\":\"fr-FR\",\"potentialAction\":[{\"@type\":\"ReadAction\",\"target\":[\"https:\\\/\\\/www.webdo.tn\\\/fr\\\/actualite\\\/national\\\/libye-l-ambassadeur-dement-le-deces-de-trois-tunisiens\\\/208677\\\/\"]}]},{\"@type\":\"ImageObject\",\"inLanguage\":\"fr-FR\",\"@id\":\"https:\\\/\\\/www.webdo.tn\\\/fr\\\/actualite\\\/national\\\/libye-l-ambassadeur-dement-le-deces-de-trois-tunisiens\\\/208677\\\/#primaryimage\",\"url\":\"https:\\\/\\\/www.webdo.tn\\\/fr\\\/wp-content\\\/uploads\\\/2023\\\/09\\\/09d9444511647a90f6fd1512fc9ba192.jpeg\",\"contentUrl\":\"https:\\\/\\\/www.webdo.tn\\\/fr\\\/wp-content\\\/uploads\\\/2023\\\/09\\\/09d9444511647a90f6fd1512fc9ba192.jpeg\",\"width\":750,\"height\":400,\"caption\":\"Libye : L\u2019ambassadeur d\u00e9ment le d\u00e9c\u00e8s de trois Tunisiens\"},{\"@type\":\"BreadcrumbList\",\"@id\":\"https:\\\/\\\/www.webdo.tn\\\/fr\\\/actualite\\\/national\\\/libye-l-ambassadeur-dement-le-deces-de-trois-tunisiens\\\/208677\\\/#breadcrumb\",\"itemListElement\":[{\"@type\":\"ListItem\",\"position\":1,\"name\":\"Accueil\",\"item\":\"https:\\\/\\\/www.webdo.tn\\\/fr\\\/\"},{\"@type\":\"ListItem\",\"position\":2,\"name\":\"Libye : L\u2019ambassadeur d\u00e9ment le d\u00e9c\u00e8s de trois Tunisiens\"}]},{\"@type\":\"WebSite\",\"@id\":\"https:\\\/\\\/www.webdo.tn\\\/fr\\\/#website\",\"url\":\"https:\\\/\\\/www.webdo.tn\\\/fr\\\/\",\"name\":\"webdo\",\"description\":\"Tunisie - News en Tunisie et \u00e0 l&#039;international sur Webdo.tn\",\"publisher\":{\"@id\":\"https:\\\/\\\/www.webdo.tn\\\/fr\\\/#organization\"},\"potentialAction\":[{\"@type\":\"SearchAction\",\"target\":{\"@type\":\"EntryPoint\",\"urlTemplate\":\"https:\\\/\\\/www.webdo.tn\\\/fr\\\/?s={search_term_string}\"},\"query-input\":{\"@type\":\"PropertyValueSpecification\",\"valueRequired\":true,\"valueName\":\"search_term_string\"}}],\"inLanguage\":\"fr-FR\"},{\"@type\":\"Organization\",\"@id\":\"https:\\\/\\\/www.webdo.tn\\\/fr\\\/#organization\",\"name\":\"Webdo\",\"alternateName\":\"Webdo.tn\",\"url\":\"https:\\\/\\\/www.webdo.tn\\\/fr\\\/\",\"logo\":{\"@type\":\"ImageObject\",\"inLanguage\":\"fr-FR\",\"@id\":\"https:\\\/\\\/www.webdo.tn\\\/fr\\\/#\\\/schema\\\/logo\\\/image\\\/\",\"url\":\"https:\\\/\\\/www.webdo.tn\\\/fr\\\/wp-content\\\/uploads\\\/2025\\\/06\\\/Webdo-Tunisie_168377.jpg\",\"contentUrl\":\"https:\\\/\\\/www.webdo.tn\\\/fr\\\/wp-content\\\/uploads\\\/2025\\\/06\\\/Webdo-Tunisie_168377.jpg\",\"width\":301,\"height\":301,\"caption\":\"Webdo\"},\"image\":{\"@id\":\"https:\\\/\\\/www.webdo.tn\\\/fr\\\/#\\\/schema\\\/logo\\\/image\\\/\"},\"sameAs\":[\"https:\\\/\\\/www.facebook.com\\\/webdotn\",\"https:\\\/\\\/x.com\\\/webdo_tn\"],\"description\":\"Webdo est un m\u00e9dia num\u00e9rique tunisien fond\u00e9 en 2010, sp\u00e9cialis\u00e9 dans l\u2019actualit\u00e9 nationale et internationale, l\u2019\u00e9conomie, la soci\u00e9t\u00e9 et les analyses politiques. Le site s\u2019adresse \u00e0 un large public francophone et couvre l\u2019information tunisienne en temps r\u00e9el.\",\"email\":\"redac@webdo.tn\",\"legalName\":\"YNJ SARL\",\"foundingDate\":\"2010-09-06\",\"numberOfEmployees\":{\"@type\":\"QuantitativeValue\",\"minValue\":\"11\",\"maxValue\":\"50\"}},{\"@type\":\"Person\",\"@id\":\"https:\\\/\\\/www.webdo.tn\\\/fr\\\/#\\\/schema\\\/person\\\/f35b42a42c5e2511bbd282959d6385cc\",\"name\":\"CL\",\"image\":{\"@type\":\"ImageObject\",\"inLanguage\":\"fr-FR\",\"@id\":\"https:\\\/\\\/secure.gravatar.com\\\/avatar\\\/1447a49909b67aa657c488aec6512e1dd6143a480c1ecfee9b5b5cd74eb3b59e?s=96&d=mm&r=g\",\"url\":\"https:\\\/\\\/secure.gravatar.com\\\/avatar\\\/1447a49909b67aa657c488aec6512e1dd6143a480c1ecfee9b5b5cd74eb3b59e?s=96&d=mm&r=g\",\"contentUrl\":\"https:\\\/\\\/secure.gravatar.com\\\/avatar\\\/1447a49909b67aa657c488aec6512e1dd6143a480c1ecfee9b5b5cd74eb3b59e?s=96&d=mm&r=g\",\"caption\":\"CL\"},\"url\":\"https:\\\/\\\/www.webdo.tn\\\/fr\\\/actualite\\\/author\\\/cl\\\/\"}]}<\/script>\n<!-- \/ Yoast SEO Premium plugin. -->","yoast_head_json":{"title":"Libye : L\u2019ambassadeur d\u00e9ment le d\u00e9c\u00e8s de trois Tunisiens","description":"Un autre Tunisien est port\u00e9 disparu.","canonical":"https:\/\/www.webdo.tn\/fr\/actualite\/national\/libye-l-ambassadeur-dement-le-deces-de-trois-tunisiens\/208677\/","og_locale":"fr_FR","og_type":"article","og_title":"Libye : L\u2019ambassadeur d\u00e9ment le d\u00e9c\u00e8s de trois Tunisiens","og_description":"Un autre Tunisien est port\u00e9 disparu.","og_url":"https:\/\/www.webdo.tn\/fr\/actualite\/national\/libye-l-ambassadeur-dement-le-deces-de-trois-tunisiens\/208677\/","og_site_name":"webdo","article_publisher":"https:\/\/www.facebook.com\/webdotn","article_published_time":"2023-09-15T10:59:00+00:00","article_modified_time":"2025-05-20T22:41:10+00:00","og_image":[{"width":750,"height":400,"url":"https:\/\/www.webdo.tn\/fr\/wp-content\/uploads\/2023\/09\/09d9444511647a90f6fd1512fc9ba192.jpeg","type":"image\/jpeg"}],"author":"CL","twitter_card":"summary_large_image","twitter_creator":"@webdo_tn","twitter_site":"@webdo_tn","twitter_misc":{"\u00c9crit par":"CL","Dur\u00e9e de lecture estim\u00e9e":"1 minute"},"schema":{"@context":"https:\/\/schema.org","@graph":[{"@type":"NewsArticle","@id":"https:\/\/www.webdo.tn\/fr\/actualite\/national\/libye-l-ambassadeur-dement-le-deces-de-trois-tunisiens\/208677\/#article","isPartOf":{"@id":"https:\/\/www.webdo.tn\/fr\/actualite\/national\/libye-l-ambassadeur-dement-le-deces-de-trois-tunisiens\/208677\/"},"author":{"name":"CL","@id":"https:\/\/www.webdo.tn\/fr\/#\/schema\/person\/f35b42a42c5e2511bbd282959d6385cc"},"headline":"Libye : L\u2019ambassadeur d\u00e9ment le d\u00e9c\u00e8s de trois Tunisiens","datePublished":"2023-09-15T10:59:00+00:00","dateModified":"2025-05-20T22:41:10+00:00","mainEntityOfPage":{"@id":"https:\/\/www.webdo.tn\/fr\/actualite\/national\/libye-l-ambassadeur-dement-le-deces-de-trois-tunisiens\/208677\/"},"wordCount":180,"commentCount":0,"publisher":{"@id":"https:\/\/www.webdo.tn\/fr\/#organization"},"image":{"@id":"https:\/\/www.webdo.tn\/fr\/actualite\/national\/libye-l-ambassadeur-dement-le-deces-de-trois-tunisiens\/208677\/#primaryimage"},"thumbnailUrl":"https:\/\/www.webdo.tn\/fr\/wp-content\/uploads\/2023\/09\/09d9444511647a90f6fd1512fc9ba192.jpeg","keywords":["Inondations","Libye","Tunisie","Tunisiens"],"articleSection":["National"],"inLanguage":"fr-FR"},{"@type":"WebPage","@id":"https:\/\/www.webdo.tn\/fr\/actualite\/national\/libye-l-ambassadeur-dement-le-deces-de-trois-tunisiens\/208677\/","url":"https:\/\/www.webdo.tn\/fr\/actualite\/national\/libye-l-ambassadeur-dement-le-deces-de-trois-tunisiens\/208677\/","name":"Libye : L\u2019ambassadeur d\u00e9ment le d\u00e9c\u00e8s de trois Tunisiens","isPartOf":{"@id":"https:\/\/www.webdo.tn\/fr\/#website"},"primaryImageOfPage":{"@id":"https:\/\/www.webdo.tn\/fr\/actualite\/national\/libye-l-ambassadeur-dement-le-deces-de-trois-tunisiens\/208677\/#primaryimage"},"image":{"@id":"https:\/\/www.webdo.tn\/fr\/actualite\/national\/libye-l-ambassadeur-dement-le-deces-de-trois-tunisiens\/208677\/#primaryimage"},"thumbnailUrl":"https:\/\/www.webdo.tn\/fr\/wp-content\/uploads\/2023\/09\/09d9444511647a90f6fd1512fc9ba192.jpeg","datePublished":"2023-09-15T10:59:00+00:00","dateModified":"2025-05-20T22:41:10+00:00","description":"Un autre Tunisien est port\u00e9 disparu.","breadcrumb":{"@id":"https:\/\/www.webdo.tn\/fr\/actualite\/national\/libye-l-ambassadeur-dement-le-deces-de-trois-tunisiens\/208677\/#breadcrumb"},"inLanguage":"fr-FR","potentialAction":[{"@type":"ReadAction","target":["https:\/\/www.webdo.tn\/fr\/actualite\/national\/libye-l-ambassadeur-dement-le-deces-de-trois-tunisiens\/208677\/"]}]},{"@type":"ImageObject","inLanguage":"fr-FR","@id":"https:\/\/www.webdo.tn\/fr\/actualite\/national\/libye-l-ambassadeur-dement-le-deces-de-trois-tunisiens\/208677\/#primaryimage","url":"https:\/\/www.webdo.tn\/fr\/wp-content\/uploads\/2023\/09\/09d9444511647a90f6fd1512fc9ba192.jpeg","contentUrl":"https:\/\/www.webdo.tn\/fr\/wp-content\/uploads\/2023\/09\/09d9444511647a90f6fd1512fc9ba192.jpeg","width":750,"height":400,"caption":"Libye : L\u2019ambassadeur d\u00e9ment le d\u00e9c\u00e8s de trois Tunisiens"},{"@type":"BreadcrumbList","@id":"https:\/\/www.webdo.tn\/fr\/actualite\/national\/libye-l-ambassadeur-dement-le-deces-de-trois-tunisiens\/208677\/#breadcrumb","itemListElement":[{"@type":"ListItem","position":1,"name":"Accueil","item":"https:\/\/www.webdo.tn\/fr\/"},{"@type":"ListItem","position":2,"name":"Libye : L\u2019ambassadeur d\u00e9ment le d\u00e9c\u00e8s de trois Tunisiens"}]},{"@type":"WebSite","@id":"https:\/\/www.webdo.tn\/fr\/#website","url":"https:\/\/www.webdo.tn\/fr\/","name":"webdo","description":"Tunisie - News en Tunisie et \u00e0 l&#039;international sur Webdo.tn","publisher":{"@id":"https:\/\/www.webdo.tn\/fr\/#organization"},"potentialAction":[{"@type":"SearchAction","target":{"@type":"EntryPoint","urlTemplate":"https:\/\/www.webdo.tn\/fr\/?s={search_term_string}"},"query-input":{"@type":"PropertyValueSpecification","valueRequired":true,"valueName":"search_term_string"}}],"inLanguage":"fr-FR"},{"@type":"Organization","@id":"https:\/\/www.webdo.tn\/fr\/#organization","name":"Webdo","alternateName":"Webdo.tn","url":"https:\/\/www.webdo.tn\/fr\/","logo":{"@type":"ImageObject","inLanguage":"fr-FR","@id":"https:\/\/www.webdo.tn\/fr\/#\/schema\/logo\/image\/","url":"https:\/\/www.webdo.tn\/fr\/wp-content\/uploads\/2025\/06\/Webdo-Tunisie_168377.jpg","contentUrl":"https:\/\/www.webdo.tn\/fr\/wp-content\/uploads\/2025\/06\/Webdo-Tunisie_168377.jpg","width":301,"height":301,"caption":"Webdo"},"image":{"@id":"https:\/\/www.webdo.tn\/fr\/#\/schema\/logo\/image\/"},"sameAs":["https:\/\/www.facebook.com\/webdotn","https:\/\/x.com\/webdo_tn"],"description":"Webdo est un m\u00e9dia num\u00e9rique tunisien fond\u00e9 en 2010, sp\u00e9cialis\u00e9 dans l\u2019actualit\u00e9 nationale et internationale, l\u2019\u00e9conomie, la soci\u00e9t\u00e9 et les analyses politiques. Le site s\u2019adresse \u00e0 un large public francophone et couvre l\u2019information tunisienne en temps r\u00e9el.","email":"redac@webdo.tn","legalName":"YNJ SARL","foundingDate":"2010-09-06","numberOfEmployees":{"@type":"QuantitativeValue","minValue":"11","maxValue":"50"}},{"@type":"Person","@id":"https:\/\/www.webdo.tn\/fr\/#\/schema\/person\/f35b42a42c5e2511bbd282959d6385cc","name":"CL","image":{"@type":"ImageObject","inLanguage":"fr-FR","@id":"https:\/\/secure.gravatar.com\/avatar\/1447a49909b67aa657c488aec6512e1dd6143a480c1ecfee9b5b5cd74eb3b59e?s=96&d=mm&r=g","url":"https:\/\/secure.gravatar.com\/avatar\/1447a49909b67aa657c488aec6512e1dd6143a480c1ecfee9b5b5cd74eb3b59e?s=96&d=mm&r=g","contentUrl":"https:\/\/secure.gravatar.com\/avatar\/1447a49909b67aa657c488aec6512e1dd6143a480c1ecfee9b5b5cd74eb3b59e?s=96&d=mm&r=g","caption":"CL"},"url":"https:\/\/www.webdo.tn\/fr\/actualite\/author\/cl\/"}]}},"_links":{"self":[{"href":"https:\/\/www.webdo.tn\/fr\/wp-json\/wp\/v2\/posts\/208677","targetHints":{"allow":["GET"]}}],"collection":[{"href":"https:\/\/www.webdo.tn\/fr\/wp-json\/wp\/v2\/posts"}],"about":[{"href":"https:\/\/www.webdo.tn\/fr\/wp-json\/wp\/v2\/types\/post"}],"author":[{"embeddable":true,"href":"https:\/\/www.webdo.tn\/fr\/wp-json\/wp\/v2\/users\/3175"}],"replies":[{"embeddable":true,"href":"https:\/\/www.webdo.tn\/fr\/wp-json\/wp\/v2\/comments?post=208677"}],"version-history":[{"count":0,"href":"https:\/\/www.webdo.tn\/fr\/wp-json\/wp\/v2\/posts\/208677\/revisions"}],"wp:featuredmedia":[{"embeddable":true,"href":"https:\/\/www.webdo.tn\/fr\/wp-json\/wp\/v2\/media\/249313"}],"wp:attachment":[{"href":"https:\/\/www.webdo.tn\/fr\/wp-json\/wp\/v2\/media?parent=208677"}],"wp:term":[{"taxonomy":"category","embeddable":true,"href":"https:\/\/www.webdo.tn\/fr\/wp-json\/wp\/v2\/categories?post=208677"},{"taxonomy":"post_tag","embeddable":true,"href":"https:\/\/www.webdo.tn\/fr\/wp-json\/wp\/v2\/tags?post=208677"}],"curies":[{"name":"wp","href":"https:\/\/api.w.org\/{rel}","templated":true}]}}