{"id":208651,"date":"2023-09-14T12:18:00","date_gmt":"2023-09-14T12:18:00","guid":{"rendered":"https:\/\/www.webdo.tn\/fr\/blog\/interdite-d-entree-en-tunisie-une-delegation-du-parlement-europeen-condamne\/208651\/"},"modified":"2025-05-20T22:10:00","modified_gmt":"2025-05-20T22:10:00","slug":"interdite-d-entree-en-tunisie-une-delegation-du-parlement-europeen-condamne","status":"publish","type":"post","link":"https:\/\/www.webdo.tn\/fr\/actualite\/national\/interdite-d-entree-en-tunisie-une-delegation-du-parlement-europeen-condamne\/208651\/","title":{"rendered":"La d\u00e9l\u00e9gation du Parlement europ\u00e9en r\u00e9agit \u00e0 son interdiction d&rsquo;entr\u00e9e en Tunisie"},"content":{"rendered":"<p>Une d\u00e9l\u00e9gation de la Commission des Affaires \u00e9trang\u00e8res du Parlement europ\u00e9en \u00e9tait attendue aujourd\u2019hui \u00e0 Tunis pour une visite de travail de deux jours, afin de faire le point apr\u00e8s la signature \u00e0 la mi-juillet entre l&rsquo;UE et la Tunisie d&rsquo;un accord sur les flux migratoires.<\/p>\n<p>\t\t\t\t\t\t\t\t\tCinq d\u00e9put\u00e9s de ladite commission &#8211; Michael Gahler, Dietmar K\u00f6ster, Salima Yenbou, Mounir Satouri et Emmanuel Maurel, &#8211; devaient rencontrer des membres de la soci\u00e9t\u00e9 civile, des syndicalistes et des repr\u00e9sentants de l&rsquo;opposition tunisienne. Mais cette d\u00e9l\u00e9gation \u00e9tait aussi \u00e0 Tunis \u00ab\u00a0pour mieux se rendre compte de la situation politique actuelle\u00a0\u00bb.<\/p>\n<p>Les autorit\u00e9s tunisiennes ont adress\u00e9 une lettre aux cinq d\u00e9put\u00e9s dans laquelle elles les informent qu&rsquo;ils ne seront \u00ab\u00a0pas autoris\u00e9s \u00e0 entrer sur le territoire national\u00a0\u00bb.<\/p>\n<p>La d\u00e9l\u00e9gation de d\u00e9put\u00e9s de l&rsquo;Union europ\u00e9enne a condamn\u00e9, dans un communiqu\u00e9 publi\u00e9 ce jeudi 14 septembre,\u00a0 cette d\u00e9cision d&rsquo;interdiction d&rsquo;entr\u00e9e sur le territoire tunisien et a appel\u00e9\u00a0 \u00e0 une explication d\u00e9taill\u00e9e.<\/p>\n<p>La d\u00e9l\u00e9gation de la Commission des Affaires \u00e9trang\u00e8res du Parlement se rendant en Tunisie a condamn\u00e9, dans un communiqu\u00e9 publi\u00e9 ce jeudi 14 septembre,\u00a0 cette d\u00e9cision d&rsquo;interdiction d&rsquo;entr\u00e9e sur le territoire tunisien et a publi\u00e9 la d\u00e9claration suivante :<\/p>\n<p>\u00ab\u00a0Nous condamnons la d\u00e9cision des autorit\u00e9s tunisiennes de refuser l&rsquo;entr\u00e9e \u00e0 la d\u00e9l\u00e9gation de la commission des affaires \u00e9trang\u00e8res du Parlement europ\u00e9en et exigeons une explication d\u00e9taill\u00e9e. Cette conduite est sans pr\u00e9c\u00e9dent depuis la r\u00e9volution d\u00e9mocratique de 2011.<\/p>\n<p>Nous restons pr\u00eats et soulignons l&rsquo;importance du dialogue, y compris sur les questions critiques. Nous rappelons que ce Parlement a toujours approuv\u00e9 le programme de coop\u00e9ration global, notamment le renforcement de la d\u00e9mocratie et le soutien financier, comme convenu dans l&rsquo;Accord d&rsquo;association UE-Tunisie.<\/p>\n<p>Nous restons convaincus, comme l&rsquo;exige l&rsquo;UE depuis juillet 2021, que la situation \u00e9conomique et sociale d\u00e9sastreuse en Tunisie, encore aggrav\u00e9e par la crise humanitaire, n\u00e9cessite de toute urgence un dialogue national global sans lequel les perspectives d&rsquo;un d\u00e9veloppement politique et \u00e9conomique stable en Tunisie restent incertaines.\u00a0\u00bb<\/p>\n","protected":false},"excerpt":{"rendered":"<p>Une d\u00e9l\u00e9gation de la Commission des Affaires \u00e9trang\u00e8res du Parlement europ\u00e9en \u00e9tait attendue aujourd\u2019hui \u00e0 Tunis. Elle a condamn\u00e9 l&rsquo;interdiction des autorit\u00e9s t&#8230;<\/p>\n","protected":false},"author":3162,"featured_media":278728,"comment_status":"open","ping_status":"closed","sticky":false,"template":"","format":"standard","meta":{"footnotes":""},"categories":[44],"tags":[2835,9716,4338,9718],"class_list":["post-208651","post","type-post","status-publish","format-standard","has-post-thumbnail","hentry","category-national","tag-condamnation","tag-deputes-europeens","tag-interdiction","tag-parlement-ue"],"yoast_head":"<!-- This site is optimized with the Yoast SEO Premium plugin v27.4 (Yoast SEO v27.5) - https:\/\/yoast.com\/product\/yoast-seo-premium-wordpress\/ -->\n<title>La d\u00e9l\u00e9gation du Parlement europ\u00e9en r\u00e9agit \u00e0 son interdiction d&#039;entr\u00e9e en Tunisie<\/title>\n<meta name=\"description\" content=\"Une d\u00e9l\u00e9gation de la Commission des Affaires \u00e9trang\u00e8res du Parlement europ\u00e9en \u00e9tait attendue aujourd\u2019hui \u00e0 Tunis. Elle a condamn\u00e9 l&#039;interdiction des autorit\u00e9s t...\" \/>\n<link rel=\"canonical\" href=\"https:\/\/www.webdo.tn\/fr\/actualite\/national\/interdite-d-entree-en-tunisie-une-delegation-du-parlement-europeen-condamne\/208651\/\" \/>\n<meta property=\"og:locale\" content=\"fr_FR\" \/>\n<meta property=\"og:type\" content=\"article\" \/>\n<meta property=\"og:title\" content=\"La d\u00e9l\u00e9gation du Parlement europ\u00e9en r\u00e9agit \u00e0 son interdiction d&#039;entr\u00e9e en Tunisie\" \/>\n<meta property=\"og:description\" content=\"Une d\u00e9l\u00e9gation de la Commission des Affaires \u00e9trang\u00e8res du Parlement europ\u00e9en \u00e9tait attendue aujourd\u2019hui \u00e0 Tunis. Elle a condamn\u00e9 l&#039;interdiction des autorit\u00e9s t...\" \/>\n<meta property=\"og:url\" content=\"https:\/\/www.webdo.tn\/fr\/actualite\/national\/interdite-d-entree-en-tunisie-une-delegation-du-parlement-europeen-condamne\/208651\/\" \/>\n<meta property=\"og:site_name\" content=\"webdo\" \/>\n<meta property=\"article:publisher\" content=\"https:\/\/www.facebook.com\/webdotn\" \/>\n<meta property=\"article:published_time\" content=\"2023-09-14T12:18:00+00:00\" \/>\n<meta property=\"article:modified_time\" content=\"2025-05-20T22:10:00+00:00\" \/>\n<meta property=\"og:image\" content=\"https:\/\/www.webdo.tn\/fr\/wp-content\/uploads\/2023\/09\/f5757075e518943372a170ca98c23176.jpg\" \/>\n\t<meta property=\"og:image:width\" content=\"750\" \/>\n\t<meta property=\"og:image:height\" content=\"400\" \/>\n\t<meta property=\"og:image:type\" content=\"image\/jpeg\" \/>\n<meta name=\"author\" content=\"MC\" \/>\n<meta name=\"twitter:card\" content=\"summary_large_image\" \/>\n<meta name=\"twitter:creator\" content=\"@webdo_tn\" \/>\n<meta name=\"twitter:site\" content=\"@webdo_tn\" \/>\n<meta name=\"twitter:label1\" content=\"\u00c9crit par\" \/>\n\t<meta name=\"twitter:data1\" content=\"MC\" \/>\n\t<meta name=\"twitter:label2\" content=\"Dur\u00e9e de lecture estim\u00e9e\" \/>\n\t<meta name=\"twitter:data2\" content=\"2 minutes\" \/>\n<script type=\"application\/ld+json\" class=\"yoast-schema-graph\">{\"@context\":\"https:\\\/\\\/schema.org\",\"@graph\":[{\"@type\":\"NewsArticle\",\"@id\":\"https:\\\/\\\/www.webdo.tn\\\/fr\\\/actualite\\\/national\\\/interdite-d-entree-en-tunisie-une-delegation-du-parlement-europeen-condamne\\\/208651\\\/#article\",\"isPartOf\":{\"@id\":\"https:\\\/\\\/www.webdo.tn\\\/fr\\\/actualite\\\/national\\\/interdite-d-entree-en-tunisie-une-delegation-du-parlement-europeen-condamne\\\/208651\\\/\"},\"author\":{\"name\":\"MC\",\"@id\":\"https:\\\/\\\/www.webdo.tn\\\/fr\\\/#\\\/schema\\\/person\\\/2c4929cbf5a809e3bd38617c6ce150f6\"},\"headline\":\"La d\u00e9l\u00e9gation du Parlement europ\u00e9en r\u00e9agit \u00e0 son interdiction d&rsquo;entr\u00e9e en Tunisie\",\"datePublished\":\"2023-09-14T12:18:00+00:00\",\"dateModified\":\"2025-05-20T22:10:00+00:00\",\"mainEntityOfPage\":{\"@id\":\"https:\\\/\\\/www.webdo.tn\\\/fr\\\/actualite\\\/national\\\/interdite-d-entree-en-tunisie-une-delegation-du-parlement-europeen-condamne\\\/208651\\\/\"},\"wordCount\":395,\"commentCount\":0,\"publisher\":{\"@id\":\"https:\\\/\\\/www.webdo.tn\\\/fr\\\/#organization\"},\"image\":{\"@id\":\"https:\\\/\\\/www.webdo.tn\\\/fr\\\/actualite\\\/national\\\/interdite-d-entree-en-tunisie-une-delegation-du-parlement-europeen-condamne\\\/208651\\\/#primaryimage\"},\"thumbnailUrl\":\"https:\\\/\\\/www.webdo.tn\\\/fr\\\/wp-content\\\/uploads\\\/2023\\\/09\\\/f5757075e518943372a170ca98c23176.jpg\",\"keywords\":[\"condamnation\",\"d\u00e9put\u00e9s europ\u00e9ens\",\"interdiction\",\"parlement ue\"],\"articleSection\":[\"National\"],\"inLanguage\":\"fr-FR\"},{\"@type\":\"WebPage\",\"@id\":\"https:\\\/\\\/www.webdo.tn\\\/fr\\\/actualite\\\/national\\\/interdite-d-entree-en-tunisie-une-delegation-du-parlement-europeen-condamne\\\/208651\\\/\",\"url\":\"https:\\\/\\\/www.webdo.tn\\\/fr\\\/actualite\\\/national\\\/interdite-d-entree-en-tunisie-une-delegation-du-parlement-europeen-condamne\\\/208651\\\/\",\"name\":\"La d\u00e9l\u00e9gation du Parlement europ\u00e9en r\u00e9agit \u00e0 son interdiction d'entr\u00e9e en Tunisie\",\"isPartOf\":{\"@id\":\"https:\\\/\\\/www.webdo.tn\\\/fr\\\/#website\"},\"primaryImageOfPage\":{\"@id\":\"https:\\\/\\\/www.webdo.tn\\\/fr\\\/actualite\\\/national\\\/interdite-d-entree-en-tunisie-une-delegation-du-parlement-europeen-condamne\\\/208651\\\/#primaryimage\"},\"image\":{\"@id\":\"https:\\\/\\\/www.webdo.tn\\\/fr\\\/actualite\\\/national\\\/interdite-d-entree-en-tunisie-une-delegation-du-parlement-europeen-condamne\\\/208651\\\/#primaryimage\"},\"thumbnailUrl\":\"https:\\\/\\\/www.webdo.tn\\\/fr\\\/wp-content\\\/uploads\\\/2023\\\/09\\\/f5757075e518943372a170ca98c23176.jpg\",\"datePublished\":\"2023-09-14T12:18:00+00:00\",\"dateModified\":\"2025-05-20T22:10:00+00:00\",\"description\":\"Une d\u00e9l\u00e9gation de la Commission des Affaires \u00e9trang\u00e8res du Parlement europ\u00e9en \u00e9tait attendue aujourd\u2019hui \u00e0 Tunis. Elle a condamn\u00e9 l'interdiction des autorit\u00e9s t...\",\"breadcrumb\":{\"@id\":\"https:\\\/\\\/www.webdo.tn\\\/fr\\\/actualite\\\/national\\\/interdite-d-entree-en-tunisie-une-delegation-du-parlement-europeen-condamne\\\/208651\\\/#breadcrumb\"},\"inLanguage\":\"fr-FR\",\"potentialAction\":[{\"@type\":\"ReadAction\",\"target\":[\"https:\\\/\\\/www.webdo.tn\\\/fr\\\/actualite\\\/national\\\/interdite-d-entree-en-tunisie-une-delegation-du-parlement-europeen-condamne\\\/208651\\\/\"]}]},{\"@type\":\"ImageObject\",\"inLanguage\":\"fr-FR\",\"@id\":\"https:\\\/\\\/www.webdo.tn\\\/fr\\\/actualite\\\/national\\\/interdite-d-entree-en-tunisie-une-delegation-du-parlement-europeen-condamne\\\/208651\\\/#primaryimage\",\"url\":\"https:\\\/\\\/www.webdo.tn\\\/fr\\\/wp-content\\\/uploads\\\/2023\\\/09\\\/f5757075e518943372a170ca98c23176.jpg\",\"contentUrl\":\"https:\\\/\\\/www.webdo.tn\\\/fr\\\/wp-content\\\/uploads\\\/2023\\\/09\\\/f5757075e518943372a170ca98c23176.jpg\",\"width\":750,\"height\":400,\"caption\":\"La d\u00e9l\u00e9gation du Parlement europ\u00e9en r\u00e9agit \u00e0 son interdiction d'entr\u00e9e en Tunisie\"},{\"@type\":\"BreadcrumbList\",\"@id\":\"https:\\\/\\\/www.webdo.tn\\\/fr\\\/actualite\\\/national\\\/interdite-d-entree-en-tunisie-une-delegation-du-parlement-europeen-condamne\\\/208651\\\/#breadcrumb\",\"itemListElement\":[{\"@type\":\"ListItem\",\"position\":1,\"name\":\"Accueil\",\"item\":\"https:\\\/\\\/www.webdo.tn\\\/fr\\\/\"},{\"@type\":\"ListItem\",\"position\":2,\"name\":\"La d\u00e9l\u00e9gation du Parlement europ\u00e9en r\u00e9agit \u00e0 son interdiction d&rsquo;entr\u00e9e en Tunisie\"}]},{\"@type\":\"WebSite\",\"@id\":\"https:\\\/\\\/www.webdo.tn\\\/fr\\\/#website\",\"url\":\"https:\\\/\\\/www.webdo.tn\\\/fr\\\/\",\"name\":\"webdo\",\"description\":\"Tunisie - News en Tunisie et \u00e0 l&#039;international sur Webdo.tn\",\"publisher\":{\"@id\":\"https:\\\/\\\/www.webdo.tn\\\/fr\\\/#organization\"},\"potentialAction\":[{\"@type\":\"SearchAction\",\"target\":{\"@type\":\"EntryPoint\",\"urlTemplate\":\"https:\\\/\\\/www.webdo.tn\\\/fr\\\/?s={search_term_string}\"},\"query-input\":{\"@type\":\"PropertyValueSpecification\",\"valueRequired\":true,\"valueName\":\"search_term_string\"}}],\"inLanguage\":\"fr-FR\"},{\"@type\":\"Organization\",\"@id\":\"https:\\\/\\\/www.webdo.tn\\\/fr\\\/#organization\",\"name\":\"Webdo\",\"alternateName\":\"Webdo.tn\",\"url\":\"https:\\\/\\\/www.webdo.tn\\\/fr\\\/\",\"logo\":{\"@type\":\"ImageObject\",\"inLanguage\":\"fr-FR\",\"@id\":\"https:\\\/\\\/www.webdo.tn\\\/fr\\\/#\\\/schema\\\/logo\\\/image\\\/\",\"url\":\"https:\\\/\\\/www.webdo.tn\\\/fr\\\/wp-content\\\/uploads\\\/2025\\\/06\\\/Webdo-Tunisie_168377.jpg\",\"contentUrl\":\"https:\\\/\\\/www.webdo.tn\\\/fr\\\/wp-content\\\/uploads\\\/2025\\\/06\\\/Webdo-Tunisie_168377.jpg\",\"width\":301,\"height\":301,\"caption\":\"Webdo\"},\"image\":{\"@id\":\"https:\\\/\\\/www.webdo.tn\\\/fr\\\/#\\\/schema\\\/logo\\\/image\\\/\"},\"sameAs\":[\"https:\\\/\\\/www.facebook.com\\\/webdotn\",\"https:\\\/\\\/x.com\\\/webdo_tn\"],\"description\":\"Webdo est un m\u00e9dia num\u00e9rique tunisien fond\u00e9 en 2010, sp\u00e9cialis\u00e9 dans l\u2019actualit\u00e9 nationale et internationale, l\u2019\u00e9conomie, la soci\u00e9t\u00e9 et les analyses politiques. Le site s\u2019adresse \u00e0 un large public francophone et couvre l\u2019information tunisienne en temps r\u00e9el.\",\"email\":\"redac@webdo.tn\",\"legalName\":\"YNJ SARL\",\"foundingDate\":\"2010-09-06\",\"numberOfEmployees\":{\"@type\":\"QuantitativeValue\",\"minValue\":\"11\",\"maxValue\":\"50\"}},{\"@type\":\"Person\",\"@id\":\"https:\\\/\\\/www.webdo.tn\\\/fr\\\/#\\\/schema\\\/person\\\/2c4929cbf5a809e3bd38617c6ce150f6\",\"name\":\"MC\",\"image\":{\"@type\":\"ImageObject\",\"inLanguage\":\"fr-FR\",\"@id\":\"https:\\\/\\\/secure.gravatar.com\\\/avatar\\\/a545bbb6f84efdd5553dbbc2895e3ca8f1d12c5215e00a041c9670b54aa9b18a?s=96&d=mm&r=g\",\"url\":\"https:\\\/\\\/secure.gravatar.com\\\/avatar\\\/a545bbb6f84efdd5553dbbc2895e3ca8f1d12c5215e00a041c9670b54aa9b18a?s=96&d=mm&r=g\",\"contentUrl\":\"https:\\\/\\\/secure.gravatar.com\\\/avatar\\\/a545bbb6f84efdd5553dbbc2895e3ca8f1d12c5215e00a041c9670b54aa9b18a?s=96&d=mm&r=g\",\"caption\":\"MC\"},\"url\":\"https:\\\/\\\/www.webdo.tn\\\/fr\\\/actualite\\\/author\\\/mc\\\/\"}]}<\/script>\n<!-- \/ Yoast SEO Premium plugin. -->","yoast_head_json":{"title":"La d\u00e9l\u00e9gation du Parlement europ\u00e9en r\u00e9agit \u00e0 son interdiction d'entr\u00e9e en Tunisie","description":"Une d\u00e9l\u00e9gation de la Commission des Affaires \u00e9trang\u00e8res du Parlement europ\u00e9en \u00e9tait attendue aujourd\u2019hui \u00e0 Tunis. Elle a condamn\u00e9 l'interdiction des autorit\u00e9s t...","canonical":"https:\/\/www.webdo.tn\/fr\/actualite\/national\/interdite-d-entree-en-tunisie-une-delegation-du-parlement-europeen-condamne\/208651\/","og_locale":"fr_FR","og_type":"article","og_title":"La d\u00e9l\u00e9gation du Parlement europ\u00e9en r\u00e9agit \u00e0 son interdiction d'entr\u00e9e en Tunisie","og_description":"Une d\u00e9l\u00e9gation de la Commission des Affaires \u00e9trang\u00e8res du Parlement europ\u00e9en \u00e9tait attendue aujourd\u2019hui \u00e0 Tunis. Elle a condamn\u00e9 l'interdiction des autorit\u00e9s t...","og_url":"https:\/\/www.webdo.tn\/fr\/actualite\/national\/interdite-d-entree-en-tunisie-une-delegation-du-parlement-europeen-condamne\/208651\/","og_site_name":"webdo","article_publisher":"https:\/\/www.facebook.com\/webdotn","article_published_time":"2023-09-14T12:18:00+00:00","article_modified_time":"2025-05-20T22:10:00+00:00","og_image":[{"width":750,"height":400,"url":"https:\/\/www.webdo.tn\/fr\/wp-content\/uploads\/2023\/09\/f5757075e518943372a170ca98c23176.jpg","type":"image\/jpeg"}],"author":"MC","twitter_card":"summary_large_image","twitter_creator":"@webdo_tn","twitter_site":"@webdo_tn","twitter_misc":{"\u00c9crit par":"MC","Dur\u00e9e de lecture estim\u00e9e":"2 minutes"},"schema":{"@context":"https:\/\/schema.org","@graph":[{"@type":"NewsArticle","@id":"https:\/\/www.webdo.tn\/fr\/actualite\/national\/interdite-d-entree-en-tunisie-une-delegation-du-parlement-europeen-condamne\/208651\/#article","isPartOf":{"@id":"https:\/\/www.webdo.tn\/fr\/actualite\/national\/interdite-d-entree-en-tunisie-une-delegation-du-parlement-europeen-condamne\/208651\/"},"author":{"name":"MC","@id":"https:\/\/www.webdo.tn\/fr\/#\/schema\/person\/2c4929cbf5a809e3bd38617c6ce150f6"},"headline":"La d\u00e9l\u00e9gation du Parlement europ\u00e9en r\u00e9agit \u00e0 son interdiction d&rsquo;entr\u00e9e en Tunisie","datePublished":"2023-09-14T12:18:00+00:00","dateModified":"2025-05-20T22:10:00+00:00","mainEntityOfPage":{"@id":"https:\/\/www.webdo.tn\/fr\/actualite\/national\/interdite-d-entree-en-tunisie-une-delegation-du-parlement-europeen-condamne\/208651\/"},"wordCount":395,"commentCount":0,"publisher":{"@id":"https:\/\/www.webdo.tn\/fr\/#organization"},"image":{"@id":"https:\/\/www.webdo.tn\/fr\/actualite\/national\/interdite-d-entree-en-tunisie-une-delegation-du-parlement-europeen-condamne\/208651\/#primaryimage"},"thumbnailUrl":"https:\/\/www.webdo.tn\/fr\/wp-content\/uploads\/2023\/09\/f5757075e518943372a170ca98c23176.jpg","keywords":["condamnation","d\u00e9put\u00e9s europ\u00e9ens","interdiction","parlement ue"],"articleSection":["National"],"inLanguage":"fr-FR"},{"@type":"WebPage","@id":"https:\/\/www.webdo.tn\/fr\/actualite\/national\/interdite-d-entree-en-tunisie-une-delegation-du-parlement-europeen-condamne\/208651\/","url":"https:\/\/www.webdo.tn\/fr\/actualite\/national\/interdite-d-entree-en-tunisie-une-delegation-du-parlement-europeen-condamne\/208651\/","name":"La d\u00e9l\u00e9gation du Parlement europ\u00e9en r\u00e9agit \u00e0 son interdiction d'entr\u00e9e en Tunisie","isPartOf":{"@id":"https:\/\/www.webdo.tn\/fr\/#website"},"primaryImageOfPage":{"@id":"https:\/\/www.webdo.tn\/fr\/actualite\/national\/interdite-d-entree-en-tunisie-une-delegation-du-parlement-europeen-condamne\/208651\/#primaryimage"},"image":{"@id":"https:\/\/www.webdo.tn\/fr\/actualite\/national\/interdite-d-entree-en-tunisie-une-delegation-du-parlement-europeen-condamne\/208651\/#primaryimage"},"thumbnailUrl":"https:\/\/www.webdo.tn\/fr\/wp-content\/uploads\/2023\/09\/f5757075e518943372a170ca98c23176.jpg","datePublished":"2023-09-14T12:18:00+00:00","dateModified":"2025-05-20T22:10:00+00:00","description":"Une d\u00e9l\u00e9gation de la Commission des Affaires \u00e9trang\u00e8res du Parlement europ\u00e9en \u00e9tait attendue aujourd\u2019hui \u00e0 Tunis. Elle a condamn\u00e9 l'interdiction des autorit\u00e9s t...","breadcrumb":{"@id":"https:\/\/www.webdo.tn\/fr\/actualite\/national\/interdite-d-entree-en-tunisie-une-delegation-du-parlement-europeen-condamne\/208651\/#breadcrumb"},"inLanguage":"fr-FR","potentialAction":[{"@type":"ReadAction","target":["https:\/\/www.webdo.tn\/fr\/actualite\/national\/interdite-d-entree-en-tunisie-une-delegation-du-parlement-europeen-condamne\/208651\/"]}]},{"@type":"ImageObject","inLanguage":"fr-FR","@id":"https:\/\/www.webdo.tn\/fr\/actualite\/national\/interdite-d-entree-en-tunisie-une-delegation-du-parlement-europeen-condamne\/208651\/#primaryimage","url":"https:\/\/www.webdo.tn\/fr\/wp-content\/uploads\/2023\/09\/f5757075e518943372a170ca98c23176.jpg","contentUrl":"https:\/\/www.webdo.tn\/fr\/wp-content\/uploads\/2023\/09\/f5757075e518943372a170ca98c23176.jpg","width":750,"height":400,"caption":"La d\u00e9l\u00e9gation du Parlement europ\u00e9en r\u00e9agit \u00e0 son interdiction d'entr\u00e9e en Tunisie"},{"@type":"BreadcrumbList","@id":"https:\/\/www.webdo.tn\/fr\/actualite\/national\/interdite-d-entree-en-tunisie-une-delegation-du-parlement-europeen-condamne\/208651\/#breadcrumb","itemListElement":[{"@type":"ListItem","position":1,"name":"Accueil","item":"https:\/\/www.webdo.tn\/fr\/"},{"@type":"ListItem","position":2,"name":"La d\u00e9l\u00e9gation du Parlement europ\u00e9en r\u00e9agit \u00e0 son interdiction d&rsquo;entr\u00e9e en Tunisie"}]},{"@type":"WebSite","@id":"https:\/\/www.webdo.tn\/fr\/#website","url":"https:\/\/www.webdo.tn\/fr\/","name":"webdo","description":"Tunisie - News en Tunisie et \u00e0 l&#039;international sur Webdo.tn","publisher":{"@id":"https:\/\/www.webdo.tn\/fr\/#organization"},"potentialAction":[{"@type":"SearchAction","target":{"@type":"EntryPoint","urlTemplate":"https:\/\/www.webdo.tn\/fr\/?s={search_term_string}"},"query-input":{"@type":"PropertyValueSpecification","valueRequired":true,"valueName":"search_term_string"}}],"inLanguage":"fr-FR"},{"@type":"Organization","@id":"https:\/\/www.webdo.tn\/fr\/#organization","name":"Webdo","alternateName":"Webdo.tn","url":"https:\/\/www.webdo.tn\/fr\/","logo":{"@type":"ImageObject","inLanguage":"fr-FR","@id":"https:\/\/www.webdo.tn\/fr\/#\/schema\/logo\/image\/","url":"https:\/\/www.webdo.tn\/fr\/wp-content\/uploads\/2025\/06\/Webdo-Tunisie_168377.jpg","contentUrl":"https:\/\/www.webdo.tn\/fr\/wp-content\/uploads\/2025\/06\/Webdo-Tunisie_168377.jpg","width":301,"height":301,"caption":"Webdo"},"image":{"@id":"https:\/\/www.webdo.tn\/fr\/#\/schema\/logo\/image\/"},"sameAs":["https:\/\/www.facebook.com\/webdotn","https:\/\/x.com\/webdo_tn"],"description":"Webdo est un m\u00e9dia num\u00e9rique tunisien fond\u00e9 en 2010, sp\u00e9cialis\u00e9 dans l\u2019actualit\u00e9 nationale et internationale, l\u2019\u00e9conomie, la soci\u00e9t\u00e9 et les analyses politiques. Le site s\u2019adresse \u00e0 un large public francophone et couvre l\u2019information tunisienne en temps r\u00e9el.","email":"redac@webdo.tn","legalName":"YNJ SARL","foundingDate":"2010-09-06","numberOfEmployees":{"@type":"QuantitativeValue","minValue":"11","maxValue":"50"}},{"@type":"Person","@id":"https:\/\/www.webdo.tn\/fr\/#\/schema\/person\/2c4929cbf5a809e3bd38617c6ce150f6","name":"MC","image":{"@type":"ImageObject","inLanguage":"fr-FR","@id":"https:\/\/secure.gravatar.com\/avatar\/a545bbb6f84efdd5553dbbc2895e3ca8f1d12c5215e00a041c9670b54aa9b18a?s=96&d=mm&r=g","url":"https:\/\/secure.gravatar.com\/avatar\/a545bbb6f84efdd5553dbbc2895e3ca8f1d12c5215e00a041c9670b54aa9b18a?s=96&d=mm&r=g","contentUrl":"https:\/\/secure.gravatar.com\/avatar\/a545bbb6f84efdd5553dbbc2895e3ca8f1d12c5215e00a041c9670b54aa9b18a?s=96&d=mm&r=g","caption":"MC"},"url":"https:\/\/www.webdo.tn\/fr\/actualite\/author\/mc\/"}]}},"_links":{"self":[{"href":"https:\/\/www.webdo.tn\/fr\/wp-json\/wp\/v2\/posts\/208651","targetHints":{"allow":["GET"]}}],"collection":[{"href":"https:\/\/www.webdo.tn\/fr\/wp-json\/wp\/v2\/posts"}],"about":[{"href":"https:\/\/www.webdo.tn\/fr\/wp-json\/wp\/v2\/types\/post"}],"author":[{"embeddable":true,"href":"https:\/\/www.webdo.tn\/fr\/wp-json\/wp\/v2\/users\/3162"}],"replies":[{"embeddable":true,"href":"https:\/\/www.webdo.tn\/fr\/wp-json\/wp\/v2\/comments?post=208651"}],"version-history":[{"count":0,"href":"https:\/\/www.webdo.tn\/fr\/wp-json\/wp\/v2\/posts\/208651\/revisions"}],"wp:featuredmedia":[{"embeddable":true,"href":"https:\/\/www.webdo.tn\/fr\/wp-json\/wp\/v2\/media\/278728"}],"wp:attachment":[{"href":"https:\/\/www.webdo.tn\/fr\/wp-json\/wp\/v2\/media?parent=208651"}],"wp:term":[{"taxonomy":"category","embeddable":true,"href":"https:\/\/www.webdo.tn\/fr\/wp-json\/wp\/v2\/categories?post=208651"},{"taxonomy":"post_tag","embeddable":true,"href":"https:\/\/www.webdo.tn\/fr\/wp-json\/wp\/v2\/tags?post=208651"}],"curies":[{"name":"wp","href":"https:\/\/api.w.org\/{rel}","templated":true}]}}