{"id":208645,"date":"2023-09-14T07:36:00","date_gmt":"2023-09-14T07:36:00","guid":{"rendered":"https:\/\/www.webdo.tn\/fr\/blog\/tunisie-ces-huit-pages-facebook-dans-le-collimateur-de-la-justice\/208645\/"},"modified":"2025-05-20T22:51:47","modified_gmt":"2025-05-20T22:51:47","slug":"tunisie-ces-huit-pages-facebook-dans-le-collimateur-de-la-justice","status":"publish","type":"post","link":"https:\/\/www.webdo.tn\/fr\/actualite\/national\/tunisie-ces-huit-pages-facebook-dans-le-collimateur-de-la-justice\/208645\/","title":{"rendered":"Tunisie : Ces huit pages Facebook dans le collimateur de la justice"},"content":{"rendered":"<p>Huit sites web et pages \u00e9lectroniques font l&rsquo;objet de poursuites p\u00e9nales lanc\u00e9es par le parquet, a fait savoir le porte-parole officiel de la Cour d&rsquo;appel de Tunis, Habib Torkhani, ajoutant que cette mesure a \u00e9t\u00e9 d\u00e9cr\u00e9t\u00e9e conform\u00e9ment au communiqu\u00e9 conjoint des d\u00e9partements de l&rsquo;Int\u00e9rieur, de la Justice et des Technologies de communication en date du 23 ao\u00fbt dernier.<\/p>\n<p>Dans une d\u00e9claration \u00e0 l\u2019agence TAP, mercredi, Torkhani a r\u00e9v\u00e9l\u00e9 la liste des sites web ainsi que des pages \u00e9lectroniques vis\u00e9es par ces poursuites p\u00e9nales.Il s\u2019agit, aux dires du porte-parole, des pages \u00a0\u00bb Sayeb Salah\u00a0\u00bb, \u00a0\u00bb Haykal Dkheel \u00ab\u00a0, \u00a0\u00bb Politiket \u00ab\u00a0, \u00a0\u00bb Kahwaji Dakhiliyya\u00a0\u00bb, \u00a0\u00bb Khahwaji FM \u00a0\u00bb et \u00a0\u00bb Al mared Tounsi pour la purge du minist\u00e8re de l&rsquo;int\u00e9rieur\u00a0\u00bb, \u00ab\u00a0Kahwaji du parlement \u00a0\u00bb et \u00ab\u00a0Chlafti Carthage\u00a0\u00bb.<\/p>\n<p>Le porte-parole a ajout\u00e9 que le public sera tenu inform\u00e9 dans la foul\u00e9e de la liste des pages qui font actuellement objet de poursuites et, ce, apr\u00e8s ach\u00e8vement des enqu\u00eates s\u2019agissant des r\u00e9quisitions et des expertises techniques.Il a par ailleurs rappel\u00e9 que le minist\u00e8re public avait ouvert une enqu\u00eate p\u00e9nale pour d\u00e9terminer avec soin et pr\u00e9cision l&rsquo;identit\u00e9 des administrateurs de ces pages, comptes et groupes \u00e9lectroniques qui usent sciemment de ces plateformes pour produire, propager et faire monter de fausses rumeurs dans un dessein de diffamation et d\u2019atteinte \u00e0 la r\u00e9putation et \u00e0 la s\u00e9curit\u00e9 publique.<\/p>\n","protected":false},"excerpt":{"rendered":"<p>Huit sites web et pages \u00e9lectroniques font l&rsquo;objet de poursuites p\u00e9nales lanc\u00e9es par le parquet, a fait savoir le porte-parole officiel de la Cour d&rsquo;appel de Tu&#8230;<\/p>\n","protected":false},"author":3175,"featured_media":278721,"comment_status":"open","ping_status":"closed","sticky":false,"template":"","format":"standard","meta":{"footnotes":""},"categories":[44],"tags":[4744,2619,9714,2608],"class_list":["post-208645","post","type-post","status-publish","format-standard","has-post-thumbnail","hentry","category-national","tag-facebook","tag-justice","tag-pages","tag-tunisie"],"yoast_head":"<!-- This site is optimized with the Yoast SEO Premium plugin v27.5 (Yoast SEO v27.5) - https:\/\/yoast.com\/product\/yoast-seo-premium-wordpress\/ -->\n<title>Tunisie : Ces huit pages Facebook dans le collimateur de la justice<\/title>\n<meta name=\"description\" content=\"Huit sites web et pages \u00e9lectroniques font l&#039;objet de poursuites p\u00e9nales lanc\u00e9es par le parquet, a fait savoir le porte-parole officiel de la Cour d&#039;appel de Tu...\" \/>\n<link rel=\"canonical\" href=\"https:\/\/www.webdo.tn\/fr\/actualite\/national\/tunisie-ces-huit-pages-facebook-dans-le-collimateur-de-la-justice\/208645\/\" \/>\n<meta property=\"og:locale\" content=\"fr_FR\" \/>\n<meta property=\"og:type\" content=\"article\" \/>\n<meta property=\"og:title\" content=\"Tunisie : Ces huit pages Facebook dans le collimateur de la justice\" \/>\n<meta property=\"og:description\" content=\"Huit sites web et pages \u00e9lectroniques font l&#039;objet de poursuites p\u00e9nales lanc\u00e9es par le parquet, a fait savoir le porte-parole officiel de la Cour d&#039;appel de Tu...\" \/>\n<meta property=\"og:url\" content=\"https:\/\/www.webdo.tn\/fr\/actualite\/national\/tunisie-ces-huit-pages-facebook-dans-le-collimateur-de-la-justice\/208645\/\" \/>\n<meta property=\"og:site_name\" content=\"webdo\" \/>\n<meta property=\"article:publisher\" content=\"https:\/\/www.facebook.com\/webdotn\" \/>\n<meta property=\"article:published_time\" content=\"2023-09-14T07:36:00+00:00\" \/>\n<meta property=\"article:modified_time\" content=\"2025-05-20T22:51:47+00:00\" \/>\n<meta property=\"og:image\" content=\"https:\/\/www.webdo.tn\/fr\/wp-content\/uploads\/2023\/09\/194b97f7def2487d77137d9327c30a0a.jpg\" \/>\n\t<meta property=\"og:image:width\" content=\"750\" \/>\n\t<meta property=\"og:image:height\" content=\"400\" \/>\n\t<meta property=\"og:image:type\" content=\"image\/jpeg\" \/>\n<meta name=\"author\" content=\"CL\" \/>\n<meta name=\"twitter:card\" content=\"summary_large_image\" \/>\n<meta name=\"twitter:creator\" content=\"@webdo_tn\" \/>\n<meta name=\"twitter:site\" content=\"@webdo_tn\" \/>\n<meta name=\"twitter:label1\" content=\"\u00c9crit par\" \/>\n\t<meta name=\"twitter:data1\" content=\"CL\" \/>\n\t<meta name=\"twitter:label2\" content=\"Dur\u00e9e de lecture estim\u00e9e\" \/>\n\t<meta name=\"twitter:data2\" content=\"1 minute\" \/>\n<script type=\"application\/ld+json\" class=\"yoast-schema-graph\">{\"@context\":\"https:\\\/\\\/schema.org\",\"@graph\":[{\"@type\":\"NewsArticle\",\"@id\":\"https:\\\/\\\/www.webdo.tn\\\/fr\\\/actualite\\\/national\\\/tunisie-ces-huit-pages-facebook-dans-le-collimateur-de-la-justice\\\/208645\\\/#article\",\"isPartOf\":{\"@id\":\"https:\\\/\\\/www.webdo.tn\\\/fr\\\/actualite\\\/national\\\/tunisie-ces-huit-pages-facebook-dans-le-collimateur-de-la-justice\\\/208645\\\/\"},\"author\":{\"name\":\"CL\",\"@id\":\"https:\\\/\\\/www.webdo.tn\\\/fr\\\/#\\\/schema\\\/person\\\/f35b42a42c5e2511bbd282959d6385cc\"},\"headline\":\"Tunisie : Ces huit pages Facebook dans le collimateur de la justice\",\"datePublished\":\"2023-09-14T07:36:00+00:00\",\"dateModified\":\"2025-05-20T22:51:47+00:00\",\"mainEntityOfPage\":{\"@id\":\"https:\\\/\\\/www.webdo.tn\\\/fr\\\/actualite\\\/national\\\/tunisie-ces-huit-pages-facebook-dans-le-collimateur-de-la-justice\\\/208645\\\/\"},\"wordCount\":258,\"commentCount\":0,\"publisher\":{\"@id\":\"https:\\\/\\\/www.webdo.tn\\\/fr\\\/#organization\"},\"image\":{\"@id\":\"https:\\\/\\\/www.webdo.tn\\\/fr\\\/actualite\\\/national\\\/tunisie-ces-huit-pages-facebook-dans-le-collimateur-de-la-justice\\\/208645\\\/#primaryimage\"},\"thumbnailUrl\":\"https:\\\/\\\/www.webdo.tn\\\/fr\\\/wp-content\\\/uploads\\\/2023\\\/09\\\/194b97f7def2487d77137d9327c30a0a.jpg\",\"keywords\":[\"Facebook\",\"justice\",\"Pages\",\"Tunisie\"],\"articleSection\":[\"National\"],\"inLanguage\":\"fr-FR\"},{\"@type\":\"WebPage\",\"@id\":\"https:\\\/\\\/www.webdo.tn\\\/fr\\\/actualite\\\/national\\\/tunisie-ces-huit-pages-facebook-dans-le-collimateur-de-la-justice\\\/208645\\\/\",\"url\":\"https:\\\/\\\/www.webdo.tn\\\/fr\\\/actualite\\\/national\\\/tunisie-ces-huit-pages-facebook-dans-le-collimateur-de-la-justice\\\/208645\\\/\",\"name\":\"Tunisie : Ces huit pages Facebook dans le collimateur de la justice\",\"isPartOf\":{\"@id\":\"https:\\\/\\\/www.webdo.tn\\\/fr\\\/#website\"},\"primaryImageOfPage\":{\"@id\":\"https:\\\/\\\/www.webdo.tn\\\/fr\\\/actualite\\\/national\\\/tunisie-ces-huit-pages-facebook-dans-le-collimateur-de-la-justice\\\/208645\\\/#primaryimage\"},\"image\":{\"@id\":\"https:\\\/\\\/www.webdo.tn\\\/fr\\\/actualite\\\/national\\\/tunisie-ces-huit-pages-facebook-dans-le-collimateur-de-la-justice\\\/208645\\\/#primaryimage\"},\"thumbnailUrl\":\"https:\\\/\\\/www.webdo.tn\\\/fr\\\/wp-content\\\/uploads\\\/2023\\\/09\\\/194b97f7def2487d77137d9327c30a0a.jpg\",\"datePublished\":\"2023-09-14T07:36:00+00:00\",\"dateModified\":\"2025-05-20T22:51:47+00:00\",\"description\":\"Huit sites web et pages \u00e9lectroniques font l'objet de poursuites p\u00e9nales lanc\u00e9es par le parquet, a fait savoir le porte-parole officiel de la Cour d'appel de Tu...\",\"breadcrumb\":{\"@id\":\"https:\\\/\\\/www.webdo.tn\\\/fr\\\/actualite\\\/national\\\/tunisie-ces-huit-pages-facebook-dans-le-collimateur-de-la-justice\\\/208645\\\/#breadcrumb\"},\"inLanguage\":\"fr-FR\",\"potentialAction\":[{\"@type\":\"ReadAction\",\"target\":[\"https:\\\/\\\/www.webdo.tn\\\/fr\\\/actualite\\\/national\\\/tunisie-ces-huit-pages-facebook-dans-le-collimateur-de-la-justice\\\/208645\\\/\"]}]},{\"@type\":\"ImageObject\",\"inLanguage\":\"fr-FR\",\"@id\":\"https:\\\/\\\/www.webdo.tn\\\/fr\\\/actualite\\\/national\\\/tunisie-ces-huit-pages-facebook-dans-le-collimateur-de-la-justice\\\/208645\\\/#primaryimage\",\"url\":\"https:\\\/\\\/www.webdo.tn\\\/fr\\\/wp-content\\\/uploads\\\/2023\\\/09\\\/194b97f7def2487d77137d9327c30a0a.jpg\",\"contentUrl\":\"https:\\\/\\\/www.webdo.tn\\\/fr\\\/wp-content\\\/uploads\\\/2023\\\/09\\\/194b97f7def2487d77137d9327c30a0a.jpg\",\"width\":750,\"height\":400,\"caption\":\"Tunisie : Ces huit pages Facebook dans le collimateur de la justice\"},{\"@type\":\"BreadcrumbList\",\"@id\":\"https:\\\/\\\/www.webdo.tn\\\/fr\\\/actualite\\\/national\\\/tunisie-ces-huit-pages-facebook-dans-le-collimateur-de-la-justice\\\/208645\\\/#breadcrumb\",\"itemListElement\":[{\"@type\":\"ListItem\",\"position\":1,\"name\":\"Accueil\",\"item\":\"https:\\\/\\\/www.webdo.tn\\\/fr\\\/\"},{\"@type\":\"ListItem\",\"position\":2,\"name\":\"Tunisie : Ces huit pages Facebook dans le collimateur de la justice\"}]},{\"@type\":\"WebSite\",\"@id\":\"https:\\\/\\\/www.webdo.tn\\\/fr\\\/#website\",\"url\":\"https:\\\/\\\/www.webdo.tn\\\/fr\\\/\",\"name\":\"webdo\",\"description\":\"Tunisie - News en Tunisie et \u00e0 l&#039;international sur Webdo.tn\",\"publisher\":{\"@id\":\"https:\\\/\\\/www.webdo.tn\\\/fr\\\/#organization\"},\"potentialAction\":[{\"@type\":\"SearchAction\",\"target\":{\"@type\":\"EntryPoint\",\"urlTemplate\":\"https:\\\/\\\/www.webdo.tn\\\/fr\\\/?s={search_term_string}\"},\"query-input\":{\"@type\":\"PropertyValueSpecification\",\"valueRequired\":true,\"valueName\":\"search_term_string\"}}],\"inLanguage\":\"fr-FR\"},{\"@type\":\"Organization\",\"@id\":\"https:\\\/\\\/www.webdo.tn\\\/fr\\\/#organization\",\"name\":\"Webdo\",\"alternateName\":\"Webdo.tn\",\"url\":\"https:\\\/\\\/www.webdo.tn\\\/fr\\\/\",\"logo\":{\"@type\":\"ImageObject\",\"inLanguage\":\"fr-FR\",\"@id\":\"https:\\\/\\\/www.webdo.tn\\\/fr\\\/#\\\/schema\\\/logo\\\/image\\\/\",\"url\":\"https:\\\/\\\/www.webdo.tn\\\/fr\\\/wp-content\\\/uploads\\\/2025\\\/06\\\/Webdo-Tunisie_168377.jpg\",\"contentUrl\":\"https:\\\/\\\/www.webdo.tn\\\/fr\\\/wp-content\\\/uploads\\\/2025\\\/06\\\/Webdo-Tunisie_168377.jpg\",\"width\":301,\"height\":301,\"caption\":\"Webdo\"},\"image\":{\"@id\":\"https:\\\/\\\/www.webdo.tn\\\/fr\\\/#\\\/schema\\\/logo\\\/image\\\/\"},\"sameAs\":[\"https:\\\/\\\/www.facebook.com\\\/webdotn\",\"https:\\\/\\\/x.com\\\/webdo_tn\"],\"description\":\"Webdo est un m\u00e9dia num\u00e9rique tunisien fond\u00e9 en 2010, sp\u00e9cialis\u00e9 dans l\u2019actualit\u00e9 nationale et internationale, l\u2019\u00e9conomie, la soci\u00e9t\u00e9 et les analyses politiques. Le site s\u2019adresse \u00e0 un large public francophone et couvre l\u2019information tunisienne en temps r\u00e9el.\",\"email\":\"redac@webdo.tn\",\"legalName\":\"YNJ SARL\",\"foundingDate\":\"2010-09-06\",\"numberOfEmployees\":{\"@type\":\"QuantitativeValue\",\"minValue\":\"11\",\"maxValue\":\"50\"}},{\"@type\":\"Person\",\"@id\":\"https:\\\/\\\/www.webdo.tn\\\/fr\\\/#\\\/schema\\\/person\\\/f35b42a42c5e2511bbd282959d6385cc\",\"name\":\"CL\",\"image\":{\"@type\":\"ImageObject\",\"inLanguage\":\"fr-FR\",\"@id\":\"https:\\\/\\\/secure.gravatar.com\\\/avatar\\\/1447a49909b67aa657c488aec6512e1dd6143a480c1ecfee9b5b5cd74eb3b59e?s=96&d=mm&r=g\",\"url\":\"https:\\\/\\\/secure.gravatar.com\\\/avatar\\\/1447a49909b67aa657c488aec6512e1dd6143a480c1ecfee9b5b5cd74eb3b59e?s=96&d=mm&r=g\",\"contentUrl\":\"https:\\\/\\\/secure.gravatar.com\\\/avatar\\\/1447a49909b67aa657c488aec6512e1dd6143a480c1ecfee9b5b5cd74eb3b59e?s=96&d=mm&r=g\",\"caption\":\"CL\"},\"url\":\"https:\\\/\\\/www.webdo.tn\\\/fr\\\/actualite\\\/author\\\/cl\\\/\"}]}<\/script>\n<!-- \/ Yoast SEO Premium plugin. -->","yoast_head_json":{"title":"Tunisie : Ces huit pages Facebook dans le collimateur de la justice","description":"Huit sites web et pages \u00e9lectroniques font l'objet de poursuites p\u00e9nales lanc\u00e9es par le parquet, a fait savoir le porte-parole officiel de la Cour d'appel de Tu...","canonical":"https:\/\/www.webdo.tn\/fr\/actualite\/national\/tunisie-ces-huit-pages-facebook-dans-le-collimateur-de-la-justice\/208645\/","og_locale":"fr_FR","og_type":"article","og_title":"Tunisie : Ces huit pages Facebook dans le collimateur de la justice","og_description":"Huit sites web et pages \u00e9lectroniques font l'objet de poursuites p\u00e9nales lanc\u00e9es par le parquet, a fait savoir le porte-parole officiel de la Cour d'appel de Tu...","og_url":"https:\/\/www.webdo.tn\/fr\/actualite\/national\/tunisie-ces-huit-pages-facebook-dans-le-collimateur-de-la-justice\/208645\/","og_site_name":"webdo","article_publisher":"https:\/\/www.facebook.com\/webdotn","article_published_time":"2023-09-14T07:36:00+00:00","article_modified_time":"2025-05-20T22:51:47+00:00","og_image":[{"width":750,"height":400,"url":"https:\/\/www.webdo.tn\/fr\/wp-content\/uploads\/2023\/09\/194b97f7def2487d77137d9327c30a0a.jpg","type":"image\/jpeg"}],"author":"CL","twitter_card":"summary_large_image","twitter_creator":"@webdo_tn","twitter_site":"@webdo_tn","twitter_misc":{"\u00c9crit par":"CL","Dur\u00e9e de lecture estim\u00e9e":"1 minute"},"schema":{"@context":"https:\/\/schema.org","@graph":[{"@type":"NewsArticle","@id":"https:\/\/www.webdo.tn\/fr\/actualite\/national\/tunisie-ces-huit-pages-facebook-dans-le-collimateur-de-la-justice\/208645\/#article","isPartOf":{"@id":"https:\/\/www.webdo.tn\/fr\/actualite\/national\/tunisie-ces-huit-pages-facebook-dans-le-collimateur-de-la-justice\/208645\/"},"author":{"name":"CL","@id":"https:\/\/www.webdo.tn\/fr\/#\/schema\/person\/f35b42a42c5e2511bbd282959d6385cc"},"headline":"Tunisie : Ces huit pages Facebook dans le collimateur de la justice","datePublished":"2023-09-14T07:36:00+00:00","dateModified":"2025-05-20T22:51:47+00:00","mainEntityOfPage":{"@id":"https:\/\/www.webdo.tn\/fr\/actualite\/national\/tunisie-ces-huit-pages-facebook-dans-le-collimateur-de-la-justice\/208645\/"},"wordCount":258,"commentCount":0,"publisher":{"@id":"https:\/\/www.webdo.tn\/fr\/#organization"},"image":{"@id":"https:\/\/www.webdo.tn\/fr\/actualite\/national\/tunisie-ces-huit-pages-facebook-dans-le-collimateur-de-la-justice\/208645\/#primaryimage"},"thumbnailUrl":"https:\/\/www.webdo.tn\/fr\/wp-content\/uploads\/2023\/09\/194b97f7def2487d77137d9327c30a0a.jpg","keywords":["Facebook","justice","Pages","Tunisie"],"articleSection":["National"],"inLanguage":"fr-FR"},{"@type":"WebPage","@id":"https:\/\/www.webdo.tn\/fr\/actualite\/national\/tunisie-ces-huit-pages-facebook-dans-le-collimateur-de-la-justice\/208645\/","url":"https:\/\/www.webdo.tn\/fr\/actualite\/national\/tunisie-ces-huit-pages-facebook-dans-le-collimateur-de-la-justice\/208645\/","name":"Tunisie : Ces huit pages Facebook dans le collimateur de la justice","isPartOf":{"@id":"https:\/\/www.webdo.tn\/fr\/#website"},"primaryImageOfPage":{"@id":"https:\/\/www.webdo.tn\/fr\/actualite\/national\/tunisie-ces-huit-pages-facebook-dans-le-collimateur-de-la-justice\/208645\/#primaryimage"},"image":{"@id":"https:\/\/www.webdo.tn\/fr\/actualite\/national\/tunisie-ces-huit-pages-facebook-dans-le-collimateur-de-la-justice\/208645\/#primaryimage"},"thumbnailUrl":"https:\/\/www.webdo.tn\/fr\/wp-content\/uploads\/2023\/09\/194b97f7def2487d77137d9327c30a0a.jpg","datePublished":"2023-09-14T07:36:00+00:00","dateModified":"2025-05-20T22:51:47+00:00","description":"Huit sites web et pages \u00e9lectroniques font l'objet de poursuites p\u00e9nales lanc\u00e9es par le parquet, a fait savoir le porte-parole officiel de la Cour d'appel de Tu...","breadcrumb":{"@id":"https:\/\/www.webdo.tn\/fr\/actualite\/national\/tunisie-ces-huit-pages-facebook-dans-le-collimateur-de-la-justice\/208645\/#breadcrumb"},"inLanguage":"fr-FR","potentialAction":[{"@type":"ReadAction","target":["https:\/\/www.webdo.tn\/fr\/actualite\/national\/tunisie-ces-huit-pages-facebook-dans-le-collimateur-de-la-justice\/208645\/"]}]},{"@type":"ImageObject","inLanguage":"fr-FR","@id":"https:\/\/www.webdo.tn\/fr\/actualite\/national\/tunisie-ces-huit-pages-facebook-dans-le-collimateur-de-la-justice\/208645\/#primaryimage","url":"https:\/\/www.webdo.tn\/fr\/wp-content\/uploads\/2023\/09\/194b97f7def2487d77137d9327c30a0a.jpg","contentUrl":"https:\/\/www.webdo.tn\/fr\/wp-content\/uploads\/2023\/09\/194b97f7def2487d77137d9327c30a0a.jpg","width":750,"height":400,"caption":"Tunisie : Ces huit pages Facebook dans le collimateur de la justice"},{"@type":"BreadcrumbList","@id":"https:\/\/www.webdo.tn\/fr\/actualite\/national\/tunisie-ces-huit-pages-facebook-dans-le-collimateur-de-la-justice\/208645\/#breadcrumb","itemListElement":[{"@type":"ListItem","position":1,"name":"Accueil","item":"https:\/\/www.webdo.tn\/fr\/"},{"@type":"ListItem","position":2,"name":"Tunisie : Ces huit pages Facebook dans le collimateur de la justice"}]},{"@type":"WebSite","@id":"https:\/\/www.webdo.tn\/fr\/#website","url":"https:\/\/www.webdo.tn\/fr\/","name":"webdo","description":"Tunisie - News en Tunisie et \u00e0 l&#039;international sur Webdo.tn","publisher":{"@id":"https:\/\/www.webdo.tn\/fr\/#organization"},"potentialAction":[{"@type":"SearchAction","target":{"@type":"EntryPoint","urlTemplate":"https:\/\/www.webdo.tn\/fr\/?s={search_term_string}"},"query-input":{"@type":"PropertyValueSpecification","valueRequired":true,"valueName":"search_term_string"}}],"inLanguage":"fr-FR"},{"@type":"Organization","@id":"https:\/\/www.webdo.tn\/fr\/#organization","name":"Webdo","alternateName":"Webdo.tn","url":"https:\/\/www.webdo.tn\/fr\/","logo":{"@type":"ImageObject","inLanguage":"fr-FR","@id":"https:\/\/www.webdo.tn\/fr\/#\/schema\/logo\/image\/","url":"https:\/\/www.webdo.tn\/fr\/wp-content\/uploads\/2025\/06\/Webdo-Tunisie_168377.jpg","contentUrl":"https:\/\/www.webdo.tn\/fr\/wp-content\/uploads\/2025\/06\/Webdo-Tunisie_168377.jpg","width":301,"height":301,"caption":"Webdo"},"image":{"@id":"https:\/\/www.webdo.tn\/fr\/#\/schema\/logo\/image\/"},"sameAs":["https:\/\/www.facebook.com\/webdotn","https:\/\/x.com\/webdo_tn"],"description":"Webdo est un m\u00e9dia num\u00e9rique tunisien fond\u00e9 en 2010, sp\u00e9cialis\u00e9 dans l\u2019actualit\u00e9 nationale et internationale, l\u2019\u00e9conomie, la soci\u00e9t\u00e9 et les analyses politiques. Le site s\u2019adresse \u00e0 un large public francophone et couvre l\u2019information tunisienne en temps r\u00e9el.","email":"redac@webdo.tn","legalName":"YNJ SARL","foundingDate":"2010-09-06","numberOfEmployees":{"@type":"QuantitativeValue","minValue":"11","maxValue":"50"}},{"@type":"Person","@id":"https:\/\/www.webdo.tn\/fr\/#\/schema\/person\/f35b42a42c5e2511bbd282959d6385cc","name":"CL","image":{"@type":"ImageObject","inLanguage":"fr-FR","@id":"https:\/\/secure.gravatar.com\/avatar\/1447a49909b67aa657c488aec6512e1dd6143a480c1ecfee9b5b5cd74eb3b59e?s=96&d=mm&r=g","url":"https:\/\/secure.gravatar.com\/avatar\/1447a49909b67aa657c488aec6512e1dd6143a480c1ecfee9b5b5cd74eb3b59e?s=96&d=mm&r=g","contentUrl":"https:\/\/secure.gravatar.com\/avatar\/1447a49909b67aa657c488aec6512e1dd6143a480c1ecfee9b5b5cd74eb3b59e?s=96&d=mm&r=g","caption":"CL"},"url":"https:\/\/www.webdo.tn\/fr\/actualite\/author\/cl\/"}]}},"_links":{"self":[{"href":"https:\/\/www.webdo.tn\/fr\/wp-json\/wp\/v2\/posts\/208645","targetHints":{"allow":["GET"]}}],"collection":[{"href":"https:\/\/www.webdo.tn\/fr\/wp-json\/wp\/v2\/posts"}],"about":[{"href":"https:\/\/www.webdo.tn\/fr\/wp-json\/wp\/v2\/types\/post"}],"author":[{"embeddable":true,"href":"https:\/\/www.webdo.tn\/fr\/wp-json\/wp\/v2\/users\/3175"}],"replies":[{"embeddable":true,"href":"https:\/\/www.webdo.tn\/fr\/wp-json\/wp\/v2\/comments?post=208645"}],"version-history":[{"count":0,"href":"https:\/\/www.webdo.tn\/fr\/wp-json\/wp\/v2\/posts\/208645\/revisions"}],"wp:featuredmedia":[{"embeddable":true,"href":"https:\/\/www.webdo.tn\/fr\/wp-json\/wp\/v2\/media\/278721"}],"wp:attachment":[{"href":"https:\/\/www.webdo.tn\/fr\/wp-json\/wp\/v2\/media?parent=208645"}],"wp:term":[{"taxonomy":"category","embeddable":true,"href":"https:\/\/www.webdo.tn\/fr\/wp-json\/wp\/v2\/categories?post=208645"},{"taxonomy":"post_tag","embeddable":true,"href":"https:\/\/www.webdo.tn\/fr\/wp-json\/wp\/v2\/tags?post=208645"}],"curies":[{"name":"wp","href":"https:\/\/api.w.org\/{rel}","templated":true}]}}