{"id":208635,"date":"2023-09-13T15:01:00","date_gmt":"2023-09-13T15:01:00","guid":{"rendered":"https:\/\/www.webdo.tn\/fr\/blog\/visas-france-ouverture-prochaine-d-un-centre-tls-contact-a-sfax\/208635\/"},"modified":"2025-05-20T21:57:25","modified_gmt":"2025-05-20T21:57:25","slug":"visas-france-ouverture-prochaine-d-un-centre-tls-contact-a-sfax","status":"publish","type":"post","link":"https:\/\/www.webdo.tn\/fr\/actualite\/national\/visas-france-ouverture-prochaine-d-un-centre-tls-contact-a-sfax\/208635\/","title":{"rendered":"Visas &#8211; France : Ouverture prochaine d\u2019un centre TLS contact \u00e0 Sfax"},"content":{"rendered":"<p>Un nouveau centre TLS contact qui traite les dossiers des demandeurs de visas vers la France, va ouvrir ses portes \u00e0 Sfax, le 6 novembre 2023 prochain.<\/p>\n<p>\t\t\t\t\t\t\t\t\tC\u2019est le Consul g\u00e9n\u00e9ral de France en Tunisie, Dominique Mas, qui a fait cette annonce, hier, sur les ondes de Mosaique fm, pr\u00e9cisant que ce nouveau centre permettra d\u2019absorber 25% des demandes de visas et sera r\u00e9serv\u00e9 aux Tunisiens qui r\u00e9sident dans la partie sud du pays sachant que l\u2019ann\u00e9e derni\u00e8re la France a d\u00e9livr\u00e9 environ 80 mille visas aux Tunisiens et que cette ann\u00e9e, ce chiffre pourrait atteindre 100 mille visas accord\u00e9s.<\/p>\n<p>Dominique Mas a d\u2019ailleurs soulign\u00e9 qu\u2019environ 59 mille visas ont \u00e9t\u00e9 d\u00e9livr\u00e9s jusqu\u2019\u00e0 la moiti\u00e9 de l\u2019ann\u00e9e 2023 dont 5600 visas \u00e9tudiants accord\u00e9s (jusqu\u2019en ao\u00fbt 2023).<\/p>\n<p>Le Consul g\u00e9n\u00e9ral de France en Tunisie a \u00e9galement indiqu\u00e9 qu\u2019un nouveau centre TLS contact pourrait probablement ouvrir ses portes \u00e0 Tunis \u00e0 la mi-novembre.<\/p>\n","protected":false},"excerpt":{"rendered":"<p>Un nouveau centre TLS contact qui traite les dossiers des demandeurs de visas vers la France, va ouvrir ses portes \u00e0 Sfax, le 6 novembre 2023 prochain.<\/p>\n","protected":false},"author":3162,"featured_media":249324,"comment_status":"open","ping_status":"closed","sticky":false,"template":"","format":"standard","meta":{"footnotes":""},"categories":[44],"tags":[2998,2675,4525,2608,3109],"class_list":["post-208635","post","type-post","status-publish","format-standard","has-post-thumbnail","hentry","category-national","tag-france","tag-sfax","tag-tls-contact","tag-tunisie","tag-visa"],"yoast_head":"<!-- This site is optimized with the Yoast SEO Premium plugin v27.5 (Yoast SEO v27.5) - https:\/\/yoast.com\/product\/yoast-seo-premium-wordpress\/ -->\n<title>Visas - France : Ouverture prochaine d\u2019un centre TLS contact \u00e0 Sfax<\/title>\n<meta name=\"description\" content=\"Un nouveau centre TLS contact qui traite les dossiers des demandeurs de visas vers la France, va ouvrir ses portes \u00e0 Sfax, le 6 novembre 2023 prochain.\" \/>\n<link rel=\"canonical\" href=\"https:\/\/www.webdo.tn\/fr\/actualite\/national\/visas-france-ouverture-prochaine-d-un-centre-tls-contact-a-sfax\/208635\/\" \/>\n<meta property=\"og:locale\" content=\"fr_FR\" \/>\n<meta property=\"og:type\" content=\"article\" \/>\n<meta property=\"og:title\" content=\"Visas - France : Ouverture prochaine d\u2019un centre TLS contact \u00e0 Sfax\" \/>\n<meta property=\"og:description\" content=\"Un nouveau centre TLS contact qui traite les dossiers des demandeurs de visas vers la France, va ouvrir ses portes \u00e0 Sfax, le 6 novembre 2023 prochain.\" \/>\n<meta property=\"og:url\" content=\"https:\/\/www.webdo.tn\/fr\/actualite\/national\/visas-france-ouverture-prochaine-d-un-centre-tls-contact-a-sfax\/208635\/\" \/>\n<meta property=\"og:site_name\" content=\"webdo\" \/>\n<meta property=\"article:publisher\" content=\"https:\/\/www.facebook.com\/webdotn\" \/>\n<meta property=\"article:published_time\" content=\"2023-09-13T15:01:00+00:00\" \/>\n<meta property=\"article:modified_time\" content=\"2025-05-20T21:57:25+00:00\" \/>\n<meta property=\"og:image\" content=\"https:\/\/www.webdo.tn\/fr\/wp-content\/uploads\/2023\/09\/aad888f6738109dcc170da0f9156a6f9.jpeg\" \/>\n\t<meta property=\"og:image:width\" content=\"650\" \/>\n\t<meta property=\"og:image:height\" content=\"347\" \/>\n\t<meta property=\"og:image:type\" content=\"image\/jpeg\" \/>\n<meta name=\"author\" content=\"MC\" \/>\n<meta name=\"twitter:card\" content=\"summary_large_image\" \/>\n<meta name=\"twitter:creator\" content=\"@webdo_tn\" \/>\n<meta name=\"twitter:site\" content=\"@webdo_tn\" \/>\n<meta name=\"twitter:label1\" content=\"\u00c9crit par\" \/>\n\t<meta name=\"twitter:data1\" content=\"MC\" \/>\n\t<meta name=\"twitter:label2\" content=\"Dur\u00e9e de lecture estim\u00e9e\" \/>\n\t<meta name=\"twitter:data2\" content=\"1 minute\" \/>\n<script type=\"application\/ld+json\" class=\"yoast-schema-graph\">{\"@context\":\"https:\\\/\\\/schema.org\",\"@graph\":[{\"@type\":\"NewsArticle\",\"@id\":\"https:\\\/\\\/www.webdo.tn\\\/fr\\\/actualite\\\/national\\\/visas-france-ouverture-prochaine-d-un-centre-tls-contact-a-sfax\\\/208635\\\/#article\",\"isPartOf\":{\"@id\":\"https:\\\/\\\/www.webdo.tn\\\/fr\\\/actualite\\\/national\\\/visas-france-ouverture-prochaine-d-un-centre-tls-contact-a-sfax\\\/208635\\\/\"},\"author\":{\"name\":\"MC\",\"@id\":\"https:\\\/\\\/www.webdo.tn\\\/fr\\\/#\\\/schema\\\/person\\\/2c4929cbf5a809e3bd38617c6ce150f6\"},\"headline\":\"Visas &#8211; France : Ouverture prochaine d\u2019un centre TLS contact \u00e0 Sfax\",\"datePublished\":\"2023-09-13T15:01:00+00:00\",\"dateModified\":\"2025-05-20T21:57:25+00:00\",\"mainEntityOfPage\":{\"@id\":\"https:\\\/\\\/www.webdo.tn\\\/fr\\\/actualite\\\/national\\\/visas-france-ouverture-prochaine-d-un-centre-tls-contact-a-sfax\\\/208635\\\/\"},\"wordCount\":175,\"commentCount\":0,\"publisher\":{\"@id\":\"https:\\\/\\\/www.webdo.tn\\\/fr\\\/#organization\"},\"image\":{\"@id\":\"https:\\\/\\\/www.webdo.tn\\\/fr\\\/actualite\\\/national\\\/visas-france-ouverture-prochaine-d-un-centre-tls-contact-a-sfax\\\/208635\\\/#primaryimage\"},\"thumbnailUrl\":\"https:\\\/\\\/www.webdo.tn\\\/fr\\\/wp-content\\\/uploads\\\/2023\\\/09\\\/aad888f6738109dcc170da0f9156a6f9.jpeg\",\"keywords\":[\"france\",\"Sfax\",\"TLS Contact\",\"Tunisie\",\"visa\"],\"articleSection\":[\"National\"],\"inLanguage\":\"fr-FR\"},{\"@type\":\"WebPage\",\"@id\":\"https:\\\/\\\/www.webdo.tn\\\/fr\\\/actualite\\\/national\\\/visas-france-ouverture-prochaine-d-un-centre-tls-contact-a-sfax\\\/208635\\\/\",\"url\":\"https:\\\/\\\/www.webdo.tn\\\/fr\\\/actualite\\\/national\\\/visas-france-ouverture-prochaine-d-un-centre-tls-contact-a-sfax\\\/208635\\\/\",\"name\":\"Visas - France : Ouverture prochaine d\u2019un centre TLS contact \u00e0 Sfax\",\"isPartOf\":{\"@id\":\"https:\\\/\\\/www.webdo.tn\\\/fr\\\/#website\"},\"primaryImageOfPage\":{\"@id\":\"https:\\\/\\\/www.webdo.tn\\\/fr\\\/actualite\\\/national\\\/visas-france-ouverture-prochaine-d-un-centre-tls-contact-a-sfax\\\/208635\\\/#primaryimage\"},\"image\":{\"@id\":\"https:\\\/\\\/www.webdo.tn\\\/fr\\\/actualite\\\/national\\\/visas-france-ouverture-prochaine-d-un-centre-tls-contact-a-sfax\\\/208635\\\/#primaryimage\"},\"thumbnailUrl\":\"https:\\\/\\\/www.webdo.tn\\\/fr\\\/wp-content\\\/uploads\\\/2023\\\/09\\\/aad888f6738109dcc170da0f9156a6f9.jpeg\",\"datePublished\":\"2023-09-13T15:01:00+00:00\",\"dateModified\":\"2025-05-20T21:57:25+00:00\",\"description\":\"Un nouveau centre TLS contact qui traite les dossiers des demandeurs de visas vers la France, va ouvrir ses portes \u00e0 Sfax, le 6 novembre 2023 prochain.\",\"breadcrumb\":{\"@id\":\"https:\\\/\\\/www.webdo.tn\\\/fr\\\/actualite\\\/national\\\/visas-france-ouverture-prochaine-d-un-centre-tls-contact-a-sfax\\\/208635\\\/#breadcrumb\"},\"inLanguage\":\"fr-FR\",\"potentialAction\":[{\"@type\":\"ReadAction\",\"target\":[\"https:\\\/\\\/www.webdo.tn\\\/fr\\\/actualite\\\/national\\\/visas-france-ouverture-prochaine-d-un-centre-tls-contact-a-sfax\\\/208635\\\/\"]}]},{\"@type\":\"ImageObject\",\"inLanguage\":\"fr-FR\",\"@id\":\"https:\\\/\\\/www.webdo.tn\\\/fr\\\/actualite\\\/national\\\/visas-france-ouverture-prochaine-d-un-centre-tls-contact-a-sfax\\\/208635\\\/#primaryimage\",\"url\":\"https:\\\/\\\/www.webdo.tn\\\/fr\\\/wp-content\\\/uploads\\\/2023\\\/09\\\/aad888f6738109dcc170da0f9156a6f9.jpeg\",\"contentUrl\":\"https:\\\/\\\/www.webdo.tn\\\/fr\\\/wp-content\\\/uploads\\\/2023\\\/09\\\/aad888f6738109dcc170da0f9156a6f9.jpeg\",\"width\":650,\"height\":347,\"caption\":\"Visas - France : Ouverture prochaine d\u2019un centre TLS contact \u00e0 Sfax\"},{\"@type\":\"BreadcrumbList\",\"@id\":\"https:\\\/\\\/www.webdo.tn\\\/fr\\\/actualite\\\/national\\\/visas-france-ouverture-prochaine-d-un-centre-tls-contact-a-sfax\\\/208635\\\/#breadcrumb\",\"itemListElement\":[{\"@type\":\"ListItem\",\"position\":1,\"name\":\"Accueil\",\"item\":\"https:\\\/\\\/www.webdo.tn\\\/fr\\\/\"},{\"@type\":\"ListItem\",\"position\":2,\"name\":\"Visas &#8211; France : Ouverture prochaine d\u2019un centre TLS contact \u00e0 Sfax\"}]},{\"@type\":\"WebSite\",\"@id\":\"https:\\\/\\\/www.webdo.tn\\\/fr\\\/#website\",\"url\":\"https:\\\/\\\/www.webdo.tn\\\/fr\\\/\",\"name\":\"webdo\",\"description\":\"Tunisie - News en Tunisie et \u00e0 l&#039;international sur Webdo.tn\",\"publisher\":{\"@id\":\"https:\\\/\\\/www.webdo.tn\\\/fr\\\/#organization\"},\"potentialAction\":[{\"@type\":\"SearchAction\",\"target\":{\"@type\":\"EntryPoint\",\"urlTemplate\":\"https:\\\/\\\/www.webdo.tn\\\/fr\\\/?s={search_term_string}\"},\"query-input\":{\"@type\":\"PropertyValueSpecification\",\"valueRequired\":true,\"valueName\":\"search_term_string\"}}],\"inLanguage\":\"fr-FR\"},{\"@type\":\"Organization\",\"@id\":\"https:\\\/\\\/www.webdo.tn\\\/fr\\\/#organization\",\"name\":\"Webdo\",\"alternateName\":\"Webdo.tn\",\"url\":\"https:\\\/\\\/www.webdo.tn\\\/fr\\\/\",\"logo\":{\"@type\":\"ImageObject\",\"inLanguage\":\"fr-FR\",\"@id\":\"https:\\\/\\\/www.webdo.tn\\\/fr\\\/#\\\/schema\\\/logo\\\/image\\\/\",\"url\":\"https:\\\/\\\/www.webdo.tn\\\/fr\\\/wp-content\\\/uploads\\\/2025\\\/06\\\/Webdo-Tunisie_168377.jpg\",\"contentUrl\":\"https:\\\/\\\/www.webdo.tn\\\/fr\\\/wp-content\\\/uploads\\\/2025\\\/06\\\/Webdo-Tunisie_168377.jpg\",\"width\":301,\"height\":301,\"caption\":\"Webdo\"},\"image\":{\"@id\":\"https:\\\/\\\/www.webdo.tn\\\/fr\\\/#\\\/schema\\\/logo\\\/image\\\/\"},\"sameAs\":[\"https:\\\/\\\/www.facebook.com\\\/webdotn\",\"https:\\\/\\\/x.com\\\/webdo_tn\"],\"description\":\"Webdo est un m\u00e9dia num\u00e9rique tunisien fond\u00e9 en 2010, sp\u00e9cialis\u00e9 dans l\u2019actualit\u00e9 nationale et internationale, l\u2019\u00e9conomie, la soci\u00e9t\u00e9 et les analyses politiques. Le site s\u2019adresse \u00e0 un large public francophone et couvre l\u2019information tunisienne en temps r\u00e9el.\",\"email\":\"redac@webdo.tn\",\"legalName\":\"YNJ SARL\",\"foundingDate\":\"2010-09-06\",\"numberOfEmployees\":{\"@type\":\"QuantitativeValue\",\"minValue\":\"11\",\"maxValue\":\"50\"}},{\"@type\":\"Person\",\"@id\":\"https:\\\/\\\/www.webdo.tn\\\/fr\\\/#\\\/schema\\\/person\\\/2c4929cbf5a809e3bd38617c6ce150f6\",\"name\":\"MC\",\"image\":{\"@type\":\"ImageObject\",\"inLanguage\":\"fr-FR\",\"@id\":\"https:\\\/\\\/secure.gravatar.com\\\/avatar\\\/a545bbb6f84efdd5553dbbc2895e3ca8f1d12c5215e00a041c9670b54aa9b18a?s=96&d=mm&r=g\",\"url\":\"https:\\\/\\\/secure.gravatar.com\\\/avatar\\\/a545bbb6f84efdd5553dbbc2895e3ca8f1d12c5215e00a041c9670b54aa9b18a?s=96&d=mm&r=g\",\"contentUrl\":\"https:\\\/\\\/secure.gravatar.com\\\/avatar\\\/a545bbb6f84efdd5553dbbc2895e3ca8f1d12c5215e00a041c9670b54aa9b18a?s=96&d=mm&r=g\",\"caption\":\"MC\"},\"url\":\"https:\\\/\\\/www.webdo.tn\\\/fr\\\/actualite\\\/author\\\/mc\\\/\"}]}<\/script>\n<!-- \/ Yoast SEO Premium plugin. -->","yoast_head_json":{"title":"Visas - France : Ouverture prochaine d\u2019un centre TLS contact \u00e0 Sfax","description":"Un nouveau centre TLS contact qui traite les dossiers des demandeurs de visas vers la France, va ouvrir ses portes \u00e0 Sfax, le 6 novembre 2023 prochain.","canonical":"https:\/\/www.webdo.tn\/fr\/actualite\/national\/visas-france-ouverture-prochaine-d-un-centre-tls-contact-a-sfax\/208635\/","og_locale":"fr_FR","og_type":"article","og_title":"Visas - France : Ouverture prochaine d\u2019un centre TLS contact \u00e0 Sfax","og_description":"Un nouveau centre TLS contact qui traite les dossiers des demandeurs de visas vers la France, va ouvrir ses portes \u00e0 Sfax, le 6 novembre 2023 prochain.","og_url":"https:\/\/www.webdo.tn\/fr\/actualite\/national\/visas-france-ouverture-prochaine-d-un-centre-tls-contact-a-sfax\/208635\/","og_site_name":"webdo","article_publisher":"https:\/\/www.facebook.com\/webdotn","article_published_time":"2023-09-13T15:01:00+00:00","article_modified_time":"2025-05-20T21:57:25+00:00","og_image":[{"width":650,"height":347,"url":"https:\/\/www.webdo.tn\/fr\/wp-content\/uploads\/2023\/09\/aad888f6738109dcc170da0f9156a6f9.jpeg","type":"image\/jpeg"}],"author":"MC","twitter_card":"summary_large_image","twitter_creator":"@webdo_tn","twitter_site":"@webdo_tn","twitter_misc":{"\u00c9crit par":"MC","Dur\u00e9e de lecture estim\u00e9e":"1 minute"},"schema":{"@context":"https:\/\/schema.org","@graph":[{"@type":"NewsArticle","@id":"https:\/\/www.webdo.tn\/fr\/actualite\/national\/visas-france-ouverture-prochaine-d-un-centre-tls-contact-a-sfax\/208635\/#article","isPartOf":{"@id":"https:\/\/www.webdo.tn\/fr\/actualite\/national\/visas-france-ouverture-prochaine-d-un-centre-tls-contact-a-sfax\/208635\/"},"author":{"name":"MC","@id":"https:\/\/www.webdo.tn\/fr\/#\/schema\/person\/2c4929cbf5a809e3bd38617c6ce150f6"},"headline":"Visas &#8211; France : Ouverture prochaine d\u2019un centre TLS contact \u00e0 Sfax","datePublished":"2023-09-13T15:01:00+00:00","dateModified":"2025-05-20T21:57:25+00:00","mainEntityOfPage":{"@id":"https:\/\/www.webdo.tn\/fr\/actualite\/national\/visas-france-ouverture-prochaine-d-un-centre-tls-contact-a-sfax\/208635\/"},"wordCount":175,"commentCount":0,"publisher":{"@id":"https:\/\/www.webdo.tn\/fr\/#organization"},"image":{"@id":"https:\/\/www.webdo.tn\/fr\/actualite\/national\/visas-france-ouverture-prochaine-d-un-centre-tls-contact-a-sfax\/208635\/#primaryimage"},"thumbnailUrl":"https:\/\/www.webdo.tn\/fr\/wp-content\/uploads\/2023\/09\/aad888f6738109dcc170da0f9156a6f9.jpeg","keywords":["france","Sfax","TLS Contact","Tunisie","visa"],"articleSection":["National"],"inLanguage":"fr-FR"},{"@type":"WebPage","@id":"https:\/\/www.webdo.tn\/fr\/actualite\/national\/visas-france-ouverture-prochaine-d-un-centre-tls-contact-a-sfax\/208635\/","url":"https:\/\/www.webdo.tn\/fr\/actualite\/national\/visas-france-ouverture-prochaine-d-un-centre-tls-contact-a-sfax\/208635\/","name":"Visas - France : Ouverture prochaine d\u2019un centre TLS contact \u00e0 Sfax","isPartOf":{"@id":"https:\/\/www.webdo.tn\/fr\/#website"},"primaryImageOfPage":{"@id":"https:\/\/www.webdo.tn\/fr\/actualite\/national\/visas-france-ouverture-prochaine-d-un-centre-tls-contact-a-sfax\/208635\/#primaryimage"},"image":{"@id":"https:\/\/www.webdo.tn\/fr\/actualite\/national\/visas-france-ouverture-prochaine-d-un-centre-tls-contact-a-sfax\/208635\/#primaryimage"},"thumbnailUrl":"https:\/\/www.webdo.tn\/fr\/wp-content\/uploads\/2023\/09\/aad888f6738109dcc170da0f9156a6f9.jpeg","datePublished":"2023-09-13T15:01:00+00:00","dateModified":"2025-05-20T21:57:25+00:00","description":"Un nouveau centre TLS contact qui traite les dossiers des demandeurs de visas vers la France, va ouvrir ses portes \u00e0 Sfax, le 6 novembre 2023 prochain.","breadcrumb":{"@id":"https:\/\/www.webdo.tn\/fr\/actualite\/national\/visas-france-ouverture-prochaine-d-un-centre-tls-contact-a-sfax\/208635\/#breadcrumb"},"inLanguage":"fr-FR","potentialAction":[{"@type":"ReadAction","target":["https:\/\/www.webdo.tn\/fr\/actualite\/national\/visas-france-ouverture-prochaine-d-un-centre-tls-contact-a-sfax\/208635\/"]}]},{"@type":"ImageObject","inLanguage":"fr-FR","@id":"https:\/\/www.webdo.tn\/fr\/actualite\/national\/visas-france-ouverture-prochaine-d-un-centre-tls-contact-a-sfax\/208635\/#primaryimage","url":"https:\/\/www.webdo.tn\/fr\/wp-content\/uploads\/2023\/09\/aad888f6738109dcc170da0f9156a6f9.jpeg","contentUrl":"https:\/\/www.webdo.tn\/fr\/wp-content\/uploads\/2023\/09\/aad888f6738109dcc170da0f9156a6f9.jpeg","width":650,"height":347,"caption":"Visas - France : Ouverture prochaine d\u2019un centre TLS contact \u00e0 Sfax"},{"@type":"BreadcrumbList","@id":"https:\/\/www.webdo.tn\/fr\/actualite\/national\/visas-france-ouverture-prochaine-d-un-centre-tls-contact-a-sfax\/208635\/#breadcrumb","itemListElement":[{"@type":"ListItem","position":1,"name":"Accueil","item":"https:\/\/www.webdo.tn\/fr\/"},{"@type":"ListItem","position":2,"name":"Visas &#8211; France : Ouverture prochaine d\u2019un centre TLS contact \u00e0 Sfax"}]},{"@type":"WebSite","@id":"https:\/\/www.webdo.tn\/fr\/#website","url":"https:\/\/www.webdo.tn\/fr\/","name":"webdo","description":"Tunisie - News en Tunisie et \u00e0 l&#039;international sur Webdo.tn","publisher":{"@id":"https:\/\/www.webdo.tn\/fr\/#organization"},"potentialAction":[{"@type":"SearchAction","target":{"@type":"EntryPoint","urlTemplate":"https:\/\/www.webdo.tn\/fr\/?s={search_term_string}"},"query-input":{"@type":"PropertyValueSpecification","valueRequired":true,"valueName":"search_term_string"}}],"inLanguage":"fr-FR"},{"@type":"Organization","@id":"https:\/\/www.webdo.tn\/fr\/#organization","name":"Webdo","alternateName":"Webdo.tn","url":"https:\/\/www.webdo.tn\/fr\/","logo":{"@type":"ImageObject","inLanguage":"fr-FR","@id":"https:\/\/www.webdo.tn\/fr\/#\/schema\/logo\/image\/","url":"https:\/\/www.webdo.tn\/fr\/wp-content\/uploads\/2025\/06\/Webdo-Tunisie_168377.jpg","contentUrl":"https:\/\/www.webdo.tn\/fr\/wp-content\/uploads\/2025\/06\/Webdo-Tunisie_168377.jpg","width":301,"height":301,"caption":"Webdo"},"image":{"@id":"https:\/\/www.webdo.tn\/fr\/#\/schema\/logo\/image\/"},"sameAs":["https:\/\/www.facebook.com\/webdotn","https:\/\/x.com\/webdo_tn"],"description":"Webdo est un m\u00e9dia num\u00e9rique tunisien fond\u00e9 en 2010, sp\u00e9cialis\u00e9 dans l\u2019actualit\u00e9 nationale et internationale, l\u2019\u00e9conomie, la soci\u00e9t\u00e9 et les analyses politiques. Le site s\u2019adresse \u00e0 un large public francophone et couvre l\u2019information tunisienne en temps r\u00e9el.","email":"redac@webdo.tn","legalName":"YNJ SARL","foundingDate":"2010-09-06","numberOfEmployees":{"@type":"QuantitativeValue","minValue":"11","maxValue":"50"}},{"@type":"Person","@id":"https:\/\/www.webdo.tn\/fr\/#\/schema\/person\/2c4929cbf5a809e3bd38617c6ce150f6","name":"MC","image":{"@type":"ImageObject","inLanguage":"fr-FR","@id":"https:\/\/secure.gravatar.com\/avatar\/a545bbb6f84efdd5553dbbc2895e3ca8f1d12c5215e00a041c9670b54aa9b18a?s=96&d=mm&r=g","url":"https:\/\/secure.gravatar.com\/avatar\/a545bbb6f84efdd5553dbbc2895e3ca8f1d12c5215e00a041c9670b54aa9b18a?s=96&d=mm&r=g","contentUrl":"https:\/\/secure.gravatar.com\/avatar\/a545bbb6f84efdd5553dbbc2895e3ca8f1d12c5215e00a041c9670b54aa9b18a?s=96&d=mm&r=g","caption":"MC"},"url":"https:\/\/www.webdo.tn\/fr\/actualite\/author\/mc\/"}]}},"_links":{"self":[{"href":"https:\/\/www.webdo.tn\/fr\/wp-json\/wp\/v2\/posts\/208635","targetHints":{"allow":["GET"]}}],"collection":[{"href":"https:\/\/www.webdo.tn\/fr\/wp-json\/wp\/v2\/posts"}],"about":[{"href":"https:\/\/www.webdo.tn\/fr\/wp-json\/wp\/v2\/types\/post"}],"author":[{"embeddable":true,"href":"https:\/\/www.webdo.tn\/fr\/wp-json\/wp\/v2\/users\/3162"}],"replies":[{"embeddable":true,"href":"https:\/\/www.webdo.tn\/fr\/wp-json\/wp\/v2\/comments?post=208635"}],"version-history":[{"count":0,"href":"https:\/\/www.webdo.tn\/fr\/wp-json\/wp\/v2\/posts\/208635\/revisions"}],"wp:featuredmedia":[{"embeddable":true,"href":"https:\/\/www.webdo.tn\/fr\/wp-json\/wp\/v2\/media\/249324"}],"wp:attachment":[{"href":"https:\/\/www.webdo.tn\/fr\/wp-json\/wp\/v2\/media?parent=208635"}],"wp:term":[{"taxonomy":"category","embeddable":true,"href":"https:\/\/www.webdo.tn\/fr\/wp-json\/wp\/v2\/categories?post=208635"},{"taxonomy":"post_tag","embeddable":true,"href":"https:\/\/www.webdo.tn\/fr\/wp-json\/wp\/v2\/tags?post=208635"}],"curies":[{"name":"wp","href":"https:\/\/api.w.org\/{rel}","templated":true}]}}