{"id":208630,"date":"2023-09-13T14:19:00","date_gmt":"2023-09-13T14:19:00","guid":{"rendered":"https:\/\/www.webdo.tn\/fr\/blog\/sfax-quatre-migrants-tunisiens-meurent-noyes\/208630\/"},"modified":"2025-05-20T22:41:12","modified_gmt":"2025-05-20T22:41:12","slug":"sfax-quatre-migrants-tunisiens-meurent-noyes","status":"publish","type":"post","link":"https:\/\/www.webdo.tn\/fr\/actualite\/regions\/sfax-quatre-migrants-tunisiens-meurent-noyes\/208630\/","title":{"rendered":"Sfax : Quatre migrants tunisiens meurent noy\u00e9s"},"content":{"rendered":"<p>Quatre migrants de nationalit\u00e9 tunisienne et 21 autres ont \u00e9t\u00e9 secourus ce mercredi 13 septembre 2023 apr\u00e8s le naufrage d&rsquo;une embarcation qui les transportait clandestinement vers les c\u00f4tes italiennes.<\/p>\n<p>\t\t\t\t\t\t\t\t\tLe bateau a chavir\u00e9 apr\u00e8s son d\u00e9part mardi de la c\u00f4te de Sfax, a pr\u00e9cis\u00e9 \u00e0 l&rsquo;AFP Faouzi Masmoudi, porte-parole du tribunal de la ville qui a ouvert une enqu\u00eate.<\/p>\n<p>Sfax est devenue depuis le d\u00e9but de l&rsquo;ann\u00e9e l&rsquo;\u00e9picentre des tentatives de travers\u00e9e clandestine de la M\u00e9diterran\u00e9e au d\u00e9part des c\u00f4tes tunisiennes, situ\u00e9es, au point le plus proche, \u00e0 moins de 130 kilom\u00e8tres de l&rsquo;\u00eele<\/p>\n","protected":false},"excerpt":{"rendered":"<p>Quatre migrants de nationalit\u00e9 tunisienne et 21 autres ont \u00e9t\u00e9 secourus ce mercredi 13 septembre 2023 apr\u00e8s le naufrage d&rsquo;une embarcation qui les transportait c&#8230;<\/p>\n","protected":false},"author":3175,"featured_media":249323,"comment_status":"open","ping_status":"closed","sticky":false,"template":"","format":"standard","meta":{"footnotes":""},"categories":[2595],"tags":[2894,2675,2608],"class_list":["post-208630","post","type-post","status-publish","format-standard","has-post-thumbnail","hentry","category-regions","tag-migrants","tag-sfax","tag-tunisie"],"yoast_head":"<!-- This site is optimized with the Yoast SEO Premium plugin v27.4 (Yoast SEO v27.5) - https:\/\/yoast.com\/product\/yoast-seo-premium-wordpress\/ -->\n<title>Sfax : Quatre migrants tunisiens meurent noy\u00e9s<\/title>\n<meta name=\"description\" content=\"Quatre migrants de nationalit\u00e9 tunisienne et 21 autres ont \u00e9t\u00e9 secourus ce mercredi 13 septembre 2023 apr\u00e8s le naufrage d&#039;une embarcation qui les transportait c...\" \/>\n<link rel=\"canonical\" href=\"https:\/\/www.webdo.tn\/fr\/actualite\/regions\/sfax-quatre-migrants-tunisiens-meurent-noyes\/208630\/\" \/>\n<meta property=\"og:locale\" content=\"fr_FR\" \/>\n<meta property=\"og:type\" content=\"article\" \/>\n<meta property=\"og:title\" content=\"Sfax : Quatre migrants tunisiens meurent noy\u00e9s\" \/>\n<meta property=\"og:description\" content=\"Quatre migrants de nationalit\u00e9 tunisienne et 21 autres ont \u00e9t\u00e9 secourus ce mercredi 13 septembre 2023 apr\u00e8s le naufrage d&#039;une embarcation qui les transportait c...\" \/>\n<meta property=\"og:url\" content=\"https:\/\/www.webdo.tn\/fr\/actualite\/regions\/sfax-quatre-migrants-tunisiens-meurent-noyes\/208630\/\" \/>\n<meta property=\"og:site_name\" content=\"webdo\" \/>\n<meta property=\"article:publisher\" content=\"https:\/\/www.facebook.com\/webdotn\" \/>\n<meta property=\"article:published_time\" content=\"2023-09-13T14:19:00+00:00\" \/>\n<meta property=\"article:modified_time\" content=\"2025-05-20T22:41:12+00:00\" \/>\n<meta property=\"og:image\" content=\"https:\/\/www.webdo.tn\/fr\/wp-content\/uploads\/2023\/09\/3f6e5dfbffd29139c37bfa40bec2d4b1.jpg\" \/>\n\t<meta property=\"og:image:width\" content=\"750\" \/>\n\t<meta property=\"og:image:height\" content=\"400\" \/>\n\t<meta property=\"og:image:type\" content=\"image\/jpeg\" \/>\n<meta name=\"author\" content=\"CL\" \/>\n<meta name=\"twitter:card\" content=\"summary_large_image\" \/>\n<meta name=\"twitter:creator\" content=\"@webdo_tn\" \/>\n<meta name=\"twitter:site\" content=\"@webdo_tn\" \/>\n<meta name=\"twitter:label1\" content=\"\u00c9crit par\" \/>\n\t<meta name=\"twitter:data1\" content=\"CL\" \/>\n\t<meta name=\"twitter:label2\" content=\"Dur\u00e9e de lecture estim\u00e9e\" \/>\n\t<meta name=\"twitter:data2\" content=\"1 minute\" \/>\n<script type=\"application\/ld+json\" class=\"yoast-schema-graph\">{\"@context\":\"https:\\\/\\\/schema.org\",\"@graph\":[{\"@type\":\"NewsArticle\",\"@id\":\"https:\\\/\\\/www.webdo.tn\\\/fr\\\/actualite\\\/regions\\\/sfax-quatre-migrants-tunisiens-meurent-noyes\\\/208630\\\/#article\",\"isPartOf\":{\"@id\":\"https:\\\/\\\/www.webdo.tn\\\/fr\\\/actualite\\\/regions\\\/sfax-quatre-migrants-tunisiens-meurent-noyes\\\/208630\\\/\"},\"author\":{\"name\":\"CL\",\"@id\":\"https:\\\/\\\/www.webdo.tn\\\/fr\\\/#\\\/schema\\\/person\\\/f35b42a42c5e2511bbd282959d6385cc\"},\"headline\":\"Sfax : Quatre migrants tunisiens meurent noy\u00e9s\",\"datePublished\":\"2023-09-13T14:19:00+00:00\",\"dateModified\":\"2025-05-20T22:41:12+00:00\",\"mainEntityOfPage\":{\"@id\":\"https:\\\/\\\/www.webdo.tn\\\/fr\\\/actualite\\\/regions\\\/sfax-quatre-migrants-tunisiens-meurent-noyes\\\/208630\\\/\"},\"wordCount\":116,\"commentCount\":0,\"publisher\":{\"@id\":\"https:\\\/\\\/www.webdo.tn\\\/fr\\\/#organization\"},\"image\":{\"@id\":\"https:\\\/\\\/www.webdo.tn\\\/fr\\\/actualite\\\/regions\\\/sfax-quatre-migrants-tunisiens-meurent-noyes\\\/208630\\\/#primaryimage\"},\"thumbnailUrl\":\"https:\\\/\\\/www.webdo.tn\\\/fr\\\/wp-content\\\/uploads\\\/2023\\\/09\\\/3f6e5dfbffd29139c37bfa40bec2d4b1.jpg\",\"keywords\":[\"migrants\",\"Sfax\",\"Tunisie\"],\"articleSection\":[\"regions\"],\"inLanguage\":\"fr-FR\"},{\"@type\":\"WebPage\",\"@id\":\"https:\\\/\\\/www.webdo.tn\\\/fr\\\/actualite\\\/regions\\\/sfax-quatre-migrants-tunisiens-meurent-noyes\\\/208630\\\/\",\"url\":\"https:\\\/\\\/www.webdo.tn\\\/fr\\\/actualite\\\/regions\\\/sfax-quatre-migrants-tunisiens-meurent-noyes\\\/208630\\\/\",\"name\":\"Sfax : Quatre migrants tunisiens meurent noy\u00e9s\",\"isPartOf\":{\"@id\":\"https:\\\/\\\/www.webdo.tn\\\/fr\\\/#website\"},\"primaryImageOfPage\":{\"@id\":\"https:\\\/\\\/www.webdo.tn\\\/fr\\\/actualite\\\/regions\\\/sfax-quatre-migrants-tunisiens-meurent-noyes\\\/208630\\\/#primaryimage\"},\"image\":{\"@id\":\"https:\\\/\\\/www.webdo.tn\\\/fr\\\/actualite\\\/regions\\\/sfax-quatre-migrants-tunisiens-meurent-noyes\\\/208630\\\/#primaryimage\"},\"thumbnailUrl\":\"https:\\\/\\\/www.webdo.tn\\\/fr\\\/wp-content\\\/uploads\\\/2023\\\/09\\\/3f6e5dfbffd29139c37bfa40bec2d4b1.jpg\",\"datePublished\":\"2023-09-13T14:19:00+00:00\",\"dateModified\":\"2025-05-20T22:41:12+00:00\",\"description\":\"Quatre migrants de nationalit\u00e9 tunisienne et 21 autres ont \u00e9t\u00e9 secourus ce mercredi 13 septembre 2023 apr\u00e8s le naufrage d'une embarcation qui les transportait c...\",\"breadcrumb\":{\"@id\":\"https:\\\/\\\/www.webdo.tn\\\/fr\\\/actualite\\\/regions\\\/sfax-quatre-migrants-tunisiens-meurent-noyes\\\/208630\\\/#breadcrumb\"},\"inLanguage\":\"fr-FR\",\"potentialAction\":[{\"@type\":\"ReadAction\",\"target\":[\"https:\\\/\\\/www.webdo.tn\\\/fr\\\/actualite\\\/regions\\\/sfax-quatre-migrants-tunisiens-meurent-noyes\\\/208630\\\/\"]}]},{\"@type\":\"ImageObject\",\"inLanguage\":\"fr-FR\",\"@id\":\"https:\\\/\\\/www.webdo.tn\\\/fr\\\/actualite\\\/regions\\\/sfax-quatre-migrants-tunisiens-meurent-noyes\\\/208630\\\/#primaryimage\",\"url\":\"https:\\\/\\\/www.webdo.tn\\\/fr\\\/wp-content\\\/uploads\\\/2023\\\/09\\\/3f6e5dfbffd29139c37bfa40bec2d4b1.jpg\",\"contentUrl\":\"https:\\\/\\\/www.webdo.tn\\\/fr\\\/wp-content\\\/uploads\\\/2023\\\/09\\\/3f6e5dfbffd29139c37bfa40bec2d4b1.jpg\",\"width\":750,\"height\":400,\"caption\":\"Sfax : Quatre migrants tunisiens meurent noy\u00e9s\"},{\"@type\":\"BreadcrumbList\",\"@id\":\"https:\\\/\\\/www.webdo.tn\\\/fr\\\/actualite\\\/regions\\\/sfax-quatre-migrants-tunisiens-meurent-noyes\\\/208630\\\/#breadcrumb\",\"itemListElement\":[{\"@type\":\"ListItem\",\"position\":1,\"name\":\"Accueil\",\"item\":\"https:\\\/\\\/www.webdo.tn\\\/fr\\\/\"},{\"@type\":\"ListItem\",\"position\":2,\"name\":\"Sfax : Quatre migrants tunisiens meurent noy\u00e9s\"}]},{\"@type\":\"WebSite\",\"@id\":\"https:\\\/\\\/www.webdo.tn\\\/fr\\\/#website\",\"url\":\"https:\\\/\\\/www.webdo.tn\\\/fr\\\/\",\"name\":\"webdo\",\"description\":\"Tunisie - News en Tunisie et \u00e0 l&#039;international sur Webdo.tn\",\"publisher\":{\"@id\":\"https:\\\/\\\/www.webdo.tn\\\/fr\\\/#organization\"},\"potentialAction\":[{\"@type\":\"SearchAction\",\"target\":{\"@type\":\"EntryPoint\",\"urlTemplate\":\"https:\\\/\\\/www.webdo.tn\\\/fr\\\/?s={search_term_string}\"},\"query-input\":{\"@type\":\"PropertyValueSpecification\",\"valueRequired\":true,\"valueName\":\"search_term_string\"}}],\"inLanguage\":\"fr-FR\"},{\"@type\":\"Organization\",\"@id\":\"https:\\\/\\\/www.webdo.tn\\\/fr\\\/#organization\",\"name\":\"Webdo\",\"alternateName\":\"Webdo.tn\",\"url\":\"https:\\\/\\\/www.webdo.tn\\\/fr\\\/\",\"logo\":{\"@type\":\"ImageObject\",\"inLanguage\":\"fr-FR\",\"@id\":\"https:\\\/\\\/www.webdo.tn\\\/fr\\\/#\\\/schema\\\/logo\\\/image\\\/\",\"url\":\"https:\\\/\\\/www.webdo.tn\\\/fr\\\/wp-content\\\/uploads\\\/2025\\\/06\\\/Webdo-Tunisie_168377.jpg\",\"contentUrl\":\"https:\\\/\\\/www.webdo.tn\\\/fr\\\/wp-content\\\/uploads\\\/2025\\\/06\\\/Webdo-Tunisie_168377.jpg\",\"width\":301,\"height\":301,\"caption\":\"Webdo\"},\"image\":{\"@id\":\"https:\\\/\\\/www.webdo.tn\\\/fr\\\/#\\\/schema\\\/logo\\\/image\\\/\"},\"sameAs\":[\"https:\\\/\\\/www.facebook.com\\\/webdotn\",\"https:\\\/\\\/x.com\\\/webdo_tn\"],\"description\":\"Webdo est un m\u00e9dia num\u00e9rique tunisien fond\u00e9 en 2010, sp\u00e9cialis\u00e9 dans l\u2019actualit\u00e9 nationale et internationale, l\u2019\u00e9conomie, la soci\u00e9t\u00e9 et les analyses politiques. Le site s\u2019adresse \u00e0 un large public francophone et couvre l\u2019information tunisienne en temps r\u00e9el.\",\"email\":\"redac@webdo.tn\",\"legalName\":\"YNJ SARL\",\"foundingDate\":\"2010-09-06\",\"numberOfEmployees\":{\"@type\":\"QuantitativeValue\",\"minValue\":\"11\",\"maxValue\":\"50\"}},{\"@type\":\"Person\",\"@id\":\"https:\\\/\\\/www.webdo.tn\\\/fr\\\/#\\\/schema\\\/person\\\/f35b42a42c5e2511bbd282959d6385cc\",\"name\":\"CL\",\"image\":{\"@type\":\"ImageObject\",\"inLanguage\":\"fr-FR\",\"@id\":\"https:\\\/\\\/secure.gravatar.com\\\/avatar\\\/1447a49909b67aa657c488aec6512e1dd6143a480c1ecfee9b5b5cd74eb3b59e?s=96&d=mm&r=g\",\"url\":\"https:\\\/\\\/secure.gravatar.com\\\/avatar\\\/1447a49909b67aa657c488aec6512e1dd6143a480c1ecfee9b5b5cd74eb3b59e?s=96&d=mm&r=g\",\"contentUrl\":\"https:\\\/\\\/secure.gravatar.com\\\/avatar\\\/1447a49909b67aa657c488aec6512e1dd6143a480c1ecfee9b5b5cd74eb3b59e?s=96&d=mm&r=g\",\"caption\":\"CL\"},\"url\":\"https:\\\/\\\/www.webdo.tn\\\/fr\\\/actualite\\\/author\\\/cl\\\/\"}]}<\/script>\n<!-- \/ Yoast SEO Premium plugin. -->","yoast_head_json":{"title":"Sfax : Quatre migrants tunisiens meurent noy\u00e9s","description":"Quatre migrants de nationalit\u00e9 tunisienne et 21 autres ont \u00e9t\u00e9 secourus ce mercredi 13 septembre 2023 apr\u00e8s le naufrage d'une embarcation qui les transportait c...","canonical":"https:\/\/www.webdo.tn\/fr\/actualite\/regions\/sfax-quatre-migrants-tunisiens-meurent-noyes\/208630\/","og_locale":"fr_FR","og_type":"article","og_title":"Sfax : Quatre migrants tunisiens meurent noy\u00e9s","og_description":"Quatre migrants de nationalit\u00e9 tunisienne et 21 autres ont \u00e9t\u00e9 secourus ce mercredi 13 septembre 2023 apr\u00e8s le naufrage d'une embarcation qui les transportait c...","og_url":"https:\/\/www.webdo.tn\/fr\/actualite\/regions\/sfax-quatre-migrants-tunisiens-meurent-noyes\/208630\/","og_site_name":"webdo","article_publisher":"https:\/\/www.facebook.com\/webdotn","article_published_time":"2023-09-13T14:19:00+00:00","article_modified_time":"2025-05-20T22:41:12+00:00","og_image":[{"width":750,"height":400,"url":"https:\/\/www.webdo.tn\/fr\/wp-content\/uploads\/2023\/09\/3f6e5dfbffd29139c37bfa40bec2d4b1.jpg","type":"image\/jpeg"}],"author":"CL","twitter_card":"summary_large_image","twitter_creator":"@webdo_tn","twitter_site":"@webdo_tn","twitter_misc":{"\u00c9crit par":"CL","Dur\u00e9e de lecture estim\u00e9e":"1 minute"},"schema":{"@context":"https:\/\/schema.org","@graph":[{"@type":"NewsArticle","@id":"https:\/\/www.webdo.tn\/fr\/actualite\/regions\/sfax-quatre-migrants-tunisiens-meurent-noyes\/208630\/#article","isPartOf":{"@id":"https:\/\/www.webdo.tn\/fr\/actualite\/regions\/sfax-quatre-migrants-tunisiens-meurent-noyes\/208630\/"},"author":{"name":"CL","@id":"https:\/\/www.webdo.tn\/fr\/#\/schema\/person\/f35b42a42c5e2511bbd282959d6385cc"},"headline":"Sfax : Quatre migrants tunisiens meurent noy\u00e9s","datePublished":"2023-09-13T14:19:00+00:00","dateModified":"2025-05-20T22:41:12+00:00","mainEntityOfPage":{"@id":"https:\/\/www.webdo.tn\/fr\/actualite\/regions\/sfax-quatre-migrants-tunisiens-meurent-noyes\/208630\/"},"wordCount":116,"commentCount":0,"publisher":{"@id":"https:\/\/www.webdo.tn\/fr\/#organization"},"image":{"@id":"https:\/\/www.webdo.tn\/fr\/actualite\/regions\/sfax-quatre-migrants-tunisiens-meurent-noyes\/208630\/#primaryimage"},"thumbnailUrl":"https:\/\/www.webdo.tn\/fr\/wp-content\/uploads\/2023\/09\/3f6e5dfbffd29139c37bfa40bec2d4b1.jpg","keywords":["migrants","Sfax","Tunisie"],"articleSection":["regions"],"inLanguage":"fr-FR"},{"@type":"WebPage","@id":"https:\/\/www.webdo.tn\/fr\/actualite\/regions\/sfax-quatre-migrants-tunisiens-meurent-noyes\/208630\/","url":"https:\/\/www.webdo.tn\/fr\/actualite\/regions\/sfax-quatre-migrants-tunisiens-meurent-noyes\/208630\/","name":"Sfax : Quatre migrants tunisiens meurent noy\u00e9s","isPartOf":{"@id":"https:\/\/www.webdo.tn\/fr\/#website"},"primaryImageOfPage":{"@id":"https:\/\/www.webdo.tn\/fr\/actualite\/regions\/sfax-quatre-migrants-tunisiens-meurent-noyes\/208630\/#primaryimage"},"image":{"@id":"https:\/\/www.webdo.tn\/fr\/actualite\/regions\/sfax-quatre-migrants-tunisiens-meurent-noyes\/208630\/#primaryimage"},"thumbnailUrl":"https:\/\/www.webdo.tn\/fr\/wp-content\/uploads\/2023\/09\/3f6e5dfbffd29139c37bfa40bec2d4b1.jpg","datePublished":"2023-09-13T14:19:00+00:00","dateModified":"2025-05-20T22:41:12+00:00","description":"Quatre migrants de nationalit\u00e9 tunisienne et 21 autres ont \u00e9t\u00e9 secourus ce mercredi 13 septembre 2023 apr\u00e8s le naufrage d'une embarcation qui les transportait c...","breadcrumb":{"@id":"https:\/\/www.webdo.tn\/fr\/actualite\/regions\/sfax-quatre-migrants-tunisiens-meurent-noyes\/208630\/#breadcrumb"},"inLanguage":"fr-FR","potentialAction":[{"@type":"ReadAction","target":["https:\/\/www.webdo.tn\/fr\/actualite\/regions\/sfax-quatre-migrants-tunisiens-meurent-noyes\/208630\/"]}]},{"@type":"ImageObject","inLanguage":"fr-FR","@id":"https:\/\/www.webdo.tn\/fr\/actualite\/regions\/sfax-quatre-migrants-tunisiens-meurent-noyes\/208630\/#primaryimage","url":"https:\/\/www.webdo.tn\/fr\/wp-content\/uploads\/2023\/09\/3f6e5dfbffd29139c37bfa40bec2d4b1.jpg","contentUrl":"https:\/\/www.webdo.tn\/fr\/wp-content\/uploads\/2023\/09\/3f6e5dfbffd29139c37bfa40bec2d4b1.jpg","width":750,"height":400,"caption":"Sfax : Quatre migrants tunisiens meurent noy\u00e9s"},{"@type":"BreadcrumbList","@id":"https:\/\/www.webdo.tn\/fr\/actualite\/regions\/sfax-quatre-migrants-tunisiens-meurent-noyes\/208630\/#breadcrumb","itemListElement":[{"@type":"ListItem","position":1,"name":"Accueil","item":"https:\/\/www.webdo.tn\/fr\/"},{"@type":"ListItem","position":2,"name":"Sfax : Quatre migrants tunisiens meurent noy\u00e9s"}]},{"@type":"WebSite","@id":"https:\/\/www.webdo.tn\/fr\/#website","url":"https:\/\/www.webdo.tn\/fr\/","name":"webdo","description":"Tunisie - News en Tunisie et \u00e0 l&#039;international sur Webdo.tn","publisher":{"@id":"https:\/\/www.webdo.tn\/fr\/#organization"},"potentialAction":[{"@type":"SearchAction","target":{"@type":"EntryPoint","urlTemplate":"https:\/\/www.webdo.tn\/fr\/?s={search_term_string}"},"query-input":{"@type":"PropertyValueSpecification","valueRequired":true,"valueName":"search_term_string"}}],"inLanguage":"fr-FR"},{"@type":"Organization","@id":"https:\/\/www.webdo.tn\/fr\/#organization","name":"Webdo","alternateName":"Webdo.tn","url":"https:\/\/www.webdo.tn\/fr\/","logo":{"@type":"ImageObject","inLanguage":"fr-FR","@id":"https:\/\/www.webdo.tn\/fr\/#\/schema\/logo\/image\/","url":"https:\/\/www.webdo.tn\/fr\/wp-content\/uploads\/2025\/06\/Webdo-Tunisie_168377.jpg","contentUrl":"https:\/\/www.webdo.tn\/fr\/wp-content\/uploads\/2025\/06\/Webdo-Tunisie_168377.jpg","width":301,"height":301,"caption":"Webdo"},"image":{"@id":"https:\/\/www.webdo.tn\/fr\/#\/schema\/logo\/image\/"},"sameAs":["https:\/\/www.facebook.com\/webdotn","https:\/\/x.com\/webdo_tn"],"description":"Webdo est un m\u00e9dia num\u00e9rique tunisien fond\u00e9 en 2010, sp\u00e9cialis\u00e9 dans l\u2019actualit\u00e9 nationale et internationale, l\u2019\u00e9conomie, la soci\u00e9t\u00e9 et les analyses politiques. Le site s\u2019adresse \u00e0 un large public francophone et couvre l\u2019information tunisienne en temps r\u00e9el.","email":"redac@webdo.tn","legalName":"YNJ SARL","foundingDate":"2010-09-06","numberOfEmployees":{"@type":"QuantitativeValue","minValue":"11","maxValue":"50"}},{"@type":"Person","@id":"https:\/\/www.webdo.tn\/fr\/#\/schema\/person\/f35b42a42c5e2511bbd282959d6385cc","name":"CL","image":{"@type":"ImageObject","inLanguage":"fr-FR","@id":"https:\/\/secure.gravatar.com\/avatar\/1447a49909b67aa657c488aec6512e1dd6143a480c1ecfee9b5b5cd74eb3b59e?s=96&d=mm&r=g","url":"https:\/\/secure.gravatar.com\/avatar\/1447a49909b67aa657c488aec6512e1dd6143a480c1ecfee9b5b5cd74eb3b59e?s=96&d=mm&r=g","contentUrl":"https:\/\/secure.gravatar.com\/avatar\/1447a49909b67aa657c488aec6512e1dd6143a480c1ecfee9b5b5cd74eb3b59e?s=96&d=mm&r=g","caption":"CL"},"url":"https:\/\/www.webdo.tn\/fr\/actualite\/author\/cl\/"}]}},"_links":{"self":[{"href":"https:\/\/www.webdo.tn\/fr\/wp-json\/wp\/v2\/posts\/208630","targetHints":{"allow":["GET"]}}],"collection":[{"href":"https:\/\/www.webdo.tn\/fr\/wp-json\/wp\/v2\/posts"}],"about":[{"href":"https:\/\/www.webdo.tn\/fr\/wp-json\/wp\/v2\/types\/post"}],"author":[{"embeddable":true,"href":"https:\/\/www.webdo.tn\/fr\/wp-json\/wp\/v2\/users\/3175"}],"replies":[{"embeddable":true,"href":"https:\/\/www.webdo.tn\/fr\/wp-json\/wp\/v2\/comments?post=208630"}],"version-history":[{"count":0,"href":"https:\/\/www.webdo.tn\/fr\/wp-json\/wp\/v2\/posts\/208630\/revisions"}],"wp:featuredmedia":[{"embeddable":true,"href":"https:\/\/www.webdo.tn\/fr\/wp-json\/wp\/v2\/media\/249323"}],"wp:attachment":[{"href":"https:\/\/www.webdo.tn\/fr\/wp-json\/wp\/v2\/media?parent=208630"}],"wp:term":[{"taxonomy":"category","embeddable":true,"href":"https:\/\/www.webdo.tn\/fr\/wp-json\/wp\/v2\/categories?post=208630"},{"taxonomy":"post_tag","embeddable":true,"href":"https:\/\/www.webdo.tn\/fr\/wp-json\/wp\/v2\/tags?post=208630"}],"curies":[{"name":"wp","href":"https:\/\/api.w.org\/{rel}","templated":true}]}}