{"id":208627,"date":"2023-09-13T13:08:00","date_gmt":"2023-09-13T13:08:00","guid":{"rendered":"https:\/\/www.webdo.tn\/fr\/blog\/la-tunisie-risque-des-inondations-comme-en-1969-avertit-un-climatologue\/208627\/"},"modified":"2025-05-20T22:41:11","modified_gmt":"2025-05-20T22:41:11","slug":"la-tunisie-risque-des-inondations-comme-en-1969-avertit-un-climatologue","status":"publish","type":"post","link":"https:\/\/www.webdo.tn\/fr\/actualite\/national\/la-tunisie-risque-des-inondations-comme-en-1969-avertit-un-climatologue\/208627\/","title":{"rendered":"La Tunisie risque des inondations comme en 1969, avertit un climatologue"},"content":{"rendered":"<p>Les changements climatiques ont accru les pr\u00e9cipitations associ\u00e9es aux cyclones tropicaux, selon les m\u00e9t\u00e9orologistes et les climatologues. D&rsquo;apr\u00e8s l&rsquo;Organisation m\u00e9t\u00e9orologique mondiale (OMM), le changement climatique a rendu les conditions m\u00e9t\u00e9orologiques plus intenses de 20 \u00e0 50 %.<\/p>\n<p>En Libye, pays d&rsquo;Afrique du Nord, voisin de la Tunisie, les vents temp\u00e9tueux et les pluies torrentielles li\u00e9es \u00e0 l&rsquo;ouragon \u00ab\u00a0Daniel\u00a0\u00bb ont laiss\u00e9 derri\u00e8re eux un bilan tr\u00e8s lourd de plus de 5000 morts (jusqu&rsquo;au 12 septembre 2023) et des milliers de disparus.<\/p>\n<p>\u00ab\u00a0Il est peu probable pour qu&rsquo;une temp\u00eate tropicale semblable \u00e0 celle qui a frapp\u00e9 la Libye, affecte, \u00e0 court et \u00e0 moyen termes, la Tunisie\u00a0\u00bb, a rassur\u00e9 le climatologue tunisien, Zouhaier Hlaoui, mercredi, \u00e9voquant des \u00e9tudes climatiques men\u00e9es en Tunisie.<\/p>\n<p>\u00ab\u00a0Ce ph\u00e9nom\u00e8ne, qui s\u2019inscrit dans le cadre d\u2019un syst\u00e8me a\u00e9rologique m\u00e9diterran\u00e9en, ne risque pas de toucher les r\u00e9gions tunisiennes, car il se caract\u00e9rise par un d\u00e9placement de l\u2019ouest vers l\u2019est, et au vu qu\u2019il est arriv\u00e9 aux c\u00f4tes libyennes et \u00e9gyptiennes, il n\u2019est plus possible qu\u2019il reviendra vers les c\u00f4tes tunisiennes, d\u2019autant plus qu\u2019il s\u2019est affaibli, ces derniers jours\u00a0\u00bb, a d\u00e9velopp\u00e9 le climatologue, dans une d\u00e9claration accord\u00e9e \u00e0 l&rsquo;agence TAP.<\/p>\n<p>Toutefois, il est probable d&rsquo;enregistrer, durant les p\u00e9riodes interm\u00e9diaires (entre les saisons- automne et printemps), \u00ab\u00a0le ph\u00e9nom\u00e8ne de retour de l\u2019Est\u00a0\u00bb, qui g\u00e9n\u00e8re plusieurs perturbations, notamment de fortes pr\u00e9cipitations, causant des inondations, \u00e0 l\u2019instar des inondations enregistr\u00e9es en Tunisie en 1969 et en 1990&Prime;, a encore indiqu\u00e9 Hlaoui.<\/p>\n","protected":false},"excerpt":{"rendered":"<p>Les changements climatiques ont accru les pr\u00e9cipitations associ\u00e9es aux cyclones tropicaux, selon les m\u00e9t\u00e9orologistes et les climatologues. D&rsquo;apr\u00e8s l&rsquo;Organisatio&#8230;<\/p>\n","protected":false},"author":3175,"featured_media":249319,"comment_status":"open","ping_status":"closed","sticky":false,"template":"","format":"standard","meta":{"footnotes":""},"categories":[44],"tags":[7937,3164,2608],"class_list":["post-208627","post","type-post","status-publish","format-standard","has-post-thumbnail","hentry","category-national","tag-7937","tag-inondations","tag-tunisie"],"yoast_head":"<!-- This site is optimized with the Yoast SEO Premium plugin v27.5 (Yoast SEO v27.5) - https:\/\/yoast.com\/product\/yoast-seo-premium-wordpress\/ -->\n<title>La Tunisie risque des inondations comme en 1969, avertit un climatologue<\/title>\n<meta name=\"description\" content=\"Les changements climatiques ont accru les pr\u00e9cipitations associ\u00e9es aux cyclones tropicaux, selon les m\u00e9t\u00e9orologistes et les climatologues. D&#039;apr\u00e8s l&#039;Organisatio...\" \/>\n<link rel=\"canonical\" href=\"https:\/\/www.webdo.tn\/fr\/actualite\/national\/la-tunisie-risque-des-inondations-comme-en-1969-avertit-un-climatologue\/208627\/\" \/>\n<meta property=\"og:locale\" content=\"fr_FR\" \/>\n<meta property=\"og:type\" content=\"article\" \/>\n<meta property=\"og:title\" content=\"La Tunisie risque des inondations comme en 1969, avertit un climatologue\" \/>\n<meta property=\"og:description\" content=\"Les changements climatiques ont accru les pr\u00e9cipitations associ\u00e9es aux cyclones tropicaux, selon les m\u00e9t\u00e9orologistes et les climatologues. D&#039;apr\u00e8s l&#039;Organisatio...\" \/>\n<meta property=\"og:url\" content=\"https:\/\/www.webdo.tn\/fr\/actualite\/national\/la-tunisie-risque-des-inondations-comme-en-1969-avertit-un-climatologue\/208627\/\" \/>\n<meta property=\"og:site_name\" content=\"webdo\" \/>\n<meta property=\"article:publisher\" content=\"https:\/\/www.facebook.com\/webdotn\" \/>\n<meta property=\"article:published_time\" content=\"2023-09-13T13:08:00+00:00\" \/>\n<meta property=\"article:modified_time\" content=\"2025-05-20T22:41:11+00:00\" \/>\n<meta property=\"og:image\" content=\"https:\/\/www.webdo.tn\/fr\/wp-content\/uploads\/2023\/09\/634de076c9d8665781a4d1ca1cf7e037.jpg\" \/>\n\t<meta property=\"og:image:width\" content=\"510\" \/>\n\t<meta property=\"og:image:height\" content=\"272\" \/>\n\t<meta property=\"og:image:type\" content=\"image\/jpeg\" \/>\n<meta name=\"author\" content=\"CL\" \/>\n<meta name=\"twitter:card\" content=\"summary_large_image\" \/>\n<meta name=\"twitter:creator\" content=\"@webdo_tn\" \/>\n<meta name=\"twitter:site\" content=\"@webdo_tn\" \/>\n<meta name=\"twitter:label1\" content=\"\u00c9crit par\" \/>\n\t<meta name=\"twitter:data1\" content=\"CL\" \/>\n\t<meta name=\"twitter:label2\" content=\"Dur\u00e9e de lecture estim\u00e9e\" \/>\n\t<meta name=\"twitter:data2\" content=\"1 minute\" \/>\n<script type=\"application\/ld+json\" class=\"yoast-schema-graph\">{\"@context\":\"https:\\\/\\\/schema.org\",\"@graph\":[{\"@type\":\"NewsArticle\",\"@id\":\"https:\\\/\\\/www.webdo.tn\\\/fr\\\/actualite\\\/national\\\/la-tunisie-risque-des-inondations-comme-en-1969-avertit-un-climatologue\\\/208627\\\/#article\",\"isPartOf\":{\"@id\":\"https:\\\/\\\/www.webdo.tn\\\/fr\\\/actualite\\\/national\\\/la-tunisie-risque-des-inondations-comme-en-1969-avertit-un-climatologue\\\/208627\\\/\"},\"author\":{\"name\":\"CL\",\"@id\":\"https:\\\/\\\/www.webdo.tn\\\/fr\\\/#\\\/schema\\\/person\\\/f35b42a42c5e2511bbd282959d6385cc\"},\"headline\":\"La Tunisie risque des inondations comme en 1969, avertit un climatologue\",\"datePublished\":\"2023-09-13T13:08:00+00:00\",\"dateModified\":\"2025-05-20T22:41:11+00:00\",\"mainEntityOfPage\":{\"@id\":\"https:\\\/\\\/www.webdo.tn\\\/fr\\\/actualite\\\/national\\\/la-tunisie-risque-des-inondations-comme-en-1969-avertit-un-climatologue\\\/208627\\\/\"},\"wordCount\":290,\"commentCount\":0,\"publisher\":{\"@id\":\"https:\\\/\\\/www.webdo.tn\\\/fr\\\/#organization\"},\"image\":{\"@id\":\"https:\\\/\\\/www.webdo.tn\\\/fr\\\/actualite\\\/national\\\/la-tunisie-risque-des-inondations-comme-en-1969-avertit-un-climatologue\\\/208627\\\/#primaryimage\"},\"thumbnailUrl\":\"https:\\\/\\\/www.webdo.tn\\\/fr\\\/wp-content\\\/uploads\\\/2023\\\/09\\\/634de076c9d8665781a4d1ca1cf7e037.jpg\",\"keywords\":[\"1969\",\"Inondations\",\"Tunisie\"],\"articleSection\":[\"National\"],\"inLanguage\":\"fr-FR\"},{\"@type\":\"WebPage\",\"@id\":\"https:\\\/\\\/www.webdo.tn\\\/fr\\\/actualite\\\/national\\\/la-tunisie-risque-des-inondations-comme-en-1969-avertit-un-climatologue\\\/208627\\\/\",\"url\":\"https:\\\/\\\/www.webdo.tn\\\/fr\\\/actualite\\\/national\\\/la-tunisie-risque-des-inondations-comme-en-1969-avertit-un-climatologue\\\/208627\\\/\",\"name\":\"La Tunisie risque des inondations comme en 1969, avertit un climatologue\",\"isPartOf\":{\"@id\":\"https:\\\/\\\/www.webdo.tn\\\/fr\\\/#website\"},\"primaryImageOfPage\":{\"@id\":\"https:\\\/\\\/www.webdo.tn\\\/fr\\\/actualite\\\/national\\\/la-tunisie-risque-des-inondations-comme-en-1969-avertit-un-climatologue\\\/208627\\\/#primaryimage\"},\"image\":{\"@id\":\"https:\\\/\\\/www.webdo.tn\\\/fr\\\/actualite\\\/national\\\/la-tunisie-risque-des-inondations-comme-en-1969-avertit-un-climatologue\\\/208627\\\/#primaryimage\"},\"thumbnailUrl\":\"https:\\\/\\\/www.webdo.tn\\\/fr\\\/wp-content\\\/uploads\\\/2023\\\/09\\\/634de076c9d8665781a4d1ca1cf7e037.jpg\",\"datePublished\":\"2023-09-13T13:08:00+00:00\",\"dateModified\":\"2025-05-20T22:41:11+00:00\",\"description\":\"Les changements climatiques ont accru les pr\u00e9cipitations associ\u00e9es aux cyclones tropicaux, selon les m\u00e9t\u00e9orologistes et les climatologues. D'apr\u00e8s l'Organisatio...\",\"breadcrumb\":{\"@id\":\"https:\\\/\\\/www.webdo.tn\\\/fr\\\/actualite\\\/national\\\/la-tunisie-risque-des-inondations-comme-en-1969-avertit-un-climatologue\\\/208627\\\/#breadcrumb\"},\"inLanguage\":\"fr-FR\",\"potentialAction\":[{\"@type\":\"ReadAction\",\"target\":[\"https:\\\/\\\/www.webdo.tn\\\/fr\\\/actualite\\\/national\\\/la-tunisie-risque-des-inondations-comme-en-1969-avertit-un-climatologue\\\/208627\\\/\"]}]},{\"@type\":\"ImageObject\",\"inLanguage\":\"fr-FR\",\"@id\":\"https:\\\/\\\/www.webdo.tn\\\/fr\\\/actualite\\\/national\\\/la-tunisie-risque-des-inondations-comme-en-1969-avertit-un-climatologue\\\/208627\\\/#primaryimage\",\"url\":\"https:\\\/\\\/www.webdo.tn\\\/fr\\\/wp-content\\\/uploads\\\/2023\\\/09\\\/634de076c9d8665781a4d1ca1cf7e037.jpg\",\"contentUrl\":\"https:\\\/\\\/www.webdo.tn\\\/fr\\\/wp-content\\\/uploads\\\/2023\\\/09\\\/634de076c9d8665781a4d1ca1cf7e037.jpg\",\"width\":510,\"height\":272,\"caption\":\"La Tunisie risque des inondations comme en 1969, avertit un climatologue\"},{\"@type\":\"BreadcrumbList\",\"@id\":\"https:\\\/\\\/www.webdo.tn\\\/fr\\\/actualite\\\/national\\\/la-tunisie-risque-des-inondations-comme-en-1969-avertit-un-climatologue\\\/208627\\\/#breadcrumb\",\"itemListElement\":[{\"@type\":\"ListItem\",\"position\":1,\"name\":\"Accueil\",\"item\":\"https:\\\/\\\/www.webdo.tn\\\/fr\\\/\"},{\"@type\":\"ListItem\",\"position\":2,\"name\":\"La Tunisie risque des inondations comme en 1969, avertit un climatologue\"}]},{\"@type\":\"WebSite\",\"@id\":\"https:\\\/\\\/www.webdo.tn\\\/fr\\\/#website\",\"url\":\"https:\\\/\\\/www.webdo.tn\\\/fr\\\/\",\"name\":\"webdo\",\"description\":\"Tunisie - News en Tunisie et \u00e0 l&#039;international sur Webdo.tn\",\"publisher\":{\"@id\":\"https:\\\/\\\/www.webdo.tn\\\/fr\\\/#organization\"},\"potentialAction\":[{\"@type\":\"SearchAction\",\"target\":{\"@type\":\"EntryPoint\",\"urlTemplate\":\"https:\\\/\\\/www.webdo.tn\\\/fr\\\/?s={search_term_string}\"},\"query-input\":{\"@type\":\"PropertyValueSpecification\",\"valueRequired\":true,\"valueName\":\"search_term_string\"}}],\"inLanguage\":\"fr-FR\"},{\"@type\":\"Organization\",\"@id\":\"https:\\\/\\\/www.webdo.tn\\\/fr\\\/#organization\",\"name\":\"Webdo\",\"alternateName\":\"Webdo.tn\",\"url\":\"https:\\\/\\\/www.webdo.tn\\\/fr\\\/\",\"logo\":{\"@type\":\"ImageObject\",\"inLanguage\":\"fr-FR\",\"@id\":\"https:\\\/\\\/www.webdo.tn\\\/fr\\\/#\\\/schema\\\/logo\\\/image\\\/\",\"url\":\"https:\\\/\\\/www.webdo.tn\\\/fr\\\/wp-content\\\/uploads\\\/2025\\\/06\\\/Webdo-Tunisie_168377.jpg\",\"contentUrl\":\"https:\\\/\\\/www.webdo.tn\\\/fr\\\/wp-content\\\/uploads\\\/2025\\\/06\\\/Webdo-Tunisie_168377.jpg\",\"width\":301,\"height\":301,\"caption\":\"Webdo\"},\"image\":{\"@id\":\"https:\\\/\\\/www.webdo.tn\\\/fr\\\/#\\\/schema\\\/logo\\\/image\\\/\"},\"sameAs\":[\"https:\\\/\\\/www.facebook.com\\\/webdotn\",\"https:\\\/\\\/x.com\\\/webdo_tn\"],\"description\":\"Webdo est un m\u00e9dia num\u00e9rique tunisien fond\u00e9 en 2010, sp\u00e9cialis\u00e9 dans l\u2019actualit\u00e9 nationale et internationale, l\u2019\u00e9conomie, la soci\u00e9t\u00e9 et les analyses politiques. Le site s\u2019adresse \u00e0 un large public francophone et couvre l\u2019information tunisienne en temps r\u00e9el.\",\"email\":\"redac@webdo.tn\",\"legalName\":\"YNJ SARL\",\"foundingDate\":\"2010-09-06\",\"numberOfEmployees\":{\"@type\":\"QuantitativeValue\",\"minValue\":\"11\",\"maxValue\":\"50\"}},{\"@type\":\"Person\",\"@id\":\"https:\\\/\\\/www.webdo.tn\\\/fr\\\/#\\\/schema\\\/person\\\/f35b42a42c5e2511bbd282959d6385cc\",\"name\":\"CL\",\"image\":{\"@type\":\"ImageObject\",\"inLanguage\":\"fr-FR\",\"@id\":\"https:\\\/\\\/secure.gravatar.com\\\/avatar\\\/1447a49909b67aa657c488aec6512e1dd6143a480c1ecfee9b5b5cd74eb3b59e?s=96&d=mm&r=g\",\"url\":\"https:\\\/\\\/secure.gravatar.com\\\/avatar\\\/1447a49909b67aa657c488aec6512e1dd6143a480c1ecfee9b5b5cd74eb3b59e?s=96&d=mm&r=g\",\"contentUrl\":\"https:\\\/\\\/secure.gravatar.com\\\/avatar\\\/1447a49909b67aa657c488aec6512e1dd6143a480c1ecfee9b5b5cd74eb3b59e?s=96&d=mm&r=g\",\"caption\":\"CL\"},\"url\":\"https:\\\/\\\/www.webdo.tn\\\/fr\\\/actualite\\\/author\\\/cl\\\/\"}]}<\/script>\n<!-- \/ Yoast SEO Premium plugin. -->","yoast_head_json":{"title":"La Tunisie risque des inondations comme en 1969, avertit un climatologue","description":"Les changements climatiques ont accru les pr\u00e9cipitations associ\u00e9es aux cyclones tropicaux, selon les m\u00e9t\u00e9orologistes et les climatologues. D'apr\u00e8s l'Organisatio...","canonical":"https:\/\/www.webdo.tn\/fr\/actualite\/national\/la-tunisie-risque-des-inondations-comme-en-1969-avertit-un-climatologue\/208627\/","og_locale":"fr_FR","og_type":"article","og_title":"La Tunisie risque des inondations comme en 1969, avertit un climatologue","og_description":"Les changements climatiques ont accru les pr\u00e9cipitations associ\u00e9es aux cyclones tropicaux, selon les m\u00e9t\u00e9orologistes et les climatologues. D'apr\u00e8s l'Organisatio...","og_url":"https:\/\/www.webdo.tn\/fr\/actualite\/national\/la-tunisie-risque-des-inondations-comme-en-1969-avertit-un-climatologue\/208627\/","og_site_name":"webdo","article_publisher":"https:\/\/www.facebook.com\/webdotn","article_published_time":"2023-09-13T13:08:00+00:00","article_modified_time":"2025-05-20T22:41:11+00:00","og_image":[{"width":510,"height":272,"url":"https:\/\/www.webdo.tn\/fr\/wp-content\/uploads\/2023\/09\/634de076c9d8665781a4d1ca1cf7e037.jpg","type":"image\/jpeg"}],"author":"CL","twitter_card":"summary_large_image","twitter_creator":"@webdo_tn","twitter_site":"@webdo_tn","twitter_misc":{"\u00c9crit par":"CL","Dur\u00e9e de lecture estim\u00e9e":"1 minute"},"schema":{"@context":"https:\/\/schema.org","@graph":[{"@type":"NewsArticle","@id":"https:\/\/www.webdo.tn\/fr\/actualite\/national\/la-tunisie-risque-des-inondations-comme-en-1969-avertit-un-climatologue\/208627\/#article","isPartOf":{"@id":"https:\/\/www.webdo.tn\/fr\/actualite\/national\/la-tunisie-risque-des-inondations-comme-en-1969-avertit-un-climatologue\/208627\/"},"author":{"name":"CL","@id":"https:\/\/www.webdo.tn\/fr\/#\/schema\/person\/f35b42a42c5e2511bbd282959d6385cc"},"headline":"La Tunisie risque des inondations comme en 1969, avertit un climatologue","datePublished":"2023-09-13T13:08:00+00:00","dateModified":"2025-05-20T22:41:11+00:00","mainEntityOfPage":{"@id":"https:\/\/www.webdo.tn\/fr\/actualite\/national\/la-tunisie-risque-des-inondations-comme-en-1969-avertit-un-climatologue\/208627\/"},"wordCount":290,"commentCount":0,"publisher":{"@id":"https:\/\/www.webdo.tn\/fr\/#organization"},"image":{"@id":"https:\/\/www.webdo.tn\/fr\/actualite\/national\/la-tunisie-risque-des-inondations-comme-en-1969-avertit-un-climatologue\/208627\/#primaryimage"},"thumbnailUrl":"https:\/\/www.webdo.tn\/fr\/wp-content\/uploads\/2023\/09\/634de076c9d8665781a4d1ca1cf7e037.jpg","keywords":["1969","Inondations","Tunisie"],"articleSection":["National"],"inLanguage":"fr-FR"},{"@type":"WebPage","@id":"https:\/\/www.webdo.tn\/fr\/actualite\/national\/la-tunisie-risque-des-inondations-comme-en-1969-avertit-un-climatologue\/208627\/","url":"https:\/\/www.webdo.tn\/fr\/actualite\/national\/la-tunisie-risque-des-inondations-comme-en-1969-avertit-un-climatologue\/208627\/","name":"La Tunisie risque des inondations comme en 1969, avertit un climatologue","isPartOf":{"@id":"https:\/\/www.webdo.tn\/fr\/#website"},"primaryImageOfPage":{"@id":"https:\/\/www.webdo.tn\/fr\/actualite\/national\/la-tunisie-risque-des-inondations-comme-en-1969-avertit-un-climatologue\/208627\/#primaryimage"},"image":{"@id":"https:\/\/www.webdo.tn\/fr\/actualite\/national\/la-tunisie-risque-des-inondations-comme-en-1969-avertit-un-climatologue\/208627\/#primaryimage"},"thumbnailUrl":"https:\/\/www.webdo.tn\/fr\/wp-content\/uploads\/2023\/09\/634de076c9d8665781a4d1ca1cf7e037.jpg","datePublished":"2023-09-13T13:08:00+00:00","dateModified":"2025-05-20T22:41:11+00:00","description":"Les changements climatiques ont accru les pr\u00e9cipitations associ\u00e9es aux cyclones tropicaux, selon les m\u00e9t\u00e9orologistes et les climatologues. D'apr\u00e8s l'Organisatio...","breadcrumb":{"@id":"https:\/\/www.webdo.tn\/fr\/actualite\/national\/la-tunisie-risque-des-inondations-comme-en-1969-avertit-un-climatologue\/208627\/#breadcrumb"},"inLanguage":"fr-FR","potentialAction":[{"@type":"ReadAction","target":["https:\/\/www.webdo.tn\/fr\/actualite\/national\/la-tunisie-risque-des-inondations-comme-en-1969-avertit-un-climatologue\/208627\/"]}]},{"@type":"ImageObject","inLanguage":"fr-FR","@id":"https:\/\/www.webdo.tn\/fr\/actualite\/national\/la-tunisie-risque-des-inondations-comme-en-1969-avertit-un-climatologue\/208627\/#primaryimage","url":"https:\/\/www.webdo.tn\/fr\/wp-content\/uploads\/2023\/09\/634de076c9d8665781a4d1ca1cf7e037.jpg","contentUrl":"https:\/\/www.webdo.tn\/fr\/wp-content\/uploads\/2023\/09\/634de076c9d8665781a4d1ca1cf7e037.jpg","width":510,"height":272,"caption":"La Tunisie risque des inondations comme en 1969, avertit un climatologue"},{"@type":"BreadcrumbList","@id":"https:\/\/www.webdo.tn\/fr\/actualite\/national\/la-tunisie-risque-des-inondations-comme-en-1969-avertit-un-climatologue\/208627\/#breadcrumb","itemListElement":[{"@type":"ListItem","position":1,"name":"Accueil","item":"https:\/\/www.webdo.tn\/fr\/"},{"@type":"ListItem","position":2,"name":"La Tunisie risque des inondations comme en 1969, avertit un climatologue"}]},{"@type":"WebSite","@id":"https:\/\/www.webdo.tn\/fr\/#website","url":"https:\/\/www.webdo.tn\/fr\/","name":"webdo","description":"Tunisie - News en Tunisie et \u00e0 l&#039;international sur Webdo.tn","publisher":{"@id":"https:\/\/www.webdo.tn\/fr\/#organization"},"potentialAction":[{"@type":"SearchAction","target":{"@type":"EntryPoint","urlTemplate":"https:\/\/www.webdo.tn\/fr\/?s={search_term_string}"},"query-input":{"@type":"PropertyValueSpecification","valueRequired":true,"valueName":"search_term_string"}}],"inLanguage":"fr-FR"},{"@type":"Organization","@id":"https:\/\/www.webdo.tn\/fr\/#organization","name":"Webdo","alternateName":"Webdo.tn","url":"https:\/\/www.webdo.tn\/fr\/","logo":{"@type":"ImageObject","inLanguage":"fr-FR","@id":"https:\/\/www.webdo.tn\/fr\/#\/schema\/logo\/image\/","url":"https:\/\/www.webdo.tn\/fr\/wp-content\/uploads\/2025\/06\/Webdo-Tunisie_168377.jpg","contentUrl":"https:\/\/www.webdo.tn\/fr\/wp-content\/uploads\/2025\/06\/Webdo-Tunisie_168377.jpg","width":301,"height":301,"caption":"Webdo"},"image":{"@id":"https:\/\/www.webdo.tn\/fr\/#\/schema\/logo\/image\/"},"sameAs":["https:\/\/www.facebook.com\/webdotn","https:\/\/x.com\/webdo_tn"],"description":"Webdo est un m\u00e9dia num\u00e9rique tunisien fond\u00e9 en 2010, sp\u00e9cialis\u00e9 dans l\u2019actualit\u00e9 nationale et internationale, l\u2019\u00e9conomie, la soci\u00e9t\u00e9 et les analyses politiques. Le site s\u2019adresse \u00e0 un large public francophone et couvre l\u2019information tunisienne en temps r\u00e9el.","email":"redac@webdo.tn","legalName":"YNJ SARL","foundingDate":"2010-09-06","numberOfEmployees":{"@type":"QuantitativeValue","minValue":"11","maxValue":"50"}},{"@type":"Person","@id":"https:\/\/www.webdo.tn\/fr\/#\/schema\/person\/f35b42a42c5e2511bbd282959d6385cc","name":"CL","image":{"@type":"ImageObject","inLanguage":"fr-FR","@id":"https:\/\/secure.gravatar.com\/avatar\/1447a49909b67aa657c488aec6512e1dd6143a480c1ecfee9b5b5cd74eb3b59e?s=96&d=mm&r=g","url":"https:\/\/secure.gravatar.com\/avatar\/1447a49909b67aa657c488aec6512e1dd6143a480c1ecfee9b5b5cd74eb3b59e?s=96&d=mm&r=g","contentUrl":"https:\/\/secure.gravatar.com\/avatar\/1447a49909b67aa657c488aec6512e1dd6143a480c1ecfee9b5b5cd74eb3b59e?s=96&d=mm&r=g","caption":"CL"},"url":"https:\/\/www.webdo.tn\/fr\/actualite\/author\/cl\/"}]}},"_links":{"self":[{"href":"https:\/\/www.webdo.tn\/fr\/wp-json\/wp\/v2\/posts\/208627","targetHints":{"allow":["GET"]}}],"collection":[{"href":"https:\/\/www.webdo.tn\/fr\/wp-json\/wp\/v2\/posts"}],"about":[{"href":"https:\/\/www.webdo.tn\/fr\/wp-json\/wp\/v2\/types\/post"}],"author":[{"embeddable":true,"href":"https:\/\/www.webdo.tn\/fr\/wp-json\/wp\/v2\/users\/3175"}],"replies":[{"embeddable":true,"href":"https:\/\/www.webdo.tn\/fr\/wp-json\/wp\/v2\/comments?post=208627"}],"version-history":[{"count":0,"href":"https:\/\/www.webdo.tn\/fr\/wp-json\/wp\/v2\/posts\/208627\/revisions"}],"wp:featuredmedia":[{"embeddable":true,"href":"https:\/\/www.webdo.tn\/fr\/wp-json\/wp\/v2\/media\/249319"}],"wp:attachment":[{"href":"https:\/\/www.webdo.tn\/fr\/wp-json\/wp\/v2\/media?parent=208627"}],"wp:term":[{"taxonomy":"category","embeddable":true,"href":"https:\/\/www.webdo.tn\/fr\/wp-json\/wp\/v2\/categories?post=208627"},{"taxonomy":"post_tag","embeddable":true,"href":"https:\/\/www.webdo.tn\/fr\/wp-json\/wp\/v2\/tags?post=208627"}],"curies":[{"name":"wp","href":"https:\/\/api.w.org\/{rel}","templated":true}]}}