{"id":208608,"date":"2023-09-13T08:44:00","date_gmt":"2023-09-13T08:44:00","guid":{"rendered":"https:\/\/www.webdo.tn\/fr\/blog\/france-l-iphone-12-interdit-de-vente-pour-ondes-trop-puissantes\/208608\/"},"modified":"2025-05-20T22:41:15","modified_gmt":"2025-05-20T22:41:15","slug":"france-l-iphone-12-interdit-de-vente-pour-ondes-trop-puissantes","status":"publish","type":"post","link":"https:\/\/www.webdo.tn\/fr\/actualite\/international\/france-l-iphone-12-interdit-de-vente-pour-ondes-trop-puissantes\/208608\/","title":{"rendered":"France : L&rsquo;iPhone 12 interdit de vente pour ondes trop puissantes"},"content":{"rendered":"<p>En France, l\u2019Agence des fr\u00e9quences a notifi\u00e9 hier mardi \u00e0 Apple de retirer de la vente son iPhone 12. Celui-ci \u00e9met des ondes trop puissantes. Si le fabricant am\u00e9ricain ne se met pas en conformit\u00e9, le ministre fran\u00e7ais charg\u00e9 du Num\u00e9rique \u00e9voque une d\u00e9cision de rappel.<\/p>\n<p>\t\t\t\t\t\t\t\t\tAlors que la marque pr\u00e9sentait son nouvel iPhone 15, l&rsquo;Agence nationale des fr\u00e9quences (ANFR) publiait un communiqu\u00e9 de presse concernant les \u00e9missions d&rsquo;ondes de l&rsquo;iPhone 12. Le mod\u00e8le, sorti en 2020, est d\u00e9sormais accus\u00e9 d\u2019\u00e9mettre trop d&rsquo;ondes selon les normes en vigueur.<\/p>\n<p>Le contr\u00f4le des d\u00e9bits d\u2019absorption sp\u00e9cifique s\u2019av\u00e8re inqui\u00e9tant selon cette agence, il s\u2019agit de quantifier l\u2019\u00e9nergie transport\u00e9e par les ondes \u00e9lectromagn\u00e9tiques et absorb\u00e9e par le corps humain.<\/p>\n<p>Du coup\u00a0la commercialisation de l&rsquo;iPhone 12 est interrompue en France jusqu&rsquo;\u00e0 ce qu&rsquo;Apple propose une mise \u00e0 jour pour tous les appareils concern\u00e9s.<\/p>\n","protected":false},"excerpt":{"rendered":"<p>En France, l\u2019Agence des fr\u00e9quences a notifi\u00e9 hier mardi \u00e0 Apple de retirer de la vente son iPhone 12. Celui-ci \u00e9met des ondes trop puissantes. Si le fabricant a&#8230;<\/p>\n","protected":false},"author":3175,"featured_media":249339,"comment_status":"open","ping_status":"closed","sticky":false,"template":"","format":"standard","meta":{"footnotes":""},"categories":[2598],"tags":[4263,2998,7944],"class_list":["post-208608","post","type-post","status-publish","format-standard","has-post-thumbnail","hentry","category-international","tag-appel","tag-france","tag-iphone-12"],"yoast_head":"<!-- This site is optimized with the Yoast SEO Premium plugin v27.5 (Yoast SEO v27.5) - https:\/\/yoast.com\/product\/yoast-seo-premium-wordpress\/ -->\n<title>France : L&#039;iPhone 12 interdit de vente pour ondes trop puissantes<\/title>\n<meta name=\"description\" content=\"En France, l\u2019Agence des fr\u00e9quences a notifi\u00e9 hier mardi \u00e0 Apple de retirer de la vente son iPhone 12. Celui-ci \u00e9met des ondes trop puissantes. Si le fabricant a...\" \/>\n<link rel=\"canonical\" href=\"https:\/\/www.webdo.tn\/fr\/actualite\/international\/france-l-iphone-12-interdit-de-vente-pour-ondes-trop-puissantes\/208608\/\" \/>\n<meta property=\"og:locale\" content=\"fr_FR\" \/>\n<meta property=\"og:type\" content=\"article\" \/>\n<meta property=\"og:title\" content=\"France : L&#039;iPhone 12 interdit de vente pour ondes trop puissantes\" \/>\n<meta property=\"og:description\" content=\"En France, l\u2019Agence des fr\u00e9quences a notifi\u00e9 hier mardi \u00e0 Apple de retirer de la vente son iPhone 12. Celui-ci \u00e9met des ondes trop puissantes. Si le fabricant a...\" \/>\n<meta property=\"og:url\" content=\"https:\/\/www.webdo.tn\/fr\/actualite\/international\/france-l-iphone-12-interdit-de-vente-pour-ondes-trop-puissantes\/208608\/\" \/>\n<meta property=\"og:site_name\" content=\"webdo\" \/>\n<meta property=\"article:publisher\" content=\"https:\/\/www.facebook.com\/webdotn\" \/>\n<meta property=\"article:published_time\" content=\"2023-09-13T08:44:00+00:00\" \/>\n<meta property=\"article:modified_time\" content=\"2025-05-20T22:41:15+00:00\" \/>\n<meta property=\"og:image\" content=\"https:\/\/www.webdo.tn\/fr\/wp-content\/uploads\/2023\/09\/07a773a85528c58ffcd601e646860a20.jpg\" \/>\n\t<meta property=\"og:image:width\" content=\"641\" \/>\n\t<meta property=\"og:image:height\" content=\"342\" \/>\n\t<meta property=\"og:image:type\" content=\"image\/jpeg\" \/>\n<meta name=\"author\" content=\"CL\" \/>\n<meta name=\"twitter:card\" content=\"summary_large_image\" \/>\n<meta name=\"twitter:creator\" content=\"@webdo_tn\" \/>\n<meta name=\"twitter:site\" content=\"@webdo_tn\" \/>\n<meta name=\"twitter:label1\" content=\"\u00c9crit par\" \/>\n\t<meta name=\"twitter:data1\" content=\"CL\" \/>\n\t<meta name=\"twitter:label2\" content=\"Dur\u00e9e de lecture estim\u00e9e\" \/>\n\t<meta name=\"twitter:data2\" content=\"1 minute\" \/>\n<script type=\"application\/ld+json\" class=\"yoast-schema-graph\">{\"@context\":\"https:\\\/\\\/schema.org\",\"@graph\":[{\"@type\":\"NewsArticle\",\"@id\":\"https:\\\/\\\/www.webdo.tn\\\/fr\\\/actualite\\\/international\\\/france-l-iphone-12-interdit-de-vente-pour-ondes-trop-puissantes\\\/208608\\\/#article\",\"isPartOf\":{\"@id\":\"https:\\\/\\\/www.webdo.tn\\\/fr\\\/actualite\\\/international\\\/france-l-iphone-12-interdit-de-vente-pour-ondes-trop-puissantes\\\/208608\\\/\"},\"author\":{\"name\":\"CL\",\"@id\":\"https:\\\/\\\/www.webdo.tn\\\/fr\\\/#\\\/schema\\\/person\\\/f35b42a42c5e2511bbd282959d6385cc\"},\"headline\":\"France : L&rsquo;iPhone 12 interdit de vente pour ondes trop puissantes\",\"datePublished\":\"2023-09-13T08:44:00+00:00\",\"dateModified\":\"2025-05-20T22:41:15+00:00\",\"mainEntityOfPage\":{\"@id\":\"https:\\\/\\\/www.webdo.tn\\\/fr\\\/actualite\\\/international\\\/france-l-iphone-12-interdit-de-vente-pour-ondes-trop-puissantes\\\/208608\\\/\"},\"wordCount\":172,\"commentCount\":0,\"publisher\":{\"@id\":\"https:\\\/\\\/www.webdo.tn\\\/fr\\\/#organization\"},\"image\":{\"@id\":\"https:\\\/\\\/www.webdo.tn\\\/fr\\\/actualite\\\/international\\\/france-l-iphone-12-interdit-de-vente-pour-ondes-trop-puissantes\\\/208608\\\/#primaryimage\"},\"thumbnailUrl\":\"https:\\\/\\\/www.webdo.tn\\\/fr\\\/wp-content\\\/uploads\\\/2023\\\/09\\\/07a773a85528c58ffcd601e646860a20.jpg\",\"keywords\":[\"appel\",\"france\",\"Iphone 12\"],\"articleSection\":[\"International\"],\"inLanguage\":\"fr-FR\"},{\"@type\":\"WebPage\",\"@id\":\"https:\\\/\\\/www.webdo.tn\\\/fr\\\/actualite\\\/international\\\/france-l-iphone-12-interdit-de-vente-pour-ondes-trop-puissantes\\\/208608\\\/\",\"url\":\"https:\\\/\\\/www.webdo.tn\\\/fr\\\/actualite\\\/international\\\/france-l-iphone-12-interdit-de-vente-pour-ondes-trop-puissantes\\\/208608\\\/\",\"name\":\"France : L'iPhone 12 interdit de vente pour ondes trop puissantes\",\"isPartOf\":{\"@id\":\"https:\\\/\\\/www.webdo.tn\\\/fr\\\/#website\"},\"primaryImageOfPage\":{\"@id\":\"https:\\\/\\\/www.webdo.tn\\\/fr\\\/actualite\\\/international\\\/france-l-iphone-12-interdit-de-vente-pour-ondes-trop-puissantes\\\/208608\\\/#primaryimage\"},\"image\":{\"@id\":\"https:\\\/\\\/www.webdo.tn\\\/fr\\\/actualite\\\/international\\\/france-l-iphone-12-interdit-de-vente-pour-ondes-trop-puissantes\\\/208608\\\/#primaryimage\"},\"thumbnailUrl\":\"https:\\\/\\\/www.webdo.tn\\\/fr\\\/wp-content\\\/uploads\\\/2023\\\/09\\\/07a773a85528c58ffcd601e646860a20.jpg\",\"datePublished\":\"2023-09-13T08:44:00+00:00\",\"dateModified\":\"2025-05-20T22:41:15+00:00\",\"description\":\"En France, l\u2019Agence des fr\u00e9quences a notifi\u00e9 hier mardi \u00e0 Apple de retirer de la vente son iPhone 12. Celui-ci \u00e9met des ondes trop puissantes. Si le fabricant a...\",\"breadcrumb\":{\"@id\":\"https:\\\/\\\/www.webdo.tn\\\/fr\\\/actualite\\\/international\\\/france-l-iphone-12-interdit-de-vente-pour-ondes-trop-puissantes\\\/208608\\\/#breadcrumb\"},\"inLanguage\":\"fr-FR\",\"potentialAction\":[{\"@type\":\"ReadAction\",\"target\":[\"https:\\\/\\\/www.webdo.tn\\\/fr\\\/actualite\\\/international\\\/france-l-iphone-12-interdit-de-vente-pour-ondes-trop-puissantes\\\/208608\\\/\"]}]},{\"@type\":\"ImageObject\",\"inLanguage\":\"fr-FR\",\"@id\":\"https:\\\/\\\/www.webdo.tn\\\/fr\\\/actualite\\\/international\\\/france-l-iphone-12-interdit-de-vente-pour-ondes-trop-puissantes\\\/208608\\\/#primaryimage\",\"url\":\"https:\\\/\\\/www.webdo.tn\\\/fr\\\/wp-content\\\/uploads\\\/2023\\\/09\\\/07a773a85528c58ffcd601e646860a20.jpg\",\"contentUrl\":\"https:\\\/\\\/www.webdo.tn\\\/fr\\\/wp-content\\\/uploads\\\/2023\\\/09\\\/07a773a85528c58ffcd601e646860a20.jpg\",\"width\":641,\"height\":342,\"caption\":\"France : L'iPhone 12 interdit de vente pour ondes trop puissantes\"},{\"@type\":\"BreadcrumbList\",\"@id\":\"https:\\\/\\\/www.webdo.tn\\\/fr\\\/actualite\\\/international\\\/france-l-iphone-12-interdit-de-vente-pour-ondes-trop-puissantes\\\/208608\\\/#breadcrumb\",\"itemListElement\":[{\"@type\":\"ListItem\",\"position\":1,\"name\":\"Accueil\",\"item\":\"https:\\\/\\\/www.webdo.tn\\\/fr\\\/\"},{\"@type\":\"ListItem\",\"position\":2,\"name\":\"France : L&rsquo;iPhone 12 interdit de vente pour ondes trop puissantes\"}]},{\"@type\":\"WebSite\",\"@id\":\"https:\\\/\\\/www.webdo.tn\\\/fr\\\/#website\",\"url\":\"https:\\\/\\\/www.webdo.tn\\\/fr\\\/\",\"name\":\"webdo\",\"description\":\"Tunisie - News en Tunisie et \u00e0 l&#039;international sur Webdo.tn\",\"publisher\":{\"@id\":\"https:\\\/\\\/www.webdo.tn\\\/fr\\\/#organization\"},\"potentialAction\":[{\"@type\":\"SearchAction\",\"target\":{\"@type\":\"EntryPoint\",\"urlTemplate\":\"https:\\\/\\\/www.webdo.tn\\\/fr\\\/?s={search_term_string}\"},\"query-input\":{\"@type\":\"PropertyValueSpecification\",\"valueRequired\":true,\"valueName\":\"search_term_string\"}}],\"inLanguage\":\"fr-FR\"},{\"@type\":\"Organization\",\"@id\":\"https:\\\/\\\/www.webdo.tn\\\/fr\\\/#organization\",\"name\":\"Webdo\",\"alternateName\":\"Webdo.tn\",\"url\":\"https:\\\/\\\/www.webdo.tn\\\/fr\\\/\",\"logo\":{\"@type\":\"ImageObject\",\"inLanguage\":\"fr-FR\",\"@id\":\"https:\\\/\\\/www.webdo.tn\\\/fr\\\/#\\\/schema\\\/logo\\\/image\\\/\",\"url\":\"https:\\\/\\\/www.webdo.tn\\\/fr\\\/wp-content\\\/uploads\\\/2025\\\/06\\\/Webdo-Tunisie_168377.jpg\",\"contentUrl\":\"https:\\\/\\\/www.webdo.tn\\\/fr\\\/wp-content\\\/uploads\\\/2025\\\/06\\\/Webdo-Tunisie_168377.jpg\",\"width\":301,\"height\":301,\"caption\":\"Webdo\"},\"image\":{\"@id\":\"https:\\\/\\\/www.webdo.tn\\\/fr\\\/#\\\/schema\\\/logo\\\/image\\\/\"},\"sameAs\":[\"https:\\\/\\\/www.facebook.com\\\/webdotn\",\"https:\\\/\\\/x.com\\\/webdo_tn\"],\"description\":\"Webdo est un m\u00e9dia num\u00e9rique tunisien fond\u00e9 en 2010, sp\u00e9cialis\u00e9 dans l\u2019actualit\u00e9 nationale et internationale, l\u2019\u00e9conomie, la soci\u00e9t\u00e9 et les analyses politiques. Le site s\u2019adresse \u00e0 un large public francophone et couvre l\u2019information tunisienne en temps r\u00e9el.\",\"email\":\"redac@webdo.tn\",\"legalName\":\"YNJ SARL\",\"foundingDate\":\"2010-09-06\",\"numberOfEmployees\":{\"@type\":\"QuantitativeValue\",\"minValue\":\"11\",\"maxValue\":\"50\"}},{\"@type\":\"Person\",\"@id\":\"https:\\\/\\\/www.webdo.tn\\\/fr\\\/#\\\/schema\\\/person\\\/f35b42a42c5e2511bbd282959d6385cc\",\"name\":\"CL\",\"image\":{\"@type\":\"ImageObject\",\"inLanguage\":\"fr-FR\",\"@id\":\"https:\\\/\\\/secure.gravatar.com\\\/avatar\\\/1447a49909b67aa657c488aec6512e1dd6143a480c1ecfee9b5b5cd74eb3b59e?s=96&d=mm&r=g\",\"url\":\"https:\\\/\\\/secure.gravatar.com\\\/avatar\\\/1447a49909b67aa657c488aec6512e1dd6143a480c1ecfee9b5b5cd74eb3b59e?s=96&d=mm&r=g\",\"contentUrl\":\"https:\\\/\\\/secure.gravatar.com\\\/avatar\\\/1447a49909b67aa657c488aec6512e1dd6143a480c1ecfee9b5b5cd74eb3b59e?s=96&d=mm&r=g\",\"caption\":\"CL\"},\"url\":\"https:\\\/\\\/www.webdo.tn\\\/fr\\\/actualite\\\/author\\\/cl\\\/\"}]}<\/script>\n<!-- \/ Yoast SEO Premium plugin. -->","yoast_head_json":{"title":"France : L'iPhone 12 interdit de vente pour ondes trop puissantes","description":"En France, l\u2019Agence des fr\u00e9quences a notifi\u00e9 hier mardi \u00e0 Apple de retirer de la vente son iPhone 12. Celui-ci \u00e9met des ondes trop puissantes. Si le fabricant a...","canonical":"https:\/\/www.webdo.tn\/fr\/actualite\/international\/france-l-iphone-12-interdit-de-vente-pour-ondes-trop-puissantes\/208608\/","og_locale":"fr_FR","og_type":"article","og_title":"France : L'iPhone 12 interdit de vente pour ondes trop puissantes","og_description":"En France, l\u2019Agence des fr\u00e9quences a notifi\u00e9 hier mardi \u00e0 Apple de retirer de la vente son iPhone 12. Celui-ci \u00e9met des ondes trop puissantes. Si le fabricant a...","og_url":"https:\/\/www.webdo.tn\/fr\/actualite\/international\/france-l-iphone-12-interdit-de-vente-pour-ondes-trop-puissantes\/208608\/","og_site_name":"webdo","article_publisher":"https:\/\/www.facebook.com\/webdotn","article_published_time":"2023-09-13T08:44:00+00:00","article_modified_time":"2025-05-20T22:41:15+00:00","og_image":[{"width":641,"height":342,"url":"https:\/\/www.webdo.tn\/fr\/wp-content\/uploads\/2023\/09\/07a773a85528c58ffcd601e646860a20.jpg","type":"image\/jpeg"}],"author":"CL","twitter_card":"summary_large_image","twitter_creator":"@webdo_tn","twitter_site":"@webdo_tn","twitter_misc":{"\u00c9crit par":"CL","Dur\u00e9e de lecture estim\u00e9e":"1 minute"},"schema":{"@context":"https:\/\/schema.org","@graph":[{"@type":"NewsArticle","@id":"https:\/\/www.webdo.tn\/fr\/actualite\/international\/france-l-iphone-12-interdit-de-vente-pour-ondes-trop-puissantes\/208608\/#article","isPartOf":{"@id":"https:\/\/www.webdo.tn\/fr\/actualite\/international\/france-l-iphone-12-interdit-de-vente-pour-ondes-trop-puissantes\/208608\/"},"author":{"name":"CL","@id":"https:\/\/www.webdo.tn\/fr\/#\/schema\/person\/f35b42a42c5e2511bbd282959d6385cc"},"headline":"France : L&rsquo;iPhone 12 interdit de vente pour ondes trop puissantes","datePublished":"2023-09-13T08:44:00+00:00","dateModified":"2025-05-20T22:41:15+00:00","mainEntityOfPage":{"@id":"https:\/\/www.webdo.tn\/fr\/actualite\/international\/france-l-iphone-12-interdit-de-vente-pour-ondes-trop-puissantes\/208608\/"},"wordCount":172,"commentCount":0,"publisher":{"@id":"https:\/\/www.webdo.tn\/fr\/#organization"},"image":{"@id":"https:\/\/www.webdo.tn\/fr\/actualite\/international\/france-l-iphone-12-interdit-de-vente-pour-ondes-trop-puissantes\/208608\/#primaryimage"},"thumbnailUrl":"https:\/\/www.webdo.tn\/fr\/wp-content\/uploads\/2023\/09\/07a773a85528c58ffcd601e646860a20.jpg","keywords":["appel","france","Iphone 12"],"articleSection":["International"],"inLanguage":"fr-FR"},{"@type":"WebPage","@id":"https:\/\/www.webdo.tn\/fr\/actualite\/international\/france-l-iphone-12-interdit-de-vente-pour-ondes-trop-puissantes\/208608\/","url":"https:\/\/www.webdo.tn\/fr\/actualite\/international\/france-l-iphone-12-interdit-de-vente-pour-ondes-trop-puissantes\/208608\/","name":"France : L'iPhone 12 interdit de vente pour ondes trop puissantes","isPartOf":{"@id":"https:\/\/www.webdo.tn\/fr\/#website"},"primaryImageOfPage":{"@id":"https:\/\/www.webdo.tn\/fr\/actualite\/international\/france-l-iphone-12-interdit-de-vente-pour-ondes-trop-puissantes\/208608\/#primaryimage"},"image":{"@id":"https:\/\/www.webdo.tn\/fr\/actualite\/international\/france-l-iphone-12-interdit-de-vente-pour-ondes-trop-puissantes\/208608\/#primaryimage"},"thumbnailUrl":"https:\/\/www.webdo.tn\/fr\/wp-content\/uploads\/2023\/09\/07a773a85528c58ffcd601e646860a20.jpg","datePublished":"2023-09-13T08:44:00+00:00","dateModified":"2025-05-20T22:41:15+00:00","description":"En France, l\u2019Agence des fr\u00e9quences a notifi\u00e9 hier mardi \u00e0 Apple de retirer de la vente son iPhone 12. Celui-ci \u00e9met des ondes trop puissantes. Si le fabricant a...","breadcrumb":{"@id":"https:\/\/www.webdo.tn\/fr\/actualite\/international\/france-l-iphone-12-interdit-de-vente-pour-ondes-trop-puissantes\/208608\/#breadcrumb"},"inLanguage":"fr-FR","potentialAction":[{"@type":"ReadAction","target":["https:\/\/www.webdo.tn\/fr\/actualite\/international\/france-l-iphone-12-interdit-de-vente-pour-ondes-trop-puissantes\/208608\/"]}]},{"@type":"ImageObject","inLanguage":"fr-FR","@id":"https:\/\/www.webdo.tn\/fr\/actualite\/international\/france-l-iphone-12-interdit-de-vente-pour-ondes-trop-puissantes\/208608\/#primaryimage","url":"https:\/\/www.webdo.tn\/fr\/wp-content\/uploads\/2023\/09\/07a773a85528c58ffcd601e646860a20.jpg","contentUrl":"https:\/\/www.webdo.tn\/fr\/wp-content\/uploads\/2023\/09\/07a773a85528c58ffcd601e646860a20.jpg","width":641,"height":342,"caption":"France : L'iPhone 12 interdit de vente pour ondes trop puissantes"},{"@type":"BreadcrumbList","@id":"https:\/\/www.webdo.tn\/fr\/actualite\/international\/france-l-iphone-12-interdit-de-vente-pour-ondes-trop-puissantes\/208608\/#breadcrumb","itemListElement":[{"@type":"ListItem","position":1,"name":"Accueil","item":"https:\/\/www.webdo.tn\/fr\/"},{"@type":"ListItem","position":2,"name":"France : L&rsquo;iPhone 12 interdit de vente pour ondes trop puissantes"}]},{"@type":"WebSite","@id":"https:\/\/www.webdo.tn\/fr\/#website","url":"https:\/\/www.webdo.tn\/fr\/","name":"webdo","description":"Tunisie - News en Tunisie et \u00e0 l&#039;international sur Webdo.tn","publisher":{"@id":"https:\/\/www.webdo.tn\/fr\/#organization"},"potentialAction":[{"@type":"SearchAction","target":{"@type":"EntryPoint","urlTemplate":"https:\/\/www.webdo.tn\/fr\/?s={search_term_string}"},"query-input":{"@type":"PropertyValueSpecification","valueRequired":true,"valueName":"search_term_string"}}],"inLanguage":"fr-FR"},{"@type":"Organization","@id":"https:\/\/www.webdo.tn\/fr\/#organization","name":"Webdo","alternateName":"Webdo.tn","url":"https:\/\/www.webdo.tn\/fr\/","logo":{"@type":"ImageObject","inLanguage":"fr-FR","@id":"https:\/\/www.webdo.tn\/fr\/#\/schema\/logo\/image\/","url":"https:\/\/www.webdo.tn\/fr\/wp-content\/uploads\/2025\/06\/Webdo-Tunisie_168377.jpg","contentUrl":"https:\/\/www.webdo.tn\/fr\/wp-content\/uploads\/2025\/06\/Webdo-Tunisie_168377.jpg","width":301,"height":301,"caption":"Webdo"},"image":{"@id":"https:\/\/www.webdo.tn\/fr\/#\/schema\/logo\/image\/"},"sameAs":["https:\/\/www.facebook.com\/webdotn","https:\/\/x.com\/webdo_tn"],"description":"Webdo est un m\u00e9dia num\u00e9rique tunisien fond\u00e9 en 2010, sp\u00e9cialis\u00e9 dans l\u2019actualit\u00e9 nationale et internationale, l\u2019\u00e9conomie, la soci\u00e9t\u00e9 et les analyses politiques. Le site s\u2019adresse \u00e0 un large public francophone et couvre l\u2019information tunisienne en temps r\u00e9el.","email":"redac@webdo.tn","legalName":"YNJ SARL","foundingDate":"2010-09-06","numberOfEmployees":{"@type":"QuantitativeValue","minValue":"11","maxValue":"50"}},{"@type":"Person","@id":"https:\/\/www.webdo.tn\/fr\/#\/schema\/person\/f35b42a42c5e2511bbd282959d6385cc","name":"CL","image":{"@type":"ImageObject","inLanguage":"fr-FR","@id":"https:\/\/secure.gravatar.com\/avatar\/1447a49909b67aa657c488aec6512e1dd6143a480c1ecfee9b5b5cd74eb3b59e?s=96&d=mm&r=g","url":"https:\/\/secure.gravatar.com\/avatar\/1447a49909b67aa657c488aec6512e1dd6143a480c1ecfee9b5b5cd74eb3b59e?s=96&d=mm&r=g","contentUrl":"https:\/\/secure.gravatar.com\/avatar\/1447a49909b67aa657c488aec6512e1dd6143a480c1ecfee9b5b5cd74eb3b59e?s=96&d=mm&r=g","caption":"CL"},"url":"https:\/\/www.webdo.tn\/fr\/actualite\/author\/cl\/"}]}},"_links":{"self":[{"href":"https:\/\/www.webdo.tn\/fr\/wp-json\/wp\/v2\/posts\/208608","targetHints":{"allow":["GET"]}}],"collection":[{"href":"https:\/\/www.webdo.tn\/fr\/wp-json\/wp\/v2\/posts"}],"about":[{"href":"https:\/\/www.webdo.tn\/fr\/wp-json\/wp\/v2\/types\/post"}],"author":[{"embeddable":true,"href":"https:\/\/www.webdo.tn\/fr\/wp-json\/wp\/v2\/users\/3175"}],"replies":[{"embeddable":true,"href":"https:\/\/www.webdo.tn\/fr\/wp-json\/wp\/v2\/comments?post=208608"}],"version-history":[{"count":0,"href":"https:\/\/www.webdo.tn\/fr\/wp-json\/wp\/v2\/posts\/208608\/revisions"}],"wp:featuredmedia":[{"embeddable":true,"href":"https:\/\/www.webdo.tn\/fr\/wp-json\/wp\/v2\/media\/249339"}],"wp:attachment":[{"href":"https:\/\/www.webdo.tn\/fr\/wp-json\/wp\/v2\/media?parent=208608"}],"wp:term":[{"taxonomy":"category","embeddable":true,"href":"https:\/\/www.webdo.tn\/fr\/wp-json\/wp\/v2\/categories?post=208608"},{"taxonomy":"post_tag","embeddable":true,"href":"https:\/\/www.webdo.tn\/fr\/wp-json\/wp\/v2\/tags?post=208608"}],"curies":[{"name":"wp","href":"https:\/\/api.w.org\/{rel}","templated":true}]}}