{"id":208607,"date":"2023-09-13T08:15:00","date_gmt":"2023-09-13T08:15:00","guid":{"rendered":"https:\/\/www.webdo.tn\/fr\/blog\/libye-la-tunisie-deploie-un-hopital-de-campagne\/208607\/"},"modified":"2025-05-20T22:41:15","modified_gmt":"2025-05-20T22:41:15","slug":"libye-la-tunisie-deploie-un-hopital-de-campagne","status":"publish","type":"post","link":"https:\/\/www.webdo.tn\/fr\/actualite\/national\/libye-la-tunisie-deploie-un-hopital-de-campagne\/208607\/","title":{"rendered":"Libye : La Tunisie d\u00e9ploie un h\u00f4pital de campagne"},"content":{"rendered":"<p>Dans un communiqu\u00e9 rendu public hier mardi 12 septembre, le minist\u00e8re de l\u2019Int\u00e9rieur a annonc\u00e9 qu\u2019un avion militaire transportant des \u00e9quipements m\u00e9dicaux, et d\u2019autres de recherche et de secours s\u2019est envol\u00e9 vers la Libye.<\/p>\n<p>Il s\u2019agit notamment d\u2019une \u00e9quipe de protection civile et de moyens humains et mat\u00e9riels appropri\u00e9s pour aider les personnes sinistr\u00e9es.\u00a0<\/p>\n<p>\u00ab 52 agents de la protection civile ainsi qu\u2019une \u00e9quipe m\u00e9dicale qui ont \u00e9t\u00e9 mobilis\u00e9s \u00bb, a-t-on communiqu\u00e9, affirmant qu\u2019il a \u00e9t\u00e9 \u00e9galement d\u00e9cid\u00e9 de d\u00e9ployer un h\u00f4pital de campagne.\u00a0<\/p>\n<p>C\u2019est la catastrophe en Libye. La ville de Derna, dans l&rsquo;est du pays, a \u00e9t\u00e9 enti\u00e8rement inond\u00e9e par des pluies diluviennes, et avec l\u2019effondrement de plusieurs barrages la situation a empir\u00e9. Un bilan provisoire \u00e9voque plus de 3000 morts.<\/p>\n<p>La temp\u00eate Daniel qui provoque de graves inondations dans le nord-est en Libye depuis deux jours a a fait \u00e9galement neuf mille disparus, ont d\u00e9clar\u00e9 les autorit\u00e9s de l&rsquo;est du pays, alors que les autorit\u00e9s rivales de Tripoli ont d\u00e9clar\u00e9 l&rsquo;\u00e9tat de catastrophe et lanc\u00e9 un appel \u00e0 l&rsquo;aide internationale.<\/p>\n","protected":false},"excerpt":{"rendered":"<p>Dans un communiqu\u00e9 rendu public hier mardi 12 septembre, le minist\u00e8re de l\u2019Int\u00e9rieur a annonc\u00e9 qu\u2019un avion militaire transportant des \u00e9quipements m\u00e9dicaux, et d&#8230;<\/p>\n","protected":false},"author":3175,"featured_media":249340,"comment_status":"open","ping_status":"closed","sticky":false,"template":"","format":"standard","meta":{"footnotes":""},"categories":[44],"tags":[7198,3279,2608],"class_list":["post-208607","post","type-post","status-publish","format-standard","has-post-thumbnail","hentry","category-national","tag-aides","tag-libye","tag-tunisie"],"yoast_head":"<!-- This site is optimized with the Yoast SEO Premium plugin v27.5 (Yoast SEO v27.5) - https:\/\/yoast.com\/product\/yoast-seo-premium-wordpress\/ -->\n<title>Libye : La Tunisie d\u00e9ploie un h\u00f4pital de campagne<\/title>\n<meta name=\"description\" content=\"Dans un communiqu\u00e9 rendu public hier mardi 12 septembre, le minist\u00e8re de l\u2019Int\u00e9rieur a annonc\u00e9 qu\u2019un avion militaire transportant des \u00e9quipements m\u00e9dicaux, et d...\" \/>\n<link rel=\"canonical\" href=\"https:\/\/www.webdo.tn\/fr\/actualite\/national\/libye-la-tunisie-deploie-un-hopital-de-campagne\/208607\/\" \/>\n<meta property=\"og:locale\" content=\"fr_FR\" \/>\n<meta property=\"og:type\" content=\"article\" \/>\n<meta property=\"og:title\" content=\"Libye : La Tunisie d\u00e9ploie un h\u00f4pital de campagne\" \/>\n<meta property=\"og:description\" content=\"Dans un communiqu\u00e9 rendu public hier mardi 12 septembre, le minist\u00e8re de l\u2019Int\u00e9rieur a annonc\u00e9 qu\u2019un avion militaire transportant des \u00e9quipements m\u00e9dicaux, et d...\" \/>\n<meta property=\"og:url\" content=\"https:\/\/www.webdo.tn\/fr\/actualite\/national\/libye-la-tunisie-deploie-un-hopital-de-campagne\/208607\/\" \/>\n<meta property=\"og:site_name\" content=\"webdo\" \/>\n<meta property=\"article:publisher\" content=\"https:\/\/www.facebook.com\/webdotn\" \/>\n<meta property=\"article:published_time\" content=\"2023-09-13T08:15:00+00:00\" \/>\n<meta property=\"article:modified_time\" content=\"2025-05-20T22:41:15+00:00\" \/>\n<meta property=\"og:image\" content=\"https:\/\/www.webdo.tn\/fr\/wp-content\/uploads\/2023\/09\/c0313f7987c555616d31fd0e2baedc7e.jpg\" \/>\n\t<meta property=\"og:image:width\" content=\"750\" \/>\n\t<meta property=\"og:image:height\" content=\"400\" \/>\n\t<meta property=\"og:image:type\" content=\"image\/jpeg\" \/>\n<meta name=\"author\" content=\"CL\" \/>\n<meta name=\"twitter:card\" content=\"summary_large_image\" \/>\n<meta name=\"twitter:creator\" content=\"@webdo_tn\" \/>\n<meta name=\"twitter:site\" content=\"@webdo_tn\" \/>\n<meta name=\"twitter:label1\" content=\"\u00c9crit par\" \/>\n\t<meta name=\"twitter:data1\" content=\"CL\" \/>\n\t<meta name=\"twitter:label2\" content=\"Dur\u00e9e de lecture estim\u00e9e\" \/>\n\t<meta name=\"twitter:data2\" content=\"1 minute\" \/>\n<script type=\"application\/ld+json\" class=\"yoast-schema-graph\">{\"@context\":\"https:\\\/\\\/schema.org\",\"@graph\":[{\"@type\":\"NewsArticle\",\"@id\":\"https:\\\/\\\/www.webdo.tn\\\/fr\\\/actualite\\\/national\\\/libye-la-tunisie-deploie-un-hopital-de-campagne\\\/208607\\\/#article\",\"isPartOf\":{\"@id\":\"https:\\\/\\\/www.webdo.tn\\\/fr\\\/actualite\\\/national\\\/libye-la-tunisie-deploie-un-hopital-de-campagne\\\/208607\\\/\"},\"author\":{\"name\":\"CL\",\"@id\":\"https:\\\/\\\/www.webdo.tn\\\/fr\\\/#\\\/schema\\\/person\\\/f35b42a42c5e2511bbd282959d6385cc\"},\"headline\":\"Libye : La Tunisie d\u00e9ploie un h\u00f4pital de campagne\",\"datePublished\":\"2023-09-13T08:15:00+00:00\",\"dateModified\":\"2025-05-20T22:41:15+00:00\",\"mainEntityOfPage\":{\"@id\":\"https:\\\/\\\/www.webdo.tn\\\/fr\\\/actualite\\\/national\\\/libye-la-tunisie-deploie-un-hopital-de-campagne\\\/208607\\\/\"},\"wordCount\":209,\"commentCount\":0,\"publisher\":{\"@id\":\"https:\\\/\\\/www.webdo.tn\\\/fr\\\/#organization\"},\"image\":{\"@id\":\"https:\\\/\\\/www.webdo.tn\\\/fr\\\/actualite\\\/national\\\/libye-la-tunisie-deploie-un-hopital-de-campagne\\\/208607\\\/#primaryimage\"},\"thumbnailUrl\":\"https:\\\/\\\/www.webdo.tn\\\/fr\\\/wp-content\\\/uploads\\\/2023\\\/09\\\/c0313f7987c555616d31fd0e2baedc7e.jpg\",\"keywords\":[\"Aides\",\"Libye\",\"Tunisie\"],\"articleSection\":[\"National\"],\"inLanguage\":\"fr-FR\"},{\"@type\":\"WebPage\",\"@id\":\"https:\\\/\\\/www.webdo.tn\\\/fr\\\/actualite\\\/national\\\/libye-la-tunisie-deploie-un-hopital-de-campagne\\\/208607\\\/\",\"url\":\"https:\\\/\\\/www.webdo.tn\\\/fr\\\/actualite\\\/national\\\/libye-la-tunisie-deploie-un-hopital-de-campagne\\\/208607\\\/\",\"name\":\"Libye : La Tunisie d\u00e9ploie un h\u00f4pital de campagne\",\"isPartOf\":{\"@id\":\"https:\\\/\\\/www.webdo.tn\\\/fr\\\/#website\"},\"primaryImageOfPage\":{\"@id\":\"https:\\\/\\\/www.webdo.tn\\\/fr\\\/actualite\\\/national\\\/libye-la-tunisie-deploie-un-hopital-de-campagne\\\/208607\\\/#primaryimage\"},\"image\":{\"@id\":\"https:\\\/\\\/www.webdo.tn\\\/fr\\\/actualite\\\/national\\\/libye-la-tunisie-deploie-un-hopital-de-campagne\\\/208607\\\/#primaryimage\"},\"thumbnailUrl\":\"https:\\\/\\\/www.webdo.tn\\\/fr\\\/wp-content\\\/uploads\\\/2023\\\/09\\\/c0313f7987c555616d31fd0e2baedc7e.jpg\",\"datePublished\":\"2023-09-13T08:15:00+00:00\",\"dateModified\":\"2025-05-20T22:41:15+00:00\",\"description\":\"Dans un communiqu\u00e9 rendu public hier mardi 12 septembre, le minist\u00e8re de l\u2019Int\u00e9rieur a annonc\u00e9 qu\u2019un avion militaire transportant des \u00e9quipements m\u00e9dicaux, et d...\",\"breadcrumb\":{\"@id\":\"https:\\\/\\\/www.webdo.tn\\\/fr\\\/actualite\\\/national\\\/libye-la-tunisie-deploie-un-hopital-de-campagne\\\/208607\\\/#breadcrumb\"},\"inLanguage\":\"fr-FR\",\"potentialAction\":[{\"@type\":\"ReadAction\",\"target\":[\"https:\\\/\\\/www.webdo.tn\\\/fr\\\/actualite\\\/national\\\/libye-la-tunisie-deploie-un-hopital-de-campagne\\\/208607\\\/\"]}]},{\"@type\":\"ImageObject\",\"inLanguage\":\"fr-FR\",\"@id\":\"https:\\\/\\\/www.webdo.tn\\\/fr\\\/actualite\\\/national\\\/libye-la-tunisie-deploie-un-hopital-de-campagne\\\/208607\\\/#primaryimage\",\"url\":\"https:\\\/\\\/www.webdo.tn\\\/fr\\\/wp-content\\\/uploads\\\/2023\\\/09\\\/c0313f7987c555616d31fd0e2baedc7e.jpg\",\"contentUrl\":\"https:\\\/\\\/www.webdo.tn\\\/fr\\\/wp-content\\\/uploads\\\/2023\\\/09\\\/c0313f7987c555616d31fd0e2baedc7e.jpg\",\"width\":750,\"height\":400,\"caption\":\"Libye : La Tunisie d\u00e9ploie un h\u00f4pital de campagne\"},{\"@type\":\"BreadcrumbList\",\"@id\":\"https:\\\/\\\/www.webdo.tn\\\/fr\\\/actualite\\\/national\\\/libye-la-tunisie-deploie-un-hopital-de-campagne\\\/208607\\\/#breadcrumb\",\"itemListElement\":[{\"@type\":\"ListItem\",\"position\":1,\"name\":\"Accueil\",\"item\":\"https:\\\/\\\/www.webdo.tn\\\/fr\\\/\"},{\"@type\":\"ListItem\",\"position\":2,\"name\":\"Libye : La Tunisie d\u00e9ploie un h\u00f4pital de campagne\"}]},{\"@type\":\"WebSite\",\"@id\":\"https:\\\/\\\/www.webdo.tn\\\/fr\\\/#website\",\"url\":\"https:\\\/\\\/www.webdo.tn\\\/fr\\\/\",\"name\":\"webdo\",\"description\":\"Tunisie - News en Tunisie et \u00e0 l&#039;international sur Webdo.tn\",\"publisher\":{\"@id\":\"https:\\\/\\\/www.webdo.tn\\\/fr\\\/#organization\"},\"potentialAction\":[{\"@type\":\"SearchAction\",\"target\":{\"@type\":\"EntryPoint\",\"urlTemplate\":\"https:\\\/\\\/www.webdo.tn\\\/fr\\\/?s={search_term_string}\"},\"query-input\":{\"@type\":\"PropertyValueSpecification\",\"valueRequired\":true,\"valueName\":\"search_term_string\"}}],\"inLanguage\":\"fr-FR\"},{\"@type\":\"Organization\",\"@id\":\"https:\\\/\\\/www.webdo.tn\\\/fr\\\/#organization\",\"name\":\"Webdo\",\"alternateName\":\"Webdo.tn\",\"url\":\"https:\\\/\\\/www.webdo.tn\\\/fr\\\/\",\"logo\":{\"@type\":\"ImageObject\",\"inLanguage\":\"fr-FR\",\"@id\":\"https:\\\/\\\/www.webdo.tn\\\/fr\\\/#\\\/schema\\\/logo\\\/image\\\/\",\"url\":\"https:\\\/\\\/www.webdo.tn\\\/fr\\\/wp-content\\\/uploads\\\/2025\\\/06\\\/Webdo-Tunisie_168377.jpg\",\"contentUrl\":\"https:\\\/\\\/www.webdo.tn\\\/fr\\\/wp-content\\\/uploads\\\/2025\\\/06\\\/Webdo-Tunisie_168377.jpg\",\"width\":301,\"height\":301,\"caption\":\"Webdo\"},\"image\":{\"@id\":\"https:\\\/\\\/www.webdo.tn\\\/fr\\\/#\\\/schema\\\/logo\\\/image\\\/\"},\"sameAs\":[\"https:\\\/\\\/www.facebook.com\\\/webdotn\",\"https:\\\/\\\/x.com\\\/webdo_tn\"],\"description\":\"Webdo est un m\u00e9dia num\u00e9rique tunisien fond\u00e9 en 2010, sp\u00e9cialis\u00e9 dans l\u2019actualit\u00e9 nationale et internationale, l\u2019\u00e9conomie, la soci\u00e9t\u00e9 et les analyses politiques. Le site s\u2019adresse \u00e0 un large public francophone et couvre l\u2019information tunisienne en temps r\u00e9el.\",\"email\":\"redac@webdo.tn\",\"legalName\":\"YNJ SARL\",\"foundingDate\":\"2010-09-06\",\"numberOfEmployees\":{\"@type\":\"QuantitativeValue\",\"minValue\":\"11\",\"maxValue\":\"50\"}},{\"@type\":\"Person\",\"@id\":\"https:\\\/\\\/www.webdo.tn\\\/fr\\\/#\\\/schema\\\/person\\\/f35b42a42c5e2511bbd282959d6385cc\",\"name\":\"CL\",\"image\":{\"@type\":\"ImageObject\",\"inLanguage\":\"fr-FR\",\"@id\":\"https:\\\/\\\/secure.gravatar.com\\\/avatar\\\/1447a49909b67aa657c488aec6512e1dd6143a480c1ecfee9b5b5cd74eb3b59e?s=96&d=mm&r=g\",\"url\":\"https:\\\/\\\/secure.gravatar.com\\\/avatar\\\/1447a49909b67aa657c488aec6512e1dd6143a480c1ecfee9b5b5cd74eb3b59e?s=96&d=mm&r=g\",\"contentUrl\":\"https:\\\/\\\/secure.gravatar.com\\\/avatar\\\/1447a49909b67aa657c488aec6512e1dd6143a480c1ecfee9b5b5cd74eb3b59e?s=96&d=mm&r=g\",\"caption\":\"CL\"},\"url\":\"https:\\\/\\\/www.webdo.tn\\\/fr\\\/actualite\\\/author\\\/cl\\\/\"}]}<\/script>\n<!-- \/ Yoast SEO Premium plugin. -->","yoast_head_json":{"title":"Libye : La Tunisie d\u00e9ploie un h\u00f4pital de campagne","description":"Dans un communiqu\u00e9 rendu public hier mardi 12 septembre, le minist\u00e8re de l\u2019Int\u00e9rieur a annonc\u00e9 qu\u2019un avion militaire transportant des \u00e9quipements m\u00e9dicaux, et d...","canonical":"https:\/\/www.webdo.tn\/fr\/actualite\/national\/libye-la-tunisie-deploie-un-hopital-de-campagne\/208607\/","og_locale":"fr_FR","og_type":"article","og_title":"Libye : La Tunisie d\u00e9ploie un h\u00f4pital de campagne","og_description":"Dans un communiqu\u00e9 rendu public hier mardi 12 septembre, le minist\u00e8re de l\u2019Int\u00e9rieur a annonc\u00e9 qu\u2019un avion militaire transportant des \u00e9quipements m\u00e9dicaux, et d...","og_url":"https:\/\/www.webdo.tn\/fr\/actualite\/national\/libye-la-tunisie-deploie-un-hopital-de-campagne\/208607\/","og_site_name":"webdo","article_publisher":"https:\/\/www.facebook.com\/webdotn","article_published_time":"2023-09-13T08:15:00+00:00","article_modified_time":"2025-05-20T22:41:15+00:00","og_image":[{"width":750,"height":400,"url":"https:\/\/www.webdo.tn\/fr\/wp-content\/uploads\/2023\/09\/c0313f7987c555616d31fd0e2baedc7e.jpg","type":"image\/jpeg"}],"author":"CL","twitter_card":"summary_large_image","twitter_creator":"@webdo_tn","twitter_site":"@webdo_tn","twitter_misc":{"\u00c9crit par":"CL","Dur\u00e9e de lecture estim\u00e9e":"1 minute"},"schema":{"@context":"https:\/\/schema.org","@graph":[{"@type":"NewsArticle","@id":"https:\/\/www.webdo.tn\/fr\/actualite\/national\/libye-la-tunisie-deploie-un-hopital-de-campagne\/208607\/#article","isPartOf":{"@id":"https:\/\/www.webdo.tn\/fr\/actualite\/national\/libye-la-tunisie-deploie-un-hopital-de-campagne\/208607\/"},"author":{"name":"CL","@id":"https:\/\/www.webdo.tn\/fr\/#\/schema\/person\/f35b42a42c5e2511bbd282959d6385cc"},"headline":"Libye : La Tunisie d\u00e9ploie un h\u00f4pital de campagne","datePublished":"2023-09-13T08:15:00+00:00","dateModified":"2025-05-20T22:41:15+00:00","mainEntityOfPage":{"@id":"https:\/\/www.webdo.tn\/fr\/actualite\/national\/libye-la-tunisie-deploie-un-hopital-de-campagne\/208607\/"},"wordCount":209,"commentCount":0,"publisher":{"@id":"https:\/\/www.webdo.tn\/fr\/#organization"},"image":{"@id":"https:\/\/www.webdo.tn\/fr\/actualite\/national\/libye-la-tunisie-deploie-un-hopital-de-campagne\/208607\/#primaryimage"},"thumbnailUrl":"https:\/\/www.webdo.tn\/fr\/wp-content\/uploads\/2023\/09\/c0313f7987c555616d31fd0e2baedc7e.jpg","keywords":["Aides","Libye","Tunisie"],"articleSection":["National"],"inLanguage":"fr-FR"},{"@type":"WebPage","@id":"https:\/\/www.webdo.tn\/fr\/actualite\/national\/libye-la-tunisie-deploie-un-hopital-de-campagne\/208607\/","url":"https:\/\/www.webdo.tn\/fr\/actualite\/national\/libye-la-tunisie-deploie-un-hopital-de-campagne\/208607\/","name":"Libye : La Tunisie d\u00e9ploie un h\u00f4pital de campagne","isPartOf":{"@id":"https:\/\/www.webdo.tn\/fr\/#website"},"primaryImageOfPage":{"@id":"https:\/\/www.webdo.tn\/fr\/actualite\/national\/libye-la-tunisie-deploie-un-hopital-de-campagne\/208607\/#primaryimage"},"image":{"@id":"https:\/\/www.webdo.tn\/fr\/actualite\/national\/libye-la-tunisie-deploie-un-hopital-de-campagne\/208607\/#primaryimage"},"thumbnailUrl":"https:\/\/www.webdo.tn\/fr\/wp-content\/uploads\/2023\/09\/c0313f7987c555616d31fd0e2baedc7e.jpg","datePublished":"2023-09-13T08:15:00+00:00","dateModified":"2025-05-20T22:41:15+00:00","description":"Dans un communiqu\u00e9 rendu public hier mardi 12 septembre, le minist\u00e8re de l\u2019Int\u00e9rieur a annonc\u00e9 qu\u2019un avion militaire transportant des \u00e9quipements m\u00e9dicaux, et d...","breadcrumb":{"@id":"https:\/\/www.webdo.tn\/fr\/actualite\/national\/libye-la-tunisie-deploie-un-hopital-de-campagne\/208607\/#breadcrumb"},"inLanguage":"fr-FR","potentialAction":[{"@type":"ReadAction","target":["https:\/\/www.webdo.tn\/fr\/actualite\/national\/libye-la-tunisie-deploie-un-hopital-de-campagne\/208607\/"]}]},{"@type":"ImageObject","inLanguage":"fr-FR","@id":"https:\/\/www.webdo.tn\/fr\/actualite\/national\/libye-la-tunisie-deploie-un-hopital-de-campagne\/208607\/#primaryimage","url":"https:\/\/www.webdo.tn\/fr\/wp-content\/uploads\/2023\/09\/c0313f7987c555616d31fd0e2baedc7e.jpg","contentUrl":"https:\/\/www.webdo.tn\/fr\/wp-content\/uploads\/2023\/09\/c0313f7987c555616d31fd0e2baedc7e.jpg","width":750,"height":400,"caption":"Libye : La Tunisie d\u00e9ploie un h\u00f4pital de campagne"},{"@type":"BreadcrumbList","@id":"https:\/\/www.webdo.tn\/fr\/actualite\/national\/libye-la-tunisie-deploie-un-hopital-de-campagne\/208607\/#breadcrumb","itemListElement":[{"@type":"ListItem","position":1,"name":"Accueil","item":"https:\/\/www.webdo.tn\/fr\/"},{"@type":"ListItem","position":2,"name":"Libye : La Tunisie d\u00e9ploie un h\u00f4pital de campagne"}]},{"@type":"WebSite","@id":"https:\/\/www.webdo.tn\/fr\/#website","url":"https:\/\/www.webdo.tn\/fr\/","name":"webdo","description":"Tunisie - News en Tunisie et \u00e0 l&#039;international sur Webdo.tn","publisher":{"@id":"https:\/\/www.webdo.tn\/fr\/#organization"},"potentialAction":[{"@type":"SearchAction","target":{"@type":"EntryPoint","urlTemplate":"https:\/\/www.webdo.tn\/fr\/?s={search_term_string}"},"query-input":{"@type":"PropertyValueSpecification","valueRequired":true,"valueName":"search_term_string"}}],"inLanguage":"fr-FR"},{"@type":"Organization","@id":"https:\/\/www.webdo.tn\/fr\/#organization","name":"Webdo","alternateName":"Webdo.tn","url":"https:\/\/www.webdo.tn\/fr\/","logo":{"@type":"ImageObject","inLanguage":"fr-FR","@id":"https:\/\/www.webdo.tn\/fr\/#\/schema\/logo\/image\/","url":"https:\/\/www.webdo.tn\/fr\/wp-content\/uploads\/2025\/06\/Webdo-Tunisie_168377.jpg","contentUrl":"https:\/\/www.webdo.tn\/fr\/wp-content\/uploads\/2025\/06\/Webdo-Tunisie_168377.jpg","width":301,"height":301,"caption":"Webdo"},"image":{"@id":"https:\/\/www.webdo.tn\/fr\/#\/schema\/logo\/image\/"},"sameAs":["https:\/\/www.facebook.com\/webdotn","https:\/\/x.com\/webdo_tn"],"description":"Webdo est un m\u00e9dia num\u00e9rique tunisien fond\u00e9 en 2010, sp\u00e9cialis\u00e9 dans l\u2019actualit\u00e9 nationale et internationale, l\u2019\u00e9conomie, la soci\u00e9t\u00e9 et les analyses politiques. Le site s\u2019adresse \u00e0 un large public francophone et couvre l\u2019information tunisienne en temps r\u00e9el.","email":"redac@webdo.tn","legalName":"YNJ SARL","foundingDate":"2010-09-06","numberOfEmployees":{"@type":"QuantitativeValue","minValue":"11","maxValue":"50"}},{"@type":"Person","@id":"https:\/\/www.webdo.tn\/fr\/#\/schema\/person\/f35b42a42c5e2511bbd282959d6385cc","name":"CL","image":{"@type":"ImageObject","inLanguage":"fr-FR","@id":"https:\/\/secure.gravatar.com\/avatar\/1447a49909b67aa657c488aec6512e1dd6143a480c1ecfee9b5b5cd74eb3b59e?s=96&d=mm&r=g","url":"https:\/\/secure.gravatar.com\/avatar\/1447a49909b67aa657c488aec6512e1dd6143a480c1ecfee9b5b5cd74eb3b59e?s=96&d=mm&r=g","contentUrl":"https:\/\/secure.gravatar.com\/avatar\/1447a49909b67aa657c488aec6512e1dd6143a480c1ecfee9b5b5cd74eb3b59e?s=96&d=mm&r=g","caption":"CL"},"url":"https:\/\/www.webdo.tn\/fr\/actualite\/author\/cl\/"}]}},"_links":{"self":[{"href":"https:\/\/www.webdo.tn\/fr\/wp-json\/wp\/v2\/posts\/208607","targetHints":{"allow":["GET"]}}],"collection":[{"href":"https:\/\/www.webdo.tn\/fr\/wp-json\/wp\/v2\/posts"}],"about":[{"href":"https:\/\/www.webdo.tn\/fr\/wp-json\/wp\/v2\/types\/post"}],"author":[{"embeddable":true,"href":"https:\/\/www.webdo.tn\/fr\/wp-json\/wp\/v2\/users\/3175"}],"replies":[{"embeddable":true,"href":"https:\/\/www.webdo.tn\/fr\/wp-json\/wp\/v2\/comments?post=208607"}],"version-history":[{"count":0,"href":"https:\/\/www.webdo.tn\/fr\/wp-json\/wp\/v2\/posts\/208607\/revisions"}],"wp:featuredmedia":[{"embeddable":true,"href":"https:\/\/www.webdo.tn\/fr\/wp-json\/wp\/v2\/media\/249340"}],"wp:attachment":[{"href":"https:\/\/www.webdo.tn\/fr\/wp-json\/wp\/v2\/media?parent=208607"}],"wp:term":[{"taxonomy":"category","embeddable":true,"href":"https:\/\/www.webdo.tn\/fr\/wp-json\/wp\/v2\/categories?post=208607"},{"taxonomy":"post_tag","embeddable":true,"href":"https:\/\/www.webdo.tn\/fr\/wp-json\/wp\/v2\/tags?post=208607"}],"curies":[{"name":"wp","href":"https:\/\/api.w.org\/{rel}","templated":true}]}}