{"id":208602,"date":"2023-09-12T20:29:00","date_gmt":"2023-09-12T20:29:00","guid":{"rendered":"https:\/\/www.webdo.tn\/fr\/blog\/mandats-d-amener-internationaux-contre-12-anciens-responsables-dont-youssef-chahed-et-nadia-akacha\/208602\/"},"modified":"2025-05-20T21:57:28","modified_gmt":"2025-05-20T21:57:28","slug":"mandats-d-amener-internationaux-contre-12-anciens-responsables-dont-youssef-chahed-et-nadia-akacha","status":"publish","type":"post","link":"https:\/\/www.webdo.tn\/fr\/actualite\/national\/mandats-d-amener-internationaux-contre-12-anciens-responsables-dont-youssef-chahed-et-nadia-akacha\/208602\/","title":{"rendered":"Mandats d\u2019amener internationaux contre 12 anciens responsables dont Youssef Chahed et Nadia Akacha"},"content":{"rendered":"<p>Le Premier juge d&rsquo;instruction du P\u00f4le judiciaire de lutte contre le terrorisme charg\u00e9 d&rsquo;enqu\u00eater sur les deux affaires de formation d&rsquo;alliance terroriste et de complot contre la s\u00fbret\u00e9 de l&rsquo;\u00c9tat a \u00e9mis des mandats d&rsquo;arr\u00eat internationaux \u00e0 l&rsquo;encontre de douze anciens responsables en fuite.<\/p>\n<p>\t\t\t\t\t\t\t\t\tLe juge a \u00e9mis, ce mardi 12 septembre 2023, des mandats d\u2019amener internationaux contre ces personnes soup\u00e7onn\u00e9es d&rsquo;\u00eatre en fuite.<\/p>\n<p>Il s&rsquo;agit de Youssef Chahed (ancien chef du gouvernement), Nadia Akacha (ancienne directrice du cabinet pr\u00e9sidentiel), Mouadh Khriji Ghannouchi, Kamal Guizani, Mustapha Khedher, Maher Zid, Lotfi Zitoun (ancien ministre et dirigeant d&rsquo;Ennahda), Abdelkader Farhat, Adel Da\u00e2da\u00e2, Chahrazad Akacha, Ali Hlioui et Rafik Yahia.<\/p>\n<p>Dans une d\u00e9claration \u00e0 l&rsquo;agence TAP, la porte-parole du p\u00f4le judiciaire de lutte contre le terrorisme et assistante du procureur au p\u00f4le, Hanen Gaddes, a soulign\u00e9 que les enqu\u00eates dans ces affaires se poursuivent concernant les autres suspects en fuite afin de pouvoir \u00e9mettre des mandats d&rsquo;amener internationaux \u00e0 leur encontre.<\/p>\n","protected":false},"excerpt":{"rendered":"<p>Le Premier juge d&rsquo;instruction du P\u00f4le judiciaire de lutte contre le terrorisme charg\u00e9 d&rsquo;enqu\u00eater sur les deux affaires de formation d&rsquo;alliance terroriste et de&#8230;<\/p>\n","protected":false},"author":3162,"featured_media":249338,"comment_status":"open","ping_status":"closed","sticky":false,"template":"","format":"standard","meta":{"footnotes":""},"categories":[44],"tags":[2619,7943],"class_list":["post-208602","post","type-post","status-publish","format-standard","has-post-thumbnail","hentry","category-national","tag-justice","tag-mandat-damener"],"yoast_head":"<!-- This site is optimized with the Yoast SEO Premium plugin v27.5 (Yoast SEO v27.5) - https:\/\/yoast.com\/product\/yoast-seo-premium-wordpress\/ -->\n<title>Mandats d\u2019amener internationaux contre 12 anciens responsables dont Youssef Chahed et Nadia Akacha<\/title>\n<meta name=\"description\" content=\"Le Premier juge d&#039;instruction du P\u00f4le judiciaire de lutte contre le terrorisme charg\u00e9 d&#039;enqu\u00eater sur les deux affaires de formation d&#039;alliance terroriste et de...\" \/>\n<link rel=\"canonical\" href=\"https:\/\/www.webdo.tn\/fr\/actualite\/national\/mandats-d-amener-internationaux-contre-12-anciens-responsables-dont-youssef-chahed-et-nadia-akacha\/208602\/\" \/>\n<meta property=\"og:locale\" content=\"fr_FR\" \/>\n<meta property=\"og:type\" content=\"article\" \/>\n<meta property=\"og:title\" content=\"Mandats d\u2019amener internationaux contre 12 anciens responsables dont Youssef Chahed et Nadia Akacha\" \/>\n<meta property=\"og:description\" content=\"Le Premier juge d&#039;instruction du P\u00f4le judiciaire de lutte contre le terrorisme charg\u00e9 d&#039;enqu\u00eater sur les deux affaires de formation d&#039;alliance terroriste et de...\" \/>\n<meta property=\"og:url\" content=\"https:\/\/www.webdo.tn\/fr\/actualite\/national\/mandats-d-amener-internationaux-contre-12-anciens-responsables-dont-youssef-chahed-et-nadia-akacha\/208602\/\" \/>\n<meta property=\"og:site_name\" content=\"webdo\" \/>\n<meta property=\"article:publisher\" content=\"https:\/\/www.facebook.com\/webdotn\" \/>\n<meta property=\"article:published_time\" content=\"2023-09-12T20:29:00+00:00\" \/>\n<meta property=\"article:modified_time\" content=\"2025-05-20T21:57:28+00:00\" \/>\n<meta property=\"og:image\" content=\"https:\/\/www.webdo.tn\/fr\/wp-content\/uploads\/2023\/09\/1943dab3580bd3d88c1c16bec276252f.jpg\" \/>\n\t<meta property=\"og:image:width\" content=\"750\" \/>\n\t<meta property=\"og:image:height\" content=\"400\" \/>\n\t<meta property=\"og:image:type\" content=\"image\/jpeg\" \/>\n<meta name=\"author\" content=\"MC\" \/>\n<meta name=\"twitter:card\" content=\"summary_large_image\" \/>\n<meta name=\"twitter:creator\" content=\"@webdo_tn\" \/>\n<meta name=\"twitter:site\" content=\"@webdo_tn\" \/>\n<meta name=\"twitter:label1\" content=\"\u00c9crit par\" \/>\n\t<meta name=\"twitter:data1\" content=\"MC\" \/>\n\t<meta name=\"twitter:label2\" content=\"Dur\u00e9e de lecture estim\u00e9e\" \/>\n\t<meta name=\"twitter:data2\" content=\"1 minute\" \/>\n<script type=\"application\/ld+json\" class=\"yoast-schema-graph\">{\"@context\":\"https:\\\/\\\/schema.org\",\"@graph\":[{\"@type\":\"NewsArticle\",\"@id\":\"https:\\\/\\\/www.webdo.tn\\\/fr\\\/actualite\\\/national\\\/mandats-d-amener-internationaux-contre-12-anciens-responsables-dont-youssef-chahed-et-nadia-akacha\\\/208602\\\/#article\",\"isPartOf\":{\"@id\":\"https:\\\/\\\/www.webdo.tn\\\/fr\\\/actualite\\\/national\\\/mandats-d-amener-internationaux-contre-12-anciens-responsables-dont-youssef-chahed-et-nadia-akacha\\\/208602\\\/\"},\"author\":{\"name\":\"MC\",\"@id\":\"https:\\\/\\\/www.webdo.tn\\\/fr\\\/#\\\/schema\\\/person\\\/2c4929cbf5a809e3bd38617c6ce150f6\"},\"headline\":\"Mandats d\u2019amener internationaux contre 12 anciens responsables dont Youssef Chahed et Nadia Akacha\",\"datePublished\":\"2023-09-12T20:29:00+00:00\",\"dateModified\":\"2025-05-20T21:57:28+00:00\",\"mainEntityOfPage\":{\"@id\":\"https:\\\/\\\/www.webdo.tn\\\/fr\\\/actualite\\\/national\\\/mandats-d-amener-internationaux-contre-12-anciens-responsables-dont-youssef-chahed-et-nadia-akacha\\\/208602\\\/\"},\"wordCount\":190,\"commentCount\":0,\"publisher\":{\"@id\":\"https:\\\/\\\/www.webdo.tn\\\/fr\\\/#organization\"},\"image\":{\"@id\":\"https:\\\/\\\/www.webdo.tn\\\/fr\\\/actualite\\\/national\\\/mandats-d-amener-internationaux-contre-12-anciens-responsables-dont-youssef-chahed-et-nadia-akacha\\\/208602\\\/#primaryimage\"},\"thumbnailUrl\":\"https:\\\/\\\/www.webdo.tn\\\/fr\\\/wp-content\\\/uploads\\\/2023\\\/09\\\/1943dab3580bd3d88c1c16bec276252f.jpg\",\"keywords\":[\"justice\",\"mandat d'amener\"],\"articleSection\":[\"National\"],\"inLanguage\":\"fr-FR\"},{\"@type\":\"WebPage\",\"@id\":\"https:\\\/\\\/www.webdo.tn\\\/fr\\\/actualite\\\/national\\\/mandats-d-amener-internationaux-contre-12-anciens-responsables-dont-youssef-chahed-et-nadia-akacha\\\/208602\\\/\",\"url\":\"https:\\\/\\\/www.webdo.tn\\\/fr\\\/actualite\\\/national\\\/mandats-d-amener-internationaux-contre-12-anciens-responsables-dont-youssef-chahed-et-nadia-akacha\\\/208602\\\/\",\"name\":\"Mandats d\u2019amener internationaux contre 12 anciens responsables dont Youssef Chahed et Nadia Akacha\",\"isPartOf\":{\"@id\":\"https:\\\/\\\/www.webdo.tn\\\/fr\\\/#website\"},\"primaryImageOfPage\":{\"@id\":\"https:\\\/\\\/www.webdo.tn\\\/fr\\\/actualite\\\/national\\\/mandats-d-amener-internationaux-contre-12-anciens-responsables-dont-youssef-chahed-et-nadia-akacha\\\/208602\\\/#primaryimage\"},\"image\":{\"@id\":\"https:\\\/\\\/www.webdo.tn\\\/fr\\\/actualite\\\/national\\\/mandats-d-amener-internationaux-contre-12-anciens-responsables-dont-youssef-chahed-et-nadia-akacha\\\/208602\\\/#primaryimage\"},\"thumbnailUrl\":\"https:\\\/\\\/www.webdo.tn\\\/fr\\\/wp-content\\\/uploads\\\/2023\\\/09\\\/1943dab3580bd3d88c1c16bec276252f.jpg\",\"datePublished\":\"2023-09-12T20:29:00+00:00\",\"dateModified\":\"2025-05-20T21:57:28+00:00\",\"description\":\"Le Premier juge d'instruction du P\u00f4le judiciaire de lutte contre le terrorisme charg\u00e9 d'enqu\u00eater sur les deux affaires de formation d'alliance terroriste et de...\",\"breadcrumb\":{\"@id\":\"https:\\\/\\\/www.webdo.tn\\\/fr\\\/actualite\\\/national\\\/mandats-d-amener-internationaux-contre-12-anciens-responsables-dont-youssef-chahed-et-nadia-akacha\\\/208602\\\/#breadcrumb\"},\"inLanguage\":\"fr-FR\",\"potentialAction\":[{\"@type\":\"ReadAction\",\"target\":[\"https:\\\/\\\/www.webdo.tn\\\/fr\\\/actualite\\\/national\\\/mandats-d-amener-internationaux-contre-12-anciens-responsables-dont-youssef-chahed-et-nadia-akacha\\\/208602\\\/\"]}]},{\"@type\":\"ImageObject\",\"inLanguage\":\"fr-FR\",\"@id\":\"https:\\\/\\\/www.webdo.tn\\\/fr\\\/actualite\\\/national\\\/mandats-d-amener-internationaux-contre-12-anciens-responsables-dont-youssef-chahed-et-nadia-akacha\\\/208602\\\/#primaryimage\",\"url\":\"https:\\\/\\\/www.webdo.tn\\\/fr\\\/wp-content\\\/uploads\\\/2023\\\/09\\\/1943dab3580bd3d88c1c16bec276252f.jpg\",\"contentUrl\":\"https:\\\/\\\/www.webdo.tn\\\/fr\\\/wp-content\\\/uploads\\\/2023\\\/09\\\/1943dab3580bd3d88c1c16bec276252f.jpg\",\"width\":750,\"height\":400,\"caption\":\"Mandats d\u2019amener internationaux contre 12 anciens responsables dont Youssef Chahed et Nadia Akacha\"},{\"@type\":\"BreadcrumbList\",\"@id\":\"https:\\\/\\\/www.webdo.tn\\\/fr\\\/actualite\\\/national\\\/mandats-d-amener-internationaux-contre-12-anciens-responsables-dont-youssef-chahed-et-nadia-akacha\\\/208602\\\/#breadcrumb\",\"itemListElement\":[{\"@type\":\"ListItem\",\"position\":1,\"name\":\"Accueil\",\"item\":\"https:\\\/\\\/www.webdo.tn\\\/fr\\\/\"},{\"@type\":\"ListItem\",\"position\":2,\"name\":\"Mandats d\u2019amener internationaux contre 12 anciens responsables dont Youssef Chahed et Nadia Akacha\"}]},{\"@type\":\"WebSite\",\"@id\":\"https:\\\/\\\/www.webdo.tn\\\/fr\\\/#website\",\"url\":\"https:\\\/\\\/www.webdo.tn\\\/fr\\\/\",\"name\":\"webdo\",\"description\":\"Tunisie - News en Tunisie et \u00e0 l&#039;international sur Webdo.tn\",\"publisher\":{\"@id\":\"https:\\\/\\\/www.webdo.tn\\\/fr\\\/#organization\"},\"potentialAction\":[{\"@type\":\"SearchAction\",\"target\":{\"@type\":\"EntryPoint\",\"urlTemplate\":\"https:\\\/\\\/www.webdo.tn\\\/fr\\\/?s={search_term_string}\"},\"query-input\":{\"@type\":\"PropertyValueSpecification\",\"valueRequired\":true,\"valueName\":\"search_term_string\"}}],\"inLanguage\":\"fr-FR\"},{\"@type\":\"Organization\",\"@id\":\"https:\\\/\\\/www.webdo.tn\\\/fr\\\/#organization\",\"name\":\"Webdo\",\"alternateName\":\"Webdo.tn\",\"url\":\"https:\\\/\\\/www.webdo.tn\\\/fr\\\/\",\"logo\":{\"@type\":\"ImageObject\",\"inLanguage\":\"fr-FR\",\"@id\":\"https:\\\/\\\/www.webdo.tn\\\/fr\\\/#\\\/schema\\\/logo\\\/image\\\/\",\"url\":\"https:\\\/\\\/www.webdo.tn\\\/fr\\\/wp-content\\\/uploads\\\/2025\\\/06\\\/Webdo-Tunisie_168377.jpg\",\"contentUrl\":\"https:\\\/\\\/www.webdo.tn\\\/fr\\\/wp-content\\\/uploads\\\/2025\\\/06\\\/Webdo-Tunisie_168377.jpg\",\"width\":301,\"height\":301,\"caption\":\"Webdo\"},\"image\":{\"@id\":\"https:\\\/\\\/www.webdo.tn\\\/fr\\\/#\\\/schema\\\/logo\\\/image\\\/\"},\"sameAs\":[\"https:\\\/\\\/www.facebook.com\\\/webdotn\",\"https:\\\/\\\/x.com\\\/webdo_tn\"],\"description\":\"Webdo est un m\u00e9dia num\u00e9rique tunisien fond\u00e9 en 2010, sp\u00e9cialis\u00e9 dans l\u2019actualit\u00e9 nationale et internationale, l\u2019\u00e9conomie, la soci\u00e9t\u00e9 et les analyses politiques. Le site s\u2019adresse \u00e0 un large public francophone et couvre l\u2019information tunisienne en temps r\u00e9el.\",\"email\":\"redac@webdo.tn\",\"legalName\":\"YNJ SARL\",\"foundingDate\":\"2010-09-06\",\"numberOfEmployees\":{\"@type\":\"QuantitativeValue\",\"minValue\":\"11\",\"maxValue\":\"50\"}},{\"@type\":\"Person\",\"@id\":\"https:\\\/\\\/www.webdo.tn\\\/fr\\\/#\\\/schema\\\/person\\\/2c4929cbf5a809e3bd38617c6ce150f6\",\"name\":\"MC\",\"image\":{\"@type\":\"ImageObject\",\"inLanguage\":\"fr-FR\",\"@id\":\"https:\\\/\\\/secure.gravatar.com\\\/avatar\\\/a545bbb6f84efdd5553dbbc2895e3ca8f1d12c5215e00a041c9670b54aa9b18a?s=96&d=mm&r=g\",\"url\":\"https:\\\/\\\/secure.gravatar.com\\\/avatar\\\/a545bbb6f84efdd5553dbbc2895e3ca8f1d12c5215e00a041c9670b54aa9b18a?s=96&d=mm&r=g\",\"contentUrl\":\"https:\\\/\\\/secure.gravatar.com\\\/avatar\\\/a545bbb6f84efdd5553dbbc2895e3ca8f1d12c5215e00a041c9670b54aa9b18a?s=96&d=mm&r=g\",\"caption\":\"MC\"},\"url\":\"https:\\\/\\\/www.webdo.tn\\\/fr\\\/actualite\\\/author\\\/mc\\\/\"}]}<\/script>\n<!-- \/ Yoast SEO Premium plugin. -->","yoast_head_json":{"title":"Mandats d\u2019amener internationaux contre 12 anciens responsables dont Youssef Chahed et Nadia Akacha","description":"Le Premier juge d'instruction du P\u00f4le judiciaire de lutte contre le terrorisme charg\u00e9 d'enqu\u00eater sur les deux affaires de formation d'alliance terroriste et de...","canonical":"https:\/\/www.webdo.tn\/fr\/actualite\/national\/mandats-d-amener-internationaux-contre-12-anciens-responsables-dont-youssef-chahed-et-nadia-akacha\/208602\/","og_locale":"fr_FR","og_type":"article","og_title":"Mandats d\u2019amener internationaux contre 12 anciens responsables dont Youssef Chahed et Nadia Akacha","og_description":"Le Premier juge d'instruction du P\u00f4le judiciaire de lutte contre le terrorisme charg\u00e9 d'enqu\u00eater sur les deux affaires de formation d'alliance terroriste et de...","og_url":"https:\/\/www.webdo.tn\/fr\/actualite\/national\/mandats-d-amener-internationaux-contre-12-anciens-responsables-dont-youssef-chahed-et-nadia-akacha\/208602\/","og_site_name":"webdo","article_publisher":"https:\/\/www.facebook.com\/webdotn","article_published_time":"2023-09-12T20:29:00+00:00","article_modified_time":"2025-05-20T21:57:28+00:00","og_image":[{"width":750,"height":400,"url":"https:\/\/www.webdo.tn\/fr\/wp-content\/uploads\/2023\/09\/1943dab3580bd3d88c1c16bec276252f.jpg","type":"image\/jpeg"}],"author":"MC","twitter_card":"summary_large_image","twitter_creator":"@webdo_tn","twitter_site":"@webdo_tn","twitter_misc":{"\u00c9crit par":"MC","Dur\u00e9e de lecture estim\u00e9e":"1 minute"},"schema":{"@context":"https:\/\/schema.org","@graph":[{"@type":"NewsArticle","@id":"https:\/\/www.webdo.tn\/fr\/actualite\/national\/mandats-d-amener-internationaux-contre-12-anciens-responsables-dont-youssef-chahed-et-nadia-akacha\/208602\/#article","isPartOf":{"@id":"https:\/\/www.webdo.tn\/fr\/actualite\/national\/mandats-d-amener-internationaux-contre-12-anciens-responsables-dont-youssef-chahed-et-nadia-akacha\/208602\/"},"author":{"name":"MC","@id":"https:\/\/www.webdo.tn\/fr\/#\/schema\/person\/2c4929cbf5a809e3bd38617c6ce150f6"},"headline":"Mandats d\u2019amener internationaux contre 12 anciens responsables dont Youssef Chahed et Nadia Akacha","datePublished":"2023-09-12T20:29:00+00:00","dateModified":"2025-05-20T21:57:28+00:00","mainEntityOfPage":{"@id":"https:\/\/www.webdo.tn\/fr\/actualite\/national\/mandats-d-amener-internationaux-contre-12-anciens-responsables-dont-youssef-chahed-et-nadia-akacha\/208602\/"},"wordCount":190,"commentCount":0,"publisher":{"@id":"https:\/\/www.webdo.tn\/fr\/#organization"},"image":{"@id":"https:\/\/www.webdo.tn\/fr\/actualite\/national\/mandats-d-amener-internationaux-contre-12-anciens-responsables-dont-youssef-chahed-et-nadia-akacha\/208602\/#primaryimage"},"thumbnailUrl":"https:\/\/www.webdo.tn\/fr\/wp-content\/uploads\/2023\/09\/1943dab3580bd3d88c1c16bec276252f.jpg","keywords":["justice","mandat d'amener"],"articleSection":["National"],"inLanguage":"fr-FR"},{"@type":"WebPage","@id":"https:\/\/www.webdo.tn\/fr\/actualite\/national\/mandats-d-amener-internationaux-contre-12-anciens-responsables-dont-youssef-chahed-et-nadia-akacha\/208602\/","url":"https:\/\/www.webdo.tn\/fr\/actualite\/national\/mandats-d-amener-internationaux-contre-12-anciens-responsables-dont-youssef-chahed-et-nadia-akacha\/208602\/","name":"Mandats d\u2019amener internationaux contre 12 anciens responsables dont Youssef Chahed et Nadia Akacha","isPartOf":{"@id":"https:\/\/www.webdo.tn\/fr\/#website"},"primaryImageOfPage":{"@id":"https:\/\/www.webdo.tn\/fr\/actualite\/national\/mandats-d-amener-internationaux-contre-12-anciens-responsables-dont-youssef-chahed-et-nadia-akacha\/208602\/#primaryimage"},"image":{"@id":"https:\/\/www.webdo.tn\/fr\/actualite\/national\/mandats-d-amener-internationaux-contre-12-anciens-responsables-dont-youssef-chahed-et-nadia-akacha\/208602\/#primaryimage"},"thumbnailUrl":"https:\/\/www.webdo.tn\/fr\/wp-content\/uploads\/2023\/09\/1943dab3580bd3d88c1c16bec276252f.jpg","datePublished":"2023-09-12T20:29:00+00:00","dateModified":"2025-05-20T21:57:28+00:00","description":"Le Premier juge d'instruction du P\u00f4le judiciaire de lutte contre le terrorisme charg\u00e9 d'enqu\u00eater sur les deux affaires de formation d'alliance terroriste et de...","breadcrumb":{"@id":"https:\/\/www.webdo.tn\/fr\/actualite\/national\/mandats-d-amener-internationaux-contre-12-anciens-responsables-dont-youssef-chahed-et-nadia-akacha\/208602\/#breadcrumb"},"inLanguage":"fr-FR","potentialAction":[{"@type":"ReadAction","target":["https:\/\/www.webdo.tn\/fr\/actualite\/national\/mandats-d-amener-internationaux-contre-12-anciens-responsables-dont-youssef-chahed-et-nadia-akacha\/208602\/"]}]},{"@type":"ImageObject","inLanguage":"fr-FR","@id":"https:\/\/www.webdo.tn\/fr\/actualite\/national\/mandats-d-amener-internationaux-contre-12-anciens-responsables-dont-youssef-chahed-et-nadia-akacha\/208602\/#primaryimage","url":"https:\/\/www.webdo.tn\/fr\/wp-content\/uploads\/2023\/09\/1943dab3580bd3d88c1c16bec276252f.jpg","contentUrl":"https:\/\/www.webdo.tn\/fr\/wp-content\/uploads\/2023\/09\/1943dab3580bd3d88c1c16bec276252f.jpg","width":750,"height":400,"caption":"Mandats d\u2019amener internationaux contre 12 anciens responsables dont Youssef Chahed et Nadia Akacha"},{"@type":"BreadcrumbList","@id":"https:\/\/www.webdo.tn\/fr\/actualite\/national\/mandats-d-amener-internationaux-contre-12-anciens-responsables-dont-youssef-chahed-et-nadia-akacha\/208602\/#breadcrumb","itemListElement":[{"@type":"ListItem","position":1,"name":"Accueil","item":"https:\/\/www.webdo.tn\/fr\/"},{"@type":"ListItem","position":2,"name":"Mandats d\u2019amener internationaux contre 12 anciens responsables dont Youssef Chahed et Nadia Akacha"}]},{"@type":"WebSite","@id":"https:\/\/www.webdo.tn\/fr\/#website","url":"https:\/\/www.webdo.tn\/fr\/","name":"webdo","description":"Tunisie - News en Tunisie et \u00e0 l&#039;international sur Webdo.tn","publisher":{"@id":"https:\/\/www.webdo.tn\/fr\/#organization"},"potentialAction":[{"@type":"SearchAction","target":{"@type":"EntryPoint","urlTemplate":"https:\/\/www.webdo.tn\/fr\/?s={search_term_string}"},"query-input":{"@type":"PropertyValueSpecification","valueRequired":true,"valueName":"search_term_string"}}],"inLanguage":"fr-FR"},{"@type":"Organization","@id":"https:\/\/www.webdo.tn\/fr\/#organization","name":"Webdo","alternateName":"Webdo.tn","url":"https:\/\/www.webdo.tn\/fr\/","logo":{"@type":"ImageObject","inLanguage":"fr-FR","@id":"https:\/\/www.webdo.tn\/fr\/#\/schema\/logo\/image\/","url":"https:\/\/www.webdo.tn\/fr\/wp-content\/uploads\/2025\/06\/Webdo-Tunisie_168377.jpg","contentUrl":"https:\/\/www.webdo.tn\/fr\/wp-content\/uploads\/2025\/06\/Webdo-Tunisie_168377.jpg","width":301,"height":301,"caption":"Webdo"},"image":{"@id":"https:\/\/www.webdo.tn\/fr\/#\/schema\/logo\/image\/"},"sameAs":["https:\/\/www.facebook.com\/webdotn","https:\/\/x.com\/webdo_tn"],"description":"Webdo est un m\u00e9dia num\u00e9rique tunisien fond\u00e9 en 2010, sp\u00e9cialis\u00e9 dans l\u2019actualit\u00e9 nationale et internationale, l\u2019\u00e9conomie, la soci\u00e9t\u00e9 et les analyses politiques. Le site s\u2019adresse \u00e0 un large public francophone et couvre l\u2019information tunisienne en temps r\u00e9el.","email":"redac@webdo.tn","legalName":"YNJ SARL","foundingDate":"2010-09-06","numberOfEmployees":{"@type":"QuantitativeValue","minValue":"11","maxValue":"50"}},{"@type":"Person","@id":"https:\/\/www.webdo.tn\/fr\/#\/schema\/person\/2c4929cbf5a809e3bd38617c6ce150f6","name":"MC","image":{"@type":"ImageObject","inLanguage":"fr-FR","@id":"https:\/\/secure.gravatar.com\/avatar\/a545bbb6f84efdd5553dbbc2895e3ca8f1d12c5215e00a041c9670b54aa9b18a?s=96&d=mm&r=g","url":"https:\/\/secure.gravatar.com\/avatar\/a545bbb6f84efdd5553dbbc2895e3ca8f1d12c5215e00a041c9670b54aa9b18a?s=96&d=mm&r=g","contentUrl":"https:\/\/secure.gravatar.com\/avatar\/a545bbb6f84efdd5553dbbc2895e3ca8f1d12c5215e00a041c9670b54aa9b18a?s=96&d=mm&r=g","caption":"MC"},"url":"https:\/\/www.webdo.tn\/fr\/actualite\/author\/mc\/"}]}},"_links":{"self":[{"href":"https:\/\/www.webdo.tn\/fr\/wp-json\/wp\/v2\/posts\/208602","targetHints":{"allow":["GET"]}}],"collection":[{"href":"https:\/\/www.webdo.tn\/fr\/wp-json\/wp\/v2\/posts"}],"about":[{"href":"https:\/\/www.webdo.tn\/fr\/wp-json\/wp\/v2\/types\/post"}],"author":[{"embeddable":true,"href":"https:\/\/www.webdo.tn\/fr\/wp-json\/wp\/v2\/users\/3162"}],"replies":[{"embeddable":true,"href":"https:\/\/www.webdo.tn\/fr\/wp-json\/wp\/v2\/comments?post=208602"}],"version-history":[{"count":0,"href":"https:\/\/www.webdo.tn\/fr\/wp-json\/wp\/v2\/posts\/208602\/revisions"}],"wp:featuredmedia":[{"embeddable":true,"href":"https:\/\/www.webdo.tn\/fr\/wp-json\/wp\/v2\/media\/249338"}],"wp:attachment":[{"href":"https:\/\/www.webdo.tn\/fr\/wp-json\/wp\/v2\/media?parent=208602"}],"wp:term":[{"taxonomy":"category","embeddable":true,"href":"https:\/\/www.webdo.tn\/fr\/wp-json\/wp\/v2\/categories?post=208602"},{"taxonomy":"post_tag","embeddable":true,"href":"https:\/\/www.webdo.tn\/fr\/wp-json\/wp\/v2\/tags?post=208602"}],"curies":[{"name":"wp","href":"https:\/\/api.w.org\/{rel}","templated":true}]}}