{"id":208594,"date":"2023-09-12T15:02:00","date_gmt":"2023-09-12T15:02:00","guid":{"rendered":"https:\/\/www.webdo.tn\/fr\/blog\/qu-est-ce-qui-va-changer-au-musee-du-bardo-apres-sa-reouverture\/208594\/"},"modified":"2025-05-20T22:41:13","modified_gmt":"2025-05-20T22:41:13","slug":"qu-est-ce-qui-va-changer-au-musee-du-bardo-apres-sa-reouverture","status":"publish","type":"post","link":"https:\/\/www.webdo.tn\/fr\/actualite\/culture\/qu-est-ce-qui-va-changer-au-musee-du-bardo-apres-sa-reouverture\/208594\/","title":{"rendered":"Qu\u2019est ce qui va changer au Mus\u00e9e du Bardo apr\u00e8s sa r\u00e9ouverture ?"},"content":{"rendered":"<p>Le Mus\u00e9e du Bardo ferm\u00e9 depuis pr\u00e8s de deux ans rouvrira ses portes jeudi prochain. Qu\u2019est ce qui va changer apr\u00e8s sa r\u00e9novation ?<\/p>\n<p>\t\t\t\t\t\t\t\t\tFatma Nayet Aghil directrice du mus\u00e9e donne plus de pr\u00e9cisions. S\u2019exprimant sur les ondes de Mosa\u00efque FM, elle a affirm\u00e9 que le mus\u00e9e se pr\u00e9sentera dans une nouvelle forme aux visiteurs.\u00a0<\/p>\n<p>Elle a annonc\u00e9 dans ce sens que d\u2019anciennes salles d\u2019exposition ferm\u00e9es depuis plus d\u2019une d\u00e9cennie rouvriront leurs portes. De m\u00eame de nouvelles salles am\u00e9nag\u00e9es contenant des tableaux en mosa\u00efques seront inaugur\u00e9es.\u00a0<\/p>\n<p>La directrice du mus\u00e9e annonce \u00e9galement que les tableaux de mosa\u00efque ont \u00e9t\u00e9 tous restaur\u00e9s et seront expos\u00e9s dans une nouvelle forme.\u00a0<\/p>\n<p>On annonce \u00e9galement que de nouveaux \u00e9l\u00e9ments cin\u00e9matographiques ont \u00e9t\u00e9 mis en place, outre de nouvelles pr\u00e9sentations num\u00e9riques des tableaux et une nouvelle signalisation digitale.\u00a0<\/p>\n<p>Le mus\u00e9e du Bardo rouvrira ses portes au public, ce jeudi 14 septembre 2023, a annonc\u00e9 le minist\u00e8re de la Culture.\u00a0<\/p>\n<p>Le d\u00e9partement de la Culture pr\u00e9cise que le mus\u00e9e sera ouvert de 9h30 \u00e0 16h30. Il souligne par ailleurs que de nouveaux espaces ont \u00e9t\u00e9 am\u00e9nag\u00e9s, et que des objets arch\u00e9ologiques et artistiques seront expos\u00e9s pour la premi\u00e8re fois, ainsi que des mosa\u00efques et des sculptures en marbre qui seront \u00e0 nouveau pr\u00e9sent\u00e9es apr\u00e8s avoir \u00e9t\u00e9 restaur\u00e9es et entretenues.<\/p>\n","protected":false},"excerpt":{"rendered":"<p>Le Mus\u00e9e du Bardo ferm\u00e9 depuis pr\u00e8s de deux ans rouvrira ses portes jeudi prochain. Qu\u2019est ce qui va changer apr\u00e8s sa r\u00e9novation ?<\/p>\n","protected":false},"author":3175,"featured_media":249333,"comment_status":"open","ping_status":"closed","sticky":false,"template":"","format":"standard","meta":{"footnotes":""},"categories":[2594],"tags":[3328,2935,2608],"class_list":["post-208594","post","type-post","status-publish","format-standard","has-post-thumbnail","hentry","category-culture","tag-musee","tag-musee-du-bardo","tag-tunisie"],"yoast_head":"<!-- This site is optimized with the Yoast SEO Premium plugin v27.5 (Yoast SEO v27.5) - https:\/\/yoast.com\/product\/yoast-seo-premium-wordpress\/ -->\n<title>Qu\u2019est ce qui va changer au Mus\u00e9e du Bardo apr\u00e8s sa r\u00e9ouverture ?<\/title>\n<meta name=\"description\" content=\"Le Mus\u00e9e du Bardo ferm\u00e9 depuis pr\u00e8s de deux ans rouvrira ses portes jeudi prochain. Qu\u2019est ce qui va changer apr\u00e8s sa r\u00e9novation ?\" \/>\n<link rel=\"canonical\" href=\"https:\/\/www.webdo.tn\/fr\/actualite\/culture\/qu-est-ce-qui-va-changer-au-musee-du-bardo-apres-sa-reouverture\/208594\/\" \/>\n<meta property=\"og:locale\" content=\"fr_FR\" \/>\n<meta property=\"og:type\" content=\"article\" \/>\n<meta property=\"og:title\" content=\"Qu\u2019est ce qui va changer au Mus\u00e9e du Bardo apr\u00e8s sa r\u00e9ouverture ?\" \/>\n<meta property=\"og:description\" content=\"Le Mus\u00e9e du Bardo ferm\u00e9 depuis pr\u00e8s de deux ans rouvrira ses portes jeudi prochain. Qu\u2019est ce qui va changer apr\u00e8s sa r\u00e9novation ?\" \/>\n<meta property=\"og:url\" content=\"https:\/\/www.webdo.tn\/fr\/actualite\/culture\/qu-est-ce-qui-va-changer-au-musee-du-bardo-apres-sa-reouverture\/208594\/\" \/>\n<meta property=\"og:site_name\" content=\"webdo\" \/>\n<meta property=\"article:publisher\" content=\"https:\/\/www.facebook.com\/webdotn\" \/>\n<meta property=\"article:published_time\" content=\"2023-09-12T15:02:00+00:00\" \/>\n<meta property=\"article:modified_time\" content=\"2025-05-20T22:41:13+00:00\" \/>\n<meta property=\"og:image\" content=\"https:\/\/www.webdo.tn\/fr\/wp-content\/uploads\/2023\/09\/319484acda0ded89e930b0eccc082750.jpg\" \/>\n\t<meta property=\"og:image:width\" content=\"750\" \/>\n\t<meta property=\"og:image:height\" content=\"400\" \/>\n\t<meta property=\"og:image:type\" content=\"image\/jpeg\" \/>\n<meta name=\"author\" content=\"CL\" \/>\n<meta name=\"twitter:card\" content=\"summary_large_image\" \/>\n<meta name=\"twitter:creator\" content=\"@webdo_tn\" \/>\n<meta name=\"twitter:site\" content=\"@webdo_tn\" \/>\n<meta name=\"twitter:label1\" content=\"\u00c9crit par\" \/>\n\t<meta name=\"twitter:data1\" content=\"CL\" \/>\n\t<meta name=\"twitter:label2\" content=\"Dur\u00e9e de lecture estim\u00e9e\" \/>\n\t<meta name=\"twitter:data2\" content=\"1 minute\" \/>\n<script type=\"application\/ld+json\" class=\"yoast-schema-graph\">{\"@context\":\"https:\\\/\\\/schema.org\",\"@graph\":[{\"@type\":\"NewsArticle\",\"@id\":\"https:\\\/\\\/www.webdo.tn\\\/fr\\\/actualite\\\/culture\\\/qu-est-ce-qui-va-changer-au-musee-du-bardo-apres-sa-reouverture\\\/208594\\\/#article\",\"isPartOf\":{\"@id\":\"https:\\\/\\\/www.webdo.tn\\\/fr\\\/actualite\\\/culture\\\/qu-est-ce-qui-va-changer-au-musee-du-bardo-apres-sa-reouverture\\\/208594\\\/\"},\"author\":{\"name\":\"CL\",\"@id\":\"https:\\\/\\\/www.webdo.tn\\\/fr\\\/#\\\/schema\\\/person\\\/f35b42a42c5e2511bbd282959d6385cc\"},\"headline\":\"Qu\u2019est ce qui va changer au Mus\u00e9e du Bardo apr\u00e8s sa r\u00e9ouverture ?\",\"datePublished\":\"2023-09-12T15:02:00+00:00\",\"dateModified\":\"2025-05-20T22:41:13+00:00\",\"mainEntityOfPage\":{\"@id\":\"https:\\\/\\\/www.webdo.tn\\\/fr\\\/actualite\\\/culture\\\/qu-est-ce-qui-va-changer-au-musee-du-bardo-apres-sa-reouverture\\\/208594\\\/\"},\"wordCount\":268,\"commentCount\":0,\"publisher\":{\"@id\":\"https:\\\/\\\/www.webdo.tn\\\/fr\\\/#organization\"},\"image\":{\"@id\":\"https:\\\/\\\/www.webdo.tn\\\/fr\\\/actualite\\\/culture\\\/qu-est-ce-qui-va-changer-au-musee-du-bardo-apres-sa-reouverture\\\/208594\\\/#primaryimage\"},\"thumbnailUrl\":\"https:\\\/\\\/www.webdo.tn\\\/fr\\\/wp-content\\\/uploads\\\/2023\\\/09\\\/319484acda0ded89e930b0eccc082750.jpg\",\"keywords\":[\"mus\u00e9e\",\"mus\u00e9e du bardo\",\"Tunisie\"],\"articleSection\":[\"Culture\"],\"inLanguage\":\"fr-FR\"},{\"@type\":\"WebPage\",\"@id\":\"https:\\\/\\\/www.webdo.tn\\\/fr\\\/actualite\\\/culture\\\/qu-est-ce-qui-va-changer-au-musee-du-bardo-apres-sa-reouverture\\\/208594\\\/\",\"url\":\"https:\\\/\\\/www.webdo.tn\\\/fr\\\/actualite\\\/culture\\\/qu-est-ce-qui-va-changer-au-musee-du-bardo-apres-sa-reouverture\\\/208594\\\/\",\"name\":\"Qu\u2019est ce qui va changer au Mus\u00e9e du Bardo apr\u00e8s sa r\u00e9ouverture ?\",\"isPartOf\":{\"@id\":\"https:\\\/\\\/www.webdo.tn\\\/fr\\\/#website\"},\"primaryImageOfPage\":{\"@id\":\"https:\\\/\\\/www.webdo.tn\\\/fr\\\/actualite\\\/culture\\\/qu-est-ce-qui-va-changer-au-musee-du-bardo-apres-sa-reouverture\\\/208594\\\/#primaryimage\"},\"image\":{\"@id\":\"https:\\\/\\\/www.webdo.tn\\\/fr\\\/actualite\\\/culture\\\/qu-est-ce-qui-va-changer-au-musee-du-bardo-apres-sa-reouverture\\\/208594\\\/#primaryimage\"},\"thumbnailUrl\":\"https:\\\/\\\/www.webdo.tn\\\/fr\\\/wp-content\\\/uploads\\\/2023\\\/09\\\/319484acda0ded89e930b0eccc082750.jpg\",\"datePublished\":\"2023-09-12T15:02:00+00:00\",\"dateModified\":\"2025-05-20T22:41:13+00:00\",\"description\":\"Le Mus\u00e9e du Bardo ferm\u00e9 depuis pr\u00e8s de deux ans rouvrira ses portes jeudi prochain. Qu\u2019est ce qui va changer apr\u00e8s sa r\u00e9novation ?\",\"breadcrumb\":{\"@id\":\"https:\\\/\\\/www.webdo.tn\\\/fr\\\/actualite\\\/culture\\\/qu-est-ce-qui-va-changer-au-musee-du-bardo-apres-sa-reouverture\\\/208594\\\/#breadcrumb\"},\"inLanguage\":\"fr-FR\",\"potentialAction\":[{\"@type\":\"ReadAction\",\"target\":[\"https:\\\/\\\/www.webdo.tn\\\/fr\\\/actualite\\\/culture\\\/qu-est-ce-qui-va-changer-au-musee-du-bardo-apres-sa-reouverture\\\/208594\\\/\"]}]},{\"@type\":\"ImageObject\",\"inLanguage\":\"fr-FR\",\"@id\":\"https:\\\/\\\/www.webdo.tn\\\/fr\\\/actualite\\\/culture\\\/qu-est-ce-qui-va-changer-au-musee-du-bardo-apres-sa-reouverture\\\/208594\\\/#primaryimage\",\"url\":\"https:\\\/\\\/www.webdo.tn\\\/fr\\\/wp-content\\\/uploads\\\/2023\\\/09\\\/319484acda0ded89e930b0eccc082750.jpg\",\"contentUrl\":\"https:\\\/\\\/www.webdo.tn\\\/fr\\\/wp-content\\\/uploads\\\/2023\\\/09\\\/319484acda0ded89e930b0eccc082750.jpg\",\"width\":750,\"height\":400,\"caption\":\"Qu\u2019est ce qui va changer au Mus\u00e9e du Bardo apr\u00e8s sa r\u00e9ouverture ?\"},{\"@type\":\"BreadcrumbList\",\"@id\":\"https:\\\/\\\/www.webdo.tn\\\/fr\\\/actualite\\\/culture\\\/qu-est-ce-qui-va-changer-au-musee-du-bardo-apres-sa-reouverture\\\/208594\\\/#breadcrumb\",\"itemListElement\":[{\"@type\":\"ListItem\",\"position\":1,\"name\":\"Accueil\",\"item\":\"https:\\\/\\\/www.webdo.tn\\\/fr\\\/\"},{\"@type\":\"ListItem\",\"position\":2,\"name\":\"Qu\u2019est ce qui va changer au Mus\u00e9e du Bardo apr\u00e8s sa r\u00e9ouverture ?\"}]},{\"@type\":\"WebSite\",\"@id\":\"https:\\\/\\\/www.webdo.tn\\\/fr\\\/#website\",\"url\":\"https:\\\/\\\/www.webdo.tn\\\/fr\\\/\",\"name\":\"webdo\",\"description\":\"Tunisie - News en Tunisie et \u00e0 l&#039;international sur Webdo.tn\",\"publisher\":{\"@id\":\"https:\\\/\\\/www.webdo.tn\\\/fr\\\/#organization\"},\"potentialAction\":[{\"@type\":\"SearchAction\",\"target\":{\"@type\":\"EntryPoint\",\"urlTemplate\":\"https:\\\/\\\/www.webdo.tn\\\/fr\\\/?s={search_term_string}\"},\"query-input\":{\"@type\":\"PropertyValueSpecification\",\"valueRequired\":true,\"valueName\":\"search_term_string\"}}],\"inLanguage\":\"fr-FR\"},{\"@type\":\"Organization\",\"@id\":\"https:\\\/\\\/www.webdo.tn\\\/fr\\\/#organization\",\"name\":\"Webdo\",\"alternateName\":\"Webdo.tn\",\"url\":\"https:\\\/\\\/www.webdo.tn\\\/fr\\\/\",\"logo\":{\"@type\":\"ImageObject\",\"inLanguage\":\"fr-FR\",\"@id\":\"https:\\\/\\\/www.webdo.tn\\\/fr\\\/#\\\/schema\\\/logo\\\/image\\\/\",\"url\":\"https:\\\/\\\/www.webdo.tn\\\/fr\\\/wp-content\\\/uploads\\\/2025\\\/06\\\/Webdo-Tunisie_168377.jpg\",\"contentUrl\":\"https:\\\/\\\/www.webdo.tn\\\/fr\\\/wp-content\\\/uploads\\\/2025\\\/06\\\/Webdo-Tunisie_168377.jpg\",\"width\":301,\"height\":301,\"caption\":\"Webdo\"},\"image\":{\"@id\":\"https:\\\/\\\/www.webdo.tn\\\/fr\\\/#\\\/schema\\\/logo\\\/image\\\/\"},\"sameAs\":[\"https:\\\/\\\/www.facebook.com\\\/webdotn\",\"https:\\\/\\\/x.com\\\/webdo_tn\"],\"description\":\"Webdo est un m\u00e9dia num\u00e9rique tunisien fond\u00e9 en 2010, sp\u00e9cialis\u00e9 dans l\u2019actualit\u00e9 nationale et internationale, l\u2019\u00e9conomie, la soci\u00e9t\u00e9 et les analyses politiques. Le site s\u2019adresse \u00e0 un large public francophone et couvre l\u2019information tunisienne en temps r\u00e9el.\",\"email\":\"redac@webdo.tn\",\"legalName\":\"YNJ SARL\",\"foundingDate\":\"2010-09-06\",\"numberOfEmployees\":{\"@type\":\"QuantitativeValue\",\"minValue\":\"11\",\"maxValue\":\"50\"}},{\"@type\":\"Person\",\"@id\":\"https:\\\/\\\/www.webdo.tn\\\/fr\\\/#\\\/schema\\\/person\\\/f35b42a42c5e2511bbd282959d6385cc\",\"name\":\"CL\",\"image\":{\"@type\":\"ImageObject\",\"inLanguage\":\"fr-FR\",\"@id\":\"https:\\\/\\\/secure.gravatar.com\\\/avatar\\\/1447a49909b67aa657c488aec6512e1dd6143a480c1ecfee9b5b5cd74eb3b59e?s=96&d=mm&r=g\",\"url\":\"https:\\\/\\\/secure.gravatar.com\\\/avatar\\\/1447a49909b67aa657c488aec6512e1dd6143a480c1ecfee9b5b5cd74eb3b59e?s=96&d=mm&r=g\",\"contentUrl\":\"https:\\\/\\\/secure.gravatar.com\\\/avatar\\\/1447a49909b67aa657c488aec6512e1dd6143a480c1ecfee9b5b5cd74eb3b59e?s=96&d=mm&r=g\",\"caption\":\"CL\"},\"url\":\"https:\\\/\\\/www.webdo.tn\\\/fr\\\/actualite\\\/author\\\/cl\\\/\"}]}<\/script>\n<!-- \/ Yoast SEO Premium plugin. -->","yoast_head_json":{"title":"Qu\u2019est ce qui va changer au Mus\u00e9e du Bardo apr\u00e8s sa r\u00e9ouverture ?","description":"Le Mus\u00e9e du Bardo ferm\u00e9 depuis pr\u00e8s de deux ans rouvrira ses portes jeudi prochain. Qu\u2019est ce qui va changer apr\u00e8s sa r\u00e9novation ?","canonical":"https:\/\/www.webdo.tn\/fr\/actualite\/culture\/qu-est-ce-qui-va-changer-au-musee-du-bardo-apres-sa-reouverture\/208594\/","og_locale":"fr_FR","og_type":"article","og_title":"Qu\u2019est ce qui va changer au Mus\u00e9e du Bardo apr\u00e8s sa r\u00e9ouverture ?","og_description":"Le Mus\u00e9e du Bardo ferm\u00e9 depuis pr\u00e8s de deux ans rouvrira ses portes jeudi prochain. Qu\u2019est ce qui va changer apr\u00e8s sa r\u00e9novation ?","og_url":"https:\/\/www.webdo.tn\/fr\/actualite\/culture\/qu-est-ce-qui-va-changer-au-musee-du-bardo-apres-sa-reouverture\/208594\/","og_site_name":"webdo","article_publisher":"https:\/\/www.facebook.com\/webdotn","article_published_time":"2023-09-12T15:02:00+00:00","article_modified_time":"2025-05-20T22:41:13+00:00","og_image":[{"width":750,"height":400,"url":"https:\/\/www.webdo.tn\/fr\/wp-content\/uploads\/2023\/09\/319484acda0ded89e930b0eccc082750.jpg","type":"image\/jpeg"}],"author":"CL","twitter_card":"summary_large_image","twitter_creator":"@webdo_tn","twitter_site":"@webdo_tn","twitter_misc":{"\u00c9crit par":"CL","Dur\u00e9e de lecture estim\u00e9e":"1 minute"},"schema":{"@context":"https:\/\/schema.org","@graph":[{"@type":"NewsArticle","@id":"https:\/\/www.webdo.tn\/fr\/actualite\/culture\/qu-est-ce-qui-va-changer-au-musee-du-bardo-apres-sa-reouverture\/208594\/#article","isPartOf":{"@id":"https:\/\/www.webdo.tn\/fr\/actualite\/culture\/qu-est-ce-qui-va-changer-au-musee-du-bardo-apres-sa-reouverture\/208594\/"},"author":{"name":"CL","@id":"https:\/\/www.webdo.tn\/fr\/#\/schema\/person\/f35b42a42c5e2511bbd282959d6385cc"},"headline":"Qu\u2019est ce qui va changer au Mus\u00e9e du Bardo apr\u00e8s sa r\u00e9ouverture ?","datePublished":"2023-09-12T15:02:00+00:00","dateModified":"2025-05-20T22:41:13+00:00","mainEntityOfPage":{"@id":"https:\/\/www.webdo.tn\/fr\/actualite\/culture\/qu-est-ce-qui-va-changer-au-musee-du-bardo-apres-sa-reouverture\/208594\/"},"wordCount":268,"commentCount":0,"publisher":{"@id":"https:\/\/www.webdo.tn\/fr\/#organization"},"image":{"@id":"https:\/\/www.webdo.tn\/fr\/actualite\/culture\/qu-est-ce-qui-va-changer-au-musee-du-bardo-apres-sa-reouverture\/208594\/#primaryimage"},"thumbnailUrl":"https:\/\/www.webdo.tn\/fr\/wp-content\/uploads\/2023\/09\/319484acda0ded89e930b0eccc082750.jpg","keywords":["mus\u00e9e","mus\u00e9e du bardo","Tunisie"],"articleSection":["Culture"],"inLanguage":"fr-FR"},{"@type":"WebPage","@id":"https:\/\/www.webdo.tn\/fr\/actualite\/culture\/qu-est-ce-qui-va-changer-au-musee-du-bardo-apres-sa-reouverture\/208594\/","url":"https:\/\/www.webdo.tn\/fr\/actualite\/culture\/qu-est-ce-qui-va-changer-au-musee-du-bardo-apres-sa-reouverture\/208594\/","name":"Qu\u2019est ce qui va changer au Mus\u00e9e du Bardo apr\u00e8s sa r\u00e9ouverture ?","isPartOf":{"@id":"https:\/\/www.webdo.tn\/fr\/#website"},"primaryImageOfPage":{"@id":"https:\/\/www.webdo.tn\/fr\/actualite\/culture\/qu-est-ce-qui-va-changer-au-musee-du-bardo-apres-sa-reouverture\/208594\/#primaryimage"},"image":{"@id":"https:\/\/www.webdo.tn\/fr\/actualite\/culture\/qu-est-ce-qui-va-changer-au-musee-du-bardo-apres-sa-reouverture\/208594\/#primaryimage"},"thumbnailUrl":"https:\/\/www.webdo.tn\/fr\/wp-content\/uploads\/2023\/09\/319484acda0ded89e930b0eccc082750.jpg","datePublished":"2023-09-12T15:02:00+00:00","dateModified":"2025-05-20T22:41:13+00:00","description":"Le Mus\u00e9e du Bardo ferm\u00e9 depuis pr\u00e8s de deux ans rouvrira ses portes jeudi prochain. Qu\u2019est ce qui va changer apr\u00e8s sa r\u00e9novation ?","breadcrumb":{"@id":"https:\/\/www.webdo.tn\/fr\/actualite\/culture\/qu-est-ce-qui-va-changer-au-musee-du-bardo-apres-sa-reouverture\/208594\/#breadcrumb"},"inLanguage":"fr-FR","potentialAction":[{"@type":"ReadAction","target":["https:\/\/www.webdo.tn\/fr\/actualite\/culture\/qu-est-ce-qui-va-changer-au-musee-du-bardo-apres-sa-reouverture\/208594\/"]}]},{"@type":"ImageObject","inLanguage":"fr-FR","@id":"https:\/\/www.webdo.tn\/fr\/actualite\/culture\/qu-est-ce-qui-va-changer-au-musee-du-bardo-apres-sa-reouverture\/208594\/#primaryimage","url":"https:\/\/www.webdo.tn\/fr\/wp-content\/uploads\/2023\/09\/319484acda0ded89e930b0eccc082750.jpg","contentUrl":"https:\/\/www.webdo.tn\/fr\/wp-content\/uploads\/2023\/09\/319484acda0ded89e930b0eccc082750.jpg","width":750,"height":400,"caption":"Qu\u2019est ce qui va changer au Mus\u00e9e du Bardo apr\u00e8s sa r\u00e9ouverture ?"},{"@type":"BreadcrumbList","@id":"https:\/\/www.webdo.tn\/fr\/actualite\/culture\/qu-est-ce-qui-va-changer-au-musee-du-bardo-apres-sa-reouverture\/208594\/#breadcrumb","itemListElement":[{"@type":"ListItem","position":1,"name":"Accueil","item":"https:\/\/www.webdo.tn\/fr\/"},{"@type":"ListItem","position":2,"name":"Qu\u2019est ce qui va changer au Mus\u00e9e du Bardo apr\u00e8s sa r\u00e9ouverture ?"}]},{"@type":"WebSite","@id":"https:\/\/www.webdo.tn\/fr\/#website","url":"https:\/\/www.webdo.tn\/fr\/","name":"webdo","description":"Tunisie - News en Tunisie et \u00e0 l&#039;international sur Webdo.tn","publisher":{"@id":"https:\/\/www.webdo.tn\/fr\/#organization"},"potentialAction":[{"@type":"SearchAction","target":{"@type":"EntryPoint","urlTemplate":"https:\/\/www.webdo.tn\/fr\/?s={search_term_string}"},"query-input":{"@type":"PropertyValueSpecification","valueRequired":true,"valueName":"search_term_string"}}],"inLanguage":"fr-FR"},{"@type":"Organization","@id":"https:\/\/www.webdo.tn\/fr\/#organization","name":"Webdo","alternateName":"Webdo.tn","url":"https:\/\/www.webdo.tn\/fr\/","logo":{"@type":"ImageObject","inLanguage":"fr-FR","@id":"https:\/\/www.webdo.tn\/fr\/#\/schema\/logo\/image\/","url":"https:\/\/www.webdo.tn\/fr\/wp-content\/uploads\/2025\/06\/Webdo-Tunisie_168377.jpg","contentUrl":"https:\/\/www.webdo.tn\/fr\/wp-content\/uploads\/2025\/06\/Webdo-Tunisie_168377.jpg","width":301,"height":301,"caption":"Webdo"},"image":{"@id":"https:\/\/www.webdo.tn\/fr\/#\/schema\/logo\/image\/"},"sameAs":["https:\/\/www.facebook.com\/webdotn","https:\/\/x.com\/webdo_tn"],"description":"Webdo est un m\u00e9dia num\u00e9rique tunisien fond\u00e9 en 2010, sp\u00e9cialis\u00e9 dans l\u2019actualit\u00e9 nationale et internationale, l\u2019\u00e9conomie, la soci\u00e9t\u00e9 et les analyses politiques. Le site s\u2019adresse \u00e0 un large public francophone et couvre l\u2019information tunisienne en temps r\u00e9el.","email":"redac@webdo.tn","legalName":"YNJ SARL","foundingDate":"2010-09-06","numberOfEmployees":{"@type":"QuantitativeValue","minValue":"11","maxValue":"50"}},{"@type":"Person","@id":"https:\/\/www.webdo.tn\/fr\/#\/schema\/person\/f35b42a42c5e2511bbd282959d6385cc","name":"CL","image":{"@type":"ImageObject","inLanguage":"fr-FR","@id":"https:\/\/secure.gravatar.com\/avatar\/1447a49909b67aa657c488aec6512e1dd6143a480c1ecfee9b5b5cd74eb3b59e?s=96&d=mm&r=g","url":"https:\/\/secure.gravatar.com\/avatar\/1447a49909b67aa657c488aec6512e1dd6143a480c1ecfee9b5b5cd74eb3b59e?s=96&d=mm&r=g","contentUrl":"https:\/\/secure.gravatar.com\/avatar\/1447a49909b67aa657c488aec6512e1dd6143a480c1ecfee9b5b5cd74eb3b59e?s=96&d=mm&r=g","caption":"CL"},"url":"https:\/\/www.webdo.tn\/fr\/actualite\/author\/cl\/"}]}},"_links":{"self":[{"href":"https:\/\/www.webdo.tn\/fr\/wp-json\/wp\/v2\/posts\/208594","targetHints":{"allow":["GET"]}}],"collection":[{"href":"https:\/\/www.webdo.tn\/fr\/wp-json\/wp\/v2\/posts"}],"about":[{"href":"https:\/\/www.webdo.tn\/fr\/wp-json\/wp\/v2\/types\/post"}],"author":[{"embeddable":true,"href":"https:\/\/www.webdo.tn\/fr\/wp-json\/wp\/v2\/users\/3175"}],"replies":[{"embeddable":true,"href":"https:\/\/www.webdo.tn\/fr\/wp-json\/wp\/v2\/comments?post=208594"}],"version-history":[{"count":0,"href":"https:\/\/www.webdo.tn\/fr\/wp-json\/wp\/v2\/posts\/208594\/revisions"}],"wp:featuredmedia":[{"embeddable":true,"href":"https:\/\/www.webdo.tn\/fr\/wp-json\/wp\/v2\/media\/249333"}],"wp:attachment":[{"href":"https:\/\/www.webdo.tn\/fr\/wp-json\/wp\/v2\/media?parent=208594"}],"wp:term":[{"taxonomy":"category","embeddable":true,"href":"https:\/\/www.webdo.tn\/fr\/wp-json\/wp\/v2\/categories?post=208594"},{"taxonomy":"post_tag","embeddable":true,"href":"https:\/\/www.webdo.tn\/fr\/wp-json\/wp\/v2\/tags?post=208594"}],"curies":[{"name":"wp","href":"https:\/\/api.w.org\/{rel}","templated":true}]}}