{"id":208591,"date":"2023-09-12T12:40:00","date_gmt":"2023-09-12T12:40:00","guid":{"rendered":"https:\/\/www.webdo.tn\/fr\/blog\/mandat-d-amener-emis-contre-un-homme-d-affaires-et-ancien-depute\/208591\/"},"modified":"2025-05-20T21:57:26","modified_gmt":"2025-05-20T21:57:26","slug":"mandat-d-amener-emis-contre-un-homme-d-affaires-et-ancien-depute","status":"publish","type":"post","link":"https:\/\/www.webdo.tn\/fr\/actualite\/national\/mandat-d-amener-emis-contre-un-homme-d-affaires-et-ancien-depute\/208591\/","title":{"rendered":"Mandat d\u2019amener \u00e9mis contre un homme d\u2019affaires et ancien d\u00e9put\u00e9"},"content":{"rendered":"<p>Le juge d\u2019instruction pr\u00e8s le p\u00f4le judiciaire et financier a \u00e9mis hier lundi 11 septembre 2023, un mandat d\u2019amener contre un homme d\u2019affaire et ancien d\u00e9put\u00e9 proche d\u2019Ennahdha.<\/p>\n<p>\t\t\t\t\t\t\t\t\tCe mandat d\u2019amener a \u00e9t\u00e9 \u00e9mis dans le cadre de l&rsquo;affaire de suspicion de corruption financi\u00e8re et administrative dans une soci\u00e9t\u00e9 p\u00e9troli\u00e8re publique.<\/p>\n<p>Une interdiction de voyage a \u00e9galement \u00e9t\u00e9 \u00e9mise contre l&rsquo;homme d&rsquo;affaires en question dont l\u2019identit\u00e9 n\u2019a pas \u00e9t\u00e9 r\u00e9v\u00e9l\u00e9e. Une interdiction de voyager contre lui a \u00e9galement \u00e9t\u00e9 \u00e9mise.<\/p>\n<p>Le juge d&rsquo;instruction charg\u00e9 de ce dossier\u00a0 a \u00e9galement \u00e9mis des mandats de d\u00e9p\u00f4t contre l&rsquo;ancien ministre du Transport Abdelkrim Harouni, et contre les anciens, directeur g\u00e9n\u00e9ral et directeur g\u00e9n\u00e9ral adjoint, d\u2019une soci\u00e9t\u00e9 p\u00e9troli\u00e8re publique.<\/p>\n<p>Dans cette affaire, l&rsquo;ancien ministre de l&rsquo;\u00c9nergie et de l&rsquo;Industrie a \u00e9t\u00e9 maintenu en libert\u00e9 sous contr\u00f4le judiciaire.<\/p>\n","protected":false},"excerpt":{"rendered":"<p>Le juge d\u2019instruction pr\u00e8s le p\u00f4le judiciaire et financier a \u00e9mis hier lundi 11 septembre 2023, un mandat d\u2019amener contre un homme d\u2019affaire et ancien d\u00e9put\u00e9 pr&#8230;<\/p>\n","protected":false},"author":3162,"featured_media":249332,"comment_status":"open","ping_status":"closed","sticky":false,"template":"","format":"standard","meta":{"footnotes":""},"categories":[44],"tags":[3196,3597,2619,7943],"class_list":["post-208591","post","type-post","status-publish","format-standard","has-post-thumbnail","hentry","category-national","tag-corruption","tag-depute","tag-justice","tag-mandat-damener"],"yoast_head":"<!-- This site is optimized with the Yoast SEO Premium plugin v27.5 (Yoast SEO v27.5) - https:\/\/yoast.com\/product\/yoast-seo-premium-wordpress\/ -->\n<title>Mandat d\u2019amener \u00e9mis contre un homme d\u2019affaires et ancien d\u00e9put\u00e9<\/title>\n<meta name=\"description\" content=\"Le juge d\u2019instruction pr\u00e8s le p\u00f4le judiciaire et financier a \u00e9mis hier lundi 11 septembre 2023, un mandat d\u2019amener contre un homme d\u2019affaire et ancien d\u00e9put\u00e9 pr...\" \/>\n<link rel=\"canonical\" href=\"https:\/\/www.webdo.tn\/fr\/actualite\/national\/mandat-d-amener-emis-contre-un-homme-d-affaires-et-ancien-depute\/208591\/\" \/>\n<meta property=\"og:locale\" content=\"fr_FR\" \/>\n<meta property=\"og:type\" content=\"article\" \/>\n<meta property=\"og:title\" content=\"Mandat d\u2019amener \u00e9mis contre un homme d\u2019affaires et ancien d\u00e9put\u00e9\" \/>\n<meta property=\"og:description\" content=\"Le juge d\u2019instruction pr\u00e8s le p\u00f4le judiciaire et financier a \u00e9mis hier lundi 11 septembre 2023, un mandat d\u2019amener contre un homme d\u2019affaire et ancien d\u00e9put\u00e9 pr...\" \/>\n<meta property=\"og:url\" content=\"https:\/\/www.webdo.tn\/fr\/actualite\/national\/mandat-d-amener-emis-contre-un-homme-d-affaires-et-ancien-depute\/208591\/\" \/>\n<meta property=\"og:site_name\" content=\"webdo\" \/>\n<meta property=\"article:publisher\" content=\"https:\/\/www.facebook.com\/webdotn\" \/>\n<meta property=\"article:published_time\" content=\"2023-09-12T12:40:00+00:00\" \/>\n<meta property=\"article:modified_time\" content=\"2025-05-20T21:57:26+00:00\" \/>\n<meta property=\"og:image\" content=\"https:\/\/www.webdo.tn\/fr\/wp-content\/uploads\/2023\/09\/a52ea9adbb80dd8d3bf6fe3467fccb82.jpg\" \/>\n\t<meta property=\"og:image:width\" content=\"650\" \/>\n\t<meta property=\"og:image:height\" content=\"347\" \/>\n\t<meta property=\"og:image:type\" content=\"image\/jpeg\" \/>\n<meta name=\"author\" content=\"MC\" \/>\n<meta name=\"twitter:card\" content=\"summary_large_image\" \/>\n<meta name=\"twitter:creator\" content=\"@webdo_tn\" \/>\n<meta name=\"twitter:site\" content=\"@webdo_tn\" \/>\n<meta name=\"twitter:label1\" content=\"\u00c9crit par\" \/>\n\t<meta name=\"twitter:data1\" content=\"MC\" \/>\n\t<meta name=\"twitter:label2\" content=\"Dur\u00e9e de lecture estim\u00e9e\" \/>\n\t<meta name=\"twitter:data2\" content=\"1 minute\" \/>\n<script type=\"application\/ld+json\" class=\"yoast-schema-graph\">{\"@context\":\"https:\\\/\\\/schema.org\",\"@graph\":[{\"@type\":\"NewsArticle\",\"@id\":\"https:\\\/\\\/www.webdo.tn\\\/fr\\\/actualite\\\/national\\\/mandat-d-amener-emis-contre-un-homme-d-affaires-et-ancien-depute\\\/208591\\\/#article\",\"isPartOf\":{\"@id\":\"https:\\\/\\\/www.webdo.tn\\\/fr\\\/actualite\\\/national\\\/mandat-d-amener-emis-contre-un-homme-d-affaires-et-ancien-depute\\\/208591\\\/\"},\"author\":{\"name\":\"MC\",\"@id\":\"https:\\\/\\\/www.webdo.tn\\\/fr\\\/#\\\/schema\\\/person\\\/2c4929cbf5a809e3bd38617c6ce150f6\"},\"headline\":\"Mandat d\u2019amener \u00e9mis contre un homme d\u2019affaires et ancien d\u00e9put\u00e9\",\"datePublished\":\"2023-09-12T12:40:00+00:00\",\"dateModified\":\"2025-05-20T21:57:26+00:00\",\"mainEntityOfPage\":{\"@id\":\"https:\\\/\\\/www.webdo.tn\\\/fr\\\/actualite\\\/national\\\/mandat-d-amener-emis-contre-un-homme-d-affaires-et-ancien-depute\\\/208591\\\/\"},\"wordCount\":180,\"commentCount\":0,\"publisher\":{\"@id\":\"https:\\\/\\\/www.webdo.tn\\\/fr\\\/#organization\"},\"image\":{\"@id\":\"https:\\\/\\\/www.webdo.tn\\\/fr\\\/actualite\\\/national\\\/mandat-d-amener-emis-contre-un-homme-d-affaires-et-ancien-depute\\\/208591\\\/#primaryimage\"},\"thumbnailUrl\":\"https:\\\/\\\/www.webdo.tn\\\/fr\\\/wp-content\\\/uploads\\\/2023\\\/09\\\/a52ea9adbb80dd8d3bf6fe3467fccb82.jpg\",\"keywords\":[\"corruption\",\"d\u00e9put\u00e9\",\"justice\",\"mandat d'amener\"],\"articleSection\":[\"National\"],\"inLanguage\":\"fr-FR\"},{\"@type\":\"WebPage\",\"@id\":\"https:\\\/\\\/www.webdo.tn\\\/fr\\\/actualite\\\/national\\\/mandat-d-amener-emis-contre-un-homme-d-affaires-et-ancien-depute\\\/208591\\\/\",\"url\":\"https:\\\/\\\/www.webdo.tn\\\/fr\\\/actualite\\\/national\\\/mandat-d-amener-emis-contre-un-homme-d-affaires-et-ancien-depute\\\/208591\\\/\",\"name\":\"Mandat d\u2019amener \u00e9mis contre un homme d\u2019affaires et ancien d\u00e9put\u00e9\",\"isPartOf\":{\"@id\":\"https:\\\/\\\/www.webdo.tn\\\/fr\\\/#website\"},\"primaryImageOfPage\":{\"@id\":\"https:\\\/\\\/www.webdo.tn\\\/fr\\\/actualite\\\/national\\\/mandat-d-amener-emis-contre-un-homme-d-affaires-et-ancien-depute\\\/208591\\\/#primaryimage\"},\"image\":{\"@id\":\"https:\\\/\\\/www.webdo.tn\\\/fr\\\/actualite\\\/national\\\/mandat-d-amener-emis-contre-un-homme-d-affaires-et-ancien-depute\\\/208591\\\/#primaryimage\"},\"thumbnailUrl\":\"https:\\\/\\\/www.webdo.tn\\\/fr\\\/wp-content\\\/uploads\\\/2023\\\/09\\\/a52ea9adbb80dd8d3bf6fe3467fccb82.jpg\",\"datePublished\":\"2023-09-12T12:40:00+00:00\",\"dateModified\":\"2025-05-20T21:57:26+00:00\",\"description\":\"Le juge d\u2019instruction pr\u00e8s le p\u00f4le judiciaire et financier a \u00e9mis hier lundi 11 septembre 2023, un mandat d\u2019amener contre un homme d\u2019affaire et ancien d\u00e9put\u00e9 pr...\",\"breadcrumb\":{\"@id\":\"https:\\\/\\\/www.webdo.tn\\\/fr\\\/actualite\\\/national\\\/mandat-d-amener-emis-contre-un-homme-d-affaires-et-ancien-depute\\\/208591\\\/#breadcrumb\"},\"inLanguage\":\"fr-FR\",\"potentialAction\":[{\"@type\":\"ReadAction\",\"target\":[\"https:\\\/\\\/www.webdo.tn\\\/fr\\\/actualite\\\/national\\\/mandat-d-amener-emis-contre-un-homme-d-affaires-et-ancien-depute\\\/208591\\\/\"]}]},{\"@type\":\"ImageObject\",\"inLanguage\":\"fr-FR\",\"@id\":\"https:\\\/\\\/www.webdo.tn\\\/fr\\\/actualite\\\/national\\\/mandat-d-amener-emis-contre-un-homme-d-affaires-et-ancien-depute\\\/208591\\\/#primaryimage\",\"url\":\"https:\\\/\\\/www.webdo.tn\\\/fr\\\/wp-content\\\/uploads\\\/2023\\\/09\\\/a52ea9adbb80dd8d3bf6fe3467fccb82.jpg\",\"contentUrl\":\"https:\\\/\\\/www.webdo.tn\\\/fr\\\/wp-content\\\/uploads\\\/2023\\\/09\\\/a52ea9adbb80dd8d3bf6fe3467fccb82.jpg\",\"width\":650,\"height\":347,\"caption\":\"Mandat d\u2019amener \u00e9mis contre un homme d\u2019affaires et ancien d\u00e9put\u00e9\"},{\"@type\":\"BreadcrumbList\",\"@id\":\"https:\\\/\\\/www.webdo.tn\\\/fr\\\/actualite\\\/national\\\/mandat-d-amener-emis-contre-un-homme-d-affaires-et-ancien-depute\\\/208591\\\/#breadcrumb\",\"itemListElement\":[{\"@type\":\"ListItem\",\"position\":1,\"name\":\"Accueil\",\"item\":\"https:\\\/\\\/www.webdo.tn\\\/fr\\\/\"},{\"@type\":\"ListItem\",\"position\":2,\"name\":\"Mandat d\u2019amener \u00e9mis contre un homme d\u2019affaires et ancien d\u00e9put\u00e9\"}]},{\"@type\":\"WebSite\",\"@id\":\"https:\\\/\\\/www.webdo.tn\\\/fr\\\/#website\",\"url\":\"https:\\\/\\\/www.webdo.tn\\\/fr\\\/\",\"name\":\"webdo\",\"description\":\"Tunisie - News en Tunisie et \u00e0 l&#039;international sur Webdo.tn\",\"publisher\":{\"@id\":\"https:\\\/\\\/www.webdo.tn\\\/fr\\\/#organization\"},\"potentialAction\":[{\"@type\":\"SearchAction\",\"target\":{\"@type\":\"EntryPoint\",\"urlTemplate\":\"https:\\\/\\\/www.webdo.tn\\\/fr\\\/?s={search_term_string}\"},\"query-input\":{\"@type\":\"PropertyValueSpecification\",\"valueRequired\":true,\"valueName\":\"search_term_string\"}}],\"inLanguage\":\"fr-FR\"},{\"@type\":\"Organization\",\"@id\":\"https:\\\/\\\/www.webdo.tn\\\/fr\\\/#organization\",\"name\":\"Webdo\",\"alternateName\":\"Webdo.tn\",\"url\":\"https:\\\/\\\/www.webdo.tn\\\/fr\\\/\",\"logo\":{\"@type\":\"ImageObject\",\"inLanguage\":\"fr-FR\",\"@id\":\"https:\\\/\\\/www.webdo.tn\\\/fr\\\/#\\\/schema\\\/logo\\\/image\\\/\",\"url\":\"https:\\\/\\\/www.webdo.tn\\\/fr\\\/wp-content\\\/uploads\\\/2025\\\/06\\\/Webdo-Tunisie_168377.jpg\",\"contentUrl\":\"https:\\\/\\\/www.webdo.tn\\\/fr\\\/wp-content\\\/uploads\\\/2025\\\/06\\\/Webdo-Tunisie_168377.jpg\",\"width\":301,\"height\":301,\"caption\":\"Webdo\"},\"image\":{\"@id\":\"https:\\\/\\\/www.webdo.tn\\\/fr\\\/#\\\/schema\\\/logo\\\/image\\\/\"},\"sameAs\":[\"https:\\\/\\\/www.facebook.com\\\/webdotn\",\"https:\\\/\\\/x.com\\\/webdo_tn\"],\"description\":\"Webdo est un m\u00e9dia num\u00e9rique tunisien fond\u00e9 en 2010, sp\u00e9cialis\u00e9 dans l\u2019actualit\u00e9 nationale et internationale, l\u2019\u00e9conomie, la soci\u00e9t\u00e9 et les analyses politiques. Le site s\u2019adresse \u00e0 un large public francophone et couvre l\u2019information tunisienne en temps r\u00e9el.\",\"email\":\"redac@webdo.tn\",\"legalName\":\"YNJ SARL\",\"foundingDate\":\"2010-09-06\",\"numberOfEmployees\":{\"@type\":\"QuantitativeValue\",\"minValue\":\"11\",\"maxValue\":\"50\"}},{\"@type\":\"Person\",\"@id\":\"https:\\\/\\\/www.webdo.tn\\\/fr\\\/#\\\/schema\\\/person\\\/2c4929cbf5a809e3bd38617c6ce150f6\",\"name\":\"MC\",\"image\":{\"@type\":\"ImageObject\",\"inLanguage\":\"fr-FR\",\"@id\":\"https:\\\/\\\/secure.gravatar.com\\\/avatar\\\/a545bbb6f84efdd5553dbbc2895e3ca8f1d12c5215e00a041c9670b54aa9b18a?s=96&d=mm&r=g\",\"url\":\"https:\\\/\\\/secure.gravatar.com\\\/avatar\\\/a545bbb6f84efdd5553dbbc2895e3ca8f1d12c5215e00a041c9670b54aa9b18a?s=96&d=mm&r=g\",\"contentUrl\":\"https:\\\/\\\/secure.gravatar.com\\\/avatar\\\/a545bbb6f84efdd5553dbbc2895e3ca8f1d12c5215e00a041c9670b54aa9b18a?s=96&d=mm&r=g\",\"caption\":\"MC\"},\"url\":\"https:\\\/\\\/www.webdo.tn\\\/fr\\\/actualite\\\/author\\\/mc\\\/\"}]}<\/script>\n<!-- \/ Yoast SEO Premium plugin. -->","yoast_head_json":{"title":"Mandat d\u2019amener \u00e9mis contre un homme d\u2019affaires et ancien d\u00e9put\u00e9","description":"Le juge d\u2019instruction pr\u00e8s le p\u00f4le judiciaire et financier a \u00e9mis hier lundi 11 septembre 2023, un mandat d\u2019amener contre un homme d\u2019affaire et ancien d\u00e9put\u00e9 pr...","canonical":"https:\/\/www.webdo.tn\/fr\/actualite\/national\/mandat-d-amener-emis-contre-un-homme-d-affaires-et-ancien-depute\/208591\/","og_locale":"fr_FR","og_type":"article","og_title":"Mandat d\u2019amener \u00e9mis contre un homme d\u2019affaires et ancien d\u00e9put\u00e9","og_description":"Le juge d\u2019instruction pr\u00e8s le p\u00f4le judiciaire et financier a \u00e9mis hier lundi 11 septembre 2023, un mandat d\u2019amener contre un homme d\u2019affaire et ancien d\u00e9put\u00e9 pr...","og_url":"https:\/\/www.webdo.tn\/fr\/actualite\/national\/mandat-d-amener-emis-contre-un-homme-d-affaires-et-ancien-depute\/208591\/","og_site_name":"webdo","article_publisher":"https:\/\/www.facebook.com\/webdotn","article_published_time":"2023-09-12T12:40:00+00:00","article_modified_time":"2025-05-20T21:57:26+00:00","og_image":[{"width":650,"height":347,"url":"https:\/\/www.webdo.tn\/fr\/wp-content\/uploads\/2023\/09\/a52ea9adbb80dd8d3bf6fe3467fccb82.jpg","type":"image\/jpeg"}],"author":"MC","twitter_card":"summary_large_image","twitter_creator":"@webdo_tn","twitter_site":"@webdo_tn","twitter_misc":{"\u00c9crit par":"MC","Dur\u00e9e de lecture estim\u00e9e":"1 minute"},"schema":{"@context":"https:\/\/schema.org","@graph":[{"@type":"NewsArticle","@id":"https:\/\/www.webdo.tn\/fr\/actualite\/national\/mandat-d-amener-emis-contre-un-homme-d-affaires-et-ancien-depute\/208591\/#article","isPartOf":{"@id":"https:\/\/www.webdo.tn\/fr\/actualite\/national\/mandat-d-amener-emis-contre-un-homme-d-affaires-et-ancien-depute\/208591\/"},"author":{"name":"MC","@id":"https:\/\/www.webdo.tn\/fr\/#\/schema\/person\/2c4929cbf5a809e3bd38617c6ce150f6"},"headline":"Mandat d\u2019amener \u00e9mis contre un homme d\u2019affaires et ancien d\u00e9put\u00e9","datePublished":"2023-09-12T12:40:00+00:00","dateModified":"2025-05-20T21:57:26+00:00","mainEntityOfPage":{"@id":"https:\/\/www.webdo.tn\/fr\/actualite\/national\/mandat-d-amener-emis-contre-un-homme-d-affaires-et-ancien-depute\/208591\/"},"wordCount":180,"commentCount":0,"publisher":{"@id":"https:\/\/www.webdo.tn\/fr\/#organization"},"image":{"@id":"https:\/\/www.webdo.tn\/fr\/actualite\/national\/mandat-d-amener-emis-contre-un-homme-d-affaires-et-ancien-depute\/208591\/#primaryimage"},"thumbnailUrl":"https:\/\/www.webdo.tn\/fr\/wp-content\/uploads\/2023\/09\/a52ea9adbb80dd8d3bf6fe3467fccb82.jpg","keywords":["corruption","d\u00e9put\u00e9","justice","mandat d'amener"],"articleSection":["National"],"inLanguage":"fr-FR"},{"@type":"WebPage","@id":"https:\/\/www.webdo.tn\/fr\/actualite\/national\/mandat-d-amener-emis-contre-un-homme-d-affaires-et-ancien-depute\/208591\/","url":"https:\/\/www.webdo.tn\/fr\/actualite\/national\/mandat-d-amener-emis-contre-un-homme-d-affaires-et-ancien-depute\/208591\/","name":"Mandat d\u2019amener \u00e9mis contre un homme d\u2019affaires et ancien d\u00e9put\u00e9","isPartOf":{"@id":"https:\/\/www.webdo.tn\/fr\/#website"},"primaryImageOfPage":{"@id":"https:\/\/www.webdo.tn\/fr\/actualite\/national\/mandat-d-amener-emis-contre-un-homme-d-affaires-et-ancien-depute\/208591\/#primaryimage"},"image":{"@id":"https:\/\/www.webdo.tn\/fr\/actualite\/national\/mandat-d-amener-emis-contre-un-homme-d-affaires-et-ancien-depute\/208591\/#primaryimage"},"thumbnailUrl":"https:\/\/www.webdo.tn\/fr\/wp-content\/uploads\/2023\/09\/a52ea9adbb80dd8d3bf6fe3467fccb82.jpg","datePublished":"2023-09-12T12:40:00+00:00","dateModified":"2025-05-20T21:57:26+00:00","description":"Le juge d\u2019instruction pr\u00e8s le p\u00f4le judiciaire et financier a \u00e9mis hier lundi 11 septembre 2023, un mandat d\u2019amener contre un homme d\u2019affaire et ancien d\u00e9put\u00e9 pr...","breadcrumb":{"@id":"https:\/\/www.webdo.tn\/fr\/actualite\/national\/mandat-d-amener-emis-contre-un-homme-d-affaires-et-ancien-depute\/208591\/#breadcrumb"},"inLanguage":"fr-FR","potentialAction":[{"@type":"ReadAction","target":["https:\/\/www.webdo.tn\/fr\/actualite\/national\/mandat-d-amener-emis-contre-un-homme-d-affaires-et-ancien-depute\/208591\/"]}]},{"@type":"ImageObject","inLanguage":"fr-FR","@id":"https:\/\/www.webdo.tn\/fr\/actualite\/national\/mandat-d-amener-emis-contre-un-homme-d-affaires-et-ancien-depute\/208591\/#primaryimage","url":"https:\/\/www.webdo.tn\/fr\/wp-content\/uploads\/2023\/09\/a52ea9adbb80dd8d3bf6fe3467fccb82.jpg","contentUrl":"https:\/\/www.webdo.tn\/fr\/wp-content\/uploads\/2023\/09\/a52ea9adbb80dd8d3bf6fe3467fccb82.jpg","width":650,"height":347,"caption":"Mandat d\u2019amener \u00e9mis contre un homme d\u2019affaires et ancien d\u00e9put\u00e9"},{"@type":"BreadcrumbList","@id":"https:\/\/www.webdo.tn\/fr\/actualite\/national\/mandat-d-amener-emis-contre-un-homme-d-affaires-et-ancien-depute\/208591\/#breadcrumb","itemListElement":[{"@type":"ListItem","position":1,"name":"Accueil","item":"https:\/\/www.webdo.tn\/fr\/"},{"@type":"ListItem","position":2,"name":"Mandat d\u2019amener \u00e9mis contre un homme d\u2019affaires et ancien d\u00e9put\u00e9"}]},{"@type":"WebSite","@id":"https:\/\/www.webdo.tn\/fr\/#website","url":"https:\/\/www.webdo.tn\/fr\/","name":"webdo","description":"Tunisie - News en Tunisie et \u00e0 l&#039;international sur Webdo.tn","publisher":{"@id":"https:\/\/www.webdo.tn\/fr\/#organization"},"potentialAction":[{"@type":"SearchAction","target":{"@type":"EntryPoint","urlTemplate":"https:\/\/www.webdo.tn\/fr\/?s={search_term_string}"},"query-input":{"@type":"PropertyValueSpecification","valueRequired":true,"valueName":"search_term_string"}}],"inLanguage":"fr-FR"},{"@type":"Organization","@id":"https:\/\/www.webdo.tn\/fr\/#organization","name":"Webdo","alternateName":"Webdo.tn","url":"https:\/\/www.webdo.tn\/fr\/","logo":{"@type":"ImageObject","inLanguage":"fr-FR","@id":"https:\/\/www.webdo.tn\/fr\/#\/schema\/logo\/image\/","url":"https:\/\/www.webdo.tn\/fr\/wp-content\/uploads\/2025\/06\/Webdo-Tunisie_168377.jpg","contentUrl":"https:\/\/www.webdo.tn\/fr\/wp-content\/uploads\/2025\/06\/Webdo-Tunisie_168377.jpg","width":301,"height":301,"caption":"Webdo"},"image":{"@id":"https:\/\/www.webdo.tn\/fr\/#\/schema\/logo\/image\/"},"sameAs":["https:\/\/www.facebook.com\/webdotn","https:\/\/x.com\/webdo_tn"],"description":"Webdo est un m\u00e9dia num\u00e9rique tunisien fond\u00e9 en 2010, sp\u00e9cialis\u00e9 dans l\u2019actualit\u00e9 nationale et internationale, l\u2019\u00e9conomie, la soci\u00e9t\u00e9 et les analyses politiques. Le site s\u2019adresse \u00e0 un large public francophone et couvre l\u2019information tunisienne en temps r\u00e9el.","email":"redac@webdo.tn","legalName":"YNJ SARL","foundingDate":"2010-09-06","numberOfEmployees":{"@type":"QuantitativeValue","minValue":"11","maxValue":"50"}},{"@type":"Person","@id":"https:\/\/www.webdo.tn\/fr\/#\/schema\/person\/2c4929cbf5a809e3bd38617c6ce150f6","name":"MC","image":{"@type":"ImageObject","inLanguage":"fr-FR","@id":"https:\/\/secure.gravatar.com\/avatar\/a545bbb6f84efdd5553dbbc2895e3ca8f1d12c5215e00a041c9670b54aa9b18a?s=96&d=mm&r=g","url":"https:\/\/secure.gravatar.com\/avatar\/a545bbb6f84efdd5553dbbc2895e3ca8f1d12c5215e00a041c9670b54aa9b18a?s=96&d=mm&r=g","contentUrl":"https:\/\/secure.gravatar.com\/avatar\/a545bbb6f84efdd5553dbbc2895e3ca8f1d12c5215e00a041c9670b54aa9b18a?s=96&d=mm&r=g","caption":"MC"},"url":"https:\/\/www.webdo.tn\/fr\/actualite\/author\/mc\/"}]}},"_links":{"self":[{"href":"https:\/\/www.webdo.tn\/fr\/wp-json\/wp\/v2\/posts\/208591","targetHints":{"allow":["GET"]}}],"collection":[{"href":"https:\/\/www.webdo.tn\/fr\/wp-json\/wp\/v2\/posts"}],"about":[{"href":"https:\/\/www.webdo.tn\/fr\/wp-json\/wp\/v2\/types\/post"}],"author":[{"embeddable":true,"href":"https:\/\/www.webdo.tn\/fr\/wp-json\/wp\/v2\/users\/3162"}],"replies":[{"embeddable":true,"href":"https:\/\/www.webdo.tn\/fr\/wp-json\/wp\/v2\/comments?post=208591"}],"version-history":[{"count":0,"href":"https:\/\/www.webdo.tn\/fr\/wp-json\/wp\/v2\/posts\/208591\/revisions"}],"wp:featuredmedia":[{"embeddable":true,"href":"https:\/\/www.webdo.tn\/fr\/wp-json\/wp\/v2\/media\/249332"}],"wp:attachment":[{"href":"https:\/\/www.webdo.tn\/fr\/wp-json\/wp\/v2\/media?parent=208591"}],"wp:term":[{"taxonomy":"category","embeddable":true,"href":"https:\/\/www.webdo.tn\/fr\/wp-json\/wp\/v2\/categories?post=208591"},{"taxonomy":"post_tag","embeddable":true,"href":"https:\/\/www.webdo.tn\/fr\/wp-json\/wp\/v2\/tags?post=208591"}],"curies":[{"name":"wp","href":"https:\/\/api.w.org\/{rel}","templated":true}]}}