{"id":208590,"date":"2023-09-12T12:29:00","date_gmt":"2023-09-12T12:29:00","guid":{"rendered":"https:\/\/www.webdo.tn\/fr\/blog\/la-greve-des-transporteurs-de-carburant-reportee-au-29-septembre\/208590\/"},"modified":"2025-05-20T21:57:26","modified_gmt":"2025-05-20T21:57:26","slug":"la-greve-des-transporteurs-de-carburant-reportee-au-29-septembre","status":"publish","type":"post","link":"https:\/\/www.webdo.tn\/fr\/actualite\/national\/la-greve-des-transporteurs-de-carburant-reportee-au-29-septembre\/208590\/","title":{"rendered":"La gr\u00e8ve des transporteurs de carburant report\u00e9e au 29 septembre"},"content":{"rendered":"<p>La gr\u00e8ve des transporteurs de carburant, qui \u00e9tait pr\u00e9vue jeudi 14 et vendredi 15 septembre 2023 a \u00e9t\u00e9 report\u00e9e.<\/p>\n<p>\t\t\t\t\t\t\t\t\tLa F\u00e9d\u00e9ration g\u00e9n\u00e9rale de la p\u00e9trochimie, relevant de l&rsquo;Union g\u00e9n\u00e9rale des travailleurs tunisiens (UGTT), a d\u00e9cid\u00e9 de reporter cette gr\u00e8ve aux vendredi 29 et samedi 30 septembre.<\/p>\n","protected":false},"excerpt":{"rendered":"<p>La gr\u00e8ve des transporteurs de carburant, qui \u00e9tait pr\u00e9vue jeudi 14 et vendredi 15 septembre 2023 a \u00e9t\u00e9 report\u00e9e.<\/p>\n","protected":false},"author":3162,"featured_media":249330,"comment_status":"open","ping_status":"closed","sticky":false,"template":"","format":"standard","meta":{"footnotes":""},"categories":[44],"tags":[4956,2647,4957],"class_list":["post-208590","post","type-post","status-publish","format-standard","has-post-thumbnail","hentry","category-national","tag-carburant","tag-greve","tag-transporteurs"],"yoast_head":"<!-- This site is optimized with the Yoast SEO Premium plugin v27.4 (Yoast SEO v27.4) - https:\/\/yoast.com\/product\/yoast-seo-premium-wordpress\/ -->\n<title>La gr\u00e8ve des transporteurs de carburant report\u00e9e au 29 septembre<\/title>\n<meta name=\"description\" content=\"La gr\u00e8ve des transporteurs de carburant, qui \u00e9tait pr\u00e9vue jeudi 14 et vendredi 15 septembre 2023 a \u00e9t\u00e9 report\u00e9e.\" \/>\n<link rel=\"canonical\" href=\"https:\/\/www.webdo.tn\/fr\/actualite\/national\/la-greve-des-transporteurs-de-carburant-reportee-au-29-septembre\/208590\/\" \/>\n<meta property=\"og:locale\" content=\"fr_FR\" \/>\n<meta property=\"og:type\" content=\"article\" \/>\n<meta property=\"og:title\" content=\"La gr\u00e8ve des transporteurs de carburant report\u00e9e au 29 septembre\" \/>\n<meta property=\"og:description\" content=\"La gr\u00e8ve des transporteurs de carburant, qui \u00e9tait pr\u00e9vue jeudi 14 et vendredi 15 septembre 2023 a \u00e9t\u00e9 report\u00e9e.\" \/>\n<meta property=\"og:url\" content=\"https:\/\/www.webdo.tn\/fr\/actualite\/national\/la-greve-des-transporteurs-de-carburant-reportee-au-29-septembre\/208590\/\" \/>\n<meta property=\"og:site_name\" content=\"webdo\" \/>\n<meta property=\"article:publisher\" content=\"https:\/\/www.facebook.com\/webdotn\" \/>\n<meta property=\"article:published_time\" content=\"2023-09-12T12:29:00+00:00\" \/>\n<meta property=\"article:modified_time\" content=\"2025-05-20T21:57:26+00:00\" \/>\n<meta property=\"og:image\" content=\"https:\/\/www.webdo.tn\/fr\/wp-content\/uploads\/2023\/09\/b2143d68266e67c7acd08563558b4f56.jpg\" \/>\n\t<meta property=\"og:image:width\" content=\"638\" \/>\n\t<meta property=\"og:image:height\" content=\"340\" \/>\n\t<meta property=\"og:image:type\" content=\"image\/jpeg\" \/>\n<meta name=\"author\" content=\"MC\" \/>\n<meta name=\"twitter:card\" content=\"summary_large_image\" \/>\n<meta name=\"twitter:creator\" content=\"@webdo_tn\" \/>\n<meta name=\"twitter:site\" content=\"@webdo_tn\" \/>\n<meta name=\"twitter:label1\" content=\"\u00c9crit par\" \/>\n\t<meta name=\"twitter:data1\" content=\"MC\" \/>\n<script type=\"application\/ld+json\" class=\"yoast-schema-graph\">{\"@context\":\"https:\\\/\\\/schema.org\",\"@graph\":[{\"@type\":\"NewsArticle\",\"@id\":\"https:\\\/\\\/www.webdo.tn\\\/fr\\\/actualite\\\/national\\\/la-greve-des-transporteurs-de-carburant-reportee-au-29-septembre\\\/208590\\\/#article\",\"isPartOf\":{\"@id\":\"https:\\\/\\\/www.webdo.tn\\\/fr\\\/actualite\\\/national\\\/la-greve-des-transporteurs-de-carburant-reportee-au-29-septembre\\\/208590\\\/\"},\"author\":{\"name\":\"MC\",\"@id\":\"https:\\\/\\\/www.webdo.tn\\\/fr\\\/#\\\/schema\\\/person\\\/2c4929cbf5a809e3bd38617c6ce150f6\"},\"headline\":\"La gr\u00e8ve des transporteurs de carburant report\u00e9e au 29 septembre\",\"datePublished\":\"2023-09-12T12:29:00+00:00\",\"dateModified\":\"2025-05-20T21:57:26+00:00\",\"mainEntityOfPage\":{\"@id\":\"https:\\\/\\\/www.webdo.tn\\\/fr\\\/actualite\\\/national\\\/la-greve-des-transporteurs-de-carburant-reportee-au-29-septembre\\\/208590\\\/\"},\"wordCount\":65,\"commentCount\":0,\"publisher\":{\"@id\":\"https:\\\/\\\/www.webdo.tn\\\/fr\\\/#organization\"},\"image\":{\"@id\":\"https:\\\/\\\/www.webdo.tn\\\/fr\\\/actualite\\\/national\\\/la-greve-des-transporteurs-de-carburant-reportee-au-29-septembre\\\/208590\\\/#primaryimage\"},\"thumbnailUrl\":\"https:\\\/\\\/www.webdo.tn\\\/fr\\\/wp-content\\\/uploads\\\/2023\\\/09\\\/b2143d68266e67c7acd08563558b4f56.jpg\",\"keywords\":[\"carburant\",\"Gr\u00e8ve\",\"transporteurs\"],\"articleSection\":[\"National\"],\"inLanguage\":\"fr-FR\"},{\"@type\":\"WebPage\",\"@id\":\"https:\\\/\\\/www.webdo.tn\\\/fr\\\/actualite\\\/national\\\/la-greve-des-transporteurs-de-carburant-reportee-au-29-septembre\\\/208590\\\/\",\"url\":\"https:\\\/\\\/www.webdo.tn\\\/fr\\\/actualite\\\/national\\\/la-greve-des-transporteurs-de-carburant-reportee-au-29-septembre\\\/208590\\\/\",\"name\":\"La gr\u00e8ve des transporteurs de carburant report\u00e9e au 29 septembre\",\"isPartOf\":{\"@id\":\"https:\\\/\\\/www.webdo.tn\\\/fr\\\/#website\"},\"primaryImageOfPage\":{\"@id\":\"https:\\\/\\\/www.webdo.tn\\\/fr\\\/actualite\\\/national\\\/la-greve-des-transporteurs-de-carburant-reportee-au-29-septembre\\\/208590\\\/#primaryimage\"},\"image\":{\"@id\":\"https:\\\/\\\/www.webdo.tn\\\/fr\\\/actualite\\\/national\\\/la-greve-des-transporteurs-de-carburant-reportee-au-29-septembre\\\/208590\\\/#primaryimage\"},\"thumbnailUrl\":\"https:\\\/\\\/www.webdo.tn\\\/fr\\\/wp-content\\\/uploads\\\/2023\\\/09\\\/b2143d68266e67c7acd08563558b4f56.jpg\",\"datePublished\":\"2023-09-12T12:29:00+00:00\",\"dateModified\":\"2025-05-20T21:57:26+00:00\",\"description\":\"La gr\u00e8ve des transporteurs de carburant, qui \u00e9tait pr\u00e9vue jeudi 14 et vendredi 15 septembre 2023 a \u00e9t\u00e9 report\u00e9e.\",\"breadcrumb\":{\"@id\":\"https:\\\/\\\/www.webdo.tn\\\/fr\\\/actualite\\\/national\\\/la-greve-des-transporteurs-de-carburant-reportee-au-29-septembre\\\/208590\\\/#breadcrumb\"},\"inLanguage\":\"fr-FR\",\"potentialAction\":[{\"@type\":\"ReadAction\",\"target\":[\"https:\\\/\\\/www.webdo.tn\\\/fr\\\/actualite\\\/national\\\/la-greve-des-transporteurs-de-carburant-reportee-au-29-septembre\\\/208590\\\/\"]}]},{\"@type\":\"ImageObject\",\"inLanguage\":\"fr-FR\",\"@id\":\"https:\\\/\\\/www.webdo.tn\\\/fr\\\/actualite\\\/national\\\/la-greve-des-transporteurs-de-carburant-reportee-au-29-septembre\\\/208590\\\/#primaryimage\",\"url\":\"https:\\\/\\\/www.webdo.tn\\\/fr\\\/wp-content\\\/uploads\\\/2023\\\/09\\\/b2143d68266e67c7acd08563558b4f56.jpg\",\"contentUrl\":\"https:\\\/\\\/www.webdo.tn\\\/fr\\\/wp-content\\\/uploads\\\/2023\\\/09\\\/b2143d68266e67c7acd08563558b4f56.jpg\",\"width\":638,\"height\":340,\"caption\":\"La gr\u00e8ve des transporteurs de carburant report\u00e9e au 29 septembre\"},{\"@type\":\"BreadcrumbList\",\"@id\":\"https:\\\/\\\/www.webdo.tn\\\/fr\\\/actualite\\\/national\\\/la-greve-des-transporteurs-de-carburant-reportee-au-29-septembre\\\/208590\\\/#breadcrumb\",\"itemListElement\":[{\"@type\":\"ListItem\",\"position\":1,\"name\":\"Accueil\",\"item\":\"https:\\\/\\\/www.webdo.tn\\\/fr\\\/\"},{\"@type\":\"ListItem\",\"position\":2,\"name\":\"La gr\u00e8ve des transporteurs de carburant report\u00e9e au 29 septembre\"}]},{\"@type\":\"WebSite\",\"@id\":\"https:\\\/\\\/www.webdo.tn\\\/fr\\\/#website\",\"url\":\"https:\\\/\\\/www.webdo.tn\\\/fr\\\/\",\"name\":\"webdo\",\"description\":\"Tunisie - News en Tunisie et \u00e0 l&#039;international sur Webdo.tn\",\"publisher\":{\"@id\":\"https:\\\/\\\/www.webdo.tn\\\/fr\\\/#organization\"},\"potentialAction\":[{\"@type\":\"SearchAction\",\"target\":{\"@type\":\"EntryPoint\",\"urlTemplate\":\"https:\\\/\\\/www.webdo.tn\\\/fr\\\/?s={search_term_string}\"},\"query-input\":{\"@type\":\"PropertyValueSpecification\",\"valueRequired\":true,\"valueName\":\"search_term_string\"}}],\"inLanguage\":\"fr-FR\"},{\"@type\":\"Organization\",\"@id\":\"https:\\\/\\\/www.webdo.tn\\\/fr\\\/#organization\",\"name\":\"Webdo\",\"alternateName\":\"Webdo.tn\",\"url\":\"https:\\\/\\\/www.webdo.tn\\\/fr\\\/\",\"logo\":{\"@type\":\"ImageObject\",\"inLanguage\":\"fr-FR\",\"@id\":\"https:\\\/\\\/www.webdo.tn\\\/fr\\\/#\\\/schema\\\/logo\\\/image\\\/\",\"url\":\"https:\\\/\\\/www.webdo.tn\\\/fr\\\/wp-content\\\/uploads\\\/2025\\\/06\\\/Webdo-Tunisie_168377.jpg\",\"contentUrl\":\"https:\\\/\\\/www.webdo.tn\\\/fr\\\/wp-content\\\/uploads\\\/2025\\\/06\\\/Webdo-Tunisie_168377.jpg\",\"width\":301,\"height\":301,\"caption\":\"Webdo\"},\"image\":{\"@id\":\"https:\\\/\\\/www.webdo.tn\\\/fr\\\/#\\\/schema\\\/logo\\\/image\\\/\"},\"sameAs\":[\"https:\\\/\\\/www.facebook.com\\\/webdotn\",\"https:\\\/\\\/x.com\\\/webdo_tn\"],\"description\":\"Webdo est un m\u00e9dia num\u00e9rique tunisien fond\u00e9 en 2010, sp\u00e9cialis\u00e9 dans l\u2019actualit\u00e9 nationale et internationale, l\u2019\u00e9conomie, la soci\u00e9t\u00e9 et les analyses politiques. Le site s\u2019adresse \u00e0 un large public francophone et couvre l\u2019information tunisienne en temps r\u00e9el.\",\"email\":\"redac@webdo.tn\",\"legalName\":\"YNJ SARL\",\"foundingDate\":\"2010-09-06\",\"numberOfEmployees\":{\"@type\":\"QuantitativeValue\",\"minValue\":\"11\",\"maxValue\":\"50\"}},{\"@type\":\"Person\",\"@id\":\"https:\\\/\\\/www.webdo.tn\\\/fr\\\/#\\\/schema\\\/person\\\/2c4929cbf5a809e3bd38617c6ce150f6\",\"name\":\"MC\",\"image\":{\"@type\":\"ImageObject\",\"inLanguage\":\"fr-FR\",\"@id\":\"https:\\\/\\\/secure.gravatar.com\\\/avatar\\\/a545bbb6f84efdd5553dbbc2895e3ca8f1d12c5215e00a041c9670b54aa9b18a?s=96&d=mm&r=g\",\"url\":\"https:\\\/\\\/secure.gravatar.com\\\/avatar\\\/a545bbb6f84efdd5553dbbc2895e3ca8f1d12c5215e00a041c9670b54aa9b18a?s=96&d=mm&r=g\",\"contentUrl\":\"https:\\\/\\\/secure.gravatar.com\\\/avatar\\\/a545bbb6f84efdd5553dbbc2895e3ca8f1d12c5215e00a041c9670b54aa9b18a?s=96&d=mm&r=g\",\"caption\":\"MC\"},\"url\":\"https:\\\/\\\/www.webdo.tn\\\/fr\\\/actualite\\\/author\\\/mc\\\/\"}]}<\/script>\n<!-- \/ Yoast SEO Premium plugin. -->","yoast_head_json":{"title":"La gr\u00e8ve des transporteurs de carburant report\u00e9e au 29 septembre","description":"La gr\u00e8ve des transporteurs de carburant, qui \u00e9tait pr\u00e9vue jeudi 14 et vendredi 15 septembre 2023 a \u00e9t\u00e9 report\u00e9e.","canonical":"https:\/\/www.webdo.tn\/fr\/actualite\/national\/la-greve-des-transporteurs-de-carburant-reportee-au-29-septembre\/208590\/","og_locale":"fr_FR","og_type":"article","og_title":"La gr\u00e8ve des transporteurs de carburant report\u00e9e au 29 septembre","og_description":"La gr\u00e8ve des transporteurs de carburant, qui \u00e9tait pr\u00e9vue jeudi 14 et vendredi 15 septembre 2023 a \u00e9t\u00e9 report\u00e9e.","og_url":"https:\/\/www.webdo.tn\/fr\/actualite\/national\/la-greve-des-transporteurs-de-carburant-reportee-au-29-septembre\/208590\/","og_site_name":"webdo","article_publisher":"https:\/\/www.facebook.com\/webdotn","article_published_time":"2023-09-12T12:29:00+00:00","article_modified_time":"2025-05-20T21:57:26+00:00","og_image":[{"width":638,"height":340,"url":"https:\/\/www.webdo.tn\/fr\/wp-content\/uploads\/2023\/09\/b2143d68266e67c7acd08563558b4f56.jpg","type":"image\/jpeg"}],"author":"MC","twitter_card":"summary_large_image","twitter_creator":"@webdo_tn","twitter_site":"@webdo_tn","twitter_misc":{"\u00c9crit par":"MC"},"schema":{"@context":"https:\/\/schema.org","@graph":[{"@type":"NewsArticle","@id":"https:\/\/www.webdo.tn\/fr\/actualite\/national\/la-greve-des-transporteurs-de-carburant-reportee-au-29-septembre\/208590\/#article","isPartOf":{"@id":"https:\/\/www.webdo.tn\/fr\/actualite\/national\/la-greve-des-transporteurs-de-carburant-reportee-au-29-septembre\/208590\/"},"author":{"name":"MC","@id":"https:\/\/www.webdo.tn\/fr\/#\/schema\/person\/2c4929cbf5a809e3bd38617c6ce150f6"},"headline":"La gr\u00e8ve des transporteurs de carburant report\u00e9e au 29 septembre","datePublished":"2023-09-12T12:29:00+00:00","dateModified":"2025-05-20T21:57:26+00:00","mainEntityOfPage":{"@id":"https:\/\/www.webdo.tn\/fr\/actualite\/national\/la-greve-des-transporteurs-de-carburant-reportee-au-29-septembre\/208590\/"},"wordCount":65,"commentCount":0,"publisher":{"@id":"https:\/\/www.webdo.tn\/fr\/#organization"},"image":{"@id":"https:\/\/www.webdo.tn\/fr\/actualite\/national\/la-greve-des-transporteurs-de-carburant-reportee-au-29-septembre\/208590\/#primaryimage"},"thumbnailUrl":"https:\/\/www.webdo.tn\/fr\/wp-content\/uploads\/2023\/09\/b2143d68266e67c7acd08563558b4f56.jpg","keywords":["carburant","Gr\u00e8ve","transporteurs"],"articleSection":["National"],"inLanguage":"fr-FR"},{"@type":"WebPage","@id":"https:\/\/www.webdo.tn\/fr\/actualite\/national\/la-greve-des-transporteurs-de-carburant-reportee-au-29-septembre\/208590\/","url":"https:\/\/www.webdo.tn\/fr\/actualite\/national\/la-greve-des-transporteurs-de-carburant-reportee-au-29-septembre\/208590\/","name":"La gr\u00e8ve des transporteurs de carburant report\u00e9e au 29 septembre","isPartOf":{"@id":"https:\/\/www.webdo.tn\/fr\/#website"},"primaryImageOfPage":{"@id":"https:\/\/www.webdo.tn\/fr\/actualite\/national\/la-greve-des-transporteurs-de-carburant-reportee-au-29-septembre\/208590\/#primaryimage"},"image":{"@id":"https:\/\/www.webdo.tn\/fr\/actualite\/national\/la-greve-des-transporteurs-de-carburant-reportee-au-29-septembre\/208590\/#primaryimage"},"thumbnailUrl":"https:\/\/www.webdo.tn\/fr\/wp-content\/uploads\/2023\/09\/b2143d68266e67c7acd08563558b4f56.jpg","datePublished":"2023-09-12T12:29:00+00:00","dateModified":"2025-05-20T21:57:26+00:00","description":"La gr\u00e8ve des transporteurs de carburant, qui \u00e9tait pr\u00e9vue jeudi 14 et vendredi 15 septembre 2023 a \u00e9t\u00e9 report\u00e9e.","breadcrumb":{"@id":"https:\/\/www.webdo.tn\/fr\/actualite\/national\/la-greve-des-transporteurs-de-carburant-reportee-au-29-septembre\/208590\/#breadcrumb"},"inLanguage":"fr-FR","potentialAction":[{"@type":"ReadAction","target":["https:\/\/www.webdo.tn\/fr\/actualite\/national\/la-greve-des-transporteurs-de-carburant-reportee-au-29-septembre\/208590\/"]}]},{"@type":"ImageObject","inLanguage":"fr-FR","@id":"https:\/\/www.webdo.tn\/fr\/actualite\/national\/la-greve-des-transporteurs-de-carburant-reportee-au-29-septembre\/208590\/#primaryimage","url":"https:\/\/www.webdo.tn\/fr\/wp-content\/uploads\/2023\/09\/b2143d68266e67c7acd08563558b4f56.jpg","contentUrl":"https:\/\/www.webdo.tn\/fr\/wp-content\/uploads\/2023\/09\/b2143d68266e67c7acd08563558b4f56.jpg","width":638,"height":340,"caption":"La gr\u00e8ve des transporteurs de carburant report\u00e9e au 29 septembre"},{"@type":"BreadcrumbList","@id":"https:\/\/www.webdo.tn\/fr\/actualite\/national\/la-greve-des-transporteurs-de-carburant-reportee-au-29-septembre\/208590\/#breadcrumb","itemListElement":[{"@type":"ListItem","position":1,"name":"Accueil","item":"https:\/\/www.webdo.tn\/fr\/"},{"@type":"ListItem","position":2,"name":"La gr\u00e8ve des transporteurs de carburant report\u00e9e au 29 septembre"}]},{"@type":"WebSite","@id":"https:\/\/www.webdo.tn\/fr\/#website","url":"https:\/\/www.webdo.tn\/fr\/","name":"webdo","description":"Tunisie - News en Tunisie et \u00e0 l&#039;international sur Webdo.tn","publisher":{"@id":"https:\/\/www.webdo.tn\/fr\/#organization"},"potentialAction":[{"@type":"SearchAction","target":{"@type":"EntryPoint","urlTemplate":"https:\/\/www.webdo.tn\/fr\/?s={search_term_string}"},"query-input":{"@type":"PropertyValueSpecification","valueRequired":true,"valueName":"search_term_string"}}],"inLanguage":"fr-FR"},{"@type":"Organization","@id":"https:\/\/www.webdo.tn\/fr\/#organization","name":"Webdo","alternateName":"Webdo.tn","url":"https:\/\/www.webdo.tn\/fr\/","logo":{"@type":"ImageObject","inLanguage":"fr-FR","@id":"https:\/\/www.webdo.tn\/fr\/#\/schema\/logo\/image\/","url":"https:\/\/www.webdo.tn\/fr\/wp-content\/uploads\/2025\/06\/Webdo-Tunisie_168377.jpg","contentUrl":"https:\/\/www.webdo.tn\/fr\/wp-content\/uploads\/2025\/06\/Webdo-Tunisie_168377.jpg","width":301,"height":301,"caption":"Webdo"},"image":{"@id":"https:\/\/www.webdo.tn\/fr\/#\/schema\/logo\/image\/"},"sameAs":["https:\/\/www.facebook.com\/webdotn","https:\/\/x.com\/webdo_tn"],"description":"Webdo est un m\u00e9dia num\u00e9rique tunisien fond\u00e9 en 2010, sp\u00e9cialis\u00e9 dans l\u2019actualit\u00e9 nationale et internationale, l\u2019\u00e9conomie, la soci\u00e9t\u00e9 et les analyses politiques. Le site s\u2019adresse \u00e0 un large public francophone et couvre l\u2019information tunisienne en temps r\u00e9el.","email":"redac@webdo.tn","legalName":"YNJ SARL","foundingDate":"2010-09-06","numberOfEmployees":{"@type":"QuantitativeValue","minValue":"11","maxValue":"50"}},{"@type":"Person","@id":"https:\/\/www.webdo.tn\/fr\/#\/schema\/person\/2c4929cbf5a809e3bd38617c6ce150f6","name":"MC","image":{"@type":"ImageObject","inLanguage":"fr-FR","@id":"https:\/\/secure.gravatar.com\/avatar\/a545bbb6f84efdd5553dbbc2895e3ca8f1d12c5215e00a041c9670b54aa9b18a?s=96&d=mm&r=g","url":"https:\/\/secure.gravatar.com\/avatar\/a545bbb6f84efdd5553dbbc2895e3ca8f1d12c5215e00a041c9670b54aa9b18a?s=96&d=mm&r=g","contentUrl":"https:\/\/secure.gravatar.com\/avatar\/a545bbb6f84efdd5553dbbc2895e3ca8f1d12c5215e00a041c9670b54aa9b18a?s=96&d=mm&r=g","caption":"MC"},"url":"https:\/\/www.webdo.tn\/fr\/actualite\/author\/mc\/"}]}},"_links":{"self":[{"href":"https:\/\/www.webdo.tn\/fr\/wp-json\/wp\/v2\/posts\/208590","targetHints":{"allow":["GET"]}}],"collection":[{"href":"https:\/\/www.webdo.tn\/fr\/wp-json\/wp\/v2\/posts"}],"about":[{"href":"https:\/\/www.webdo.tn\/fr\/wp-json\/wp\/v2\/types\/post"}],"author":[{"embeddable":true,"href":"https:\/\/www.webdo.tn\/fr\/wp-json\/wp\/v2\/users\/3162"}],"replies":[{"embeddable":true,"href":"https:\/\/www.webdo.tn\/fr\/wp-json\/wp\/v2\/comments?post=208590"}],"version-history":[{"count":0,"href":"https:\/\/www.webdo.tn\/fr\/wp-json\/wp\/v2\/posts\/208590\/revisions"}],"wp:featuredmedia":[{"embeddable":true,"href":"https:\/\/www.webdo.tn\/fr\/wp-json\/wp\/v2\/media\/249330"}],"wp:attachment":[{"href":"https:\/\/www.webdo.tn\/fr\/wp-json\/wp\/v2\/media?parent=208590"}],"wp:term":[{"taxonomy":"category","embeddable":true,"href":"https:\/\/www.webdo.tn\/fr\/wp-json\/wp\/v2\/categories?post=208590"},{"taxonomy":"post_tag","embeddable":true,"href":"https:\/\/www.webdo.tn\/fr\/wp-json\/wp\/v2\/tags?post=208590"}],"curies":[{"name":"wp","href":"https:\/\/api.w.org\/{rel}","templated":true}]}}