{"id":208588,"date":"2023-09-12T11:28:00","date_gmt":"2023-09-12T11:28:00","guid":{"rendered":"https:\/\/www.webdo.tn\/fr\/blog\/communaute-tunisienne-en-libye-l-ambassadeur-tunisien-se-prononce\/208588\/"},"modified":"2025-05-20T22:51:45","modified_gmt":"2025-05-20T22:51:45","slug":"communaute-tunisienne-en-libye-l-ambassadeur-tunisien-se-prononce","status":"publish","type":"post","link":"https:\/\/www.webdo.tn\/fr\/actualite\/national\/communaute-tunisienne-en-libye-l-ambassadeur-tunisien-se-prononce\/208588\/","title":{"rendered":"Inondations en Libye : Aucune victime parmi les Tunisiens"},"content":{"rendered":"<p>C\u2019est la catastrophe en Libye. La ville de Derna, \u00e0 l\u2019est, est en proie \u00e0 des inondations in\u00e9dites, faisant des milliers de morts et de disparus.<\/p>\n<p>\t\t\t\t\t\t\t\t\tJoint par Mosa\u00efque FM, l\u2019ambassadeur de Tunis \u00e0 Tripoli Lassaad Lajili a rassur\u00e9 sur la situation des Tunisiens \u00e0 l\u2019est de la Libye, assurant que jusqu\u2019\u00e0 pr\u00e9sent aucune victime parmi la communaut\u00e9 tunisienne n\u2019a \u00e9t\u00e9 enregistr\u00e9.\u00a0<\/p>\n<p>Il a affirm\u00e9 que les services consulaires seront d\u00e9localis\u00e9s de Tripoli \u00e0 Benghazi pour suivre de pr\u00e8s la situation des Tunisiens r\u00e9sidant dans ces r\u00e9gions. \u00ab La communaut\u00e9 tunisienne \u00e0 l\u2019est de la Libye n\u2019est pas nombreuse \u00bb, a-t-il rassur\u00e9.\u00a0<\/p>\n<p>Et d\u2019ajouter que le consulat g\u00e9n\u00e9ral de Tunisie \u00e0 Tripoli en Libye, a mis en place un num\u00e9ro vert &#8211; 00218213409479 &#8211; \u00e0 la disposition des membres de la communaut\u00e9 tunisienne se trouvant \u00e0 l&rsquo;est de la Libye et dans toutes les zones touch\u00e9es par les inondations pour signaler tout cas d&rsquo;urgence.<\/p>\n","protected":false},"excerpt":{"rendered":"<p>C\u2019est la catastrophe en Libye. La ville de Derna, \u00e0 l\u2019est, est en proie \u00e0 des inondations in\u00e9dites, faisant des milliers de morts et de disparus.<\/p>\n","protected":false},"author":3175,"featured_media":278705,"comment_status":"open","ping_status":"closed","sticky":false,"template":"","format":"standard","meta":{"footnotes":""},"categories":[44],"tags":[3164,3279,2608],"class_list":["post-208588","post","type-post","status-publish","format-standard","has-post-thumbnail","hentry","category-national","tag-inondations","tag-libye","tag-tunisie"],"yoast_head":"<!-- This site is optimized with the Yoast SEO Premium plugin v27.5 (Yoast SEO v27.5) - https:\/\/yoast.com\/product\/yoast-seo-premium-wordpress\/ -->\n<title>Inondations en Libye : Aucune victime parmi les Tunisiens<\/title>\n<meta name=\"description\" content=\"C\u2019est la catastrophe en Libye. La ville de Derna, \u00e0 l\u2019est, est en proie \u00e0 des inondations in\u00e9dites, faisant des milliers de morts et de disparus.\" \/>\n<link rel=\"canonical\" href=\"https:\/\/www.webdo.tn\/fr\/actualite\/national\/communaute-tunisienne-en-libye-l-ambassadeur-tunisien-se-prononce\/208588\/\" \/>\n<meta property=\"og:locale\" content=\"fr_FR\" \/>\n<meta property=\"og:type\" content=\"article\" \/>\n<meta property=\"og:title\" content=\"Inondations en Libye : Aucune victime parmi les Tunisiens\" \/>\n<meta property=\"og:description\" content=\"C\u2019est la catastrophe en Libye. La ville de Derna, \u00e0 l\u2019est, est en proie \u00e0 des inondations in\u00e9dites, faisant des milliers de morts et de disparus.\" \/>\n<meta property=\"og:url\" content=\"https:\/\/www.webdo.tn\/fr\/actualite\/national\/communaute-tunisienne-en-libye-l-ambassadeur-tunisien-se-prononce\/208588\/\" \/>\n<meta property=\"og:site_name\" content=\"webdo\" \/>\n<meta property=\"article:publisher\" content=\"https:\/\/www.facebook.com\/webdotn\" \/>\n<meta property=\"article:published_time\" content=\"2023-09-12T11:28:00+00:00\" \/>\n<meta property=\"article:modified_time\" content=\"2025-05-20T22:51:45+00:00\" \/>\n<meta property=\"og:image\" content=\"https:\/\/www.webdo.tn\/fr\/wp-content\/uploads\/2023\/09\/ad1b60e79f827369d3670d468589b405.jpg\" \/>\n\t<meta property=\"og:image:width\" content=\"750\" \/>\n\t<meta property=\"og:image:height\" content=\"400\" \/>\n\t<meta property=\"og:image:type\" content=\"image\/jpeg\" \/>\n<meta name=\"author\" content=\"CL\" \/>\n<meta name=\"twitter:card\" content=\"summary_large_image\" \/>\n<meta name=\"twitter:creator\" content=\"@webdo_tn\" \/>\n<meta name=\"twitter:site\" content=\"@webdo_tn\" \/>\n<meta name=\"twitter:label1\" content=\"\u00c9crit par\" \/>\n\t<meta name=\"twitter:data1\" content=\"CL\" \/>\n\t<meta name=\"twitter:label2\" content=\"Dur\u00e9e de lecture estim\u00e9e\" \/>\n\t<meta name=\"twitter:data2\" content=\"1 minute\" \/>\n<script type=\"application\/ld+json\" class=\"yoast-schema-graph\">{\"@context\":\"https:\\\/\\\/schema.org\",\"@graph\":[{\"@type\":\"NewsArticle\",\"@id\":\"https:\\\/\\\/www.webdo.tn\\\/fr\\\/actualite\\\/national\\\/communaute-tunisienne-en-libye-l-ambassadeur-tunisien-se-prononce\\\/208588\\\/#article\",\"isPartOf\":{\"@id\":\"https:\\\/\\\/www.webdo.tn\\\/fr\\\/actualite\\\/national\\\/communaute-tunisienne-en-libye-l-ambassadeur-tunisien-se-prononce\\\/208588\\\/\"},\"author\":{\"name\":\"CL\",\"@id\":\"https:\\\/\\\/www.webdo.tn\\\/fr\\\/#\\\/schema\\\/person\\\/f35b42a42c5e2511bbd282959d6385cc\"},\"headline\":\"Inondations en Libye : Aucune victime parmi les Tunisiens\",\"datePublished\":\"2023-09-12T11:28:00+00:00\",\"dateModified\":\"2025-05-20T22:51:45+00:00\",\"mainEntityOfPage\":{\"@id\":\"https:\\\/\\\/www.webdo.tn\\\/fr\\\/actualite\\\/national\\\/communaute-tunisienne-en-libye-l-ambassadeur-tunisien-se-prononce\\\/208588\\\/\"},\"wordCount\":172,\"commentCount\":0,\"publisher\":{\"@id\":\"https:\\\/\\\/www.webdo.tn\\\/fr\\\/#organization\"},\"image\":{\"@id\":\"https:\\\/\\\/www.webdo.tn\\\/fr\\\/actualite\\\/national\\\/communaute-tunisienne-en-libye-l-ambassadeur-tunisien-se-prononce\\\/208588\\\/#primaryimage\"},\"thumbnailUrl\":\"https:\\\/\\\/www.webdo.tn\\\/fr\\\/wp-content\\\/uploads\\\/2023\\\/09\\\/ad1b60e79f827369d3670d468589b405.jpg\",\"keywords\":[\"Inondations\",\"Libye\",\"Tunisie\"],\"articleSection\":[\"National\"],\"inLanguage\":\"fr-FR\"},{\"@type\":\"WebPage\",\"@id\":\"https:\\\/\\\/www.webdo.tn\\\/fr\\\/actualite\\\/national\\\/communaute-tunisienne-en-libye-l-ambassadeur-tunisien-se-prononce\\\/208588\\\/\",\"url\":\"https:\\\/\\\/www.webdo.tn\\\/fr\\\/actualite\\\/national\\\/communaute-tunisienne-en-libye-l-ambassadeur-tunisien-se-prononce\\\/208588\\\/\",\"name\":\"Inondations en Libye : Aucune victime parmi les Tunisiens\",\"isPartOf\":{\"@id\":\"https:\\\/\\\/www.webdo.tn\\\/fr\\\/#website\"},\"primaryImageOfPage\":{\"@id\":\"https:\\\/\\\/www.webdo.tn\\\/fr\\\/actualite\\\/national\\\/communaute-tunisienne-en-libye-l-ambassadeur-tunisien-se-prononce\\\/208588\\\/#primaryimage\"},\"image\":{\"@id\":\"https:\\\/\\\/www.webdo.tn\\\/fr\\\/actualite\\\/national\\\/communaute-tunisienne-en-libye-l-ambassadeur-tunisien-se-prononce\\\/208588\\\/#primaryimage\"},\"thumbnailUrl\":\"https:\\\/\\\/www.webdo.tn\\\/fr\\\/wp-content\\\/uploads\\\/2023\\\/09\\\/ad1b60e79f827369d3670d468589b405.jpg\",\"datePublished\":\"2023-09-12T11:28:00+00:00\",\"dateModified\":\"2025-05-20T22:51:45+00:00\",\"description\":\"C\u2019est la catastrophe en Libye. La ville de Derna, \u00e0 l\u2019est, est en proie \u00e0 des inondations in\u00e9dites, faisant des milliers de morts et de disparus.\",\"breadcrumb\":{\"@id\":\"https:\\\/\\\/www.webdo.tn\\\/fr\\\/actualite\\\/national\\\/communaute-tunisienne-en-libye-l-ambassadeur-tunisien-se-prononce\\\/208588\\\/#breadcrumb\"},\"inLanguage\":\"fr-FR\",\"potentialAction\":[{\"@type\":\"ReadAction\",\"target\":[\"https:\\\/\\\/www.webdo.tn\\\/fr\\\/actualite\\\/national\\\/communaute-tunisienne-en-libye-l-ambassadeur-tunisien-se-prononce\\\/208588\\\/\"]}]},{\"@type\":\"ImageObject\",\"inLanguage\":\"fr-FR\",\"@id\":\"https:\\\/\\\/www.webdo.tn\\\/fr\\\/actualite\\\/national\\\/communaute-tunisienne-en-libye-l-ambassadeur-tunisien-se-prononce\\\/208588\\\/#primaryimage\",\"url\":\"https:\\\/\\\/www.webdo.tn\\\/fr\\\/wp-content\\\/uploads\\\/2023\\\/09\\\/ad1b60e79f827369d3670d468589b405.jpg\",\"contentUrl\":\"https:\\\/\\\/www.webdo.tn\\\/fr\\\/wp-content\\\/uploads\\\/2023\\\/09\\\/ad1b60e79f827369d3670d468589b405.jpg\",\"width\":750,\"height\":400,\"caption\":\"Inondations en Libye : Aucune victime parmi les Tunisiens\"},{\"@type\":\"BreadcrumbList\",\"@id\":\"https:\\\/\\\/www.webdo.tn\\\/fr\\\/actualite\\\/national\\\/communaute-tunisienne-en-libye-l-ambassadeur-tunisien-se-prononce\\\/208588\\\/#breadcrumb\",\"itemListElement\":[{\"@type\":\"ListItem\",\"position\":1,\"name\":\"Accueil\",\"item\":\"https:\\\/\\\/www.webdo.tn\\\/fr\\\/\"},{\"@type\":\"ListItem\",\"position\":2,\"name\":\"Inondations en Libye : Aucune victime parmi les Tunisiens\"}]},{\"@type\":\"WebSite\",\"@id\":\"https:\\\/\\\/www.webdo.tn\\\/fr\\\/#website\",\"url\":\"https:\\\/\\\/www.webdo.tn\\\/fr\\\/\",\"name\":\"webdo\",\"description\":\"Tunisie - News en Tunisie et \u00e0 l&#039;international sur Webdo.tn\",\"publisher\":{\"@id\":\"https:\\\/\\\/www.webdo.tn\\\/fr\\\/#organization\"},\"potentialAction\":[{\"@type\":\"SearchAction\",\"target\":{\"@type\":\"EntryPoint\",\"urlTemplate\":\"https:\\\/\\\/www.webdo.tn\\\/fr\\\/?s={search_term_string}\"},\"query-input\":{\"@type\":\"PropertyValueSpecification\",\"valueRequired\":true,\"valueName\":\"search_term_string\"}}],\"inLanguage\":\"fr-FR\"},{\"@type\":\"Organization\",\"@id\":\"https:\\\/\\\/www.webdo.tn\\\/fr\\\/#organization\",\"name\":\"Webdo\",\"alternateName\":\"Webdo.tn\",\"url\":\"https:\\\/\\\/www.webdo.tn\\\/fr\\\/\",\"logo\":{\"@type\":\"ImageObject\",\"inLanguage\":\"fr-FR\",\"@id\":\"https:\\\/\\\/www.webdo.tn\\\/fr\\\/#\\\/schema\\\/logo\\\/image\\\/\",\"url\":\"https:\\\/\\\/www.webdo.tn\\\/fr\\\/wp-content\\\/uploads\\\/2025\\\/06\\\/Webdo-Tunisie_168377.jpg\",\"contentUrl\":\"https:\\\/\\\/www.webdo.tn\\\/fr\\\/wp-content\\\/uploads\\\/2025\\\/06\\\/Webdo-Tunisie_168377.jpg\",\"width\":301,\"height\":301,\"caption\":\"Webdo\"},\"image\":{\"@id\":\"https:\\\/\\\/www.webdo.tn\\\/fr\\\/#\\\/schema\\\/logo\\\/image\\\/\"},\"sameAs\":[\"https:\\\/\\\/www.facebook.com\\\/webdotn\",\"https:\\\/\\\/x.com\\\/webdo_tn\"],\"description\":\"Webdo est un m\u00e9dia num\u00e9rique tunisien fond\u00e9 en 2010, sp\u00e9cialis\u00e9 dans l\u2019actualit\u00e9 nationale et internationale, l\u2019\u00e9conomie, la soci\u00e9t\u00e9 et les analyses politiques. Le site s\u2019adresse \u00e0 un large public francophone et couvre l\u2019information tunisienne en temps r\u00e9el.\",\"email\":\"redac@webdo.tn\",\"legalName\":\"YNJ SARL\",\"foundingDate\":\"2010-09-06\",\"numberOfEmployees\":{\"@type\":\"QuantitativeValue\",\"minValue\":\"11\",\"maxValue\":\"50\"}},{\"@type\":\"Person\",\"@id\":\"https:\\\/\\\/www.webdo.tn\\\/fr\\\/#\\\/schema\\\/person\\\/f35b42a42c5e2511bbd282959d6385cc\",\"name\":\"CL\",\"image\":{\"@type\":\"ImageObject\",\"inLanguage\":\"fr-FR\",\"@id\":\"https:\\\/\\\/secure.gravatar.com\\\/avatar\\\/1447a49909b67aa657c488aec6512e1dd6143a480c1ecfee9b5b5cd74eb3b59e?s=96&d=mm&r=g\",\"url\":\"https:\\\/\\\/secure.gravatar.com\\\/avatar\\\/1447a49909b67aa657c488aec6512e1dd6143a480c1ecfee9b5b5cd74eb3b59e?s=96&d=mm&r=g\",\"contentUrl\":\"https:\\\/\\\/secure.gravatar.com\\\/avatar\\\/1447a49909b67aa657c488aec6512e1dd6143a480c1ecfee9b5b5cd74eb3b59e?s=96&d=mm&r=g\",\"caption\":\"CL\"},\"url\":\"https:\\\/\\\/www.webdo.tn\\\/fr\\\/actualite\\\/author\\\/cl\\\/\"}]}<\/script>\n<!-- \/ Yoast SEO Premium plugin. -->","yoast_head_json":{"title":"Inondations en Libye : Aucune victime parmi les Tunisiens","description":"C\u2019est la catastrophe en Libye. La ville de Derna, \u00e0 l\u2019est, est en proie \u00e0 des inondations in\u00e9dites, faisant des milliers de morts et de disparus.","canonical":"https:\/\/www.webdo.tn\/fr\/actualite\/national\/communaute-tunisienne-en-libye-l-ambassadeur-tunisien-se-prononce\/208588\/","og_locale":"fr_FR","og_type":"article","og_title":"Inondations en Libye : Aucune victime parmi les Tunisiens","og_description":"C\u2019est la catastrophe en Libye. La ville de Derna, \u00e0 l\u2019est, est en proie \u00e0 des inondations in\u00e9dites, faisant des milliers de morts et de disparus.","og_url":"https:\/\/www.webdo.tn\/fr\/actualite\/national\/communaute-tunisienne-en-libye-l-ambassadeur-tunisien-se-prononce\/208588\/","og_site_name":"webdo","article_publisher":"https:\/\/www.facebook.com\/webdotn","article_published_time":"2023-09-12T11:28:00+00:00","article_modified_time":"2025-05-20T22:51:45+00:00","og_image":[{"width":750,"height":400,"url":"https:\/\/www.webdo.tn\/fr\/wp-content\/uploads\/2023\/09\/ad1b60e79f827369d3670d468589b405.jpg","type":"image\/jpeg"}],"author":"CL","twitter_card":"summary_large_image","twitter_creator":"@webdo_tn","twitter_site":"@webdo_tn","twitter_misc":{"\u00c9crit par":"CL","Dur\u00e9e de lecture estim\u00e9e":"1 minute"},"schema":{"@context":"https:\/\/schema.org","@graph":[{"@type":"NewsArticle","@id":"https:\/\/www.webdo.tn\/fr\/actualite\/national\/communaute-tunisienne-en-libye-l-ambassadeur-tunisien-se-prononce\/208588\/#article","isPartOf":{"@id":"https:\/\/www.webdo.tn\/fr\/actualite\/national\/communaute-tunisienne-en-libye-l-ambassadeur-tunisien-se-prononce\/208588\/"},"author":{"name":"CL","@id":"https:\/\/www.webdo.tn\/fr\/#\/schema\/person\/f35b42a42c5e2511bbd282959d6385cc"},"headline":"Inondations en Libye : Aucune victime parmi les Tunisiens","datePublished":"2023-09-12T11:28:00+00:00","dateModified":"2025-05-20T22:51:45+00:00","mainEntityOfPage":{"@id":"https:\/\/www.webdo.tn\/fr\/actualite\/national\/communaute-tunisienne-en-libye-l-ambassadeur-tunisien-se-prononce\/208588\/"},"wordCount":172,"commentCount":0,"publisher":{"@id":"https:\/\/www.webdo.tn\/fr\/#organization"},"image":{"@id":"https:\/\/www.webdo.tn\/fr\/actualite\/national\/communaute-tunisienne-en-libye-l-ambassadeur-tunisien-se-prononce\/208588\/#primaryimage"},"thumbnailUrl":"https:\/\/www.webdo.tn\/fr\/wp-content\/uploads\/2023\/09\/ad1b60e79f827369d3670d468589b405.jpg","keywords":["Inondations","Libye","Tunisie"],"articleSection":["National"],"inLanguage":"fr-FR"},{"@type":"WebPage","@id":"https:\/\/www.webdo.tn\/fr\/actualite\/national\/communaute-tunisienne-en-libye-l-ambassadeur-tunisien-se-prononce\/208588\/","url":"https:\/\/www.webdo.tn\/fr\/actualite\/national\/communaute-tunisienne-en-libye-l-ambassadeur-tunisien-se-prononce\/208588\/","name":"Inondations en Libye : Aucune victime parmi les Tunisiens","isPartOf":{"@id":"https:\/\/www.webdo.tn\/fr\/#website"},"primaryImageOfPage":{"@id":"https:\/\/www.webdo.tn\/fr\/actualite\/national\/communaute-tunisienne-en-libye-l-ambassadeur-tunisien-se-prononce\/208588\/#primaryimage"},"image":{"@id":"https:\/\/www.webdo.tn\/fr\/actualite\/national\/communaute-tunisienne-en-libye-l-ambassadeur-tunisien-se-prononce\/208588\/#primaryimage"},"thumbnailUrl":"https:\/\/www.webdo.tn\/fr\/wp-content\/uploads\/2023\/09\/ad1b60e79f827369d3670d468589b405.jpg","datePublished":"2023-09-12T11:28:00+00:00","dateModified":"2025-05-20T22:51:45+00:00","description":"C\u2019est la catastrophe en Libye. La ville de Derna, \u00e0 l\u2019est, est en proie \u00e0 des inondations in\u00e9dites, faisant des milliers de morts et de disparus.","breadcrumb":{"@id":"https:\/\/www.webdo.tn\/fr\/actualite\/national\/communaute-tunisienne-en-libye-l-ambassadeur-tunisien-se-prononce\/208588\/#breadcrumb"},"inLanguage":"fr-FR","potentialAction":[{"@type":"ReadAction","target":["https:\/\/www.webdo.tn\/fr\/actualite\/national\/communaute-tunisienne-en-libye-l-ambassadeur-tunisien-se-prononce\/208588\/"]}]},{"@type":"ImageObject","inLanguage":"fr-FR","@id":"https:\/\/www.webdo.tn\/fr\/actualite\/national\/communaute-tunisienne-en-libye-l-ambassadeur-tunisien-se-prononce\/208588\/#primaryimage","url":"https:\/\/www.webdo.tn\/fr\/wp-content\/uploads\/2023\/09\/ad1b60e79f827369d3670d468589b405.jpg","contentUrl":"https:\/\/www.webdo.tn\/fr\/wp-content\/uploads\/2023\/09\/ad1b60e79f827369d3670d468589b405.jpg","width":750,"height":400,"caption":"Inondations en Libye : Aucune victime parmi les Tunisiens"},{"@type":"BreadcrumbList","@id":"https:\/\/www.webdo.tn\/fr\/actualite\/national\/communaute-tunisienne-en-libye-l-ambassadeur-tunisien-se-prononce\/208588\/#breadcrumb","itemListElement":[{"@type":"ListItem","position":1,"name":"Accueil","item":"https:\/\/www.webdo.tn\/fr\/"},{"@type":"ListItem","position":2,"name":"Inondations en Libye : Aucune victime parmi les Tunisiens"}]},{"@type":"WebSite","@id":"https:\/\/www.webdo.tn\/fr\/#website","url":"https:\/\/www.webdo.tn\/fr\/","name":"webdo","description":"Tunisie - News en Tunisie et \u00e0 l&#039;international sur Webdo.tn","publisher":{"@id":"https:\/\/www.webdo.tn\/fr\/#organization"},"potentialAction":[{"@type":"SearchAction","target":{"@type":"EntryPoint","urlTemplate":"https:\/\/www.webdo.tn\/fr\/?s={search_term_string}"},"query-input":{"@type":"PropertyValueSpecification","valueRequired":true,"valueName":"search_term_string"}}],"inLanguage":"fr-FR"},{"@type":"Organization","@id":"https:\/\/www.webdo.tn\/fr\/#organization","name":"Webdo","alternateName":"Webdo.tn","url":"https:\/\/www.webdo.tn\/fr\/","logo":{"@type":"ImageObject","inLanguage":"fr-FR","@id":"https:\/\/www.webdo.tn\/fr\/#\/schema\/logo\/image\/","url":"https:\/\/www.webdo.tn\/fr\/wp-content\/uploads\/2025\/06\/Webdo-Tunisie_168377.jpg","contentUrl":"https:\/\/www.webdo.tn\/fr\/wp-content\/uploads\/2025\/06\/Webdo-Tunisie_168377.jpg","width":301,"height":301,"caption":"Webdo"},"image":{"@id":"https:\/\/www.webdo.tn\/fr\/#\/schema\/logo\/image\/"},"sameAs":["https:\/\/www.facebook.com\/webdotn","https:\/\/x.com\/webdo_tn"],"description":"Webdo est un m\u00e9dia num\u00e9rique tunisien fond\u00e9 en 2010, sp\u00e9cialis\u00e9 dans l\u2019actualit\u00e9 nationale et internationale, l\u2019\u00e9conomie, la soci\u00e9t\u00e9 et les analyses politiques. Le site s\u2019adresse \u00e0 un large public francophone et couvre l\u2019information tunisienne en temps r\u00e9el.","email":"redac@webdo.tn","legalName":"YNJ SARL","foundingDate":"2010-09-06","numberOfEmployees":{"@type":"QuantitativeValue","minValue":"11","maxValue":"50"}},{"@type":"Person","@id":"https:\/\/www.webdo.tn\/fr\/#\/schema\/person\/f35b42a42c5e2511bbd282959d6385cc","name":"CL","image":{"@type":"ImageObject","inLanguage":"fr-FR","@id":"https:\/\/secure.gravatar.com\/avatar\/1447a49909b67aa657c488aec6512e1dd6143a480c1ecfee9b5b5cd74eb3b59e?s=96&d=mm&r=g","url":"https:\/\/secure.gravatar.com\/avatar\/1447a49909b67aa657c488aec6512e1dd6143a480c1ecfee9b5b5cd74eb3b59e?s=96&d=mm&r=g","contentUrl":"https:\/\/secure.gravatar.com\/avatar\/1447a49909b67aa657c488aec6512e1dd6143a480c1ecfee9b5b5cd74eb3b59e?s=96&d=mm&r=g","caption":"CL"},"url":"https:\/\/www.webdo.tn\/fr\/actualite\/author\/cl\/"}]}},"_links":{"self":[{"href":"https:\/\/www.webdo.tn\/fr\/wp-json\/wp\/v2\/posts\/208588","targetHints":{"allow":["GET"]}}],"collection":[{"href":"https:\/\/www.webdo.tn\/fr\/wp-json\/wp\/v2\/posts"}],"about":[{"href":"https:\/\/www.webdo.tn\/fr\/wp-json\/wp\/v2\/types\/post"}],"author":[{"embeddable":true,"href":"https:\/\/www.webdo.tn\/fr\/wp-json\/wp\/v2\/users\/3175"}],"replies":[{"embeddable":true,"href":"https:\/\/www.webdo.tn\/fr\/wp-json\/wp\/v2\/comments?post=208588"}],"version-history":[{"count":0,"href":"https:\/\/www.webdo.tn\/fr\/wp-json\/wp\/v2\/posts\/208588\/revisions"}],"wp:featuredmedia":[{"embeddable":true,"href":"https:\/\/www.webdo.tn\/fr\/wp-json\/wp\/v2\/media\/278705"}],"wp:attachment":[{"href":"https:\/\/www.webdo.tn\/fr\/wp-json\/wp\/v2\/media?parent=208588"}],"wp:term":[{"taxonomy":"category","embeddable":true,"href":"https:\/\/www.webdo.tn\/fr\/wp-json\/wp\/v2\/categories?post=208588"},{"taxonomy":"post_tag","embeddable":true,"href":"https:\/\/www.webdo.tn\/fr\/wp-json\/wp\/v2\/tags?post=208588"}],"curies":[{"name":"wp","href":"https:\/\/api.w.org\/{rel}","templated":true}]}}