{"id":208586,"date":"2023-09-12T10:54:00","date_gmt":"2023-09-12T10:54:00","guid":{"rendered":"https:\/\/www.webdo.tn\/fr\/blog\/maroc-l-initiative-heroique-d-un-secouriste-anglais\/208586\/"},"modified":"2025-05-20T22:59:45","modified_gmt":"2025-05-20T22:59:45","slug":"maroc-l-initiative-heroique-d-un-secouriste-anglais","status":"publish","type":"post","link":"https:\/\/www.webdo.tn\/fr\/actualite\/international\/maroc-l-initiative-heroique-d-un-secouriste-anglais\/208586\/","title":{"rendered":"Maroc : l\u2019initiative h\u00e9ro\u00efque d\u2019un secouriste anglais"},"content":{"rendered":"<p>Arm\u00e9 de son camion, un secouriste anglais a parcouru, d\u00e8s l\u2019annonce de la catastrophe, des kilom\u00e8tres depuis Londres, pour rejoindre le Maroc.<\/p>\n<p>\t\t\t\t\t\t\t\t\tBel exemple de solidarit\u00e9 et d\u2019humanisme que vient de donner ce secouriste anglais qui a pris l\u2019initiative de rejoindre le Maroc \u00e0 bord de son camion de secours depuis Londres o\u00f9 il est \u00e9tabli.<\/p>\n<p>Quelques heures apr\u00e8s la catastrophe, il est venu pr\u00eater main forte aux Marocains touch\u00e9s par le s\u00e9isme.<\/p>\n<p>Post\u00e9e sur les r\u00e9seaux sociaux, la vid\u00e9o est vite devenue virale (313,6 k vues) et a \u00e9t\u00e9 accompagn\u00e9e par des commentaires \u00e9logieux de la part des Marocains ; l\u2019un d\u2019eux s\u2019est exclam\u00e9 en ces termes : \u00ab\u00a0(&#8230;) Les larmes coulent, nos propres fr\u00e8res ne viennent pas nous aider pendant que d\u2019autres font des milliers de km pour venir nous rejoindre\u00a0\u00bb.<br \/>\nUn s\u00e9isme de magnitude 7 a \u00e9branl\u00e9 dans la nuit de vendredi \u00e0 samedi 9 septembre, faisant jusqu&rsquo;\u00e0 pr\u00e9sent plus de 2500 morts et 2500 bless\u00e9s alors que les secouristes poursuivent les recherches et l\u2019extraction des corps qui se trouvent sous les d\u00e9combres.<\/p>\n<p>Un secouriste anglais, un h\u00e9ros discret, a parcouru des kilom\u00e8tres depuis Londres. Arm\u00e9 de son camion de secours, il est venu pr\u00eater main forte aux Marocains touch\u00e9s par le s\u00e9isme. Un bel exemple d&rsquo;humanit\u00e9 et de solidarit\u00e9.\ud83d\ude4c\ud83c\udffd\ud83d\ude4f\ud83c\udffe\ud83c\uddf2\ud83c\udde6 WAllah les larmes coulent nos propres fr\u00e8res ne\u2026 pic.twitter.com\/rKvlyhNVcE\u2014 MAROCFOOT \ud83c\uddf2\ud83c\udde6 (@MarocFoot22) September 10, 2023<\/p>\n","protected":false},"excerpt":{"rendered":"<p>Arm\u00e9 de son camion, un secouriste anglais a parcouru, d\u00e8s l\u2019annonce de la catastrophe, des kilom\u00e8tres depuis Londres, pour rejoindre le Maroc.<\/p>\n","protected":false},"author":3188,"featured_media":278701,"comment_status":"open","ping_status":"closed","sticky":false,"template":"","format":"standard","meta":{"footnotes":""},"categories":[2598],"tags":[3464,9711,7271],"class_list":["post-208586","post","type-post","status-publish","format-standard","has-post-thumbnail","hentry","category-international","tag-maroc","tag-secouriste","tag-seisme"],"yoast_head":"<!-- This site is optimized with the Yoast SEO Premium plugin v27.4 (Yoast SEO v27.5) - https:\/\/yoast.com\/product\/yoast-seo-premium-wordpress\/ -->\n<title>Maroc : l\u2019initiative h\u00e9ro\u00efque d\u2019un secouriste anglais<\/title>\n<meta name=\"description\" content=\"Arm\u00e9 de son camion, un secouriste anglais a parcouru, d\u00e8s l\u2019annonce de la catastrophe, des kilom\u00e8tres depuis Londres, pour rejoindre le Maroc.\" \/>\n<link rel=\"canonical\" href=\"https:\/\/www.webdo.tn\/fr\/actualite\/international\/maroc-l-initiative-heroique-d-un-secouriste-anglais\/208586\/\" \/>\n<meta property=\"og:locale\" content=\"fr_FR\" \/>\n<meta property=\"og:type\" content=\"article\" \/>\n<meta property=\"og:title\" content=\"Maroc : l\u2019initiative h\u00e9ro\u00efque d\u2019un secouriste anglais\" \/>\n<meta property=\"og:description\" content=\"Arm\u00e9 de son camion, un secouriste anglais a parcouru, d\u00e8s l\u2019annonce de la catastrophe, des kilom\u00e8tres depuis Londres, pour rejoindre le Maroc.\" \/>\n<meta property=\"og:url\" content=\"https:\/\/www.webdo.tn\/fr\/actualite\/international\/maroc-l-initiative-heroique-d-un-secouriste-anglais\/208586\/\" \/>\n<meta property=\"og:site_name\" content=\"webdo\" \/>\n<meta property=\"article:publisher\" content=\"https:\/\/www.facebook.com\/webdotn\" \/>\n<meta property=\"article:published_time\" content=\"2023-09-12T10:54:00+00:00\" \/>\n<meta property=\"article:modified_time\" content=\"2025-05-20T22:59:45+00:00\" \/>\n<meta property=\"og:image\" content=\"https:\/\/www.webdo.tn\/fr\/wp-content\/uploads\/2023\/09\/f7e18d14b57fe0f16e20b1ec97bdf939.jpg\" \/>\n\t<meta property=\"og:image:width\" content=\"671\" \/>\n\t<meta property=\"og:image:height\" content=\"358\" \/>\n\t<meta property=\"og:image:type\" content=\"image\/jpeg\" \/>\n<meta name=\"author\" content=\"Ramzi\" \/>\n<meta name=\"twitter:card\" content=\"summary_large_image\" \/>\n<meta name=\"twitter:creator\" content=\"@webdo_tn\" \/>\n<meta name=\"twitter:site\" content=\"@webdo_tn\" \/>\n<meta name=\"twitter:label1\" content=\"\u00c9crit par\" \/>\n\t<meta name=\"twitter:data1\" content=\"Ramzi\" \/>\n\t<meta name=\"twitter:label2\" content=\"Dur\u00e9e de lecture estim\u00e9e\" \/>\n\t<meta name=\"twitter:data2\" content=\"1 minute\" \/>\n<script type=\"application\/ld+json\" class=\"yoast-schema-graph\">{\"@context\":\"https:\\\/\\\/schema.org\",\"@graph\":[{\"@type\":\"NewsArticle\",\"@id\":\"https:\\\/\\\/www.webdo.tn\\\/fr\\\/actualite\\\/international\\\/maroc-l-initiative-heroique-d-un-secouriste-anglais\\\/208586\\\/#article\",\"isPartOf\":{\"@id\":\"https:\\\/\\\/www.webdo.tn\\\/fr\\\/actualite\\\/international\\\/maroc-l-initiative-heroique-d-un-secouriste-anglais\\\/208586\\\/\"},\"author\":{\"name\":\"Ramzi\",\"@id\":\"https:\\\/\\\/www.webdo.tn\\\/fr\\\/#\\\/schema\\\/person\\\/590cb5f81adcfde6385530fdbdf468e2\"},\"headline\":\"Maroc : l\u2019initiative h\u00e9ro\u00efque d\u2019un secouriste anglais\",\"datePublished\":\"2023-09-12T10:54:00+00:00\",\"dateModified\":\"2025-05-20T22:59:45+00:00\",\"mainEntityOfPage\":{\"@id\":\"https:\\\/\\\/www.webdo.tn\\\/fr\\\/actualite\\\/international\\\/maroc-l-initiative-heroique-d-un-secouriste-anglais\\\/208586\\\/\"},\"wordCount\":258,\"commentCount\":0,\"publisher\":{\"@id\":\"https:\\\/\\\/www.webdo.tn\\\/fr\\\/#organization\"},\"image\":{\"@id\":\"https:\\\/\\\/www.webdo.tn\\\/fr\\\/actualite\\\/international\\\/maroc-l-initiative-heroique-d-un-secouriste-anglais\\\/208586\\\/#primaryimage\"},\"thumbnailUrl\":\"https:\\\/\\\/www.webdo.tn\\\/fr\\\/wp-content\\\/uploads\\\/2023\\\/09\\\/f7e18d14b57fe0f16e20b1ec97bdf939.jpg\",\"keywords\":[\"maroc\",\"secouriste\",\"s\u00e9isme\"],\"articleSection\":[\"International\"],\"inLanguage\":\"fr-FR\"},{\"@type\":\"WebPage\",\"@id\":\"https:\\\/\\\/www.webdo.tn\\\/fr\\\/actualite\\\/international\\\/maroc-l-initiative-heroique-d-un-secouriste-anglais\\\/208586\\\/\",\"url\":\"https:\\\/\\\/www.webdo.tn\\\/fr\\\/actualite\\\/international\\\/maroc-l-initiative-heroique-d-un-secouriste-anglais\\\/208586\\\/\",\"name\":\"Maroc : l\u2019initiative h\u00e9ro\u00efque d\u2019un secouriste anglais\",\"isPartOf\":{\"@id\":\"https:\\\/\\\/www.webdo.tn\\\/fr\\\/#website\"},\"primaryImageOfPage\":{\"@id\":\"https:\\\/\\\/www.webdo.tn\\\/fr\\\/actualite\\\/international\\\/maroc-l-initiative-heroique-d-un-secouriste-anglais\\\/208586\\\/#primaryimage\"},\"image\":{\"@id\":\"https:\\\/\\\/www.webdo.tn\\\/fr\\\/actualite\\\/international\\\/maroc-l-initiative-heroique-d-un-secouriste-anglais\\\/208586\\\/#primaryimage\"},\"thumbnailUrl\":\"https:\\\/\\\/www.webdo.tn\\\/fr\\\/wp-content\\\/uploads\\\/2023\\\/09\\\/f7e18d14b57fe0f16e20b1ec97bdf939.jpg\",\"datePublished\":\"2023-09-12T10:54:00+00:00\",\"dateModified\":\"2025-05-20T22:59:45+00:00\",\"description\":\"Arm\u00e9 de son camion, un secouriste anglais a parcouru, d\u00e8s l\u2019annonce de la catastrophe, des kilom\u00e8tres depuis Londres, pour rejoindre le Maroc.\",\"breadcrumb\":{\"@id\":\"https:\\\/\\\/www.webdo.tn\\\/fr\\\/actualite\\\/international\\\/maroc-l-initiative-heroique-d-un-secouriste-anglais\\\/208586\\\/#breadcrumb\"},\"inLanguage\":\"fr-FR\",\"potentialAction\":[{\"@type\":\"ReadAction\",\"target\":[\"https:\\\/\\\/www.webdo.tn\\\/fr\\\/actualite\\\/international\\\/maroc-l-initiative-heroique-d-un-secouriste-anglais\\\/208586\\\/\"]}]},{\"@type\":\"ImageObject\",\"inLanguage\":\"fr-FR\",\"@id\":\"https:\\\/\\\/www.webdo.tn\\\/fr\\\/actualite\\\/international\\\/maroc-l-initiative-heroique-d-un-secouriste-anglais\\\/208586\\\/#primaryimage\",\"url\":\"https:\\\/\\\/www.webdo.tn\\\/fr\\\/wp-content\\\/uploads\\\/2023\\\/09\\\/f7e18d14b57fe0f16e20b1ec97bdf939.jpg\",\"contentUrl\":\"https:\\\/\\\/www.webdo.tn\\\/fr\\\/wp-content\\\/uploads\\\/2023\\\/09\\\/f7e18d14b57fe0f16e20b1ec97bdf939.jpg\",\"width\":671,\"height\":358,\"caption\":\"Maroc : l\u2019initiative h\u00e9ro\u00efque d\u2019un secouriste anglais\"},{\"@type\":\"BreadcrumbList\",\"@id\":\"https:\\\/\\\/www.webdo.tn\\\/fr\\\/actualite\\\/international\\\/maroc-l-initiative-heroique-d-un-secouriste-anglais\\\/208586\\\/#breadcrumb\",\"itemListElement\":[{\"@type\":\"ListItem\",\"position\":1,\"name\":\"Accueil\",\"item\":\"https:\\\/\\\/www.webdo.tn\\\/fr\\\/\"},{\"@type\":\"ListItem\",\"position\":2,\"name\":\"Maroc : l\u2019initiative h\u00e9ro\u00efque d\u2019un secouriste anglais\"}]},{\"@type\":\"WebSite\",\"@id\":\"https:\\\/\\\/www.webdo.tn\\\/fr\\\/#website\",\"url\":\"https:\\\/\\\/www.webdo.tn\\\/fr\\\/\",\"name\":\"webdo\",\"description\":\"Tunisie - News en Tunisie et \u00e0 l&#039;international sur Webdo.tn\",\"publisher\":{\"@id\":\"https:\\\/\\\/www.webdo.tn\\\/fr\\\/#organization\"},\"potentialAction\":[{\"@type\":\"SearchAction\",\"target\":{\"@type\":\"EntryPoint\",\"urlTemplate\":\"https:\\\/\\\/www.webdo.tn\\\/fr\\\/?s={search_term_string}\"},\"query-input\":{\"@type\":\"PropertyValueSpecification\",\"valueRequired\":true,\"valueName\":\"search_term_string\"}}],\"inLanguage\":\"fr-FR\"},{\"@type\":\"Organization\",\"@id\":\"https:\\\/\\\/www.webdo.tn\\\/fr\\\/#organization\",\"name\":\"Webdo\",\"alternateName\":\"Webdo.tn\",\"url\":\"https:\\\/\\\/www.webdo.tn\\\/fr\\\/\",\"logo\":{\"@type\":\"ImageObject\",\"inLanguage\":\"fr-FR\",\"@id\":\"https:\\\/\\\/www.webdo.tn\\\/fr\\\/#\\\/schema\\\/logo\\\/image\\\/\",\"url\":\"https:\\\/\\\/www.webdo.tn\\\/fr\\\/wp-content\\\/uploads\\\/2025\\\/06\\\/Webdo-Tunisie_168377.jpg\",\"contentUrl\":\"https:\\\/\\\/www.webdo.tn\\\/fr\\\/wp-content\\\/uploads\\\/2025\\\/06\\\/Webdo-Tunisie_168377.jpg\",\"width\":301,\"height\":301,\"caption\":\"Webdo\"},\"image\":{\"@id\":\"https:\\\/\\\/www.webdo.tn\\\/fr\\\/#\\\/schema\\\/logo\\\/image\\\/\"},\"sameAs\":[\"https:\\\/\\\/www.facebook.com\\\/webdotn\",\"https:\\\/\\\/x.com\\\/webdo_tn\"],\"description\":\"Webdo est un m\u00e9dia num\u00e9rique tunisien fond\u00e9 en 2010, sp\u00e9cialis\u00e9 dans l\u2019actualit\u00e9 nationale et internationale, l\u2019\u00e9conomie, la soci\u00e9t\u00e9 et les analyses politiques. Le site s\u2019adresse \u00e0 un large public francophone et couvre l\u2019information tunisienne en temps r\u00e9el.\",\"email\":\"redac@webdo.tn\",\"legalName\":\"YNJ SARL\",\"foundingDate\":\"2010-09-06\",\"numberOfEmployees\":{\"@type\":\"QuantitativeValue\",\"minValue\":\"11\",\"maxValue\":\"50\"}},{\"@type\":\"Person\",\"@id\":\"https:\\\/\\\/www.webdo.tn\\\/fr\\\/#\\\/schema\\\/person\\\/590cb5f81adcfde6385530fdbdf468e2\",\"name\":\"Ramzi\",\"image\":{\"@type\":\"ImageObject\",\"inLanguage\":\"fr-FR\",\"@id\":\"https:\\\/\\\/secure.gravatar.com\\\/avatar\\\/48df7d18915e10cf866ba8e27604c81ff9243fd52704a1d210c3e387e1cb8d87?s=96&d=mm&r=g\",\"url\":\"https:\\\/\\\/secure.gravatar.com\\\/avatar\\\/48df7d18915e10cf866ba8e27604c81ff9243fd52704a1d210c3e387e1cb8d87?s=96&d=mm&r=g\",\"contentUrl\":\"https:\\\/\\\/secure.gravatar.com\\\/avatar\\\/48df7d18915e10cf866ba8e27604c81ff9243fd52704a1d210c3e387e1cb8d87?s=96&d=mm&r=g\",\"caption\":\"Ramzi\"},\"url\":\"https:\\\/\\\/www.webdo.tn\\\/fr\\\/actualite\\\/author\\\/ramzi\\\/\"}]}<\/script>\n<!-- \/ Yoast SEO Premium plugin. -->","yoast_head_json":{"title":"Maroc : l\u2019initiative h\u00e9ro\u00efque d\u2019un secouriste anglais","description":"Arm\u00e9 de son camion, un secouriste anglais a parcouru, d\u00e8s l\u2019annonce de la catastrophe, des kilom\u00e8tres depuis Londres, pour rejoindre le Maroc.","canonical":"https:\/\/www.webdo.tn\/fr\/actualite\/international\/maroc-l-initiative-heroique-d-un-secouriste-anglais\/208586\/","og_locale":"fr_FR","og_type":"article","og_title":"Maroc : l\u2019initiative h\u00e9ro\u00efque d\u2019un secouriste anglais","og_description":"Arm\u00e9 de son camion, un secouriste anglais a parcouru, d\u00e8s l\u2019annonce de la catastrophe, des kilom\u00e8tres depuis Londres, pour rejoindre le Maroc.","og_url":"https:\/\/www.webdo.tn\/fr\/actualite\/international\/maroc-l-initiative-heroique-d-un-secouriste-anglais\/208586\/","og_site_name":"webdo","article_publisher":"https:\/\/www.facebook.com\/webdotn","article_published_time":"2023-09-12T10:54:00+00:00","article_modified_time":"2025-05-20T22:59:45+00:00","og_image":[{"width":671,"height":358,"url":"https:\/\/www.webdo.tn\/fr\/wp-content\/uploads\/2023\/09\/f7e18d14b57fe0f16e20b1ec97bdf939.jpg","type":"image\/jpeg"}],"author":"Ramzi","twitter_card":"summary_large_image","twitter_creator":"@webdo_tn","twitter_site":"@webdo_tn","twitter_misc":{"\u00c9crit par":"Ramzi","Dur\u00e9e de lecture estim\u00e9e":"1 minute"},"schema":{"@context":"https:\/\/schema.org","@graph":[{"@type":"NewsArticle","@id":"https:\/\/www.webdo.tn\/fr\/actualite\/international\/maroc-l-initiative-heroique-d-un-secouriste-anglais\/208586\/#article","isPartOf":{"@id":"https:\/\/www.webdo.tn\/fr\/actualite\/international\/maroc-l-initiative-heroique-d-un-secouriste-anglais\/208586\/"},"author":{"name":"Ramzi","@id":"https:\/\/www.webdo.tn\/fr\/#\/schema\/person\/590cb5f81adcfde6385530fdbdf468e2"},"headline":"Maroc : l\u2019initiative h\u00e9ro\u00efque d\u2019un secouriste anglais","datePublished":"2023-09-12T10:54:00+00:00","dateModified":"2025-05-20T22:59:45+00:00","mainEntityOfPage":{"@id":"https:\/\/www.webdo.tn\/fr\/actualite\/international\/maroc-l-initiative-heroique-d-un-secouriste-anglais\/208586\/"},"wordCount":258,"commentCount":0,"publisher":{"@id":"https:\/\/www.webdo.tn\/fr\/#organization"},"image":{"@id":"https:\/\/www.webdo.tn\/fr\/actualite\/international\/maroc-l-initiative-heroique-d-un-secouriste-anglais\/208586\/#primaryimage"},"thumbnailUrl":"https:\/\/www.webdo.tn\/fr\/wp-content\/uploads\/2023\/09\/f7e18d14b57fe0f16e20b1ec97bdf939.jpg","keywords":["maroc","secouriste","s\u00e9isme"],"articleSection":["International"],"inLanguage":"fr-FR"},{"@type":"WebPage","@id":"https:\/\/www.webdo.tn\/fr\/actualite\/international\/maroc-l-initiative-heroique-d-un-secouriste-anglais\/208586\/","url":"https:\/\/www.webdo.tn\/fr\/actualite\/international\/maroc-l-initiative-heroique-d-un-secouriste-anglais\/208586\/","name":"Maroc : l\u2019initiative h\u00e9ro\u00efque d\u2019un secouriste anglais","isPartOf":{"@id":"https:\/\/www.webdo.tn\/fr\/#website"},"primaryImageOfPage":{"@id":"https:\/\/www.webdo.tn\/fr\/actualite\/international\/maroc-l-initiative-heroique-d-un-secouriste-anglais\/208586\/#primaryimage"},"image":{"@id":"https:\/\/www.webdo.tn\/fr\/actualite\/international\/maroc-l-initiative-heroique-d-un-secouriste-anglais\/208586\/#primaryimage"},"thumbnailUrl":"https:\/\/www.webdo.tn\/fr\/wp-content\/uploads\/2023\/09\/f7e18d14b57fe0f16e20b1ec97bdf939.jpg","datePublished":"2023-09-12T10:54:00+00:00","dateModified":"2025-05-20T22:59:45+00:00","description":"Arm\u00e9 de son camion, un secouriste anglais a parcouru, d\u00e8s l\u2019annonce de la catastrophe, des kilom\u00e8tres depuis Londres, pour rejoindre le Maroc.","breadcrumb":{"@id":"https:\/\/www.webdo.tn\/fr\/actualite\/international\/maroc-l-initiative-heroique-d-un-secouriste-anglais\/208586\/#breadcrumb"},"inLanguage":"fr-FR","potentialAction":[{"@type":"ReadAction","target":["https:\/\/www.webdo.tn\/fr\/actualite\/international\/maroc-l-initiative-heroique-d-un-secouriste-anglais\/208586\/"]}]},{"@type":"ImageObject","inLanguage":"fr-FR","@id":"https:\/\/www.webdo.tn\/fr\/actualite\/international\/maroc-l-initiative-heroique-d-un-secouriste-anglais\/208586\/#primaryimage","url":"https:\/\/www.webdo.tn\/fr\/wp-content\/uploads\/2023\/09\/f7e18d14b57fe0f16e20b1ec97bdf939.jpg","contentUrl":"https:\/\/www.webdo.tn\/fr\/wp-content\/uploads\/2023\/09\/f7e18d14b57fe0f16e20b1ec97bdf939.jpg","width":671,"height":358,"caption":"Maroc : l\u2019initiative h\u00e9ro\u00efque d\u2019un secouriste anglais"},{"@type":"BreadcrumbList","@id":"https:\/\/www.webdo.tn\/fr\/actualite\/international\/maroc-l-initiative-heroique-d-un-secouriste-anglais\/208586\/#breadcrumb","itemListElement":[{"@type":"ListItem","position":1,"name":"Accueil","item":"https:\/\/www.webdo.tn\/fr\/"},{"@type":"ListItem","position":2,"name":"Maroc : l\u2019initiative h\u00e9ro\u00efque d\u2019un secouriste anglais"}]},{"@type":"WebSite","@id":"https:\/\/www.webdo.tn\/fr\/#website","url":"https:\/\/www.webdo.tn\/fr\/","name":"webdo","description":"Tunisie - News en Tunisie et \u00e0 l&#039;international sur Webdo.tn","publisher":{"@id":"https:\/\/www.webdo.tn\/fr\/#organization"},"potentialAction":[{"@type":"SearchAction","target":{"@type":"EntryPoint","urlTemplate":"https:\/\/www.webdo.tn\/fr\/?s={search_term_string}"},"query-input":{"@type":"PropertyValueSpecification","valueRequired":true,"valueName":"search_term_string"}}],"inLanguage":"fr-FR"},{"@type":"Organization","@id":"https:\/\/www.webdo.tn\/fr\/#organization","name":"Webdo","alternateName":"Webdo.tn","url":"https:\/\/www.webdo.tn\/fr\/","logo":{"@type":"ImageObject","inLanguage":"fr-FR","@id":"https:\/\/www.webdo.tn\/fr\/#\/schema\/logo\/image\/","url":"https:\/\/www.webdo.tn\/fr\/wp-content\/uploads\/2025\/06\/Webdo-Tunisie_168377.jpg","contentUrl":"https:\/\/www.webdo.tn\/fr\/wp-content\/uploads\/2025\/06\/Webdo-Tunisie_168377.jpg","width":301,"height":301,"caption":"Webdo"},"image":{"@id":"https:\/\/www.webdo.tn\/fr\/#\/schema\/logo\/image\/"},"sameAs":["https:\/\/www.facebook.com\/webdotn","https:\/\/x.com\/webdo_tn"],"description":"Webdo est un m\u00e9dia num\u00e9rique tunisien fond\u00e9 en 2010, sp\u00e9cialis\u00e9 dans l\u2019actualit\u00e9 nationale et internationale, l\u2019\u00e9conomie, la soci\u00e9t\u00e9 et les analyses politiques. Le site s\u2019adresse \u00e0 un large public francophone et couvre l\u2019information tunisienne en temps r\u00e9el.","email":"redac@webdo.tn","legalName":"YNJ SARL","foundingDate":"2010-09-06","numberOfEmployees":{"@type":"QuantitativeValue","minValue":"11","maxValue":"50"}},{"@type":"Person","@id":"https:\/\/www.webdo.tn\/fr\/#\/schema\/person\/590cb5f81adcfde6385530fdbdf468e2","name":"Ramzi","image":{"@type":"ImageObject","inLanguage":"fr-FR","@id":"https:\/\/secure.gravatar.com\/avatar\/48df7d18915e10cf866ba8e27604c81ff9243fd52704a1d210c3e387e1cb8d87?s=96&d=mm&r=g","url":"https:\/\/secure.gravatar.com\/avatar\/48df7d18915e10cf866ba8e27604c81ff9243fd52704a1d210c3e387e1cb8d87?s=96&d=mm&r=g","contentUrl":"https:\/\/secure.gravatar.com\/avatar\/48df7d18915e10cf866ba8e27604c81ff9243fd52704a1d210c3e387e1cb8d87?s=96&d=mm&r=g","caption":"Ramzi"},"url":"https:\/\/www.webdo.tn\/fr\/actualite\/author\/ramzi\/"}]}},"_links":{"self":[{"href":"https:\/\/www.webdo.tn\/fr\/wp-json\/wp\/v2\/posts\/208586","targetHints":{"allow":["GET"]}}],"collection":[{"href":"https:\/\/www.webdo.tn\/fr\/wp-json\/wp\/v2\/posts"}],"about":[{"href":"https:\/\/www.webdo.tn\/fr\/wp-json\/wp\/v2\/types\/post"}],"author":[{"embeddable":true,"href":"https:\/\/www.webdo.tn\/fr\/wp-json\/wp\/v2\/users\/3188"}],"replies":[{"embeddable":true,"href":"https:\/\/www.webdo.tn\/fr\/wp-json\/wp\/v2\/comments?post=208586"}],"version-history":[{"count":0,"href":"https:\/\/www.webdo.tn\/fr\/wp-json\/wp\/v2\/posts\/208586\/revisions"}],"wp:featuredmedia":[{"embeddable":true,"href":"https:\/\/www.webdo.tn\/fr\/wp-json\/wp\/v2\/media\/278701"}],"wp:attachment":[{"href":"https:\/\/www.webdo.tn\/fr\/wp-json\/wp\/v2\/media?parent=208586"}],"wp:term":[{"taxonomy":"category","embeddable":true,"href":"https:\/\/www.webdo.tn\/fr\/wp-json\/wp\/v2\/categories?post=208586"},{"taxonomy":"post_tag","embeddable":true,"href":"https:\/\/www.webdo.tn\/fr\/wp-json\/wp\/v2\/tags?post=208586"}],"curies":[{"name":"wp","href":"https:\/\/api.w.org\/{rel}","templated":true}]}}