{"id":208580,"date":"2023-09-12T09:48:00","date_gmt":"2023-09-12T09:48:00","guid":{"rendered":"https:\/\/www.webdo.tn\/fr\/blog\/inondations-au-moins-3000-morts-en-libye\/208580\/"},"modified":"2025-05-20T22:51:44","modified_gmt":"2025-05-20T22:51:44","slug":"inondations-au-moins-3000-morts-en-libye","status":"publish","type":"post","link":"https:\/\/www.webdo.tn\/fr\/actualite\/international\/inondations-au-moins-3000-morts-en-libye\/208580\/","title":{"rendered":"Inondations : Au moins 3000 morts en Libye !"},"content":{"rendered":"<p>C\u2019est la catastrophe en Libye. La ville de Derna, dans l&rsquo;est du pays, a \u00e9t\u00e9 enti\u00e8rement inond\u00e9e par des pluies diluviennes, et avec l\u2019effondrement de plusieurs barrages la situation a empir\u00e9. Un bilan provisoire \u00e9voque plus de 3000 morts.<\/p>\n<p>\t\t\t\t\t\t\t\t\tLa temp\u00eate Daniel qui provoque de graves inondations dans le nord-est en Libye depuis deux jours a a fait \u00e9galement neuf mille disparus, ont d\u00e9clar\u00e9 les autorit\u00e9s de l&rsquo;est du pays, alors que les autorit\u00e9s rivales de Tripoli ont d\u00e9clar\u00e9 l&rsquo;\u00e9tat de catastrophe et lanc\u00e9 un appel \u00e0 l&rsquo;aide internationale.<\/p>\n<p>Selon des correspondants de m\u00e9dias arabes mobilis\u00e9s sur place, le nombre de morts est estim\u00e9 \u00e0 4000. Le ministre libyen de l\u2019Aviation t\u00e9moigne pour sa part que 25% de la ville de Derna a \u00e9t\u00e9 radi\u00e9e de la carte suite \u00e0 ces inondations.\u00a0<\/p>\n<p>Face \u00e0 cette catastrophe, la Tunisie a propos\u00e9 son aide au voisin libyen. Le pr\u00e9sident de la R\u00e9publique avait ordonn\u00e9 de multiplier tous les efforts en vue de porter secours aux sinistr\u00e9s.\u00a0<\/p>\n<p>Le Consulat g\u00e9n\u00e9ral de Tunisie \u00e0 Tripoli en Libye, a mis en place un num\u00e9ro vert &#8211; 00218213409479 &#8211; \u00e0 la disposition des membres de la communaut\u00e9 tunisienne se trouvant \u00e0 l&rsquo;est de la Libye et dans toutes les zones touch\u00e9es par les inondations pour signaler tout cas d&rsquo;urgence.<\/p>\n","protected":false},"excerpt":{"rendered":"<p>C\u2019est la catastrophe en Libye. La ville de Derna, dans l&rsquo;est du pays, a \u00e9t\u00e9 enti\u00e8rement inond\u00e9e par des pluies diluviennes, et avec l\u2019effondrement de plusieurs&#8230;<\/p>\n","protected":false},"author":3175,"featured_media":278696,"comment_status":"open","ping_status":"closed","sticky":false,"template":"","format":"standard","meta":{"footnotes":""},"categories":[2598],"tags":[3164,3279,3208],"class_list":["post-208580","post","type-post","status-publish","format-standard","has-post-thumbnail","hentry","category-international","tag-inondations","tag-libye","tag-morts"],"yoast_head":"<!-- This site is optimized with the Yoast SEO Premium plugin v27.4 (Yoast SEO v27.5) - https:\/\/yoast.com\/product\/yoast-seo-premium-wordpress\/ -->\n<title>Inondations : Au moins 3000 morts en Libye !<\/title>\n<meta name=\"description\" content=\"C\u2019est la catastrophe en Libye. La ville de Derna, dans l&#039;est du pays, a \u00e9t\u00e9 enti\u00e8rement inond\u00e9e par des pluies diluviennes, et avec l\u2019effondrement de plusieurs...\" \/>\n<link rel=\"canonical\" href=\"https:\/\/www.webdo.tn\/fr\/actualite\/international\/inondations-au-moins-3000-morts-en-libye\/208580\/\" \/>\n<meta property=\"og:locale\" content=\"fr_FR\" \/>\n<meta property=\"og:type\" content=\"article\" \/>\n<meta property=\"og:title\" content=\"Inondations : Au moins 3000 morts en Libye !\" \/>\n<meta property=\"og:description\" content=\"C\u2019est la catastrophe en Libye. La ville de Derna, dans l&#039;est du pays, a \u00e9t\u00e9 enti\u00e8rement inond\u00e9e par des pluies diluviennes, et avec l\u2019effondrement de plusieurs...\" \/>\n<meta property=\"og:url\" content=\"https:\/\/www.webdo.tn\/fr\/actualite\/international\/inondations-au-moins-3000-morts-en-libye\/208580\/\" \/>\n<meta property=\"og:site_name\" content=\"webdo\" \/>\n<meta property=\"article:publisher\" content=\"https:\/\/www.facebook.com\/webdotn\" \/>\n<meta property=\"article:published_time\" content=\"2023-09-12T09:48:00+00:00\" \/>\n<meta property=\"article:modified_time\" content=\"2025-05-20T22:51:44+00:00\" \/>\n<meta property=\"og:image\" content=\"https:\/\/www.webdo.tn\/fr\/wp-content\/uploads\/2023\/09\/a584cfacd9629e8f49a26bbb46a4aed6.jpg\" \/>\n\t<meta property=\"og:image:width\" content=\"750\" \/>\n\t<meta property=\"og:image:height\" content=\"400\" \/>\n\t<meta property=\"og:image:type\" content=\"image\/jpeg\" \/>\n<meta name=\"author\" content=\"CL\" \/>\n<meta name=\"twitter:card\" content=\"summary_large_image\" \/>\n<meta name=\"twitter:creator\" content=\"@webdo_tn\" \/>\n<meta name=\"twitter:site\" content=\"@webdo_tn\" \/>\n<meta name=\"twitter:label1\" content=\"\u00c9crit par\" \/>\n\t<meta name=\"twitter:data1\" content=\"CL\" \/>\n\t<meta name=\"twitter:label2\" content=\"Dur\u00e9e de lecture estim\u00e9e\" \/>\n\t<meta name=\"twitter:data2\" content=\"1 minute\" \/>\n<script type=\"application\/ld+json\" class=\"yoast-schema-graph\">{\"@context\":\"https:\\\/\\\/schema.org\",\"@graph\":[{\"@type\":\"NewsArticle\",\"@id\":\"https:\\\/\\\/www.webdo.tn\\\/fr\\\/actualite\\\/international\\\/inondations-au-moins-3000-morts-en-libye\\\/208580\\\/#article\",\"isPartOf\":{\"@id\":\"https:\\\/\\\/www.webdo.tn\\\/fr\\\/actualite\\\/international\\\/inondations-au-moins-3000-morts-en-libye\\\/208580\\\/\"},\"author\":{\"name\":\"CL\",\"@id\":\"https:\\\/\\\/www.webdo.tn\\\/fr\\\/#\\\/schema\\\/person\\\/f35b42a42c5e2511bbd282959d6385cc\"},\"headline\":\"Inondations : Au moins 3000 morts en Libye !\",\"datePublished\":\"2023-09-12T09:48:00+00:00\",\"dateModified\":\"2025-05-20T22:51:44+00:00\",\"mainEntityOfPage\":{\"@id\":\"https:\\\/\\\/www.webdo.tn\\\/fr\\\/actualite\\\/international\\\/inondations-au-moins-3000-morts-en-libye\\\/208580\\\/\"},\"wordCount\":235,\"commentCount\":0,\"publisher\":{\"@id\":\"https:\\\/\\\/www.webdo.tn\\\/fr\\\/#organization\"},\"image\":{\"@id\":\"https:\\\/\\\/www.webdo.tn\\\/fr\\\/actualite\\\/international\\\/inondations-au-moins-3000-morts-en-libye\\\/208580\\\/#primaryimage\"},\"thumbnailUrl\":\"https:\\\/\\\/www.webdo.tn\\\/fr\\\/wp-content\\\/uploads\\\/2023\\\/09\\\/a584cfacd9629e8f49a26bbb46a4aed6.jpg\",\"keywords\":[\"Inondations\",\"Libye\",\"morts\"],\"articleSection\":[\"International\"],\"inLanguage\":\"fr-FR\"},{\"@type\":\"WebPage\",\"@id\":\"https:\\\/\\\/www.webdo.tn\\\/fr\\\/actualite\\\/international\\\/inondations-au-moins-3000-morts-en-libye\\\/208580\\\/\",\"url\":\"https:\\\/\\\/www.webdo.tn\\\/fr\\\/actualite\\\/international\\\/inondations-au-moins-3000-morts-en-libye\\\/208580\\\/\",\"name\":\"Inondations : Au moins 3000 morts en Libye !\",\"isPartOf\":{\"@id\":\"https:\\\/\\\/www.webdo.tn\\\/fr\\\/#website\"},\"primaryImageOfPage\":{\"@id\":\"https:\\\/\\\/www.webdo.tn\\\/fr\\\/actualite\\\/international\\\/inondations-au-moins-3000-morts-en-libye\\\/208580\\\/#primaryimage\"},\"image\":{\"@id\":\"https:\\\/\\\/www.webdo.tn\\\/fr\\\/actualite\\\/international\\\/inondations-au-moins-3000-morts-en-libye\\\/208580\\\/#primaryimage\"},\"thumbnailUrl\":\"https:\\\/\\\/www.webdo.tn\\\/fr\\\/wp-content\\\/uploads\\\/2023\\\/09\\\/a584cfacd9629e8f49a26bbb46a4aed6.jpg\",\"datePublished\":\"2023-09-12T09:48:00+00:00\",\"dateModified\":\"2025-05-20T22:51:44+00:00\",\"description\":\"C\u2019est la catastrophe en Libye. La ville de Derna, dans l'est du pays, a \u00e9t\u00e9 enti\u00e8rement inond\u00e9e par des pluies diluviennes, et avec l\u2019effondrement de plusieurs...\",\"breadcrumb\":{\"@id\":\"https:\\\/\\\/www.webdo.tn\\\/fr\\\/actualite\\\/international\\\/inondations-au-moins-3000-morts-en-libye\\\/208580\\\/#breadcrumb\"},\"inLanguage\":\"fr-FR\",\"potentialAction\":[{\"@type\":\"ReadAction\",\"target\":[\"https:\\\/\\\/www.webdo.tn\\\/fr\\\/actualite\\\/international\\\/inondations-au-moins-3000-morts-en-libye\\\/208580\\\/\"]}]},{\"@type\":\"ImageObject\",\"inLanguage\":\"fr-FR\",\"@id\":\"https:\\\/\\\/www.webdo.tn\\\/fr\\\/actualite\\\/international\\\/inondations-au-moins-3000-morts-en-libye\\\/208580\\\/#primaryimage\",\"url\":\"https:\\\/\\\/www.webdo.tn\\\/fr\\\/wp-content\\\/uploads\\\/2023\\\/09\\\/a584cfacd9629e8f49a26bbb46a4aed6.jpg\",\"contentUrl\":\"https:\\\/\\\/www.webdo.tn\\\/fr\\\/wp-content\\\/uploads\\\/2023\\\/09\\\/a584cfacd9629e8f49a26bbb46a4aed6.jpg\",\"width\":750,\"height\":400,\"caption\":\"Inondations : Au moins 3000 morts en Libye !\"},{\"@type\":\"BreadcrumbList\",\"@id\":\"https:\\\/\\\/www.webdo.tn\\\/fr\\\/actualite\\\/international\\\/inondations-au-moins-3000-morts-en-libye\\\/208580\\\/#breadcrumb\",\"itemListElement\":[{\"@type\":\"ListItem\",\"position\":1,\"name\":\"Accueil\",\"item\":\"https:\\\/\\\/www.webdo.tn\\\/fr\\\/\"},{\"@type\":\"ListItem\",\"position\":2,\"name\":\"Inondations : Au moins 3000 morts en Libye !\"}]},{\"@type\":\"WebSite\",\"@id\":\"https:\\\/\\\/www.webdo.tn\\\/fr\\\/#website\",\"url\":\"https:\\\/\\\/www.webdo.tn\\\/fr\\\/\",\"name\":\"webdo\",\"description\":\"Tunisie - News en Tunisie et \u00e0 l&#039;international sur Webdo.tn\",\"publisher\":{\"@id\":\"https:\\\/\\\/www.webdo.tn\\\/fr\\\/#organization\"},\"potentialAction\":[{\"@type\":\"SearchAction\",\"target\":{\"@type\":\"EntryPoint\",\"urlTemplate\":\"https:\\\/\\\/www.webdo.tn\\\/fr\\\/?s={search_term_string}\"},\"query-input\":{\"@type\":\"PropertyValueSpecification\",\"valueRequired\":true,\"valueName\":\"search_term_string\"}}],\"inLanguage\":\"fr-FR\"},{\"@type\":\"Organization\",\"@id\":\"https:\\\/\\\/www.webdo.tn\\\/fr\\\/#organization\",\"name\":\"Webdo\",\"alternateName\":\"Webdo.tn\",\"url\":\"https:\\\/\\\/www.webdo.tn\\\/fr\\\/\",\"logo\":{\"@type\":\"ImageObject\",\"inLanguage\":\"fr-FR\",\"@id\":\"https:\\\/\\\/www.webdo.tn\\\/fr\\\/#\\\/schema\\\/logo\\\/image\\\/\",\"url\":\"https:\\\/\\\/www.webdo.tn\\\/fr\\\/wp-content\\\/uploads\\\/2025\\\/06\\\/Webdo-Tunisie_168377.jpg\",\"contentUrl\":\"https:\\\/\\\/www.webdo.tn\\\/fr\\\/wp-content\\\/uploads\\\/2025\\\/06\\\/Webdo-Tunisie_168377.jpg\",\"width\":301,\"height\":301,\"caption\":\"Webdo\"},\"image\":{\"@id\":\"https:\\\/\\\/www.webdo.tn\\\/fr\\\/#\\\/schema\\\/logo\\\/image\\\/\"},\"sameAs\":[\"https:\\\/\\\/www.facebook.com\\\/webdotn\",\"https:\\\/\\\/x.com\\\/webdo_tn\"],\"description\":\"Webdo est un m\u00e9dia num\u00e9rique tunisien fond\u00e9 en 2010, sp\u00e9cialis\u00e9 dans l\u2019actualit\u00e9 nationale et internationale, l\u2019\u00e9conomie, la soci\u00e9t\u00e9 et les analyses politiques. Le site s\u2019adresse \u00e0 un large public francophone et couvre l\u2019information tunisienne en temps r\u00e9el.\",\"email\":\"redac@webdo.tn\",\"legalName\":\"YNJ SARL\",\"foundingDate\":\"2010-09-06\",\"numberOfEmployees\":{\"@type\":\"QuantitativeValue\",\"minValue\":\"11\",\"maxValue\":\"50\"}},{\"@type\":\"Person\",\"@id\":\"https:\\\/\\\/www.webdo.tn\\\/fr\\\/#\\\/schema\\\/person\\\/f35b42a42c5e2511bbd282959d6385cc\",\"name\":\"CL\",\"image\":{\"@type\":\"ImageObject\",\"inLanguage\":\"fr-FR\",\"@id\":\"https:\\\/\\\/secure.gravatar.com\\\/avatar\\\/1447a49909b67aa657c488aec6512e1dd6143a480c1ecfee9b5b5cd74eb3b59e?s=96&d=mm&r=g\",\"url\":\"https:\\\/\\\/secure.gravatar.com\\\/avatar\\\/1447a49909b67aa657c488aec6512e1dd6143a480c1ecfee9b5b5cd74eb3b59e?s=96&d=mm&r=g\",\"contentUrl\":\"https:\\\/\\\/secure.gravatar.com\\\/avatar\\\/1447a49909b67aa657c488aec6512e1dd6143a480c1ecfee9b5b5cd74eb3b59e?s=96&d=mm&r=g\",\"caption\":\"CL\"},\"url\":\"https:\\\/\\\/www.webdo.tn\\\/fr\\\/actualite\\\/author\\\/cl\\\/\"}]}<\/script>\n<!-- \/ Yoast SEO Premium plugin. -->","yoast_head_json":{"title":"Inondations : Au moins 3000 morts en Libye !","description":"C\u2019est la catastrophe en Libye. La ville de Derna, dans l'est du pays, a \u00e9t\u00e9 enti\u00e8rement inond\u00e9e par des pluies diluviennes, et avec l\u2019effondrement de plusieurs...","canonical":"https:\/\/www.webdo.tn\/fr\/actualite\/international\/inondations-au-moins-3000-morts-en-libye\/208580\/","og_locale":"fr_FR","og_type":"article","og_title":"Inondations : Au moins 3000 morts en Libye !","og_description":"C\u2019est la catastrophe en Libye. La ville de Derna, dans l'est du pays, a \u00e9t\u00e9 enti\u00e8rement inond\u00e9e par des pluies diluviennes, et avec l\u2019effondrement de plusieurs...","og_url":"https:\/\/www.webdo.tn\/fr\/actualite\/international\/inondations-au-moins-3000-morts-en-libye\/208580\/","og_site_name":"webdo","article_publisher":"https:\/\/www.facebook.com\/webdotn","article_published_time":"2023-09-12T09:48:00+00:00","article_modified_time":"2025-05-20T22:51:44+00:00","og_image":[{"width":750,"height":400,"url":"https:\/\/www.webdo.tn\/fr\/wp-content\/uploads\/2023\/09\/a584cfacd9629e8f49a26bbb46a4aed6.jpg","type":"image\/jpeg"}],"author":"CL","twitter_card":"summary_large_image","twitter_creator":"@webdo_tn","twitter_site":"@webdo_tn","twitter_misc":{"\u00c9crit par":"CL","Dur\u00e9e de lecture estim\u00e9e":"1 minute"},"schema":{"@context":"https:\/\/schema.org","@graph":[{"@type":"NewsArticle","@id":"https:\/\/www.webdo.tn\/fr\/actualite\/international\/inondations-au-moins-3000-morts-en-libye\/208580\/#article","isPartOf":{"@id":"https:\/\/www.webdo.tn\/fr\/actualite\/international\/inondations-au-moins-3000-morts-en-libye\/208580\/"},"author":{"name":"CL","@id":"https:\/\/www.webdo.tn\/fr\/#\/schema\/person\/f35b42a42c5e2511bbd282959d6385cc"},"headline":"Inondations : Au moins 3000 morts en Libye !","datePublished":"2023-09-12T09:48:00+00:00","dateModified":"2025-05-20T22:51:44+00:00","mainEntityOfPage":{"@id":"https:\/\/www.webdo.tn\/fr\/actualite\/international\/inondations-au-moins-3000-morts-en-libye\/208580\/"},"wordCount":235,"commentCount":0,"publisher":{"@id":"https:\/\/www.webdo.tn\/fr\/#organization"},"image":{"@id":"https:\/\/www.webdo.tn\/fr\/actualite\/international\/inondations-au-moins-3000-morts-en-libye\/208580\/#primaryimage"},"thumbnailUrl":"https:\/\/www.webdo.tn\/fr\/wp-content\/uploads\/2023\/09\/a584cfacd9629e8f49a26bbb46a4aed6.jpg","keywords":["Inondations","Libye","morts"],"articleSection":["International"],"inLanguage":"fr-FR"},{"@type":"WebPage","@id":"https:\/\/www.webdo.tn\/fr\/actualite\/international\/inondations-au-moins-3000-morts-en-libye\/208580\/","url":"https:\/\/www.webdo.tn\/fr\/actualite\/international\/inondations-au-moins-3000-morts-en-libye\/208580\/","name":"Inondations : Au moins 3000 morts en Libye !","isPartOf":{"@id":"https:\/\/www.webdo.tn\/fr\/#website"},"primaryImageOfPage":{"@id":"https:\/\/www.webdo.tn\/fr\/actualite\/international\/inondations-au-moins-3000-morts-en-libye\/208580\/#primaryimage"},"image":{"@id":"https:\/\/www.webdo.tn\/fr\/actualite\/international\/inondations-au-moins-3000-morts-en-libye\/208580\/#primaryimage"},"thumbnailUrl":"https:\/\/www.webdo.tn\/fr\/wp-content\/uploads\/2023\/09\/a584cfacd9629e8f49a26bbb46a4aed6.jpg","datePublished":"2023-09-12T09:48:00+00:00","dateModified":"2025-05-20T22:51:44+00:00","description":"C\u2019est la catastrophe en Libye. La ville de Derna, dans l'est du pays, a \u00e9t\u00e9 enti\u00e8rement inond\u00e9e par des pluies diluviennes, et avec l\u2019effondrement de plusieurs...","breadcrumb":{"@id":"https:\/\/www.webdo.tn\/fr\/actualite\/international\/inondations-au-moins-3000-morts-en-libye\/208580\/#breadcrumb"},"inLanguage":"fr-FR","potentialAction":[{"@type":"ReadAction","target":["https:\/\/www.webdo.tn\/fr\/actualite\/international\/inondations-au-moins-3000-morts-en-libye\/208580\/"]}]},{"@type":"ImageObject","inLanguage":"fr-FR","@id":"https:\/\/www.webdo.tn\/fr\/actualite\/international\/inondations-au-moins-3000-morts-en-libye\/208580\/#primaryimage","url":"https:\/\/www.webdo.tn\/fr\/wp-content\/uploads\/2023\/09\/a584cfacd9629e8f49a26bbb46a4aed6.jpg","contentUrl":"https:\/\/www.webdo.tn\/fr\/wp-content\/uploads\/2023\/09\/a584cfacd9629e8f49a26bbb46a4aed6.jpg","width":750,"height":400,"caption":"Inondations : Au moins 3000 morts en Libye !"},{"@type":"BreadcrumbList","@id":"https:\/\/www.webdo.tn\/fr\/actualite\/international\/inondations-au-moins-3000-morts-en-libye\/208580\/#breadcrumb","itemListElement":[{"@type":"ListItem","position":1,"name":"Accueil","item":"https:\/\/www.webdo.tn\/fr\/"},{"@type":"ListItem","position":2,"name":"Inondations : Au moins 3000 morts en Libye !"}]},{"@type":"WebSite","@id":"https:\/\/www.webdo.tn\/fr\/#website","url":"https:\/\/www.webdo.tn\/fr\/","name":"webdo","description":"Tunisie - News en Tunisie et \u00e0 l&#039;international sur Webdo.tn","publisher":{"@id":"https:\/\/www.webdo.tn\/fr\/#organization"},"potentialAction":[{"@type":"SearchAction","target":{"@type":"EntryPoint","urlTemplate":"https:\/\/www.webdo.tn\/fr\/?s={search_term_string}"},"query-input":{"@type":"PropertyValueSpecification","valueRequired":true,"valueName":"search_term_string"}}],"inLanguage":"fr-FR"},{"@type":"Organization","@id":"https:\/\/www.webdo.tn\/fr\/#organization","name":"Webdo","alternateName":"Webdo.tn","url":"https:\/\/www.webdo.tn\/fr\/","logo":{"@type":"ImageObject","inLanguage":"fr-FR","@id":"https:\/\/www.webdo.tn\/fr\/#\/schema\/logo\/image\/","url":"https:\/\/www.webdo.tn\/fr\/wp-content\/uploads\/2025\/06\/Webdo-Tunisie_168377.jpg","contentUrl":"https:\/\/www.webdo.tn\/fr\/wp-content\/uploads\/2025\/06\/Webdo-Tunisie_168377.jpg","width":301,"height":301,"caption":"Webdo"},"image":{"@id":"https:\/\/www.webdo.tn\/fr\/#\/schema\/logo\/image\/"},"sameAs":["https:\/\/www.facebook.com\/webdotn","https:\/\/x.com\/webdo_tn"],"description":"Webdo est un m\u00e9dia num\u00e9rique tunisien fond\u00e9 en 2010, sp\u00e9cialis\u00e9 dans l\u2019actualit\u00e9 nationale et internationale, l\u2019\u00e9conomie, la soci\u00e9t\u00e9 et les analyses politiques. Le site s\u2019adresse \u00e0 un large public francophone et couvre l\u2019information tunisienne en temps r\u00e9el.","email":"redac@webdo.tn","legalName":"YNJ SARL","foundingDate":"2010-09-06","numberOfEmployees":{"@type":"QuantitativeValue","minValue":"11","maxValue":"50"}},{"@type":"Person","@id":"https:\/\/www.webdo.tn\/fr\/#\/schema\/person\/f35b42a42c5e2511bbd282959d6385cc","name":"CL","image":{"@type":"ImageObject","inLanguage":"fr-FR","@id":"https:\/\/secure.gravatar.com\/avatar\/1447a49909b67aa657c488aec6512e1dd6143a480c1ecfee9b5b5cd74eb3b59e?s=96&d=mm&r=g","url":"https:\/\/secure.gravatar.com\/avatar\/1447a49909b67aa657c488aec6512e1dd6143a480c1ecfee9b5b5cd74eb3b59e?s=96&d=mm&r=g","contentUrl":"https:\/\/secure.gravatar.com\/avatar\/1447a49909b67aa657c488aec6512e1dd6143a480c1ecfee9b5b5cd74eb3b59e?s=96&d=mm&r=g","caption":"CL"},"url":"https:\/\/www.webdo.tn\/fr\/actualite\/author\/cl\/"}]}},"_links":{"self":[{"href":"https:\/\/www.webdo.tn\/fr\/wp-json\/wp\/v2\/posts\/208580","targetHints":{"allow":["GET"]}}],"collection":[{"href":"https:\/\/www.webdo.tn\/fr\/wp-json\/wp\/v2\/posts"}],"about":[{"href":"https:\/\/www.webdo.tn\/fr\/wp-json\/wp\/v2\/types\/post"}],"author":[{"embeddable":true,"href":"https:\/\/www.webdo.tn\/fr\/wp-json\/wp\/v2\/users\/3175"}],"replies":[{"embeddable":true,"href":"https:\/\/www.webdo.tn\/fr\/wp-json\/wp\/v2\/comments?post=208580"}],"version-history":[{"count":0,"href":"https:\/\/www.webdo.tn\/fr\/wp-json\/wp\/v2\/posts\/208580\/revisions"}],"wp:featuredmedia":[{"embeddable":true,"href":"https:\/\/www.webdo.tn\/fr\/wp-json\/wp\/v2\/media\/278696"}],"wp:attachment":[{"href":"https:\/\/www.webdo.tn\/fr\/wp-json\/wp\/v2\/media?parent=208580"}],"wp:term":[{"taxonomy":"category","embeddable":true,"href":"https:\/\/www.webdo.tn\/fr\/wp-json\/wp\/v2\/categories?post=208580"},{"taxonomy":"post_tag","embeddable":true,"href":"https:\/\/www.webdo.tn\/fr\/wp-json\/wp\/v2\/tags?post=208580"}],"curies":[{"name":"wp","href":"https:\/\/api.w.org\/{rel}","templated":true}]}}