{"id":208579,"date":"2023-09-12T09:41:00","date_gmt":"2023-09-12T09:41:00","guid":{"rendered":"https:\/\/www.webdo.tn\/fr\/blog\/inondations-en-libye-un-numero-vert-a-la-disposition-de-la-communaute-tunisienne\/208579\/"},"modified":"2025-05-20T22:09:59","modified_gmt":"2025-05-20T22:09:59","slug":"inondations-en-libye-un-numero-vert-a-la-disposition-de-la-communaute-tunisienne","status":"publish","type":"post","link":"https:\/\/www.webdo.tn\/fr\/actualite\/national\/inondations-en-libye-un-numero-vert-a-la-disposition-de-la-communaute-tunisienne\/208579\/","title":{"rendered":"Inondations en Libye : Un num\u00e9ro vert \u00e0 la disposition de la communaut\u00e9 tunisienne"},"content":{"rendered":"<p>Le Consulat g\u00e9n\u00e9ral de Tunisie \u00e0 Tripoli en Libye, a mis en place un num\u00e9ro vert &#8211; 00218213409479 &#8211; \u00e0 la disposition des membres de la communaut\u00e9 tunisienne se trouvant \u00e0 l&rsquo;est de la Libye et dans toutes les zones touch\u00e9es par les inondations pour signaler tout cas d&rsquo;urgence.<\/p>\n<p>\t\t\t\t\t\t\t\t\tCe num\u00e9ro a \u00e9t\u00e9 mis en place suite aux inondations provoqu\u00e9es par la temp\u00eate Daniel, qui ont fait de tr\u00e8s nombreux morts notamment \u00e0 Derna dans les r\u00e9gions du Jabal Al-Akhdar et dans la banlieue d&rsquo;Al-Marj dans l&rsquo;est de la Libye.<\/p>\n<p>La temp\u00eate \u00ab\u00a0Daniel\u00a0\u00bb a frapp\u00e9 l&rsquo;est de la Libye, dimanche apr\u00e8s-midi. La r\u00e9gion \u00e9tait d\u00e9j\u00e0 touch\u00e9e par des pluies diluviennes depuis quelques jours.<\/p>\n","protected":false},"excerpt":{"rendered":"<p>Le Consulat g\u00e9n\u00e9ral de Tunisie \u00e0 Tripoli en Libye, a mis en place un num\u00e9ro vert &#8211; 00218213409479 &#8211; \u00e0 la disposition des membres de la communaut\u00e9 tunisienne se&#8230;<\/p>\n","protected":false},"author":3162,"featured_media":278697,"comment_status":"open","ping_status":"closed","sticky":false,"template":"","format":"standard","meta":{"footnotes":""},"categories":[44],"tags":[3164,3279,3208,2608],"class_list":["post-208579","post","type-post","status-publish","format-standard","has-post-thumbnail","hentry","category-national","tag-inondations","tag-libye","tag-morts","tag-tunisie"],"yoast_head":"<!-- This site is optimized with the Yoast SEO Premium plugin v27.4 (Yoast SEO v27.5) - https:\/\/yoast.com\/product\/yoast-seo-premium-wordpress\/ -->\n<title>Inondations en Libye : Un num\u00e9ro vert \u00e0 la disposition de la communaut\u00e9 tunisienne<\/title>\n<meta name=\"description\" content=\"Le Consulat g\u00e9n\u00e9ral de Tunisie \u00e0 Tripoli en Libye, a mis en place un num\u00e9ro vert - 00218213409479 - \u00e0 la disposition des membres de la communaut\u00e9 tunisienne se...\" \/>\n<link rel=\"canonical\" href=\"https:\/\/www.webdo.tn\/fr\/actualite\/national\/inondations-en-libye-un-numero-vert-a-la-disposition-de-la-communaute-tunisienne\/208579\/\" \/>\n<meta property=\"og:locale\" content=\"fr_FR\" \/>\n<meta property=\"og:type\" content=\"article\" \/>\n<meta property=\"og:title\" content=\"Inondations en Libye : Un num\u00e9ro vert \u00e0 la disposition de la communaut\u00e9 tunisienne\" \/>\n<meta property=\"og:description\" content=\"Le Consulat g\u00e9n\u00e9ral de Tunisie \u00e0 Tripoli en Libye, a mis en place un num\u00e9ro vert - 00218213409479 - \u00e0 la disposition des membres de la communaut\u00e9 tunisienne se...\" \/>\n<meta property=\"og:url\" content=\"https:\/\/www.webdo.tn\/fr\/actualite\/national\/inondations-en-libye-un-numero-vert-a-la-disposition-de-la-communaute-tunisienne\/208579\/\" \/>\n<meta property=\"og:site_name\" content=\"webdo\" \/>\n<meta property=\"article:publisher\" content=\"https:\/\/www.facebook.com\/webdotn\" \/>\n<meta property=\"article:published_time\" content=\"2023-09-12T09:41:00+00:00\" \/>\n<meta property=\"article:modified_time\" content=\"2025-05-20T22:09:59+00:00\" \/>\n<meta property=\"og:image\" content=\"https:\/\/www.webdo.tn\/fr\/wp-content\/uploads\/2023\/09\/a1db10c67d68c43d4a4aab31c6c6499e.jpg\" \/>\n\t<meta property=\"og:image:width\" content=\"750\" \/>\n\t<meta property=\"og:image:height\" content=\"400\" \/>\n\t<meta property=\"og:image:type\" content=\"image\/jpeg\" \/>\n<meta name=\"author\" content=\"MC\" \/>\n<meta name=\"twitter:card\" content=\"summary_large_image\" \/>\n<meta name=\"twitter:creator\" content=\"@webdo_tn\" \/>\n<meta name=\"twitter:site\" content=\"@webdo_tn\" \/>\n<meta name=\"twitter:label1\" content=\"\u00c9crit par\" \/>\n\t<meta name=\"twitter:data1\" content=\"MC\" \/>\n\t<meta name=\"twitter:label2\" content=\"Dur\u00e9e de lecture estim\u00e9e\" \/>\n\t<meta name=\"twitter:data2\" content=\"1 minute\" \/>\n<script type=\"application\/ld+json\" class=\"yoast-schema-graph\">{\"@context\":\"https:\\\/\\\/schema.org\",\"@graph\":[{\"@type\":\"NewsArticle\",\"@id\":\"https:\\\/\\\/www.webdo.tn\\\/fr\\\/actualite\\\/national\\\/inondations-en-libye-un-numero-vert-a-la-disposition-de-la-communaute-tunisienne\\\/208579\\\/#article\",\"isPartOf\":{\"@id\":\"https:\\\/\\\/www.webdo.tn\\\/fr\\\/actualite\\\/national\\\/inondations-en-libye-un-numero-vert-a-la-disposition-de-la-communaute-tunisienne\\\/208579\\\/\"},\"author\":{\"name\":\"MC\",\"@id\":\"https:\\\/\\\/www.webdo.tn\\\/fr\\\/#\\\/schema\\\/person\\\/2c4929cbf5a809e3bd38617c6ce150f6\"},\"headline\":\"Inondations en Libye : Un num\u00e9ro vert \u00e0 la disposition de la communaut\u00e9 tunisienne\",\"datePublished\":\"2023-09-12T09:41:00+00:00\",\"dateModified\":\"2025-05-20T22:09:59+00:00\",\"mainEntityOfPage\":{\"@id\":\"https:\\\/\\\/www.webdo.tn\\\/fr\\\/actualite\\\/national\\\/inondations-en-libye-un-numero-vert-a-la-disposition-de-la-communaute-tunisienne\\\/208579\\\/\"},\"wordCount\":140,\"commentCount\":0,\"publisher\":{\"@id\":\"https:\\\/\\\/www.webdo.tn\\\/fr\\\/#organization\"},\"image\":{\"@id\":\"https:\\\/\\\/www.webdo.tn\\\/fr\\\/actualite\\\/national\\\/inondations-en-libye-un-numero-vert-a-la-disposition-de-la-communaute-tunisienne\\\/208579\\\/#primaryimage\"},\"thumbnailUrl\":\"https:\\\/\\\/www.webdo.tn\\\/fr\\\/wp-content\\\/uploads\\\/2023\\\/09\\\/a1db10c67d68c43d4a4aab31c6c6499e.jpg\",\"keywords\":[\"Inondations\",\"Libye\",\"morts\",\"Tunisie\"],\"articleSection\":[\"National\"],\"inLanguage\":\"fr-FR\"},{\"@type\":\"WebPage\",\"@id\":\"https:\\\/\\\/www.webdo.tn\\\/fr\\\/actualite\\\/national\\\/inondations-en-libye-un-numero-vert-a-la-disposition-de-la-communaute-tunisienne\\\/208579\\\/\",\"url\":\"https:\\\/\\\/www.webdo.tn\\\/fr\\\/actualite\\\/national\\\/inondations-en-libye-un-numero-vert-a-la-disposition-de-la-communaute-tunisienne\\\/208579\\\/\",\"name\":\"Inondations en Libye : Un num\u00e9ro vert \u00e0 la disposition de la communaut\u00e9 tunisienne\",\"isPartOf\":{\"@id\":\"https:\\\/\\\/www.webdo.tn\\\/fr\\\/#website\"},\"primaryImageOfPage\":{\"@id\":\"https:\\\/\\\/www.webdo.tn\\\/fr\\\/actualite\\\/national\\\/inondations-en-libye-un-numero-vert-a-la-disposition-de-la-communaute-tunisienne\\\/208579\\\/#primaryimage\"},\"image\":{\"@id\":\"https:\\\/\\\/www.webdo.tn\\\/fr\\\/actualite\\\/national\\\/inondations-en-libye-un-numero-vert-a-la-disposition-de-la-communaute-tunisienne\\\/208579\\\/#primaryimage\"},\"thumbnailUrl\":\"https:\\\/\\\/www.webdo.tn\\\/fr\\\/wp-content\\\/uploads\\\/2023\\\/09\\\/a1db10c67d68c43d4a4aab31c6c6499e.jpg\",\"datePublished\":\"2023-09-12T09:41:00+00:00\",\"dateModified\":\"2025-05-20T22:09:59+00:00\",\"description\":\"Le Consulat g\u00e9n\u00e9ral de Tunisie \u00e0 Tripoli en Libye, a mis en place un num\u00e9ro vert - 00218213409479 - \u00e0 la disposition des membres de la communaut\u00e9 tunisienne se...\",\"breadcrumb\":{\"@id\":\"https:\\\/\\\/www.webdo.tn\\\/fr\\\/actualite\\\/national\\\/inondations-en-libye-un-numero-vert-a-la-disposition-de-la-communaute-tunisienne\\\/208579\\\/#breadcrumb\"},\"inLanguage\":\"fr-FR\",\"potentialAction\":[{\"@type\":\"ReadAction\",\"target\":[\"https:\\\/\\\/www.webdo.tn\\\/fr\\\/actualite\\\/national\\\/inondations-en-libye-un-numero-vert-a-la-disposition-de-la-communaute-tunisienne\\\/208579\\\/\"]}]},{\"@type\":\"ImageObject\",\"inLanguage\":\"fr-FR\",\"@id\":\"https:\\\/\\\/www.webdo.tn\\\/fr\\\/actualite\\\/national\\\/inondations-en-libye-un-numero-vert-a-la-disposition-de-la-communaute-tunisienne\\\/208579\\\/#primaryimage\",\"url\":\"https:\\\/\\\/www.webdo.tn\\\/fr\\\/wp-content\\\/uploads\\\/2023\\\/09\\\/a1db10c67d68c43d4a4aab31c6c6499e.jpg\",\"contentUrl\":\"https:\\\/\\\/www.webdo.tn\\\/fr\\\/wp-content\\\/uploads\\\/2023\\\/09\\\/a1db10c67d68c43d4a4aab31c6c6499e.jpg\",\"width\":750,\"height\":400,\"caption\":\"Inondations en Libye : Un num\u00e9ro vert \u00e0 la disposition de la communaut\u00e9 tunisienne\"},{\"@type\":\"BreadcrumbList\",\"@id\":\"https:\\\/\\\/www.webdo.tn\\\/fr\\\/actualite\\\/national\\\/inondations-en-libye-un-numero-vert-a-la-disposition-de-la-communaute-tunisienne\\\/208579\\\/#breadcrumb\",\"itemListElement\":[{\"@type\":\"ListItem\",\"position\":1,\"name\":\"Accueil\",\"item\":\"https:\\\/\\\/www.webdo.tn\\\/fr\\\/\"},{\"@type\":\"ListItem\",\"position\":2,\"name\":\"Inondations en Libye : Un num\u00e9ro vert \u00e0 la disposition de la communaut\u00e9 tunisienne\"}]},{\"@type\":\"WebSite\",\"@id\":\"https:\\\/\\\/www.webdo.tn\\\/fr\\\/#website\",\"url\":\"https:\\\/\\\/www.webdo.tn\\\/fr\\\/\",\"name\":\"webdo\",\"description\":\"Tunisie - News en Tunisie et \u00e0 l&#039;international sur Webdo.tn\",\"publisher\":{\"@id\":\"https:\\\/\\\/www.webdo.tn\\\/fr\\\/#organization\"},\"potentialAction\":[{\"@type\":\"SearchAction\",\"target\":{\"@type\":\"EntryPoint\",\"urlTemplate\":\"https:\\\/\\\/www.webdo.tn\\\/fr\\\/?s={search_term_string}\"},\"query-input\":{\"@type\":\"PropertyValueSpecification\",\"valueRequired\":true,\"valueName\":\"search_term_string\"}}],\"inLanguage\":\"fr-FR\"},{\"@type\":\"Organization\",\"@id\":\"https:\\\/\\\/www.webdo.tn\\\/fr\\\/#organization\",\"name\":\"Webdo\",\"alternateName\":\"Webdo.tn\",\"url\":\"https:\\\/\\\/www.webdo.tn\\\/fr\\\/\",\"logo\":{\"@type\":\"ImageObject\",\"inLanguage\":\"fr-FR\",\"@id\":\"https:\\\/\\\/www.webdo.tn\\\/fr\\\/#\\\/schema\\\/logo\\\/image\\\/\",\"url\":\"https:\\\/\\\/www.webdo.tn\\\/fr\\\/wp-content\\\/uploads\\\/2025\\\/06\\\/Webdo-Tunisie_168377.jpg\",\"contentUrl\":\"https:\\\/\\\/www.webdo.tn\\\/fr\\\/wp-content\\\/uploads\\\/2025\\\/06\\\/Webdo-Tunisie_168377.jpg\",\"width\":301,\"height\":301,\"caption\":\"Webdo\"},\"image\":{\"@id\":\"https:\\\/\\\/www.webdo.tn\\\/fr\\\/#\\\/schema\\\/logo\\\/image\\\/\"},\"sameAs\":[\"https:\\\/\\\/www.facebook.com\\\/webdotn\",\"https:\\\/\\\/x.com\\\/webdo_tn\"],\"description\":\"Webdo est un m\u00e9dia num\u00e9rique tunisien fond\u00e9 en 2010, sp\u00e9cialis\u00e9 dans l\u2019actualit\u00e9 nationale et internationale, l\u2019\u00e9conomie, la soci\u00e9t\u00e9 et les analyses politiques. Le site s\u2019adresse \u00e0 un large public francophone et couvre l\u2019information tunisienne en temps r\u00e9el.\",\"email\":\"redac@webdo.tn\",\"legalName\":\"YNJ SARL\",\"foundingDate\":\"2010-09-06\",\"numberOfEmployees\":{\"@type\":\"QuantitativeValue\",\"minValue\":\"11\",\"maxValue\":\"50\"}},{\"@type\":\"Person\",\"@id\":\"https:\\\/\\\/www.webdo.tn\\\/fr\\\/#\\\/schema\\\/person\\\/2c4929cbf5a809e3bd38617c6ce150f6\",\"name\":\"MC\",\"image\":{\"@type\":\"ImageObject\",\"inLanguage\":\"fr-FR\",\"@id\":\"https:\\\/\\\/secure.gravatar.com\\\/avatar\\\/a545bbb6f84efdd5553dbbc2895e3ca8f1d12c5215e00a041c9670b54aa9b18a?s=96&d=mm&r=g\",\"url\":\"https:\\\/\\\/secure.gravatar.com\\\/avatar\\\/a545bbb6f84efdd5553dbbc2895e3ca8f1d12c5215e00a041c9670b54aa9b18a?s=96&d=mm&r=g\",\"contentUrl\":\"https:\\\/\\\/secure.gravatar.com\\\/avatar\\\/a545bbb6f84efdd5553dbbc2895e3ca8f1d12c5215e00a041c9670b54aa9b18a?s=96&d=mm&r=g\",\"caption\":\"MC\"},\"url\":\"https:\\\/\\\/www.webdo.tn\\\/fr\\\/actualite\\\/author\\\/mc\\\/\"}]}<\/script>\n<!-- \/ Yoast SEO Premium plugin. -->","yoast_head_json":{"title":"Inondations en Libye : Un num\u00e9ro vert \u00e0 la disposition de la communaut\u00e9 tunisienne","description":"Le Consulat g\u00e9n\u00e9ral de Tunisie \u00e0 Tripoli en Libye, a mis en place un num\u00e9ro vert - 00218213409479 - \u00e0 la disposition des membres de la communaut\u00e9 tunisienne se...","canonical":"https:\/\/www.webdo.tn\/fr\/actualite\/national\/inondations-en-libye-un-numero-vert-a-la-disposition-de-la-communaute-tunisienne\/208579\/","og_locale":"fr_FR","og_type":"article","og_title":"Inondations en Libye : Un num\u00e9ro vert \u00e0 la disposition de la communaut\u00e9 tunisienne","og_description":"Le Consulat g\u00e9n\u00e9ral de Tunisie \u00e0 Tripoli en Libye, a mis en place un num\u00e9ro vert - 00218213409479 - \u00e0 la disposition des membres de la communaut\u00e9 tunisienne se...","og_url":"https:\/\/www.webdo.tn\/fr\/actualite\/national\/inondations-en-libye-un-numero-vert-a-la-disposition-de-la-communaute-tunisienne\/208579\/","og_site_name":"webdo","article_publisher":"https:\/\/www.facebook.com\/webdotn","article_published_time":"2023-09-12T09:41:00+00:00","article_modified_time":"2025-05-20T22:09:59+00:00","og_image":[{"width":750,"height":400,"url":"https:\/\/www.webdo.tn\/fr\/wp-content\/uploads\/2023\/09\/a1db10c67d68c43d4a4aab31c6c6499e.jpg","type":"image\/jpeg"}],"author":"MC","twitter_card":"summary_large_image","twitter_creator":"@webdo_tn","twitter_site":"@webdo_tn","twitter_misc":{"\u00c9crit par":"MC","Dur\u00e9e de lecture estim\u00e9e":"1 minute"},"schema":{"@context":"https:\/\/schema.org","@graph":[{"@type":"NewsArticle","@id":"https:\/\/www.webdo.tn\/fr\/actualite\/national\/inondations-en-libye-un-numero-vert-a-la-disposition-de-la-communaute-tunisienne\/208579\/#article","isPartOf":{"@id":"https:\/\/www.webdo.tn\/fr\/actualite\/national\/inondations-en-libye-un-numero-vert-a-la-disposition-de-la-communaute-tunisienne\/208579\/"},"author":{"name":"MC","@id":"https:\/\/www.webdo.tn\/fr\/#\/schema\/person\/2c4929cbf5a809e3bd38617c6ce150f6"},"headline":"Inondations en Libye : Un num\u00e9ro vert \u00e0 la disposition de la communaut\u00e9 tunisienne","datePublished":"2023-09-12T09:41:00+00:00","dateModified":"2025-05-20T22:09:59+00:00","mainEntityOfPage":{"@id":"https:\/\/www.webdo.tn\/fr\/actualite\/national\/inondations-en-libye-un-numero-vert-a-la-disposition-de-la-communaute-tunisienne\/208579\/"},"wordCount":140,"commentCount":0,"publisher":{"@id":"https:\/\/www.webdo.tn\/fr\/#organization"},"image":{"@id":"https:\/\/www.webdo.tn\/fr\/actualite\/national\/inondations-en-libye-un-numero-vert-a-la-disposition-de-la-communaute-tunisienne\/208579\/#primaryimage"},"thumbnailUrl":"https:\/\/www.webdo.tn\/fr\/wp-content\/uploads\/2023\/09\/a1db10c67d68c43d4a4aab31c6c6499e.jpg","keywords":["Inondations","Libye","morts","Tunisie"],"articleSection":["National"],"inLanguage":"fr-FR"},{"@type":"WebPage","@id":"https:\/\/www.webdo.tn\/fr\/actualite\/national\/inondations-en-libye-un-numero-vert-a-la-disposition-de-la-communaute-tunisienne\/208579\/","url":"https:\/\/www.webdo.tn\/fr\/actualite\/national\/inondations-en-libye-un-numero-vert-a-la-disposition-de-la-communaute-tunisienne\/208579\/","name":"Inondations en Libye : Un num\u00e9ro vert \u00e0 la disposition de la communaut\u00e9 tunisienne","isPartOf":{"@id":"https:\/\/www.webdo.tn\/fr\/#website"},"primaryImageOfPage":{"@id":"https:\/\/www.webdo.tn\/fr\/actualite\/national\/inondations-en-libye-un-numero-vert-a-la-disposition-de-la-communaute-tunisienne\/208579\/#primaryimage"},"image":{"@id":"https:\/\/www.webdo.tn\/fr\/actualite\/national\/inondations-en-libye-un-numero-vert-a-la-disposition-de-la-communaute-tunisienne\/208579\/#primaryimage"},"thumbnailUrl":"https:\/\/www.webdo.tn\/fr\/wp-content\/uploads\/2023\/09\/a1db10c67d68c43d4a4aab31c6c6499e.jpg","datePublished":"2023-09-12T09:41:00+00:00","dateModified":"2025-05-20T22:09:59+00:00","description":"Le Consulat g\u00e9n\u00e9ral de Tunisie \u00e0 Tripoli en Libye, a mis en place un num\u00e9ro vert - 00218213409479 - \u00e0 la disposition des membres de la communaut\u00e9 tunisienne se...","breadcrumb":{"@id":"https:\/\/www.webdo.tn\/fr\/actualite\/national\/inondations-en-libye-un-numero-vert-a-la-disposition-de-la-communaute-tunisienne\/208579\/#breadcrumb"},"inLanguage":"fr-FR","potentialAction":[{"@type":"ReadAction","target":["https:\/\/www.webdo.tn\/fr\/actualite\/national\/inondations-en-libye-un-numero-vert-a-la-disposition-de-la-communaute-tunisienne\/208579\/"]}]},{"@type":"ImageObject","inLanguage":"fr-FR","@id":"https:\/\/www.webdo.tn\/fr\/actualite\/national\/inondations-en-libye-un-numero-vert-a-la-disposition-de-la-communaute-tunisienne\/208579\/#primaryimage","url":"https:\/\/www.webdo.tn\/fr\/wp-content\/uploads\/2023\/09\/a1db10c67d68c43d4a4aab31c6c6499e.jpg","contentUrl":"https:\/\/www.webdo.tn\/fr\/wp-content\/uploads\/2023\/09\/a1db10c67d68c43d4a4aab31c6c6499e.jpg","width":750,"height":400,"caption":"Inondations en Libye : Un num\u00e9ro vert \u00e0 la disposition de la communaut\u00e9 tunisienne"},{"@type":"BreadcrumbList","@id":"https:\/\/www.webdo.tn\/fr\/actualite\/national\/inondations-en-libye-un-numero-vert-a-la-disposition-de-la-communaute-tunisienne\/208579\/#breadcrumb","itemListElement":[{"@type":"ListItem","position":1,"name":"Accueil","item":"https:\/\/www.webdo.tn\/fr\/"},{"@type":"ListItem","position":2,"name":"Inondations en Libye : Un num\u00e9ro vert \u00e0 la disposition de la communaut\u00e9 tunisienne"}]},{"@type":"WebSite","@id":"https:\/\/www.webdo.tn\/fr\/#website","url":"https:\/\/www.webdo.tn\/fr\/","name":"webdo","description":"Tunisie - News en Tunisie et \u00e0 l&#039;international sur Webdo.tn","publisher":{"@id":"https:\/\/www.webdo.tn\/fr\/#organization"},"potentialAction":[{"@type":"SearchAction","target":{"@type":"EntryPoint","urlTemplate":"https:\/\/www.webdo.tn\/fr\/?s={search_term_string}"},"query-input":{"@type":"PropertyValueSpecification","valueRequired":true,"valueName":"search_term_string"}}],"inLanguage":"fr-FR"},{"@type":"Organization","@id":"https:\/\/www.webdo.tn\/fr\/#organization","name":"Webdo","alternateName":"Webdo.tn","url":"https:\/\/www.webdo.tn\/fr\/","logo":{"@type":"ImageObject","inLanguage":"fr-FR","@id":"https:\/\/www.webdo.tn\/fr\/#\/schema\/logo\/image\/","url":"https:\/\/www.webdo.tn\/fr\/wp-content\/uploads\/2025\/06\/Webdo-Tunisie_168377.jpg","contentUrl":"https:\/\/www.webdo.tn\/fr\/wp-content\/uploads\/2025\/06\/Webdo-Tunisie_168377.jpg","width":301,"height":301,"caption":"Webdo"},"image":{"@id":"https:\/\/www.webdo.tn\/fr\/#\/schema\/logo\/image\/"},"sameAs":["https:\/\/www.facebook.com\/webdotn","https:\/\/x.com\/webdo_tn"],"description":"Webdo est un m\u00e9dia num\u00e9rique tunisien fond\u00e9 en 2010, sp\u00e9cialis\u00e9 dans l\u2019actualit\u00e9 nationale et internationale, l\u2019\u00e9conomie, la soci\u00e9t\u00e9 et les analyses politiques. Le site s\u2019adresse \u00e0 un large public francophone et couvre l\u2019information tunisienne en temps r\u00e9el.","email":"redac@webdo.tn","legalName":"YNJ SARL","foundingDate":"2010-09-06","numberOfEmployees":{"@type":"QuantitativeValue","minValue":"11","maxValue":"50"}},{"@type":"Person","@id":"https:\/\/www.webdo.tn\/fr\/#\/schema\/person\/2c4929cbf5a809e3bd38617c6ce150f6","name":"MC","image":{"@type":"ImageObject","inLanguage":"fr-FR","@id":"https:\/\/secure.gravatar.com\/avatar\/a545bbb6f84efdd5553dbbc2895e3ca8f1d12c5215e00a041c9670b54aa9b18a?s=96&d=mm&r=g","url":"https:\/\/secure.gravatar.com\/avatar\/a545bbb6f84efdd5553dbbc2895e3ca8f1d12c5215e00a041c9670b54aa9b18a?s=96&d=mm&r=g","contentUrl":"https:\/\/secure.gravatar.com\/avatar\/a545bbb6f84efdd5553dbbc2895e3ca8f1d12c5215e00a041c9670b54aa9b18a?s=96&d=mm&r=g","caption":"MC"},"url":"https:\/\/www.webdo.tn\/fr\/actualite\/author\/mc\/"}]}},"_links":{"self":[{"href":"https:\/\/www.webdo.tn\/fr\/wp-json\/wp\/v2\/posts\/208579","targetHints":{"allow":["GET"]}}],"collection":[{"href":"https:\/\/www.webdo.tn\/fr\/wp-json\/wp\/v2\/posts"}],"about":[{"href":"https:\/\/www.webdo.tn\/fr\/wp-json\/wp\/v2\/types\/post"}],"author":[{"embeddable":true,"href":"https:\/\/www.webdo.tn\/fr\/wp-json\/wp\/v2\/users\/3162"}],"replies":[{"embeddable":true,"href":"https:\/\/www.webdo.tn\/fr\/wp-json\/wp\/v2\/comments?post=208579"}],"version-history":[{"count":0,"href":"https:\/\/www.webdo.tn\/fr\/wp-json\/wp\/v2\/posts\/208579\/revisions"}],"wp:featuredmedia":[{"embeddable":true,"href":"https:\/\/www.webdo.tn\/fr\/wp-json\/wp\/v2\/media\/278697"}],"wp:attachment":[{"href":"https:\/\/www.webdo.tn\/fr\/wp-json\/wp\/v2\/media?parent=208579"}],"wp:term":[{"taxonomy":"category","embeddable":true,"href":"https:\/\/www.webdo.tn\/fr\/wp-json\/wp\/v2\/categories?post=208579"},{"taxonomy":"post_tag","embeddable":true,"href":"https:\/\/www.webdo.tn\/fr\/wp-json\/wp\/v2\/tags?post=208579"}],"curies":[{"name":"wp","href":"https:\/\/api.w.org\/{rel}","templated":true}]}}