{"id":208575,"date":"2023-09-12T08:28:00","date_gmt":"2023-09-12T08:28:00","guid":{"rendered":"https:\/\/www.webdo.tn\/fr\/blog\/inondations-la-libye-lance-un-appel-a-l-aide-internationale\/208575\/"},"modified":"2025-05-20T22:51:44","modified_gmt":"2025-05-20T22:51:44","slug":"inondations-la-libye-lance-un-appel-a-l-aide-internationale","status":"publish","type":"post","link":"https:\/\/www.webdo.tn\/fr\/actualite\/international\/inondations-la-libye-lance-un-appel-a-l-aide-internationale\/208575\/","title":{"rendered":"Inondations : La Libye lance un appel \u00e0 l\u2019aide internationale"},"content":{"rendered":"<p>Des inondations caus\u00e9es par des pluies diluviennes ont fait au moins 150 morts dans l&rsquo;est de la Libye, frapp\u00e9e \u00e0 son tour par la temp\u00eate Daniel apr\u00e8s la Gr\u00e8ce, la Turquie et la Bulgarie.<\/p>\n<p>Intervenant sur la cha\u00eene Almasar, le chef de l&rsquo;ex\u00e9cutif dans l&rsquo;est de la Libye, Oussama Hamad, a avanc\u00e9 les chiffres de \u00ab\u00a0plus de 2 000 morts et de milliers de disparus\u00a0\u00bb rien que dans la ville de Derna, mais aucune source m\u00e9dicale ou des services de secours n&rsquo;a confirm\u00e9 ce bilan.<\/p>\n<p>Via son minist\u00e8re des Affaires \u00e9trang\u00e8res, la Libye a lanc\u00e9 un appel \u00e0 l\u2019aide international d\u2019autant plus que le nombre des disparus avoisine les neuf mille selon des sources officielles.\u00a0<\/p>\n<p>Rappelons que dans un communiqu\u00e9 rendu public ce lundi 11 septembre 2023, la pr\u00e9sidence de la R\u00e9publique a annonc\u00e9 que le chef de l\u2019Etat a donn\u00e9 ses instructions pour coordonner avec les autorit\u00e9s libyennes en vue de mobiliser ressources humaines et moyens mat\u00e9riels pour soutenir les efforts de sauvetage et de prise en charge des bless\u00e9s, suite aux inondations.<\/p>\n","protected":false},"excerpt":{"rendered":"<p>Des inondations caus\u00e9es par des pluies diluviennes ont fait au moins 150 morts dans l&rsquo;est de la Libye, frapp\u00e9e \u00e0 son tour par la temp\u00eate Daniel apr\u00e8s la Gr\u00e8ce,&#8230;<\/p>\n","protected":false},"author":3175,"featured_media":278691,"comment_status":"open","ping_status":"closed","sticky":false,"template":"","format":"standard","meta":{"footnotes":""},"categories":[2598],"tags":[2774,3164,3279],"class_list":["post-208575","post","type-post","status-publish","format-standard","has-post-thumbnail","hentry","category-international","tag-aide","tag-inondations","tag-libye"],"yoast_head":"<!-- This site is optimized with the Yoast SEO Premium plugin v27.5 (Yoast SEO v27.5) - https:\/\/yoast.com\/product\/yoast-seo-premium-wordpress\/ -->\n<title>Inondations : La Libye lance un appel \u00e0 l\u2019aide internationale<\/title>\n<meta name=\"description\" content=\"Des inondations caus\u00e9es par des pluies diluviennes ont fait au moins 150 morts dans l&#039;est de la Libye, frapp\u00e9e \u00e0 son tour par la temp\u00eate Daniel apr\u00e8s la Gr\u00e8ce,...\" \/>\n<link rel=\"canonical\" href=\"https:\/\/www.webdo.tn\/fr\/actualite\/international\/inondations-la-libye-lance-un-appel-a-l-aide-internationale\/208575\/\" \/>\n<meta property=\"og:locale\" content=\"fr_FR\" \/>\n<meta property=\"og:type\" content=\"article\" \/>\n<meta property=\"og:title\" content=\"Inondations : La Libye lance un appel \u00e0 l\u2019aide internationale\" \/>\n<meta property=\"og:description\" content=\"Des inondations caus\u00e9es par des pluies diluviennes ont fait au moins 150 morts dans l&#039;est de la Libye, frapp\u00e9e \u00e0 son tour par la temp\u00eate Daniel apr\u00e8s la Gr\u00e8ce,...\" \/>\n<meta property=\"og:url\" content=\"https:\/\/www.webdo.tn\/fr\/actualite\/international\/inondations-la-libye-lance-un-appel-a-l-aide-internationale\/208575\/\" \/>\n<meta property=\"og:site_name\" content=\"webdo\" \/>\n<meta property=\"article:publisher\" content=\"https:\/\/www.facebook.com\/webdotn\" \/>\n<meta property=\"article:published_time\" content=\"2023-09-12T08:28:00+00:00\" \/>\n<meta property=\"article:modified_time\" content=\"2025-05-20T22:51:44+00:00\" \/>\n<meta property=\"og:image\" content=\"https:\/\/www.webdo.tn\/fr\/wp-content\/uploads\/2023\/09\/20e9182ec056595faf0a53b39e37e1ec.jpg\" \/>\n\t<meta property=\"og:image:width\" content=\"750\" \/>\n\t<meta property=\"og:image:height\" content=\"400\" \/>\n\t<meta property=\"og:image:type\" content=\"image\/jpeg\" \/>\n<meta name=\"author\" content=\"CL\" \/>\n<meta name=\"twitter:card\" content=\"summary_large_image\" \/>\n<meta name=\"twitter:creator\" content=\"@webdo_tn\" \/>\n<meta name=\"twitter:site\" content=\"@webdo_tn\" \/>\n<meta name=\"twitter:label1\" content=\"\u00c9crit par\" \/>\n\t<meta name=\"twitter:data1\" content=\"CL\" \/>\n\t<meta name=\"twitter:label2\" content=\"Dur\u00e9e de lecture estim\u00e9e\" \/>\n\t<meta name=\"twitter:data2\" content=\"1 minute\" \/>\n<script type=\"application\/ld+json\" class=\"yoast-schema-graph\">{\"@context\":\"https:\\\/\\\/schema.org\",\"@graph\":[{\"@type\":\"NewsArticle\",\"@id\":\"https:\\\/\\\/www.webdo.tn\\\/fr\\\/actualite\\\/international\\\/inondations-la-libye-lance-un-appel-a-l-aide-internationale\\\/208575\\\/#article\",\"isPartOf\":{\"@id\":\"https:\\\/\\\/www.webdo.tn\\\/fr\\\/actualite\\\/international\\\/inondations-la-libye-lance-un-appel-a-l-aide-internationale\\\/208575\\\/\"},\"author\":{\"name\":\"CL\",\"@id\":\"https:\\\/\\\/www.webdo.tn\\\/fr\\\/#\\\/schema\\\/person\\\/f35b42a42c5e2511bbd282959d6385cc\"},\"headline\":\"Inondations : La Libye lance un appel \u00e0 l\u2019aide internationale\",\"datePublished\":\"2023-09-12T08:28:00+00:00\",\"dateModified\":\"2025-05-20T22:51:44+00:00\",\"mainEntityOfPage\":{\"@id\":\"https:\\\/\\\/www.webdo.tn\\\/fr\\\/actualite\\\/international\\\/inondations-la-libye-lance-un-appel-a-l-aide-internationale\\\/208575\\\/\"},\"wordCount\":198,\"commentCount\":0,\"publisher\":{\"@id\":\"https:\\\/\\\/www.webdo.tn\\\/fr\\\/#organization\"},\"image\":{\"@id\":\"https:\\\/\\\/www.webdo.tn\\\/fr\\\/actualite\\\/international\\\/inondations-la-libye-lance-un-appel-a-l-aide-internationale\\\/208575\\\/#primaryimage\"},\"thumbnailUrl\":\"https:\\\/\\\/www.webdo.tn\\\/fr\\\/wp-content\\\/uploads\\\/2023\\\/09\\\/20e9182ec056595faf0a53b39e37e1ec.jpg\",\"keywords\":[\"aide\",\"Inondations\",\"Libye\"],\"articleSection\":[\"International\"],\"inLanguage\":\"fr-FR\"},{\"@type\":\"WebPage\",\"@id\":\"https:\\\/\\\/www.webdo.tn\\\/fr\\\/actualite\\\/international\\\/inondations-la-libye-lance-un-appel-a-l-aide-internationale\\\/208575\\\/\",\"url\":\"https:\\\/\\\/www.webdo.tn\\\/fr\\\/actualite\\\/international\\\/inondations-la-libye-lance-un-appel-a-l-aide-internationale\\\/208575\\\/\",\"name\":\"Inondations : La Libye lance un appel \u00e0 l\u2019aide internationale\",\"isPartOf\":{\"@id\":\"https:\\\/\\\/www.webdo.tn\\\/fr\\\/#website\"},\"primaryImageOfPage\":{\"@id\":\"https:\\\/\\\/www.webdo.tn\\\/fr\\\/actualite\\\/international\\\/inondations-la-libye-lance-un-appel-a-l-aide-internationale\\\/208575\\\/#primaryimage\"},\"image\":{\"@id\":\"https:\\\/\\\/www.webdo.tn\\\/fr\\\/actualite\\\/international\\\/inondations-la-libye-lance-un-appel-a-l-aide-internationale\\\/208575\\\/#primaryimage\"},\"thumbnailUrl\":\"https:\\\/\\\/www.webdo.tn\\\/fr\\\/wp-content\\\/uploads\\\/2023\\\/09\\\/20e9182ec056595faf0a53b39e37e1ec.jpg\",\"datePublished\":\"2023-09-12T08:28:00+00:00\",\"dateModified\":\"2025-05-20T22:51:44+00:00\",\"description\":\"Des inondations caus\u00e9es par des pluies diluviennes ont fait au moins 150 morts dans l'est de la Libye, frapp\u00e9e \u00e0 son tour par la temp\u00eate Daniel apr\u00e8s la Gr\u00e8ce,...\",\"breadcrumb\":{\"@id\":\"https:\\\/\\\/www.webdo.tn\\\/fr\\\/actualite\\\/international\\\/inondations-la-libye-lance-un-appel-a-l-aide-internationale\\\/208575\\\/#breadcrumb\"},\"inLanguage\":\"fr-FR\",\"potentialAction\":[{\"@type\":\"ReadAction\",\"target\":[\"https:\\\/\\\/www.webdo.tn\\\/fr\\\/actualite\\\/international\\\/inondations-la-libye-lance-un-appel-a-l-aide-internationale\\\/208575\\\/\"]}]},{\"@type\":\"ImageObject\",\"inLanguage\":\"fr-FR\",\"@id\":\"https:\\\/\\\/www.webdo.tn\\\/fr\\\/actualite\\\/international\\\/inondations-la-libye-lance-un-appel-a-l-aide-internationale\\\/208575\\\/#primaryimage\",\"url\":\"https:\\\/\\\/www.webdo.tn\\\/fr\\\/wp-content\\\/uploads\\\/2023\\\/09\\\/20e9182ec056595faf0a53b39e37e1ec.jpg\",\"contentUrl\":\"https:\\\/\\\/www.webdo.tn\\\/fr\\\/wp-content\\\/uploads\\\/2023\\\/09\\\/20e9182ec056595faf0a53b39e37e1ec.jpg\",\"width\":750,\"height\":400,\"caption\":\"Inondations : La Libye lance un appel \u00e0 l\u2019aide internationale\"},{\"@type\":\"BreadcrumbList\",\"@id\":\"https:\\\/\\\/www.webdo.tn\\\/fr\\\/actualite\\\/international\\\/inondations-la-libye-lance-un-appel-a-l-aide-internationale\\\/208575\\\/#breadcrumb\",\"itemListElement\":[{\"@type\":\"ListItem\",\"position\":1,\"name\":\"Accueil\",\"item\":\"https:\\\/\\\/www.webdo.tn\\\/fr\\\/\"},{\"@type\":\"ListItem\",\"position\":2,\"name\":\"Inondations : La Libye lance un appel \u00e0 l\u2019aide internationale\"}]},{\"@type\":\"WebSite\",\"@id\":\"https:\\\/\\\/www.webdo.tn\\\/fr\\\/#website\",\"url\":\"https:\\\/\\\/www.webdo.tn\\\/fr\\\/\",\"name\":\"webdo\",\"description\":\"Tunisie - News en Tunisie et \u00e0 l&#039;international sur Webdo.tn\",\"publisher\":{\"@id\":\"https:\\\/\\\/www.webdo.tn\\\/fr\\\/#organization\"},\"potentialAction\":[{\"@type\":\"SearchAction\",\"target\":{\"@type\":\"EntryPoint\",\"urlTemplate\":\"https:\\\/\\\/www.webdo.tn\\\/fr\\\/?s={search_term_string}\"},\"query-input\":{\"@type\":\"PropertyValueSpecification\",\"valueRequired\":true,\"valueName\":\"search_term_string\"}}],\"inLanguage\":\"fr-FR\"},{\"@type\":\"Organization\",\"@id\":\"https:\\\/\\\/www.webdo.tn\\\/fr\\\/#organization\",\"name\":\"Webdo\",\"alternateName\":\"Webdo.tn\",\"url\":\"https:\\\/\\\/www.webdo.tn\\\/fr\\\/\",\"logo\":{\"@type\":\"ImageObject\",\"inLanguage\":\"fr-FR\",\"@id\":\"https:\\\/\\\/www.webdo.tn\\\/fr\\\/#\\\/schema\\\/logo\\\/image\\\/\",\"url\":\"https:\\\/\\\/www.webdo.tn\\\/fr\\\/wp-content\\\/uploads\\\/2025\\\/06\\\/Webdo-Tunisie_168377.jpg\",\"contentUrl\":\"https:\\\/\\\/www.webdo.tn\\\/fr\\\/wp-content\\\/uploads\\\/2025\\\/06\\\/Webdo-Tunisie_168377.jpg\",\"width\":301,\"height\":301,\"caption\":\"Webdo\"},\"image\":{\"@id\":\"https:\\\/\\\/www.webdo.tn\\\/fr\\\/#\\\/schema\\\/logo\\\/image\\\/\"},\"sameAs\":[\"https:\\\/\\\/www.facebook.com\\\/webdotn\",\"https:\\\/\\\/x.com\\\/webdo_tn\"],\"description\":\"Webdo est un m\u00e9dia num\u00e9rique tunisien fond\u00e9 en 2010, sp\u00e9cialis\u00e9 dans l\u2019actualit\u00e9 nationale et internationale, l\u2019\u00e9conomie, la soci\u00e9t\u00e9 et les analyses politiques. Le site s\u2019adresse \u00e0 un large public francophone et couvre l\u2019information tunisienne en temps r\u00e9el.\",\"email\":\"redac@webdo.tn\",\"legalName\":\"YNJ SARL\",\"foundingDate\":\"2010-09-06\",\"numberOfEmployees\":{\"@type\":\"QuantitativeValue\",\"minValue\":\"11\",\"maxValue\":\"50\"}},{\"@type\":\"Person\",\"@id\":\"https:\\\/\\\/www.webdo.tn\\\/fr\\\/#\\\/schema\\\/person\\\/f35b42a42c5e2511bbd282959d6385cc\",\"name\":\"CL\",\"image\":{\"@type\":\"ImageObject\",\"inLanguage\":\"fr-FR\",\"@id\":\"https:\\\/\\\/secure.gravatar.com\\\/avatar\\\/1447a49909b67aa657c488aec6512e1dd6143a480c1ecfee9b5b5cd74eb3b59e?s=96&d=mm&r=g\",\"url\":\"https:\\\/\\\/secure.gravatar.com\\\/avatar\\\/1447a49909b67aa657c488aec6512e1dd6143a480c1ecfee9b5b5cd74eb3b59e?s=96&d=mm&r=g\",\"contentUrl\":\"https:\\\/\\\/secure.gravatar.com\\\/avatar\\\/1447a49909b67aa657c488aec6512e1dd6143a480c1ecfee9b5b5cd74eb3b59e?s=96&d=mm&r=g\",\"caption\":\"CL\"},\"url\":\"https:\\\/\\\/www.webdo.tn\\\/fr\\\/actualite\\\/author\\\/cl\\\/\"}]}<\/script>\n<!-- \/ Yoast SEO Premium plugin. -->","yoast_head_json":{"title":"Inondations : La Libye lance un appel \u00e0 l\u2019aide internationale","description":"Des inondations caus\u00e9es par des pluies diluviennes ont fait au moins 150 morts dans l'est de la Libye, frapp\u00e9e \u00e0 son tour par la temp\u00eate Daniel apr\u00e8s la Gr\u00e8ce,...","canonical":"https:\/\/www.webdo.tn\/fr\/actualite\/international\/inondations-la-libye-lance-un-appel-a-l-aide-internationale\/208575\/","og_locale":"fr_FR","og_type":"article","og_title":"Inondations : La Libye lance un appel \u00e0 l\u2019aide internationale","og_description":"Des inondations caus\u00e9es par des pluies diluviennes ont fait au moins 150 morts dans l'est de la Libye, frapp\u00e9e \u00e0 son tour par la temp\u00eate Daniel apr\u00e8s la Gr\u00e8ce,...","og_url":"https:\/\/www.webdo.tn\/fr\/actualite\/international\/inondations-la-libye-lance-un-appel-a-l-aide-internationale\/208575\/","og_site_name":"webdo","article_publisher":"https:\/\/www.facebook.com\/webdotn","article_published_time":"2023-09-12T08:28:00+00:00","article_modified_time":"2025-05-20T22:51:44+00:00","og_image":[{"width":750,"height":400,"url":"https:\/\/www.webdo.tn\/fr\/wp-content\/uploads\/2023\/09\/20e9182ec056595faf0a53b39e37e1ec.jpg","type":"image\/jpeg"}],"author":"CL","twitter_card":"summary_large_image","twitter_creator":"@webdo_tn","twitter_site":"@webdo_tn","twitter_misc":{"\u00c9crit par":"CL","Dur\u00e9e de lecture estim\u00e9e":"1 minute"},"schema":{"@context":"https:\/\/schema.org","@graph":[{"@type":"NewsArticle","@id":"https:\/\/www.webdo.tn\/fr\/actualite\/international\/inondations-la-libye-lance-un-appel-a-l-aide-internationale\/208575\/#article","isPartOf":{"@id":"https:\/\/www.webdo.tn\/fr\/actualite\/international\/inondations-la-libye-lance-un-appel-a-l-aide-internationale\/208575\/"},"author":{"name":"CL","@id":"https:\/\/www.webdo.tn\/fr\/#\/schema\/person\/f35b42a42c5e2511bbd282959d6385cc"},"headline":"Inondations : La Libye lance un appel \u00e0 l\u2019aide internationale","datePublished":"2023-09-12T08:28:00+00:00","dateModified":"2025-05-20T22:51:44+00:00","mainEntityOfPage":{"@id":"https:\/\/www.webdo.tn\/fr\/actualite\/international\/inondations-la-libye-lance-un-appel-a-l-aide-internationale\/208575\/"},"wordCount":198,"commentCount":0,"publisher":{"@id":"https:\/\/www.webdo.tn\/fr\/#organization"},"image":{"@id":"https:\/\/www.webdo.tn\/fr\/actualite\/international\/inondations-la-libye-lance-un-appel-a-l-aide-internationale\/208575\/#primaryimage"},"thumbnailUrl":"https:\/\/www.webdo.tn\/fr\/wp-content\/uploads\/2023\/09\/20e9182ec056595faf0a53b39e37e1ec.jpg","keywords":["aide","Inondations","Libye"],"articleSection":["International"],"inLanguage":"fr-FR"},{"@type":"WebPage","@id":"https:\/\/www.webdo.tn\/fr\/actualite\/international\/inondations-la-libye-lance-un-appel-a-l-aide-internationale\/208575\/","url":"https:\/\/www.webdo.tn\/fr\/actualite\/international\/inondations-la-libye-lance-un-appel-a-l-aide-internationale\/208575\/","name":"Inondations : La Libye lance un appel \u00e0 l\u2019aide internationale","isPartOf":{"@id":"https:\/\/www.webdo.tn\/fr\/#website"},"primaryImageOfPage":{"@id":"https:\/\/www.webdo.tn\/fr\/actualite\/international\/inondations-la-libye-lance-un-appel-a-l-aide-internationale\/208575\/#primaryimage"},"image":{"@id":"https:\/\/www.webdo.tn\/fr\/actualite\/international\/inondations-la-libye-lance-un-appel-a-l-aide-internationale\/208575\/#primaryimage"},"thumbnailUrl":"https:\/\/www.webdo.tn\/fr\/wp-content\/uploads\/2023\/09\/20e9182ec056595faf0a53b39e37e1ec.jpg","datePublished":"2023-09-12T08:28:00+00:00","dateModified":"2025-05-20T22:51:44+00:00","description":"Des inondations caus\u00e9es par des pluies diluviennes ont fait au moins 150 morts dans l'est de la Libye, frapp\u00e9e \u00e0 son tour par la temp\u00eate Daniel apr\u00e8s la Gr\u00e8ce,...","breadcrumb":{"@id":"https:\/\/www.webdo.tn\/fr\/actualite\/international\/inondations-la-libye-lance-un-appel-a-l-aide-internationale\/208575\/#breadcrumb"},"inLanguage":"fr-FR","potentialAction":[{"@type":"ReadAction","target":["https:\/\/www.webdo.tn\/fr\/actualite\/international\/inondations-la-libye-lance-un-appel-a-l-aide-internationale\/208575\/"]}]},{"@type":"ImageObject","inLanguage":"fr-FR","@id":"https:\/\/www.webdo.tn\/fr\/actualite\/international\/inondations-la-libye-lance-un-appel-a-l-aide-internationale\/208575\/#primaryimage","url":"https:\/\/www.webdo.tn\/fr\/wp-content\/uploads\/2023\/09\/20e9182ec056595faf0a53b39e37e1ec.jpg","contentUrl":"https:\/\/www.webdo.tn\/fr\/wp-content\/uploads\/2023\/09\/20e9182ec056595faf0a53b39e37e1ec.jpg","width":750,"height":400,"caption":"Inondations : La Libye lance un appel \u00e0 l\u2019aide internationale"},{"@type":"BreadcrumbList","@id":"https:\/\/www.webdo.tn\/fr\/actualite\/international\/inondations-la-libye-lance-un-appel-a-l-aide-internationale\/208575\/#breadcrumb","itemListElement":[{"@type":"ListItem","position":1,"name":"Accueil","item":"https:\/\/www.webdo.tn\/fr\/"},{"@type":"ListItem","position":2,"name":"Inondations : La Libye lance un appel \u00e0 l\u2019aide internationale"}]},{"@type":"WebSite","@id":"https:\/\/www.webdo.tn\/fr\/#website","url":"https:\/\/www.webdo.tn\/fr\/","name":"webdo","description":"Tunisie - News en Tunisie et \u00e0 l&#039;international sur Webdo.tn","publisher":{"@id":"https:\/\/www.webdo.tn\/fr\/#organization"},"potentialAction":[{"@type":"SearchAction","target":{"@type":"EntryPoint","urlTemplate":"https:\/\/www.webdo.tn\/fr\/?s={search_term_string}"},"query-input":{"@type":"PropertyValueSpecification","valueRequired":true,"valueName":"search_term_string"}}],"inLanguage":"fr-FR"},{"@type":"Organization","@id":"https:\/\/www.webdo.tn\/fr\/#organization","name":"Webdo","alternateName":"Webdo.tn","url":"https:\/\/www.webdo.tn\/fr\/","logo":{"@type":"ImageObject","inLanguage":"fr-FR","@id":"https:\/\/www.webdo.tn\/fr\/#\/schema\/logo\/image\/","url":"https:\/\/www.webdo.tn\/fr\/wp-content\/uploads\/2025\/06\/Webdo-Tunisie_168377.jpg","contentUrl":"https:\/\/www.webdo.tn\/fr\/wp-content\/uploads\/2025\/06\/Webdo-Tunisie_168377.jpg","width":301,"height":301,"caption":"Webdo"},"image":{"@id":"https:\/\/www.webdo.tn\/fr\/#\/schema\/logo\/image\/"},"sameAs":["https:\/\/www.facebook.com\/webdotn","https:\/\/x.com\/webdo_tn"],"description":"Webdo est un m\u00e9dia num\u00e9rique tunisien fond\u00e9 en 2010, sp\u00e9cialis\u00e9 dans l\u2019actualit\u00e9 nationale et internationale, l\u2019\u00e9conomie, la soci\u00e9t\u00e9 et les analyses politiques. Le site s\u2019adresse \u00e0 un large public francophone et couvre l\u2019information tunisienne en temps r\u00e9el.","email":"redac@webdo.tn","legalName":"YNJ SARL","foundingDate":"2010-09-06","numberOfEmployees":{"@type":"QuantitativeValue","minValue":"11","maxValue":"50"}},{"@type":"Person","@id":"https:\/\/www.webdo.tn\/fr\/#\/schema\/person\/f35b42a42c5e2511bbd282959d6385cc","name":"CL","image":{"@type":"ImageObject","inLanguage":"fr-FR","@id":"https:\/\/secure.gravatar.com\/avatar\/1447a49909b67aa657c488aec6512e1dd6143a480c1ecfee9b5b5cd74eb3b59e?s=96&d=mm&r=g","url":"https:\/\/secure.gravatar.com\/avatar\/1447a49909b67aa657c488aec6512e1dd6143a480c1ecfee9b5b5cd74eb3b59e?s=96&d=mm&r=g","contentUrl":"https:\/\/secure.gravatar.com\/avatar\/1447a49909b67aa657c488aec6512e1dd6143a480c1ecfee9b5b5cd74eb3b59e?s=96&d=mm&r=g","caption":"CL"},"url":"https:\/\/www.webdo.tn\/fr\/actualite\/author\/cl\/"}]}},"_links":{"self":[{"href":"https:\/\/www.webdo.tn\/fr\/wp-json\/wp\/v2\/posts\/208575","targetHints":{"allow":["GET"]}}],"collection":[{"href":"https:\/\/www.webdo.tn\/fr\/wp-json\/wp\/v2\/posts"}],"about":[{"href":"https:\/\/www.webdo.tn\/fr\/wp-json\/wp\/v2\/types\/post"}],"author":[{"embeddable":true,"href":"https:\/\/www.webdo.tn\/fr\/wp-json\/wp\/v2\/users\/3175"}],"replies":[{"embeddable":true,"href":"https:\/\/www.webdo.tn\/fr\/wp-json\/wp\/v2\/comments?post=208575"}],"version-history":[{"count":0,"href":"https:\/\/www.webdo.tn\/fr\/wp-json\/wp\/v2\/posts\/208575\/revisions"}],"wp:featuredmedia":[{"embeddable":true,"href":"https:\/\/www.webdo.tn\/fr\/wp-json\/wp\/v2\/media\/278691"}],"wp:attachment":[{"href":"https:\/\/www.webdo.tn\/fr\/wp-json\/wp\/v2\/media?parent=208575"}],"wp:term":[{"taxonomy":"category","embeddable":true,"href":"https:\/\/www.webdo.tn\/fr\/wp-json\/wp\/v2\/categories?post=208575"},{"taxonomy":"post_tag","embeddable":true,"href":"https:\/\/www.webdo.tn\/fr\/wp-json\/wp\/v2\/tags?post=208575"}],"curies":[{"name":"wp","href":"https:\/\/api.w.org\/{rel}","templated":true}]}}