{"id":208570,"date":"2023-09-11T19:18:00","date_gmt":"2023-09-11T19:18:00","guid":{"rendered":"https:\/\/www.webdo.tn\/fr\/blog\/la-tunisie-est-elle-a-l-abri-des-tempetes\/208570\/"},"modified":"2025-05-20T22:41:16","modified_gmt":"2025-05-20T22:41:16","slug":"la-tunisie-est-elle-a-l-abri-des-tempetes","status":"publish","type":"post","link":"https:\/\/www.webdo.tn\/fr\/actualite\/national\/la-tunisie-est-elle-a-l-abri-des-tempetes\/208570\/","title":{"rendered":"La Tunisie est-elle \u00e0 l\u2019abri des temp\u00eates ?"},"content":{"rendered":"<p>Apr\u00e8s la temp\u00eate Daniel qui vient de frapper de plein fouet la Libye pays voisin, faisant des centaines de morts, des disparus et des d\u00e9g\u00e2ts mat\u00e9riels \u00e9normes, les Tunisiens se posent des questions.<\/p>\n<p>La Tunisie est-elle vraiment \u00e0 l\u2019abri des catastrophes naturelles qui touchent aujourd\u2019hui, non pas les seulement les pays lointains, mais bel et bien nos voisins ?<\/p>\n<p>La Tunisie, comme de nombreux autres pays m\u00e9diterran\u00e9ens, n&rsquo;est pas \u00e0 l&rsquo;abri des catastrophes naturelles dont les temp\u00eates. Les temp\u00eates peuvent se produire dans diff\u00e9rentes r\u00e9gions du monde en fonction des conditions m\u00e9t\u00e9orologiques et climatiques.<\/p>\n<p>Dans notre r\u00e9gion, les temp\u00eates peuvent \u00eatre associ\u00e9es \u00e0 divers ph\u00e9nom\u00e8nes m\u00e9t\u00e9orologiques, tels que les temp\u00eates hivernales venant de la M\u00e9diterran\u00e9e ou les temp\u00eates de sable dans les r\u00e9gions d\u00e9sertiques. Ces temp\u00eates peuvent avoir des impacts sur les conditions m\u00e9t\u00e9orologiques locales, provoquant des vents forts, des pr\u00e9cipitations abondantes et d&rsquo;autres ph\u00e9nom\u00e8nes m\u00e9t\u00e9orologiques extr\u00eames.<\/p>\n<p>Notre pays\u00a0reste surtout expos\u00e9e \u00e0 des risques de temp\u00eates hivernales, m\u00eame si historiquement, les temp\u00eates qui ont frapp\u00e9 le pays ne sont pas tr\u00e8s puissantes.\u00a0<br \/>\nIl est important de noter que les temp\u00eates peuvent varier en intensit\u00e9 et en fr\u00e9quence d&rsquo;une ann\u00e9e \u00e0 l&rsquo;autre, en fonction des conditions m\u00e9t\u00e9orologiques \u00e0 l&rsquo;\u00e9chelle mondiale, telles que les syst\u00e8mes de haute et de basse pression, les courants atmosph\u00e9riques et les oscillations climatiques.\u00a0<\/p>\n<p>En dehors des temp\u00eates, des ph\u00e9nom\u00e8nes m\u00e9t\u00e9orologiques plus localis\u00e9s, tels que les orages violents, peuvent \u00e9galement se produire en Tunisie. Ces orages peuvent \u00eatre accompagn\u00e9s de fortes pluies, de gr\u00eale et de vents puissants, causant des dommages aux cultures et aux infrastructures.<\/p>\n","protected":false},"excerpt":{"rendered":"<p>Apr\u00e8s la temp\u00eate Daniel qui vient de frapper de plein fouet la Libye pays voisin, faisant des centaines de morts, des disparus et des d\u00e9g\u00e2ts mat\u00e9riels \u00e9normes,&#8230;<\/p>\n","protected":false},"author":3175,"featured_media":249352,"comment_status":"open","ping_status":"closed","sticky":false,"template":"","format":"standard","meta":{"footnotes":""},"categories":[44],"tags":[7951,2608],"class_list":["post-208570","post","type-post","status-publish","format-standard","has-post-thumbnail","hentry","category-national","tag-tempetes","tag-tunisie"],"yoast_head":"<!-- This site is optimized with the Yoast SEO Premium plugin v27.5 (Yoast SEO v27.5) - https:\/\/yoast.com\/product\/yoast-seo-premium-wordpress\/ -->\n<title>La Tunisie est-elle \u00e0 l\u2019abri des temp\u00eates ?<\/title>\n<meta name=\"description\" content=\"Apr\u00e8s la temp\u00eate Daniel qui vient de frapper de plein fouet la Libye pays voisin, faisant des centaines de morts, des disparus et des d\u00e9g\u00e2ts mat\u00e9riels \u00e9normes,...\" \/>\n<link rel=\"canonical\" href=\"https:\/\/www.webdo.tn\/fr\/actualite\/national\/la-tunisie-est-elle-a-l-abri-des-tempetes\/208570\/\" \/>\n<meta property=\"og:locale\" content=\"fr_FR\" \/>\n<meta property=\"og:type\" content=\"article\" \/>\n<meta property=\"og:title\" content=\"La Tunisie est-elle \u00e0 l\u2019abri des temp\u00eates ?\" \/>\n<meta property=\"og:description\" content=\"Apr\u00e8s la temp\u00eate Daniel qui vient de frapper de plein fouet la Libye pays voisin, faisant des centaines de morts, des disparus et des d\u00e9g\u00e2ts mat\u00e9riels \u00e9normes,...\" \/>\n<meta property=\"og:url\" content=\"https:\/\/www.webdo.tn\/fr\/actualite\/national\/la-tunisie-est-elle-a-l-abri-des-tempetes\/208570\/\" \/>\n<meta property=\"og:site_name\" content=\"webdo\" \/>\n<meta property=\"article:publisher\" content=\"https:\/\/www.facebook.com\/webdotn\" \/>\n<meta property=\"article:published_time\" content=\"2023-09-11T19:18:00+00:00\" \/>\n<meta property=\"article:modified_time\" content=\"2025-05-20T22:41:16+00:00\" \/>\n<meta property=\"og:image\" content=\"https:\/\/www.webdo.tn\/fr\/wp-content\/uploads\/2023\/09\/c59c5e0613862c3362b29c406c175fea.jpg\" \/>\n\t<meta property=\"og:image:width\" content=\"710\" \/>\n\t<meta property=\"og:image:height\" content=\"379\" \/>\n\t<meta property=\"og:image:type\" content=\"image\/jpeg\" \/>\n<meta name=\"author\" content=\"CL\" \/>\n<meta name=\"twitter:card\" content=\"summary_large_image\" \/>\n<meta name=\"twitter:creator\" content=\"@webdo_tn\" \/>\n<meta name=\"twitter:site\" content=\"@webdo_tn\" \/>\n<meta name=\"twitter:label1\" content=\"\u00c9crit par\" \/>\n\t<meta name=\"twitter:data1\" content=\"CL\" \/>\n\t<meta name=\"twitter:label2\" content=\"Dur\u00e9e de lecture estim\u00e9e\" \/>\n\t<meta name=\"twitter:data2\" content=\"2 minutes\" \/>\n<script type=\"application\/ld+json\" class=\"yoast-schema-graph\">{\"@context\":\"https:\\\/\\\/schema.org\",\"@graph\":[{\"@type\":\"NewsArticle\",\"@id\":\"https:\\\/\\\/www.webdo.tn\\\/fr\\\/actualite\\\/national\\\/la-tunisie-est-elle-a-l-abri-des-tempetes\\\/208570\\\/#article\",\"isPartOf\":{\"@id\":\"https:\\\/\\\/www.webdo.tn\\\/fr\\\/actualite\\\/national\\\/la-tunisie-est-elle-a-l-abri-des-tempetes\\\/208570\\\/\"},\"author\":{\"name\":\"CL\",\"@id\":\"https:\\\/\\\/www.webdo.tn\\\/fr\\\/#\\\/schema\\\/person\\\/f35b42a42c5e2511bbd282959d6385cc\"},\"headline\":\"La Tunisie est-elle \u00e0 l\u2019abri des temp\u00eates ?\",\"datePublished\":\"2023-09-11T19:18:00+00:00\",\"dateModified\":\"2025-05-20T22:41:16+00:00\",\"mainEntityOfPage\":{\"@id\":\"https:\\\/\\\/www.webdo.tn\\\/fr\\\/actualite\\\/national\\\/la-tunisie-est-elle-a-l-abri-des-tempetes\\\/208570\\\/\"},\"wordCount\":323,\"commentCount\":0,\"publisher\":{\"@id\":\"https:\\\/\\\/www.webdo.tn\\\/fr\\\/#organization\"},\"image\":{\"@id\":\"https:\\\/\\\/www.webdo.tn\\\/fr\\\/actualite\\\/national\\\/la-tunisie-est-elle-a-l-abri-des-tempetes\\\/208570\\\/#primaryimage\"},\"thumbnailUrl\":\"https:\\\/\\\/www.webdo.tn\\\/fr\\\/wp-content\\\/uploads\\\/2023\\\/09\\\/c59c5e0613862c3362b29c406c175fea.jpg\",\"keywords\":[\"Temp\u00eates\",\"Tunisie\"],\"articleSection\":[\"National\"],\"inLanguage\":\"fr-FR\"},{\"@type\":\"WebPage\",\"@id\":\"https:\\\/\\\/www.webdo.tn\\\/fr\\\/actualite\\\/national\\\/la-tunisie-est-elle-a-l-abri-des-tempetes\\\/208570\\\/\",\"url\":\"https:\\\/\\\/www.webdo.tn\\\/fr\\\/actualite\\\/national\\\/la-tunisie-est-elle-a-l-abri-des-tempetes\\\/208570\\\/\",\"name\":\"La Tunisie est-elle \u00e0 l\u2019abri des temp\u00eates ?\",\"isPartOf\":{\"@id\":\"https:\\\/\\\/www.webdo.tn\\\/fr\\\/#website\"},\"primaryImageOfPage\":{\"@id\":\"https:\\\/\\\/www.webdo.tn\\\/fr\\\/actualite\\\/national\\\/la-tunisie-est-elle-a-l-abri-des-tempetes\\\/208570\\\/#primaryimage\"},\"image\":{\"@id\":\"https:\\\/\\\/www.webdo.tn\\\/fr\\\/actualite\\\/national\\\/la-tunisie-est-elle-a-l-abri-des-tempetes\\\/208570\\\/#primaryimage\"},\"thumbnailUrl\":\"https:\\\/\\\/www.webdo.tn\\\/fr\\\/wp-content\\\/uploads\\\/2023\\\/09\\\/c59c5e0613862c3362b29c406c175fea.jpg\",\"datePublished\":\"2023-09-11T19:18:00+00:00\",\"dateModified\":\"2025-05-20T22:41:16+00:00\",\"description\":\"Apr\u00e8s la temp\u00eate Daniel qui vient de frapper de plein fouet la Libye pays voisin, faisant des centaines de morts, des disparus et des d\u00e9g\u00e2ts mat\u00e9riels \u00e9normes,...\",\"breadcrumb\":{\"@id\":\"https:\\\/\\\/www.webdo.tn\\\/fr\\\/actualite\\\/national\\\/la-tunisie-est-elle-a-l-abri-des-tempetes\\\/208570\\\/#breadcrumb\"},\"inLanguage\":\"fr-FR\",\"potentialAction\":[{\"@type\":\"ReadAction\",\"target\":[\"https:\\\/\\\/www.webdo.tn\\\/fr\\\/actualite\\\/national\\\/la-tunisie-est-elle-a-l-abri-des-tempetes\\\/208570\\\/\"]}]},{\"@type\":\"ImageObject\",\"inLanguage\":\"fr-FR\",\"@id\":\"https:\\\/\\\/www.webdo.tn\\\/fr\\\/actualite\\\/national\\\/la-tunisie-est-elle-a-l-abri-des-tempetes\\\/208570\\\/#primaryimage\",\"url\":\"https:\\\/\\\/www.webdo.tn\\\/fr\\\/wp-content\\\/uploads\\\/2023\\\/09\\\/c59c5e0613862c3362b29c406c175fea.jpg\",\"contentUrl\":\"https:\\\/\\\/www.webdo.tn\\\/fr\\\/wp-content\\\/uploads\\\/2023\\\/09\\\/c59c5e0613862c3362b29c406c175fea.jpg\",\"width\":710,\"height\":379,\"caption\":\"La Tunisie est-elle \u00e0 l\u2019abri des temp\u00eates ?\"},{\"@type\":\"BreadcrumbList\",\"@id\":\"https:\\\/\\\/www.webdo.tn\\\/fr\\\/actualite\\\/national\\\/la-tunisie-est-elle-a-l-abri-des-tempetes\\\/208570\\\/#breadcrumb\",\"itemListElement\":[{\"@type\":\"ListItem\",\"position\":1,\"name\":\"Accueil\",\"item\":\"https:\\\/\\\/www.webdo.tn\\\/fr\\\/\"},{\"@type\":\"ListItem\",\"position\":2,\"name\":\"La Tunisie est-elle \u00e0 l\u2019abri des temp\u00eates ?\"}]},{\"@type\":\"WebSite\",\"@id\":\"https:\\\/\\\/www.webdo.tn\\\/fr\\\/#website\",\"url\":\"https:\\\/\\\/www.webdo.tn\\\/fr\\\/\",\"name\":\"webdo\",\"description\":\"Tunisie - News en Tunisie et \u00e0 l&#039;international sur Webdo.tn\",\"publisher\":{\"@id\":\"https:\\\/\\\/www.webdo.tn\\\/fr\\\/#organization\"},\"potentialAction\":[{\"@type\":\"SearchAction\",\"target\":{\"@type\":\"EntryPoint\",\"urlTemplate\":\"https:\\\/\\\/www.webdo.tn\\\/fr\\\/?s={search_term_string}\"},\"query-input\":{\"@type\":\"PropertyValueSpecification\",\"valueRequired\":true,\"valueName\":\"search_term_string\"}}],\"inLanguage\":\"fr-FR\"},{\"@type\":\"Organization\",\"@id\":\"https:\\\/\\\/www.webdo.tn\\\/fr\\\/#organization\",\"name\":\"Webdo\",\"alternateName\":\"Webdo.tn\",\"url\":\"https:\\\/\\\/www.webdo.tn\\\/fr\\\/\",\"logo\":{\"@type\":\"ImageObject\",\"inLanguage\":\"fr-FR\",\"@id\":\"https:\\\/\\\/www.webdo.tn\\\/fr\\\/#\\\/schema\\\/logo\\\/image\\\/\",\"url\":\"https:\\\/\\\/www.webdo.tn\\\/fr\\\/wp-content\\\/uploads\\\/2025\\\/06\\\/Webdo-Tunisie_168377.jpg\",\"contentUrl\":\"https:\\\/\\\/www.webdo.tn\\\/fr\\\/wp-content\\\/uploads\\\/2025\\\/06\\\/Webdo-Tunisie_168377.jpg\",\"width\":301,\"height\":301,\"caption\":\"Webdo\"},\"image\":{\"@id\":\"https:\\\/\\\/www.webdo.tn\\\/fr\\\/#\\\/schema\\\/logo\\\/image\\\/\"},\"sameAs\":[\"https:\\\/\\\/www.facebook.com\\\/webdotn\",\"https:\\\/\\\/x.com\\\/webdo_tn\"],\"description\":\"Webdo est un m\u00e9dia num\u00e9rique tunisien fond\u00e9 en 2010, sp\u00e9cialis\u00e9 dans l\u2019actualit\u00e9 nationale et internationale, l\u2019\u00e9conomie, la soci\u00e9t\u00e9 et les analyses politiques. Le site s\u2019adresse \u00e0 un large public francophone et couvre l\u2019information tunisienne en temps r\u00e9el.\",\"email\":\"redac@webdo.tn\",\"legalName\":\"YNJ SARL\",\"foundingDate\":\"2010-09-06\",\"numberOfEmployees\":{\"@type\":\"QuantitativeValue\",\"minValue\":\"11\",\"maxValue\":\"50\"}},{\"@type\":\"Person\",\"@id\":\"https:\\\/\\\/www.webdo.tn\\\/fr\\\/#\\\/schema\\\/person\\\/f35b42a42c5e2511bbd282959d6385cc\",\"name\":\"CL\",\"image\":{\"@type\":\"ImageObject\",\"inLanguage\":\"fr-FR\",\"@id\":\"https:\\\/\\\/secure.gravatar.com\\\/avatar\\\/1447a49909b67aa657c488aec6512e1dd6143a480c1ecfee9b5b5cd74eb3b59e?s=96&d=mm&r=g\",\"url\":\"https:\\\/\\\/secure.gravatar.com\\\/avatar\\\/1447a49909b67aa657c488aec6512e1dd6143a480c1ecfee9b5b5cd74eb3b59e?s=96&d=mm&r=g\",\"contentUrl\":\"https:\\\/\\\/secure.gravatar.com\\\/avatar\\\/1447a49909b67aa657c488aec6512e1dd6143a480c1ecfee9b5b5cd74eb3b59e?s=96&d=mm&r=g\",\"caption\":\"CL\"},\"url\":\"https:\\\/\\\/www.webdo.tn\\\/fr\\\/actualite\\\/author\\\/cl\\\/\"}]}<\/script>\n<!-- \/ Yoast SEO Premium plugin. -->","yoast_head_json":{"title":"La Tunisie est-elle \u00e0 l\u2019abri des temp\u00eates ?","description":"Apr\u00e8s la temp\u00eate Daniel qui vient de frapper de plein fouet la Libye pays voisin, faisant des centaines de morts, des disparus et des d\u00e9g\u00e2ts mat\u00e9riels \u00e9normes,...","canonical":"https:\/\/www.webdo.tn\/fr\/actualite\/national\/la-tunisie-est-elle-a-l-abri-des-tempetes\/208570\/","og_locale":"fr_FR","og_type":"article","og_title":"La Tunisie est-elle \u00e0 l\u2019abri des temp\u00eates ?","og_description":"Apr\u00e8s la temp\u00eate Daniel qui vient de frapper de plein fouet la Libye pays voisin, faisant des centaines de morts, des disparus et des d\u00e9g\u00e2ts mat\u00e9riels \u00e9normes,...","og_url":"https:\/\/www.webdo.tn\/fr\/actualite\/national\/la-tunisie-est-elle-a-l-abri-des-tempetes\/208570\/","og_site_name":"webdo","article_publisher":"https:\/\/www.facebook.com\/webdotn","article_published_time":"2023-09-11T19:18:00+00:00","article_modified_time":"2025-05-20T22:41:16+00:00","og_image":[{"width":710,"height":379,"url":"https:\/\/www.webdo.tn\/fr\/wp-content\/uploads\/2023\/09\/c59c5e0613862c3362b29c406c175fea.jpg","type":"image\/jpeg"}],"author":"CL","twitter_card":"summary_large_image","twitter_creator":"@webdo_tn","twitter_site":"@webdo_tn","twitter_misc":{"\u00c9crit par":"CL","Dur\u00e9e de lecture estim\u00e9e":"2 minutes"},"schema":{"@context":"https:\/\/schema.org","@graph":[{"@type":"NewsArticle","@id":"https:\/\/www.webdo.tn\/fr\/actualite\/national\/la-tunisie-est-elle-a-l-abri-des-tempetes\/208570\/#article","isPartOf":{"@id":"https:\/\/www.webdo.tn\/fr\/actualite\/national\/la-tunisie-est-elle-a-l-abri-des-tempetes\/208570\/"},"author":{"name":"CL","@id":"https:\/\/www.webdo.tn\/fr\/#\/schema\/person\/f35b42a42c5e2511bbd282959d6385cc"},"headline":"La Tunisie est-elle \u00e0 l\u2019abri des temp\u00eates ?","datePublished":"2023-09-11T19:18:00+00:00","dateModified":"2025-05-20T22:41:16+00:00","mainEntityOfPage":{"@id":"https:\/\/www.webdo.tn\/fr\/actualite\/national\/la-tunisie-est-elle-a-l-abri-des-tempetes\/208570\/"},"wordCount":323,"commentCount":0,"publisher":{"@id":"https:\/\/www.webdo.tn\/fr\/#organization"},"image":{"@id":"https:\/\/www.webdo.tn\/fr\/actualite\/national\/la-tunisie-est-elle-a-l-abri-des-tempetes\/208570\/#primaryimage"},"thumbnailUrl":"https:\/\/www.webdo.tn\/fr\/wp-content\/uploads\/2023\/09\/c59c5e0613862c3362b29c406c175fea.jpg","keywords":["Temp\u00eates","Tunisie"],"articleSection":["National"],"inLanguage":"fr-FR"},{"@type":"WebPage","@id":"https:\/\/www.webdo.tn\/fr\/actualite\/national\/la-tunisie-est-elle-a-l-abri-des-tempetes\/208570\/","url":"https:\/\/www.webdo.tn\/fr\/actualite\/national\/la-tunisie-est-elle-a-l-abri-des-tempetes\/208570\/","name":"La Tunisie est-elle \u00e0 l\u2019abri des temp\u00eates ?","isPartOf":{"@id":"https:\/\/www.webdo.tn\/fr\/#website"},"primaryImageOfPage":{"@id":"https:\/\/www.webdo.tn\/fr\/actualite\/national\/la-tunisie-est-elle-a-l-abri-des-tempetes\/208570\/#primaryimage"},"image":{"@id":"https:\/\/www.webdo.tn\/fr\/actualite\/national\/la-tunisie-est-elle-a-l-abri-des-tempetes\/208570\/#primaryimage"},"thumbnailUrl":"https:\/\/www.webdo.tn\/fr\/wp-content\/uploads\/2023\/09\/c59c5e0613862c3362b29c406c175fea.jpg","datePublished":"2023-09-11T19:18:00+00:00","dateModified":"2025-05-20T22:41:16+00:00","description":"Apr\u00e8s la temp\u00eate Daniel qui vient de frapper de plein fouet la Libye pays voisin, faisant des centaines de morts, des disparus et des d\u00e9g\u00e2ts mat\u00e9riels \u00e9normes,...","breadcrumb":{"@id":"https:\/\/www.webdo.tn\/fr\/actualite\/national\/la-tunisie-est-elle-a-l-abri-des-tempetes\/208570\/#breadcrumb"},"inLanguage":"fr-FR","potentialAction":[{"@type":"ReadAction","target":["https:\/\/www.webdo.tn\/fr\/actualite\/national\/la-tunisie-est-elle-a-l-abri-des-tempetes\/208570\/"]}]},{"@type":"ImageObject","inLanguage":"fr-FR","@id":"https:\/\/www.webdo.tn\/fr\/actualite\/national\/la-tunisie-est-elle-a-l-abri-des-tempetes\/208570\/#primaryimage","url":"https:\/\/www.webdo.tn\/fr\/wp-content\/uploads\/2023\/09\/c59c5e0613862c3362b29c406c175fea.jpg","contentUrl":"https:\/\/www.webdo.tn\/fr\/wp-content\/uploads\/2023\/09\/c59c5e0613862c3362b29c406c175fea.jpg","width":710,"height":379,"caption":"La Tunisie est-elle \u00e0 l\u2019abri des temp\u00eates ?"},{"@type":"BreadcrumbList","@id":"https:\/\/www.webdo.tn\/fr\/actualite\/national\/la-tunisie-est-elle-a-l-abri-des-tempetes\/208570\/#breadcrumb","itemListElement":[{"@type":"ListItem","position":1,"name":"Accueil","item":"https:\/\/www.webdo.tn\/fr\/"},{"@type":"ListItem","position":2,"name":"La Tunisie est-elle \u00e0 l\u2019abri des temp\u00eates ?"}]},{"@type":"WebSite","@id":"https:\/\/www.webdo.tn\/fr\/#website","url":"https:\/\/www.webdo.tn\/fr\/","name":"webdo","description":"Tunisie - News en Tunisie et \u00e0 l&#039;international sur Webdo.tn","publisher":{"@id":"https:\/\/www.webdo.tn\/fr\/#organization"},"potentialAction":[{"@type":"SearchAction","target":{"@type":"EntryPoint","urlTemplate":"https:\/\/www.webdo.tn\/fr\/?s={search_term_string}"},"query-input":{"@type":"PropertyValueSpecification","valueRequired":true,"valueName":"search_term_string"}}],"inLanguage":"fr-FR"},{"@type":"Organization","@id":"https:\/\/www.webdo.tn\/fr\/#organization","name":"Webdo","alternateName":"Webdo.tn","url":"https:\/\/www.webdo.tn\/fr\/","logo":{"@type":"ImageObject","inLanguage":"fr-FR","@id":"https:\/\/www.webdo.tn\/fr\/#\/schema\/logo\/image\/","url":"https:\/\/www.webdo.tn\/fr\/wp-content\/uploads\/2025\/06\/Webdo-Tunisie_168377.jpg","contentUrl":"https:\/\/www.webdo.tn\/fr\/wp-content\/uploads\/2025\/06\/Webdo-Tunisie_168377.jpg","width":301,"height":301,"caption":"Webdo"},"image":{"@id":"https:\/\/www.webdo.tn\/fr\/#\/schema\/logo\/image\/"},"sameAs":["https:\/\/www.facebook.com\/webdotn","https:\/\/x.com\/webdo_tn"],"description":"Webdo est un m\u00e9dia num\u00e9rique tunisien fond\u00e9 en 2010, sp\u00e9cialis\u00e9 dans l\u2019actualit\u00e9 nationale et internationale, l\u2019\u00e9conomie, la soci\u00e9t\u00e9 et les analyses politiques. Le site s\u2019adresse \u00e0 un large public francophone et couvre l\u2019information tunisienne en temps r\u00e9el.","email":"redac@webdo.tn","legalName":"YNJ SARL","foundingDate":"2010-09-06","numberOfEmployees":{"@type":"QuantitativeValue","minValue":"11","maxValue":"50"}},{"@type":"Person","@id":"https:\/\/www.webdo.tn\/fr\/#\/schema\/person\/f35b42a42c5e2511bbd282959d6385cc","name":"CL","image":{"@type":"ImageObject","inLanguage":"fr-FR","@id":"https:\/\/secure.gravatar.com\/avatar\/1447a49909b67aa657c488aec6512e1dd6143a480c1ecfee9b5b5cd74eb3b59e?s=96&d=mm&r=g","url":"https:\/\/secure.gravatar.com\/avatar\/1447a49909b67aa657c488aec6512e1dd6143a480c1ecfee9b5b5cd74eb3b59e?s=96&d=mm&r=g","contentUrl":"https:\/\/secure.gravatar.com\/avatar\/1447a49909b67aa657c488aec6512e1dd6143a480c1ecfee9b5b5cd74eb3b59e?s=96&d=mm&r=g","caption":"CL"},"url":"https:\/\/www.webdo.tn\/fr\/actualite\/author\/cl\/"}]}},"_links":{"self":[{"href":"https:\/\/www.webdo.tn\/fr\/wp-json\/wp\/v2\/posts\/208570","targetHints":{"allow":["GET"]}}],"collection":[{"href":"https:\/\/www.webdo.tn\/fr\/wp-json\/wp\/v2\/posts"}],"about":[{"href":"https:\/\/www.webdo.tn\/fr\/wp-json\/wp\/v2\/types\/post"}],"author":[{"embeddable":true,"href":"https:\/\/www.webdo.tn\/fr\/wp-json\/wp\/v2\/users\/3175"}],"replies":[{"embeddable":true,"href":"https:\/\/www.webdo.tn\/fr\/wp-json\/wp\/v2\/comments?post=208570"}],"version-history":[{"count":0,"href":"https:\/\/www.webdo.tn\/fr\/wp-json\/wp\/v2\/posts\/208570\/revisions"}],"wp:featuredmedia":[{"embeddable":true,"href":"https:\/\/www.webdo.tn\/fr\/wp-json\/wp\/v2\/media\/249352"}],"wp:attachment":[{"href":"https:\/\/www.webdo.tn\/fr\/wp-json\/wp\/v2\/media?parent=208570"}],"wp:term":[{"taxonomy":"category","embeddable":true,"href":"https:\/\/www.webdo.tn\/fr\/wp-json\/wp\/v2\/categories?post=208570"},{"taxonomy":"post_tag","embeddable":true,"href":"https:\/\/www.webdo.tn\/fr\/wp-json\/wp\/v2\/tags?post=208570"}],"curies":[{"name":"wp","href":"https:\/\/api.w.org\/{rel}","templated":true}]}}