{"id":208557,"date":"2023-09-11T09:58:00","date_gmt":"2023-09-11T09:58:00","guid":{"rendered":"https:\/\/www.webdo.tn\/fr\/blog\/la-ltdh-condamne-la-persistance-des-restrictions-aux-libertes\/208557\/"},"modified":"2025-05-20T21:57:30","modified_gmt":"2025-05-20T21:57:30","slug":"la-ltdh-condamne-la-persistance-des-restrictions-aux-libertes","status":"publish","type":"post","link":"https:\/\/www.webdo.tn\/fr\/actualite\/national\/la-ltdh-condamne-la-persistance-des-restrictions-aux-libertes\/208557\/","title":{"rendered":"La LTDH condamne \u00ab\u00a0la persistance des restrictions aux libert\u00e9s\u00a0\u00bb"},"content":{"rendered":"<p>La Ligue tunisienne pour la d\u00e9fense des droits de l&rsquo;Homme (LTDH) a condamn\u00e9, dans un communiqu\u00e9 publi\u00e9 dimanche 10 septembre 2023, \u00ab\u00a0la persistance des restrictions aux libert\u00e9s, les violations des droits de l&rsquo;homme et les campagnes d\u2019intimidation men\u00e9es par les autorit\u00e9s contre les opposants\u00a0\u00bb.<\/p>\n<p>\t\t\t\t\t\t\t\t\tA l\u2019issue de sa r\u00e9union tenue les 9 et 10 septembre 2023, la LTDH a publi\u00e9 un communiqu\u00e9 condamnant notamment \u00ab\u00a0les poursuites contre les militants politiques et civils et l&rsquo;arrestation de citoyens pour avoir exerc\u00e9 leurs droits \u00e0 la libert\u00e9 d\u2019expression et \u00e0 l&rsquo;organisation\u00a0\u00bb.<\/p>\n<p>Elle condamne aussi \u00ab\u00a0les restrictions persistantes \u00e0 la libert\u00e9 d\u2019expression et de la presse, ainsi que la mainmise du pouvoir sur les m\u00e9dias publics\u00a0\u00bb. A ce titre, la LTDH r\u00e9it\u00e8re son appel \u00ab\u00a0\u00e0 annuler le d\u00e9cret n\u00b054 et \u00e0 lib\u00e9rer les m\u00e9dias publics de l&#8217;emprise de l&rsquo;ex\u00e9cutif \u00ab\u00a0.<\/p>\n<p>Elle condamne fermement \u00ab\u00a0l&rsquo;asservissement du pouvoir judiciaire au pouvoir politique, appelant \u00e0 renoncer aux mesures affectent l&rsquo;ind\u00e9pendance r\u00e9elle du pouvoir judiciaire\u00a0\u00bb.<\/p>\n<p>Elle souligne, par ailleurs, \u00ab\u00a0son opposition \u00e0 la d\u00e9viation du processus politique vers l\u2019instauration d\u2019un r\u00e9gime individuel dans lequel le pouvoir ex\u00e9cutif domine le reste des autorit\u00e9s et des instances ind\u00e9pendantes et de r\u00e9gulation\u00a0\u00bb, appelant au passage \u00ab\u00a0toutes les forces d\u00e9mocratiques et des droits de l&rsquo;Homme \u00e0 se rassembler autour d&rsquo;un programme d&rsquo;action commun pour faire face aux d\u00e9fis actuels\u00a0\u00bb.<\/p>\n<p>La ligue d\u00e9nonce, en outre, \u00ab\u00a0les violations commises contre les d\u00e9tenus politiques exigeant leur lib\u00e9ration et l&rsquo;arr\u00eat des poursuites \u00e0 leur encontre (\u2026)\u00a0\u00bb.<\/p>\n","protected":false},"excerpt":{"rendered":"<p>La Ligue tunisienne pour la d\u00e9fense des droits de l&rsquo;Homme (LTDH) a condamn\u00e9  la persistance des restrictions aux libert\u00e9s, les violations des droits de l&rsquo;homme&#8230;<\/p>\n","protected":false},"author":3162,"featured_media":249345,"comment_status":"open","ping_status":"closed","sticky":false,"template":"","format":"standard","meta":{"footnotes":""},"categories":[44],"tags":[7948,7947,2608],"class_list":["post-208557","post","type-post","status-publish","format-standard","has-post-thumbnail","hentry","category-national","tag-droist-de-lhomme","tag-ltdh","tag-tunisie"],"yoast_head":"<!-- This site is optimized with the Yoast SEO Premium plugin v27.4 (Yoast SEO v27.5) - https:\/\/yoast.com\/product\/yoast-seo-premium-wordpress\/ -->\n<title>La LTDH condamne la persistance des restrictions aux libert\u00e9s<\/title>\n<meta name=\"description\" content=\"La Ligue tunisienne pour la d\u00e9fense des droits de l&#039;Homme (LTDH) a condamn\u00e9 la persistance des restrictions aux libert\u00e9s, les violations des droits de l&#039;homme...\" \/>\n<link rel=\"canonical\" href=\"https:\/\/www.webdo.tn\/fr\/actualite\/national\/la-ltdh-condamne-la-persistance-des-restrictions-aux-libertes\/208557\/\" \/>\n<meta property=\"og:locale\" content=\"fr_FR\" \/>\n<meta property=\"og:type\" content=\"article\" \/>\n<meta property=\"og:title\" content=\"La LTDH condamne &quot;la persistance des restrictions aux libert\u00e9s&quot;\" \/>\n<meta property=\"og:description\" content=\"La Ligue tunisienne pour la d\u00e9fense des droits de l&#039;Homme (LTDH) a condamn\u00e9 la persistance des restrictions aux libert\u00e9s, les violations des droits de l&#039;homme...\" \/>\n<meta property=\"og:url\" content=\"https:\/\/www.webdo.tn\/fr\/actualite\/national\/la-ltdh-condamne-la-persistance-des-restrictions-aux-libertes\/208557\/\" \/>\n<meta property=\"og:site_name\" content=\"webdo\" \/>\n<meta property=\"article:publisher\" content=\"https:\/\/www.facebook.com\/webdotn\" \/>\n<meta property=\"article:published_time\" content=\"2023-09-11T09:58:00+00:00\" \/>\n<meta property=\"article:modified_time\" content=\"2025-05-20T21:57:30+00:00\" \/>\n<meta property=\"og:image\" content=\"https:\/\/www.webdo.tn\/fr\/wp-content\/uploads\/2023\/09\/d9bd2f411b15606a3741f9b3f0fa37e3.jpg\" \/>\n\t<meta property=\"og:image:width\" content=\"750\" \/>\n\t<meta property=\"og:image:height\" content=\"400\" \/>\n\t<meta property=\"og:image:type\" content=\"image\/jpeg\" \/>\n<meta name=\"author\" content=\"MC\" \/>\n<meta name=\"twitter:card\" content=\"summary_large_image\" \/>\n<meta name=\"twitter:creator\" content=\"@webdo_tn\" \/>\n<meta name=\"twitter:site\" content=\"@webdo_tn\" \/>\n<meta name=\"twitter:label1\" content=\"\u00c9crit par\" \/>\n\t<meta name=\"twitter:data1\" content=\"MC\" \/>\n\t<meta name=\"twitter:label2\" content=\"Dur\u00e9e de lecture estim\u00e9e\" \/>\n\t<meta name=\"twitter:data2\" content=\"1 minute\" \/>\n<script type=\"application\/ld+json\" class=\"yoast-schema-graph\">{\"@context\":\"https:\\\/\\\/schema.org\",\"@graph\":[{\"@type\":\"NewsArticle\",\"@id\":\"https:\\\/\\\/www.webdo.tn\\\/fr\\\/actualite\\\/national\\\/la-ltdh-condamne-la-persistance-des-restrictions-aux-libertes\\\/208557\\\/#article\",\"isPartOf\":{\"@id\":\"https:\\\/\\\/www.webdo.tn\\\/fr\\\/actualite\\\/national\\\/la-ltdh-condamne-la-persistance-des-restrictions-aux-libertes\\\/208557\\\/\"},\"author\":{\"name\":\"MC\",\"@id\":\"https:\\\/\\\/www.webdo.tn\\\/fr\\\/#\\\/schema\\\/person\\\/2c4929cbf5a809e3bd38617c6ce150f6\"},\"headline\":\"La LTDH condamne \u00ab\u00a0la persistance des restrictions aux libert\u00e9s\u00a0\u00bb\",\"datePublished\":\"2023-09-11T09:58:00+00:00\",\"dateModified\":\"2025-05-20T21:57:30+00:00\",\"mainEntityOfPage\":{\"@id\":\"https:\\\/\\\/www.webdo.tn\\\/fr\\\/actualite\\\/national\\\/la-ltdh-condamne-la-persistance-des-restrictions-aux-libertes\\\/208557\\\/\"},\"wordCount\":278,\"commentCount\":0,\"publisher\":{\"@id\":\"https:\\\/\\\/www.webdo.tn\\\/fr\\\/#organization\"},\"image\":{\"@id\":\"https:\\\/\\\/www.webdo.tn\\\/fr\\\/actualite\\\/national\\\/la-ltdh-condamne-la-persistance-des-restrictions-aux-libertes\\\/208557\\\/#primaryimage\"},\"thumbnailUrl\":\"https:\\\/\\\/www.webdo.tn\\\/fr\\\/wp-content\\\/uploads\\\/2023\\\/09\\\/d9bd2f411b15606a3741f9b3f0fa37e3.jpg\",\"keywords\":[\"droist de l'homme\",\"LTDH\",\"Tunisie\"],\"articleSection\":[\"National\"],\"inLanguage\":\"fr-FR\"},{\"@type\":\"WebPage\",\"@id\":\"https:\\\/\\\/www.webdo.tn\\\/fr\\\/actualite\\\/national\\\/la-ltdh-condamne-la-persistance-des-restrictions-aux-libertes\\\/208557\\\/\",\"url\":\"https:\\\/\\\/www.webdo.tn\\\/fr\\\/actualite\\\/national\\\/la-ltdh-condamne-la-persistance-des-restrictions-aux-libertes\\\/208557\\\/\",\"name\":\"La LTDH condamne la persistance des restrictions aux libert\u00e9s\",\"isPartOf\":{\"@id\":\"https:\\\/\\\/www.webdo.tn\\\/fr\\\/#website\"},\"primaryImageOfPage\":{\"@id\":\"https:\\\/\\\/www.webdo.tn\\\/fr\\\/actualite\\\/national\\\/la-ltdh-condamne-la-persistance-des-restrictions-aux-libertes\\\/208557\\\/#primaryimage\"},\"image\":{\"@id\":\"https:\\\/\\\/www.webdo.tn\\\/fr\\\/actualite\\\/national\\\/la-ltdh-condamne-la-persistance-des-restrictions-aux-libertes\\\/208557\\\/#primaryimage\"},\"thumbnailUrl\":\"https:\\\/\\\/www.webdo.tn\\\/fr\\\/wp-content\\\/uploads\\\/2023\\\/09\\\/d9bd2f411b15606a3741f9b3f0fa37e3.jpg\",\"datePublished\":\"2023-09-11T09:58:00+00:00\",\"dateModified\":\"2025-05-20T21:57:30+00:00\",\"description\":\"La Ligue tunisienne pour la d\u00e9fense des droits de l'Homme (LTDH) a condamn\u00e9 la persistance des restrictions aux libert\u00e9s, les violations des droits de l'homme...\",\"breadcrumb\":{\"@id\":\"https:\\\/\\\/www.webdo.tn\\\/fr\\\/actualite\\\/national\\\/la-ltdh-condamne-la-persistance-des-restrictions-aux-libertes\\\/208557\\\/#breadcrumb\"},\"inLanguage\":\"fr-FR\",\"potentialAction\":[{\"@type\":\"ReadAction\",\"target\":[\"https:\\\/\\\/www.webdo.tn\\\/fr\\\/actualite\\\/national\\\/la-ltdh-condamne-la-persistance-des-restrictions-aux-libertes\\\/208557\\\/\"]}]},{\"@type\":\"ImageObject\",\"inLanguage\":\"fr-FR\",\"@id\":\"https:\\\/\\\/www.webdo.tn\\\/fr\\\/actualite\\\/national\\\/la-ltdh-condamne-la-persistance-des-restrictions-aux-libertes\\\/208557\\\/#primaryimage\",\"url\":\"https:\\\/\\\/www.webdo.tn\\\/fr\\\/wp-content\\\/uploads\\\/2023\\\/09\\\/d9bd2f411b15606a3741f9b3f0fa37e3.jpg\",\"contentUrl\":\"https:\\\/\\\/www.webdo.tn\\\/fr\\\/wp-content\\\/uploads\\\/2023\\\/09\\\/d9bd2f411b15606a3741f9b3f0fa37e3.jpg\",\"width\":750,\"height\":400,\"caption\":\"La LTDH condamne \\\"la persistance des restrictions aux libert\u00e9s\\\"\"},{\"@type\":\"BreadcrumbList\",\"@id\":\"https:\\\/\\\/www.webdo.tn\\\/fr\\\/actualite\\\/national\\\/la-ltdh-condamne-la-persistance-des-restrictions-aux-libertes\\\/208557\\\/#breadcrumb\",\"itemListElement\":[{\"@type\":\"ListItem\",\"position\":1,\"name\":\"Accueil\",\"item\":\"https:\\\/\\\/www.webdo.tn\\\/fr\\\/\"},{\"@type\":\"ListItem\",\"position\":2,\"name\":\"La LTDH condamne &#8220;la persistance des restrictions aux libert\u00e9s&#8221;\"}]},{\"@type\":\"WebSite\",\"@id\":\"https:\\\/\\\/www.webdo.tn\\\/fr\\\/#website\",\"url\":\"https:\\\/\\\/www.webdo.tn\\\/fr\\\/\",\"name\":\"webdo\",\"description\":\"Tunisie - News en Tunisie et \u00e0 l&#039;international sur Webdo.tn\",\"publisher\":{\"@id\":\"https:\\\/\\\/www.webdo.tn\\\/fr\\\/#organization\"},\"potentialAction\":[{\"@type\":\"SearchAction\",\"target\":{\"@type\":\"EntryPoint\",\"urlTemplate\":\"https:\\\/\\\/www.webdo.tn\\\/fr\\\/?s={search_term_string}\"},\"query-input\":{\"@type\":\"PropertyValueSpecification\",\"valueRequired\":true,\"valueName\":\"search_term_string\"}}],\"inLanguage\":\"fr-FR\"},{\"@type\":\"Organization\",\"@id\":\"https:\\\/\\\/www.webdo.tn\\\/fr\\\/#organization\",\"name\":\"Webdo\",\"alternateName\":\"Webdo.tn\",\"url\":\"https:\\\/\\\/www.webdo.tn\\\/fr\\\/\",\"logo\":{\"@type\":\"ImageObject\",\"inLanguage\":\"fr-FR\",\"@id\":\"https:\\\/\\\/www.webdo.tn\\\/fr\\\/#\\\/schema\\\/logo\\\/image\\\/\",\"url\":\"https:\\\/\\\/www.webdo.tn\\\/fr\\\/wp-content\\\/uploads\\\/2025\\\/06\\\/Webdo-Tunisie_168377.jpg\",\"contentUrl\":\"https:\\\/\\\/www.webdo.tn\\\/fr\\\/wp-content\\\/uploads\\\/2025\\\/06\\\/Webdo-Tunisie_168377.jpg\",\"width\":301,\"height\":301,\"caption\":\"Webdo\"},\"image\":{\"@id\":\"https:\\\/\\\/www.webdo.tn\\\/fr\\\/#\\\/schema\\\/logo\\\/image\\\/\"},\"sameAs\":[\"https:\\\/\\\/www.facebook.com\\\/webdotn\",\"https:\\\/\\\/x.com\\\/webdo_tn\"],\"description\":\"Webdo est un m\u00e9dia num\u00e9rique tunisien fond\u00e9 en 2010, sp\u00e9cialis\u00e9 dans l\u2019actualit\u00e9 nationale et internationale, l\u2019\u00e9conomie, la soci\u00e9t\u00e9 et les analyses politiques. Le site s\u2019adresse \u00e0 un large public francophone et couvre l\u2019information tunisienne en temps r\u00e9el.\",\"email\":\"redac@webdo.tn\",\"legalName\":\"YNJ SARL\",\"foundingDate\":\"2010-09-06\",\"numberOfEmployees\":{\"@type\":\"QuantitativeValue\",\"minValue\":\"11\",\"maxValue\":\"50\"}},{\"@type\":\"Person\",\"@id\":\"https:\\\/\\\/www.webdo.tn\\\/fr\\\/#\\\/schema\\\/person\\\/2c4929cbf5a809e3bd38617c6ce150f6\",\"name\":\"MC\",\"image\":{\"@type\":\"ImageObject\",\"inLanguage\":\"fr-FR\",\"@id\":\"https:\\\/\\\/secure.gravatar.com\\\/avatar\\\/a545bbb6f84efdd5553dbbc2895e3ca8f1d12c5215e00a041c9670b54aa9b18a?s=96&d=mm&r=g\",\"url\":\"https:\\\/\\\/secure.gravatar.com\\\/avatar\\\/a545bbb6f84efdd5553dbbc2895e3ca8f1d12c5215e00a041c9670b54aa9b18a?s=96&d=mm&r=g\",\"contentUrl\":\"https:\\\/\\\/secure.gravatar.com\\\/avatar\\\/a545bbb6f84efdd5553dbbc2895e3ca8f1d12c5215e00a041c9670b54aa9b18a?s=96&d=mm&r=g\",\"caption\":\"MC\"},\"url\":\"https:\\\/\\\/www.webdo.tn\\\/fr\\\/actualite\\\/author\\\/mc\\\/\"}]}<\/script>\n<!-- \/ Yoast SEO Premium plugin. -->","yoast_head_json":{"title":"La LTDH condamne la persistance des restrictions aux libert\u00e9s","description":"La Ligue tunisienne pour la d\u00e9fense des droits de l'Homme (LTDH) a condamn\u00e9 la persistance des restrictions aux libert\u00e9s, les violations des droits de l'homme...","canonical":"https:\/\/www.webdo.tn\/fr\/actualite\/national\/la-ltdh-condamne-la-persistance-des-restrictions-aux-libertes\/208557\/","og_locale":"fr_FR","og_type":"article","og_title":"La LTDH condamne \"la persistance des restrictions aux libert\u00e9s\"","og_description":"La Ligue tunisienne pour la d\u00e9fense des droits de l'Homme (LTDH) a condamn\u00e9 la persistance des restrictions aux libert\u00e9s, les violations des droits de l'homme...","og_url":"https:\/\/www.webdo.tn\/fr\/actualite\/national\/la-ltdh-condamne-la-persistance-des-restrictions-aux-libertes\/208557\/","og_site_name":"webdo","article_publisher":"https:\/\/www.facebook.com\/webdotn","article_published_time":"2023-09-11T09:58:00+00:00","article_modified_time":"2025-05-20T21:57:30+00:00","og_image":[{"width":750,"height":400,"url":"https:\/\/www.webdo.tn\/fr\/wp-content\/uploads\/2023\/09\/d9bd2f411b15606a3741f9b3f0fa37e3.jpg","type":"image\/jpeg"}],"author":"MC","twitter_card":"summary_large_image","twitter_creator":"@webdo_tn","twitter_site":"@webdo_tn","twitter_misc":{"\u00c9crit par":"MC","Dur\u00e9e de lecture estim\u00e9e":"1 minute"},"schema":{"@context":"https:\/\/schema.org","@graph":[{"@type":"NewsArticle","@id":"https:\/\/www.webdo.tn\/fr\/actualite\/national\/la-ltdh-condamne-la-persistance-des-restrictions-aux-libertes\/208557\/#article","isPartOf":{"@id":"https:\/\/www.webdo.tn\/fr\/actualite\/national\/la-ltdh-condamne-la-persistance-des-restrictions-aux-libertes\/208557\/"},"author":{"name":"MC","@id":"https:\/\/www.webdo.tn\/fr\/#\/schema\/person\/2c4929cbf5a809e3bd38617c6ce150f6"},"headline":"La LTDH condamne \u00ab\u00a0la persistance des restrictions aux libert\u00e9s\u00a0\u00bb","datePublished":"2023-09-11T09:58:00+00:00","dateModified":"2025-05-20T21:57:30+00:00","mainEntityOfPage":{"@id":"https:\/\/www.webdo.tn\/fr\/actualite\/national\/la-ltdh-condamne-la-persistance-des-restrictions-aux-libertes\/208557\/"},"wordCount":278,"commentCount":0,"publisher":{"@id":"https:\/\/www.webdo.tn\/fr\/#organization"},"image":{"@id":"https:\/\/www.webdo.tn\/fr\/actualite\/national\/la-ltdh-condamne-la-persistance-des-restrictions-aux-libertes\/208557\/#primaryimage"},"thumbnailUrl":"https:\/\/www.webdo.tn\/fr\/wp-content\/uploads\/2023\/09\/d9bd2f411b15606a3741f9b3f0fa37e3.jpg","keywords":["droist de l'homme","LTDH","Tunisie"],"articleSection":["National"],"inLanguage":"fr-FR"},{"@type":"WebPage","@id":"https:\/\/www.webdo.tn\/fr\/actualite\/national\/la-ltdh-condamne-la-persistance-des-restrictions-aux-libertes\/208557\/","url":"https:\/\/www.webdo.tn\/fr\/actualite\/national\/la-ltdh-condamne-la-persistance-des-restrictions-aux-libertes\/208557\/","name":"La LTDH condamne la persistance des restrictions aux libert\u00e9s","isPartOf":{"@id":"https:\/\/www.webdo.tn\/fr\/#website"},"primaryImageOfPage":{"@id":"https:\/\/www.webdo.tn\/fr\/actualite\/national\/la-ltdh-condamne-la-persistance-des-restrictions-aux-libertes\/208557\/#primaryimage"},"image":{"@id":"https:\/\/www.webdo.tn\/fr\/actualite\/national\/la-ltdh-condamne-la-persistance-des-restrictions-aux-libertes\/208557\/#primaryimage"},"thumbnailUrl":"https:\/\/www.webdo.tn\/fr\/wp-content\/uploads\/2023\/09\/d9bd2f411b15606a3741f9b3f0fa37e3.jpg","datePublished":"2023-09-11T09:58:00+00:00","dateModified":"2025-05-20T21:57:30+00:00","description":"La Ligue tunisienne pour la d\u00e9fense des droits de l'Homme (LTDH) a condamn\u00e9 la persistance des restrictions aux libert\u00e9s, les violations des droits de l'homme...","breadcrumb":{"@id":"https:\/\/www.webdo.tn\/fr\/actualite\/national\/la-ltdh-condamne-la-persistance-des-restrictions-aux-libertes\/208557\/#breadcrumb"},"inLanguage":"fr-FR","potentialAction":[{"@type":"ReadAction","target":["https:\/\/www.webdo.tn\/fr\/actualite\/national\/la-ltdh-condamne-la-persistance-des-restrictions-aux-libertes\/208557\/"]}]},{"@type":"ImageObject","inLanguage":"fr-FR","@id":"https:\/\/www.webdo.tn\/fr\/actualite\/national\/la-ltdh-condamne-la-persistance-des-restrictions-aux-libertes\/208557\/#primaryimage","url":"https:\/\/www.webdo.tn\/fr\/wp-content\/uploads\/2023\/09\/d9bd2f411b15606a3741f9b3f0fa37e3.jpg","contentUrl":"https:\/\/www.webdo.tn\/fr\/wp-content\/uploads\/2023\/09\/d9bd2f411b15606a3741f9b3f0fa37e3.jpg","width":750,"height":400,"caption":"La LTDH condamne \"la persistance des restrictions aux libert\u00e9s\""},{"@type":"BreadcrumbList","@id":"https:\/\/www.webdo.tn\/fr\/actualite\/national\/la-ltdh-condamne-la-persistance-des-restrictions-aux-libertes\/208557\/#breadcrumb","itemListElement":[{"@type":"ListItem","position":1,"name":"Accueil","item":"https:\/\/www.webdo.tn\/fr\/"},{"@type":"ListItem","position":2,"name":"La LTDH condamne &#8220;la persistance des restrictions aux libert\u00e9s&#8221;"}]},{"@type":"WebSite","@id":"https:\/\/www.webdo.tn\/fr\/#website","url":"https:\/\/www.webdo.tn\/fr\/","name":"webdo","description":"Tunisie - News en Tunisie et \u00e0 l&#039;international sur Webdo.tn","publisher":{"@id":"https:\/\/www.webdo.tn\/fr\/#organization"},"potentialAction":[{"@type":"SearchAction","target":{"@type":"EntryPoint","urlTemplate":"https:\/\/www.webdo.tn\/fr\/?s={search_term_string}"},"query-input":{"@type":"PropertyValueSpecification","valueRequired":true,"valueName":"search_term_string"}}],"inLanguage":"fr-FR"},{"@type":"Organization","@id":"https:\/\/www.webdo.tn\/fr\/#organization","name":"Webdo","alternateName":"Webdo.tn","url":"https:\/\/www.webdo.tn\/fr\/","logo":{"@type":"ImageObject","inLanguage":"fr-FR","@id":"https:\/\/www.webdo.tn\/fr\/#\/schema\/logo\/image\/","url":"https:\/\/www.webdo.tn\/fr\/wp-content\/uploads\/2025\/06\/Webdo-Tunisie_168377.jpg","contentUrl":"https:\/\/www.webdo.tn\/fr\/wp-content\/uploads\/2025\/06\/Webdo-Tunisie_168377.jpg","width":301,"height":301,"caption":"Webdo"},"image":{"@id":"https:\/\/www.webdo.tn\/fr\/#\/schema\/logo\/image\/"},"sameAs":["https:\/\/www.facebook.com\/webdotn","https:\/\/x.com\/webdo_tn"],"description":"Webdo est un m\u00e9dia num\u00e9rique tunisien fond\u00e9 en 2010, sp\u00e9cialis\u00e9 dans l\u2019actualit\u00e9 nationale et internationale, l\u2019\u00e9conomie, la soci\u00e9t\u00e9 et les analyses politiques. Le site s\u2019adresse \u00e0 un large public francophone et couvre l\u2019information tunisienne en temps r\u00e9el.","email":"redac@webdo.tn","legalName":"YNJ SARL","foundingDate":"2010-09-06","numberOfEmployees":{"@type":"QuantitativeValue","minValue":"11","maxValue":"50"}},{"@type":"Person","@id":"https:\/\/www.webdo.tn\/fr\/#\/schema\/person\/2c4929cbf5a809e3bd38617c6ce150f6","name":"MC","image":{"@type":"ImageObject","inLanguage":"fr-FR","@id":"https:\/\/secure.gravatar.com\/avatar\/a545bbb6f84efdd5553dbbc2895e3ca8f1d12c5215e00a041c9670b54aa9b18a?s=96&d=mm&r=g","url":"https:\/\/secure.gravatar.com\/avatar\/a545bbb6f84efdd5553dbbc2895e3ca8f1d12c5215e00a041c9670b54aa9b18a?s=96&d=mm&r=g","contentUrl":"https:\/\/secure.gravatar.com\/avatar\/a545bbb6f84efdd5553dbbc2895e3ca8f1d12c5215e00a041c9670b54aa9b18a?s=96&d=mm&r=g","caption":"MC"},"url":"https:\/\/www.webdo.tn\/fr\/actualite\/author\/mc\/"}]}},"_links":{"self":[{"href":"https:\/\/www.webdo.tn\/fr\/wp-json\/wp\/v2\/posts\/208557","targetHints":{"allow":["GET"]}}],"collection":[{"href":"https:\/\/www.webdo.tn\/fr\/wp-json\/wp\/v2\/posts"}],"about":[{"href":"https:\/\/www.webdo.tn\/fr\/wp-json\/wp\/v2\/types\/post"}],"author":[{"embeddable":true,"href":"https:\/\/www.webdo.tn\/fr\/wp-json\/wp\/v2\/users\/3162"}],"replies":[{"embeddable":true,"href":"https:\/\/www.webdo.tn\/fr\/wp-json\/wp\/v2\/comments?post=208557"}],"version-history":[{"count":0,"href":"https:\/\/www.webdo.tn\/fr\/wp-json\/wp\/v2\/posts\/208557\/revisions"}],"wp:featuredmedia":[{"embeddable":true,"href":"https:\/\/www.webdo.tn\/fr\/wp-json\/wp\/v2\/media\/249345"}],"wp:attachment":[{"href":"https:\/\/www.webdo.tn\/fr\/wp-json\/wp\/v2\/media?parent=208557"}],"wp:term":[{"taxonomy":"category","embeddable":true,"href":"https:\/\/www.webdo.tn\/fr\/wp-json\/wp\/v2\/categories?post=208557"},{"taxonomy":"post_tag","embeddable":true,"href":"https:\/\/www.webdo.tn\/fr\/wp-json\/wp\/v2\/tags?post=208557"}],"curies":[{"name":"wp","href":"https:\/\/api.w.org\/{rel}","templated":true}]}}