{"id":208555,"date":"2023-09-11T09:39:00","date_gmt":"2023-09-11T09:39:00","guid":{"rendered":"https:\/\/www.webdo.tn\/fr\/blog\/violence-dans-les-stades-les-stadiers-debarquent\/208555\/"},"modified":"2025-05-20T21:57:29","modified_gmt":"2025-05-20T21:57:29","slug":"violence-dans-les-stades-les-stadiers-debarquent","status":"publish","type":"post","link":"https:\/\/www.webdo.tn\/fr\/actualite\/sport\/violence-dans-les-stades-les-stadiers-debarquent\/208555\/","title":{"rendered":"Violence dans les stades : Les stadiers d\u00e9barquent !"},"content":{"rendered":"<p>La F\u00e9d\u00e9ration Tunisienne de Football a organis\u00e9 en collaboration avec le minist\u00e8re de l&rsquo;Int\u00e9rieur une s\u00e9ance de formation pour des stadiers qui auront la charge de s\u00e9curiser les stades et permettre aux supporters d&rsquo;assister aux matches dans les meilleures conditions.<\/p>\n<p>\t\t\t\t\t\t\t\t\tPour cette premi\u00e8re exp\u00e9rience du genre en Tunisie, 65 personnes ont particip\u00e9 \u00e0 une formation qui vise \u00e0 cr\u00e9er ce nouveau corps.<\/p>\n<p>Un plan d&rsquo;action a \u00e9t\u00e9 mis \u00e0 l&rsquo;\u0153uvre \u00e0 l&rsquo;occasion de la rencontre de la 6e et derni\u00e8re journ\u00e9e des \u00e9liminatoires de la CAN 2024, ayant oppos\u00e9 jeudi dernier au stade de Rad\u00e8s, la Tunisie au Botswana.<\/p>\n<p>Le recours aux stadiers lors des matches, servira selon la F\u00e9d\u00e9ration Tunisienne de Football, \u00e0 s\u00e9curiser les stades selon une approche moderne.<\/p>\n<p>\u00ab\u00a0L&rsquo;objectif est celui de g\u00e9n\u00e9raliser l&rsquo;exp\u00e9rience \u00e0 l&rsquo;ensemble des stades cibl\u00e9es par le plan d&rsquo;action en vue de former le plus grand nombre de stadiers\u00a0\u00bb, a soulign\u00e9 la FTF.<\/p>\n","protected":false},"excerpt":{"rendered":"<p>La F\u00e9d\u00e9ration Tunisienne de Football a organis\u00e9 en collaboration avec le minist\u00e8re de l&rsquo;Int\u00e9rieur une s\u00e9ance de formation pour des stadiers qui auront la charge&#8230;<\/p>\n","protected":false},"author":3162,"featured_media":249343,"comment_status":"open","ping_status":"closed","sticky":false,"template":"","format":"standard","meta":{"footnotes":""},"categories":[2593],"tags":[2622,5754,7946,2827],"class_list":["post-208555","post","type-post","status-publish","format-standard","has-post-thumbnail","hentry","category-sport","tag-football","tag-stade","tag-stadier","tag-violence"],"yoast_head":"<!-- This site is optimized with the Yoast SEO Premium plugin v27.4 (Yoast SEO v27.5) - https:\/\/yoast.com\/product\/yoast-seo-premium-wordpress\/ -->\n<title>Violence dans les stades : Les stadiers d\u00e9barquent !<\/title>\n<meta name=\"description\" content=\"La F\u00e9d\u00e9ration Tunisienne de Football a organis\u00e9 en collaboration avec le minist\u00e8re de l&#039;Int\u00e9rieur une s\u00e9ance de formation pour des stadiers qui auront la charge...\" \/>\n<link rel=\"canonical\" href=\"https:\/\/www.webdo.tn\/fr\/actualite\/sport\/violence-dans-les-stades-les-stadiers-debarquent\/208555\/\" \/>\n<meta property=\"og:locale\" content=\"fr_FR\" \/>\n<meta property=\"og:type\" content=\"article\" \/>\n<meta property=\"og:title\" content=\"Violence dans les stades : Les stadiers d\u00e9barquent !\" \/>\n<meta property=\"og:description\" content=\"La F\u00e9d\u00e9ration Tunisienne de Football a organis\u00e9 en collaboration avec le minist\u00e8re de l&#039;Int\u00e9rieur une s\u00e9ance de formation pour des stadiers qui auront la charge...\" \/>\n<meta property=\"og:url\" content=\"https:\/\/www.webdo.tn\/fr\/actualite\/sport\/violence-dans-les-stades-les-stadiers-debarquent\/208555\/\" \/>\n<meta property=\"og:site_name\" content=\"webdo\" \/>\n<meta property=\"article:publisher\" content=\"https:\/\/www.facebook.com\/webdotn\" \/>\n<meta property=\"article:published_time\" content=\"2023-09-11T09:39:00+00:00\" \/>\n<meta property=\"article:modified_time\" content=\"2025-05-20T21:57:29+00:00\" \/>\n<meta property=\"og:image\" content=\"https:\/\/www.webdo.tn\/fr\/wp-content\/uploads\/2023\/09\/a616608cd99b8803612c420df2a949b2.jpg\" \/>\n\t<meta property=\"og:image:width\" content=\"647\" \/>\n\t<meta property=\"og:image:height\" content=\"345\" \/>\n\t<meta property=\"og:image:type\" content=\"image\/jpeg\" \/>\n<meta name=\"author\" content=\"MC\" \/>\n<meta name=\"twitter:card\" content=\"summary_large_image\" \/>\n<meta name=\"twitter:creator\" content=\"@webdo_tn\" \/>\n<meta name=\"twitter:site\" content=\"@webdo_tn\" \/>\n<meta name=\"twitter:label1\" content=\"\u00c9crit par\" \/>\n\t<meta name=\"twitter:data1\" content=\"MC\" \/>\n\t<meta name=\"twitter:label2\" content=\"Dur\u00e9e de lecture estim\u00e9e\" \/>\n\t<meta name=\"twitter:data2\" content=\"1 minute\" \/>\n<script type=\"application\/ld+json\" class=\"yoast-schema-graph\">{\"@context\":\"https:\\\/\\\/schema.org\",\"@graph\":[{\"@type\":\"NewsArticle\",\"@id\":\"https:\\\/\\\/www.webdo.tn\\\/fr\\\/actualite\\\/sport\\\/violence-dans-les-stades-les-stadiers-debarquent\\\/208555\\\/#article\",\"isPartOf\":{\"@id\":\"https:\\\/\\\/www.webdo.tn\\\/fr\\\/actualite\\\/sport\\\/violence-dans-les-stades-les-stadiers-debarquent\\\/208555\\\/\"},\"author\":{\"name\":\"MC\",\"@id\":\"https:\\\/\\\/www.webdo.tn\\\/fr\\\/#\\\/schema\\\/person\\\/2c4929cbf5a809e3bd38617c6ce150f6\"},\"headline\":\"Violence dans les stades : Les stadiers d\u00e9barquent !\",\"datePublished\":\"2023-09-11T09:39:00+00:00\",\"dateModified\":\"2025-05-20T21:57:29+00:00\",\"mainEntityOfPage\":{\"@id\":\"https:\\\/\\\/www.webdo.tn\\\/fr\\\/actualite\\\/sport\\\/violence-dans-les-stades-les-stadiers-debarquent\\\/208555\\\/\"},\"wordCount\":178,\"commentCount\":0,\"publisher\":{\"@id\":\"https:\\\/\\\/www.webdo.tn\\\/fr\\\/#organization\"},\"image\":{\"@id\":\"https:\\\/\\\/www.webdo.tn\\\/fr\\\/actualite\\\/sport\\\/violence-dans-les-stades-les-stadiers-debarquent\\\/208555\\\/#primaryimage\"},\"thumbnailUrl\":\"https:\\\/\\\/www.webdo.tn\\\/fr\\\/wp-content\\\/uploads\\\/2023\\\/09\\\/a616608cd99b8803612c420df2a949b2.jpg\",\"keywords\":[\"football\",\"stade\",\"stadier\",\"violence\"],\"articleSection\":[\"Sport\"],\"inLanguage\":\"fr-FR\"},{\"@type\":\"WebPage\",\"@id\":\"https:\\\/\\\/www.webdo.tn\\\/fr\\\/actualite\\\/sport\\\/violence-dans-les-stades-les-stadiers-debarquent\\\/208555\\\/\",\"url\":\"https:\\\/\\\/www.webdo.tn\\\/fr\\\/actualite\\\/sport\\\/violence-dans-les-stades-les-stadiers-debarquent\\\/208555\\\/\",\"name\":\"Violence dans les stades : Les stadiers d\u00e9barquent !\",\"isPartOf\":{\"@id\":\"https:\\\/\\\/www.webdo.tn\\\/fr\\\/#website\"},\"primaryImageOfPage\":{\"@id\":\"https:\\\/\\\/www.webdo.tn\\\/fr\\\/actualite\\\/sport\\\/violence-dans-les-stades-les-stadiers-debarquent\\\/208555\\\/#primaryimage\"},\"image\":{\"@id\":\"https:\\\/\\\/www.webdo.tn\\\/fr\\\/actualite\\\/sport\\\/violence-dans-les-stades-les-stadiers-debarquent\\\/208555\\\/#primaryimage\"},\"thumbnailUrl\":\"https:\\\/\\\/www.webdo.tn\\\/fr\\\/wp-content\\\/uploads\\\/2023\\\/09\\\/a616608cd99b8803612c420df2a949b2.jpg\",\"datePublished\":\"2023-09-11T09:39:00+00:00\",\"dateModified\":\"2025-05-20T21:57:29+00:00\",\"description\":\"La F\u00e9d\u00e9ration Tunisienne de Football a organis\u00e9 en collaboration avec le minist\u00e8re de l'Int\u00e9rieur une s\u00e9ance de formation pour des stadiers qui auront la charge...\",\"breadcrumb\":{\"@id\":\"https:\\\/\\\/www.webdo.tn\\\/fr\\\/actualite\\\/sport\\\/violence-dans-les-stades-les-stadiers-debarquent\\\/208555\\\/#breadcrumb\"},\"inLanguage\":\"fr-FR\",\"potentialAction\":[{\"@type\":\"ReadAction\",\"target\":[\"https:\\\/\\\/www.webdo.tn\\\/fr\\\/actualite\\\/sport\\\/violence-dans-les-stades-les-stadiers-debarquent\\\/208555\\\/\"]}]},{\"@type\":\"ImageObject\",\"inLanguage\":\"fr-FR\",\"@id\":\"https:\\\/\\\/www.webdo.tn\\\/fr\\\/actualite\\\/sport\\\/violence-dans-les-stades-les-stadiers-debarquent\\\/208555\\\/#primaryimage\",\"url\":\"https:\\\/\\\/www.webdo.tn\\\/fr\\\/wp-content\\\/uploads\\\/2023\\\/09\\\/a616608cd99b8803612c420df2a949b2.jpg\",\"contentUrl\":\"https:\\\/\\\/www.webdo.tn\\\/fr\\\/wp-content\\\/uploads\\\/2023\\\/09\\\/a616608cd99b8803612c420df2a949b2.jpg\",\"width\":647,\"height\":345,\"caption\":\"Violence dans les stades : Les stadiers d\u00e9barquent !\"},{\"@type\":\"BreadcrumbList\",\"@id\":\"https:\\\/\\\/www.webdo.tn\\\/fr\\\/actualite\\\/sport\\\/violence-dans-les-stades-les-stadiers-debarquent\\\/208555\\\/#breadcrumb\",\"itemListElement\":[{\"@type\":\"ListItem\",\"position\":1,\"name\":\"Accueil\",\"item\":\"https:\\\/\\\/www.webdo.tn\\\/fr\\\/\"},{\"@type\":\"ListItem\",\"position\":2,\"name\":\"Violence dans les stades : Les stadiers d\u00e9barquent !\"}]},{\"@type\":\"WebSite\",\"@id\":\"https:\\\/\\\/www.webdo.tn\\\/fr\\\/#website\",\"url\":\"https:\\\/\\\/www.webdo.tn\\\/fr\\\/\",\"name\":\"webdo\",\"description\":\"Tunisie - News en Tunisie et \u00e0 l&#039;international sur Webdo.tn\",\"publisher\":{\"@id\":\"https:\\\/\\\/www.webdo.tn\\\/fr\\\/#organization\"},\"potentialAction\":[{\"@type\":\"SearchAction\",\"target\":{\"@type\":\"EntryPoint\",\"urlTemplate\":\"https:\\\/\\\/www.webdo.tn\\\/fr\\\/?s={search_term_string}\"},\"query-input\":{\"@type\":\"PropertyValueSpecification\",\"valueRequired\":true,\"valueName\":\"search_term_string\"}}],\"inLanguage\":\"fr-FR\"},{\"@type\":\"Organization\",\"@id\":\"https:\\\/\\\/www.webdo.tn\\\/fr\\\/#organization\",\"name\":\"Webdo\",\"alternateName\":\"Webdo.tn\",\"url\":\"https:\\\/\\\/www.webdo.tn\\\/fr\\\/\",\"logo\":{\"@type\":\"ImageObject\",\"inLanguage\":\"fr-FR\",\"@id\":\"https:\\\/\\\/www.webdo.tn\\\/fr\\\/#\\\/schema\\\/logo\\\/image\\\/\",\"url\":\"https:\\\/\\\/www.webdo.tn\\\/fr\\\/wp-content\\\/uploads\\\/2025\\\/06\\\/Webdo-Tunisie_168377.jpg\",\"contentUrl\":\"https:\\\/\\\/www.webdo.tn\\\/fr\\\/wp-content\\\/uploads\\\/2025\\\/06\\\/Webdo-Tunisie_168377.jpg\",\"width\":301,\"height\":301,\"caption\":\"Webdo\"},\"image\":{\"@id\":\"https:\\\/\\\/www.webdo.tn\\\/fr\\\/#\\\/schema\\\/logo\\\/image\\\/\"},\"sameAs\":[\"https:\\\/\\\/www.facebook.com\\\/webdotn\",\"https:\\\/\\\/x.com\\\/webdo_tn\"],\"description\":\"Webdo est un m\u00e9dia num\u00e9rique tunisien fond\u00e9 en 2010, sp\u00e9cialis\u00e9 dans l\u2019actualit\u00e9 nationale et internationale, l\u2019\u00e9conomie, la soci\u00e9t\u00e9 et les analyses politiques. Le site s\u2019adresse \u00e0 un large public francophone et couvre l\u2019information tunisienne en temps r\u00e9el.\",\"email\":\"redac@webdo.tn\",\"legalName\":\"YNJ SARL\",\"foundingDate\":\"2010-09-06\",\"numberOfEmployees\":{\"@type\":\"QuantitativeValue\",\"minValue\":\"11\",\"maxValue\":\"50\"}},{\"@type\":\"Person\",\"@id\":\"https:\\\/\\\/www.webdo.tn\\\/fr\\\/#\\\/schema\\\/person\\\/2c4929cbf5a809e3bd38617c6ce150f6\",\"name\":\"MC\",\"image\":{\"@type\":\"ImageObject\",\"inLanguage\":\"fr-FR\",\"@id\":\"https:\\\/\\\/secure.gravatar.com\\\/avatar\\\/a545bbb6f84efdd5553dbbc2895e3ca8f1d12c5215e00a041c9670b54aa9b18a?s=96&d=mm&r=g\",\"url\":\"https:\\\/\\\/secure.gravatar.com\\\/avatar\\\/a545bbb6f84efdd5553dbbc2895e3ca8f1d12c5215e00a041c9670b54aa9b18a?s=96&d=mm&r=g\",\"contentUrl\":\"https:\\\/\\\/secure.gravatar.com\\\/avatar\\\/a545bbb6f84efdd5553dbbc2895e3ca8f1d12c5215e00a041c9670b54aa9b18a?s=96&d=mm&r=g\",\"caption\":\"MC\"},\"url\":\"https:\\\/\\\/www.webdo.tn\\\/fr\\\/actualite\\\/author\\\/mc\\\/\"}]}<\/script>\n<!-- \/ Yoast SEO Premium plugin. -->","yoast_head_json":{"title":"Violence dans les stades : Les stadiers d\u00e9barquent !","description":"La F\u00e9d\u00e9ration Tunisienne de Football a organis\u00e9 en collaboration avec le minist\u00e8re de l'Int\u00e9rieur une s\u00e9ance de formation pour des stadiers qui auront la charge...","canonical":"https:\/\/www.webdo.tn\/fr\/actualite\/sport\/violence-dans-les-stades-les-stadiers-debarquent\/208555\/","og_locale":"fr_FR","og_type":"article","og_title":"Violence dans les stades : Les stadiers d\u00e9barquent !","og_description":"La F\u00e9d\u00e9ration Tunisienne de Football a organis\u00e9 en collaboration avec le minist\u00e8re de l'Int\u00e9rieur une s\u00e9ance de formation pour des stadiers qui auront la charge...","og_url":"https:\/\/www.webdo.tn\/fr\/actualite\/sport\/violence-dans-les-stades-les-stadiers-debarquent\/208555\/","og_site_name":"webdo","article_publisher":"https:\/\/www.facebook.com\/webdotn","article_published_time":"2023-09-11T09:39:00+00:00","article_modified_time":"2025-05-20T21:57:29+00:00","og_image":[{"width":647,"height":345,"url":"https:\/\/www.webdo.tn\/fr\/wp-content\/uploads\/2023\/09\/a616608cd99b8803612c420df2a949b2.jpg","type":"image\/jpeg"}],"author":"MC","twitter_card":"summary_large_image","twitter_creator":"@webdo_tn","twitter_site":"@webdo_tn","twitter_misc":{"\u00c9crit par":"MC","Dur\u00e9e de lecture estim\u00e9e":"1 minute"},"schema":{"@context":"https:\/\/schema.org","@graph":[{"@type":"NewsArticle","@id":"https:\/\/www.webdo.tn\/fr\/actualite\/sport\/violence-dans-les-stades-les-stadiers-debarquent\/208555\/#article","isPartOf":{"@id":"https:\/\/www.webdo.tn\/fr\/actualite\/sport\/violence-dans-les-stades-les-stadiers-debarquent\/208555\/"},"author":{"name":"MC","@id":"https:\/\/www.webdo.tn\/fr\/#\/schema\/person\/2c4929cbf5a809e3bd38617c6ce150f6"},"headline":"Violence dans les stades : Les stadiers d\u00e9barquent !","datePublished":"2023-09-11T09:39:00+00:00","dateModified":"2025-05-20T21:57:29+00:00","mainEntityOfPage":{"@id":"https:\/\/www.webdo.tn\/fr\/actualite\/sport\/violence-dans-les-stades-les-stadiers-debarquent\/208555\/"},"wordCount":178,"commentCount":0,"publisher":{"@id":"https:\/\/www.webdo.tn\/fr\/#organization"},"image":{"@id":"https:\/\/www.webdo.tn\/fr\/actualite\/sport\/violence-dans-les-stades-les-stadiers-debarquent\/208555\/#primaryimage"},"thumbnailUrl":"https:\/\/www.webdo.tn\/fr\/wp-content\/uploads\/2023\/09\/a616608cd99b8803612c420df2a949b2.jpg","keywords":["football","stade","stadier","violence"],"articleSection":["Sport"],"inLanguage":"fr-FR"},{"@type":"WebPage","@id":"https:\/\/www.webdo.tn\/fr\/actualite\/sport\/violence-dans-les-stades-les-stadiers-debarquent\/208555\/","url":"https:\/\/www.webdo.tn\/fr\/actualite\/sport\/violence-dans-les-stades-les-stadiers-debarquent\/208555\/","name":"Violence dans les stades : Les stadiers d\u00e9barquent !","isPartOf":{"@id":"https:\/\/www.webdo.tn\/fr\/#website"},"primaryImageOfPage":{"@id":"https:\/\/www.webdo.tn\/fr\/actualite\/sport\/violence-dans-les-stades-les-stadiers-debarquent\/208555\/#primaryimage"},"image":{"@id":"https:\/\/www.webdo.tn\/fr\/actualite\/sport\/violence-dans-les-stades-les-stadiers-debarquent\/208555\/#primaryimage"},"thumbnailUrl":"https:\/\/www.webdo.tn\/fr\/wp-content\/uploads\/2023\/09\/a616608cd99b8803612c420df2a949b2.jpg","datePublished":"2023-09-11T09:39:00+00:00","dateModified":"2025-05-20T21:57:29+00:00","description":"La F\u00e9d\u00e9ration Tunisienne de Football a organis\u00e9 en collaboration avec le minist\u00e8re de l'Int\u00e9rieur une s\u00e9ance de formation pour des stadiers qui auront la charge...","breadcrumb":{"@id":"https:\/\/www.webdo.tn\/fr\/actualite\/sport\/violence-dans-les-stades-les-stadiers-debarquent\/208555\/#breadcrumb"},"inLanguage":"fr-FR","potentialAction":[{"@type":"ReadAction","target":["https:\/\/www.webdo.tn\/fr\/actualite\/sport\/violence-dans-les-stades-les-stadiers-debarquent\/208555\/"]}]},{"@type":"ImageObject","inLanguage":"fr-FR","@id":"https:\/\/www.webdo.tn\/fr\/actualite\/sport\/violence-dans-les-stades-les-stadiers-debarquent\/208555\/#primaryimage","url":"https:\/\/www.webdo.tn\/fr\/wp-content\/uploads\/2023\/09\/a616608cd99b8803612c420df2a949b2.jpg","contentUrl":"https:\/\/www.webdo.tn\/fr\/wp-content\/uploads\/2023\/09\/a616608cd99b8803612c420df2a949b2.jpg","width":647,"height":345,"caption":"Violence dans les stades : Les stadiers d\u00e9barquent !"},{"@type":"BreadcrumbList","@id":"https:\/\/www.webdo.tn\/fr\/actualite\/sport\/violence-dans-les-stades-les-stadiers-debarquent\/208555\/#breadcrumb","itemListElement":[{"@type":"ListItem","position":1,"name":"Accueil","item":"https:\/\/www.webdo.tn\/fr\/"},{"@type":"ListItem","position":2,"name":"Violence dans les stades : Les stadiers d\u00e9barquent !"}]},{"@type":"WebSite","@id":"https:\/\/www.webdo.tn\/fr\/#website","url":"https:\/\/www.webdo.tn\/fr\/","name":"webdo","description":"Tunisie - News en Tunisie et \u00e0 l&#039;international sur Webdo.tn","publisher":{"@id":"https:\/\/www.webdo.tn\/fr\/#organization"},"potentialAction":[{"@type":"SearchAction","target":{"@type":"EntryPoint","urlTemplate":"https:\/\/www.webdo.tn\/fr\/?s={search_term_string}"},"query-input":{"@type":"PropertyValueSpecification","valueRequired":true,"valueName":"search_term_string"}}],"inLanguage":"fr-FR"},{"@type":"Organization","@id":"https:\/\/www.webdo.tn\/fr\/#organization","name":"Webdo","alternateName":"Webdo.tn","url":"https:\/\/www.webdo.tn\/fr\/","logo":{"@type":"ImageObject","inLanguage":"fr-FR","@id":"https:\/\/www.webdo.tn\/fr\/#\/schema\/logo\/image\/","url":"https:\/\/www.webdo.tn\/fr\/wp-content\/uploads\/2025\/06\/Webdo-Tunisie_168377.jpg","contentUrl":"https:\/\/www.webdo.tn\/fr\/wp-content\/uploads\/2025\/06\/Webdo-Tunisie_168377.jpg","width":301,"height":301,"caption":"Webdo"},"image":{"@id":"https:\/\/www.webdo.tn\/fr\/#\/schema\/logo\/image\/"},"sameAs":["https:\/\/www.facebook.com\/webdotn","https:\/\/x.com\/webdo_tn"],"description":"Webdo est un m\u00e9dia num\u00e9rique tunisien fond\u00e9 en 2010, sp\u00e9cialis\u00e9 dans l\u2019actualit\u00e9 nationale et internationale, l\u2019\u00e9conomie, la soci\u00e9t\u00e9 et les analyses politiques. Le site s\u2019adresse \u00e0 un large public francophone et couvre l\u2019information tunisienne en temps r\u00e9el.","email":"redac@webdo.tn","legalName":"YNJ SARL","foundingDate":"2010-09-06","numberOfEmployees":{"@type":"QuantitativeValue","minValue":"11","maxValue":"50"}},{"@type":"Person","@id":"https:\/\/www.webdo.tn\/fr\/#\/schema\/person\/2c4929cbf5a809e3bd38617c6ce150f6","name":"MC","image":{"@type":"ImageObject","inLanguage":"fr-FR","@id":"https:\/\/secure.gravatar.com\/avatar\/a545bbb6f84efdd5553dbbc2895e3ca8f1d12c5215e00a041c9670b54aa9b18a?s=96&d=mm&r=g","url":"https:\/\/secure.gravatar.com\/avatar\/a545bbb6f84efdd5553dbbc2895e3ca8f1d12c5215e00a041c9670b54aa9b18a?s=96&d=mm&r=g","contentUrl":"https:\/\/secure.gravatar.com\/avatar\/a545bbb6f84efdd5553dbbc2895e3ca8f1d12c5215e00a041c9670b54aa9b18a?s=96&d=mm&r=g","caption":"MC"},"url":"https:\/\/www.webdo.tn\/fr\/actualite\/author\/mc\/"}]}},"_links":{"self":[{"href":"https:\/\/www.webdo.tn\/fr\/wp-json\/wp\/v2\/posts\/208555","targetHints":{"allow":["GET"]}}],"collection":[{"href":"https:\/\/www.webdo.tn\/fr\/wp-json\/wp\/v2\/posts"}],"about":[{"href":"https:\/\/www.webdo.tn\/fr\/wp-json\/wp\/v2\/types\/post"}],"author":[{"embeddable":true,"href":"https:\/\/www.webdo.tn\/fr\/wp-json\/wp\/v2\/users\/3162"}],"replies":[{"embeddable":true,"href":"https:\/\/www.webdo.tn\/fr\/wp-json\/wp\/v2\/comments?post=208555"}],"version-history":[{"count":0,"href":"https:\/\/www.webdo.tn\/fr\/wp-json\/wp\/v2\/posts\/208555\/revisions"}],"wp:featuredmedia":[{"embeddable":true,"href":"https:\/\/www.webdo.tn\/fr\/wp-json\/wp\/v2\/media\/249343"}],"wp:attachment":[{"href":"https:\/\/www.webdo.tn\/fr\/wp-json\/wp\/v2\/media?parent=208555"}],"wp:term":[{"taxonomy":"category","embeddable":true,"href":"https:\/\/www.webdo.tn\/fr\/wp-json\/wp\/v2\/categories?post=208555"},{"taxonomy":"post_tag","embeddable":true,"href":"https:\/\/www.webdo.tn\/fr\/wp-json\/wp\/v2\/tags?post=208555"}],"curies":[{"name":"wp","href":"https:\/\/api.w.org\/{rel}","templated":true}]}}