{"id":208552,"date":"2023-09-11T09:02:00","date_gmt":"2023-09-11T09:02:00","guid":{"rendered":"https:\/\/www.webdo.tn\/fr\/blog\/seisme-au-maroc-2122-morts-et-2421-blesses-selon-le-dernier-bilan\/208552\/"},"modified":"2025-05-20T22:09:58","modified_gmt":"2025-05-20T22:09:58","slug":"seisme-au-maroc-2122-morts-et-2421-blesses-selon-le-dernier-bilan","status":"publish","type":"post","link":"https:\/\/www.webdo.tn\/fr\/actualite\/international\/seisme-au-maroc-2122-morts-et-2421-blesses-selon-le-dernier-bilan\/208552\/","title":{"rendered":"S\u00e9isme au Maroc : 2122 morts et 2421 bless\u00e9s, selon le dernier bilan"},"content":{"rendered":"<p>Le s\u00e9isme d\u2019une magnitude 7,2 survenu dans la nuit de vendredi \u00e0 samedi a fait 2122 morts et 2421 bless\u00e9s, selon un nouveau bilan publi\u00e9, hier apr\u00e8s-midi par le minist\u00e8re de l\u2019Int\u00e9rieur marocain alors que les secouristes poursuivent les recherches et l\u2019extraction des corps qui se trouvent sous les d\u00e9combres.<\/p>\n<p>\t\t\t\t\t\t\t\t\tPar ailleurs, plus de 18.000 familles ont \u00e9t\u00e9 affect\u00e9es par le tremblement de terre dans la province d\u2019Al-Haouz, \u00e9picentre du s\u00e9isme, situ\u00e9e au sud de Marrakech, o\u00f9 plus de la moiti\u00e9 des morts (1351) ont \u00e9t\u00e9 recens\u00e9s.<\/p>\n<p>Le Maroc a annonc\u00e9 dimanche avoir accept\u00e9 l\u2019aide de quatre pays seulement apr\u00e8s le puissant s\u00e9isme qui l\u2019a frapp\u00e9 : l\u2019Espagne, le Royaume-Uni, le Qatar et les Emirats arabes unis.<\/p>\n<p>Le minist\u00e8re de l\u2019int\u00e9rieur a signal\u00e9 dans un communiqu\u00e9 que le Maroc avait r\u00e9pondu favorablement, \u00ab \u00e0 ce stade \u00bb, aux offres de ces quatre pays d\u2019\u00ab envoyer des \u00e9quipes de recherche et sauvetage \u00bb, alors que plusieurs autres Etats, notamment la France et les Etats-Unis, se sont dits pr\u00eats \u00e0 apporter leur aide.<\/p>\n<p>Une \u00e9quipe relevant du Croissant rouge tunisien doit \u00eatre d\u00e9p\u00each\u00e9e dans les zones sinistr\u00e9es pour participer aux op\u00e9rations de prise en charge des bless\u00e9s.<\/p>\n<p>Des \u00e9quipes de la Protection Civile tunisienne se sont rendues, samedi soir, vers le Maroc, pour soutenir les efforts de recherche et de secours. Les \u00e9quipes se composent de 50 agents et cadres de l&rsquo;unit\u00e9 sp\u00e9cialis\u00e9e, 6 m\u00e9decins de la protection civile et 4 canins.<\/p>\n<p>Des dispositifs avanc\u00e9s de surveillance thermique et un drone pour d\u00e9tecter les victimes sous les d\u00e9combres seront utilis\u00e9s. Un h\u00f4pital de campagne affili\u00e9 \u00e0 la Protection Civile sera \u00e9galement envoy\u00e9 pour contribuer aux op\u00e9rations de secours et prendre en charge les bless\u00e9s.<\/p>\n","protected":false},"excerpt":{"rendered":"<p>Le s\u00e9isme d\u2019une magnitude 7,2 survenu dans la nuit de vendredi \u00e0 samedi a fait 2122 morts et 2421 bless\u00e9s, selon un nouveau bilan.<\/p>\n","protected":false},"author":3162,"featured_media":278690,"comment_status":"open","ping_status":"closed","sticky":false,"template":"","format":"standard","meta":{"footnotes":""},"categories":[2598],"tags":[5941,3464,7271],"class_list":["post-208552","post","type-post","status-publish","format-standard","has-post-thumbnail","hentry","category-international","tag-bilan","tag-maroc","tag-seisme"],"yoast_head":"<!-- This site is optimized with the Yoast SEO Premium plugin v27.4 (Yoast SEO v27.5) - https:\/\/yoast.com\/product\/yoast-seo-premium-wordpress\/ -->\n<title>S\u00e9isme au Maroc : 2122 morts et 2421 bless\u00e9s, selon le dernier bilan<\/title>\n<meta name=\"description\" content=\"Le s\u00e9isme d\u2019une magnitude 7,2 survenu dans la nuit de vendredi \u00e0 samedi a fait 2122 morts et 2421 bless\u00e9s, selon un nouveau bilan.\" \/>\n<link rel=\"canonical\" href=\"https:\/\/www.webdo.tn\/fr\/actualite\/international\/seisme-au-maroc-2122-morts-et-2421-blesses-selon-le-dernier-bilan\/208552\/\" \/>\n<meta property=\"og:locale\" content=\"fr_FR\" \/>\n<meta property=\"og:type\" content=\"article\" \/>\n<meta property=\"og:title\" content=\"S\u00e9isme au Maroc : 2122 morts et 2421 bless\u00e9s, selon le dernier bilan\" \/>\n<meta property=\"og:description\" content=\"Le s\u00e9isme d\u2019une magnitude 7,2 survenu dans la nuit de vendredi \u00e0 samedi a fait 2122 morts et 2421 bless\u00e9s, selon un nouveau bilan.\" \/>\n<meta property=\"og:url\" content=\"https:\/\/www.webdo.tn\/fr\/actualite\/international\/seisme-au-maroc-2122-morts-et-2421-blesses-selon-le-dernier-bilan\/208552\/\" \/>\n<meta property=\"og:site_name\" content=\"webdo\" \/>\n<meta property=\"article:publisher\" content=\"https:\/\/www.facebook.com\/webdotn\" \/>\n<meta property=\"article:published_time\" content=\"2023-09-11T09:02:00+00:00\" \/>\n<meta property=\"article:modified_time\" content=\"2025-05-20T22:09:58+00:00\" \/>\n<meta property=\"og:image\" content=\"https:\/\/www.webdo.tn\/fr\/wp-content\/uploads\/2023\/09\/058bf377d6628c773035d0dca912222c.jpg\" \/>\n\t<meta property=\"og:image:width\" content=\"580\" \/>\n\t<meta property=\"og:image:height\" content=\"309\" \/>\n\t<meta property=\"og:image:type\" content=\"image\/jpeg\" \/>\n<meta name=\"author\" content=\"MC\" \/>\n<meta name=\"twitter:card\" content=\"summary_large_image\" \/>\n<meta name=\"twitter:creator\" content=\"@webdo_tn\" \/>\n<meta name=\"twitter:site\" content=\"@webdo_tn\" \/>\n<meta name=\"twitter:label1\" content=\"\u00c9crit par\" \/>\n\t<meta name=\"twitter:data1\" content=\"MC\" \/>\n\t<meta name=\"twitter:label2\" content=\"Dur\u00e9e de lecture estim\u00e9e\" \/>\n\t<meta name=\"twitter:data2\" content=\"2 minutes\" \/>\n<script type=\"application\/ld+json\" class=\"yoast-schema-graph\">{\"@context\":\"https:\\\/\\\/schema.org\",\"@graph\":[{\"@type\":\"NewsArticle\",\"@id\":\"https:\\\/\\\/www.webdo.tn\\\/fr\\\/actualite\\\/international\\\/seisme-au-maroc-2122-morts-et-2421-blesses-selon-le-dernier-bilan\\\/208552\\\/#article\",\"isPartOf\":{\"@id\":\"https:\\\/\\\/www.webdo.tn\\\/fr\\\/actualite\\\/international\\\/seisme-au-maroc-2122-morts-et-2421-blesses-selon-le-dernier-bilan\\\/208552\\\/\"},\"author\":{\"name\":\"MC\",\"@id\":\"https:\\\/\\\/www.webdo.tn\\\/fr\\\/#\\\/schema\\\/person\\\/2c4929cbf5a809e3bd38617c6ce150f6\"},\"headline\":\"S\u00e9isme au Maroc : 2122 morts et 2421 bless\u00e9s, selon le dernier bilan\",\"datePublished\":\"2023-09-11T09:02:00+00:00\",\"dateModified\":\"2025-05-20T22:09:58+00:00\",\"mainEntityOfPage\":{\"@id\":\"https:\\\/\\\/www.webdo.tn\\\/fr\\\/actualite\\\/international\\\/seisme-au-maroc-2122-morts-et-2421-blesses-selon-le-dernier-bilan\\\/208552\\\/\"},\"wordCount\":319,\"commentCount\":0,\"publisher\":{\"@id\":\"https:\\\/\\\/www.webdo.tn\\\/fr\\\/#organization\"},\"image\":{\"@id\":\"https:\\\/\\\/www.webdo.tn\\\/fr\\\/actualite\\\/international\\\/seisme-au-maroc-2122-morts-et-2421-blesses-selon-le-dernier-bilan\\\/208552\\\/#primaryimage\"},\"thumbnailUrl\":\"https:\\\/\\\/www.webdo.tn\\\/fr\\\/wp-content\\\/uploads\\\/2023\\\/09\\\/058bf377d6628c773035d0dca912222c.jpg\",\"keywords\":[\"bilan\",\"maroc\",\"s\u00e9isme\"],\"articleSection\":[\"International\"],\"inLanguage\":\"fr-FR\"},{\"@type\":\"WebPage\",\"@id\":\"https:\\\/\\\/www.webdo.tn\\\/fr\\\/actualite\\\/international\\\/seisme-au-maroc-2122-morts-et-2421-blesses-selon-le-dernier-bilan\\\/208552\\\/\",\"url\":\"https:\\\/\\\/www.webdo.tn\\\/fr\\\/actualite\\\/international\\\/seisme-au-maroc-2122-morts-et-2421-blesses-selon-le-dernier-bilan\\\/208552\\\/\",\"name\":\"S\u00e9isme au Maroc : 2122 morts et 2421 bless\u00e9s, selon le dernier bilan\",\"isPartOf\":{\"@id\":\"https:\\\/\\\/www.webdo.tn\\\/fr\\\/#website\"},\"primaryImageOfPage\":{\"@id\":\"https:\\\/\\\/www.webdo.tn\\\/fr\\\/actualite\\\/international\\\/seisme-au-maroc-2122-morts-et-2421-blesses-selon-le-dernier-bilan\\\/208552\\\/#primaryimage\"},\"image\":{\"@id\":\"https:\\\/\\\/www.webdo.tn\\\/fr\\\/actualite\\\/international\\\/seisme-au-maroc-2122-morts-et-2421-blesses-selon-le-dernier-bilan\\\/208552\\\/#primaryimage\"},\"thumbnailUrl\":\"https:\\\/\\\/www.webdo.tn\\\/fr\\\/wp-content\\\/uploads\\\/2023\\\/09\\\/058bf377d6628c773035d0dca912222c.jpg\",\"datePublished\":\"2023-09-11T09:02:00+00:00\",\"dateModified\":\"2025-05-20T22:09:58+00:00\",\"description\":\"Le s\u00e9isme d\u2019une magnitude 7,2 survenu dans la nuit de vendredi \u00e0 samedi a fait 2122 morts et 2421 bless\u00e9s, selon un nouveau bilan.\",\"breadcrumb\":{\"@id\":\"https:\\\/\\\/www.webdo.tn\\\/fr\\\/actualite\\\/international\\\/seisme-au-maroc-2122-morts-et-2421-blesses-selon-le-dernier-bilan\\\/208552\\\/#breadcrumb\"},\"inLanguage\":\"fr-FR\",\"potentialAction\":[{\"@type\":\"ReadAction\",\"target\":[\"https:\\\/\\\/www.webdo.tn\\\/fr\\\/actualite\\\/international\\\/seisme-au-maroc-2122-morts-et-2421-blesses-selon-le-dernier-bilan\\\/208552\\\/\"]}]},{\"@type\":\"ImageObject\",\"inLanguage\":\"fr-FR\",\"@id\":\"https:\\\/\\\/www.webdo.tn\\\/fr\\\/actualite\\\/international\\\/seisme-au-maroc-2122-morts-et-2421-blesses-selon-le-dernier-bilan\\\/208552\\\/#primaryimage\",\"url\":\"https:\\\/\\\/www.webdo.tn\\\/fr\\\/wp-content\\\/uploads\\\/2023\\\/09\\\/058bf377d6628c773035d0dca912222c.jpg\",\"contentUrl\":\"https:\\\/\\\/www.webdo.tn\\\/fr\\\/wp-content\\\/uploads\\\/2023\\\/09\\\/058bf377d6628c773035d0dca912222c.jpg\",\"width\":580,\"height\":309,\"caption\":\"S\u00e9isme au Maroc : 2122 morts et 2421 bless\u00e9s, selon le dernier bilan\"},{\"@type\":\"BreadcrumbList\",\"@id\":\"https:\\\/\\\/www.webdo.tn\\\/fr\\\/actualite\\\/international\\\/seisme-au-maroc-2122-morts-et-2421-blesses-selon-le-dernier-bilan\\\/208552\\\/#breadcrumb\",\"itemListElement\":[{\"@type\":\"ListItem\",\"position\":1,\"name\":\"Accueil\",\"item\":\"https:\\\/\\\/www.webdo.tn\\\/fr\\\/\"},{\"@type\":\"ListItem\",\"position\":2,\"name\":\"S\u00e9isme au Maroc : 2122 morts et 2421 bless\u00e9s, selon le dernier bilan\"}]},{\"@type\":\"WebSite\",\"@id\":\"https:\\\/\\\/www.webdo.tn\\\/fr\\\/#website\",\"url\":\"https:\\\/\\\/www.webdo.tn\\\/fr\\\/\",\"name\":\"webdo\",\"description\":\"Tunisie - News en Tunisie et \u00e0 l&#039;international sur Webdo.tn\",\"publisher\":{\"@id\":\"https:\\\/\\\/www.webdo.tn\\\/fr\\\/#organization\"},\"potentialAction\":[{\"@type\":\"SearchAction\",\"target\":{\"@type\":\"EntryPoint\",\"urlTemplate\":\"https:\\\/\\\/www.webdo.tn\\\/fr\\\/?s={search_term_string}\"},\"query-input\":{\"@type\":\"PropertyValueSpecification\",\"valueRequired\":true,\"valueName\":\"search_term_string\"}}],\"inLanguage\":\"fr-FR\"},{\"@type\":\"Organization\",\"@id\":\"https:\\\/\\\/www.webdo.tn\\\/fr\\\/#organization\",\"name\":\"Webdo\",\"alternateName\":\"Webdo.tn\",\"url\":\"https:\\\/\\\/www.webdo.tn\\\/fr\\\/\",\"logo\":{\"@type\":\"ImageObject\",\"inLanguage\":\"fr-FR\",\"@id\":\"https:\\\/\\\/www.webdo.tn\\\/fr\\\/#\\\/schema\\\/logo\\\/image\\\/\",\"url\":\"https:\\\/\\\/www.webdo.tn\\\/fr\\\/wp-content\\\/uploads\\\/2025\\\/06\\\/Webdo-Tunisie_168377.jpg\",\"contentUrl\":\"https:\\\/\\\/www.webdo.tn\\\/fr\\\/wp-content\\\/uploads\\\/2025\\\/06\\\/Webdo-Tunisie_168377.jpg\",\"width\":301,\"height\":301,\"caption\":\"Webdo\"},\"image\":{\"@id\":\"https:\\\/\\\/www.webdo.tn\\\/fr\\\/#\\\/schema\\\/logo\\\/image\\\/\"},\"sameAs\":[\"https:\\\/\\\/www.facebook.com\\\/webdotn\",\"https:\\\/\\\/x.com\\\/webdo_tn\"],\"description\":\"Webdo est un m\u00e9dia num\u00e9rique tunisien fond\u00e9 en 2010, sp\u00e9cialis\u00e9 dans l\u2019actualit\u00e9 nationale et internationale, l\u2019\u00e9conomie, la soci\u00e9t\u00e9 et les analyses politiques. Le site s\u2019adresse \u00e0 un large public francophone et couvre l\u2019information tunisienne en temps r\u00e9el.\",\"email\":\"redac@webdo.tn\",\"legalName\":\"YNJ SARL\",\"foundingDate\":\"2010-09-06\",\"numberOfEmployees\":{\"@type\":\"QuantitativeValue\",\"minValue\":\"11\",\"maxValue\":\"50\"}},{\"@type\":\"Person\",\"@id\":\"https:\\\/\\\/www.webdo.tn\\\/fr\\\/#\\\/schema\\\/person\\\/2c4929cbf5a809e3bd38617c6ce150f6\",\"name\":\"MC\",\"image\":{\"@type\":\"ImageObject\",\"inLanguage\":\"fr-FR\",\"@id\":\"https:\\\/\\\/secure.gravatar.com\\\/avatar\\\/a545bbb6f84efdd5553dbbc2895e3ca8f1d12c5215e00a041c9670b54aa9b18a?s=96&d=mm&r=g\",\"url\":\"https:\\\/\\\/secure.gravatar.com\\\/avatar\\\/a545bbb6f84efdd5553dbbc2895e3ca8f1d12c5215e00a041c9670b54aa9b18a?s=96&d=mm&r=g\",\"contentUrl\":\"https:\\\/\\\/secure.gravatar.com\\\/avatar\\\/a545bbb6f84efdd5553dbbc2895e3ca8f1d12c5215e00a041c9670b54aa9b18a?s=96&d=mm&r=g\",\"caption\":\"MC\"},\"url\":\"https:\\\/\\\/www.webdo.tn\\\/fr\\\/actualite\\\/author\\\/mc\\\/\"}]}<\/script>\n<!-- \/ Yoast SEO Premium plugin. -->","yoast_head_json":{"title":"S\u00e9isme au Maroc : 2122 morts et 2421 bless\u00e9s, selon le dernier bilan","description":"Le s\u00e9isme d\u2019une magnitude 7,2 survenu dans la nuit de vendredi \u00e0 samedi a fait 2122 morts et 2421 bless\u00e9s, selon un nouveau bilan.","canonical":"https:\/\/www.webdo.tn\/fr\/actualite\/international\/seisme-au-maroc-2122-morts-et-2421-blesses-selon-le-dernier-bilan\/208552\/","og_locale":"fr_FR","og_type":"article","og_title":"S\u00e9isme au Maroc : 2122 morts et 2421 bless\u00e9s, selon le dernier bilan","og_description":"Le s\u00e9isme d\u2019une magnitude 7,2 survenu dans la nuit de vendredi \u00e0 samedi a fait 2122 morts et 2421 bless\u00e9s, selon un nouveau bilan.","og_url":"https:\/\/www.webdo.tn\/fr\/actualite\/international\/seisme-au-maroc-2122-morts-et-2421-blesses-selon-le-dernier-bilan\/208552\/","og_site_name":"webdo","article_publisher":"https:\/\/www.facebook.com\/webdotn","article_published_time":"2023-09-11T09:02:00+00:00","article_modified_time":"2025-05-20T22:09:58+00:00","og_image":[{"width":580,"height":309,"url":"https:\/\/www.webdo.tn\/fr\/wp-content\/uploads\/2023\/09\/058bf377d6628c773035d0dca912222c.jpg","type":"image\/jpeg"}],"author":"MC","twitter_card":"summary_large_image","twitter_creator":"@webdo_tn","twitter_site":"@webdo_tn","twitter_misc":{"\u00c9crit par":"MC","Dur\u00e9e de lecture estim\u00e9e":"2 minutes"},"schema":{"@context":"https:\/\/schema.org","@graph":[{"@type":"NewsArticle","@id":"https:\/\/www.webdo.tn\/fr\/actualite\/international\/seisme-au-maroc-2122-morts-et-2421-blesses-selon-le-dernier-bilan\/208552\/#article","isPartOf":{"@id":"https:\/\/www.webdo.tn\/fr\/actualite\/international\/seisme-au-maroc-2122-morts-et-2421-blesses-selon-le-dernier-bilan\/208552\/"},"author":{"name":"MC","@id":"https:\/\/www.webdo.tn\/fr\/#\/schema\/person\/2c4929cbf5a809e3bd38617c6ce150f6"},"headline":"S\u00e9isme au Maroc : 2122 morts et 2421 bless\u00e9s, selon le dernier bilan","datePublished":"2023-09-11T09:02:00+00:00","dateModified":"2025-05-20T22:09:58+00:00","mainEntityOfPage":{"@id":"https:\/\/www.webdo.tn\/fr\/actualite\/international\/seisme-au-maroc-2122-morts-et-2421-blesses-selon-le-dernier-bilan\/208552\/"},"wordCount":319,"commentCount":0,"publisher":{"@id":"https:\/\/www.webdo.tn\/fr\/#organization"},"image":{"@id":"https:\/\/www.webdo.tn\/fr\/actualite\/international\/seisme-au-maroc-2122-morts-et-2421-blesses-selon-le-dernier-bilan\/208552\/#primaryimage"},"thumbnailUrl":"https:\/\/www.webdo.tn\/fr\/wp-content\/uploads\/2023\/09\/058bf377d6628c773035d0dca912222c.jpg","keywords":["bilan","maroc","s\u00e9isme"],"articleSection":["International"],"inLanguage":"fr-FR"},{"@type":"WebPage","@id":"https:\/\/www.webdo.tn\/fr\/actualite\/international\/seisme-au-maroc-2122-morts-et-2421-blesses-selon-le-dernier-bilan\/208552\/","url":"https:\/\/www.webdo.tn\/fr\/actualite\/international\/seisme-au-maroc-2122-morts-et-2421-blesses-selon-le-dernier-bilan\/208552\/","name":"S\u00e9isme au Maroc : 2122 morts et 2421 bless\u00e9s, selon le dernier bilan","isPartOf":{"@id":"https:\/\/www.webdo.tn\/fr\/#website"},"primaryImageOfPage":{"@id":"https:\/\/www.webdo.tn\/fr\/actualite\/international\/seisme-au-maroc-2122-morts-et-2421-blesses-selon-le-dernier-bilan\/208552\/#primaryimage"},"image":{"@id":"https:\/\/www.webdo.tn\/fr\/actualite\/international\/seisme-au-maroc-2122-morts-et-2421-blesses-selon-le-dernier-bilan\/208552\/#primaryimage"},"thumbnailUrl":"https:\/\/www.webdo.tn\/fr\/wp-content\/uploads\/2023\/09\/058bf377d6628c773035d0dca912222c.jpg","datePublished":"2023-09-11T09:02:00+00:00","dateModified":"2025-05-20T22:09:58+00:00","description":"Le s\u00e9isme d\u2019une magnitude 7,2 survenu dans la nuit de vendredi \u00e0 samedi a fait 2122 morts et 2421 bless\u00e9s, selon un nouveau bilan.","breadcrumb":{"@id":"https:\/\/www.webdo.tn\/fr\/actualite\/international\/seisme-au-maroc-2122-morts-et-2421-blesses-selon-le-dernier-bilan\/208552\/#breadcrumb"},"inLanguage":"fr-FR","potentialAction":[{"@type":"ReadAction","target":["https:\/\/www.webdo.tn\/fr\/actualite\/international\/seisme-au-maroc-2122-morts-et-2421-blesses-selon-le-dernier-bilan\/208552\/"]}]},{"@type":"ImageObject","inLanguage":"fr-FR","@id":"https:\/\/www.webdo.tn\/fr\/actualite\/international\/seisme-au-maroc-2122-morts-et-2421-blesses-selon-le-dernier-bilan\/208552\/#primaryimage","url":"https:\/\/www.webdo.tn\/fr\/wp-content\/uploads\/2023\/09\/058bf377d6628c773035d0dca912222c.jpg","contentUrl":"https:\/\/www.webdo.tn\/fr\/wp-content\/uploads\/2023\/09\/058bf377d6628c773035d0dca912222c.jpg","width":580,"height":309,"caption":"S\u00e9isme au Maroc : 2122 morts et 2421 bless\u00e9s, selon le dernier bilan"},{"@type":"BreadcrumbList","@id":"https:\/\/www.webdo.tn\/fr\/actualite\/international\/seisme-au-maroc-2122-morts-et-2421-blesses-selon-le-dernier-bilan\/208552\/#breadcrumb","itemListElement":[{"@type":"ListItem","position":1,"name":"Accueil","item":"https:\/\/www.webdo.tn\/fr\/"},{"@type":"ListItem","position":2,"name":"S\u00e9isme au Maroc : 2122 morts et 2421 bless\u00e9s, selon le dernier bilan"}]},{"@type":"WebSite","@id":"https:\/\/www.webdo.tn\/fr\/#website","url":"https:\/\/www.webdo.tn\/fr\/","name":"webdo","description":"Tunisie - News en Tunisie et \u00e0 l&#039;international sur Webdo.tn","publisher":{"@id":"https:\/\/www.webdo.tn\/fr\/#organization"},"potentialAction":[{"@type":"SearchAction","target":{"@type":"EntryPoint","urlTemplate":"https:\/\/www.webdo.tn\/fr\/?s={search_term_string}"},"query-input":{"@type":"PropertyValueSpecification","valueRequired":true,"valueName":"search_term_string"}}],"inLanguage":"fr-FR"},{"@type":"Organization","@id":"https:\/\/www.webdo.tn\/fr\/#organization","name":"Webdo","alternateName":"Webdo.tn","url":"https:\/\/www.webdo.tn\/fr\/","logo":{"@type":"ImageObject","inLanguage":"fr-FR","@id":"https:\/\/www.webdo.tn\/fr\/#\/schema\/logo\/image\/","url":"https:\/\/www.webdo.tn\/fr\/wp-content\/uploads\/2025\/06\/Webdo-Tunisie_168377.jpg","contentUrl":"https:\/\/www.webdo.tn\/fr\/wp-content\/uploads\/2025\/06\/Webdo-Tunisie_168377.jpg","width":301,"height":301,"caption":"Webdo"},"image":{"@id":"https:\/\/www.webdo.tn\/fr\/#\/schema\/logo\/image\/"},"sameAs":["https:\/\/www.facebook.com\/webdotn","https:\/\/x.com\/webdo_tn"],"description":"Webdo est un m\u00e9dia num\u00e9rique tunisien fond\u00e9 en 2010, sp\u00e9cialis\u00e9 dans l\u2019actualit\u00e9 nationale et internationale, l\u2019\u00e9conomie, la soci\u00e9t\u00e9 et les analyses politiques. Le site s\u2019adresse \u00e0 un large public francophone et couvre l\u2019information tunisienne en temps r\u00e9el.","email":"redac@webdo.tn","legalName":"YNJ SARL","foundingDate":"2010-09-06","numberOfEmployees":{"@type":"QuantitativeValue","minValue":"11","maxValue":"50"}},{"@type":"Person","@id":"https:\/\/www.webdo.tn\/fr\/#\/schema\/person\/2c4929cbf5a809e3bd38617c6ce150f6","name":"MC","image":{"@type":"ImageObject","inLanguage":"fr-FR","@id":"https:\/\/secure.gravatar.com\/avatar\/a545bbb6f84efdd5553dbbc2895e3ca8f1d12c5215e00a041c9670b54aa9b18a?s=96&d=mm&r=g","url":"https:\/\/secure.gravatar.com\/avatar\/a545bbb6f84efdd5553dbbc2895e3ca8f1d12c5215e00a041c9670b54aa9b18a?s=96&d=mm&r=g","contentUrl":"https:\/\/secure.gravatar.com\/avatar\/a545bbb6f84efdd5553dbbc2895e3ca8f1d12c5215e00a041c9670b54aa9b18a?s=96&d=mm&r=g","caption":"MC"},"url":"https:\/\/www.webdo.tn\/fr\/actualite\/author\/mc\/"}]}},"_links":{"self":[{"href":"https:\/\/www.webdo.tn\/fr\/wp-json\/wp\/v2\/posts\/208552","targetHints":{"allow":["GET"]}}],"collection":[{"href":"https:\/\/www.webdo.tn\/fr\/wp-json\/wp\/v2\/posts"}],"about":[{"href":"https:\/\/www.webdo.tn\/fr\/wp-json\/wp\/v2\/types\/post"}],"author":[{"embeddable":true,"href":"https:\/\/www.webdo.tn\/fr\/wp-json\/wp\/v2\/users\/3162"}],"replies":[{"embeddable":true,"href":"https:\/\/www.webdo.tn\/fr\/wp-json\/wp\/v2\/comments?post=208552"}],"version-history":[{"count":0,"href":"https:\/\/www.webdo.tn\/fr\/wp-json\/wp\/v2\/posts\/208552\/revisions"}],"wp:featuredmedia":[{"embeddable":true,"href":"https:\/\/www.webdo.tn\/fr\/wp-json\/wp\/v2\/media\/278690"}],"wp:attachment":[{"href":"https:\/\/www.webdo.tn\/fr\/wp-json\/wp\/v2\/media?parent=208552"}],"wp:term":[{"taxonomy":"category","embeddable":true,"href":"https:\/\/www.webdo.tn\/fr\/wp-json\/wp\/v2\/categories?post=208552"},{"taxonomy":"post_tag","embeddable":true,"href":"https:\/\/www.webdo.tn\/fr\/wp-json\/wp\/v2\/tags?post=208552"}],"curies":[{"name":"wp","href":"https:\/\/api.w.org\/{rel}","templated":true}]}}