{"id":208547,"date":"2023-09-10T14:19:00","date_gmt":"2023-09-10T14:19:00","guid":{"rendered":"https:\/\/www.webdo.tn\/fr\/blog\/le-festival-du-film-d-el-gouna-rend-hommage-a-jane-birkin-lors-de-sa-6eme-edition\/208547\/"},"modified":"2025-05-21T08:57:12","modified_gmt":"2025-05-21T08:57:12","slug":"le-festival-du-film-d-el-gouna-rend-hommage-a-jane-birkin-lors-de-sa-6eme-edition","status":"publish","type":"post","link":"https:\/\/www.webdo.tn\/fr\/actualite\/culture\/le-festival-du-film-d-el-gouna-rend-hommage-a-jane-birkin-lors-de-sa-6eme-edition\/208547\/","title":{"rendered":"Le Festival du Film d\u2019El Gouna rend hommage \u00e0 Jane Birkin lors de sa 6\u00e8me \u00e9dition."},"content":{"rendered":"<div class=\"single-body entry-content typography-copy\" itemprop=\"articleBody\">\n<p style=\"font-weight: bold; text-align: justify\">\n\t\t\t\t\t\t\t\t\tLe Festival du Film d&rsquo;El Gouna annonce un hommage \u00e0 la l\u00e9gendaire actrice et chanteuse, Jane Birkin (d\u00e9cembre 1946-juillet 2023), lors de sa prochaine \u00e9dition qui se d\u00e9roulera du 13 au 20 octobre 2023. La d\u00e9cision du festival de c\u00e9l\u00e9brer sa carri\u00e8re illustre fait suite \u00e0 son r\u00e9cent d\u00e9c\u00e8s en France \u00e0 l&rsquo;\u00e2ge de 76 ans. Cet hommage s&rsquo;inscrit dans la philosophie du festival de c\u00e9l\u00e9brer les talents embl\u00e9matiques du pass\u00e9 et du pr\u00e9sent.\n\t\t\t\t\t\t\t\t<\/p>\n<div class=\"coprs\" style=\"text-align: center\"><\/div>\n<div class=\"coprs\" style=\"text-align: justify\">\n<p><span><span>En discutant de l&rsquo;importance de rendre hommage aux figures distingu\u00e9es du cin\u00e9ma lors d&rsquo;un festival, Marianne Khoury, la directrice artistique du festival, a soulign\u00e9 : \u00ab\u00a0<em>Dans le paysage en constante \u00e9volution du cin\u00e9ma, il est essentiel de rendre hommage aux pionniers qui ont fa\u00e7onn\u00e9 l&rsquo;industrie telle qu&rsquo;elle est aujourd&rsquo;hui. Jane Birkin n&rsquo;\u00e9tait pas seulement une actrice et chanteuse embl\u00e9matique, mais aussi un symbole de libert\u00e9 et d&rsquo;innovation artistique. Son travail a transcend\u00e9 les fronti\u00e8res et les g\u00e9n\u00e9rations, en faisant une figure intemporelle dans le monde de l&rsquo;art. C&rsquo;est un privil\u00e8ge pour nous de c\u00e9l\u00e9brer son h\u00e9ritage et de partager une partie de son voyage remarquable avec notre public au Festival du Film d&rsquo;El Gouna.<\/em>\u00ab\u00a0<\/span><\/span><\/p>\n<p><span><span>Au-del\u00e0 de ses r\u00e9alisations cin\u00e9matographiques, la contribution de Birkin \u00e0 la musique \u00e9tait \u00e9galement extraordinaire. Sa collaboration avec le l\u00e9gendaire Serge Gainsbourg a donn\u00e9 naissance \u00e0 des classiques intemporels comme \u00ab\u00a0<em>Je t&rsquo;aime&#8230; moi non plus<\/em>\u00ab\u00a0, une chanson qui a d\u00e9fi\u00e9 les normes sociales et est devenue un hymne \u00e0 la lib\u00e9ration. Sa voix distinctive et ses paroles po\u00e9tiques ont inspir\u00e9 d&rsquo;innombrables musiciens et auditeurs, solidifiant sa place dans l&rsquo;histoire de la musique.<\/span><\/span><\/p>\n<p><span><span>Le Festival du Film d&rsquo;El Gouna est honor\u00e9 de pr\u00e9senter une s\u00e9lection de films qui mettent en lumi\u00e8re la vie et la carri\u00e8re de Jane Birkin. La programmation comprend :<\/span><\/span><\/p>\n<p><span><span><strong><em>BOXES<\/em><\/strong><\/span><\/span><br \/>\n<span><span>Jane Birkin | France | 2007 | Fran\u00e7ais, Anglais | 95 min.<\/span><\/span><br \/>\n<span><span>Sur le pittoresque littoral breton, Anna, \u00e2g\u00e9e de 45 \u00e0 50 ans, d\u00e9balle ses bo\u00eetes dans une grande vieille maison, apparemment seule. Cependant, \u00e0 mesure que les bo\u00eetes r\u00e9v\u00e8lent leur contenu, un tourbillon d&rsquo;ex-maris, d&rsquo;amoureux, d&rsquo;enfants, de parents, et m\u00eame de fant\u00f4mes \u00e9merge. La r\u00e9alisatrice Jane Birkin nous invite dans un voyage captivant de souvenirs et d&rsquo;\u00e9motions.<\/span><\/span><\/p>\n<p><span><span><strong><em>JANE B. FOR AGN\u00c8S V.<\/em><\/strong><\/span><\/span><br \/>\n<span><span>Agn\u00e8s Varda | France | 1988 | Fran\u00e7ais | 99 min.<\/span><\/span><br \/>\n<span><span>Le portrait \u00e9mouvant d&rsquo;Agn\u00e8s Varda de Jane Birkin emm\u00e8ne les spectateurs dans un voyage aux multiples facettes \u00e0 travers diverses fictions et personas. Jane Birkin, connue sous le nom de Jane B., endosse des r\u00f4les tels que Jane&#8230; d&rsquo;Arc, Calamity Jane, Jane de Tarzan et Jane de Gainsbourg. Cette exploration captivante de l&rsquo;identit\u00e9 et de la cr\u00e9ativit\u00e9 met en avant l&rsquo;art de Birkin.<\/span><\/span><\/p>\n<p><span><span><strong><em>KUNG-FU MASTER! (LE PETIT AMOUR)<\/em><\/strong><\/span><\/span><br \/>\n<span><span>Agn\u00e8s Varda | France | 1988 | Fran\u00e7ais, Anglais | 80 min.<\/span><\/span><br \/>\n<span><span>Tourn\u00e9 simultan\u00e9ment avec \u00ab\u00a0Jane B. for Agn\u00e8s V\u00a0\u00bb (1988), ce film audacieux d&rsquo;Agn\u00e8s Varda et Jane Birkin (qui a \u00e9crit l&rsquo;histoire \u00e0 l&rsquo;origine du film) explore l&rsquo;amour non conventionnel entre une femme d&rsquo;\u00e2ge moyen, interpr\u00e9t\u00e9e par Birkin, et un passionn\u00e9 de jeux vid\u00e9o de 14 ans, jou\u00e9 par le fils de Varda, Mathieu Demy.<\/span><\/span><\/p>\n<p><span><span><strong><em>JANE BY CHARLOTTE<\/em><\/strong><\/span><\/span><br \/>\n<span><span>Charlotte Gainsbourg | France | 2021 | Fran\u00e7ais | 90 min.<\/span><\/span><br \/>\n<span><span>Au fil du temps, Charlotte Gainsbourg examine sa m\u00e8re, Jane Birkin, d&rsquo;une mani\u00e8re qu&rsquo;elle n&rsquo;avait jamais faite auparavant. \u00c0 travers l&rsquo;objectif d&rsquo;une cam\u00e9ra, elles se livrent l&rsquo;une \u00e0 l&rsquo;autre, r\u00e9v\u00e9lant leurs \u00eatres int\u00e9rieurs et nourrissant une relation m\u00e8re-fille qui transcende les ann\u00e9es. Ce documentaire \u00e9mouvant est un t\u00e9moignage du lien durable entre deux femmes remarquables.<\/span><\/span><\/p>\n<p><span><span>Alors que nous nous souvenons de Jane Birkin, nous c\u00e9l\u00e9brons son h\u00e9ritage en tant que symbole de libert\u00e9 artistique et d&rsquo;innovation. Nous invitons les passionn\u00e9s de cin\u00e9ma et les amateurs de musique \u00e0 se joindre \u00e0 nous pour honorer cette figure embl\u00e9matique lors de la 6\u00e8me \u00e9dition du Festival du Film d&rsquo;El Gouna.<\/span><\/span><\/p>\n<p><span><span><strong>\u00c0 propos du Festival du Film d&rsquo;El Gouna<\/strong><\/span><\/span><\/p>\n<p><span><span>L&rsquo;un des festivals phares de la r\u00e9gion MENA, le GFF vise \u00e0 pr\u00e9senter une grande vari\u00e9t\u00e9 de films \u00e0 un public passionn\u00e9 et avis\u00e9, tout en favorisant une meilleure communication entre les cultures gr\u00e2ce \u00e0 l&rsquo;art du cin\u00e9ma. Son objectif est de mettre en relation les cin\u00e9astes de la r\u00e9gion avec leurs homologues internationaux dans un esprit de coop\u00e9ration et d&rsquo;\u00e9change culturel. Le Festival du Film d&rsquo;El Gouna s&rsquo;est forg\u00e9 une r\u00e9putation en pr\u00e9sentant une programmation diversifi\u00e9e de films du monde entier, avec une forte emphase sur le cin\u00e9ma arabe. Le festival vise \u00e0 promouvoir et soutenir la croissance de l&rsquo;industrie dans la r\u00e9gion et \u00e0 fournir une plateforme aux cin\u00e9astes pour pr\u00e9senter leur travail. Le festival s&rsquo;engage \u00e9galement \u00e0 d\u00e9couvrir de nouvelles voix et s&rsquo;efforce d&rsquo;\u00eatre un catalyseur pour le d\u00e9veloppement du cin\u00e9ma dans le monde arabe, notamment gr\u00e2ce \u00e0 la plateforme CineGouna, un \u00e9v\u00e9nement ax\u00e9 sur l&rsquo;industrie cr\u00e9\u00e9 pour soutenir les cin\u00e9astes \u00e9gyptiens et arabes en leur offrant un soutien artistique et financier. CineGouna Platform pr\u00e9sente les programmes CineGouna SpringBoard et CineGouna Bridge, qui offrent des opportunit\u00e9s de partage et d&rsquo;apprentissage.<\/span><\/span><\/p>\n<p><span><strong>Communiqu\u00e9.<\/strong><\/span><\/p>\n<\/p><\/div>\n<div class=\"coprs\" style=\"text-align: center\"><\/div><\/div>\n","protected":false},"excerpt":{"rendered":"<p>Le Festival du Film d&rsquo;El Gouna annonce un hommage \u00e0 la l\u00e9gendaire actrice et chanteuse, Jane Birkin (d\u00e9cembre 1946-juillet 2023), lors de sa prochaine \u00e9dition q&#8230;<\/p>\n","protected":false},"author":3164,"featured_media":278679,"comment_status":"open","ping_status":"closed","sticky":false,"template":"","format":"standard","meta":{"footnotes":""},"categories":[2594],"tags":[6648,7281,3258,3259,7280,9699],"class_list":["post-208547","post","type-post","status-publish","format-standard","has-post-thumbnail","hentry","category-culture","tag-el-gouna","tag-el-gouna-2023","tag-festival-du-film-del-gouna","tag-gff","tag-gff-2023","tag-jane-birkin"],"yoast_head":"<!-- This site is optimized with the Yoast SEO Premium plugin v27.5 (Yoast SEO v27.5) - https:\/\/yoast.com\/product\/yoast-seo-premium-wordpress\/ -->\n<title>Le Festival du Film d\u2019El Gouna rend hommage \u00e0 Jane Birkin lors de sa 6\u00e8me \u00e9dition.<\/title>\n<meta name=\"description\" content=\"Le Festival du Film d&#039;El Gouna annonce un hommage \u00e0 la l\u00e9gendaire actrice et chanteuse, Jane Birkin (d\u00e9cembre 1946-juillet 2023), lors de sa prochaine \u00e9dition q...\" \/>\n<link rel=\"canonical\" href=\"https:\/\/www.webdo.tn\/fr\/actualite\/culture\/le-festival-du-film-d-el-gouna-rend-hommage-a-jane-birkin-lors-de-sa-6eme-edition\/208547\/\" \/>\n<meta property=\"og:locale\" content=\"fr_FR\" \/>\n<meta property=\"og:type\" content=\"article\" \/>\n<meta property=\"og:title\" content=\"Le Festival du Film d\u2019El Gouna rend hommage \u00e0 Jane Birkin lors de sa 6\u00e8me \u00e9dition.\" \/>\n<meta property=\"og:description\" content=\"Le Festival du Film d&#039;El Gouna annonce un hommage \u00e0 la l\u00e9gendaire actrice et chanteuse, Jane Birkin (d\u00e9cembre 1946-juillet 2023), lors de sa prochaine \u00e9dition q...\" \/>\n<meta property=\"og:url\" content=\"https:\/\/www.webdo.tn\/fr\/actualite\/culture\/le-festival-du-film-d-el-gouna-rend-hommage-a-jane-birkin-lors-de-sa-6eme-edition\/208547\/\" \/>\n<meta property=\"og:site_name\" content=\"webdo\" \/>\n<meta property=\"article:publisher\" content=\"https:\/\/www.facebook.com\/webdotn\" \/>\n<meta property=\"article:author\" content=\"https:\/\/www.facebook.com\/massir.destiniii\/\" \/>\n<meta property=\"article:published_time\" content=\"2023-09-10T14:19:00+00:00\" \/>\n<meta property=\"article:modified_time\" content=\"2025-05-21T08:57:12+00:00\" \/>\n<meta property=\"og:image\" content=\"https:\/\/www.webdo.tn\/fr\/wp-content\/uploads\/2023\/09\/f2731c5e828e67be4b063c5c9757ecee.jpeg\" \/>\n\t<meta property=\"og:image:width\" content=\"750\" \/>\n\t<meta property=\"og:image:height\" content=\"400\" \/>\n\t<meta property=\"og:image:type\" content=\"image\/jpeg\" \/>\n<meta name=\"author\" content=\"Ne\u00efla DRISS\" \/>\n<meta name=\"twitter:card\" content=\"summary_large_image\" \/>\n<meta name=\"twitter:creator\" content=\"@https:\/\/x.com\/MassirDestin\" \/>\n<meta name=\"twitter:site\" content=\"@webdo_tn\" \/>\n<meta name=\"twitter:label1\" content=\"\u00c9crit par\" \/>\n\t<meta name=\"twitter:data1\" content=\"Ne\u00efla DRISS\" \/>\n\t<meta name=\"twitter:label2\" content=\"Dur\u00e9e de lecture estim\u00e9e\" \/>\n\t<meta name=\"twitter:data2\" content=\"4 minutes\" \/>\n<script type=\"application\/ld+json\" class=\"yoast-schema-graph\">{\"@context\":\"https:\\\/\\\/schema.org\",\"@graph\":[{\"@type\":\"NewsArticle\",\"@id\":\"https:\\\/\\\/www.webdo.tn\\\/fr\\\/actualite\\\/culture\\\/le-festival-du-film-d-el-gouna-rend-hommage-a-jane-birkin-lors-de-sa-6eme-edition\\\/208547\\\/#article\",\"isPartOf\":{\"@id\":\"https:\\\/\\\/www.webdo.tn\\\/fr\\\/actualite\\\/culture\\\/le-festival-du-film-d-el-gouna-rend-hommage-a-jane-birkin-lors-de-sa-6eme-edition\\\/208547\\\/\"},\"author\":{\"name\":\"Ne\u00efla DRISS\",\"@id\":\"https:\\\/\\\/www.webdo.tn\\\/fr\\\/#\\\/schema\\\/person\\\/60d5ba619ed3f58783b0dc82b7dada80\"},\"headline\":\"Le Festival du Film d\u2019El Gouna rend hommage \u00e0 Jane Birkin lors de sa 6\u00e8me \u00e9dition.\",\"datePublished\":\"2023-09-10T14:19:00+00:00\",\"dateModified\":\"2025-05-21T08:57:12+00:00\",\"mainEntityOfPage\":{\"@id\":\"https:\\\/\\\/www.webdo.tn\\\/fr\\\/actualite\\\/culture\\\/le-festival-du-film-d-el-gouna-rend-hommage-a-jane-birkin-lors-de-sa-6eme-edition\\\/208547\\\/\"},\"wordCount\":934,\"commentCount\":0,\"publisher\":{\"@id\":\"https:\\\/\\\/www.webdo.tn\\\/fr\\\/#organization\"},\"image\":{\"@id\":\"https:\\\/\\\/www.webdo.tn\\\/fr\\\/actualite\\\/culture\\\/le-festival-du-film-d-el-gouna-rend-hommage-a-jane-birkin-lors-de-sa-6eme-edition\\\/208547\\\/#primaryimage\"},\"thumbnailUrl\":\"https:\\\/\\\/www.webdo.tn\\\/fr\\\/wp-content\\\/uploads\\\/2023\\\/09\\\/f2731c5e828e67be4b063c5c9757ecee.jpeg\",\"keywords\":[\"El Gouna\",\"El Gouna 2023\",\"Festival du Film d'El Gouna\",\"GFF\",\"GFF 2023\",\"Jane Birkin\"],\"articleSection\":[\"Culture\"],\"inLanguage\":\"fr-FR\"},{\"@type\":\"WebPage\",\"@id\":\"https:\\\/\\\/www.webdo.tn\\\/fr\\\/actualite\\\/culture\\\/le-festival-du-film-d-el-gouna-rend-hommage-a-jane-birkin-lors-de-sa-6eme-edition\\\/208547\\\/\",\"url\":\"https:\\\/\\\/www.webdo.tn\\\/fr\\\/actualite\\\/culture\\\/le-festival-du-film-d-el-gouna-rend-hommage-a-jane-birkin-lors-de-sa-6eme-edition\\\/208547\\\/\",\"name\":\"Le Festival du Film d\u2019El Gouna rend hommage \u00e0 Jane Birkin lors de sa 6\u00e8me \u00e9dition.\",\"isPartOf\":{\"@id\":\"https:\\\/\\\/www.webdo.tn\\\/fr\\\/#website\"},\"primaryImageOfPage\":{\"@id\":\"https:\\\/\\\/www.webdo.tn\\\/fr\\\/actualite\\\/culture\\\/le-festival-du-film-d-el-gouna-rend-hommage-a-jane-birkin-lors-de-sa-6eme-edition\\\/208547\\\/#primaryimage\"},\"image\":{\"@id\":\"https:\\\/\\\/www.webdo.tn\\\/fr\\\/actualite\\\/culture\\\/le-festival-du-film-d-el-gouna-rend-hommage-a-jane-birkin-lors-de-sa-6eme-edition\\\/208547\\\/#primaryimage\"},\"thumbnailUrl\":\"https:\\\/\\\/www.webdo.tn\\\/fr\\\/wp-content\\\/uploads\\\/2023\\\/09\\\/f2731c5e828e67be4b063c5c9757ecee.jpeg\",\"datePublished\":\"2023-09-10T14:19:00+00:00\",\"dateModified\":\"2025-05-21T08:57:12+00:00\",\"description\":\"Le Festival du Film d'El Gouna annonce un hommage \u00e0 la l\u00e9gendaire actrice et chanteuse, Jane Birkin (d\u00e9cembre 1946-juillet 2023), lors de sa prochaine \u00e9dition q...\",\"breadcrumb\":{\"@id\":\"https:\\\/\\\/www.webdo.tn\\\/fr\\\/actualite\\\/culture\\\/le-festival-du-film-d-el-gouna-rend-hommage-a-jane-birkin-lors-de-sa-6eme-edition\\\/208547\\\/#breadcrumb\"},\"inLanguage\":\"fr-FR\",\"potentialAction\":[{\"@type\":\"ReadAction\",\"target\":[\"https:\\\/\\\/www.webdo.tn\\\/fr\\\/actualite\\\/culture\\\/le-festival-du-film-d-el-gouna-rend-hommage-a-jane-birkin-lors-de-sa-6eme-edition\\\/208547\\\/\"]}]},{\"@type\":\"ImageObject\",\"inLanguage\":\"fr-FR\",\"@id\":\"https:\\\/\\\/www.webdo.tn\\\/fr\\\/actualite\\\/culture\\\/le-festival-du-film-d-el-gouna-rend-hommage-a-jane-birkin-lors-de-sa-6eme-edition\\\/208547\\\/#primaryimage\",\"url\":\"https:\\\/\\\/www.webdo.tn\\\/fr\\\/wp-content\\\/uploads\\\/2023\\\/09\\\/f2731c5e828e67be4b063c5c9757ecee.jpeg\",\"contentUrl\":\"https:\\\/\\\/www.webdo.tn\\\/fr\\\/wp-content\\\/uploads\\\/2023\\\/09\\\/f2731c5e828e67be4b063c5c9757ecee.jpeg\",\"width\":750,\"height\":400,\"caption\":\"Le Festival du Film d\u2019El Gouna rend hommage \u00e0 Jane Birkin lors de sa 6\u00e8me \u00e9dition.\"},{\"@type\":\"BreadcrumbList\",\"@id\":\"https:\\\/\\\/www.webdo.tn\\\/fr\\\/actualite\\\/culture\\\/le-festival-du-film-d-el-gouna-rend-hommage-a-jane-birkin-lors-de-sa-6eme-edition\\\/208547\\\/#breadcrumb\",\"itemListElement\":[{\"@type\":\"ListItem\",\"position\":1,\"name\":\"Accueil\",\"item\":\"https:\\\/\\\/www.webdo.tn\\\/fr\\\/\"},{\"@type\":\"ListItem\",\"position\":2,\"name\":\"Le Festival du Film d\u2019El Gouna rend hommage \u00e0 Jane Birkin lors de sa 6\u00e8me \u00e9dition.\"}]},{\"@type\":\"WebSite\",\"@id\":\"https:\\\/\\\/www.webdo.tn\\\/fr\\\/#website\",\"url\":\"https:\\\/\\\/www.webdo.tn\\\/fr\\\/\",\"name\":\"webdo\",\"description\":\"Tunisie - News en Tunisie et \u00e0 l&#039;international sur Webdo.tn\",\"publisher\":{\"@id\":\"https:\\\/\\\/www.webdo.tn\\\/fr\\\/#organization\"},\"potentialAction\":[{\"@type\":\"SearchAction\",\"target\":{\"@type\":\"EntryPoint\",\"urlTemplate\":\"https:\\\/\\\/www.webdo.tn\\\/fr\\\/?s={search_term_string}\"},\"query-input\":{\"@type\":\"PropertyValueSpecification\",\"valueRequired\":true,\"valueName\":\"search_term_string\"}}],\"inLanguage\":\"fr-FR\"},{\"@type\":\"Organization\",\"@id\":\"https:\\\/\\\/www.webdo.tn\\\/fr\\\/#organization\",\"name\":\"Webdo\",\"alternateName\":\"Webdo.tn\",\"url\":\"https:\\\/\\\/www.webdo.tn\\\/fr\\\/\",\"logo\":{\"@type\":\"ImageObject\",\"inLanguage\":\"fr-FR\",\"@id\":\"https:\\\/\\\/www.webdo.tn\\\/fr\\\/#\\\/schema\\\/logo\\\/image\\\/\",\"url\":\"https:\\\/\\\/www.webdo.tn\\\/fr\\\/wp-content\\\/uploads\\\/2025\\\/06\\\/Webdo-Tunisie_168377.jpg\",\"contentUrl\":\"https:\\\/\\\/www.webdo.tn\\\/fr\\\/wp-content\\\/uploads\\\/2025\\\/06\\\/Webdo-Tunisie_168377.jpg\",\"width\":301,\"height\":301,\"caption\":\"Webdo\"},\"image\":{\"@id\":\"https:\\\/\\\/www.webdo.tn\\\/fr\\\/#\\\/schema\\\/logo\\\/image\\\/\"},\"sameAs\":[\"https:\\\/\\\/www.facebook.com\\\/webdotn\",\"https:\\\/\\\/x.com\\\/webdo_tn\"],\"description\":\"Webdo est un m\u00e9dia num\u00e9rique tunisien fond\u00e9 en 2010, sp\u00e9cialis\u00e9 dans l\u2019actualit\u00e9 nationale et internationale, l\u2019\u00e9conomie, la soci\u00e9t\u00e9 et les analyses politiques. Le site s\u2019adresse \u00e0 un large public francophone et couvre l\u2019information tunisienne en temps r\u00e9el.\",\"email\":\"redac@webdo.tn\",\"legalName\":\"YNJ SARL\",\"foundingDate\":\"2010-09-06\",\"numberOfEmployees\":{\"@type\":\"QuantitativeValue\",\"minValue\":\"11\",\"maxValue\":\"50\"}},{\"@type\":\"Person\",\"@id\":\"https:\\\/\\\/www.webdo.tn\\\/fr\\\/#\\\/schema\\\/person\\\/60d5ba619ed3f58783b0dc82b7dada80\",\"name\":\"Ne\u00efla DRISS\",\"image\":{\"@type\":\"ImageObject\",\"inLanguage\":\"fr-FR\",\"@id\":\"https:\\\/\\\/www.webdo.tn\\\/fr\\\/wp-content\\\/uploads\\\/2026\\\/04\\\/neila-driss_avatar-96x96.jpg\",\"url\":\"https:\\\/\\\/www.webdo.tn\\\/fr\\\/wp-content\\\/uploads\\\/2026\\\/04\\\/neila-driss_avatar-96x96.jpg\",\"contentUrl\":\"https:\\\/\\\/www.webdo.tn\\\/fr\\\/wp-content\\\/uploads\\\/2026\\\/04\\\/neila-driss_avatar-96x96.jpg\",\"caption\":\"Ne\u00efla DRISS\"},\"description\":\"Ne\u00efla Driss est juriste, journaliste culturelle et critique de cin\u00e9ma tunisienne. Titulaire d\u2019un DEA en droit priv\u00e9 de l\u2019Universit\u00e9 Paris II et d\u2019un DESS de l\u2019IHEC Carthage, elle d\u00e9bute sa carri\u00e8re comme juriste sp\u00e9cialis\u00e9e en gestion de patrimoine immobilier. Elle s\u2019oriente ensuite vers l\u2019\u00e9criture en ligne, o\u00f9 elle se distingue d\u00e8s 2006 aux Tunisia Blog Awards, avant de se consacrer au journalisme culturel, avec une sp\u00e9cialisation dans la critique cin\u00e9matographique. Elle couvre r\u00e9guli\u00e8rement les grands festivals internationaux, notamment le Festival de Cannes, les Journ\u00e9es Cin\u00e9matographiques de Carthage et le Festival du film du Caire. Membre de l\u2019ATPCC et de la FIPRESCI, elle participe \u00e0 des jurys et initiatives internationales de critique. Depuis 2024, elle est \u00e9lectrice internationale aux Golden Globes. Facebook : https:\\\/\\\/www.facebook.com\\\/massir.destiniii\\\/ X : https:\\\/\\\/x.com\\\/MassirDestin\",\"sameAs\":[\"https:\\\/\\\/www.facebook.com\\\/massir.destiniii\\\/\",\"https:\\\/\\\/www.instagram.com\\\/neila.driss\\\/?hl=fr\",\"https:\\\/\\\/www.linkedin.com\\\/in\\\/neila-driss-22606a80\\\/\",\"https:\\\/\\\/x.com\\\/https:\\\/\\\/x.com\\\/MassirDestin\"],\"knowsAbout\":[\"Cin\u00e9ma international\",\"critique cin\u00e9matographique\",\"festivals de cin\u00e9ma\",\"journalisme culturel\"],\"knowsLanguage\":[\"Fran\u00e7ais\",\"Arabe\",\"Anglais\"],\"jobTitle\":\"Journaliste culturelle et critique de cin\u00e9ma\",\"worksFor\":\"Webdo\",\"url\":\"https:\\\/\\\/www.webdo.tn\\\/fr\\\/actualite\\\/author\\\/neila-driss\\\/\"}]}<\/script>\n<!-- \/ Yoast SEO Premium plugin. -->","yoast_head_json":{"title":"Le Festival du Film d\u2019El Gouna rend hommage \u00e0 Jane Birkin lors de sa 6\u00e8me \u00e9dition.","description":"Le Festival du Film d'El Gouna annonce un hommage \u00e0 la l\u00e9gendaire actrice et chanteuse, Jane Birkin (d\u00e9cembre 1946-juillet 2023), lors de sa prochaine \u00e9dition q...","canonical":"https:\/\/www.webdo.tn\/fr\/actualite\/culture\/le-festival-du-film-d-el-gouna-rend-hommage-a-jane-birkin-lors-de-sa-6eme-edition\/208547\/","og_locale":"fr_FR","og_type":"article","og_title":"Le Festival du Film d\u2019El Gouna rend hommage \u00e0 Jane Birkin lors de sa 6\u00e8me \u00e9dition.","og_description":"Le Festival du Film d'El Gouna annonce un hommage \u00e0 la l\u00e9gendaire actrice et chanteuse, Jane Birkin (d\u00e9cembre 1946-juillet 2023), lors de sa prochaine \u00e9dition q...","og_url":"https:\/\/www.webdo.tn\/fr\/actualite\/culture\/le-festival-du-film-d-el-gouna-rend-hommage-a-jane-birkin-lors-de-sa-6eme-edition\/208547\/","og_site_name":"webdo","article_publisher":"https:\/\/www.facebook.com\/webdotn","article_author":"https:\/\/www.facebook.com\/massir.destiniii\/","article_published_time":"2023-09-10T14:19:00+00:00","article_modified_time":"2025-05-21T08:57:12+00:00","og_image":[{"width":750,"height":400,"url":"https:\/\/www.webdo.tn\/fr\/wp-content\/uploads\/2023\/09\/f2731c5e828e67be4b063c5c9757ecee.jpeg","type":"image\/jpeg"}],"author":"Ne\u00efla DRISS","twitter_card":"summary_large_image","twitter_creator":"@https:\/\/x.com\/MassirDestin","twitter_site":"@webdo_tn","twitter_misc":{"\u00c9crit par":"Ne\u00efla DRISS","Dur\u00e9e de lecture estim\u00e9e":"4 minutes"},"schema":{"@context":"https:\/\/schema.org","@graph":[{"@type":"NewsArticle","@id":"https:\/\/www.webdo.tn\/fr\/actualite\/culture\/le-festival-du-film-d-el-gouna-rend-hommage-a-jane-birkin-lors-de-sa-6eme-edition\/208547\/#article","isPartOf":{"@id":"https:\/\/www.webdo.tn\/fr\/actualite\/culture\/le-festival-du-film-d-el-gouna-rend-hommage-a-jane-birkin-lors-de-sa-6eme-edition\/208547\/"},"author":{"name":"Ne\u00efla DRISS","@id":"https:\/\/www.webdo.tn\/fr\/#\/schema\/person\/60d5ba619ed3f58783b0dc82b7dada80"},"headline":"Le Festival du Film d\u2019El Gouna rend hommage \u00e0 Jane Birkin lors de sa 6\u00e8me \u00e9dition.","datePublished":"2023-09-10T14:19:00+00:00","dateModified":"2025-05-21T08:57:12+00:00","mainEntityOfPage":{"@id":"https:\/\/www.webdo.tn\/fr\/actualite\/culture\/le-festival-du-film-d-el-gouna-rend-hommage-a-jane-birkin-lors-de-sa-6eme-edition\/208547\/"},"wordCount":934,"commentCount":0,"publisher":{"@id":"https:\/\/www.webdo.tn\/fr\/#organization"},"image":{"@id":"https:\/\/www.webdo.tn\/fr\/actualite\/culture\/le-festival-du-film-d-el-gouna-rend-hommage-a-jane-birkin-lors-de-sa-6eme-edition\/208547\/#primaryimage"},"thumbnailUrl":"https:\/\/www.webdo.tn\/fr\/wp-content\/uploads\/2023\/09\/f2731c5e828e67be4b063c5c9757ecee.jpeg","keywords":["El Gouna","El Gouna 2023","Festival du Film d'El Gouna","GFF","GFF 2023","Jane Birkin"],"articleSection":["Culture"],"inLanguage":"fr-FR"},{"@type":"WebPage","@id":"https:\/\/www.webdo.tn\/fr\/actualite\/culture\/le-festival-du-film-d-el-gouna-rend-hommage-a-jane-birkin-lors-de-sa-6eme-edition\/208547\/","url":"https:\/\/www.webdo.tn\/fr\/actualite\/culture\/le-festival-du-film-d-el-gouna-rend-hommage-a-jane-birkin-lors-de-sa-6eme-edition\/208547\/","name":"Le Festival du Film d\u2019El Gouna rend hommage \u00e0 Jane Birkin lors de sa 6\u00e8me \u00e9dition.","isPartOf":{"@id":"https:\/\/www.webdo.tn\/fr\/#website"},"primaryImageOfPage":{"@id":"https:\/\/www.webdo.tn\/fr\/actualite\/culture\/le-festival-du-film-d-el-gouna-rend-hommage-a-jane-birkin-lors-de-sa-6eme-edition\/208547\/#primaryimage"},"image":{"@id":"https:\/\/www.webdo.tn\/fr\/actualite\/culture\/le-festival-du-film-d-el-gouna-rend-hommage-a-jane-birkin-lors-de-sa-6eme-edition\/208547\/#primaryimage"},"thumbnailUrl":"https:\/\/www.webdo.tn\/fr\/wp-content\/uploads\/2023\/09\/f2731c5e828e67be4b063c5c9757ecee.jpeg","datePublished":"2023-09-10T14:19:00+00:00","dateModified":"2025-05-21T08:57:12+00:00","description":"Le Festival du Film d'El Gouna annonce un hommage \u00e0 la l\u00e9gendaire actrice et chanteuse, Jane Birkin (d\u00e9cembre 1946-juillet 2023), lors de sa prochaine \u00e9dition q...","breadcrumb":{"@id":"https:\/\/www.webdo.tn\/fr\/actualite\/culture\/le-festival-du-film-d-el-gouna-rend-hommage-a-jane-birkin-lors-de-sa-6eme-edition\/208547\/#breadcrumb"},"inLanguage":"fr-FR","potentialAction":[{"@type":"ReadAction","target":["https:\/\/www.webdo.tn\/fr\/actualite\/culture\/le-festival-du-film-d-el-gouna-rend-hommage-a-jane-birkin-lors-de-sa-6eme-edition\/208547\/"]}]},{"@type":"ImageObject","inLanguage":"fr-FR","@id":"https:\/\/www.webdo.tn\/fr\/actualite\/culture\/le-festival-du-film-d-el-gouna-rend-hommage-a-jane-birkin-lors-de-sa-6eme-edition\/208547\/#primaryimage","url":"https:\/\/www.webdo.tn\/fr\/wp-content\/uploads\/2023\/09\/f2731c5e828e67be4b063c5c9757ecee.jpeg","contentUrl":"https:\/\/www.webdo.tn\/fr\/wp-content\/uploads\/2023\/09\/f2731c5e828e67be4b063c5c9757ecee.jpeg","width":750,"height":400,"caption":"Le Festival du Film d\u2019El Gouna rend hommage \u00e0 Jane Birkin lors de sa 6\u00e8me \u00e9dition."},{"@type":"BreadcrumbList","@id":"https:\/\/www.webdo.tn\/fr\/actualite\/culture\/le-festival-du-film-d-el-gouna-rend-hommage-a-jane-birkin-lors-de-sa-6eme-edition\/208547\/#breadcrumb","itemListElement":[{"@type":"ListItem","position":1,"name":"Accueil","item":"https:\/\/www.webdo.tn\/fr\/"},{"@type":"ListItem","position":2,"name":"Le Festival du Film d\u2019El Gouna rend hommage \u00e0 Jane Birkin lors de sa 6\u00e8me \u00e9dition."}]},{"@type":"WebSite","@id":"https:\/\/www.webdo.tn\/fr\/#website","url":"https:\/\/www.webdo.tn\/fr\/","name":"webdo","description":"Tunisie - News en Tunisie et \u00e0 l&#039;international sur Webdo.tn","publisher":{"@id":"https:\/\/www.webdo.tn\/fr\/#organization"},"potentialAction":[{"@type":"SearchAction","target":{"@type":"EntryPoint","urlTemplate":"https:\/\/www.webdo.tn\/fr\/?s={search_term_string}"},"query-input":{"@type":"PropertyValueSpecification","valueRequired":true,"valueName":"search_term_string"}}],"inLanguage":"fr-FR"},{"@type":"Organization","@id":"https:\/\/www.webdo.tn\/fr\/#organization","name":"Webdo","alternateName":"Webdo.tn","url":"https:\/\/www.webdo.tn\/fr\/","logo":{"@type":"ImageObject","inLanguage":"fr-FR","@id":"https:\/\/www.webdo.tn\/fr\/#\/schema\/logo\/image\/","url":"https:\/\/www.webdo.tn\/fr\/wp-content\/uploads\/2025\/06\/Webdo-Tunisie_168377.jpg","contentUrl":"https:\/\/www.webdo.tn\/fr\/wp-content\/uploads\/2025\/06\/Webdo-Tunisie_168377.jpg","width":301,"height":301,"caption":"Webdo"},"image":{"@id":"https:\/\/www.webdo.tn\/fr\/#\/schema\/logo\/image\/"},"sameAs":["https:\/\/www.facebook.com\/webdotn","https:\/\/x.com\/webdo_tn"],"description":"Webdo est un m\u00e9dia num\u00e9rique tunisien fond\u00e9 en 2010, sp\u00e9cialis\u00e9 dans l\u2019actualit\u00e9 nationale et internationale, l\u2019\u00e9conomie, la soci\u00e9t\u00e9 et les analyses politiques. Le site s\u2019adresse \u00e0 un large public francophone et couvre l\u2019information tunisienne en temps r\u00e9el.","email":"redac@webdo.tn","legalName":"YNJ SARL","foundingDate":"2010-09-06","numberOfEmployees":{"@type":"QuantitativeValue","minValue":"11","maxValue":"50"}},{"@type":"Person","@id":"https:\/\/www.webdo.tn\/fr\/#\/schema\/person\/60d5ba619ed3f58783b0dc82b7dada80","name":"Ne\u00efla DRISS","image":{"@type":"ImageObject","inLanguage":"fr-FR","@id":"https:\/\/www.webdo.tn\/fr\/wp-content\/uploads\/2026\/04\/neila-driss_avatar-96x96.jpg","url":"https:\/\/www.webdo.tn\/fr\/wp-content\/uploads\/2026\/04\/neila-driss_avatar-96x96.jpg","contentUrl":"https:\/\/www.webdo.tn\/fr\/wp-content\/uploads\/2026\/04\/neila-driss_avatar-96x96.jpg","caption":"Ne\u00efla DRISS"},"description":"Ne\u00efla Driss est juriste, journaliste culturelle et critique de cin\u00e9ma tunisienne. Titulaire d\u2019un DEA en droit priv\u00e9 de l\u2019Universit\u00e9 Paris II et d\u2019un DESS de l\u2019IHEC Carthage, elle d\u00e9bute sa carri\u00e8re comme juriste sp\u00e9cialis\u00e9e en gestion de patrimoine immobilier. Elle s\u2019oriente ensuite vers l\u2019\u00e9criture en ligne, o\u00f9 elle se distingue d\u00e8s 2006 aux Tunisia Blog Awards, avant de se consacrer au journalisme culturel, avec une sp\u00e9cialisation dans la critique cin\u00e9matographique. Elle couvre r\u00e9guli\u00e8rement les grands festivals internationaux, notamment le Festival de Cannes, les Journ\u00e9es Cin\u00e9matographiques de Carthage et le Festival du film du Caire. Membre de l\u2019ATPCC et de la FIPRESCI, elle participe \u00e0 des jurys et initiatives internationales de critique. Depuis 2024, elle est \u00e9lectrice internationale aux Golden Globes. Facebook : https:\/\/www.facebook.com\/massir.destiniii\/ X : https:\/\/x.com\/MassirDestin","sameAs":["https:\/\/www.facebook.com\/massir.destiniii\/","https:\/\/www.instagram.com\/neila.driss\/?hl=fr","https:\/\/www.linkedin.com\/in\/neila-driss-22606a80\/","https:\/\/x.com\/https:\/\/x.com\/MassirDestin"],"knowsAbout":["Cin\u00e9ma international","critique cin\u00e9matographique","festivals de cin\u00e9ma","journalisme culturel"],"knowsLanguage":["Fran\u00e7ais","Arabe","Anglais"],"jobTitle":"Journaliste culturelle et critique de cin\u00e9ma","worksFor":"Webdo","url":"https:\/\/www.webdo.tn\/fr\/actualite\/author\/neila-driss\/"}]}},"_links":{"self":[{"href":"https:\/\/www.webdo.tn\/fr\/wp-json\/wp\/v2\/posts\/208547","targetHints":{"allow":["GET"]}}],"collection":[{"href":"https:\/\/www.webdo.tn\/fr\/wp-json\/wp\/v2\/posts"}],"about":[{"href":"https:\/\/www.webdo.tn\/fr\/wp-json\/wp\/v2\/types\/post"}],"author":[{"embeddable":true,"href":"https:\/\/www.webdo.tn\/fr\/wp-json\/wp\/v2\/users\/3164"}],"replies":[{"embeddable":true,"href":"https:\/\/www.webdo.tn\/fr\/wp-json\/wp\/v2\/comments?post=208547"}],"version-history":[{"count":0,"href":"https:\/\/www.webdo.tn\/fr\/wp-json\/wp\/v2\/posts\/208547\/revisions"}],"wp:featuredmedia":[{"embeddable":true,"href":"https:\/\/www.webdo.tn\/fr\/wp-json\/wp\/v2\/media\/278679"}],"wp:attachment":[{"href":"https:\/\/www.webdo.tn\/fr\/wp-json\/wp\/v2\/media?parent=208547"}],"wp:term":[{"taxonomy":"category","embeddable":true,"href":"https:\/\/www.webdo.tn\/fr\/wp-json\/wp\/v2\/categories?post=208547"},{"taxonomy":"post_tag","embeddable":true,"href":"https:\/\/www.webdo.tn\/fr\/wp-json\/wp\/v2\/tags?post=208547"}],"curies":[{"name":"wp","href":"https:\/\/api.w.org\/{rel}","templated":true}]}}