{"id":208531,"date":"2023-09-09T12:11:00","date_gmt":"2023-09-09T12:11:00","guid":{"rendered":"https:\/\/www.webdo.tn\/fr\/blog\/la-tunisie-envoie-des-aides-urgentes-au-maroc\/208531\/"},"modified":"2025-05-20T22:41:19","modified_gmt":"2025-05-20T22:41:19","slug":"la-tunisie-envoie-des-aides-urgentes-au-maroc","status":"publish","type":"post","link":"https:\/\/www.webdo.tn\/fr\/actualite\/national\/la-tunisie-envoie-des-aides-urgentes-au-maroc\/208531\/","title":{"rendered":"La Tunisie envoie des aides urgentes au Maroc"},"content":{"rendered":"<p>Dans un communiqu\u00e9 rendu public, la pr\u00e9sidence de la R\u00e9publique a annonc\u00e9 que le chef de l\u2019Etat a ordonn\u00e9 d\u2019envoyer des aides urgentes au Maroc, suite au puissant s\u00e9isme qui a frapp\u00e9 plusieurs zones \u00e0 Marrakech.<\/p>\n<p>\t\t\t\t\t\t\t\t\tSelon le m\u00eame communiqu\u00e9, la pr\u00e9sidence a annonc\u00e9 qu\u2019une \u00e9quipe relevant du croissant rouge tunisien sera d\u00e9p\u00each\u00e9e dans les zones sinistr\u00e9es.\u00a0<\/p>\n<p>Un tremblement de terre a caus\u00e9 la mort de plusieurs centaines de personnes dans la nuit de vendredi \u00e0 samedi. Les villes et provinces d&rsquo;Al-Haouz et de Marrakech sont notamment touch\u00e9es.<\/p>\n<p>Au moins 822\u00a0personnes ont trouv\u00e9 la mort dans un puissant s\u00e9isme qui a d\u00e9vast\u00e9 le Maroc dans la nuit de vendredi \u00e0 samedi, provoquant d&rsquo;\u00e9normes d\u00e9g\u00e2ts et semant la panique \u00e0 Marrakech et plusieurs autres villes, selon un bilan officiel provisoire. Un pr\u00e9c\u00e9dent bilan faisait \u00e9tat de 296 morts.<\/p>\n<p>\u00c0 Casablanca, de nombreux habitants ont aussi pass\u00e9 la nuit dehors, par peur que leur toit ne s&rsquo;effondre. \u00ab\u00a0Je ne sais pas si je dois rester en bas ou monter. Franchement, \u00e7a fait peur\u00a0\u00bb, confie une habitante.<\/p>\n","protected":false},"excerpt":{"rendered":"<p>Dans un communiqu\u00e9 rendu public, la pr\u00e9sidence de la R\u00e9publique a annonc\u00e9 que le chef de l\u2019Etat a ordonn\u00e9 d\u2019envoyer des aides urgentes au Maroc, suite au puissa&#8230;<\/p>\n","protected":false},"author":3175,"featured_media":249361,"comment_status":"open","ping_status":"closed","sticky":false,"template":"","format":"standard","meta":{"footnotes":""},"categories":[44],"tags":[7198,3464,7271,2608],"class_list":["post-208531","post","type-post","status-publish","format-standard","has-post-thumbnail","hentry","category-national","tag-aides","tag-maroc","tag-seisme","tag-tunisie"],"yoast_head":"<!-- This site is optimized with the Yoast SEO Premium plugin v27.4 (Yoast SEO v27.5) - https:\/\/yoast.com\/product\/yoast-seo-premium-wordpress\/ -->\n<title>La Tunisie envoie des aides urgentes au Maroc<\/title>\n<meta name=\"description\" content=\"Dans un communiqu\u00e9 rendu public, la pr\u00e9sidence de la R\u00e9publique a annonc\u00e9 que le chef de l\u2019Etat a ordonn\u00e9 d\u2019envoyer des aides urgentes au Maroc, suite au puissa...\" \/>\n<link rel=\"canonical\" href=\"https:\/\/www.webdo.tn\/fr\/actualite\/national\/la-tunisie-envoie-des-aides-urgentes-au-maroc\/208531\/\" \/>\n<meta property=\"og:locale\" content=\"fr_FR\" \/>\n<meta property=\"og:type\" content=\"article\" \/>\n<meta property=\"og:title\" content=\"La Tunisie envoie des aides urgentes au Maroc\" \/>\n<meta property=\"og:description\" content=\"Dans un communiqu\u00e9 rendu public, la pr\u00e9sidence de la R\u00e9publique a annonc\u00e9 que le chef de l\u2019Etat a ordonn\u00e9 d\u2019envoyer des aides urgentes au Maroc, suite au puissa...\" \/>\n<meta property=\"og:url\" content=\"https:\/\/www.webdo.tn\/fr\/actualite\/national\/la-tunisie-envoie-des-aides-urgentes-au-maroc\/208531\/\" \/>\n<meta property=\"og:site_name\" content=\"webdo\" \/>\n<meta property=\"article:publisher\" content=\"https:\/\/www.facebook.com\/webdotn\" \/>\n<meta property=\"article:published_time\" content=\"2023-09-09T12:11:00+00:00\" \/>\n<meta property=\"article:modified_time\" content=\"2025-05-20T22:41:19+00:00\" \/>\n<meta property=\"og:image\" content=\"https:\/\/www.webdo.tn\/fr\/wp-content\/uploads\/2023\/09\/db790202085ea1b2f7a31597b126cf92.jpg\" \/>\n\t<meta property=\"og:image:width\" content=\"750\" \/>\n\t<meta property=\"og:image:height\" content=\"400\" \/>\n\t<meta property=\"og:image:type\" content=\"image\/jpeg\" \/>\n<meta name=\"author\" content=\"CL\" \/>\n<meta name=\"twitter:card\" content=\"summary_large_image\" \/>\n<meta name=\"twitter:creator\" content=\"@webdo_tn\" \/>\n<meta name=\"twitter:site\" content=\"@webdo_tn\" \/>\n<meta name=\"twitter:label1\" content=\"\u00c9crit par\" \/>\n\t<meta name=\"twitter:data1\" content=\"CL\" \/>\n\t<meta name=\"twitter:label2\" content=\"Dur\u00e9e de lecture estim\u00e9e\" \/>\n\t<meta name=\"twitter:data2\" content=\"1 minute\" \/>\n<script type=\"application\/ld+json\" class=\"yoast-schema-graph\">{\"@context\":\"https:\\\/\\\/schema.org\",\"@graph\":[{\"@type\":\"NewsArticle\",\"@id\":\"https:\\\/\\\/www.webdo.tn\\\/fr\\\/actualite\\\/national\\\/la-tunisie-envoie-des-aides-urgentes-au-maroc\\\/208531\\\/#article\",\"isPartOf\":{\"@id\":\"https:\\\/\\\/www.webdo.tn\\\/fr\\\/actualite\\\/national\\\/la-tunisie-envoie-des-aides-urgentes-au-maroc\\\/208531\\\/\"},\"author\":{\"name\":\"CL\",\"@id\":\"https:\\\/\\\/www.webdo.tn\\\/fr\\\/#\\\/schema\\\/person\\\/f35b42a42c5e2511bbd282959d6385cc\"},\"headline\":\"La Tunisie envoie des aides urgentes au Maroc\",\"datePublished\":\"2023-09-09T12:11:00+00:00\",\"dateModified\":\"2025-05-20T22:41:19+00:00\",\"mainEntityOfPage\":{\"@id\":\"https:\\\/\\\/www.webdo.tn\\\/fr\\\/actualite\\\/national\\\/la-tunisie-envoie-des-aides-urgentes-au-maroc\\\/208531\\\/\"},\"wordCount\":198,\"commentCount\":0,\"publisher\":{\"@id\":\"https:\\\/\\\/www.webdo.tn\\\/fr\\\/#organization\"},\"image\":{\"@id\":\"https:\\\/\\\/www.webdo.tn\\\/fr\\\/actualite\\\/national\\\/la-tunisie-envoie-des-aides-urgentes-au-maroc\\\/208531\\\/#primaryimage\"},\"thumbnailUrl\":\"https:\\\/\\\/www.webdo.tn\\\/fr\\\/wp-content\\\/uploads\\\/2023\\\/09\\\/db790202085ea1b2f7a31597b126cf92.jpg\",\"keywords\":[\"Aides\",\"maroc\",\"s\u00e9isme\",\"Tunisie\"],\"articleSection\":[\"National\"],\"inLanguage\":\"fr-FR\"},{\"@type\":\"WebPage\",\"@id\":\"https:\\\/\\\/www.webdo.tn\\\/fr\\\/actualite\\\/national\\\/la-tunisie-envoie-des-aides-urgentes-au-maroc\\\/208531\\\/\",\"url\":\"https:\\\/\\\/www.webdo.tn\\\/fr\\\/actualite\\\/national\\\/la-tunisie-envoie-des-aides-urgentes-au-maroc\\\/208531\\\/\",\"name\":\"La Tunisie envoie des aides urgentes au Maroc\",\"isPartOf\":{\"@id\":\"https:\\\/\\\/www.webdo.tn\\\/fr\\\/#website\"},\"primaryImageOfPage\":{\"@id\":\"https:\\\/\\\/www.webdo.tn\\\/fr\\\/actualite\\\/national\\\/la-tunisie-envoie-des-aides-urgentes-au-maroc\\\/208531\\\/#primaryimage\"},\"image\":{\"@id\":\"https:\\\/\\\/www.webdo.tn\\\/fr\\\/actualite\\\/national\\\/la-tunisie-envoie-des-aides-urgentes-au-maroc\\\/208531\\\/#primaryimage\"},\"thumbnailUrl\":\"https:\\\/\\\/www.webdo.tn\\\/fr\\\/wp-content\\\/uploads\\\/2023\\\/09\\\/db790202085ea1b2f7a31597b126cf92.jpg\",\"datePublished\":\"2023-09-09T12:11:00+00:00\",\"dateModified\":\"2025-05-20T22:41:19+00:00\",\"description\":\"Dans un communiqu\u00e9 rendu public, la pr\u00e9sidence de la R\u00e9publique a annonc\u00e9 que le chef de l\u2019Etat a ordonn\u00e9 d\u2019envoyer des aides urgentes au Maroc, suite au puissa...\",\"breadcrumb\":{\"@id\":\"https:\\\/\\\/www.webdo.tn\\\/fr\\\/actualite\\\/national\\\/la-tunisie-envoie-des-aides-urgentes-au-maroc\\\/208531\\\/#breadcrumb\"},\"inLanguage\":\"fr-FR\",\"potentialAction\":[{\"@type\":\"ReadAction\",\"target\":[\"https:\\\/\\\/www.webdo.tn\\\/fr\\\/actualite\\\/national\\\/la-tunisie-envoie-des-aides-urgentes-au-maroc\\\/208531\\\/\"]}]},{\"@type\":\"ImageObject\",\"inLanguage\":\"fr-FR\",\"@id\":\"https:\\\/\\\/www.webdo.tn\\\/fr\\\/actualite\\\/national\\\/la-tunisie-envoie-des-aides-urgentes-au-maroc\\\/208531\\\/#primaryimage\",\"url\":\"https:\\\/\\\/www.webdo.tn\\\/fr\\\/wp-content\\\/uploads\\\/2023\\\/09\\\/db790202085ea1b2f7a31597b126cf92.jpg\",\"contentUrl\":\"https:\\\/\\\/www.webdo.tn\\\/fr\\\/wp-content\\\/uploads\\\/2023\\\/09\\\/db790202085ea1b2f7a31597b126cf92.jpg\",\"width\":750,\"height\":400,\"caption\":\"La Tunisie envoie des aides urgentes au Maroc\"},{\"@type\":\"BreadcrumbList\",\"@id\":\"https:\\\/\\\/www.webdo.tn\\\/fr\\\/actualite\\\/national\\\/la-tunisie-envoie-des-aides-urgentes-au-maroc\\\/208531\\\/#breadcrumb\",\"itemListElement\":[{\"@type\":\"ListItem\",\"position\":1,\"name\":\"Accueil\",\"item\":\"https:\\\/\\\/www.webdo.tn\\\/fr\\\/\"},{\"@type\":\"ListItem\",\"position\":2,\"name\":\"La Tunisie envoie des aides urgentes au Maroc\"}]},{\"@type\":\"WebSite\",\"@id\":\"https:\\\/\\\/www.webdo.tn\\\/fr\\\/#website\",\"url\":\"https:\\\/\\\/www.webdo.tn\\\/fr\\\/\",\"name\":\"webdo\",\"description\":\"Tunisie - News en Tunisie et \u00e0 l&#039;international sur Webdo.tn\",\"publisher\":{\"@id\":\"https:\\\/\\\/www.webdo.tn\\\/fr\\\/#organization\"},\"potentialAction\":[{\"@type\":\"SearchAction\",\"target\":{\"@type\":\"EntryPoint\",\"urlTemplate\":\"https:\\\/\\\/www.webdo.tn\\\/fr\\\/?s={search_term_string}\"},\"query-input\":{\"@type\":\"PropertyValueSpecification\",\"valueRequired\":true,\"valueName\":\"search_term_string\"}}],\"inLanguage\":\"fr-FR\"},{\"@type\":\"Organization\",\"@id\":\"https:\\\/\\\/www.webdo.tn\\\/fr\\\/#organization\",\"name\":\"Webdo\",\"alternateName\":\"Webdo.tn\",\"url\":\"https:\\\/\\\/www.webdo.tn\\\/fr\\\/\",\"logo\":{\"@type\":\"ImageObject\",\"inLanguage\":\"fr-FR\",\"@id\":\"https:\\\/\\\/www.webdo.tn\\\/fr\\\/#\\\/schema\\\/logo\\\/image\\\/\",\"url\":\"https:\\\/\\\/www.webdo.tn\\\/fr\\\/wp-content\\\/uploads\\\/2025\\\/06\\\/Webdo-Tunisie_168377.jpg\",\"contentUrl\":\"https:\\\/\\\/www.webdo.tn\\\/fr\\\/wp-content\\\/uploads\\\/2025\\\/06\\\/Webdo-Tunisie_168377.jpg\",\"width\":301,\"height\":301,\"caption\":\"Webdo\"},\"image\":{\"@id\":\"https:\\\/\\\/www.webdo.tn\\\/fr\\\/#\\\/schema\\\/logo\\\/image\\\/\"},\"sameAs\":[\"https:\\\/\\\/www.facebook.com\\\/webdotn\",\"https:\\\/\\\/x.com\\\/webdo_tn\"],\"description\":\"Webdo est un m\u00e9dia num\u00e9rique tunisien fond\u00e9 en 2010, sp\u00e9cialis\u00e9 dans l\u2019actualit\u00e9 nationale et internationale, l\u2019\u00e9conomie, la soci\u00e9t\u00e9 et les analyses politiques. Le site s\u2019adresse \u00e0 un large public francophone et couvre l\u2019information tunisienne en temps r\u00e9el.\",\"email\":\"redac@webdo.tn\",\"legalName\":\"YNJ SARL\",\"foundingDate\":\"2010-09-06\",\"numberOfEmployees\":{\"@type\":\"QuantitativeValue\",\"minValue\":\"11\",\"maxValue\":\"50\"}},{\"@type\":\"Person\",\"@id\":\"https:\\\/\\\/www.webdo.tn\\\/fr\\\/#\\\/schema\\\/person\\\/f35b42a42c5e2511bbd282959d6385cc\",\"name\":\"CL\",\"image\":{\"@type\":\"ImageObject\",\"inLanguage\":\"fr-FR\",\"@id\":\"https:\\\/\\\/secure.gravatar.com\\\/avatar\\\/1447a49909b67aa657c488aec6512e1dd6143a480c1ecfee9b5b5cd74eb3b59e?s=96&d=mm&r=g\",\"url\":\"https:\\\/\\\/secure.gravatar.com\\\/avatar\\\/1447a49909b67aa657c488aec6512e1dd6143a480c1ecfee9b5b5cd74eb3b59e?s=96&d=mm&r=g\",\"contentUrl\":\"https:\\\/\\\/secure.gravatar.com\\\/avatar\\\/1447a49909b67aa657c488aec6512e1dd6143a480c1ecfee9b5b5cd74eb3b59e?s=96&d=mm&r=g\",\"caption\":\"CL\"},\"url\":\"https:\\\/\\\/www.webdo.tn\\\/fr\\\/actualite\\\/author\\\/cl\\\/\"}]}<\/script>\n<!-- \/ Yoast SEO Premium plugin. -->","yoast_head_json":{"title":"La Tunisie envoie des aides urgentes au Maroc","description":"Dans un communiqu\u00e9 rendu public, la pr\u00e9sidence de la R\u00e9publique a annonc\u00e9 que le chef de l\u2019Etat a ordonn\u00e9 d\u2019envoyer des aides urgentes au Maroc, suite au puissa...","canonical":"https:\/\/www.webdo.tn\/fr\/actualite\/national\/la-tunisie-envoie-des-aides-urgentes-au-maroc\/208531\/","og_locale":"fr_FR","og_type":"article","og_title":"La Tunisie envoie des aides urgentes au Maroc","og_description":"Dans un communiqu\u00e9 rendu public, la pr\u00e9sidence de la R\u00e9publique a annonc\u00e9 que le chef de l\u2019Etat a ordonn\u00e9 d\u2019envoyer des aides urgentes au Maroc, suite au puissa...","og_url":"https:\/\/www.webdo.tn\/fr\/actualite\/national\/la-tunisie-envoie-des-aides-urgentes-au-maroc\/208531\/","og_site_name":"webdo","article_publisher":"https:\/\/www.facebook.com\/webdotn","article_published_time":"2023-09-09T12:11:00+00:00","article_modified_time":"2025-05-20T22:41:19+00:00","og_image":[{"width":750,"height":400,"url":"https:\/\/www.webdo.tn\/fr\/wp-content\/uploads\/2023\/09\/db790202085ea1b2f7a31597b126cf92.jpg","type":"image\/jpeg"}],"author":"CL","twitter_card":"summary_large_image","twitter_creator":"@webdo_tn","twitter_site":"@webdo_tn","twitter_misc":{"\u00c9crit par":"CL","Dur\u00e9e de lecture estim\u00e9e":"1 minute"},"schema":{"@context":"https:\/\/schema.org","@graph":[{"@type":"NewsArticle","@id":"https:\/\/www.webdo.tn\/fr\/actualite\/national\/la-tunisie-envoie-des-aides-urgentes-au-maroc\/208531\/#article","isPartOf":{"@id":"https:\/\/www.webdo.tn\/fr\/actualite\/national\/la-tunisie-envoie-des-aides-urgentes-au-maroc\/208531\/"},"author":{"name":"CL","@id":"https:\/\/www.webdo.tn\/fr\/#\/schema\/person\/f35b42a42c5e2511bbd282959d6385cc"},"headline":"La Tunisie envoie des aides urgentes au Maroc","datePublished":"2023-09-09T12:11:00+00:00","dateModified":"2025-05-20T22:41:19+00:00","mainEntityOfPage":{"@id":"https:\/\/www.webdo.tn\/fr\/actualite\/national\/la-tunisie-envoie-des-aides-urgentes-au-maroc\/208531\/"},"wordCount":198,"commentCount":0,"publisher":{"@id":"https:\/\/www.webdo.tn\/fr\/#organization"},"image":{"@id":"https:\/\/www.webdo.tn\/fr\/actualite\/national\/la-tunisie-envoie-des-aides-urgentes-au-maroc\/208531\/#primaryimage"},"thumbnailUrl":"https:\/\/www.webdo.tn\/fr\/wp-content\/uploads\/2023\/09\/db790202085ea1b2f7a31597b126cf92.jpg","keywords":["Aides","maroc","s\u00e9isme","Tunisie"],"articleSection":["National"],"inLanguage":"fr-FR"},{"@type":"WebPage","@id":"https:\/\/www.webdo.tn\/fr\/actualite\/national\/la-tunisie-envoie-des-aides-urgentes-au-maroc\/208531\/","url":"https:\/\/www.webdo.tn\/fr\/actualite\/national\/la-tunisie-envoie-des-aides-urgentes-au-maroc\/208531\/","name":"La Tunisie envoie des aides urgentes au Maroc","isPartOf":{"@id":"https:\/\/www.webdo.tn\/fr\/#website"},"primaryImageOfPage":{"@id":"https:\/\/www.webdo.tn\/fr\/actualite\/national\/la-tunisie-envoie-des-aides-urgentes-au-maroc\/208531\/#primaryimage"},"image":{"@id":"https:\/\/www.webdo.tn\/fr\/actualite\/national\/la-tunisie-envoie-des-aides-urgentes-au-maroc\/208531\/#primaryimage"},"thumbnailUrl":"https:\/\/www.webdo.tn\/fr\/wp-content\/uploads\/2023\/09\/db790202085ea1b2f7a31597b126cf92.jpg","datePublished":"2023-09-09T12:11:00+00:00","dateModified":"2025-05-20T22:41:19+00:00","description":"Dans un communiqu\u00e9 rendu public, la pr\u00e9sidence de la R\u00e9publique a annonc\u00e9 que le chef de l\u2019Etat a ordonn\u00e9 d\u2019envoyer des aides urgentes au Maroc, suite au puissa...","breadcrumb":{"@id":"https:\/\/www.webdo.tn\/fr\/actualite\/national\/la-tunisie-envoie-des-aides-urgentes-au-maroc\/208531\/#breadcrumb"},"inLanguage":"fr-FR","potentialAction":[{"@type":"ReadAction","target":["https:\/\/www.webdo.tn\/fr\/actualite\/national\/la-tunisie-envoie-des-aides-urgentes-au-maroc\/208531\/"]}]},{"@type":"ImageObject","inLanguage":"fr-FR","@id":"https:\/\/www.webdo.tn\/fr\/actualite\/national\/la-tunisie-envoie-des-aides-urgentes-au-maroc\/208531\/#primaryimage","url":"https:\/\/www.webdo.tn\/fr\/wp-content\/uploads\/2023\/09\/db790202085ea1b2f7a31597b126cf92.jpg","contentUrl":"https:\/\/www.webdo.tn\/fr\/wp-content\/uploads\/2023\/09\/db790202085ea1b2f7a31597b126cf92.jpg","width":750,"height":400,"caption":"La Tunisie envoie des aides urgentes au Maroc"},{"@type":"BreadcrumbList","@id":"https:\/\/www.webdo.tn\/fr\/actualite\/national\/la-tunisie-envoie-des-aides-urgentes-au-maroc\/208531\/#breadcrumb","itemListElement":[{"@type":"ListItem","position":1,"name":"Accueil","item":"https:\/\/www.webdo.tn\/fr\/"},{"@type":"ListItem","position":2,"name":"La Tunisie envoie des aides urgentes au Maroc"}]},{"@type":"WebSite","@id":"https:\/\/www.webdo.tn\/fr\/#website","url":"https:\/\/www.webdo.tn\/fr\/","name":"webdo","description":"Tunisie - News en Tunisie et \u00e0 l&#039;international sur Webdo.tn","publisher":{"@id":"https:\/\/www.webdo.tn\/fr\/#organization"},"potentialAction":[{"@type":"SearchAction","target":{"@type":"EntryPoint","urlTemplate":"https:\/\/www.webdo.tn\/fr\/?s={search_term_string}"},"query-input":{"@type":"PropertyValueSpecification","valueRequired":true,"valueName":"search_term_string"}}],"inLanguage":"fr-FR"},{"@type":"Organization","@id":"https:\/\/www.webdo.tn\/fr\/#organization","name":"Webdo","alternateName":"Webdo.tn","url":"https:\/\/www.webdo.tn\/fr\/","logo":{"@type":"ImageObject","inLanguage":"fr-FR","@id":"https:\/\/www.webdo.tn\/fr\/#\/schema\/logo\/image\/","url":"https:\/\/www.webdo.tn\/fr\/wp-content\/uploads\/2025\/06\/Webdo-Tunisie_168377.jpg","contentUrl":"https:\/\/www.webdo.tn\/fr\/wp-content\/uploads\/2025\/06\/Webdo-Tunisie_168377.jpg","width":301,"height":301,"caption":"Webdo"},"image":{"@id":"https:\/\/www.webdo.tn\/fr\/#\/schema\/logo\/image\/"},"sameAs":["https:\/\/www.facebook.com\/webdotn","https:\/\/x.com\/webdo_tn"],"description":"Webdo est un m\u00e9dia num\u00e9rique tunisien fond\u00e9 en 2010, sp\u00e9cialis\u00e9 dans l\u2019actualit\u00e9 nationale et internationale, l\u2019\u00e9conomie, la soci\u00e9t\u00e9 et les analyses politiques. Le site s\u2019adresse \u00e0 un large public francophone et couvre l\u2019information tunisienne en temps r\u00e9el.","email":"redac@webdo.tn","legalName":"YNJ SARL","foundingDate":"2010-09-06","numberOfEmployees":{"@type":"QuantitativeValue","minValue":"11","maxValue":"50"}},{"@type":"Person","@id":"https:\/\/www.webdo.tn\/fr\/#\/schema\/person\/f35b42a42c5e2511bbd282959d6385cc","name":"CL","image":{"@type":"ImageObject","inLanguage":"fr-FR","@id":"https:\/\/secure.gravatar.com\/avatar\/1447a49909b67aa657c488aec6512e1dd6143a480c1ecfee9b5b5cd74eb3b59e?s=96&d=mm&r=g","url":"https:\/\/secure.gravatar.com\/avatar\/1447a49909b67aa657c488aec6512e1dd6143a480c1ecfee9b5b5cd74eb3b59e?s=96&d=mm&r=g","contentUrl":"https:\/\/secure.gravatar.com\/avatar\/1447a49909b67aa657c488aec6512e1dd6143a480c1ecfee9b5b5cd74eb3b59e?s=96&d=mm&r=g","caption":"CL"},"url":"https:\/\/www.webdo.tn\/fr\/actualite\/author\/cl\/"}]}},"_links":{"self":[{"href":"https:\/\/www.webdo.tn\/fr\/wp-json\/wp\/v2\/posts\/208531","targetHints":{"allow":["GET"]}}],"collection":[{"href":"https:\/\/www.webdo.tn\/fr\/wp-json\/wp\/v2\/posts"}],"about":[{"href":"https:\/\/www.webdo.tn\/fr\/wp-json\/wp\/v2\/types\/post"}],"author":[{"embeddable":true,"href":"https:\/\/www.webdo.tn\/fr\/wp-json\/wp\/v2\/users\/3175"}],"replies":[{"embeddable":true,"href":"https:\/\/www.webdo.tn\/fr\/wp-json\/wp\/v2\/comments?post=208531"}],"version-history":[{"count":0,"href":"https:\/\/www.webdo.tn\/fr\/wp-json\/wp\/v2\/posts\/208531\/revisions"}],"wp:featuredmedia":[{"embeddable":true,"href":"https:\/\/www.webdo.tn\/fr\/wp-json\/wp\/v2\/media\/249361"}],"wp:attachment":[{"href":"https:\/\/www.webdo.tn\/fr\/wp-json\/wp\/v2\/media?parent=208531"}],"wp:term":[{"taxonomy":"category","embeddable":true,"href":"https:\/\/www.webdo.tn\/fr\/wp-json\/wp\/v2\/categories?post=208531"},{"taxonomy":"post_tag","embeddable":true,"href":"https:\/\/www.webdo.tn\/fr\/wp-json\/wp\/v2\/tags?post=208531"}],"curies":[{"name":"wp","href":"https:\/\/api.w.org\/{rel}","templated":true}]}}