{"id":208529,"date":"2023-09-09T11:12:00","date_gmt":"2023-09-09T11:12:00","guid":{"rendered":"https:\/\/www.webdo.tn\/fr\/blog\/verification-en-cours-de-la-liste-des-enseignants-ayant-retenu-les-notes\/208529\/"},"modified":"2025-05-20T22:41:19","modified_gmt":"2025-05-20T22:41:19","slug":"verification-en-cours-de-la-liste-des-enseignants-ayant-retenu-les-notes","status":"publish","type":"post","link":"https:\/\/www.webdo.tn\/fr\/actualite\/national\/verification-en-cours-de-la-liste-des-enseignants-ayant-retenu-les-notes\/208529\/","title":{"rendered":"V\u00e9rification en cours de la liste des enseignants ayant retenu les notes"},"content":{"rendered":"<p>Le ministre de l&rsquo;\u00e9ducation Mohamed Ali Boughdiri, a indiqu\u00e9 que son d\u00e9partement est en train de v\u00e9rifier la liste finale des enseignants qui ont introduit sur la plateforme les notes des \u00e9l\u00e8ves de l&rsquo;enseignement de base pour l&rsquo;ann\u00e9e scolaire 2022-2023, afin de ne pas infliger arbitrairement des sanctions \u00e0 savoir le gel du salaire du mois de juillet.<\/p>\n<p>\t\t\t\t\t\t\t\t\tBoughdiri a soulign\u00e9 dans une interview accord\u00e9e \u00e0 la TAP vendredi, que le nombre des enseignants qui ont particip\u00e9 \u00e0 la r\u00e9tention des notes des \u00e9l\u00e8ves est estim\u00e9 \u00e0 3 mille enseignants alors qu&rsquo;ils \u00e9taient au d\u00e9but de l&rsquo;ordre de 17 mille enseignants ayant r\u00e9pondu \u00e0 l&rsquo;appel de la f\u00e9d\u00e9ration g\u00e9n\u00e9rale de l&rsquo;enseignement de base concernant la r\u00e9tention des notes. Le minist\u00e8re a report\u00e9 la date pr\u00e9vue pour introduire les notes sur la plateforme du 30 juin jusqu&rsquo;au 04 juillet dernier, a rappel\u00e9 le ministre.\u00a0<\/p>\n<p>Mais, a-t-il regrett\u00e9, la partie syndicale a poursuivi son appel \u00e0 la r\u00e9tention des notes en contradiction avec le droit du travail. Evoquant une \u00e9ventuelle tension au niveau de la relation avec le syndicat \u00e0 cause de l&rsquo;attachement du minist\u00e8re \u00e0 l&rsquo;application de la d\u00e9cision de gel du salaire, Boughdiri a soulign\u00e9 que cette d\u00e9cision permet d&rsquo;\u00e9claircir la relation sociale entre les deux parties.\u00a0<\/p>\n<p>Il faut comprendre qu&rsquo;il existe un Etat juste et fort, a-t-il not\u00e9. Boughdiri a affirm\u00e9 que le minist\u00e8re est favorable au dialogue et des r\u00e9unions sont programm\u00e9es avec les diff\u00e9rents syndicats afin d&rsquo;\u00e9difier une confiance sur la base du respect mutuel.<\/p>\n","protected":false},"excerpt":{"rendered":"<p>Le ministre de l&rsquo;\u00e9ducation Mohamed Ali Boughdiri, a indiqu\u00e9 que son d\u00e9partement est en train de v\u00e9rifier la liste finale des enseignants qui ont introduit sur l&#8230;<\/p>\n","protected":false},"author":3175,"featured_media":249360,"comment_status":"open","ping_status":"closed","sticky":false,"template":"","format":"standard","meta":{"footnotes":""},"categories":[44],"tags":[3911,6218,2608],"class_list":["post-208529","post","type-post","status-publish","format-standard","has-post-thumbnail","hentry","category-national","tag-enseignants","tag-notes","tag-tunisie"],"yoast_head":"<!-- This site is optimized with the Yoast SEO Premium plugin v27.4 (Yoast SEO v27.5) - https:\/\/yoast.com\/product\/yoast-seo-premium-wordpress\/ -->\n<title>V\u00e9rification en cours de la liste des enseignants ayant retenu les notes<\/title>\n<meta name=\"description\" content=\"Le ministre de l&#039;\u00e9ducation Mohamed Ali Boughdiri, a indiqu\u00e9 que son d\u00e9partement est en train de v\u00e9rifier la liste finale des enseignants qui ont introduit sur l...\" \/>\n<link rel=\"canonical\" href=\"https:\/\/www.webdo.tn\/fr\/actualite\/national\/verification-en-cours-de-la-liste-des-enseignants-ayant-retenu-les-notes\/208529\/\" \/>\n<meta property=\"og:locale\" content=\"fr_FR\" \/>\n<meta property=\"og:type\" content=\"article\" \/>\n<meta property=\"og:title\" content=\"V\u00e9rification en cours de la liste des enseignants ayant retenu les notes\" \/>\n<meta property=\"og:description\" content=\"Le ministre de l&#039;\u00e9ducation Mohamed Ali Boughdiri, a indiqu\u00e9 que son d\u00e9partement est en train de v\u00e9rifier la liste finale des enseignants qui ont introduit sur l...\" \/>\n<meta property=\"og:url\" content=\"https:\/\/www.webdo.tn\/fr\/actualite\/national\/verification-en-cours-de-la-liste-des-enseignants-ayant-retenu-les-notes\/208529\/\" \/>\n<meta property=\"og:site_name\" content=\"webdo\" \/>\n<meta property=\"article:publisher\" content=\"https:\/\/www.facebook.com\/webdotn\" \/>\n<meta property=\"article:published_time\" content=\"2023-09-09T11:12:00+00:00\" \/>\n<meta property=\"article:modified_time\" content=\"2025-05-20T22:41:19+00:00\" \/>\n<meta property=\"og:image\" content=\"https:\/\/www.webdo.tn\/fr\/wp-content\/uploads\/2023\/09\/5bc59344e4849a5b25e1cdb3e3fadaac.jpg\" \/>\n\t<meta property=\"og:image:width\" content=\"750\" \/>\n\t<meta property=\"og:image:height\" content=\"400\" \/>\n\t<meta property=\"og:image:type\" content=\"image\/jpeg\" \/>\n<meta name=\"author\" content=\"CL\" \/>\n<meta name=\"twitter:card\" content=\"summary_large_image\" \/>\n<meta name=\"twitter:creator\" content=\"@webdo_tn\" \/>\n<meta name=\"twitter:site\" content=\"@webdo_tn\" \/>\n<meta name=\"twitter:label1\" content=\"\u00c9crit par\" \/>\n\t<meta name=\"twitter:data1\" content=\"CL\" \/>\n\t<meta name=\"twitter:label2\" content=\"Dur\u00e9e de lecture estim\u00e9e\" \/>\n\t<meta name=\"twitter:data2\" content=\"1 minute\" \/>\n<script type=\"application\/ld+json\" class=\"yoast-schema-graph\">{\"@context\":\"https:\\\/\\\/schema.org\",\"@graph\":[{\"@type\":\"NewsArticle\",\"@id\":\"https:\\\/\\\/www.webdo.tn\\\/fr\\\/actualite\\\/national\\\/verification-en-cours-de-la-liste-des-enseignants-ayant-retenu-les-notes\\\/208529\\\/#article\",\"isPartOf\":{\"@id\":\"https:\\\/\\\/www.webdo.tn\\\/fr\\\/actualite\\\/national\\\/verification-en-cours-de-la-liste-des-enseignants-ayant-retenu-les-notes\\\/208529\\\/\"},\"author\":{\"name\":\"CL\",\"@id\":\"https:\\\/\\\/www.webdo.tn\\\/fr\\\/#\\\/schema\\\/person\\\/f35b42a42c5e2511bbd282959d6385cc\"},\"headline\":\"V\u00e9rification en cours de la liste des enseignants ayant retenu les notes\",\"datePublished\":\"2023-09-09T11:12:00+00:00\",\"dateModified\":\"2025-05-20T22:41:19+00:00\",\"mainEntityOfPage\":{\"@id\":\"https:\\\/\\\/www.webdo.tn\\\/fr\\\/actualite\\\/national\\\/verification-en-cours-de-la-liste-des-enseignants-ayant-retenu-les-notes\\\/208529\\\/\"},\"wordCount\":286,\"commentCount\":0,\"publisher\":{\"@id\":\"https:\\\/\\\/www.webdo.tn\\\/fr\\\/#organization\"},\"image\":{\"@id\":\"https:\\\/\\\/www.webdo.tn\\\/fr\\\/actualite\\\/national\\\/verification-en-cours-de-la-liste-des-enseignants-ayant-retenu-les-notes\\\/208529\\\/#primaryimage\"},\"thumbnailUrl\":\"https:\\\/\\\/www.webdo.tn\\\/fr\\\/wp-content\\\/uploads\\\/2023\\\/09\\\/5bc59344e4849a5b25e1cdb3e3fadaac.jpg\",\"keywords\":[\"enseignants\",\"notes\",\"Tunisie\"],\"articleSection\":[\"National\"],\"inLanguage\":\"fr-FR\"},{\"@type\":\"WebPage\",\"@id\":\"https:\\\/\\\/www.webdo.tn\\\/fr\\\/actualite\\\/national\\\/verification-en-cours-de-la-liste-des-enseignants-ayant-retenu-les-notes\\\/208529\\\/\",\"url\":\"https:\\\/\\\/www.webdo.tn\\\/fr\\\/actualite\\\/national\\\/verification-en-cours-de-la-liste-des-enseignants-ayant-retenu-les-notes\\\/208529\\\/\",\"name\":\"V\u00e9rification en cours de la liste des enseignants ayant retenu les notes\",\"isPartOf\":{\"@id\":\"https:\\\/\\\/www.webdo.tn\\\/fr\\\/#website\"},\"primaryImageOfPage\":{\"@id\":\"https:\\\/\\\/www.webdo.tn\\\/fr\\\/actualite\\\/national\\\/verification-en-cours-de-la-liste-des-enseignants-ayant-retenu-les-notes\\\/208529\\\/#primaryimage\"},\"image\":{\"@id\":\"https:\\\/\\\/www.webdo.tn\\\/fr\\\/actualite\\\/national\\\/verification-en-cours-de-la-liste-des-enseignants-ayant-retenu-les-notes\\\/208529\\\/#primaryimage\"},\"thumbnailUrl\":\"https:\\\/\\\/www.webdo.tn\\\/fr\\\/wp-content\\\/uploads\\\/2023\\\/09\\\/5bc59344e4849a5b25e1cdb3e3fadaac.jpg\",\"datePublished\":\"2023-09-09T11:12:00+00:00\",\"dateModified\":\"2025-05-20T22:41:19+00:00\",\"description\":\"Le ministre de l'\u00e9ducation Mohamed Ali Boughdiri, a indiqu\u00e9 que son d\u00e9partement est en train de v\u00e9rifier la liste finale des enseignants qui ont introduit sur l...\",\"breadcrumb\":{\"@id\":\"https:\\\/\\\/www.webdo.tn\\\/fr\\\/actualite\\\/national\\\/verification-en-cours-de-la-liste-des-enseignants-ayant-retenu-les-notes\\\/208529\\\/#breadcrumb\"},\"inLanguage\":\"fr-FR\",\"potentialAction\":[{\"@type\":\"ReadAction\",\"target\":[\"https:\\\/\\\/www.webdo.tn\\\/fr\\\/actualite\\\/national\\\/verification-en-cours-de-la-liste-des-enseignants-ayant-retenu-les-notes\\\/208529\\\/\"]}]},{\"@type\":\"ImageObject\",\"inLanguage\":\"fr-FR\",\"@id\":\"https:\\\/\\\/www.webdo.tn\\\/fr\\\/actualite\\\/national\\\/verification-en-cours-de-la-liste-des-enseignants-ayant-retenu-les-notes\\\/208529\\\/#primaryimage\",\"url\":\"https:\\\/\\\/www.webdo.tn\\\/fr\\\/wp-content\\\/uploads\\\/2023\\\/09\\\/5bc59344e4849a5b25e1cdb3e3fadaac.jpg\",\"contentUrl\":\"https:\\\/\\\/www.webdo.tn\\\/fr\\\/wp-content\\\/uploads\\\/2023\\\/09\\\/5bc59344e4849a5b25e1cdb3e3fadaac.jpg\",\"width\":750,\"height\":400,\"caption\":\"V\u00e9rification en cours de la liste des enseignants ayant retenu les notes\"},{\"@type\":\"BreadcrumbList\",\"@id\":\"https:\\\/\\\/www.webdo.tn\\\/fr\\\/actualite\\\/national\\\/verification-en-cours-de-la-liste-des-enseignants-ayant-retenu-les-notes\\\/208529\\\/#breadcrumb\",\"itemListElement\":[{\"@type\":\"ListItem\",\"position\":1,\"name\":\"Accueil\",\"item\":\"https:\\\/\\\/www.webdo.tn\\\/fr\\\/\"},{\"@type\":\"ListItem\",\"position\":2,\"name\":\"V\u00e9rification en cours de la liste des enseignants ayant retenu les notes\"}]},{\"@type\":\"WebSite\",\"@id\":\"https:\\\/\\\/www.webdo.tn\\\/fr\\\/#website\",\"url\":\"https:\\\/\\\/www.webdo.tn\\\/fr\\\/\",\"name\":\"webdo\",\"description\":\"Tunisie - News en Tunisie et \u00e0 l&#039;international sur Webdo.tn\",\"publisher\":{\"@id\":\"https:\\\/\\\/www.webdo.tn\\\/fr\\\/#organization\"},\"potentialAction\":[{\"@type\":\"SearchAction\",\"target\":{\"@type\":\"EntryPoint\",\"urlTemplate\":\"https:\\\/\\\/www.webdo.tn\\\/fr\\\/?s={search_term_string}\"},\"query-input\":{\"@type\":\"PropertyValueSpecification\",\"valueRequired\":true,\"valueName\":\"search_term_string\"}}],\"inLanguage\":\"fr-FR\"},{\"@type\":\"Organization\",\"@id\":\"https:\\\/\\\/www.webdo.tn\\\/fr\\\/#organization\",\"name\":\"Webdo\",\"alternateName\":\"Webdo.tn\",\"url\":\"https:\\\/\\\/www.webdo.tn\\\/fr\\\/\",\"logo\":{\"@type\":\"ImageObject\",\"inLanguage\":\"fr-FR\",\"@id\":\"https:\\\/\\\/www.webdo.tn\\\/fr\\\/#\\\/schema\\\/logo\\\/image\\\/\",\"url\":\"https:\\\/\\\/www.webdo.tn\\\/fr\\\/wp-content\\\/uploads\\\/2025\\\/06\\\/Webdo-Tunisie_168377.jpg\",\"contentUrl\":\"https:\\\/\\\/www.webdo.tn\\\/fr\\\/wp-content\\\/uploads\\\/2025\\\/06\\\/Webdo-Tunisie_168377.jpg\",\"width\":301,\"height\":301,\"caption\":\"Webdo\"},\"image\":{\"@id\":\"https:\\\/\\\/www.webdo.tn\\\/fr\\\/#\\\/schema\\\/logo\\\/image\\\/\"},\"sameAs\":[\"https:\\\/\\\/www.facebook.com\\\/webdotn\",\"https:\\\/\\\/x.com\\\/webdo_tn\"],\"description\":\"Webdo est un m\u00e9dia num\u00e9rique tunisien fond\u00e9 en 2010, sp\u00e9cialis\u00e9 dans l\u2019actualit\u00e9 nationale et internationale, l\u2019\u00e9conomie, la soci\u00e9t\u00e9 et les analyses politiques. Le site s\u2019adresse \u00e0 un large public francophone et couvre l\u2019information tunisienne en temps r\u00e9el.\",\"email\":\"redac@webdo.tn\",\"legalName\":\"YNJ SARL\",\"foundingDate\":\"2010-09-06\",\"numberOfEmployees\":{\"@type\":\"QuantitativeValue\",\"minValue\":\"11\",\"maxValue\":\"50\"}},{\"@type\":\"Person\",\"@id\":\"https:\\\/\\\/www.webdo.tn\\\/fr\\\/#\\\/schema\\\/person\\\/f35b42a42c5e2511bbd282959d6385cc\",\"name\":\"CL\",\"image\":{\"@type\":\"ImageObject\",\"inLanguage\":\"fr-FR\",\"@id\":\"https:\\\/\\\/secure.gravatar.com\\\/avatar\\\/1447a49909b67aa657c488aec6512e1dd6143a480c1ecfee9b5b5cd74eb3b59e?s=96&d=mm&r=g\",\"url\":\"https:\\\/\\\/secure.gravatar.com\\\/avatar\\\/1447a49909b67aa657c488aec6512e1dd6143a480c1ecfee9b5b5cd74eb3b59e?s=96&d=mm&r=g\",\"contentUrl\":\"https:\\\/\\\/secure.gravatar.com\\\/avatar\\\/1447a49909b67aa657c488aec6512e1dd6143a480c1ecfee9b5b5cd74eb3b59e?s=96&d=mm&r=g\",\"caption\":\"CL\"},\"url\":\"https:\\\/\\\/www.webdo.tn\\\/fr\\\/actualite\\\/author\\\/cl\\\/\"}]}<\/script>\n<!-- \/ Yoast SEO Premium plugin. -->","yoast_head_json":{"title":"V\u00e9rification en cours de la liste des enseignants ayant retenu les notes","description":"Le ministre de l'\u00e9ducation Mohamed Ali Boughdiri, a indiqu\u00e9 que son d\u00e9partement est en train de v\u00e9rifier la liste finale des enseignants qui ont introduit sur l...","canonical":"https:\/\/www.webdo.tn\/fr\/actualite\/national\/verification-en-cours-de-la-liste-des-enseignants-ayant-retenu-les-notes\/208529\/","og_locale":"fr_FR","og_type":"article","og_title":"V\u00e9rification en cours de la liste des enseignants ayant retenu les notes","og_description":"Le ministre de l'\u00e9ducation Mohamed Ali Boughdiri, a indiqu\u00e9 que son d\u00e9partement est en train de v\u00e9rifier la liste finale des enseignants qui ont introduit sur l...","og_url":"https:\/\/www.webdo.tn\/fr\/actualite\/national\/verification-en-cours-de-la-liste-des-enseignants-ayant-retenu-les-notes\/208529\/","og_site_name":"webdo","article_publisher":"https:\/\/www.facebook.com\/webdotn","article_published_time":"2023-09-09T11:12:00+00:00","article_modified_time":"2025-05-20T22:41:19+00:00","og_image":[{"width":750,"height":400,"url":"https:\/\/www.webdo.tn\/fr\/wp-content\/uploads\/2023\/09\/5bc59344e4849a5b25e1cdb3e3fadaac.jpg","type":"image\/jpeg"}],"author":"CL","twitter_card":"summary_large_image","twitter_creator":"@webdo_tn","twitter_site":"@webdo_tn","twitter_misc":{"\u00c9crit par":"CL","Dur\u00e9e de lecture estim\u00e9e":"1 minute"},"schema":{"@context":"https:\/\/schema.org","@graph":[{"@type":"NewsArticle","@id":"https:\/\/www.webdo.tn\/fr\/actualite\/national\/verification-en-cours-de-la-liste-des-enseignants-ayant-retenu-les-notes\/208529\/#article","isPartOf":{"@id":"https:\/\/www.webdo.tn\/fr\/actualite\/national\/verification-en-cours-de-la-liste-des-enseignants-ayant-retenu-les-notes\/208529\/"},"author":{"name":"CL","@id":"https:\/\/www.webdo.tn\/fr\/#\/schema\/person\/f35b42a42c5e2511bbd282959d6385cc"},"headline":"V\u00e9rification en cours de la liste des enseignants ayant retenu les notes","datePublished":"2023-09-09T11:12:00+00:00","dateModified":"2025-05-20T22:41:19+00:00","mainEntityOfPage":{"@id":"https:\/\/www.webdo.tn\/fr\/actualite\/national\/verification-en-cours-de-la-liste-des-enseignants-ayant-retenu-les-notes\/208529\/"},"wordCount":286,"commentCount":0,"publisher":{"@id":"https:\/\/www.webdo.tn\/fr\/#organization"},"image":{"@id":"https:\/\/www.webdo.tn\/fr\/actualite\/national\/verification-en-cours-de-la-liste-des-enseignants-ayant-retenu-les-notes\/208529\/#primaryimage"},"thumbnailUrl":"https:\/\/www.webdo.tn\/fr\/wp-content\/uploads\/2023\/09\/5bc59344e4849a5b25e1cdb3e3fadaac.jpg","keywords":["enseignants","notes","Tunisie"],"articleSection":["National"],"inLanguage":"fr-FR"},{"@type":"WebPage","@id":"https:\/\/www.webdo.tn\/fr\/actualite\/national\/verification-en-cours-de-la-liste-des-enseignants-ayant-retenu-les-notes\/208529\/","url":"https:\/\/www.webdo.tn\/fr\/actualite\/national\/verification-en-cours-de-la-liste-des-enseignants-ayant-retenu-les-notes\/208529\/","name":"V\u00e9rification en cours de la liste des enseignants ayant retenu les notes","isPartOf":{"@id":"https:\/\/www.webdo.tn\/fr\/#website"},"primaryImageOfPage":{"@id":"https:\/\/www.webdo.tn\/fr\/actualite\/national\/verification-en-cours-de-la-liste-des-enseignants-ayant-retenu-les-notes\/208529\/#primaryimage"},"image":{"@id":"https:\/\/www.webdo.tn\/fr\/actualite\/national\/verification-en-cours-de-la-liste-des-enseignants-ayant-retenu-les-notes\/208529\/#primaryimage"},"thumbnailUrl":"https:\/\/www.webdo.tn\/fr\/wp-content\/uploads\/2023\/09\/5bc59344e4849a5b25e1cdb3e3fadaac.jpg","datePublished":"2023-09-09T11:12:00+00:00","dateModified":"2025-05-20T22:41:19+00:00","description":"Le ministre de l'\u00e9ducation Mohamed Ali Boughdiri, a indiqu\u00e9 que son d\u00e9partement est en train de v\u00e9rifier la liste finale des enseignants qui ont introduit sur l...","breadcrumb":{"@id":"https:\/\/www.webdo.tn\/fr\/actualite\/national\/verification-en-cours-de-la-liste-des-enseignants-ayant-retenu-les-notes\/208529\/#breadcrumb"},"inLanguage":"fr-FR","potentialAction":[{"@type":"ReadAction","target":["https:\/\/www.webdo.tn\/fr\/actualite\/national\/verification-en-cours-de-la-liste-des-enseignants-ayant-retenu-les-notes\/208529\/"]}]},{"@type":"ImageObject","inLanguage":"fr-FR","@id":"https:\/\/www.webdo.tn\/fr\/actualite\/national\/verification-en-cours-de-la-liste-des-enseignants-ayant-retenu-les-notes\/208529\/#primaryimage","url":"https:\/\/www.webdo.tn\/fr\/wp-content\/uploads\/2023\/09\/5bc59344e4849a5b25e1cdb3e3fadaac.jpg","contentUrl":"https:\/\/www.webdo.tn\/fr\/wp-content\/uploads\/2023\/09\/5bc59344e4849a5b25e1cdb3e3fadaac.jpg","width":750,"height":400,"caption":"V\u00e9rification en cours de la liste des enseignants ayant retenu les notes"},{"@type":"BreadcrumbList","@id":"https:\/\/www.webdo.tn\/fr\/actualite\/national\/verification-en-cours-de-la-liste-des-enseignants-ayant-retenu-les-notes\/208529\/#breadcrumb","itemListElement":[{"@type":"ListItem","position":1,"name":"Accueil","item":"https:\/\/www.webdo.tn\/fr\/"},{"@type":"ListItem","position":2,"name":"V\u00e9rification en cours de la liste des enseignants ayant retenu les notes"}]},{"@type":"WebSite","@id":"https:\/\/www.webdo.tn\/fr\/#website","url":"https:\/\/www.webdo.tn\/fr\/","name":"webdo","description":"Tunisie - News en Tunisie et \u00e0 l&#039;international sur Webdo.tn","publisher":{"@id":"https:\/\/www.webdo.tn\/fr\/#organization"},"potentialAction":[{"@type":"SearchAction","target":{"@type":"EntryPoint","urlTemplate":"https:\/\/www.webdo.tn\/fr\/?s={search_term_string}"},"query-input":{"@type":"PropertyValueSpecification","valueRequired":true,"valueName":"search_term_string"}}],"inLanguage":"fr-FR"},{"@type":"Organization","@id":"https:\/\/www.webdo.tn\/fr\/#organization","name":"Webdo","alternateName":"Webdo.tn","url":"https:\/\/www.webdo.tn\/fr\/","logo":{"@type":"ImageObject","inLanguage":"fr-FR","@id":"https:\/\/www.webdo.tn\/fr\/#\/schema\/logo\/image\/","url":"https:\/\/www.webdo.tn\/fr\/wp-content\/uploads\/2025\/06\/Webdo-Tunisie_168377.jpg","contentUrl":"https:\/\/www.webdo.tn\/fr\/wp-content\/uploads\/2025\/06\/Webdo-Tunisie_168377.jpg","width":301,"height":301,"caption":"Webdo"},"image":{"@id":"https:\/\/www.webdo.tn\/fr\/#\/schema\/logo\/image\/"},"sameAs":["https:\/\/www.facebook.com\/webdotn","https:\/\/x.com\/webdo_tn"],"description":"Webdo est un m\u00e9dia num\u00e9rique tunisien fond\u00e9 en 2010, sp\u00e9cialis\u00e9 dans l\u2019actualit\u00e9 nationale et internationale, l\u2019\u00e9conomie, la soci\u00e9t\u00e9 et les analyses politiques. Le site s\u2019adresse \u00e0 un large public francophone et couvre l\u2019information tunisienne en temps r\u00e9el.","email":"redac@webdo.tn","legalName":"YNJ SARL","foundingDate":"2010-09-06","numberOfEmployees":{"@type":"QuantitativeValue","minValue":"11","maxValue":"50"}},{"@type":"Person","@id":"https:\/\/www.webdo.tn\/fr\/#\/schema\/person\/f35b42a42c5e2511bbd282959d6385cc","name":"CL","image":{"@type":"ImageObject","inLanguage":"fr-FR","@id":"https:\/\/secure.gravatar.com\/avatar\/1447a49909b67aa657c488aec6512e1dd6143a480c1ecfee9b5b5cd74eb3b59e?s=96&d=mm&r=g","url":"https:\/\/secure.gravatar.com\/avatar\/1447a49909b67aa657c488aec6512e1dd6143a480c1ecfee9b5b5cd74eb3b59e?s=96&d=mm&r=g","contentUrl":"https:\/\/secure.gravatar.com\/avatar\/1447a49909b67aa657c488aec6512e1dd6143a480c1ecfee9b5b5cd74eb3b59e?s=96&d=mm&r=g","caption":"CL"},"url":"https:\/\/www.webdo.tn\/fr\/actualite\/author\/cl\/"}]}},"_links":{"self":[{"href":"https:\/\/www.webdo.tn\/fr\/wp-json\/wp\/v2\/posts\/208529","targetHints":{"allow":["GET"]}}],"collection":[{"href":"https:\/\/www.webdo.tn\/fr\/wp-json\/wp\/v2\/posts"}],"about":[{"href":"https:\/\/www.webdo.tn\/fr\/wp-json\/wp\/v2\/types\/post"}],"author":[{"embeddable":true,"href":"https:\/\/www.webdo.tn\/fr\/wp-json\/wp\/v2\/users\/3175"}],"replies":[{"embeddable":true,"href":"https:\/\/www.webdo.tn\/fr\/wp-json\/wp\/v2\/comments?post=208529"}],"version-history":[{"count":0,"href":"https:\/\/www.webdo.tn\/fr\/wp-json\/wp\/v2\/posts\/208529\/revisions"}],"wp:featuredmedia":[{"embeddable":true,"href":"https:\/\/www.webdo.tn\/fr\/wp-json\/wp\/v2\/media\/249360"}],"wp:attachment":[{"href":"https:\/\/www.webdo.tn\/fr\/wp-json\/wp\/v2\/media?parent=208529"}],"wp:term":[{"taxonomy":"category","embeddable":true,"href":"https:\/\/www.webdo.tn\/fr\/wp-json\/wp\/v2\/categories?post=208529"},{"taxonomy":"post_tag","embeddable":true,"href":"https:\/\/www.webdo.tn\/fr\/wp-json\/wp\/v2\/tags?post=208529"}],"curies":[{"name":"wp","href":"https:\/\/api.w.org\/{rel}","templated":true}]}}