{"id":208528,"date":"2023-09-09T10:19:00","date_gmt":"2023-09-09T10:19:00","guid":{"rendered":"https:\/\/www.webdo.tn\/fr\/blog\/liste-des-seismes-historiques-au-maroc\/208528\/"},"modified":"2025-05-20T22:41:18","modified_gmt":"2025-05-20T22:41:18","slug":"liste-des-seismes-historiques-au-maroc","status":"publish","type":"post","link":"https:\/\/www.webdo.tn\/fr\/actualite\/international\/liste-des-seismes-historiques-au-maroc\/208528\/","title":{"rendered":"Liste des s\u00e9ismes historiques au Maroc"},"content":{"rendered":"<p>Le Maroc est situ\u00e9 au niveau de la jonction de deux plaques tectoniques majeures, la plaque africaine et la plaque eurasienne, ce qui en fait une r\u00e9gion sujette \u00e0 des s\u00e9ismes.<br \/>\nVoici quelques s\u00e9ismes historiques notables qui ont affect\u00e9 le Maroc au fil des ans :<\/p>\n<p>\t\t\t\t\t\t\t\t\t\u00a0<\/p>\n<p>\tS\u00e9isme d&rsquo;Agadir de 1731 : Ce s\u00e9isme historique a d\u00e9vast\u00e9 la ville d&rsquo;Agadir en 1731, provoquant d&rsquo;importants d\u00e9g\u00e2ts.<br \/>\n\tS\u00e9isme de Lisbonne de 1755 : Bien que l&rsquo;\u00e9picentre de ce s\u00e9isme majeur ait \u00e9t\u00e9 au large de la c\u00f4te portugaise, il a provoqu\u00e9 des secousses importantes au Maroc, en particulier dans les villes c\u00f4ti\u00e8res telles que Tanger et Essaouira.<br \/>\n\tS\u00e9isme d&rsquo;Agadir de 1960 : Ce s\u00e9isme destructeur a frapp\u00e9 la ville d&rsquo;Agadir le 29 f\u00e9vrier 1960, tuant des milliers de personnes et causant d&rsquo;importants d\u00e9g\u00e2ts mat\u00e9riels. Il est consid\u00e9r\u00e9 comme l&rsquo;un des s\u00e9ismes les plus meurtriers de l&rsquo;histoire du Maroc.<br \/>\n\tS\u00e9isme d&rsquo;Al Hoce\u00efma de 2004 : Ce s\u00e9isme a frapp\u00e9 la r\u00e9gion d&rsquo;Al Hoce\u00efma, dans le nord du Maroc, le 24 f\u00e9vrier 2004. Il a fait de nombreuses victimes et caus\u00e9 d&rsquo;importants dommages aux infrastructures locales.<\/p>\n<p>Il est important de noter que le Maroc continue de faire face \u00e0 un risque sismique en raison de sa position g\u00e9ographique et de sa g\u00e9ologie.<\/p>\n","protected":false},"excerpt":{"rendered":"<p>Le Maroc est situ\u00e9 au niveau de la jonction de deux plaques tectoniques majeures, la plaque africaine et la plaque eurasienne, ce qui en fait une r\u00e9gion sujette&#8230;<\/p>\n","protected":false},"author":3175,"featured_media":249359,"comment_status":"open","ping_status":"closed","sticky":false,"template":"","format":"standard","meta":{"footnotes":""},"categories":[2598],"tags":[3464,7271],"class_list":["post-208528","post","type-post","status-publish","format-standard","has-post-thumbnail","hentry","category-international","tag-maroc","tag-seisme"],"yoast_head":"<!-- This site is optimized with the Yoast SEO Premium plugin v27.4 (Yoast SEO v27.5) - https:\/\/yoast.com\/product\/yoast-seo-premium-wordpress\/ -->\n<title>Liste des s\u00e9ismes historiques au Maroc<\/title>\n<meta name=\"description\" content=\"Le Maroc est situ\u00e9 au niveau de la jonction de deux plaques tectoniques majeures, la plaque africaine et la plaque eurasienne, ce qui en fait une r\u00e9gion sujette...\" \/>\n<link rel=\"canonical\" href=\"https:\/\/www.webdo.tn\/fr\/actualite\/international\/liste-des-seismes-historiques-au-maroc\/208528\/\" \/>\n<meta property=\"og:locale\" content=\"fr_FR\" \/>\n<meta property=\"og:type\" content=\"article\" \/>\n<meta property=\"og:title\" content=\"Liste des s\u00e9ismes historiques au Maroc\" \/>\n<meta property=\"og:description\" content=\"Le Maroc est situ\u00e9 au niveau de la jonction de deux plaques tectoniques majeures, la plaque africaine et la plaque eurasienne, ce qui en fait une r\u00e9gion sujette...\" \/>\n<meta property=\"og:url\" content=\"https:\/\/www.webdo.tn\/fr\/actualite\/international\/liste-des-seismes-historiques-au-maroc\/208528\/\" \/>\n<meta property=\"og:site_name\" content=\"webdo\" \/>\n<meta property=\"article:publisher\" content=\"https:\/\/www.facebook.com\/webdotn\" \/>\n<meta property=\"article:published_time\" content=\"2023-09-09T10:19:00+00:00\" \/>\n<meta property=\"article:modified_time\" content=\"2025-05-20T22:41:18+00:00\" \/>\n<meta property=\"og:image\" content=\"https:\/\/www.webdo.tn\/fr\/wp-content\/uploads\/2023\/09\/c1313d8e4625fe2e0852f80ac6bc989e.jpg\" \/>\n\t<meta property=\"og:image:width\" content=\"583\" \/>\n\t<meta property=\"og:image:height\" content=\"311\" \/>\n\t<meta property=\"og:image:type\" content=\"image\/jpeg\" \/>\n<meta name=\"author\" content=\"CL\" \/>\n<meta name=\"twitter:card\" content=\"summary_large_image\" \/>\n<meta name=\"twitter:creator\" content=\"@webdo_tn\" \/>\n<meta name=\"twitter:site\" content=\"@webdo_tn\" \/>\n<meta name=\"twitter:label1\" content=\"\u00c9crit par\" \/>\n\t<meta name=\"twitter:data1\" content=\"CL\" \/>\n\t<meta name=\"twitter:label2\" content=\"Dur\u00e9e de lecture estim\u00e9e\" \/>\n\t<meta name=\"twitter:data2\" content=\"1 minute\" \/>\n<script type=\"application\/ld+json\" class=\"yoast-schema-graph\">{\"@context\":\"https:\\\/\\\/schema.org\",\"@graph\":[{\"@type\":\"NewsArticle\",\"@id\":\"https:\\\/\\\/www.webdo.tn\\\/fr\\\/actualite\\\/international\\\/liste-des-seismes-historiques-au-maroc\\\/208528\\\/#article\",\"isPartOf\":{\"@id\":\"https:\\\/\\\/www.webdo.tn\\\/fr\\\/actualite\\\/international\\\/liste-des-seismes-historiques-au-maroc\\\/208528\\\/\"},\"author\":{\"name\":\"CL\",\"@id\":\"https:\\\/\\\/www.webdo.tn\\\/fr\\\/#\\\/schema\\\/person\\\/f35b42a42c5e2511bbd282959d6385cc\"},\"headline\":\"Liste des s\u00e9ismes historiques au Maroc\",\"datePublished\":\"2023-09-09T10:19:00+00:00\",\"dateModified\":\"2025-05-20T22:41:18+00:00\",\"mainEntityOfPage\":{\"@id\":\"https:\\\/\\\/www.webdo.tn\\\/fr\\\/actualite\\\/international\\\/liste-des-seismes-historiques-au-maroc\\\/208528\\\/\"},\"wordCount\":239,\"commentCount\":0,\"publisher\":{\"@id\":\"https:\\\/\\\/www.webdo.tn\\\/fr\\\/#organization\"},\"image\":{\"@id\":\"https:\\\/\\\/www.webdo.tn\\\/fr\\\/actualite\\\/international\\\/liste-des-seismes-historiques-au-maroc\\\/208528\\\/#primaryimage\"},\"thumbnailUrl\":\"https:\\\/\\\/www.webdo.tn\\\/fr\\\/wp-content\\\/uploads\\\/2023\\\/09\\\/c1313d8e4625fe2e0852f80ac6bc989e.jpg\",\"keywords\":[\"maroc\",\"s\u00e9isme\"],\"articleSection\":[\"International\"],\"inLanguage\":\"fr-FR\"},{\"@type\":\"WebPage\",\"@id\":\"https:\\\/\\\/www.webdo.tn\\\/fr\\\/actualite\\\/international\\\/liste-des-seismes-historiques-au-maroc\\\/208528\\\/\",\"url\":\"https:\\\/\\\/www.webdo.tn\\\/fr\\\/actualite\\\/international\\\/liste-des-seismes-historiques-au-maroc\\\/208528\\\/\",\"name\":\"Liste des s\u00e9ismes historiques au Maroc\",\"isPartOf\":{\"@id\":\"https:\\\/\\\/www.webdo.tn\\\/fr\\\/#website\"},\"primaryImageOfPage\":{\"@id\":\"https:\\\/\\\/www.webdo.tn\\\/fr\\\/actualite\\\/international\\\/liste-des-seismes-historiques-au-maroc\\\/208528\\\/#primaryimage\"},\"image\":{\"@id\":\"https:\\\/\\\/www.webdo.tn\\\/fr\\\/actualite\\\/international\\\/liste-des-seismes-historiques-au-maroc\\\/208528\\\/#primaryimage\"},\"thumbnailUrl\":\"https:\\\/\\\/www.webdo.tn\\\/fr\\\/wp-content\\\/uploads\\\/2023\\\/09\\\/c1313d8e4625fe2e0852f80ac6bc989e.jpg\",\"datePublished\":\"2023-09-09T10:19:00+00:00\",\"dateModified\":\"2025-05-20T22:41:18+00:00\",\"description\":\"Le Maroc est situ\u00e9 au niveau de la jonction de deux plaques tectoniques majeures, la plaque africaine et la plaque eurasienne, ce qui en fait une r\u00e9gion sujette...\",\"breadcrumb\":{\"@id\":\"https:\\\/\\\/www.webdo.tn\\\/fr\\\/actualite\\\/international\\\/liste-des-seismes-historiques-au-maroc\\\/208528\\\/#breadcrumb\"},\"inLanguage\":\"fr-FR\",\"potentialAction\":[{\"@type\":\"ReadAction\",\"target\":[\"https:\\\/\\\/www.webdo.tn\\\/fr\\\/actualite\\\/international\\\/liste-des-seismes-historiques-au-maroc\\\/208528\\\/\"]}]},{\"@type\":\"ImageObject\",\"inLanguage\":\"fr-FR\",\"@id\":\"https:\\\/\\\/www.webdo.tn\\\/fr\\\/actualite\\\/international\\\/liste-des-seismes-historiques-au-maroc\\\/208528\\\/#primaryimage\",\"url\":\"https:\\\/\\\/www.webdo.tn\\\/fr\\\/wp-content\\\/uploads\\\/2023\\\/09\\\/c1313d8e4625fe2e0852f80ac6bc989e.jpg\",\"contentUrl\":\"https:\\\/\\\/www.webdo.tn\\\/fr\\\/wp-content\\\/uploads\\\/2023\\\/09\\\/c1313d8e4625fe2e0852f80ac6bc989e.jpg\",\"width\":583,\"height\":311,\"caption\":\"Liste des s\u00e9ismes historiques au Maroc\"},{\"@type\":\"BreadcrumbList\",\"@id\":\"https:\\\/\\\/www.webdo.tn\\\/fr\\\/actualite\\\/international\\\/liste-des-seismes-historiques-au-maroc\\\/208528\\\/#breadcrumb\",\"itemListElement\":[{\"@type\":\"ListItem\",\"position\":1,\"name\":\"Accueil\",\"item\":\"https:\\\/\\\/www.webdo.tn\\\/fr\\\/\"},{\"@type\":\"ListItem\",\"position\":2,\"name\":\"Liste des s\u00e9ismes historiques au Maroc\"}]},{\"@type\":\"WebSite\",\"@id\":\"https:\\\/\\\/www.webdo.tn\\\/fr\\\/#website\",\"url\":\"https:\\\/\\\/www.webdo.tn\\\/fr\\\/\",\"name\":\"webdo\",\"description\":\"Tunisie - News en Tunisie et \u00e0 l&#039;international sur Webdo.tn\",\"publisher\":{\"@id\":\"https:\\\/\\\/www.webdo.tn\\\/fr\\\/#organization\"},\"potentialAction\":[{\"@type\":\"SearchAction\",\"target\":{\"@type\":\"EntryPoint\",\"urlTemplate\":\"https:\\\/\\\/www.webdo.tn\\\/fr\\\/?s={search_term_string}\"},\"query-input\":{\"@type\":\"PropertyValueSpecification\",\"valueRequired\":true,\"valueName\":\"search_term_string\"}}],\"inLanguage\":\"fr-FR\"},{\"@type\":\"Organization\",\"@id\":\"https:\\\/\\\/www.webdo.tn\\\/fr\\\/#organization\",\"name\":\"Webdo\",\"alternateName\":\"Webdo.tn\",\"url\":\"https:\\\/\\\/www.webdo.tn\\\/fr\\\/\",\"logo\":{\"@type\":\"ImageObject\",\"inLanguage\":\"fr-FR\",\"@id\":\"https:\\\/\\\/www.webdo.tn\\\/fr\\\/#\\\/schema\\\/logo\\\/image\\\/\",\"url\":\"https:\\\/\\\/www.webdo.tn\\\/fr\\\/wp-content\\\/uploads\\\/2025\\\/06\\\/Webdo-Tunisie_168377.jpg\",\"contentUrl\":\"https:\\\/\\\/www.webdo.tn\\\/fr\\\/wp-content\\\/uploads\\\/2025\\\/06\\\/Webdo-Tunisie_168377.jpg\",\"width\":301,\"height\":301,\"caption\":\"Webdo\"},\"image\":{\"@id\":\"https:\\\/\\\/www.webdo.tn\\\/fr\\\/#\\\/schema\\\/logo\\\/image\\\/\"},\"sameAs\":[\"https:\\\/\\\/www.facebook.com\\\/webdotn\",\"https:\\\/\\\/x.com\\\/webdo_tn\"],\"description\":\"Webdo est un m\u00e9dia num\u00e9rique tunisien fond\u00e9 en 2010, sp\u00e9cialis\u00e9 dans l\u2019actualit\u00e9 nationale et internationale, l\u2019\u00e9conomie, la soci\u00e9t\u00e9 et les analyses politiques. Le site s\u2019adresse \u00e0 un large public francophone et couvre l\u2019information tunisienne en temps r\u00e9el.\",\"email\":\"redac@webdo.tn\",\"legalName\":\"YNJ SARL\",\"foundingDate\":\"2010-09-06\",\"numberOfEmployees\":{\"@type\":\"QuantitativeValue\",\"minValue\":\"11\",\"maxValue\":\"50\"}},{\"@type\":\"Person\",\"@id\":\"https:\\\/\\\/www.webdo.tn\\\/fr\\\/#\\\/schema\\\/person\\\/f35b42a42c5e2511bbd282959d6385cc\",\"name\":\"CL\",\"image\":{\"@type\":\"ImageObject\",\"inLanguage\":\"fr-FR\",\"@id\":\"https:\\\/\\\/secure.gravatar.com\\\/avatar\\\/1447a49909b67aa657c488aec6512e1dd6143a480c1ecfee9b5b5cd74eb3b59e?s=96&d=mm&r=g\",\"url\":\"https:\\\/\\\/secure.gravatar.com\\\/avatar\\\/1447a49909b67aa657c488aec6512e1dd6143a480c1ecfee9b5b5cd74eb3b59e?s=96&d=mm&r=g\",\"contentUrl\":\"https:\\\/\\\/secure.gravatar.com\\\/avatar\\\/1447a49909b67aa657c488aec6512e1dd6143a480c1ecfee9b5b5cd74eb3b59e?s=96&d=mm&r=g\",\"caption\":\"CL\"},\"url\":\"https:\\\/\\\/www.webdo.tn\\\/fr\\\/actualite\\\/author\\\/cl\\\/\"}]}<\/script>\n<!-- \/ Yoast SEO Premium plugin. -->","yoast_head_json":{"title":"Liste des s\u00e9ismes historiques au Maroc","description":"Le Maroc est situ\u00e9 au niveau de la jonction de deux plaques tectoniques majeures, la plaque africaine et la plaque eurasienne, ce qui en fait une r\u00e9gion sujette...","canonical":"https:\/\/www.webdo.tn\/fr\/actualite\/international\/liste-des-seismes-historiques-au-maroc\/208528\/","og_locale":"fr_FR","og_type":"article","og_title":"Liste des s\u00e9ismes historiques au Maroc","og_description":"Le Maroc est situ\u00e9 au niveau de la jonction de deux plaques tectoniques majeures, la plaque africaine et la plaque eurasienne, ce qui en fait une r\u00e9gion sujette...","og_url":"https:\/\/www.webdo.tn\/fr\/actualite\/international\/liste-des-seismes-historiques-au-maroc\/208528\/","og_site_name":"webdo","article_publisher":"https:\/\/www.facebook.com\/webdotn","article_published_time":"2023-09-09T10:19:00+00:00","article_modified_time":"2025-05-20T22:41:18+00:00","og_image":[{"width":583,"height":311,"url":"https:\/\/www.webdo.tn\/fr\/wp-content\/uploads\/2023\/09\/c1313d8e4625fe2e0852f80ac6bc989e.jpg","type":"image\/jpeg"}],"author":"CL","twitter_card":"summary_large_image","twitter_creator":"@webdo_tn","twitter_site":"@webdo_tn","twitter_misc":{"\u00c9crit par":"CL","Dur\u00e9e de lecture estim\u00e9e":"1 minute"},"schema":{"@context":"https:\/\/schema.org","@graph":[{"@type":"NewsArticle","@id":"https:\/\/www.webdo.tn\/fr\/actualite\/international\/liste-des-seismes-historiques-au-maroc\/208528\/#article","isPartOf":{"@id":"https:\/\/www.webdo.tn\/fr\/actualite\/international\/liste-des-seismes-historiques-au-maroc\/208528\/"},"author":{"name":"CL","@id":"https:\/\/www.webdo.tn\/fr\/#\/schema\/person\/f35b42a42c5e2511bbd282959d6385cc"},"headline":"Liste des s\u00e9ismes historiques au Maroc","datePublished":"2023-09-09T10:19:00+00:00","dateModified":"2025-05-20T22:41:18+00:00","mainEntityOfPage":{"@id":"https:\/\/www.webdo.tn\/fr\/actualite\/international\/liste-des-seismes-historiques-au-maroc\/208528\/"},"wordCount":239,"commentCount":0,"publisher":{"@id":"https:\/\/www.webdo.tn\/fr\/#organization"},"image":{"@id":"https:\/\/www.webdo.tn\/fr\/actualite\/international\/liste-des-seismes-historiques-au-maroc\/208528\/#primaryimage"},"thumbnailUrl":"https:\/\/www.webdo.tn\/fr\/wp-content\/uploads\/2023\/09\/c1313d8e4625fe2e0852f80ac6bc989e.jpg","keywords":["maroc","s\u00e9isme"],"articleSection":["International"],"inLanguage":"fr-FR"},{"@type":"WebPage","@id":"https:\/\/www.webdo.tn\/fr\/actualite\/international\/liste-des-seismes-historiques-au-maroc\/208528\/","url":"https:\/\/www.webdo.tn\/fr\/actualite\/international\/liste-des-seismes-historiques-au-maroc\/208528\/","name":"Liste des s\u00e9ismes historiques au Maroc","isPartOf":{"@id":"https:\/\/www.webdo.tn\/fr\/#website"},"primaryImageOfPage":{"@id":"https:\/\/www.webdo.tn\/fr\/actualite\/international\/liste-des-seismes-historiques-au-maroc\/208528\/#primaryimage"},"image":{"@id":"https:\/\/www.webdo.tn\/fr\/actualite\/international\/liste-des-seismes-historiques-au-maroc\/208528\/#primaryimage"},"thumbnailUrl":"https:\/\/www.webdo.tn\/fr\/wp-content\/uploads\/2023\/09\/c1313d8e4625fe2e0852f80ac6bc989e.jpg","datePublished":"2023-09-09T10:19:00+00:00","dateModified":"2025-05-20T22:41:18+00:00","description":"Le Maroc est situ\u00e9 au niveau de la jonction de deux plaques tectoniques majeures, la plaque africaine et la plaque eurasienne, ce qui en fait une r\u00e9gion sujette...","breadcrumb":{"@id":"https:\/\/www.webdo.tn\/fr\/actualite\/international\/liste-des-seismes-historiques-au-maroc\/208528\/#breadcrumb"},"inLanguage":"fr-FR","potentialAction":[{"@type":"ReadAction","target":["https:\/\/www.webdo.tn\/fr\/actualite\/international\/liste-des-seismes-historiques-au-maroc\/208528\/"]}]},{"@type":"ImageObject","inLanguage":"fr-FR","@id":"https:\/\/www.webdo.tn\/fr\/actualite\/international\/liste-des-seismes-historiques-au-maroc\/208528\/#primaryimage","url":"https:\/\/www.webdo.tn\/fr\/wp-content\/uploads\/2023\/09\/c1313d8e4625fe2e0852f80ac6bc989e.jpg","contentUrl":"https:\/\/www.webdo.tn\/fr\/wp-content\/uploads\/2023\/09\/c1313d8e4625fe2e0852f80ac6bc989e.jpg","width":583,"height":311,"caption":"Liste des s\u00e9ismes historiques au Maroc"},{"@type":"BreadcrumbList","@id":"https:\/\/www.webdo.tn\/fr\/actualite\/international\/liste-des-seismes-historiques-au-maroc\/208528\/#breadcrumb","itemListElement":[{"@type":"ListItem","position":1,"name":"Accueil","item":"https:\/\/www.webdo.tn\/fr\/"},{"@type":"ListItem","position":2,"name":"Liste des s\u00e9ismes historiques au Maroc"}]},{"@type":"WebSite","@id":"https:\/\/www.webdo.tn\/fr\/#website","url":"https:\/\/www.webdo.tn\/fr\/","name":"webdo","description":"Tunisie - News en Tunisie et \u00e0 l&#039;international sur Webdo.tn","publisher":{"@id":"https:\/\/www.webdo.tn\/fr\/#organization"},"potentialAction":[{"@type":"SearchAction","target":{"@type":"EntryPoint","urlTemplate":"https:\/\/www.webdo.tn\/fr\/?s={search_term_string}"},"query-input":{"@type":"PropertyValueSpecification","valueRequired":true,"valueName":"search_term_string"}}],"inLanguage":"fr-FR"},{"@type":"Organization","@id":"https:\/\/www.webdo.tn\/fr\/#organization","name":"Webdo","alternateName":"Webdo.tn","url":"https:\/\/www.webdo.tn\/fr\/","logo":{"@type":"ImageObject","inLanguage":"fr-FR","@id":"https:\/\/www.webdo.tn\/fr\/#\/schema\/logo\/image\/","url":"https:\/\/www.webdo.tn\/fr\/wp-content\/uploads\/2025\/06\/Webdo-Tunisie_168377.jpg","contentUrl":"https:\/\/www.webdo.tn\/fr\/wp-content\/uploads\/2025\/06\/Webdo-Tunisie_168377.jpg","width":301,"height":301,"caption":"Webdo"},"image":{"@id":"https:\/\/www.webdo.tn\/fr\/#\/schema\/logo\/image\/"},"sameAs":["https:\/\/www.facebook.com\/webdotn","https:\/\/x.com\/webdo_tn"],"description":"Webdo est un m\u00e9dia num\u00e9rique tunisien fond\u00e9 en 2010, sp\u00e9cialis\u00e9 dans l\u2019actualit\u00e9 nationale et internationale, l\u2019\u00e9conomie, la soci\u00e9t\u00e9 et les analyses politiques. Le site s\u2019adresse \u00e0 un large public francophone et couvre l\u2019information tunisienne en temps r\u00e9el.","email":"redac@webdo.tn","legalName":"YNJ SARL","foundingDate":"2010-09-06","numberOfEmployees":{"@type":"QuantitativeValue","minValue":"11","maxValue":"50"}},{"@type":"Person","@id":"https:\/\/www.webdo.tn\/fr\/#\/schema\/person\/f35b42a42c5e2511bbd282959d6385cc","name":"CL","image":{"@type":"ImageObject","inLanguage":"fr-FR","@id":"https:\/\/secure.gravatar.com\/avatar\/1447a49909b67aa657c488aec6512e1dd6143a480c1ecfee9b5b5cd74eb3b59e?s=96&d=mm&r=g","url":"https:\/\/secure.gravatar.com\/avatar\/1447a49909b67aa657c488aec6512e1dd6143a480c1ecfee9b5b5cd74eb3b59e?s=96&d=mm&r=g","contentUrl":"https:\/\/secure.gravatar.com\/avatar\/1447a49909b67aa657c488aec6512e1dd6143a480c1ecfee9b5b5cd74eb3b59e?s=96&d=mm&r=g","caption":"CL"},"url":"https:\/\/www.webdo.tn\/fr\/actualite\/author\/cl\/"}]}},"_links":{"self":[{"href":"https:\/\/www.webdo.tn\/fr\/wp-json\/wp\/v2\/posts\/208528","targetHints":{"allow":["GET"]}}],"collection":[{"href":"https:\/\/www.webdo.tn\/fr\/wp-json\/wp\/v2\/posts"}],"about":[{"href":"https:\/\/www.webdo.tn\/fr\/wp-json\/wp\/v2\/types\/post"}],"author":[{"embeddable":true,"href":"https:\/\/www.webdo.tn\/fr\/wp-json\/wp\/v2\/users\/3175"}],"replies":[{"embeddable":true,"href":"https:\/\/www.webdo.tn\/fr\/wp-json\/wp\/v2\/comments?post=208528"}],"version-history":[{"count":0,"href":"https:\/\/www.webdo.tn\/fr\/wp-json\/wp\/v2\/posts\/208528\/revisions"}],"wp:featuredmedia":[{"embeddable":true,"href":"https:\/\/www.webdo.tn\/fr\/wp-json\/wp\/v2\/media\/249359"}],"wp:attachment":[{"href":"https:\/\/www.webdo.tn\/fr\/wp-json\/wp\/v2\/media?parent=208528"}],"wp:term":[{"taxonomy":"category","embeddable":true,"href":"https:\/\/www.webdo.tn\/fr\/wp-json\/wp\/v2\/categories?post=208528"},{"taxonomy":"post_tag","embeddable":true,"href":"https:\/\/www.webdo.tn\/fr\/wp-json\/wp\/v2\/tags?post=208528"}],"curies":[{"name":"wp","href":"https:\/\/api.w.org\/{rel}","templated":true}]}}