{"id":208527,"date":"2023-09-09T09:38:00","date_gmt":"2023-09-09T09:38:00","guid":{"rendered":"https:\/\/www.webdo.tn\/fr\/blog\/coronavirus-ali-mrabet-appelle-a-surveiller-tout-changement-de-la-situation\/208527\/"},"modified":"2025-05-20T22:41:18","modified_gmt":"2025-05-20T22:41:18","slug":"coronavirus-ali-mrabet-appelle-a-surveiller-tout-changement-de-la-situation","status":"publish","type":"post","link":"https:\/\/www.webdo.tn\/fr\/actualite\/national\/coronavirus-ali-mrabet-appelle-a-surveiller-tout-changement-de-la-situation\/208527\/","title":{"rendered":"Coronavirus : Ali Mrabet appelle \u00e0 surveiller tout changement de la situation"},"content":{"rendered":"<p>Le ministre de la sant\u00e9, Ali Mrabet a soulign\u00e9 vendredi l&rsquo;imp\u00e9ratif de faire preuve de vigilance et de surveiller tout changement de la situation \u00e9pid\u00e9mique en relation avec le coronavirus en Tunisie tout en poursuivant les campagnes de sensibilisation pour se prot\u00e9ger.<\/p>\n<p>Mrabet a affirm\u00e9 lors de la r\u00e9union p\u00e9riodique avec les diff\u00e9rentes structures du minist\u00e8re concern\u00e9es par le suivi de la situation \u00e9pid\u00e9mique et la pr\u00e9paration des op\u00e9rations de vaccination contre la grippe saisonni\u00e8re et le coronavirus, la n\u00e9cessit\u00e9 de favoriser les vaccins notamment en cette p\u00e9riode de l&rsquo;ann\u00e9e.\u00a0<\/p>\n<p>Il s&rsquo;agit \u00e9galement de veiller \u00e0 \u00e9tablir une \u00e9troite coordination avec les diff\u00e9rents intervenants afin de rapprocher ces prestations sanitaires aux citoyens.<\/p>\n","protected":false},"excerpt":{"rendered":"<p>Le ministre de la sant\u00e9, Ali Mrabet a soulign\u00e9 vendredi l&rsquo;imp\u00e9ratif de faire preuve de vigilance et de surveiller tout changement de la situation \u00e9pid\u00e9mique en&#8230;<\/p>\n","protected":false},"author":3175,"featured_media":249358,"comment_status":"open","ping_status":"closed","sticky":false,"template":"","format":"standard","meta":{"footnotes":""},"categories":[44],"tags":[7520,2608],"class_list":["post-208527","post","type-post","status-publish","format-standard","has-post-thumbnail","hentry","category-national","tag-coronavirus","tag-tunisie"],"yoast_head":"<!-- This site is optimized with the Yoast SEO Premium plugin v27.4 (Yoast SEO v27.5) - https:\/\/yoast.com\/product\/yoast-seo-premium-wordpress\/ -->\n<title>Coronavirus : Ali Mrabet appelle \u00e0 surveiller tout changement de la situation<\/title>\n<meta name=\"description\" content=\"Le ministre de la sant\u00e9, Ali Mrabet a soulign\u00e9 vendredi l&#039;imp\u00e9ratif de faire preuve de vigilance et de surveiller tout changement de la situation \u00e9pid\u00e9mique en...\" \/>\n<link rel=\"canonical\" href=\"https:\/\/www.webdo.tn\/fr\/actualite\/national\/coronavirus-ali-mrabet-appelle-a-surveiller-tout-changement-de-la-situation\/208527\/\" \/>\n<meta property=\"og:locale\" content=\"fr_FR\" \/>\n<meta property=\"og:type\" content=\"article\" \/>\n<meta property=\"og:title\" content=\"Coronavirus : Ali Mrabet appelle \u00e0 surveiller tout changement de la situation\" \/>\n<meta property=\"og:description\" content=\"Le ministre de la sant\u00e9, Ali Mrabet a soulign\u00e9 vendredi l&#039;imp\u00e9ratif de faire preuve de vigilance et de surveiller tout changement de la situation \u00e9pid\u00e9mique en...\" \/>\n<meta property=\"og:url\" content=\"https:\/\/www.webdo.tn\/fr\/actualite\/national\/coronavirus-ali-mrabet-appelle-a-surveiller-tout-changement-de-la-situation\/208527\/\" \/>\n<meta property=\"og:site_name\" content=\"webdo\" \/>\n<meta property=\"article:publisher\" content=\"https:\/\/www.facebook.com\/webdotn\" \/>\n<meta property=\"article:published_time\" content=\"2023-09-09T09:38:00+00:00\" \/>\n<meta property=\"article:modified_time\" content=\"2025-05-20T22:41:18+00:00\" \/>\n<meta property=\"og:image\" content=\"https:\/\/www.webdo.tn\/fr\/wp-content\/uploads\/2023\/09\/62c97869506b01f72bad5a561a79af88.jpg\" \/>\n\t<meta property=\"og:image:width\" content=\"750\" \/>\n\t<meta property=\"og:image:height\" content=\"400\" \/>\n\t<meta property=\"og:image:type\" content=\"image\/jpeg\" \/>\n<meta name=\"author\" content=\"CL\" \/>\n<meta name=\"twitter:card\" content=\"summary_large_image\" \/>\n<meta name=\"twitter:creator\" content=\"@webdo_tn\" \/>\n<meta name=\"twitter:site\" content=\"@webdo_tn\" \/>\n<meta name=\"twitter:label1\" content=\"\u00c9crit par\" \/>\n\t<meta name=\"twitter:data1\" content=\"CL\" \/>\n\t<meta name=\"twitter:label2\" content=\"Dur\u00e9e de lecture estim\u00e9e\" \/>\n\t<meta name=\"twitter:data2\" content=\"1 minute\" \/>\n<script type=\"application\/ld+json\" class=\"yoast-schema-graph\">{\"@context\":\"https:\\\/\\\/schema.org\",\"@graph\":[{\"@type\":\"NewsArticle\",\"@id\":\"https:\\\/\\\/www.webdo.tn\\\/fr\\\/actualite\\\/national\\\/coronavirus-ali-mrabet-appelle-a-surveiller-tout-changement-de-la-situation\\\/208527\\\/#article\",\"isPartOf\":{\"@id\":\"https:\\\/\\\/www.webdo.tn\\\/fr\\\/actualite\\\/national\\\/coronavirus-ali-mrabet-appelle-a-surveiller-tout-changement-de-la-situation\\\/208527\\\/\"},\"author\":{\"name\":\"CL\",\"@id\":\"https:\\\/\\\/www.webdo.tn\\\/fr\\\/#\\\/schema\\\/person\\\/f35b42a42c5e2511bbd282959d6385cc\"},\"headline\":\"Coronavirus : Ali Mrabet appelle \u00e0 surveiller tout changement de la situation\",\"datePublished\":\"2023-09-09T09:38:00+00:00\",\"dateModified\":\"2025-05-20T22:41:18+00:00\",\"mainEntityOfPage\":{\"@id\":\"https:\\\/\\\/www.webdo.tn\\\/fr\\\/actualite\\\/national\\\/coronavirus-ali-mrabet-appelle-a-surveiller-tout-changement-de-la-situation\\\/208527\\\/\"},\"wordCount\":140,\"commentCount\":0,\"publisher\":{\"@id\":\"https:\\\/\\\/www.webdo.tn\\\/fr\\\/#organization\"},\"image\":{\"@id\":\"https:\\\/\\\/www.webdo.tn\\\/fr\\\/actualite\\\/national\\\/coronavirus-ali-mrabet-appelle-a-surveiller-tout-changement-de-la-situation\\\/208527\\\/#primaryimage\"},\"thumbnailUrl\":\"https:\\\/\\\/www.webdo.tn\\\/fr\\\/wp-content\\\/uploads\\\/2023\\\/09\\\/62c97869506b01f72bad5a561a79af88.jpg\",\"keywords\":[\"Coronavirus\",\"Tunisie\"],\"articleSection\":[\"National\"],\"inLanguage\":\"fr-FR\"},{\"@type\":\"WebPage\",\"@id\":\"https:\\\/\\\/www.webdo.tn\\\/fr\\\/actualite\\\/national\\\/coronavirus-ali-mrabet-appelle-a-surveiller-tout-changement-de-la-situation\\\/208527\\\/\",\"url\":\"https:\\\/\\\/www.webdo.tn\\\/fr\\\/actualite\\\/national\\\/coronavirus-ali-mrabet-appelle-a-surveiller-tout-changement-de-la-situation\\\/208527\\\/\",\"name\":\"Coronavirus : Ali Mrabet appelle \u00e0 surveiller tout changement de la situation\",\"isPartOf\":{\"@id\":\"https:\\\/\\\/www.webdo.tn\\\/fr\\\/#website\"},\"primaryImageOfPage\":{\"@id\":\"https:\\\/\\\/www.webdo.tn\\\/fr\\\/actualite\\\/national\\\/coronavirus-ali-mrabet-appelle-a-surveiller-tout-changement-de-la-situation\\\/208527\\\/#primaryimage\"},\"image\":{\"@id\":\"https:\\\/\\\/www.webdo.tn\\\/fr\\\/actualite\\\/national\\\/coronavirus-ali-mrabet-appelle-a-surveiller-tout-changement-de-la-situation\\\/208527\\\/#primaryimage\"},\"thumbnailUrl\":\"https:\\\/\\\/www.webdo.tn\\\/fr\\\/wp-content\\\/uploads\\\/2023\\\/09\\\/62c97869506b01f72bad5a561a79af88.jpg\",\"datePublished\":\"2023-09-09T09:38:00+00:00\",\"dateModified\":\"2025-05-20T22:41:18+00:00\",\"description\":\"Le ministre de la sant\u00e9, Ali Mrabet a soulign\u00e9 vendredi l'imp\u00e9ratif de faire preuve de vigilance et de surveiller tout changement de la situation \u00e9pid\u00e9mique en...\",\"breadcrumb\":{\"@id\":\"https:\\\/\\\/www.webdo.tn\\\/fr\\\/actualite\\\/national\\\/coronavirus-ali-mrabet-appelle-a-surveiller-tout-changement-de-la-situation\\\/208527\\\/#breadcrumb\"},\"inLanguage\":\"fr-FR\",\"potentialAction\":[{\"@type\":\"ReadAction\",\"target\":[\"https:\\\/\\\/www.webdo.tn\\\/fr\\\/actualite\\\/national\\\/coronavirus-ali-mrabet-appelle-a-surveiller-tout-changement-de-la-situation\\\/208527\\\/\"]}]},{\"@type\":\"ImageObject\",\"inLanguage\":\"fr-FR\",\"@id\":\"https:\\\/\\\/www.webdo.tn\\\/fr\\\/actualite\\\/national\\\/coronavirus-ali-mrabet-appelle-a-surveiller-tout-changement-de-la-situation\\\/208527\\\/#primaryimage\",\"url\":\"https:\\\/\\\/www.webdo.tn\\\/fr\\\/wp-content\\\/uploads\\\/2023\\\/09\\\/62c97869506b01f72bad5a561a79af88.jpg\",\"contentUrl\":\"https:\\\/\\\/www.webdo.tn\\\/fr\\\/wp-content\\\/uploads\\\/2023\\\/09\\\/62c97869506b01f72bad5a561a79af88.jpg\",\"width\":750,\"height\":400,\"caption\":\"Coronavirus : Ali Mrabet appelle \u00e0 surveiller tout changement de la situation\"},{\"@type\":\"BreadcrumbList\",\"@id\":\"https:\\\/\\\/www.webdo.tn\\\/fr\\\/actualite\\\/national\\\/coronavirus-ali-mrabet-appelle-a-surveiller-tout-changement-de-la-situation\\\/208527\\\/#breadcrumb\",\"itemListElement\":[{\"@type\":\"ListItem\",\"position\":1,\"name\":\"Accueil\",\"item\":\"https:\\\/\\\/www.webdo.tn\\\/fr\\\/\"},{\"@type\":\"ListItem\",\"position\":2,\"name\":\"Coronavirus : Ali Mrabet appelle \u00e0 surveiller tout changement de la situation\"}]},{\"@type\":\"WebSite\",\"@id\":\"https:\\\/\\\/www.webdo.tn\\\/fr\\\/#website\",\"url\":\"https:\\\/\\\/www.webdo.tn\\\/fr\\\/\",\"name\":\"webdo\",\"description\":\"Tunisie - News en Tunisie et \u00e0 l&#039;international sur Webdo.tn\",\"publisher\":{\"@id\":\"https:\\\/\\\/www.webdo.tn\\\/fr\\\/#organization\"},\"potentialAction\":[{\"@type\":\"SearchAction\",\"target\":{\"@type\":\"EntryPoint\",\"urlTemplate\":\"https:\\\/\\\/www.webdo.tn\\\/fr\\\/?s={search_term_string}\"},\"query-input\":{\"@type\":\"PropertyValueSpecification\",\"valueRequired\":true,\"valueName\":\"search_term_string\"}}],\"inLanguage\":\"fr-FR\"},{\"@type\":\"Organization\",\"@id\":\"https:\\\/\\\/www.webdo.tn\\\/fr\\\/#organization\",\"name\":\"Webdo\",\"alternateName\":\"Webdo.tn\",\"url\":\"https:\\\/\\\/www.webdo.tn\\\/fr\\\/\",\"logo\":{\"@type\":\"ImageObject\",\"inLanguage\":\"fr-FR\",\"@id\":\"https:\\\/\\\/www.webdo.tn\\\/fr\\\/#\\\/schema\\\/logo\\\/image\\\/\",\"url\":\"https:\\\/\\\/www.webdo.tn\\\/fr\\\/wp-content\\\/uploads\\\/2025\\\/06\\\/Webdo-Tunisie_168377.jpg\",\"contentUrl\":\"https:\\\/\\\/www.webdo.tn\\\/fr\\\/wp-content\\\/uploads\\\/2025\\\/06\\\/Webdo-Tunisie_168377.jpg\",\"width\":301,\"height\":301,\"caption\":\"Webdo\"},\"image\":{\"@id\":\"https:\\\/\\\/www.webdo.tn\\\/fr\\\/#\\\/schema\\\/logo\\\/image\\\/\"},\"sameAs\":[\"https:\\\/\\\/www.facebook.com\\\/webdotn\",\"https:\\\/\\\/x.com\\\/webdo_tn\"],\"description\":\"Webdo est un m\u00e9dia num\u00e9rique tunisien fond\u00e9 en 2010, sp\u00e9cialis\u00e9 dans l\u2019actualit\u00e9 nationale et internationale, l\u2019\u00e9conomie, la soci\u00e9t\u00e9 et les analyses politiques. Le site s\u2019adresse \u00e0 un large public francophone et couvre l\u2019information tunisienne en temps r\u00e9el.\",\"email\":\"redac@webdo.tn\",\"legalName\":\"YNJ SARL\",\"foundingDate\":\"2010-09-06\",\"numberOfEmployees\":{\"@type\":\"QuantitativeValue\",\"minValue\":\"11\",\"maxValue\":\"50\"}},{\"@type\":\"Person\",\"@id\":\"https:\\\/\\\/www.webdo.tn\\\/fr\\\/#\\\/schema\\\/person\\\/f35b42a42c5e2511bbd282959d6385cc\",\"name\":\"CL\",\"image\":{\"@type\":\"ImageObject\",\"inLanguage\":\"fr-FR\",\"@id\":\"https:\\\/\\\/secure.gravatar.com\\\/avatar\\\/1447a49909b67aa657c488aec6512e1dd6143a480c1ecfee9b5b5cd74eb3b59e?s=96&d=mm&r=g\",\"url\":\"https:\\\/\\\/secure.gravatar.com\\\/avatar\\\/1447a49909b67aa657c488aec6512e1dd6143a480c1ecfee9b5b5cd74eb3b59e?s=96&d=mm&r=g\",\"contentUrl\":\"https:\\\/\\\/secure.gravatar.com\\\/avatar\\\/1447a49909b67aa657c488aec6512e1dd6143a480c1ecfee9b5b5cd74eb3b59e?s=96&d=mm&r=g\",\"caption\":\"CL\"},\"url\":\"https:\\\/\\\/www.webdo.tn\\\/fr\\\/actualite\\\/author\\\/cl\\\/\"}]}<\/script>\n<!-- \/ Yoast SEO Premium plugin. -->","yoast_head_json":{"title":"Coronavirus : Ali Mrabet appelle \u00e0 surveiller tout changement de la situation","description":"Le ministre de la sant\u00e9, Ali Mrabet a soulign\u00e9 vendredi l'imp\u00e9ratif de faire preuve de vigilance et de surveiller tout changement de la situation \u00e9pid\u00e9mique en...","canonical":"https:\/\/www.webdo.tn\/fr\/actualite\/national\/coronavirus-ali-mrabet-appelle-a-surveiller-tout-changement-de-la-situation\/208527\/","og_locale":"fr_FR","og_type":"article","og_title":"Coronavirus : Ali Mrabet appelle \u00e0 surveiller tout changement de la situation","og_description":"Le ministre de la sant\u00e9, Ali Mrabet a soulign\u00e9 vendredi l'imp\u00e9ratif de faire preuve de vigilance et de surveiller tout changement de la situation \u00e9pid\u00e9mique en...","og_url":"https:\/\/www.webdo.tn\/fr\/actualite\/national\/coronavirus-ali-mrabet-appelle-a-surveiller-tout-changement-de-la-situation\/208527\/","og_site_name":"webdo","article_publisher":"https:\/\/www.facebook.com\/webdotn","article_published_time":"2023-09-09T09:38:00+00:00","article_modified_time":"2025-05-20T22:41:18+00:00","og_image":[{"width":750,"height":400,"url":"https:\/\/www.webdo.tn\/fr\/wp-content\/uploads\/2023\/09\/62c97869506b01f72bad5a561a79af88.jpg","type":"image\/jpeg"}],"author":"CL","twitter_card":"summary_large_image","twitter_creator":"@webdo_tn","twitter_site":"@webdo_tn","twitter_misc":{"\u00c9crit par":"CL","Dur\u00e9e de lecture estim\u00e9e":"1 minute"},"schema":{"@context":"https:\/\/schema.org","@graph":[{"@type":"NewsArticle","@id":"https:\/\/www.webdo.tn\/fr\/actualite\/national\/coronavirus-ali-mrabet-appelle-a-surveiller-tout-changement-de-la-situation\/208527\/#article","isPartOf":{"@id":"https:\/\/www.webdo.tn\/fr\/actualite\/national\/coronavirus-ali-mrabet-appelle-a-surveiller-tout-changement-de-la-situation\/208527\/"},"author":{"name":"CL","@id":"https:\/\/www.webdo.tn\/fr\/#\/schema\/person\/f35b42a42c5e2511bbd282959d6385cc"},"headline":"Coronavirus : Ali Mrabet appelle \u00e0 surveiller tout changement de la situation","datePublished":"2023-09-09T09:38:00+00:00","dateModified":"2025-05-20T22:41:18+00:00","mainEntityOfPage":{"@id":"https:\/\/www.webdo.tn\/fr\/actualite\/national\/coronavirus-ali-mrabet-appelle-a-surveiller-tout-changement-de-la-situation\/208527\/"},"wordCount":140,"commentCount":0,"publisher":{"@id":"https:\/\/www.webdo.tn\/fr\/#organization"},"image":{"@id":"https:\/\/www.webdo.tn\/fr\/actualite\/national\/coronavirus-ali-mrabet-appelle-a-surveiller-tout-changement-de-la-situation\/208527\/#primaryimage"},"thumbnailUrl":"https:\/\/www.webdo.tn\/fr\/wp-content\/uploads\/2023\/09\/62c97869506b01f72bad5a561a79af88.jpg","keywords":["Coronavirus","Tunisie"],"articleSection":["National"],"inLanguage":"fr-FR"},{"@type":"WebPage","@id":"https:\/\/www.webdo.tn\/fr\/actualite\/national\/coronavirus-ali-mrabet-appelle-a-surveiller-tout-changement-de-la-situation\/208527\/","url":"https:\/\/www.webdo.tn\/fr\/actualite\/national\/coronavirus-ali-mrabet-appelle-a-surveiller-tout-changement-de-la-situation\/208527\/","name":"Coronavirus : Ali Mrabet appelle \u00e0 surveiller tout changement de la situation","isPartOf":{"@id":"https:\/\/www.webdo.tn\/fr\/#website"},"primaryImageOfPage":{"@id":"https:\/\/www.webdo.tn\/fr\/actualite\/national\/coronavirus-ali-mrabet-appelle-a-surveiller-tout-changement-de-la-situation\/208527\/#primaryimage"},"image":{"@id":"https:\/\/www.webdo.tn\/fr\/actualite\/national\/coronavirus-ali-mrabet-appelle-a-surveiller-tout-changement-de-la-situation\/208527\/#primaryimage"},"thumbnailUrl":"https:\/\/www.webdo.tn\/fr\/wp-content\/uploads\/2023\/09\/62c97869506b01f72bad5a561a79af88.jpg","datePublished":"2023-09-09T09:38:00+00:00","dateModified":"2025-05-20T22:41:18+00:00","description":"Le ministre de la sant\u00e9, Ali Mrabet a soulign\u00e9 vendredi l'imp\u00e9ratif de faire preuve de vigilance et de surveiller tout changement de la situation \u00e9pid\u00e9mique en...","breadcrumb":{"@id":"https:\/\/www.webdo.tn\/fr\/actualite\/national\/coronavirus-ali-mrabet-appelle-a-surveiller-tout-changement-de-la-situation\/208527\/#breadcrumb"},"inLanguage":"fr-FR","potentialAction":[{"@type":"ReadAction","target":["https:\/\/www.webdo.tn\/fr\/actualite\/national\/coronavirus-ali-mrabet-appelle-a-surveiller-tout-changement-de-la-situation\/208527\/"]}]},{"@type":"ImageObject","inLanguage":"fr-FR","@id":"https:\/\/www.webdo.tn\/fr\/actualite\/national\/coronavirus-ali-mrabet-appelle-a-surveiller-tout-changement-de-la-situation\/208527\/#primaryimage","url":"https:\/\/www.webdo.tn\/fr\/wp-content\/uploads\/2023\/09\/62c97869506b01f72bad5a561a79af88.jpg","contentUrl":"https:\/\/www.webdo.tn\/fr\/wp-content\/uploads\/2023\/09\/62c97869506b01f72bad5a561a79af88.jpg","width":750,"height":400,"caption":"Coronavirus : Ali Mrabet appelle \u00e0 surveiller tout changement de la situation"},{"@type":"BreadcrumbList","@id":"https:\/\/www.webdo.tn\/fr\/actualite\/national\/coronavirus-ali-mrabet-appelle-a-surveiller-tout-changement-de-la-situation\/208527\/#breadcrumb","itemListElement":[{"@type":"ListItem","position":1,"name":"Accueil","item":"https:\/\/www.webdo.tn\/fr\/"},{"@type":"ListItem","position":2,"name":"Coronavirus : Ali Mrabet appelle \u00e0 surveiller tout changement de la situation"}]},{"@type":"WebSite","@id":"https:\/\/www.webdo.tn\/fr\/#website","url":"https:\/\/www.webdo.tn\/fr\/","name":"webdo","description":"Tunisie - News en Tunisie et \u00e0 l&#039;international sur Webdo.tn","publisher":{"@id":"https:\/\/www.webdo.tn\/fr\/#organization"},"potentialAction":[{"@type":"SearchAction","target":{"@type":"EntryPoint","urlTemplate":"https:\/\/www.webdo.tn\/fr\/?s={search_term_string}"},"query-input":{"@type":"PropertyValueSpecification","valueRequired":true,"valueName":"search_term_string"}}],"inLanguage":"fr-FR"},{"@type":"Organization","@id":"https:\/\/www.webdo.tn\/fr\/#organization","name":"Webdo","alternateName":"Webdo.tn","url":"https:\/\/www.webdo.tn\/fr\/","logo":{"@type":"ImageObject","inLanguage":"fr-FR","@id":"https:\/\/www.webdo.tn\/fr\/#\/schema\/logo\/image\/","url":"https:\/\/www.webdo.tn\/fr\/wp-content\/uploads\/2025\/06\/Webdo-Tunisie_168377.jpg","contentUrl":"https:\/\/www.webdo.tn\/fr\/wp-content\/uploads\/2025\/06\/Webdo-Tunisie_168377.jpg","width":301,"height":301,"caption":"Webdo"},"image":{"@id":"https:\/\/www.webdo.tn\/fr\/#\/schema\/logo\/image\/"},"sameAs":["https:\/\/www.facebook.com\/webdotn","https:\/\/x.com\/webdo_tn"],"description":"Webdo est un m\u00e9dia num\u00e9rique tunisien fond\u00e9 en 2010, sp\u00e9cialis\u00e9 dans l\u2019actualit\u00e9 nationale et internationale, l\u2019\u00e9conomie, la soci\u00e9t\u00e9 et les analyses politiques. Le site s\u2019adresse \u00e0 un large public francophone et couvre l\u2019information tunisienne en temps r\u00e9el.","email":"redac@webdo.tn","legalName":"YNJ SARL","foundingDate":"2010-09-06","numberOfEmployees":{"@type":"QuantitativeValue","minValue":"11","maxValue":"50"}},{"@type":"Person","@id":"https:\/\/www.webdo.tn\/fr\/#\/schema\/person\/f35b42a42c5e2511bbd282959d6385cc","name":"CL","image":{"@type":"ImageObject","inLanguage":"fr-FR","@id":"https:\/\/secure.gravatar.com\/avatar\/1447a49909b67aa657c488aec6512e1dd6143a480c1ecfee9b5b5cd74eb3b59e?s=96&d=mm&r=g","url":"https:\/\/secure.gravatar.com\/avatar\/1447a49909b67aa657c488aec6512e1dd6143a480c1ecfee9b5b5cd74eb3b59e?s=96&d=mm&r=g","contentUrl":"https:\/\/secure.gravatar.com\/avatar\/1447a49909b67aa657c488aec6512e1dd6143a480c1ecfee9b5b5cd74eb3b59e?s=96&d=mm&r=g","caption":"CL"},"url":"https:\/\/www.webdo.tn\/fr\/actualite\/author\/cl\/"}]}},"_links":{"self":[{"href":"https:\/\/www.webdo.tn\/fr\/wp-json\/wp\/v2\/posts\/208527","targetHints":{"allow":["GET"]}}],"collection":[{"href":"https:\/\/www.webdo.tn\/fr\/wp-json\/wp\/v2\/posts"}],"about":[{"href":"https:\/\/www.webdo.tn\/fr\/wp-json\/wp\/v2\/types\/post"}],"author":[{"embeddable":true,"href":"https:\/\/www.webdo.tn\/fr\/wp-json\/wp\/v2\/users\/3175"}],"replies":[{"embeddable":true,"href":"https:\/\/www.webdo.tn\/fr\/wp-json\/wp\/v2\/comments?post=208527"}],"version-history":[{"count":0,"href":"https:\/\/www.webdo.tn\/fr\/wp-json\/wp\/v2\/posts\/208527\/revisions"}],"wp:featuredmedia":[{"embeddable":true,"href":"https:\/\/www.webdo.tn\/fr\/wp-json\/wp\/v2\/media\/249358"}],"wp:attachment":[{"href":"https:\/\/www.webdo.tn\/fr\/wp-json\/wp\/v2\/media?parent=208527"}],"wp:term":[{"taxonomy":"category","embeddable":true,"href":"https:\/\/www.webdo.tn\/fr\/wp-json\/wp\/v2\/categories?post=208527"},{"taxonomy":"post_tag","embeddable":true,"href":"https:\/\/www.webdo.tn\/fr\/wp-json\/wp\/v2\/tags?post=208527"}],"curies":[{"name":"wp","href":"https:\/\/api.w.org\/{rel}","templated":true}]}}