{"id":208512,"date":"2023-09-08T13:53:00","date_gmt":"2023-09-08T13:53:00","guid":{"rendered":"https:\/\/www.webdo.tn\/fr\/blog\/le-ministre-de-l-education-se-prononce-sur-l-audit-des-diplomes\/208512\/"},"modified":"2025-05-20T22:51:42","modified_gmt":"2025-05-20T22:51:42","slug":"le-ministre-de-l-education-se-prononce-sur-l-audit-des-diplomes","status":"publish","type":"post","link":"https:\/\/www.webdo.tn\/fr\/actualite\/national\/le-ministre-de-l-education-se-prononce-sur-l-audit-des-diplomes\/208512\/","title":{"rendered":"Le ministre de l\u2019Education se prononce sur l\u2019audit des dipl\u00f4mes"},"content":{"rendered":"<p>Le ministre de l\u2019Education Mohamed Ali Boughdiri a annonc\u00e9 que son d\u00e9partement sera charg\u00e9 de l\u2019audit des dipl\u00f4mes dans tous les minist\u00e8res.<\/p>\n<p>\t\t\t\t\t\t\t\t\tDans une interview \u00e0 la TAP, Boughdiri a annonc\u00e9 que cet audit concerna les dipl\u00f4mes des niveaux primaires et secondaires alors que le minist\u00e8re de l\u2019Enseignement sup\u00e9rieur v\u00e9rifiera les dipl\u00f4mes universitaires.\u00a0<\/p>\n<p>Et d\u2019expliquer que cette op\u00e9ration ciblera notamment le ph\u00e9nom\u00e8ne de fraude et de falsification des dipl\u00f4mes.\u00a0<\/p>\n<p>Le pr\u00e9sident de la R\u00e9publique, Kais Sa\u00efed, a annonc\u00e9\u00a0lundi 4 septembre 2023 qu&rsquo;un audit complet des concours et des parcours d&rsquo;affectation \u00e0 partir de janvier 2011, sera lanc\u00e9 prochainement.<\/p>\n<p>\u00a0Lors de son entretien avec le chef du gouvernement, Kais Saied a affirm\u00e9 qu\u2019un projet de loi a \u00e9t\u00e9 d\u00e9j\u00e0 pr\u00e9par\u00e9 et sera pr\u00e9sent\u00e9 au prochain conseil des ministres pour ce faire.<\/p>\n","protected":false},"excerpt":{"rendered":"<p>Le ministre de l\u2019Education Mohamed Ali Boughdiri a annonc\u00e9 que son d\u00e9partement sera charg\u00e9 de l\u2019audit des dipl\u00f4mes dans tous les minist\u00e8res.<\/p>\n","protected":false},"author":3175,"featured_media":278663,"comment_status":"open","ping_status":"closed","sticky":false,"template":"","format":"standard","meta":{"footnotes":""},"categories":[44],"tags":[5070,9687,6505,2608],"class_list":["post-208512","post","type-post","status-publish","format-standard","has-post-thumbnail","hentry","category-national","tag-audit","tag-boughdiri","tag-diplomes","tag-tunisie"],"yoast_head":"<!-- This site is optimized with the Yoast SEO Premium plugin v27.5 (Yoast SEO v27.5) - https:\/\/yoast.com\/product\/yoast-seo-premium-wordpress\/ -->\n<title>Le ministre de l\u2019Education se prononce sur l\u2019audit des dipl\u00f4mes<\/title>\n<meta name=\"description\" content=\"Le ministre de l\u2019Education Mohamed Ali Boughdiri a annonc\u00e9 que son d\u00e9partement sera charg\u00e9 de l\u2019audit des dipl\u00f4mes dans tous les minist\u00e8res.\" \/>\n<link rel=\"canonical\" href=\"https:\/\/www.webdo.tn\/fr\/actualite\/national\/le-ministre-de-l-education-se-prononce-sur-l-audit-des-diplomes\/208512\/\" \/>\n<meta property=\"og:locale\" content=\"fr_FR\" \/>\n<meta property=\"og:type\" content=\"article\" \/>\n<meta property=\"og:title\" content=\"Le ministre de l\u2019Education se prononce sur l\u2019audit des dipl\u00f4mes\" \/>\n<meta property=\"og:description\" content=\"Le ministre de l\u2019Education Mohamed Ali Boughdiri a annonc\u00e9 que son d\u00e9partement sera charg\u00e9 de l\u2019audit des dipl\u00f4mes dans tous les minist\u00e8res.\" \/>\n<meta property=\"og:url\" content=\"https:\/\/www.webdo.tn\/fr\/actualite\/national\/le-ministre-de-l-education-se-prononce-sur-l-audit-des-diplomes\/208512\/\" \/>\n<meta property=\"og:site_name\" content=\"webdo\" \/>\n<meta property=\"article:publisher\" content=\"https:\/\/www.facebook.com\/webdotn\" \/>\n<meta property=\"article:published_time\" content=\"2023-09-08T13:53:00+00:00\" \/>\n<meta property=\"article:modified_time\" content=\"2025-05-20T22:51:42+00:00\" \/>\n<meta property=\"og:image\" content=\"https:\/\/www.webdo.tn\/fr\/wp-content\/uploads\/2023\/09\/c0b5630bc5381bcf8ae2b013c00f217a.jpg\" \/>\n\t<meta property=\"og:image:width\" content=\"750\" \/>\n\t<meta property=\"og:image:height\" content=\"400\" \/>\n\t<meta property=\"og:image:type\" content=\"image\/jpeg\" \/>\n<meta name=\"author\" content=\"CL\" \/>\n<meta name=\"twitter:card\" content=\"summary_large_image\" \/>\n<meta name=\"twitter:creator\" content=\"@webdo_tn\" \/>\n<meta name=\"twitter:site\" content=\"@webdo_tn\" \/>\n<meta name=\"twitter:label1\" content=\"\u00c9crit par\" \/>\n\t<meta name=\"twitter:data1\" content=\"CL\" \/>\n\t<meta name=\"twitter:label2\" content=\"Dur\u00e9e de lecture estim\u00e9e\" \/>\n\t<meta name=\"twitter:data2\" content=\"1 minute\" \/>\n<script type=\"application\/ld+json\" class=\"yoast-schema-graph\">{\"@context\":\"https:\\\/\\\/schema.org\",\"@graph\":[{\"@type\":\"NewsArticle\",\"@id\":\"https:\\\/\\\/www.webdo.tn\\\/fr\\\/actualite\\\/national\\\/le-ministre-de-l-education-se-prononce-sur-l-audit-des-diplomes\\\/208512\\\/#article\",\"isPartOf\":{\"@id\":\"https:\\\/\\\/www.webdo.tn\\\/fr\\\/actualite\\\/national\\\/le-ministre-de-l-education-se-prononce-sur-l-audit-des-diplomes\\\/208512\\\/\"},\"author\":{\"name\":\"CL\",\"@id\":\"https:\\\/\\\/www.webdo.tn\\\/fr\\\/#\\\/schema\\\/person\\\/f35b42a42c5e2511bbd282959d6385cc\"},\"headline\":\"Le ministre de l\u2019Education se prononce sur l\u2019audit des dipl\u00f4mes\",\"datePublished\":\"2023-09-08T13:53:00+00:00\",\"dateModified\":\"2025-05-20T22:51:42+00:00\",\"mainEntityOfPage\":{\"@id\":\"https:\\\/\\\/www.webdo.tn\\\/fr\\\/actualite\\\/national\\\/le-ministre-de-l-education-se-prononce-sur-l-audit-des-diplomes\\\/208512\\\/\"},\"wordCount\":164,\"commentCount\":0,\"publisher\":{\"@id\":\"https:\\\/\\\/www.webdo.tn\\\/fr\\\/#organization\"},\"image\":{\"@id\":\"https:\\\/\\\/www.webdo.tn\\\/fr\\\/actualite\\\/national\\\/le-ministre-de-l-education-se-prononce-sur-l-audit-des-diplomes\\\/208512\\\/#primaryimage\"},\"thumbnailUrl\":\"https:\\\/\\\/www.webdo.tn\\\/fr\\\/wp-content\\\/uploads\\\/2023\\\/09\\\/c0b5630bc5381bcf8ae2b013c00f217a.jpg\",\"keywords\":[\"Audit\",\"Boughdiri\",\"dipl\u00f4mes\",\"Tunisie\"],\"articleSection\":[\"National\"],\"inLanguage\":\"fr-FR\"},{\"@type\":\"WebPage\",\"@id\":\"https:\\\/\\\/www.webdo.tn\\\/fr\\\/actualite\\\/national\\\/le-ministre-de-l-education-se-prononce-sur-l-audit-des-diplomes\\\/208512\\\/\",\"url\":\"https:\\\/\\\/www.webdo.tn\\\/fr\\\/actualite\\\/national\\\/le-ministre-de-l-education-se-prononce-sur-l-audit-des-diplomes\\\/208512\\\/\",\"name\":\"Le ministre de l\u2019Education se prononce sur l\u2019audit des dipl\u00f4mes\",\"isPartOf\":{\"@id\":\"https:\\\/\\\/www.webdo.tn\\\/fr\\\/#website\"},\"primaryImageOfPage\":{\"@id\":\"https:\\\/\\\/www.webdo.tn\\\/fr\\\/actualite\\\/national\\\/le-ministre-de-l-education-se-prononce-sur-l-audit-des-diplomes\\\/208512\\\/#primaryimage\"},\"image\":{\"@id\":\"https:\\\/\\\/www.webdo.tn\\\/fr\\\/actualite\\\/national\\\/le-ministre-de-l-education-se-prononce-sur-l-audit-des-diplomes\\\/208512\\\/#primaryimage\"},\"thumbnailUrl\":\"https:\\\/\\\/www.webdo.tn\\\/fr\\\/wp-content\\\/uploads\\\/2023\\\/09\\\/c0b5630bc5381bcf8ae2b013c00f217a.jpg\",\"datePublished\":\"2023-09-08T13:53:00+00:00\",\"dateModified\":\"2025-05-20T22:51:42+00:00\",\"description\":\"Le ministre de l\u2019Education Mohamed Ali Boughdiri a annonc\u00e9 que son d\u00e9partement sera charg\u00e9 de l\u2019audit des dipl\u00f4mes dans tous les minist\u00e8res.\",\"breadcrumb\":{\"@id\":\"https:\\\/\\\/www.webdo.tn\\\/fr\\\/actualite\\\/national\\\/le-ministre-de-l-education-se-prononce-sur-l-audit-des-diplomes\\\/208512\\\/#breadcrumb\"},\"inLanguage\":\"fr-FR\",\"potentialAction\":[{\"@type\":\"ReadAction\",\"target\":[\"https:\\\/\\\/www.webdo.tn\\\/fr\\\/actualite\\\/national\\\/le-ministre-de-l-education-se-prononce-sur-l-audit-des-diplomes\\\/208512\\\/\"]}]},{\"@type\":\"ImageObject\",\"inLanguage\":\"fr-FR\",\"@id\":\"https:\\\/\\\/www.webdo.tn\\\/fr\\\/actualite\\\/national\\\/le-ministre-de-l-education-se-prononce-sur-l-audit-des-diplomes\\\/208512\\\/#primaryimage\",\"url\":\"https:\\\/\\\/www.webdo.tn\\\/fr\\\/wp-content\\\/uploads\\\/2023\\\/09\\\/c0b5630bc5381bcf8ae2b013c00f217a.jpg\",\"contentUrl\":\"https:\\\/\\\/www.webdo.tn\\\/fr\\\/wp-content\\\/uploads\\\/2023\\\/09\\\/c0b5630bc5381bcf8ae2b013c00f217a.jpg\",\"width\":750,\"height\":400,\"caption\":\"Le ministre de l\u2019Education se prononce sur l\u2019audit des dipl\u00f4mes\"},{\"@type\":\"BreadcrumbList\",\"@id\":\"https:\\\/\\\/www.webdo.tn\\\/fr\\\/actualite\\\/national\\\/le-ministre-de-l-education-se-prononce-sur-l-audit-des-diplomes\\\/208512\\\/#breadcrumb\",\"itemListElement\":[{\"@type\":\"ListItem\",\"position\":1,\"name\":\"Accueil\",\"item\":\"https:\\\/\\\/www.webdo.tn\\\/fr\\\/\"},{\"@type\":\"ListItem\",\"position\":2,\"name\":\"Le ministre de l\u2019Education se prononce sur l\u2019audit des dipl\u00f4mes\"}]},{\"@type\":\"WebSite\",\"@id\":\"https:\\\/\\\/www.webdo.tn\\\/fr\\\/#website\",\"url\":\"https:\\\/\\\/www.webdo.tn\\\/fr\\\/\",\"name\":\"webdo\",\"description\":\"Tunisie - News en Tunisie et \u00e0 l&#039;international sur Webdo.tn\",\"publisher\":{\"@id\":\"https:\\\/\\\/www.webdo.tn\\\/fr\\\/#organization\"},\"potentialAction\":[{\"@type\":\"SearchAction\",\"target\":{\"@type\":\"EntryPoint\",\"urlTemplate\":\"https:\\\/\\\/www.webdo.tn\\\/fr\\\/?s={search_term_string}\"},\"query-input\":{\"@type\":\"PropertyValueSpecification\",\"valueRequired\":true,\"valueName\":\"search_term_string\"}}],\"inLanguage\":\"fr-FR\"},{\"@type\":\"Organization\",\"@id\":\"https:\\\/\\\/www.webdo.tn\\\/fr\\\/#organization\",\"name\":\"Webdo\",\"alternateName\":\"Webdo.tn\",\"url\":\"https:\\\/\\\/www.webdo.tn\\\/fr\\\/\",\"logo\":{\"@type\":\"ImageObject\",\"inLanguage\":\"fr-FR\",\"@id\":\"https:\\\/\\\/www.webdo.tn\\\/fr\\\/#\\\/schema\\\/logo\\\/image\\\/\",\"url\":\"https:\\\/\\\/www.webdo.tn\\\/fr\\\/wp-content\\\/uploads\\\/2025\\\/06\\\/Webdo-Tunisie_168377.jpg\",\"contentUrl\":\"https:\\\/\\\/www.webdo.tn\\\/fr\\\/wp-content\\\/uploads\\\/2025\\\/06\\\/Webdo-Tunisie_168377.jpg\",\"width\":301,\"height\":301,\"caption\":\"Webdo\"},\"image\":{\"@id\":\"https:\\\/\\\/www.webdo.tn\\\/fr\\\/#\\\/schema\\\/logo\\\/image\\\/\"},\"sameAs\":[\"https:\\\/\\\/www.facebook.com\\\/webdotn\",\"https:\\\/\\\/x.com\\\/webdo_tn\"],\"description\":\"Webdo est un m\u00e9dia num\u00e9rique tunisien fond\u00e9 en 2010, sp\u00e9cialis\u00e9 dans l\u2019actualit\u00e9 nationale et internationale, l\u2019\u00e9conomie, la soci\u00e9t\u00e9 et les analyses politiques. Le site s\u2019adresse \u00e0 un large public francophone et couvre l\u2019information tunisienne en temps r\u00e9el.\",\"email\":\"redac@webdo.tn\",\"legalName\":\"YNJ SARL\",\"foundingDate\":\"2010-09-06\",\"numberOfEmployees\":{\"@type\":\"QuantitativeValue\",\"minValue\":\"11\",\"maxValue\":\"50\"}},{\"@type\":\"Person\",\"@id\":\"https:\\\/\\\/www.webdo.tn\\\/fr\\\/#\\\/schema\\\/person\\\/f35b42a42c5e2511bbd282959d6385cc\",\"name\":\"CL\",\"image\":{\"@type\":\"ImageObject\",\"inLanguage\":\"fr-FR\",\"@id\":\"https:\\\/\\\/secure.gravatar.com\\\/avatar\\\/1447a49909b67aa657c488aec6512e1dd6143a480c1ecfee9b5b5cd74eb3b59e?s=96&d=mm&r=g\",\"url\":\"https:\\\/\\\/secure.gravatar.com\\\/avatar\\\/1447a49909b67aa657c488aec6512e1dd6143a480c1ecfee9b5b5cd74eb3b59e?s=96&d=mm&r=g\",\"contentUrl\":\"https:\\\/\\\/secure.gravatar.com\\\/avatar\\\/1447a49909b67aa657c488aec6512e1dd6143a480c1ecfee9b5b5cd74eb3b59e?s=96&d=mm&r=g\",\"caption\":\"CL\"},\"url\":\"https:\\\/\\\/www.webdo.tn\\\/fr\\\/actualite\\\/author\\\/cl\\\/\"}]}<\/script>\n<!-- \/ Yoast SEO Premium plugin. -->","yoast_head_json":{"title":"Le ministre de l\u2019Education se prononce sur l\u2019audit des dipl\u00f4mes","description":"Le ministre de l\u2019Education Mohamed Ali Boughdiri a annonc\u00e9 que son d\u00e9partement sera charg\u00e9 de l\u2019audit des dipl\u00f4mes dans tous les minist\u00e8res.","canonical":"https:\/\/www.webdo.tn\/fr\/actualite\/national\/le-ministre-de-l-education-se-prononce-sur-l-audit-des-diplomes\/208512\/","og_locale":"fr_FR","og_type":"article","og_title":"Le ministre de l\u2019Education se prononce sur l\u2019audit des dipl\u00f4mes","og_description":"Le ministre de l\u2019Education Mohamed Ali Boughdiri a annonc\u00e9 que son d\u00e9partement sera charg\u00e9 de l\u2019audit des dipl\u00f4mes dans tous les minist\u00e8res.","og_url":"https:\/\/www.webdo.tn\/fr\/actualite\/national\/le-ministre-de-l-education-se-prononce-sur-l-audit-des-diplomes\/208512\/","og_site_name":"webdo","article_publisher":"https:\/\/www.facebook.com\/webdotn","article_published_time":"2023-09-08T13:53:00+00:00","article_modified_time":"2025-05-20T22:51:42+00:00","og_image":[{"width":750,"height":400,"url":"https:\/\/www.webdo.tn\/fr\/wp-content\/uploads\/2023\/09\/c0b5630bc5381bcf8ae2b013c00f217a.jpg","type":"image\/jpeg"}],"author":"CL","twitter_card":"summary_large_image","twitter_creator":"@webdo_tn","twitter_site":"@webdo_tn","twitter_misc":{"\u00c9crit par":"CL","Dur\u00e9e de lecture estim\u00e9e":"1 minute"},"schema":{"@context":"https:\/\/schema.org","@graph":[{"@type":"NewsArticle","@id":"https:\/\/www.webdo.tn\/fr\/actualite\/national\/le-ministre-de-l-education-se-prononce-sur-l-audit-des-diplomes\/208512\/#article","isPartOf":{"@id":"https:\/\/www.webdo.tn\/fr\/actualite\/national\/le-ministre-de-l-education-se-prononce-sur-l-audit-des-diplomes\/208512\/"},"author":{"name":"CL","@id":"https:\/\/www.webdo.tn\/fr\/#\/schema\/person\/f35b42a42c5e2511bbd282959d6385cc"},"headline":"Le ministre de l\u2019Education se prononce sur l\u2019audit des dipl\u00f4mes","datePublished":"2023-09-08T13:53:00+00:00","dateModified":"2025-05-20T22:51:42+00:00","mainEntityOfPage":{"@id":"https:\/\/www.webdo.tn\/fr\/actualite\/national\/le-ministre-de-l-education-se-prononce-sur-l-audit-des-diplomes\/208512\/"},"wordCount":164,"commentCount":0,"publisher":{"@id":"https:\/\/www.webdo.tn\/fr\/#organization"},"image":{"@id":"https:\/\/www.webdo.tn\/fr\/actualite\/national\/le-ministre-de-l-education-se-prononce-sur-l-audit-des-diplomes\/208512\/#primaryimage"},"thumbnailUrl":"https:\/\/www.webdo.tn\/fr\/wp-content\/uploads\/2023\/09\/c0b5630bc5381bcf8ae2b013c00f217a.jpg","keywords":["Audit","Boughdiri","dipl\u00f4mes","Tunisie"],"articleSection":["National"],"inLanguage":"fr-FR"},{"@type":"WebPage","@id":"https:\/\/www.webdo.tn\/fr\/actualite\/national\/le-ministre-de-l-education-se-prononce-sur-l-audit-des-diplomes\/208512\/","url":"https:\/\/www.webdo.tn\/fr\/actualite\/national\/le-ministre-de-l-education-se-prononce-sur-l-audit-des-diplomes\/208512\/","name":"Le ministre de l\u2019Education se prononce sur l\u2019audit des dipl\u00f4mes","isPartOf":{"@id":"https:\/\/www.webdo.tn\/fr\/#website"},"primaryImageOfPage":{"@id":"https:\/\/www.webdo.tn\/fr\/actualite\/national\/le-ministre-de-l-education-se-prononce-sur-l-audit-des-diplomes\/208512\/#primaryimage"},"image":{"@id":"https:\/\/www.webdo.tn\/fr\/actualite\/national\/le-ministre-de-l-education-se-prononce-sur-l-audit-des-diplomes\/208512\/#primaryimage"},"thumbnailUrl":"https:\/\/www.webdo.tn\/fr\/wp-content\/uploads\/2023\/09\/c0b5630bc5381bcf8ae2b013c00f217a.jpg","datePublished":"2023-09-08T13:53:00+00:00","dateModified":"2025-05-20T22:51:42+00:00","description":"Le ministre de l\u2019Education Mohamed Ali Boughdiri a annonc\u00e9 que son d\u00e9partement sera charg\u00e9 de l\u2019audit des dipl\u00f4mes dans tous les minist\u00e8res.","breadcrumb":{"@id":"https:\/\/www.webdo.tn\/fr\/actualite\/national\/le-ministre-de-l-education-se-prononce-sur-l-audit-des-diplomes\/208512\/#breadcrumb"},"inLanguage":"fr-FR","potentialAction":[{"@type":"ReadAction","target":["https:\/\/www.webdo.tn\/fr\/actualite\/national\/le-ministre-de-l-education-se-prononce-sur-l-audit-des-diplomes\/208512\/"]}]},{"@type":"ImageObject","inLanguage":"fr-FR","@id":"https:\/\/www.webdo.tn\/fr\/actualite\/national\/le-ministre-de-l-education-se-prononce-sur-l-audit-des-diplomes\/208512\/#primaryimage","url":"https:\/\/www.webdo.tn\/fr\/wp-content\/uploads\/2023\/09\/c0b5630bc5381bcf8ae2b013c00f217a.jpg","contentUrl":"https:\/\/www.webdo.tn\/fr\/wp-content\/uploads\/2023\/09\/c0b5630bc5381bcf8ae2b013c00f217a.jpg","width":750,"height":400,"caption":"Le ministre de l\u2019Education se prononce sur l\u2019audit des dipl\u00f4mes"},{"@type":"BreadcrumbList","@id":"https:\/\/www.webdo.tn\/fr\/actualite\/national\/le-ministre-de-l-education-se-prononce-sur-l-audit-des-diplomes\/208512\/#breadcrumb","itemListElement":[{"@type":"ListItem","position":1,"name":"Accueil","item":"https:\/\/www.webdo.tn\/fr\/"},{"@type":"ListItem","position":2,"name":"Le ministre de l\u2019Education se prononce sur l\u2019audit des dipl\u00f4mes"}]},{"@type":"WebSite","@id":"https:\/\/www.webdo.tn\/fr\/#website","url":"https:\/\/www.webdo.tn\/fr\/","name":"webdo","description":"Tunisie - News en Tunisie et \u00e0 l&#039;international sur Webdo.tn","publisher":{"@id":"https:\/\/www.webdo.tn\/fr\/#organization"},"potentialAction":[{"@type":"SearchAction","target":{"@type":"EntryPoint","urlTemplate":"https:\/\/www.webdo.tn\/fr\/?s={search_term_string}"},"query-input":{"@type":"PropertyValueSpecification","valueRequired":true,"valueName":"search_term_string"}}],"inLanguage":"fr-FR"},{"@type":"Organization","@id":"https:\/\/www.webdo.tn\/fr\/#organization","name":"Webdo","alternateName":"Webdo.tn","url":"https:\/\/www.webdo.tn\/fr\/","logo":{"@type":"ImageObject","inLanguage":"fr-FR","@id":"https:\/\/www.webdo.tn\/fr\/#\/schema\/logo\/image\/","url":"https:\/\/www.webdo.tn\/fr\/wp-content\/uploads\/2025\/06\/Webdo-Tunisie_168377.jpg","contentUrl":"https:\/\/www.webdo.tn\/fr\/wp-content\/uploads\/2025\/06\/Webdo-Tunisie_168377.jpg","width":301,"height":301,"caption":"Webdo"},"image":{"@id":"https:\/\/www.webdo.tn\/fr\/#\/schema\/logo\/image\/"},"sameAs":["https:\/\/www.facebook.com\/webdotn","https:\/\/x.com\/webdo_tn"],"description":"Webdo est un m\u00e9dia num\u00e9rique tunisien fond\u00e9 en 2010, sp\u00e9cialis\u00e9 dans l\u2019actualit\u00e9 nationale et internationale, l\u2019\u00e9conomie, la soci\u00e9t\u00e9 et les analyses politiques. Le site s\u2019adresse \u00e0 un large public francophone et couvre l\u2019information tunisienne en temps r\u00e9el.","email":"redac@webdo.tn","legalName":"YNJ SARL","foundingDate":"2010-09-06","numberOfEmployees":{"@type":"QuantitativeValue","minValue":"11","maxValue":"50"}},{"@type":"Person","@id":"https:\/\/www.webdo.tn\/fr\/#\/schema\/person\/f35b42a42c5e2511bbd282959d6385cc","name":"CL","image":{"@type":"ImageObject","inLanguage":"fr-FR","@id":"https:\/\/secure.gravatar.com\/avatar\/1447a49909b67aa657c488aec6512e1dd6143a480c1ecfee9b5b5cd74eb3b59e?s=96&d=mm&r=g","url":"https:\/\/secure.gravatar.com\/avatar\/1447a49909b67aa657c488aec6512e1dd6143a480c1ecfee9b5b5cd74eb3b59e?s=96&d=mm&r=g","contentUrl":"https:\/\/secure.gravatar.com\/avatar\/1447a49909b67aa657c488aec6512e1dd6143a480c1ecfee9b5b5cd74eb3b59e?s=96&d=mm&r=g","caption":"CL"},"url":"https:\/\/www.webdo.tn\/fr\/actualite\/author\/cl\/"}]}},"_links":{"self":[{"href":"https:\/\/www.webdo.tn\/fr\/wp-json\/wp\/v2\/posts\/208512","targetHints":{"allow":["GET"]}}],"collection":[{"href":"https:\/\/www.webdo.tn\/fr\/wp-json\/wp\/v2\/posts"}],"about":[{"href":"https:\/\/www.webdo.tn\/fr\/wp-json\/wp\/v2\/types\/post"}],"author":[{"embeddable":true,"href":"https:\/\/www.webdo.tn\/fr\/wp-json\/wp\/v2\/users\/3175"}],"replies":[{"embeddable":true,"href":"https:\/\/www.webdo.tn\/fr\/wp-json\/wp\/v2\/comments?post=208512"}],"version-history":[{"count":0,"href":"https:\/\/www.webdo.tn\/fr\/wp-json\/wp\/v2\/posts\/208512\/revisions"}],"wp:featuredmedia":[{"embeddable":true,"href":"https:\/\/www.webdo.tn\/fr\/wp-json\/wp\/v2\/media\/278663"}],"wp:attachment":[{"href":"https:\/\/www.webdo.tn\/fr\/wp-json\/wp\/v2\/media?parent=208512"}],"wp:term":[{"taxonomy":"category","embeddable":true,"href":"https:\/\/www.webdo.tn\/fr\/wp-json\/wp\/v2\/categories?post=208512"},{"taxonomy":"post_tag","embeddable":true,"href":"https:\/\/www.webdo.tn\/fr\/wp-json\/wp\/v2\/tags?post=208512"}],"curies":[{"name":"wp","href":"https:\/\/api.w.org\/{rel}","templated":true}]}}