{"id":208508,"date":"2023-09-08T12:04:00","date_gmt":"2023-09-08T12:04:00","guid":{"rendered":"https:\/\/www.webdo.tn\/fr\/blog\/bientot-la-nationalite-marocaine-aux-tunisiens-qui-epousent-des-marocaines\/208508\/"},"modified":"2025-05-20T22:59:44","modified_gmt":"2025-05-20T22:59:44","slug":"bientot-la-nationalite-marocaine-aux-tunisiens-qui-epousent-des-marocaines","status":"publish","type":"post","link":"https:\/\/www.webdo.tn\/fr\/actualite\/international\/bientot-la-nationalite-marocaine-aux-tunisiens-qui-epousent-des-marocaines\/208508\/","title":{"rendered":"Bient\u00f4t la nationalit\u00e9 marocaine aux Tunisiens qui \u00e9pousent des Marocaines !"},"content":{"rendered":"<p>Le minist\u00e8re marocain de la Justice a d\u00e9voil\u00e9 un projet de loi visant \u00e0 accorder la nationalit\u00e9 aux ressortissants \u00e9trangers \u00e9pousant des Marocaines.<\/p>\n<p>\t\t\t\t\t\t\t\t\tEpouser une Marocaine donnera droit \u00e0 la nationalit\u00e9, c\u2019est ce qu\u2019envisage de faire le royaume ch\u00e9rifien. Le ministre de la Justice marocain, Abdellatif Ouahbi, a soulign\u00e9 que cette mesure repr\u00e9sente un pas significatif vers l&rsquo;\u00e9galit\u00e9 des sexes en mati\u00e8re de droits de l&rsquo;homme et une concr\u00e9tisation de l&rsquo;\u00c9tat de droit et de la loi.<\/p>\n<p>Le Maroc s&rsquo;efforce de moderniser son cadre juridique pour se conformer \u00e0 ses obligations internationales et aux accords internationaux, s&rsquo;alignant ainsi sur les normes mondiales en mati\u00e8re d&rsquo;acquisition de la nationalit\u00e9, a-t-il ajout\u00e9.<\/p>\n<p>Le ministre a \u00e9galement soulign\u00e9 que son minist\u00e8re est attentif aux \u00e9volutions politiques, sociales et culturelles li\u00e9es aux droits de l&rsquo;homme, ainsi qu&rsquo;aux valeurs de la soci\u00e9t\u00e9 moderne et aux principes constitutionnels qui promeuvent l&rsquo;\u00e9galit\u00e9 et luttent contre la discrimination.<\/p>\n<p>Dans cette perspective, un projet de loi n\u00b0 019.13 a \u00e9t\u00e9 pr\u00e9sent\u00e9 pour modifier l&rsquo;article 10 du Code de la nationalit\u00e9 marocaine, permettant aux conjoints \u00e9trangers d&rsquo;acqu\u00e9rir la nationalit\u00e9 marocaine par le biais du mariage avec une citoyenne marocaine.<\/p>\n<p>Cet article, modifi\u00e9 par la loi n\u00b0 62-06 promulgu\u00e9e par le dahir n\u00b0 1-07-80 du 23 mars 2007, stipule que seule \u00abla femme \u00e9trang\u00e8re qui a \u00e9pous\u00e9 un Marocain peut, apr\u00e8s une r\u00e9sidence habituelle et r\u00e9guli\u00e8re au Maroc du m\u00e9nage depuis cinq ans au moins, souscrire, pendant la relation conjugale, une d\u00e9claration adress\u00e9e au ministre de la justice, en vue d\u2019acqu\u00e9rir la nationalit\u00e9 marocaine\u00bb.<\/p>\n<p>Les Tunisiens postulant la nationalit\u00e9 marocaine peuvent commencer les \u00ab d\u00e9marches \u00bb d\u00e8s maintenant !<\/p>\n","protected":false},"excerpt":{"rendered":"<p>Le minist\u00e8re marocain de la Justice a d\u00e9voil\u00e9 un projet de loi visant \u00e0 accorder la nationalit\u00e9 aux ressortissants \u00e9trangers \u00e9pousant des Marocaines.<\/p>\n","protected":false},"author":3188,"featured_media":278660,"comment_status":"open","ping_status":"closed","sticky":false,"template":"","format":"standard","meta":{"footnotes":""},"categories":[2598],"tags":[3464,9685,8845,6419],"class_list":["post-208508","post","type-post","status-publish","format-standard","has-post-thumbnail","hentry","category-international","tag-maroc","tag-marocaine","tag-nationalite","tag-tunisien"],"yoast_head":"<!-- This site is optimized with the Yoast SEO Premium plugin v27.5 (Yoast SEO v27.5) - https:\/\/yoast.com\/product\/yoast-seo-premium-wordpress\/ -->\n<title>Bient\u00f4t la nationalit\u00e9 marocaine aux Tunisiens qui \u00e9pousent des Marocaines !<\/title>\n<meta name=\"description\" content=\"Le minist\u00e8re marocain de la Justice a d\u00e9voil\u00e9 un projet de loi visant \u00e0 accorder la nationalit\u00e9 aux ressortissants \u00e9trangers \u00e9pousant des Marocaines.\" \/>\n<link rel=\"canonical\" href=\"https:\/\/www.webdo.tn\/fr\/actualite\/international\/bientot-la-nationalite-marocaine-aux-tunisiens-qui-epousent-des-marocaines\/208508\/\" \/>\n<meta property=\"og:locale\" content=\"fr_FR\" \/>\n<meta property=\"og:type\" content=\"article\" \/>\n<meta property=\"og:title\" content=\"Bient\u00f4t la nationalit\u00e9 marocaine aux Tunisiens qui \u00e9pousent des Marocaines !\" \/>\n<meta property=\"og:description\" content=\"Le minist\u00e8re marocain de la Justice a d\u00e9voil\u00e9 un projet de loi visant \u00e0 accorder la nationalit\u00e9 aux ressortissants \u00e9trangers \u00e9pousant des Marocaines.\" \/>\n<meta property=\"og:url\" content=\"https:\/\/www.webdo.tn\/fr\/actualite\/international\/bientot-la-nationalite-marocaine-aux-tunisiens-qui-epousent-des-marocaines\/208508\/\" \/>\n<meta property=\"og:site_name\" content=\"webdo\" \/>\n<meta property=\"article:publisher\" content=\"https:\/\/www.facebook.com\/webdotn\" \/>\n<meta property=\"article:published_time\" content=\"2023-09-08T12:04:00+00:00\" \/>\n<meta property=\"article:modified_time\" content=\"2025-05-20T22:59:44+00:00\" \/>\n<meta property=\"og:image\" content=\"https:\/\/www.webdo.tn\/fr\/wp-content\/uploads\/2023\/09\/36080fc4d5fb7b49d8bcdc8cf4c9b98c.jpg\" \/>\n\t<meta property=\"og:image:width\" content=\"469\" \/>\n\t<meta property=\"og:image:height\" content=\"250\" \/>\n\t<meta property=\"og:image:type\" content=\"image\/jpeg\" \/>\n<meta name=\"author\" content=\"Ramzi\" \/>\n<meta name=\"twitter:card\" content=\"summary_large_image\" \/>\n<meta name=\"twitter:creator\" content=\"@webdo_tn\" \/>\n<meta name=\"twitter:site\" content=\"@webdo_tn\" \/>\n<meta name=\"twitter:label1\" content=\"\u00c9crit par\" \/>\n\t<meta name=\"twitter:data1\" content=\"Ramzi\" \/>\n\t<meta name=\"twitter:label2\" content=\"Dur\u00e9e de lecture estim\u00e9e\" \/>\n\t<meta name=\"twitter:data2\" content=\"1 minute\" \/>\n<script type=\"application\/ld+json\" class=\"yoast-schema-graph\">{\"@context\":\"https:\\\/\\\/schema.org\",\"@graph\":[{\"@type\":\"NewsArticle\",\"@id\":\"https:\\\/\\\/www.webdo.tn\\\/fr\\\/actualite\\\/international\\\/bientot-la-nationalite-marocaine-aux-tunisiens-qui-epousent-des-marocaines\\\/208508\\\/#article\",\"isPartOf\":{\"@id\":\"https:\\\/\\\/www.webdo.tn\\\/fr\\\/actualite\\\/international\\\/bientot-la-nationalite-marocaine-aux-tunisiens-qui-epousent-des-marocaines\\\/208508\\\/\"},\"author\":{\"name\":\"Ramzi\",\"@id\":\"https:\\\/\\\/www.webdo.tn\\\/fr\\\/#\\\/schema\\\/person\\\/590cb5f81adcfde6385530fdbdf468e2\"},\"headline\":\"Bient\u00f4t la nationalit\u00e9 marocaine aux Tunisiens qui \u00e9pousent des Marocaines !\",\"datePublished\":\"2023-09-08T12:04:00+00:00\",\"dateModified\":\"2025-05-20T22:59:44+00:00\",\"mainEntityOfPage\":{\"@id\":\"https:\\\/\\\/www.webdo.tn\\\/fr\\\/actualite\\\/international\\\/bientot-la-nationalite-marocaine-aux-tunisiens-qui-epousent-des-marocaines\\\/208508\\\/\"},\"wordCount\":308,\"commentCount\":0,\"publisher\":{\"@id\":\"https:\\\/\\\/www.webdo.tn\\\/fr\\\/#organization\"},\"image\":{\"@id\":\"https:\\\/\\\/www.webdo.tn\\\/fr\\\/actualite\\\/international\\\/bientot-la-nationalite-marocaine-aux-tunisiens-qui-epousent-des-marocaines\\\/208508\\\/#primaryimage\"},\"thumbnailUrl\":\"https:\\\/\\\/www.webdo.tn\\\/fr\\\/wp-content\\\/uploads\\\/2023\\\/09\\\/36080fc4d5fb7b49d8bcdc8cf4c9b98c.jpg\",\"keywords\":[\"maroc\",\"marocaine\",\"nationalit\u00e9\",\"Tunisien\"],\"articleSection\":[\"International\"],\"inLanguage\":\"fr-FR\"},{\"@type\":\"WebPage\",\"@id\":\"https:\\\/\\\/www.webdo.tn\\\/fr\\\/actualite\\\/international\\\/bientot-la-nationalite-marocaine-aux-tunisiens-qui-epousent-des-marocaines\\\/208508\\\/\",\"url\":\"https:\\\/\\\/www.webdo.tn\\\/fr\\\/actualite\\\/international\\\/bientot-la-nationalite-marocaine-aux-tunisiens-qui-epousent-des-marocaines\\\/208508\\\/\",\"name\":\"Bient\u00f4t la nationalit\u00e9 marocaine aux Tunisiens qui \u00e9pousent des Marocaines !\",\"isPartOf\":{\"@id\":\"https:\\\/\\\/www.webdo.tn\\\/fr\\\/#website\"},\"primaryImageOfPage\":{\"@id\":\"https:\\\/\\\/www.webdo.tn\\\/fr\\\/actualite\\\/international\\\/bientot-la-nationalite-marocaine-aux-tunisiens-qui-epousent-des-marocaines\\\/208508\\\/#primaryimage\"},\"image\":{\"@id\":\"https:\\\/\\\/www.webdo.tn\\\/fr\\\/actualite\\\/international\\\/bientot-la-nationalite-marocaine-aux-tunisiens-qui-epousent-des-marocaines\\\/208508\\\/#primaryimage\"},\"thumbnailUrl\":\"https:\\\/\\\/www.webdo.tn\\\/fr\\\/wp-content\\\/uploads\\\/2023\\\/09\\\/36080fc4d5fb7b49d8bcdc8cf4c9b98c.jpg\",\"datePublished\":\"2023-09-08T12:04:00+00:00\",\"dateModified\":\"2025-05-20T22:59:44+00:00\",\"description\":\"Le minist\u00e8re marocain de la Justice a d\u00e9voil\u00e9 un projet de loi visant \u00e0 accorder la nationalit\u00e9 aux ressortissants \u00e9trangers \u00e9pousant des Marocaines.\",\"breadcrumb\":{\"@id\":\"https:\\\/\\\/www.webdo.tn\\\/fr\\\/actualite\\\/international\\\/bientot-la-nationalite-marocaine-aux-tunisiens-qui-epousent-des-marocaines\\\/208508\\\/#breadcrumb\"},\"inLanguage\":\"fr-FR\",\"potentialAction\":[{\"@type\":\"ReadAction\",\"target\":[\"https:\\\/\\\/www.webdo.tn\\\/fr\\\/actualite\\\/international\\\/bientot-la-nationalite-marocaine-aux-tunisiens-qui-epousent-des-marocaines\\\/208508\\\/\"]}]},{\"@type\":\"ImageObject\",\"inLanguage\":\"fr-FR\",\"@id\":\"https:\\\/\\\/www.webdo.tn\\\/fr\\\/actualite\\\/international\\\/bientot-la-nationalite-marocaine-aux-tunisiens-qui-epousent-des-marocaines\\\/208508\\\/#primaryimage\",\"url\":\"https:\\\/\\\/www.webdo.tn\\\/fr\\\/wp-content\\\/uploads\\\/2023\\\/09\\\/36080fc4d5fb7b49d8bcdc8cf4c9b98c.jpg\",\"contentUrl\":\"https:\\\/\\\/www.webdo.tn\\\/fr\\\/wp-content\\\/uploads\\\/2023\\\/09\\\/36080fc4d5fb7b49d8bcdc8cf4c9b98c.jpg\",\"width\":469,\"height\":250,\"caption\":\"Bient\u00f4t la nationalit\u00e9 marocaine aux Tunisiens qui \u00e9pousent des Marocaines !\"},{\"@type\":\"BreadcrumbList\",\"@id\":\"https:\\\/\\\/www.webdo.tn\\\/fr\\\/actualite\\\/international\\\/bientot-la-nationalite-marocaine-aux-tunisiens-qui-epousent-des-marocaines\\\/208508\\\/#breadcrumb\",\"itemListElement\":[{\"@type\":\"ListItem\",\"position\":1,\"name\":\"Accueil\",\"item\":\"https:\\\/\\\/www.webdo.tn\\\/fr\\\/\"},{\"@type\":\"ListItem\",\"position\":2,\"name\":\"Bient\u00f4t la nationalit\u00e9 marocaine aux Tunisiens qui \u00e9pousent des Marocaines !\"}]},{\"@type\":\"WebSite\",\"@id\":\"https:\\\/\\\/www.webdo.tn\\\/fr\\\/#website\",\"url\":\"https:\\\/\\\/www.webdo.tn\\\/fr\\\/\",\"name\":\"webdo\",\"description\":\"Tunisie - News en Tunisie et \u00e0 l&#039;international sur Webdo.tn\",\"publisher\":{\"@id\":\"https:\\\/\\\/www.webdo.tn\\\/fr\\\/#organization\"},\"potentialAction\":[{\"@type\":\"SearchAction\",\"target\":{\"@type\":\"EntryPoint\",\"urlTemplate\":\"https:\\\/\\\/www.webdo.tn\\\/fr\\\/?s={search_term_string}\"},\"query-input\":{\"@type\":\"PropertyValueSpecification\",\"valueRequired\":true,\"valueName\":\"search_term_string\"}}],\"inLanguage\":\"fr-FR\"},{\"@type\":\"Organization\",\"@id\":\"https:\\\/\\\/www.webdo.tn\\\/fr\\\/#organization\",\"name\":\"Webdo\",\"alternateName\":\"Webdo.tn\",\"url\":\"https:\\\/\\\/www.webdo.tn\\\/fr\\\/\",\"logo\":{\"@type\":\"ImageObject\",\"inLanguage\":\"fr-FR\",\"@id\":\"https:\\\/\\\/www.webdo.tn\\\/fr\\\/#\\\/schema\\\/logo\\\/image\\\/\",\"url\":\"https:\\\/\\\/www.webdo.tn\\\/fr\\\/wp-content\\\/uploads\\\/2025\\\/06\\\/Webdo-Tunisie_168377.jpg\",\"contentUrl\":\"https:\\\/\\\/www.webdo.tn\\\/fr\\\/wp-content\\\/uploads\\\/2025\\\/06\\\/Webdo-Tunisie_168377.jpg\",\"width\":301,\"height\":301,\"caption\":\"Webdo\"},\"image\":{\"@id\":\"https:\\\/\\\/www.webdo.tn\\\/fr\\\/#\\\/schema\\\/logo\\\/image\\\/\"},\"sameAs\":[\"https:\\\/\\\/www.facebook.com\\\/webdotn\",\"https:\\\/\\\/x.com\\\/webdo_tn\"],\"description\":\"Webdo est un m\u00e9dia num\u00e9rique tunisien fond\u00e9 en 2010, sp\u00e9cialis\u00e9 dans l\u2019actualit\u00e9 nationale et internationale, l\u2019\u00e9conomie, la soci\u00e9t\u00e9 et les analyses politiques. Le site s\u2019adresse \u00e0 un large public francophone et couvre l\u2019information tunisienne en temps r\u00e9el.\",\"email\":\"redac@webdo.tn\",\"legalName\":\"YNJ SARL\",\"foundingDate\":\"2010-09-06\",\"numberOfEmployees\":{\"@type\":\"QuantitativeValue\",\"minValue\":\"11\",\"maxValue\":\"50\"}},{\"@type\":\"Person\",\"@id\":\"https:\\\/\\\/www.webdo.tn\\\/fr\\\/#\\\/schema\\\/person\\\/590cb5f81adcfde6385530fdbdf468e2\",\"name\":\"Ramzi\",\"image\":{\"@type\":\"ImageObject\",\"inLanguage\":\"fr-FR\",\"@id\":\"https:\\\/\\\/secure.gravatar.com\\\/avatar\\\/48df7d18915e10cf866ba8e27604c81ff9243fd52704a1d210c3e387e1cb8d87?s=96&d=mm&r=g\",\"url\":\"https:\\\/\\\/secure.gravatar.com\\\/avatar\\\/48df7d18915e10cf866ba8e27604c81ff9243fd52704a1d210c3e387e1cb8d87?s=96&d=mm&r=g\",\"contentUrl\":\"https:\\\/\\\/secure.gravatar.com\\\/avatar\\\/48df7d18915e10cf866ba8e27604c81ff9243fd52704a1d210c3e387e1cb8d87?s=96&d=mm&r=g\",\"caption\":\"Ramzi\"},\"url\":\"https:\\\/\\\/www.webdo.tn\\\/fr\\\/actualite\\\/author\\\/ramzi\\\/\"}]}<\/script>\n<!-- \/ Yoast SEO Premium plugin. -->","yoast_head_json":{"title":"Bient\u00f4t la nationalit\u00e9 marocaine aux Tunisiens qui \u00e9pousent des Marocaines !","description":"Le minist\u00e8re marocain de la Justice a d\u00e9voil\u00e9 un projet de loi visant \u00e0 accorder la nationalit\u00e9 aux ressortissants \u00e9trangers \u00e9pousant des Marocaines.","canonical":"https:\/\/www.webdo.tn\/fr\/actualite\/international\/bientot-la-nationalite-marocaine-aux-tunisiens-qui-epousent-des-marocaines\/208508\/","og_locale":"fr_FR","og_type":"article","og_title":"Bient\u00f4t la nationalit\u00e9 marocaine aux Tunisiens qui \u00e9pousent des Marocaines !","og_description":"Le minist\u00e8re marocain de la Justice a d\u00e9voil\u00e9 un projet de loi visant \u00e0 accorder la nationalit\u00e9 aux ressortissants \u00e9trangers \u00e9pousant des Marocaines.","og_url":"https:\/\/www.webdo.tn\/fr\/actualite\/international\/bientot-la-nationalite-marocaine-aux-tunisiens-qui-epousent-des-marocaines\/208508\/","og_site_name":"webdo","article_publisher":"https:\/\/www.facebook.com\/webdotn","article_published_time":"2023-09-08T12:04:00+00:00","article_modified_time":"2025-05-20T22:59:44+00:00","og_image":[{"width":469,"height":250,"url":"https:\/\/www.webdo.tn\/fr\/wp-content\/uploads\/2023\/09\/36080fc4d5fb7b49d8bcdc8cf4c9b98c.jpg","type":"image\/jpeg"}],"author":"Ramzi","twitter_card":"summary_large_image","twitter_creator":"@webdo_tn","twitter_site":"@webdo_tn","twitter_misc":{"\u00c9crit par":"Ramzi","Dur\u00e9e de lecture estim\u00e9e":"1 minute"},"schema":{"@context":"https:\/\/schema.org","@graph":[{"@type":"NewsArticle","@id":"https:\/\/www.webdo.tn\/fr\/actualite\/international\/bientot-la-nationalite-marocaine-aux-tunisiens-qui-epousent-des-marocaines\/208508\/#article","isPartOf":{"@id":"https:\/\/www.webdo.tn\/fr\/actualite\/international\/bientot-la-nationalite-marocaine-aux-tunisiens-qui-epousent-des-marocaines\/208508\/"},"author":{"name":"Ramzi","@id":"https:\/\/www.webdo.tn\/fr\/#\/schema\/person\/590cb5f81adcfde6385530fdbdf468e2"},"headline":"Bient\u00f4t la nationalit\u00e9 marocaine aux Tunisiens qui \u00e9pousent des Marocaines !","datePublished":"2023-09-08T12:04:00+00:00","dateModified":"2025-05-20T22:59:44+00:00","mainEntityOfPage":{"@id":"https:\/\/www.webdo.tn\/fr\/actualite\/international\/bientot-la-nationalite-marocaine-aux-tunisiens-qui-epousent-des-marocaines\/208508\/"},"wordCount":308,"commentCount":0,"publisher":{"@id":"https:\/\/www.webdo.tn\/fr\/#organization"},"image":{"@id":"https:\/\/www.webdo.tn\/fr\/actualite\/international\/bientot-la-nationalite-marocaine-aux-tunisiens-qui-epousent-des-marocaines\/208508\/#primaryimage"},"thumbnailUrl":"https:\/\/www.webdo.tn\/fr\/wp-content\/uploads\/2023\/09\/36080fc4d5fb7b49d8bcdc8cf4c9b98c.jpg","keywords":["maroc","marocaine","nationalit\u00e9","Tunisien"],"articleSection":["International"],"inLanguage":"fr-FR"},{"@type":"WebPage","@id":"https:\/\/www.webdo.tn\/fr\/actualite\/international\/bientot-la-nationalite-marocaine-aux-tunisiens-qui-epousent-des-marocaines\/208508\/","url":"https:\/\/www.webdo.tn\/fr\/actualite\/international\/bientot-la-nationalite-marocaine-aux-tunisiens-qui-epousent-des-marocaines\/208508\/","name":"Bient\u00f4t la nationalit\u00e9 marocaine aux Tunisiens qui \u00e9pousent des Marocaines !","isPartOf":{"@id":"https:\/\/www.webdo.tn\/fr\/#website"},"primaryImageOfPage":{"@id":"https:\/\/www.webdo.tn\/fr\/actualite\/international\/bientot-la-nationalite-marocaine-aux-tunisiens-qui-epousent-des-marocaines\/208508\/#primaryimage"},"image":{"@id":"https:\/\/www.webdo.tn\/fr\/actualite\/international\/bientot-la-nationalite-marocaine-aux-tunisiens-qui-epousent-des-marocaines\/208508\/#primaryimage"},"thumbnailUrl":"https:\/\/www.webdo.tn\/fr\/wp-content\/uploads\/2023\/09\/36080fc4d5fb7b49d8bcdc8cf4c9b98c.jpg","datePublished":"2023-09-08T12:04:00+00:00","dateModified":"2025-05-20T22:59:44+00:00","description":"Le minist\u00e8re marocain de la Justice a d\u00e9voil\u00e9 un projet de loi visant \u00e0 accorder la nationalit\u00e9 aux ressortissants \u00e9trangers \u00e9pousant des Marocaines.","breadcrumb":{"@id":"https:\/\/www.webdo.tn\/fr\/actualite\/international\/bientot-la-nationalite-marocaine-aux-tunisiens-qui-epousent-des-marocaines\/208508\/#breadcrumb"},"inLanguage":"fr-FR","potentialAction":[{"@type":"ReadAction","target":["https:\/\/www.webdo.tn\/fr\/actualite\/international\/bientot-la-nationalite-marocaine-aux-tunisiens-qui-epousent-des-marocaines\/208508\/"]}]},{"@type":"ImageObject","inLanguage":"fr-FR","@id":"https:\/\/www.webdo.tn\/fr\/actualite\/international\/bientot-la-nationalite-marocaine-aux-tunisiens-qui-epousent-des-marocaines\/208508\/#primaryimage","url":"https:\/\/www.webdo.tn\/fr\/wp-content\/uploads\/2023\/09\/36080fc4d5fb7b49d8bcdc8cf4c9b98c.jpg","contentUrl":"https:\/\/www.webdo.tn\/fr\/wp-content\/uploads\/2023\/09\/36080fc4d5fb7b49d8bcdc8cf4c9b98c.jpg","width":469,"height":250,"caption":"Bient\u00f4t la nationalit\u00e9 marocaine aux Tunisiens qui \u00e9pousent des Marocaines !"},{"@type":"BreadcrumbList","@id":"https:\/\/www.webdo.tn\/fr\/actualite\/international\/bientot-la-nationalite-marocaine-aux-tunisiens-qui-epousent-des-marocaines\/208508\/#breadcrumb","itemListElement":[{"@type":"ListItem","position":1,"name":"Accueil","item":"https:\/\/www.webdo.tn\/fr\/"},{"@type":"ListItem","position":2,"name":"Bient\u00f4t la nationalit\u00e9 marocaine aux Tunisiens qui \u00e9pousent des Marocaines !"}]},{"@type":"WebSite","@id":"https:\/\/www.webdo.tn\/fr\/#website","url":"https:\/\/www.webdo.tn\/fr\/","name":"webdo","description":"Tunisie - News en Tunisie et \u00e0 l&#039;international sur Webdo.tn","publisher":{"@id":"https:\/\/www.webdo.tn\/fr\/#organization"},"potentialAction":[{"@type":"SearchAction","target":{"@type":"EntryPoint","urlTemplate":"https:\/\/www.webdo.tn\/fr\/?s={search_term_string}"},"query-input":{"@type":"PropertyValueSpecification","valueRequired":true,"valueName":"search_term_string"}}],"inLanguage":"fr-FR"},{"@type":"Organization","@id":"https:\/\/www.webdo.tn\/fr\/#organization","name":"Webdo","alternateName":"Webdo.tn","url":"https:\/\/www.webdo.tn\/fr\/","logo":{"@type":"ImageObject","inLanguage":"fr-FR","@id":"https:\/\/www.webdo.tn\/fr\/#\/schema\/logo\/image\/","url":"https:\/\/www.webdo.tn\/fr\/wp-content\/uploads\/2025\/06\/Webdo-Tunisie_168377.jpg","contentUrl":"https:\/\/www.webdo.tn\/fr\/wp-content\/uploads\/2025\/06\/Webdo-Tunisie_168377.jpg","width":301,"height":301,"caption":"Webdo"},"image":{"@id":"https:\/\/www.webdo.tn\/fr\/#\/schema\/logo\/image\/"},"sameAs":["https:\/\/www.facebook.com\/webdotn","https:\/\/x.com\/webdo_tn"],"description":"Webdo est un m\u00e9dia num\u00e9rique tunisien fond\u00e9 en 2010, sp\u00e9cialis\u00e9 dans l\u2019actualit\u00e9 nationale et internationale, l\u2019\u00e9conomie, la soci\u00e9t\u00e9 et les analyses politiques. Le site s\u2019adresse \u00e0 un large public francophone et couvre l\u2019information tunisienne en temps r\u00e9el.","email":"redac@webdo.tn","legalName":"YNJ SARL","foundingDate":"2010-09-06","numberOfEmployees":{"@type":"QuantitativeValue","minValue":"11","maxValue":"50"}},{"@type":"Person","@id":"https:\/\/www.webdo.tn\/fr\/#\/schema\/person\/590cb5f81adcfde6385530fdbdf468e2","name":"Ramzi","image":{"@type":"ImageObject","inLanguage":"fr-FR","@id":"https:\/\/secure.gravatar.com\/avatar\/48df7d18915e10cf866ba8e27604c81ff9243fd52704a1d210c3e387e1cb8d87?s=96&d=mm&r=g","url":"https:\/\/secure.gravatar.com\/avatar\/48df7d18915e10cf866ba8e27604c81ff9243fd52704a1d210c3e387e1cb8d87?s=96&d=mm&r=g","contentUrl":"https:\/\/secure.gravatar.com\/avatar\/48df7d18915e10cf866ba8e27604c81ff9243fd52704a1d210c3e387e1cb8d87?s=96&d=mm&r=g","caption":"Ramzi"},"url":"https:\/\/www.webdo.tn\/fr\/actualite\/author\/ramzi\/"}]}},"_links":{"self":[{"href":"https:\/\/www.webdo.tn\/fr\/wp-json\/wp\/v2\/posts\/208508","targetHints":{"allow":["GET"]}}],"collection":[{"href":"https:\/\/www.webdo.tn\/fr\/wp-json\/wp\/v2\/posts"}],"about":[{"href":"https:\/\/www.webdo.tn\/fr\/wp-json\/wp\/v2\/types\/post"}],"author":[{"embeddable":true,"href":"https:\/\/www.webdo.tn\/fr\/wp-json\/wp\/v2\/users\/3188"}],"replies":[{"embeddable":true,"href":"https:\/\/www.webdo.tn\/fr\/wp-json\/wp\/v2\/comments?post=208508"}],"version-history":[{"count":0,"href":"https:\/\/www.webdo.tn\/fr\/wp-json\/wp\/v2\/posts\/208508\/revisions"}],"wp:featuredmedia":[{"embeddable":true,"href":"https:\/\/www.webdo.tn\/fr\/wp-json\/wp\/v2\/media\/278660"}],"wp:attachment":[{"href":"https:\/\/www.webdo.tn\/fr\/wp-json\/wp\/v2\/media?parent=208508"}],"wp:term":[{"taxonomy":"category","embeddable":true,"href":"https:\/\/www.webdo.tn\/fr\/wp-json\/wp\/v2\/categories?post=208508"},{"taxonomy":"post_tag","embeddable":true,"href":"https:\/\/www.webdo.tn\/fr\/wp-json\/wp\/v2\/tags?post=208508"}],"curies":[{"name":"wp","href":"https:\/\/api.w.org\/{rel}","templated":true}]}}