{"id":208506,"date":"2023-09-08T11:17:00","date_gmt":"2023-09-08T11:17:00","guid":{"rendered":"https:\/\/www.webdo.tn\/fr\/blog\/tunisie-la-recolte-des-olives-estimee-a-200-mille-tonnes\/208506\/"},"modified":"2025-05-20T22:51:41","modified_gmt":"2025-05-20T22:51:41","slug":"tunisie-la-recolte-des-olives-estimee-a-200-mille-tonnes","status":"publish","type":"post","link":"https:\/\/www.webdo.tn\/fr\/actualite\/national\/tunisie-la-recolte-des-olives-estimee-a-200-mille-tonnes\/208506\/","title":{"rendered":"Tunisie : La production d&rsquo;huile d&rsquo;olive estim\u00e9e \u00e0 200 mille tonnes"},"content":{"rendered":"<p>Le pr\u00e9sident-directeur g\u00e9n\u00e9ral de l\u2019office national de l\u2019huile, Hamed Dali a donn\u00e9 ce vendredi 8 septembre 2023, plus de d\u00e9tails sur la prochaine r\u00e9coles des olives.<\/p>\n<p>\t\t\t\t\t\t\t\t\tS\u2019exprimant sur les ondes de Mosa\u00efque FM, il a estim\u00e9 que les premi\u00e8res estimations de la production d&rsquo;huile d&rsquo;olive pour la prochaine saison atteindraient environ 200.000 tonnes, ce qui correspond \u00e0 la moyenne de production annuelle des 10 derni\u00e8res ann\u00e9es et d\u00e9passe la production de la saison pr\u00e9c\u00e9dente.<\/p>\n<p>Selon ses dires la production mondiale serait presque au m\u00eame niveau que la saison pr\u00e9c\u00e9dente, soit environ 2,7 millions de tonnes. Cela est principalement d\u00fb aux facteurs climatiques mondiaux, en particulier la s\u00e9cheresse et les vagues de chaleur qui ont touch\u00e9 la plupart des pays du monde.<\/p>\n","protected":false},"excerpt":{"rendered":"<p>Le pr\u00e9sident-directeur g\u00e9n\u00e9ral de l\u2019office national de l\u2019huile, Hamed Dali a donn\u00e9 ce vendredi 8 septembre 2023, plus de d\u00e9tails sur la prochaine r\u00e9coles des ol&#8230;<\/p>\n","protected":false},"author":3175,"featured_media":278656,"comment_status":"open","ping_status":"closed","sticky":false,"template":"","format":"standard","meta":{"footnotes":""},"categories":[44],"tags":[3589,9683,2608],"class_list":["post-208506","post","type-post","status-publish","format-standard","has-post-thumbnail","hentry","category-national","tag-huile-dolives","tag-olives","tag-tunisie"],"yoast_head":"<!-- This site is optimized with the Yoast SEO Premium plugin v27.5 (Yoast SEO v27.5) - https:\/\/yoast.com\/product\/yoast-seo-premium-wordpress\/ -->\n<title>Tunisie : La production d&#039;huile d&#039;olive estim\u00e9e \u00e0 200 mille tonnes<\/title>\n<meta name=\"description\" content=\"Le pr\u00e9sident-directeur g\u00e9n\u00e9ral de l\u2019office national de l\u2019huile, Hamed Dali a donn\u00e9 ce vendredi 8 septembre 2023, plus de d\u00e9tails sur la prochaine r\u00e9coles des ol...\" \/>\n<link rel=\"canonical\" href=\"https:\/\/www.webdo.tn\/fr\/actualite\/national\/tunisie-la-recolte-des-olives-estimee-a-200-mille-tonnes\/208506\/\" \/>\n<meta property=\"og:locale\" content=\"fr_FR\" \/>\n<meta property=\"og:type\" content=\"article\" \/>\n<meta property=\"og:title\" content=\"Tunisie : La production d&#039;huile d&#039;olive estim\u00e9e \u00e0 200 mille tonnes\" \/>\n<meta property=\"og:description\" content=\"Le pr\u00e9sident-directeur g\u00e9n\u00e9ral de l\u2019office national de l\u2019huile, Hamed Dali a donn\u00e9 ce vendredi 8 septembre 2023, plus de d\u00e9tails sur la prochaine r\u00e9coles des ol...\" \/>\n<meta property=\"og:url\" content=\"https:\/\/www.webdo.tn\/fr\/actualite\/national\/tunisie-la-recolte-des-olives-estimee-a-200-mille-tonnes\/208506\/\" \/>\n<meta property=\"og:site_name\" content=\"webdo\" \/>\n<meta property=\"article:publisher\" content=\"https:\/\/www.facebook.com\/webdotn\" \/>\n<meta property=\"article:published_time\" content=\"2023-09-08T11:17:00+00:00\" \/>\n<meta property=\"article:modified_time\" content=\"2025-05-20T22:51:41+00:00\" \/>\n<meta property=\"og:image\" content=\"https:\/\/www.webdo.tn\/fr\/wp-content\/uploads\/2023\/09\/3539bd496e46ddb99d76b32dbb1a14a6.jpg\" \/>\n\t<meta property=\"og:image:width\" content=\"660\" \/>\n\t<meta property=\"og:image:height\" content=\"352\" \/>\n\t<meta property=\"og:image:type\" content=\"image\/jpeg\" \/>\n<meta name=\"author\" content=\"CL\" \/>\n<meta name=\"twitter:card\" content=\"summary_large_image\" \/>\n<meta name=\"twitter:creator\" content=\"@webdo_tn\" \/>\n<meta name=\"twitter:site\" content=\"@webdo_tn\" \/>\n<meta name=\"twitter:label1\" content=\"\u00c9crit par\" \/>\n\t<meta name=\"twitter:data1\" content=\"CL\" \/>\n\t<meta name=\"twitter:label2\" content=\"Dur\u00e9e de lecture estim\u00e9e\" \/>\n\t<meta name=\"twitter:data2\" content=\"1 minute\" \/>\n<script type=\"application\/ld+json\" class=\"yoast-schema-graph\">{\"@context\":\"https:\\\/\\\/schema.org\",\"@graph\":[{\"@type\":\"NewsArticle\",\"@id\":\"https:\\\/\\\/www.webdo.tn\\\/fr\\\/actualite\\\/national\\\/tunisie-la-recolte-des-olives-estimee-a-200-mille-tonnes\\\/208506\\\/#article\",\"isPartOf\":{\"@id\":\"https:\\\/\\\/www.webdo.tn\\\/fr\\\/actualite\\\/national\\\/tunisie-la-recolte-des-olives-estimee-a-200-mille-tonnes\\\/208506\\\/\"},\"author\":{\"name\":\"CL\",\"@id\":\"https:\\\/\\\/www.webdo.tn\\\/fr\\\/#\\\/schema\\\/person\\\/f35b42a42c5e2511bbd282959d6385cc\"},\"headline\":\"Tunisie : La production d&rsquo;huile d&rsquo;olive estim\u00e9e \u00e0 200 mille tonnes\",\"datePublished\":\"2023-09-08T11:17:00+00:00\",\"dateModified\":\"2025-05-20T22:51:41+00:00\",\"mainEntityOfPage\":{\"@id\":\"https:\\\/\\\/www.webdo.tn\\\/fr\\\/actualite\\\/national\\\/tunisie-la-recolte-des-olives-estimee-a-200-mille-tonnes\\\/208506\\\/\"},\"wordCount\":147,\"commentCount\":0,\"publisher\":{\"@id\":\"https:\\\/\\\/www.webdo.tn\\\/fr\\\/#organization\"},\"image\":{\"@id\":\"https:\\\/\\\/www.webdo.tn\\\/fr\\\/actualite\\\/national\\\/tunisie-la-recolte-des-olives-estimee-a-200-mille-tonnes\\\/208506\\\/#primaryimage\"},\"thumbnailUrl\":\"https:\\\/\\\/www.webdo.tn\\\/fr\\\/wp-content\\\/uploads\\\/2023\\\/09\\\/3539bd496e46ddb99d76b32dbb1a14a6.jpg\",\"keywords\":[\"huile d'olives\",\"Olives\",\"Tunisie\"],\"articleSection\":[\"National\"],\"inLanguage\":\"fr-FR\"},{\"@type\":\"WebPage\",\"@id\":\"https:\\\/\\\/www.webdo.tn\\\/fr\\\/actualite\\\/national\\\/tunisie-la-recolte-des-olives-estimee-a-200-mille-tonnes\\\/208506\\\/\",\"url\":\"https:\\\/\\\/www.webdo.tn\\\/fr\\\/actualite\\\/national\\\/tunisie-la-recolte-des-olives-estimee-a-200-mille-tonnes\\\/208506\\\/\",\"name\":\"Tunisie : La production d'huile d'olive estim\u00e9e \u00e0 200 mille tonnes\",\"isPartOf\":{\"@id\":\"https:\\\/\\\/www.webdo.tn\\\/fr\\\/#website\"},\"primaryImageOfPage\":{\"@id\":\"https:\\\/\\\/www.webdo.tn\\\/fr\\\/actualite\\\/national\\\/tunisie-la-recolte-des-olives-estimee-a-200-mille-tonnes\\\/208506\\\/#primaryimage\"},\"image\":{\"@id\":\"https:\\\/\\\/www.webdo.tn\\\/fr\\\/actualite\\\/national\\\/tunisie-la-recolte-des-olives-estimee-a-200-mille-tonnes\\\/208506\\\/#primaryimage\"},\"thumbnailUrl\":\"https:\\\/\\\/www.webdo.tn\\\/fr\\\/wp-content\\\/uploads\\\/2023\\\/09\\\/3539bd496e46ddb99d76b32dbb1a14a6.jpg\",\"datePublished\":\"2023-09-08T11:17:00+00:00\",\"dateModified\":\"2025-05-20T22:51:41+00:00\",\"description\":\"Le pr\u00e9sident-directeur g\u00e9n\u00e9ral de l\u2019office national de l\u2019huile, Hamed Dali a donn\u00e9 ce vendredi 8 septembre 2023, plus de d\u00e9tails sur la prochaine r\u00e9coles des ol...\",\"breadcrumb\":{\"@id\":\"https:\\\/\\\/www.webdo.tn\\\/fr\\\/actualite\\\/national\\\/tunisie-la-recolte-des-olives-estimee-a-200-mille-tonnes\\\/208506\\\/#breadcrumb\"},\"inLanguage\":\"fr-FR\",\"potentialAction\":[{\"@type\":\"ReadAction\",\"target\":[\"https:\\\/\\\/www.webdo.tn\\\/fr\\\/actualite\\\/national\\\/tunisie-la-recolte-des-olives-estimee-a-200-mille-tonnes\\\/208506\\\/\"]}]},{\"@type\":\"ImageObject\",\"inLanguage\":\"fr-FR\",\"@id\":\"https:\\\/\\\/www.webdo.tn\\\/fr\\\/actualite\\\/national\\\/tunisie-la-recolte-des-olives-estimee-a-200-mille-tonnes\\\/208506\\\/#primaryimage\",\"url\":\"https:\\\/\\\/www.webdo.tn\\\/fr\\\/wp-content\\\/uploads\\\/2023\\\/09\\\/3539bd496e46ddb99d76b32dbb1a14a6.jpg\",\"contentUrl\":\"https:\\\/\\\/www.webdo.tn\\\/fr\\\/wp-content\\\/uploads\\\/2023\\\/09\\\/3539bd496e46ddb99d76b32dbb1a14a6.jpg\",\"width\":660,\"height\":352,\"caption\":\"Tunisie : La production d'huile d'olive estim\u00e9e \u00e0 200 mille tonnes\"},{\"@type\":\"BreadcrumbList\",\"@id\":\"https:\\\/\\\/www.webdo.tn\\\/fr\\\/actualite\\\/national\\\/tunisie-la-recolte-des-olives-estimee-a-200-mille-tonnes\\\/208506\\\/#breadcrumb\",\"itemListElement\":[{\"@type\":\"ListItem\",\"position\":1,\"name\":\"Accueil\",\"item\":\"https:\\\/\\\/www.webdo.tn\\\/fr\\\/\"},{\"@type\":\"ListItem\",\"position\":2,\"name\":\"Tunisie : La production d&rsquo;huile d&rsquo;olive estim\u00e9e \u00e0 200 mille tonnes\"}]},{\"@type\":\"WebSite\",\"@id\":\"https:\\\/\\\/www.webdo.tn\\\/fr\\\/#website\",\"url\":\"https:\\\/\\\/www.webdo.tn\\\/fr\\\/\",\"name\":\"webdo\",\"description\":\"Tunisie - News en Tunisie et \u00e0 l&#039;international sur Webdo.tn\",\"publisher\":{\"@id\":\"https:\\\/\\\/www.webdo.tn\\\/fr\\\/#organization\"},\"potentialAction\":[{\"@type\":\"SearchAction\",\"target\":{\"@type\":\"EntryPoint\",\"urlTemplate\":\"https:\\\/\\\/www.webdo.tn\\\/fr\\\/?s={search_term_string}\"},\"query-input\":{\"@type\":\"PropertyValueSpecification\",\"valueRequired\":true,\"valueName\":\"search_term_string\"}}],\"inLanguage\":\"fr-FR\"},{\"@type\":\"Organization\",\"@id\":\"https:\\\/\\\/www.webdo.tn\\\/fr\\\/#organization\",\"name\":\"Webdo\",\"alternateName\":\"Webdo.tn\",\"url\":\"https:\\\/\\\/www.webdo.tn\\\/fr\\\/\",\"logo\":{\"@type\":\"ImageObject\",\"inLanguage\":\"fr-FR\",\"@id\":\"https:\\\/\\\/www.webdo.tn\\\/fr\\\/#\\\/schema\\\/logo\\\/image\\\/\",\"url\":\"https:\\\/\\\/www.webdo.tn\\\/fr\\\/wp-content\\\/uploads\\\/2025\\\/06\\\/Webdo-Tunisie_168377.jpg\",\"contentUrl\":\"https:\\\/\\\/www.webdo.tn\\\/fr\\\/wp-content\\\/uploads\\\/2025\\\/06\\\/Webdo-Tunisie_168377.jpg\",\"width\":301,\"height\":301,\"caption\":\"Webdo\"},\"image\":{\"@id\":\"https:\\\/\\\/www.webdo.tn\\\/fr\\\/#\\\/schema\\\/logo\\\/image\\\/\"},\"sameAs\":[\"https:\\\/\\\/www.facebook.com\\\/webdotn\",\"https:\\\/\\\/x.com\\\/webdo_tn\"],\"description\":\"Webdo est un m\u00e9dia num\u00e9rique tunisien fond\u00e9 en 2010, sp\u00e9cialis\u00e9 dans l\u2019actualit\u00e9 nationale et internationale, l\u2019\u00e9conomie, la soci\u00e9t\u00e9 et les analyses politiques. Le site s\u2019adresse \u00e0 un large public francophone et couvre l\u2019information tunisienne en temps r\u00e9el.\",\"email\":\"redac@webdo.tn\",\"legalName\":\"YNJ SARL\",\"foundingDate\":\"2010-09-06\",\"numberOfEmployees\":{\"@type\":\"QuantitativeValue\",\"minValue\":\"11\",\"maxValue\":\"50\"}},{\"@type\":\"Person\",\"@id\":\"https:\\\/\\\/www.webdo.tn\\\/fr\\\/#\\\/schema\\\/person\\\/f35b42a42c5e2511bbd282959d6385cc\",\"name\":\"CL\",\"image\":{\"@type\":\"ImageObject\",\"inLanguage\":\"fr-FR\",\"@id\":\"https:\\\/\\\/secure.gravatar.com\\\/avatar\\\/1447a49909b67aa657c488aec6512e1dd6143a480c1ecfee9b5b5cd74eb3b59e?s=96&d=mm&r=g\",\"url\":\"https:\\\/\\\/secure.gravatar.com\\\/avatar\\\/1447a49909b67aa657c488aec6512e1dd6143a480c1ecfee9b5b5cd74eb3b59e?s=96&d=mm&r=g\",\"contentUrl\":\"https:\\\/\\\/secure.gravatar.com\\\/avatar\\\/1447a49909b67aa657c488aec6512e1dd6143a480c1ecfee9b5b5cd74eb3b59e?s=96&d=mm&r=g\",\"caption\":\"CL\"},\"url\":\"https:\\\/\\\/www.webdo.tn\\\/fr\\\/actualite\\\/author\\\/cl\\\/\"}]}<\/script>\n<!-- \/ Yoast SEO Premium plugin. -->","yoast_head_json":{"title":"Tunisie : La production d'huile d'olive estim\u00e9e \u00e0 200 mille tonnes","description":"Le pr\u00e9sident-directeur g\u00e9n\u00e9ral de l\u2019office national de l\u2019huile, Hamed Dali a donn\u00e9 ce vendredi 8 septembre 2023, plus de d\u00e9tails sur la prochaine r\u00e9coles des ol...","canonical":"https:\/\/www.webdo.tn\/fr\/actualite\/national\/tunisie-la-recolte-des-olives-estimee-a-200-mille-tonnes\/208506\/","og_locale":"fr_FR","og_type":"article","og_title":"Tunisie : La production d'huile d'olive estim\u00e9e \u00e0 200 mille tonnes","og_description":"Le pr\u00e9sident-directeur g\u00e9n\u00e9ral de l\u2019office national de l\u2019huile, Hamed Dali a donn\u00e9 ce vendredi 8 septembre 2023, plus de d\u00e9tails sur la prochaine r\u00e9coles des ol...","og_url":"https:\/\/www.webdo.tn\/fr\/actualite\/national\/tunisie-la-recolte-des-olives-estimee-a-200-mille-tonnes\/208506\/","og_site_name":"webdo","article_publisher":"https:\/\/www.facebook.com\/webdotn","article_published_time":"2023-09-08T11:17:00+00:00","article_modified_time":"2025-05-20T22:51:41+00:00","og_image":[{"width":660,"height":352,"url":"https:\/\/www.webdo.tn\/fr\/wp-content\/uploads\/2023\/09\/3539bd496e46ddb99d76b32dbb1a14a6.jpg","type":"image\/jpeg"}],"author":"CL","twitter_card":"summary_large_image","twitter_creator":"@webdo_tn","twitter_site":"@webdo_tn","twitter_misc":{"\u00c9crit par":"CL","Dur\u00e9e de lecture estim\u00e9e":"1 minute"},"schema":{"@context":"https:\/\/schema.org","@graph":[{"@type":"NewsArticle","@id":"https:\/\/www.webdo.tn\/fr\/actualite\/national\/tunisie-la-recolte-des-olives-estimee-a-200-mille-tonnes\/208506\/#article","isPartOf":{"@id":"https:\/\/www.webdo.tn\/fr\/actualite\/national\/tunisie-la-recolte-des-olives-estimee-a-200-mille-tonnes\/208506\/"},"author":{"name":"CL","@id":"https:\/\/www.webdo.tn\/fr\/#\/schema\/person\/f35b42a42c5e2511bbd282959d6385cc"},"headline":"Tunisie : La production d&rsquo;huile d&rsquo;olive estim\u00e9e \u00e0 200 mille tonnes","datePublished":"2023-09-08T11:17:00+00:00","dateModified":"2025-05-20T22:51:41+00:00","mainEntityOfPage":{"@id":"https:\/\/www.webdo.tn\/fr\/actualite\/national\/tunisie-la-recolte-des-olives-estimee-a-200-mille-tonnes\/208506\/"},"wordCount":147,"commentCount":0,"publisher":{"@id":"https:\/\/www.webdo.tn\/fr\/#organization"},"image":{"@id":"https:\/\/www.webdo.tn\/fr\/actualite\/national\/tunisie-la-recolte-des-olives-estimee-a-200-mille-tonnes\/208506\/#primaryimage"},"thumbnailUrl":"https:\/\/www.webdo.tn\/fr\/wp-content\/uploads\/2023\/09\/3539bd496e46ddb99d76b32dbb1a14a6.jpg","keywords":["huile d'olives","Olives","Tunisie"],"articleSection":["National"],"inLanguage":"fr-FR"},{"@type":"WebPage","@id":"https:\/\/www.webdo.tn\/fr\/actualite\/national\/tunisie-la-recolte-des-olives-estimee-a-200-mille-tonnes\/208506\/","url":"https:\/\/www.webdo.tn\/fr\/actualite\/national\/tunisie-la-recolte-des-olives-estimee-a-200-mille-tonnes\/208506\/","name":"Tunisie : La production d'huile d'olive estim\u00e9e \u00e0 200 mille tonnes","isPartOf":{"@id":"https:\/\/www.webdo.tn\/fr\/#website"},"primaryImageOfPage":{"@id":"https:\/\/www.webdo.tn\/fr\/actualite\/national\/tunisie-la-recolte-des-olives-estimee-a-200-mille-tonnes\/208506\/#primaryimage"},"image":{"@id":"https:\/\/www.webdo.tn\/fr\/actualite\/national\/tunisie-la-recolte-des-olives-estimee-a-200-mille-tonnes\/208506\/#primaryimage"},"thumbnailUrl":"https:\/\/www.webdo.tn\/fr\/wp-content\/uploads\/2023\/09\/3539bd496e46ddb99d76b32dbb1a14a6.jpg","datePublished":"2023-09-08T11:17:00+00:00","dateModified":"2025-05-20T22:51:41+00:00","description":"Le pr\u00e9sident-directeur g\u00e9n\u00e9ral de l\u2019office national de l\u2019huile, Hamed Dali a donn\u00e9 ce vendredi 8 septembre 2023, plus de d\u00e9tails sur la prochaine r\u00e9coles des ol...","breadcrumb":{"@id":"https:\/\/www.webdo.tn\/fr\/actualite\/national\/tunisie-la-recolte-des-olives-estimee-a-200-mille-tonnes\/208506\/#breadcrumb"},"inLanguage":"fr-FR","potentialAction":[{"@type":"ReadAction","target":["https:\/\/www.webdo.tn\/fr\/actualite\/national\/tunisie-la-recolte-des-olives-estimee-a-200-mille-tonnes\/208506\/"]}]},{"@type":"ImageObject","inLanguage":"fr-FR","@id":"https:\/\/www.webdo.tn\/fr\/actualite\/national\/tunisie-la-recolte-des-olives-estimee-a-200-mille-tonnes\/208506\/#primaryimage","url":"https:\/\/www.webdo.tn\/fr\/wp-content\/uploads\/2023\/09\/3539bd496e46ddb99d76b32dbb1a14a6.jpg","contentUrl":"https:\/\/www.webdo.tn\/fr\/wp-content\/uploads\/2023\/09\/3539bd496e46ddb99d76b32dbb1a14a6.jpg","width":660,"height":352,"caption":"Tunisie : La production d'huile d'olive estim\u00e9e \u00e0 200 mille tonnes"},{"@type":"BreadcrumbList","@id":"https:\/\/www.webdo.tn\/fr\/actualite\/national\/tunisie-la-recolte-des-olives-estimee-a-200-mille-tonnes\/208506\/#breadcrumb","itemListElement":[{"@type":"ListItem","position":1,"name":"Accueil","item":"https:\/\/www.webdo.tn\/fr\/"},{"@type":"ListItem","position":2,"name":"Tunisie : La production d&rsquo;huile d&rsquo;olive estim\u00e9e \u00e0 200 mille tonnes"}]},{"@type":"WebSite","@id":"https:\/\/www.webdo.tn\/fr\/#website","url":"https:\/\/www.webdo.tn\/fr\/","name":"webdo","description":"Tunisie - News en Tunisie et \u00e0 l&#039;international sur Webdo.tn","publisher":{"@id":"https:\/\/www.webdo.tn\/fr\/#organization"},"potentialAction":[{"@type":"SearchAction","target":{"@type":"EntryPoint","urlTemplate":"https:\/\/www.webdo.tn\/fr\/?s={search_term_string}"},"query-input":{"@type":"PropertyValueSpecification","valueRequired":true,"valueName":"search_term_string"}}],"inLanguage":"fr-FR"},{"@type":"Organization","@id":"https:\/\/www.webdo.tn\/fr\/#organization","name":"Webdo","alternateName":"Webdo.tn","url":"https:\/\/www.webdo.tn\/fr\/","logo":{"@type":"ImageObject","inLanguage":"fr-FR","@id":"https:\/\/www.webdo.tn\/fr\/#\/schema\/logo\/image\/","url":"https:\/\/www.webdo.tn\/fr\/wp-content\/uploads\/2025\/06\/Webdo-Tunisie_168377.jpg","contentUrl":"https:\/\/www.webdo.tn\/fr\/wp-content\/uploads\/2025\/06\/Webdo-Tunisie_168377.jpg","width":301,"height":301,"caption":"Webdo"},"image":{"@id":"https:\/\/www.webdo.tn\/fr\/#\/schema\/logo\/image\/"},"sameAs":["https:\/\/www.facebook.com\/webdotn","https:\/\/x.com\/webdo_tn"],"description":"Webdo est un m\u00e9dia num\u00e9rique tunisien fond\u00e9 en 2010, sp\u00e9cialis\u00e9 dans l\u2019actualit\u00e9 nationale et internationale, l\u2019\u00e9conomie, la soci\u00e9t\u00e9 et les analyses politiques. Le site s\u2019adresse \u00e0 un large public francophone et couvre l\u2019information tunisienne en temps r\u00e9el.","email":"redac@webdo.tn","legalName":"YNJ SARL","foundingDate":"2010-09-06","numberOfEmployees":{"@type":"QuantitativeValue","minValue":"11","maxValue":"50"}},{"@type":"Person","@id":"https:\/\/www.webdo.tn\/fr\/#\/schema\/person\/f35b42a42c5e2511bbd282959d6385cc","name":"CL","image":{"@type":"ImageObject","inLanguage":"fr-FR","@id":"https:\/\/secure.gravatar.com\/avatar\/1447a49909b67aa657c488aec6512e1dd6143a480c1ecfee9b5b5cd74eb3b59e?s=96&d=mm&r=g","url":"https:\/\/secure.gravatar.com\/avatar\/1447a49909b67aa657c488aec6512e1dd6143a480c1ecfee9b5b5cd74eb3b59e?s=96&d=mm&r=g","contentUrl":"https:\/\/secure.gravatar.com\/avatar\/1447a49909b67aa657c488aec6512e1dd6143a480c1ecfee9b5b5cd74eb3b59e?s=96&d=mm&r=g","caption":"CL"},"url":"https:\/\/www.webdo.tn\/fr\/actualite\/author\/cl\/"}]}},"_links":{"self":[{"href":"https:\/\/www.webdo.tn\/fr\/wp-json\/wp\/v2\/posts\/208506","targetHints":{"allow":["GET"]}}],"collection":[{"href":"https:\/\/www.webdo.tn\/fr\/wp-json\/wp\/v2\/posts"}],"about":[{"href":"https:\/\/www.webdo.tn\/fr\/wp-json\/wp\/v2\/types\/post"}],"author":[{"embeddable":true,"href":"https:\/\/www.webdo.tn\/fr\/wp-json\/wp\/v2\/users\/3175"}],"replies":[{"embeddable":true,"href":"https:\/\/www.webdo.tn\/fr\/wp-json\/wp\/v2\/comments?post=208506"}],"version-history":[{"count":0,"href":"https:\/\/www.webdo.tn\/fr\/wp-json\/wp\/v2\/posts\/208506\/revisions"}],"wp:featuredmedia":[{"embeddable":true,"href":"https:\/\/www.webdo.tn\/fr\/wp-json\/wp\/v2\/media\/278656"}],"wp:attachment":[{"href":"https:\/\/www.webdo.tn\/fr\/wp-json\/wp\/v2\/media?parent=208506"}],"wp:term":[{"taxonomy":"category","embeddable":true,"href":"https:\/\/www.webdo.tn\/fr\/wp-json\/wp\/v2\/categories?post=208506"},{"taxonomy":"post_tag","embeddable":true,"href":"https:\/\/www.webdo.tn\/fr\/wp-json\/wp\/v2\/tags?post=208506"}],"curies":[{"name":"wp","href":"https:\/\/api.w.org\/{rel}","templated":true}]}}