{"id":208491,"date":"2023-09-07T20:08:00","date_gmt":"2023-09-07T20:08:00","guid":{"rendered":"https:\/\/www.webdo.tn\/fr\/blog\/le-pole-judiciaire-de-lutte-contre-le-terrorisme-prend-en-charge-l-affaire-lounissi\/208491\/"},"modified":"2023-09-07T20:08:00","modified_gmt":"2023-09-07T20:08:00","slug":"le-pole-judiciaire-de-lutte-contre-le-terrorisme-prend-en-charge-l-affaire-lounissi","status":"publish","type":"post","link":"https:\/\/www.webdo.tn\/fr\/actualite\/national\/le-pole-judiciaire-de-lutte-contre-le-terrorisme-prend-en-charge-l-affaire-lounissi\/208491\/","title":{"rendered":"Le P\u00f4le judiciaire de lutte contre le terrorisme prend en charge l&rsquo;affaire Lounissi"},"content":{"rendered":"<p>Le P\u00f4le judiciaire de lutte contre le terrorisme vient d&rsquo;\u00eatre charg\u00e9, ce jeudi 7 septembre 2023, par le minist\u00e8re public relevant du Tribunal de premi\u00e8re instance de Tunis, de poursuivre les investigations dans l&rsquo;affaire Mondher Lounissi, selon Mosaique FM.<\/p>\n<p>\t\t\t\t\t\t\t\t\tIl est \u00e0 rappeler que Mondher Lounissi, pr\u00e9sident du mouvement Ennahdha par int\u00e9rim, a \u00e9t\u00e9 arr\u00eat\u00e9 dans la soir\u00e9e de ce mardi 5 septembre 2023,\u00a0puis conduit \u00e0 la caserne de la Garde nationale de l\u2019Aouina.<\/p>\n<p>Son arrestation fait suite \u00e0 des enregistrements vocaux fuit\u00e9s et qui lui sont attribu\u00e9s. Ces enregistrements impliqueraient \u00e9galement la journaliste exil\u00e9e Chahrazed Akacha, dans lesquels on \u00e9voque des liens avec la famille Jenayah et la possibilit\u00e9 d\u2019appuyer Ennahdha pour revenir sur la sc\u00e8ne politique et m\u00e9diatique.<\/p>\n","protected":false},"excerpt":{"rendered":"<p>Le P\u00f4le judiciaire de lutte contre le terrorisme vient d&rsquo;\u00eatre charg\u00e9, ce jeudi 7 septembre 2023, par le minist\u00e8re public relevant du Tribunal de premi\u00e8re instan&#8230;<\/p>\n","protected":false},"author":3169,"featured_media":249373,"comment_status":"open","ping_status":"closed","sticky":false,"template":"","format":"standard","meta":{"footnotes":""},"categories":[44],"tags":[2619,6481,2845,2608],"class_list":["post-208491","post","type-post","status-publish","format-standard","has-post-thumbnail","hentry","category-national","tag-justice","tag-mondher-lounissi","tag-terrorisme","tag-tunisie"],"yoast_head":"<!-- This site is optimized with the Yoast SEO Premium plugin v27.5 (Yoast SEO v27.5) - https:\/\/yoast.com\/product\/yoast-seo-premium-wordpress\/ -->\n<title>Le P\u00f4le judiciaire de lutte contre le terrorisme prend en charge l&#039;affaire Lounissi<\/title>\n<meta name=\"description\" content=\"Le P\u00f4le judiciaire de lutte contre le terrorisme vient d&#039;\u00eatre charg\u00e9, ce jeudi 7 septembre 2023, par le minist\u00e8re public relevant du Tribunal de premi\u00e8re instan...\" \/>\n<link rel=\"canonical\" href=\"https:\/\/www.webdo.tn\/fr\/actualite\/national\/le-pole-judiciaire-de-lutte-contre-le-terrorisme-prend-en-charge-l-affaire-lounissi\/208491\/\" \/>\n<meta property=\"og:locale\" content=\"fr_FR\" \/>\n<meta property=\"og:type\" content=\"article\" \/>\n<meta property=\"og:title\" content=\"Le P\u00f4le judiciaire de lutte contre le terrorisme prend en charge l&#039;affaire Lounissi\" \/>\n<meta property=\"og:description\" content=\"Le P\u00f4le judiciaire de lutte contre le terrorisme vient d&#039;\u00eatre charg\u00e9, ce jeudi 7 septembre 2023, par le minist\u00e8re public relevant du Tribunal de premi\u00e8re instan...\" \/>\n<meta property=\"og:url\" content=\"https:\/\/www.webdo.tn\/fr\/actualite\/national\/le-pole-judiciaire-de-lutte-contre-le-terrorisme-prend-en-charge-l-affaire-lounissi\/208491\/\" \/>\n<meta property=\"og:site_name\" content=\"webdo\" \/>\n<meta property=\"article:publisher\" content=\"https:\/\/www.facebook.com\/webdotn\" \/>\n<meta property=\"article:published_time\" content=\"2023-09-07T20:08:00+00:00\" \/>\n<meta property=\"og:image\" content=\"https:\/\/www.webdo.tn\/fr\/wp-content\/uploads\/2023\/09\/47952ab93fc901941d57ee1c375e830b.jpg\" \/>\n\t<meta property=\"og:image:width\" content=\"750\" \/>\n\t<meta property=\"og:image:height\" content=\"400\" \/>\n\t<meta property=\"og:image:type\" content=\"image\/jpeg\" \/>\n<meta name=\"author\" content=\"Webdo\" \/>\n<meta name=\"twitter:card\" content=\"summary_large_image\" \/>\n<meta name=\"twitter:creator\" content=\"@webdo_tn\" \/>\n<meta name=\"twitter:site\" content=\"@webdo_tn\" \/>\n<meta name=\"twitter:label1\" content=\"\u00c9crit par\" \/>\n\t<meta name=\"twitter:data1\" content=\"Webdo\" \/>\n\t<meta name=\"twitter:label2\" content=\"Dur\u00e9e de lecture estim\u00e9e\" \/>\n\t<meta name=\"twitter:data2\" content=\"1 minute\" \/>\n<script type=\"application\/ld+json\" class=\"yoast-schema-graph\">{\"@context\":\"https:\\\/\\\/schema.org\",\"@graph\":[{\"@type\":\"NewsArticle\",\"@id\":\"https:\\\/\\\/www.webdo.tn\\\/fr\\\/actualite\\\/national\\\/le-pole-judiciaire-de-lutte-contre-le-terrorisme-prend-en-charge-l-affaire-lounissi\\\/208491\\\/#article\",\"isPartOf\":{\"@id\":\"https:\\\/\\\/www.webdo.tn\\\/fr\\\/actualite\\\/national\\\/le-pole-judiciaire-de-lutte-contre-le-terrorisme-prend-en-charge-l-affaire-lounissi\\\/208491\\\/\"},\"author\":{\"name\":\"Webdo\",\"@id\":\"https:\\\/\\\/www.webdo.tn\\\/fr\\\/#\\\/schema\\\/person\\\/1f4e491e0907b413d61089e8eb573acc\"},\"headline\":\"Le P\u00f4le judiciaire de lutte contre le terrorisme prend en charge l&rsquo;affaire Lounissi\",\"datePublished\":\"2023-09-07T20:08:00+00:00\",\"mainEntityOfPage\":{\"@id\":\"https:\\\/\\\/www.webdo.tn\\\/fr\\\/actualite\\\/national\\\/le-pole-judiciaire-de-lutte-contre-le-terrorisme-prend-en-charge-l-affaire-lounissi\\\/208491\\\/\"},\"wordCount\":145,\"commentCount\":0,\"publisher\":{\"@id\":\"https:\\\/\\\/www.webdo.tn\\\/fr\\\/#organization\"},\"image\":{\"@id\":\"https:\\\/\\\/www.webdo.tn\\\/fr\\\/actualite\\\/national\\\/le-pole-judiciaire-de-lutte-contre-le-terrorisme-prend-en-charge-l-affaire-lounissi\\\/208491\\\/#primaryimage\"},\"thumbnailUrl\":\"https:\\\/\\\/www.webdo.tn\\\/fr\\\/wp-content\\\/uploads\\\/2023\\\/09\\\/47952ab93fc901941d57ee1c375e830b.jpg\",\"keywords\":[\"justice\",\"mondher lounissi\",\"Terrorisme\",\"Tunisie\"],\"articleSection\":[\"National\"],\"inLanguage\":\"fr-FR\"},{\"@type\":\"WebPage\",\"@id\":\"https:\\\/\\\/www.webdo.tn\\\/fr\\\/actualite\\\/national\\\/le-pole-judiciaire-de-lutte-contre-le-terrorisme-prend-en-charge-l-affaire-lounissi\\\/208491\\\/\",\"url\":\"https:\\\/\\\/www.webdo.tn\\\/fr\\\/actualite\\\/national\\\/le-pole-judiciaire-de-lutte-contre-le-terrorisme-prend-en-charge-l-affaire-lounissi\\\/208491\\\/\",\"name\":\"Le P\u00f4le judiciaire de lutte contre le terrorisme prend en charge l'affaire Lounissi\",\"isPartOf\":{\"@id\":\"https:\\\/\\\/www.webdo.tn\\\/fr\\\/#website\"},\"primaryImageOfPage\":{\"@id\":\"https:\\\/\\\/www.webdo.tn\\\/fr\\\/actualite\\\/national\\\/le-pole-judiciaire-de-lutte-contre-le-terrorisme-prend-en-charge-l-affaire-lounissi\\\/208491\\\/#primaryimage\"},\"image\":{\"@id\":\"https:\\\/\\\/www.webdo.tn\\\/fr\\\/actualite\\\/national\\\/le-pole-judiciaire-de-lutte-contre-le-terrorisme-prend-en-charge-l-affaire-lounissi\\\/208491\\\/#primaryimage\"},\"thumbnailUrl\":\"https:\\\/\\\/www.webdo.tn\\\/fr\\\/wp-content\\\/uploads\\\/2023\\\/09\\\/47952ab93fc901941d57ee1c375e830b.jpg\",\"datePublished\":\"2023-09-07T20:08:00+00:00\",\"description\":\"Le P\u00f4le judiciaire de lutte contre le terrorisme vient d'\u00eatre charg\u00e9, ce jeudi 7 septembre 2023, par le minist\u00e8re public relevant du Tribunal de premi\u00e8re instan...\",\"breadcrumb\":{\"@id\":\"https:\\\/\\\/www.webdo.tn\\\/fr\\\/actualite\\\/national\\\/le-pole-judiciaire-de-lutte-contre-le-terrorisme-prend-en-charge-l-affaire-lounissi\\\/208491\\\/#breadcrumb\"},\"inLanguage\":\"fr-FR\",\"potentialAction\":[{\"@type\":\"ReadAction\",\"target\":[\"https:\\\/\\\/www.webdo.tn\\\/fr\\\/actualite\\\/national\\\/le-pole-judiciaire-de-lutte-contre-le-terrorisme-prend-en-charge-l-affaire-lounissi\\\/208491\\\/\"]}]},{\"@type\":\"ImageObject\",\"inLanguage\":\"fr-FR\",\"@id\":\"https:\\\/\\\/www.webdo.tn\\\/fr\\\/actualite\\\/national\\\/le-pole-judiciaire-de-lutte-contre-le-terrorisme-prend-en-charge-l-affaire-lounissi\\\/208491\\\/#primaryimage\",\"url\":\"https:\\\/\\\/www.webdo.tn\\\/fr\\\/wp-content\\\/uploads\\\/2023\\\/09\\\/47952ab93fc901941d57ee1c375e830b.jpg\",\"contentUrl\":\"https:\\\/\\\/www.webdo.tn\\\/fr\\\/wp-content\\\/uploads\\\/2023\\\/09\\\/47952ab93fc901941d57ee1c375e830b.jpg\",\"width\":750,\"height\":400,\"caption\":\"Le P\u00f4le judiciaire de lutte contre le terrorisme prend en charge l'affaire Lounissi\"},{\"@type\":\"BreadcrumbList\",\"@id\":\"https:\\\/\\\/www.webdo.tn\\\/fr\\\/actualite\\\/national\\\/le-pole-judiciaire-de-lutte-contre-le-terrorisme-prend-en-charge-l-affaire-lounissi\\\/208491\\\/#breadcrumb\",\"itemListElement\":[{\"@type\":\"ListItem\",\"position\":1,\"name\":\"Accueil\",\"item\":\"https:\\\/\\\/www.webdo.tn\\\/fr\\\/\"},{\"@type\":\"ListItem\",\"position\":2,\"name\":\"Le P\u00f4le judiciaire de lutte contre le terrorisme prend en charge l&#8217;affaire Lounissi\"}]},{\"@type\":\"WebSite\",\"@id\":\"https:\\\/\\\/www.webdo.tn\\\/fr\\\/#website\",\"url\":\"https:\\\/\\\/www.webdo.tn\\\/fr\\\/\",\"name\":\"webdo\",\"description\":\"Tunisie - News en Tunisie et \u00e0 l&#039;international sur Webdo.tn\",\"publisher\":{\"@id\":\"https:\\\/\\\/www.webdo.tn\\\/fr\\\/#organization\"},\"potentialAction\":[{\"@type\":\"SearchAction\",\"target\":{\"@type\":\"EntryPoint\",\"urlTemplate\":\"https:\\\/\\\/www.webdo.tn\\\/fr\\\/?s={search_term_string}\"},\"query-input\":{\"@type\":\"PropertyValueSpecification\",\"valueRequired\":true,\"valueName\":\"search_term_string\"}}],\"inLanguage\":\"fr-FR\"},{\"@type\":\"Organization\",\"@id\":\"https:\\\/\\\/www.webdo.tn\\\/fr\\\/#organization\",\"name\":\"Webdo\",\"alternateName\":\"Webdo.tn\",\"url\":\"https:\\\/\\\/www.webdo.tn\\\/fr\\\/\",\"logo\":{\"@type\":\"ImageObject\",\"inLanguage\":\"fr-FR\",\"@id\":\"https:\\\/\\\/www.webdo.tn\\\/fr\\\/#\\\/schema\\\/logo\\\/image\\\/\",\"url\":\"https:\\\/\\\/www.webdo.tn\\\/fr\\\/wp-content\\\/uploads\\\/2025\\\/06\\\/Webdo-Tunisie_168377.jpg\",\"contentUrl\":\"https:\\\/\\\/www.webdo.tn\\\/fr\\\/wp-content\\\/uploads\\\/2025\\\/06\\\/Webdo-Tunisie_168377.jpg\",\"width\":301,\"height\":301,\"caption\":\"Webdo\"},\"image\":{\"@id\":\"https:\\\/\\\/www.webdo.tn\\\/fr\\\/#\\\/schema\\\/logo\\\/image\\\/\"},\"sameAs\":[\"https:\\\/\\\/www.facebook.com\\\/webdotn\",\"https:\\\/\\\/x.com\\\/webdo_tn\"],\"description\":\"Webdo est un m\u00e9dia num\u00e9rique tunisien fond\u00e9 en 2010, sp\u00e9cialis\u00e9 dans l\u2019actualit\u00e9 nationale et internationale, l\u2019\u00e9conomie, la soci\u00e9t\u00e9 et les analyses politiques. Le site s\u2019adresse \u00e0 un large public francophone et couvre l\u2019information tunisienne en temps r\u00e9el.\",\"email\":\"redac@webdo.tn\",\"legalName\":\"YNJ SARL\",\"foundingDate\":\"2010-09-06\",\"numberOfEmployees\":{\"@type\":\"QuantitativeValue\",\"minValue\":\"11\",\"maxValue\":\"50\"}},{\"@type\":\"Person\",\"@id\":\"https:\\\/\\\/www.webdo.tn\\\/fr\\\/#\\\/schema\\\/person\\\/1f4e491e0907b413d61089e8eb573acc\",\"name\":\"Webdo\",\"image\":{\"@type\":\"ImageObject\",\"inLanguage\":\"fr-FR\",\"@id\":\"https:\\\/\\\/secure.gravatar.com\\\/avatar\\\/de97aeec1bb80978a9dbb127e47dfc88aaacb2f3c29aac907d8d3222e3495d49?s=96&d=mm&r=g\",\"url\":\"https:\\\/\\\/secure.gravatar.com\\\/avatar\\\/de97aeec1bb80978a9dbb127e47dfc88aaacb2f3c29aac907d8d3222e3495d49?s=96&d=mm&r=g\",\"contentUrl\":\"https:\\\/\\\/secure.gravatar.com\\\/avatar\\\/de97aeec1bb80978a9dbb127e47dfc88aaacb2f3c29aac907d8d3222e3495d49?s=96&d=mm&r=g\",\"caption\":\"Webdo\"},\"url\":\"https:\\\/\\\/www.webdo.tn\\\/fr\\\/actualite\\\/author\\\/webdo\\\/\"}]}<\/script>\n<!-- \/ Yoast SEO Premium plugin. -->","yoast_head_json":{"title":"Le P\u00f4le judiciaire de lutte contre le terrorisme prend en charge l'affaire Lounissi","description":"Le P\u00f4le judiciaire de lutte contre le terrorisme vient d'\u00eatre charg\u00e9, ce jeudi 7 septembre 2023, par le minist\u00e8re public relevant du Tribunal de premi\u00e8re instan...","canonical":"https:\/\/www.webdo.tn\/fr\/actualite\/national\/le-pole-judiciaire-de-lutte-contre-le-terrorisme-prend-en-charge-l-affaire-lounissi\/208491\/","og_locale":"fr_FR","og_type":"article","og_title":"Le P\u00f4le judiciaire de lutte contre le terrorisme prend en charge l'affaire Lounissi","og_description":"Le P\u00f4le judiciaire de lutte contre le terrorisme vient d'\u00eatre charg\u00e9, ce jeudi 7 septembre 2023, par le minist\u00e8re public relevant du Tribunal de premi\u00e8re instan...","og_url":"https:\/\/www.webdo.tn\/fr\/actualite\/national\/le-pole-judiciaire-de-lutte-contre-le-terrorisme-prend-en-charge-l-affaire-lounissi\/208491\/","og_site_name":"webdo","article_publisher":"https:\/\/www.facebook.com\/webdotn","article_published_time":"2023-09-07T20:08:00+00:00","og_image":[{"width":750,"height":400,"url":"https:\/\/www.webdo.tn\/fr\/wp-content\/uploads\/2023\/09\/47952ab93fc901941d57ee1c375e830b.jpg","type":"image\/jpeg"}],"author":"Webdo","twitter_card":"summary_large_image","twitter_creator":"@webdo_tn","twitter_site":"@webdo_tn","twitter_misc":{"\u00c9crit par":"Webdo","Dur\u00e9e de lecture estim\u00e9e":"1 minute"},"schema":{"@context":"https:\/\/schema.org","@graph":[{"@type":"NewsArticle","@id":"https:\/\/www.webdo.tn\/fr\/actualite\/national\/le-pole-judiciaire-de-lutte-contre-le-terrorisme-prend-en-charge-l-affaire-lounissi\/208491\/#article","isPartOf":{"@id":"https:\/\/www.webdo.tn\/fr\/actualite\/national\/le-pole-judiciaire-de-lutte-contre-le-terrorisme-prend-en-charge-l-affaire-lounissi\/208491\/"},"author":{"name":"Webdo","@id":"https:\/\/www.webdo.tn\/fr\/#\/schema\/person\/1f4e491e0907b413d61089e8eb573acc"},"headline":"Le P\u00f4le judiciaire de lutte contre le terrorisme prend en charge l&rsquo;affaire Lounissi","datePublished":"2023-09-07T20:08:00+00:00","mainEntityOfPage":{"@id":"https:\/\/www.webdo.tn\/fr\/actualite\/national\/le-pole-judiciaire-de-lutte-contre-le-terrorisme-prend-en-charge-l-affaire-lounissi\/208491\/"},"wordCount":145,"commentCount":0,"publisher":{"@id":"https:\/\/www.webdo.tn\/fr\/#organization"},"image":{"@id":"https:\/\/www.webdo.tn\/fr\/actualite\/national\/le-pole-judiciaire-de-lutte-contre-le-terrorisme-prend-en-charge-l-affaire-lounissi\/208491\/#primaryimage"},"thumbnailUrl":"https:\/\/www.webdo.tn\/fr\/wp-content\/uploads\/2023\/09\/47952ab93fc901941d57ee1c375e830b.jpg","keywords":["justice","mondher lounissi","Terrorisme","Tunisie"],"articleSection":["National"],"inLanguage":"fr-FR"},{"@type":"WebPage","@id":"https:\/\/www.webdo.tn\/fr\/actualite\/national\/le-pole-judiciaire-de-lutte-contre-le-terrorisme-prend-en-charge-l-affaire-lounissi\/208491\/","url":"https:\/\/www.webdo.tn\/fr\/actualite\/national\/le-pole-judiciaire-de-lutte-contre-le-terrorisme-prend-en-charge-l-affaire-lounissi\/208491\/","name":"Le P\u00f4le judiciaire de lutte contre le terrorisme prend en charge l'affaire Lounissi","isPartOf":{"@id":"https:\/\/www.webdo.tn\/fr\/#website"},"primaryImageOfPage":{"@id":"https:\/\/www.webdo.tn\/fr\/actualite\/national\/le-pole-judiciaire-de-lutte-contre-le-terrorisme-prend-en-charge-l-affaire-lounissi\/208491\/#primaryimage"},"image":{"@id":"https:\/\/www.webdo.tn\/fr\/actualite\/national\/le-pole-judiciaire-de-lutte-contre-le-terrorisme-prend-en-charge-l-affaire-lounissi\/208491\/#primaryimage"},"thumbnailUrl":"https:\/\/www.webdo.tn\/fr\/wp-content\/uploads\/2023\/09\/47952ab93fc901941d57ee1c375e830b.jpg","datePublished":"2023-09-07T20:08:00+00:00","description":"Le P\u00f4le judiciaire de lutte contre le terrorisme vient d'\u00eatre charg\u00e9, ce jeudi 7 septembre 2023, par le minist\u00e8re public relevant du Tribunal de premi\u00e8re instan...","breadcrumb":{"@id":"https:\/\/www.webdo.tn\/fr\/actualite\/national\/le-pole-judiciaire-de-lutte-contre-le-terrorisme-prend-en-charge-l-affaire-lounissi\/208491\/#breadcrumb"},"inLanguage":"fr-FR","potentialAction":[{"@type":"ReadAction","target":["https:\/\/www.webdo.tn\/fr\/actualite\/national\/le-pole-judiciaire-de-lutte-contre-le-terrorisme-prend-en-charge-l-affaire-lounissi\/208491\/"]}]},{"@type":"ImageObject","inLanguage":"fr-FR","@id":"https:\/\/www.webdo.tn\/fr\/actualite\/national\/le-pole-judiciaire-de-lutte-contre-le-terrorisme-prend-en-charge-l-affaire-lounissi\/208491\/#primaryimage","url":"https:\/\/www.webdo.tn\/fr\/wp-content\/uploads\/2023\/09\/47952ab93fc901941d57ee1c375e830b.jpg","contentUrl":"https:\/\/www.webdo.tn\/fr\/wp-content\/uploads\/2023\/09\/47952ab93fc901941d57ee1c375e830b.jpg","width":750,"height":400,"caption":"Le P\u00f4le judiciaire de lutte contre le terrorisme prend en charge l'affaire Lounissi"},{"@type":"BreadcrumbList","@id":"https:\/\/www.webdo.tn\/fr\/actualite\/national\/le-pole-judiciaire-de-lutte-contre-le-terrorisme-prend-en-charge-l-affaire-lounissi\/208491\/#breadcrumb","itemListElement":[{"@type":"ListItem","position":1,"name":"Accueil","item":"https:\/\/www.webdo.tn\/fr\/"},{"@type":"ListItem","position":2,"name":"Le P\u00f4le judiciaire de lutte contre le terrorisme prend en charge l&#8217;affaire Lounissi"}]},{"@type":"WebSite","@id":"https:\/\/www.webdo.tn\/fr\/#website","url":"https:\/\/www.webdo.tn\/fr\/","name":"webdo","description":"Tunisie - News en Tunisie et \u00e0 l&#039;international sur Webdo.tn","publisher":{"@id":"https:\/\/www.webdo.tn\/fr\/#organization"},"potentialAction":[{"@type":"SearchAction","target":{"@type":"EntryPoint","urlTemplate":"https:\/\/www.webdo.tn\/fr\/?s={search_term_string}"},"query-input":{"@type":"PropertyValueSpecification","valueRequired":true,"valueName":"search_term_string"}}],"inLanguage":"fr-FR"},{"@type":"Organization","@id":"https:\/\/www.webdo.tn\/fr\/#organization","name":"Webdo","alternateName":"Webdo.tn","url":"https:\/\/www.webdo.tn\/fr\/","logo":{"@type":"ImageObject","inLanguage":"fr-FR","@id":"https:\/\/www.webdo.tn\/fr\/#\/schema\/logo\/image\/","url":"https:\/\/www.webdo.tn\/fr\/wp-content\/uploads\/2025\/06\/Webdo-Tunisie_168377.jpg","contentUrl":"https:\/\/www.webdo.tn\/fr\/wp-content\/uploads\/2025\/06\/Webdo-Tunisie_168377.jpg","width":301,"height":301,"caption":"Webdo"},"image":{"@id":"https:\/\/www.webdo.tn\/fr\/#\/schema\/logo\/image\/"},"sameAs":["https:\/\/www.facebook.com\/webdotn","https:\/\/x.com\/webdo_tn"],"description":"Webdo est un m\u00e9dia num\u00e9rique tunisien fond\u00e9 en 2010, sp\u00e9cialis\u00e9 dans l\u2019actualit\u00e9 nationale et internationale, l\u2019\u00e9conomie, la soci\u00e9t\u00e9 et les analyses politiques. Le site s\u2019adresse \u00e0 un large public francophone et couvre l\u2019information tunisienne en temps r\u00e9el.","email":"redac@webdo.tn","legalName":"YNJ SARL","foundingDate":"2010-09-06","numberOfEmployees":{"@type":"QuantitativeValue","minValue":"11","maxValue":"50"}},{"@type":"Person","@id":"https:\/\/www.webdo.tn\/fr\/#\/schema\/person\/1f4e491e0907b413d61089e8eb573acc","name":"Webdo","image":{"@type":"ImageObject","inLanguage":"fr-FR","@id":"https:\/\/secure.gravatar.com\/avatar\/de97aeec1bb80978a9dbb127e47dfc88aaacb2f3c29aac907d8d3222e3495d49?s=96&d=mm&r=g","url":"https:\/\/secure.gravatar.com\/avatar\/de97aeec1bb80978a9dbb127e47dfc88aaacb2f3c29aac907d8d3222e3495d49?s=96&d=mm&r=g","contentUrl":"https:\/\/secure.gravatar.com\/avatar\/de97aeec1bb80978a9dbb127e47dfc88aaacb2f3c29aac907d8d3222e3495d49?s=96&d=mm&r=g","caption":"Webdo"},"url":"https:\/\/www.webdo.tn\/fr\/actualite\/author\/webdo\/"}]}},"_links":{"self":[{"href":"https:\/\/www.webdo.tn\/fr\/wp-json\/wp\/v2\/posts\/208491","targetHints":{"allow":["GET"]}}],"collection":[{"href":"https:\/\/www.webdo.tn\/fr\/wp-json\/wp\/v2\/posts"}],"about":[{"href":"https:\/\/www.webdo.tn\/fr\/wp-json\/wp\/v2\/types\/post"}],"author":[{"embeddable":true,"href":"https:\/\/www.webdo.tn\/fr\/wp-json\/wp\/v2\/users\/3169"}],"replies":[{"embeddable":true,"href":"https:\/\/www.webdo.tn\/fr\/wp-json\/wp\/v2\/comments?post=208491"}],"version-history":[{"count":0,"href":"https:\/\/www.webdo.tn\/fr\/wp-json\/wp\/v2\/posts\/208491\/revisions"}],"wp:featuredmedia":[{"embeddable":true,"href":"https:\/\/www.webdo.tn\/fr\/wp-json\/wp\/v2\/media\/249373"}],"wp:attachment":[{"href":"https:\/\/www.webdo.tn\/fr\/wp-json\/wp\/v2\/media?parent=208491"}],"wp:term":[{"taxonomy":"category","embeddable":true,"href":"https:\/\/www.webdo.tn\/fr\/wp-json\/wp\/v2\/categories?post=208491"},{"taxonomy":"post_tag","embeddable":true,"href":"https:\/\/www.webdo.tn\/fr\/wp-json\/wp\/v2\/tags?post=208491"}],"curies":[{"name":"wp","href":"https:\/\/api.w.org\/{rel}","templated":true}]}}