{"id":208487,"date":"2023-09-07T18:23:00","date_gmt":"2023-09-07T18:23:00","guid":{"rendered":"https:\/\/www.webdo.tn\/fr\/blog\/tunisie-hausse-de-l-inflation-a-9-3\/208487\/"},"modified":"2023-09-07T18:23:00","modified_gmt":"2023-09-07T18:23:00","slug":"tunisie-hausse-de-l-inflation-a-9-3","status":"publish","type":"post","link":"https:\/\/www.webdo.tn\/fr\/actualite\/national\/tunisie-hausse-de-l-inflation-a-9-3\/208487\/","title":{"rendered":"Tunisie : Hausse de l&rsquo;inflation \u00e0 9,3%"},"content":{"rendered":"<p>Apr\u00e8s cinq mois cons\u00e9cutifs de baisse, l&rsquo;inflation est de nouveau en hausse,  au mois d\u2019ao\u00fbt 2023, avec 9,3%, selon les donn\u00e9es, publi\u00e9es par l&rsquo;Institut national de la statistique (INS).<\/p>\n<p>\t\t\t\t\t\t\t\t\tCette hausse s&rsquo;explique, principalement, par\u00a0l\u2019acc\u00e9l\u00e9ration du rythme d\u2019augmentation des prix entre ao\u00fbt et juillet, par rapport \u00e0 la m\u00eame p\u00e9riode de l\u2019ann\u00e9e 2022.\u00a0<\/p>\n<p>Les prix \u00e0 la consommation augmentent de 0,6% apr\u00e8s une hausse de 0,7% le mois pr\u00e9c\u00e9dent, en raison notamment de l\u2019augmentation des prix de l\u2019alimentaire de 2,3% et des prix du tabac de 3,2%. Dans le m\u00eame temps, les prix des produits d\u2019habillement se sont repli\u00e9s de 4,7% en raison des soldes d\u2019\u00e9t\u00e9.<\/p>\n<p>Les produits alimentaires ont vu leurs prix augmenter suite \u00e0 la hausse des prix des \u0153ufs de 11,8%, des l\u00e9gumes de 5,1%, des huiles alimentaires de 3,8% et des fruits frais de 3,6%.<\/p>\n","protected":false},"excerpt":{"rendered":"<p>Apr\u00e8s cinq mois cons\u00e9cutifs de baisse, l&rsquo;inflation est de nouveau en hausse,  au mois d\u2019ao\u00fbt 2023, avec 9,3%, selon les donn\u00e9es, publi\u00e9es par l&rsquo;Institut nationa&#8230;<\/p>\n","protected":false},"author":3169,"featured_media":249368,"comment_status":"open","ping_status":"closed","sticky":false,"template":"","format":"standard","meta":{"footnotes":""},"categories":[44],"tags":[3154,2610,3374,2609,2608],"class_list":["post-208487","post","type-post","status-publish","format-standard","has-post-thumbnail","hentry","category-national","tag-economie","tag-inflation","tag-ins","tag-prix","tag-tunisie"],"yoast_head":"<!-- This site is optimized with the Yoast SEO Premium plugin v27.5 (Yoast SEO v27.5) - https:\/\/yoast.com\/product\/yoast-seo-premium-wordpress\/ -->\n<title>Tunisie : Hausse de l&#039;inflation \u00e0 9,3%<\/title>\n<meta name=\"description\" content=\"Apr\u00e8s cinq mois cons\u00e9cutifs de baisse, l&#039;inflation est de nouveau en hausse, au mois d\u2019ao\u00fbt 2023, avec 9,3%, selon les donn\u00e9es, publi\u00e9es par l&#039;Institut nationa...\" \/>\n<link rel=\"canonical\" href=\"https:\/\/www.webdo.tn\/fr\/actualite\/national\/tunisie-hausse-de-l-inflation-a-9-3\/208487\/\" \/>\n<meta property=\"og:locale\" content=\"fr_FR\" \/>\n<meta property=\"og:type\" content=\"article\" \/>\n<meta property=\"og:title\" content=\"Tunisie : Hausse de l&#039;inflation \u00e0 9,3%\" \/>\n<meta property=\"og:description\" content=\"Apr\u00e8s cinq mois cons\u00e9cutifs de baisse, l&#039;inflation est de nouveau en hausse, au mois d\u2019ao\u00fbt 2023, avec 9,3%, selon les donn\u00e9es, publi\u00e9es par l&#039;Institut nationa...\" \/>\n<meta property=\"og:url\" content=\"https:\/\/www.webdo.tn\/fr\/actualite\/national\/tunisie-hausse-de-l-inflation-a-9-3\/208487\/\" \/>\n<meta property=\"og:site_name\" content=\"webdo\" \/>\n<meta property=\"article:publisher\" content=\"https:\/\/www.facebook.com\/webdotn\" \/>\n<meta property=\"article:published_time\" content=\"2023-09-07T18:23:00+00:00\" \/>\n<meta property=\"og:image\" content=\"https:\/\/www.webdo.tn\/fr\/wp-content\/uploads\/2023\/09\/2d1d203ee97505661938fab479255159.jpg\" \/>\n\t<meta property=\"og:image:width\" content=\"665\" \/>\n\t<meta property=\"og:image:height\" content=\"355\" \/>\n\t<meta property=\"og:image:type\" content=\"image\/jpeg\" \/>\n<meta name=\"author\" content=\"Webdo\" \/>\n<meta name=\"twitter:card\" content=\"summary_large_image\" \/>\n<meta name=\"twitter:creator\" content=\"@webdo_tn\" \/>\n<meta name=\"twitter:site\" content=\"@webdo_tn\" \/>\n<meta name=\"twitter:label1\" content=\"\u00c9crit par\" \/>\n\t<meta name=\"twitter:data1\" content=\"Webdo\" \/>\n\t<meta name=\"twitter:label2\" content=\"Dur\u00e9e de lecture estim\u00e9e\" \/>\n\t<meta name=\"twitter:data2\" content=\"1 minute\" \/>\n<script type=\"application\/ld+json\" class=\"yoast-schema-graph\">{\"@context\":\"https:\\\/\\\/schema.org\",\"@graph\":[{\"@type\":\"NewsArticle\",\"@id\":\"https:\\\/\\\/www.webdo.tn\\\/fr\\\/actualite\\\/national\\\/tunisie-hausse-de-l-inflation-a-9-3\\\/208487\\\/#article\",\"isPartOf\":{\"@id\":\"https:\\\/\\\/www.webdo.tn\\\/fr\\\/actualite\\\/national\\\/tunisie-hausse-de-l-inflation-a-9-3\\\/208487\\\/\"},\"author\":{\"name\":\"Webdo\",\"@id\":\"https:\\\/\\\/www.webdo.tn\\\/fr\\\/#\\\/schema\\\/person\\\/1f4e491e0907b413d61089e8eb573acc\"},\"headline\":\"Tunisie : Hausse de l&rsquo;inflation \u00e0 9,3%\",\"datePublished\":\"2023-09-07T18:23:00+00:00\",\"mainEntityOfPage\":{\"@id\":\"https:\\\/\\\/www.webdo.tn\\\/fr\\\/actualite\\\/national\\\/tunisie-hausse-de-l-inflation-a-9-3\\\/208487\\\/\"},\"wordCount\":157,\"commentCount\":0,\"publisher\":{\"@id\":\"https:\\\/\\\/www.webdo.tn\\\/fr\\\/#organization\"},\"image\":{\"@id\":\"https:\\\/\\\/www.webdo.tn\\\/fr\\\/actualite\\\/national\\\/tunisie-hausse-de-l-inflation-a-9-3\\\/208487\\\/#primaryimage\"},\"thumbnailUrl\":\"https:\\\/\\\/www.webdo.tn\\\/fr\\\/wp-content\\\/uploads\\\/2023\\\/09\\\/2d1d203ee97505661938fab479255159.jpg\",\"keywords\":[\"\u00e9conomie\",\"inflation\",\"INS\",\"prix\",\"Tunisie\"],\"articleSection\":[\"National\"],\"inLanguage\":\"fr-FR\"},{\"@type\":\"WebPage\",\"@id\":\"https:\\\/\\\/www.webdo.tn\\\/fr\\\/actualite\\\/national\\\/tunisie-hausse-de-l-inflation-a-9-3\\\/208487\\\/\",\"url\":\"https:\\\/\\\/www.webdo.tn\\\/fr\\\/actualite\\\/national\\\/tunisie-hausse-de-l-inflation-a-9-3\\\/208487\\\/\",\"name\":\"Tunisie : Hausse de l'inflation \u00e0 9,3%\",\"isPartOf\":{\"@id\":\"https:\\\/\\\/www.webdo.tn\\\/fr\\\/#website\"},\"primaryImageOfPage\":{\"@id\":\"https:\\\/\\\/www.webdo.tn\\\/fr\\\/actualite\\\/national\\\/tunisie-hausse-de-l-inflation-a-9-3\\\/208487\\\/#primaryimage\"},\"image\":{\"@id\":\"https:\\\/\\\/www.webdo.tn\\\/fr\\\/actualite\\\/national\\\/tunisie-hausse-de-l-inflation-a-9-3\\\/208487\\\/#primaryimage\"},\"thumbnailUrl\":\"https:\\\/\\\/www.webdo.tn\\\/fr\\\/wp-content\\\/uploads\\\/2023\\\/09\\\/2d1d203ee97505661938fab479255159.jpg\",\"datePublished\":\"2023-09-07T18:23:00+00:00\",\"description\":\"Apr\u00e8s cinq mois cons\u00e9cutifs de baisse, l'inflation est de nouveau en hausse, au mois d\u2019ao\u00fbt 2023, avec 9,3%, selon les donn\u00e9es, publi\u00e9es par l'Institut nationa...\",\"breadcrumb\":{\"@id\":\"https:\\\/\\\/www.webdo.tn\\\/fr\\\/actualite\\\/national\\\/tunisie-hausse-de-l-inflation-a-9-3\\\/208487\\\/#breadcrumb\"},\"inLanguage\":\"fr-FR\",\"potentialAction\":[{\"@type\":\"ReadAction\",\"target\":[\"https:\\\/\\\/www.webdo.tn\\\/fr\\\/actualite\\\/national\\\/tunisie-hausse-de-l-inflation-a-9-3\\\/208487\\\/\"]}]},{\"@type\":\"ImageObject\",\"inLanguage\":\"fr-FR\",\"@id\":\"https:\\\/\\\/www.webdo.tn\\\/fr\\\/actualite\\\/national\\\/tunisie-hausse-de-l-inflation-a-9-3\\\/208487\\\/#primaryimage\",\"url\":\"https:\\\/\\\/www.webdo.tn\\\/fr\\\/wp-content\\\/uploads\\\/2023\\\/09\\\/2d1d203ee97505661938fab479255159.jpg\",\"contentUrl\":\"https:\\\/\\\/www.webdo.tn\\\/fr\\\/wp-content\\\/uploads\\\/2023\\\/09\\\/2d1d203ee97505661938fab479255159.jpg\",\"width\":665,\"height\":355,\"caption\":\"Tunisie : Hausse de l'inflation \u00e0 9,3%\"},{\"@type\":\"BreadcrumbList\",\"@id\":\"https:\\\/\\\/www.webdo.tn\\\/fr\\\/actualite\\\/national\\\/tunisie-hausse-de-l-inflation-a-9-3\\\/208487\\\/#breadcrumb\",\"itemListElement\":[{\"@type\":\"ListItem\",\"position\":1,\"name\":\"Accueil\",\"item\":\"https:\\\/\\\/www.webdo.tn\\\/fr\\\/\"},{\"@type\":\"ListItem\",\"position\":2,\"name\":\"Tunisie : Hausse de l&#8217;inflation \u00e0 9,3%\"}]},{\"@type\":\"WebSite\",\"@id\":\"https:\\\/\\\/www.webdo.tn\\\/fr\\\/#website\",\"url\":\"https:\\\/\\\/www.webdo.tn\\\/fr\\\/\",\"name\":\"webdo\",\"description\":\"Tunisie - News en Tunisie et \u00e0 l&#039;international sur Webdo.tn\",\"publisher\":{\"@id\":\"https:\\\/\\\/www.webdo.tn\\\/fr\\\/#organization\"},\"potentialAction\":[{\"@type\":\"SearchAction\",\"target\":{\"@type\":\"EntryPoint\",\"urlTemplate\":\"https:\\\/\\\/www.webdo.tn\\\/fr\\\/?s={search_term_string}\"},\"query-input\":{\"@type\":\"PropertyValueSpecification\",\"valueRequired\":true,\"valueName\":\"search_term_string\"}}],\"inLanguage\":\"fr-FR\"},{\"@type\":\"Organization\",\"@id\":\"https:\\\/\\\/www.webdo.tn\\\/fr\\\/#organization\",\"name\":\"Webdo\",\"alternateName\":\"Webdo.tn\",\"url\":\"https:\\\/\\\/www.webdo.tn\\\/fr\\\/\",\"logo\":{\"@type\":\"ImageObject\",\"inLanguage\":\"fr-FR\",\"@id\":\"https:\\\/\\\/www.webdo.tn\\\/fr\\\/#\\\/schema\\\/logo\\\/image\\\/\",\"url\":\"https:\\\/\\\/www.webdo.tn\\\/fr\\\/wp-content\\\/uploads\\\/2025\\\/06\\\/Webdo-Tunisie_168377.jpg\",\"contentUrl\":\"https:\\\/\\\/www.webdo.tn\\\/fr\\\/wp-content\\\/uploads\\\/2025\\\/06\\\/Webdo-Tunisie_168377.jpg\",\"width\":301,\"height\":301,\"caption\":\"Webdo\"},\"image\":{\"@id\":\"https:\\\/\\\/www.webdo.tn\\\/fr\\\/#\\\/schema\\\/logo\\\/image\\\/\"},\"sameAs\":[\"https:\\\/\\\/www.facebook.com\\\/webdotn\",\"https:\\\/\\\/x.com\\\/webdo_tn\"],\"description\":\"Webdo est un m\u00e9dia num\u00e9rique tunisien fond\u00e9 en 2010, sp\u00e9cialis\u00e9 dans l\u2019actualit\u00e9 nationale et internationale, l\u2019\u00e9conomie, la soci\u00e9t\u00e9 et les analyses politiques. Le site s\u2019adresse \u00e0 un large public francophone et couvre l\u2019information tunisienne en temps r\u00e9el.\",\"email\":\"redac@webdo.tn\",\"legalName\":\"YNJ SARL\",\"foundingDate\":\"2010-09-06\",\"numberOfEmployees\":{\"@type\":\"QuantitativeValue\",\"minValue\":\"11\",\"maxValue\":\"50\"}},{\"@type\":\"Person\",\"@id\":\"https:\\\/\\\/www.webdo.tn\\\/fr\\\/#\\\/schema\\\/person\\\/1f4e491e0907b413d61089e8eb573acc\",\"name\":\"Webdo\",\"image\":{\"@type\":\"ImageObject\",\"inLanguage\":\"fr-FR\",\"@id\":\"https:\\\/\\\/secure.gravatar.com\\\/avatar\\\/de97aeec1bb80978a9dbb127e47dfc88aaacb2f3c29aac907d8d3222e3495d49?s=96&d=mm&r=g\",\"url\":\"https:\\\/\\\/secure.gravatar.com\\\/avatar\\\/de97aeec1bb80978a9dbb127e47dfc88aaacb2f3c29aac907d8d3222e3495d49?s=96&d=mm&r=g\",\"contentUrl\":\"https:\\\/\\\/secure.gravatar.com\\\/avatar\\\/de97aeec1bb80978a9dbb127e47dfc88aaacb2f3c29aac907d8d3222e3495d49?s=96&d=mm&r=g\",\"caption\":\"Webdo\"},\"url\":\"https:\\\/\\\/www.webdo.tn\\\/fr\\\/actualite\\\/author\\\/webdo\\\/\"}]}<\/script>\n<!-- \/ Yoast SEO Premium plugin. -->","yoast_head_json":{"title":"Tunisie : Hausse de l'inflation \u00e0 9,3%","description":"Apr\u00e8s cinq mois cons\u00e9cutifs de baisse, l'inflation est de nouveau en hausse, au mois d\u2019ao\u00fbt 2023, avec 9,3%, selon les donn\u00e9es, publi\u00e9es par l'Institut nationa...","canonical":"https:\/\/www.webdo.tn\/fr\/actualite\/national\/tunisie-hausse-de-l-inflation-a-9-3\/208487\/","og_locale":"fr_FR","og_type":"article","og_title":"Tunisie : Hausse de l'inflation \u00e0 9,3%","og_description":"Apr\u00e8s cinq mois cons\u00e9cutifs de baisse, l'inflation est de nouveau en hausse, au mois d\u2019ao\u00fbt 2023, avec 9,3%, selon les donn\u00e9es, publi\u00e9es par l'Institut nationa...","og_url":"https:\/\/www.webdo.tn\/fr\/actualite\/national\/tunisie-hausse-de-l-inflation-a-9-3\/208487\/","og_site_name":"webdo","article_publisher":"https:\/\/www.facebook.com\/webdotn","article_published_time":"2023-09-07T18:23:00+00:00","og_image":[{"width":665,"height":355,"url":"https:\/\/www.webdo.tn\/fr\/wp-content\/uploads\/2023\/09\/2d1d203ee97505661938fab479255159.jpg","type":"image\/jpeg"}],"author":"Webdo","twitter_card":"summary_large_image","twitter_creator":"@webdo_tn","twitter_site":"@webdo_tn","twitter_misc":{"\u00c9crit par":"Webdo","Dur\u00e9e de lecture estim\u00e9e":"1 minute"},"schema":{"@context":"https:\/\/schema.org","@graph":[{"@type":"NewsArticle","@id":"https:\/\/www.webdo.tn\/fr\/actualite\/national\/tunisie-hausse-de-l-inflation-a-9-3\/208487\/#article","isPartOf":{"@id":"https:\/\/www.webdo.tn\/fr\/actualite\/national\/tunisie-hausse-de-l-inflation-a-9-3\/208487\/"},"author":{"name":"Webdo","@id":"https:\/\/www.webdo.tn\/fr\/#\/schema\/person\/1f4e491e0907b413d61089e8eb573acc"},"headline":"Tunisie : Hausse de l&rsquo;inflation \u00e0 9,3%","datePublished":"2023-09-07T18:23:00+00:00","mainEntityOfPage":{"@id":"https:\/\/www.webdo.tn\/fr\/actualite\/national\/tunisie-hausse-de-l-inflation-a-9-3\/208487\/"},"wordCount":157,"commentCount":0,"publisher":{"@id":"https:\/\/www.webdo.tn\/fr\/#organization"},"image":{"@id":"https:\/\/www.webdo.tn\/fr\/actualite\/national\/tunisie-hausse-de-l-inflation-a-9-3\/208487\/#primaryimage"},"thumbnailUrl":"https:\/\/www.webdo.tn\/fr\/wp-content\/uploads\/2023\/09\/2d1d203ee97505661938fab479255159.jpg","keywords":["\u00e9conomie","inflation","INS","prix","Tunisie"],"articleSection":["National"],"inLanguage":"fr-FR"},{"@type":"WebPage","@id":"https:\/\/www.webdo.tn\/fr\/actualite\/national\/tunisie-hausse-de-l-inflation-a-9-3\/208487\/","url":"https:\/\/www.webdo.tn\/fr\/actualite\/national\/tunisie-hausse-de-l-inflation-a-9-3\/208487\/","name":"Tunisie : Hausse de l'inflation \u00e0 9,3%","isPartOf":{"@id":"https:\/\/www.webdo.tn\/fr\/#website"},"primaryImageOfPage":{"@id":"https:\/\/www.webdo.tn\/fr\/actualite\/national\/tunisie-hausse-de-l-inflation-a-9-3\/208487\/#primaryimage"},"image":{"@id":"https:\/\/www.webdo.tn\/fr\/actualite\/national\/tunisie-hausse-de-l-inflation-a-9-3\/208487\/#primaryimage"},"thumbnailUrl":"https:\/\/www.webdo.tn\/fr\/wp-content\/uploads\/2023\/09\/2d1d203ee97505661938fab479255159.jpg","datePublished":"2023-09-07T18:23:00+00:00","description":"Apr\u00e8s cinq mois cons\u00e9cutifs de baisse, l'inflation est de nouveau en hausse, au mois d\u2019ao\u00fbt 2023, avec 9,3%, selon les donn\u00e9es, publi\u00e9es par l'Institut nationa...","breadcrumb":{"@id":"https:\/\/www.webdo.tn\/fr\/actualite\/national\/tunisie-hausse-de-l-inflation-a-9-3\/208487\/#breadcrumb"},"inLanguage":"fr-FR","potentialAction":[{"@type":"ReadAction","target":["https:\/\/www.webdo.tn\/fr\/actualite\/national\/tunisie-hausse-de-l-inflation-a-9-3\/208487\/"]}]},{"@type":"ImageObject","inLanguage":"fr-FR","@id":"https:\/\/www.webdo.tn\/fr\/actualite\/national\/tunisie-hausse-de-l-inflation-a-9-3\/208487\/#primaryimage","url":"https:\/\/www.webdo.tn\/fr\/wp-content\/uploads\/2023\/09\/2d1d203ee97505661938fab479255159.jpg","contentUrl":"https:\/\/www.webdo.tn\/fr\/wp-content\/uploads\/2023\/09\/2d1d203ee97505661938fab479255159.jpg","width":665,"height":355,"caption":"Tunisie : Hausse de l'inflation \u00e0 9,3%"},{"@type":"BreadcrumbList","@id":"https:\/\/www.webdo.tn\/fr\/actualite\/national\/tunisie-hausse-de-l-inflation-a-9-3\/208487\/#breadcrumb","itemListElement":[{"@type":"ListItem","position":1,"name":"Accueil","item":"https:\/\/www.webdo.tn\/fr\/"},{"@type":"ListItem","position":2,"name":"Tunisie : Hausse de l&#8217;inflation \u00e0 9,3%"}]},{"@type":"WebSite","@id":"https:\/\/www.webdo.tn\/fr\/#website","url":"https:\/\/www.webdo.tn\/fr\/","name":"webdo","description":"Tunisie - News en Tunisie et \u00e0 l&#039;international sur Webdo.tn","publisher":{"@id":"https:\/\/www.webdo.tn\/fr\/#organization"},"potentialAction":[{"@type":"SearchAction","target":{"@type":"EntryPoint","urlTemplate":"https:\/\/www.webdo.tn\/fr\/?s={search_term_string}"},"query-input":{"@type":"PropertyValueSpecification","valueRequired":true,"valueName":"search_term_string"}}],"inLanguage":"fr-FR"},{"@type":"Organization","@id":"https:\/\/www.webdo.tn\/fr\/#organization","name":"Webdo","alternateName":"Webdo.tn","url":"https:\/\/www.webdo.tn\/fr\/","logo":{"@type":"ImageObject","inLanguage":"fr-FR","@id":"https:\/\/www.webdo.tn\/fr\/#\/schema\/logo\/image\/","url":"https:\/\/www.webdo.tn\/fr\/wp-content\/uploads\/2025\/06\/Webdo-Tunisie_168377.jpg","contentUrl":"https:\/\/www.webdo.tn\/fr\/wp-content\/uploads\/2025\/06\/Webdo-Tunisie_168377.jpg","width":301,"height":301,"caption":"Webdo"},"image":{"@id":"https:\/\/www.webdo.tn\/fr\/#\/schema\/logo\/image\/"},"sameAs":["https:\/\/www.facebook.com\/webdotn","https:\/\/x.com\/webdo_tn"],"description":"Webdo est un m\u00e9dia num\u00e9rique tunisien fond\u00e9 en 2010, sp\u00e9cialis\u00e9 dans l\u2019actualit\u00e9 nationale et internationale, l\u2019\u00e9conomie, la soci\u00e9t\u00e9 et les analyses politiques. Le site s\u2019adresse \u00e0 un large public francophone et couvre l\u2019information tunisienne en temps r\u00e9el.","email":"redac@webdo.tn","legalName":"YNJ SARL","foundingDate":"2010-09-06","numberOfEmployees":{"@type":"QuantitativeValue","minValue":"11","maxValue":"50"}},{"@type":"Person","@id":"https:\/\/www.webdo.tn\/fr\/#\/schema\/person\/1f4e491e0907b413d61089e8eb573acc","name":"Webdo","image":{"@type":"ImageObject","inLanguage":"fr-FR","@id":"https:\/\/secure.gravatar.com\/avatar\/de97aeec1bb80978a9dbb127e47dfc88aaacb2f3c29aac907d8d3222e3495d49?s=96&d=mm&r=g","url":"https:\/\/secure.gravatar.com\/avatar\/de97aeec1bb80978a9dbb127e47dfc88aaacb2f3c29aac907d8d3222e3495d49?s=96&d=mm&r=g","contentUrl":"https:\/\/secure.gravatar.com\/avatar\/de97aeec1bb80978a9dbb127e47dfc88aaacb2f3c29aac907d8d3222e3495d49?s=96&d=mm&r=g","caption":"Webdo"},"url":"https:\/\/www.webdo.tn\/fr\/actualite\/author\/webdo\/"}]}},"_links":{"self":[{"href":"https:\/\/www.webdo.tn\/fr\/wp-json\/wp\/v2\/posts\/208487","targetHints":{"allow":["GET"]}}],"collection":[{"href":"https:\/\/www.webdo.tn\/fr\/wp-json\/wp\/v2\/posts"}],"about":[{"href":"https:\/\/www.webdo.tn\/fr\/wp-json\/wp\/v2\/types\/post"}],"author":[{"embeddable":true,"href":"https:\/\/www.webdo.tn\/fr\/wp-json\/wp\/v2\/users\/3169"}],"replies":[{"embeddable":true,"href":"https:\/\/www.webdo.tn\/fr\/wp-json\/wp\/v2\/comments?post=208487"}],"version-history":[{"count":0,"href":"https:\/\/www.webdo.tn\/fr\/wp-json\/wp\/v2\/posts\/208487\/revisions"}],"wp:featuredmedia":[{"embeddable":true,"href":"https:\/\/www.webdo.tn\/fr\/wp-json\/wp\/v2\/media\/249368"}],"wp:attachment":[{"href":"https:\/\/www.webdo.tn\/fr\/wp-json\/wp\/v2\/media?parent=208487"}],"wp:term":[{"taxonomy":"category","embeddable":true,"href":"https:\/\/www.webdo.tn\/fr\/wp-json\/wp\/v2\/categories?post=208487"},{"taxonomy":"post_tag","embeddable":true,"href":"https:\/\/www.webdo.tn\/fr\/wp-json\/wp\/v2\/tags?post=208487"}],"curies":[{"name":"wp","href":"https:\/\/api.w.org\/{rel}","templated":true}]}}