{"id":208479,"date":"2023-09-07T11:37:00","date_gmt":"2023-09-07T11:37:00","guid":{"rendered":"https:\/\/www.webdo.tn\/fr\/blog\/le-marche-cinegouna-nouveau-pilier-du-festival-du-film-d-el-gouna\/208479\/"},"modified":"2025-05-21T08:57:10","modified_gmt":"2025-05-21T08:57:10","slug":"le-marche-cinegouna-nouveau-pilier-du-festival-du-film-d-el-gouna","status":"publish","type":"post","link":"https:\/\/www.webdo.tn\/fr\/actualite\/culture\/le-marche-cinegouna-nouveau-pilier-du-festival-du-film-d-el-gouna\/208479\/","title":{"rendered":"Le March\u00e9 Cin\u00e9Gouna : Nouveau Pilier du Festival du Film d&rsquo;El Gouna"},"content":{"rendered":"<div class=\"single-body entry-content typography-copy\" itemprop=\"articleBody\">\n<p style=\"font-weight: bold; text-align: justify\">\n\t\t\t\t\t\t\t\t\tPour sa 6\u00e8me \u00e9dition, encore une fois le Festival du Film d&rsquo;El Gouna (GFF) met en lumi\u00e8re l&rsquo;industrie cin\u00e9matographique. Pour diriger cette nouvelle \u00e9tape passionnante, la Plateforme CineGouna (CGP), qui fait partie int\u00e9grante du GFF depuis longtemps, pr\u00e9sente sa toute derni\u00e8re initiative : le March\u00e9 CineGouna.\n\t\t\t\t\t\t\t\t<\/p>\n<div class=\"coprs\" style=\"text-align: center\"><\/div>\n<div class=\"coprs\" style=\"text-align: justify\">\n<p><span><span>Le GFF est fier d&rsquo;annoncer le lancement du March\u00e9 CineGouna cette ann\u00e9e et r\u00e9affirme son engagement envers l&rsquo;industrie cin\u00e9matographique en centralisant toutes ses activit\u00e9s ax\u00e9es sur l&rsquo;industrie au c\u0153ur du festival &#8211; le Plaza Festival. Ce hub anim\u00e9, autrefois r\u00e9serv\u00e9 aux projections de gala et aux tapis rouges, prend d\u00e9sormais un nouveau r\u00f4le. Sous les arches majestueuses de la Plaza, le nouvel espace abritera le CineGouna Springboard, les activit\u00e9s du CineGouna Bridge, et comprendra une grande salle o\u00f9 auront lieu des master classes et deux salles plus petites pour des d\u00e9bats quotidiens. Agr\u00e9ment\u00e9e d&rsquo;arbres et d&rsquo;un caf\u00e9, le Plaza Festival est destin\u00e9 \u00e0 devenir la destination incontournable des participants au festival et un terreau propice \u00e0 la nouvelle g\u00e9n\u00e9ration de cin\u00e9astes de la r\u00e9gion MENA.<\/span><\/span><\/p>\n<p><span><span>Le March\u00e9 CineGouna introduit un nouvel espace de travail pour les voix \u00e9tablies et \u00e9mergentes de l&rsquo;industrie cin\u00e9matographique arabe, notamment les producteurs, les distributeurs, les agents de vente et les plateformes VOD&#8230; Les stands du march\u00e9 serviront de plateforme pour pr\u00e9senter les gammes de films, les projets, les infrastructures, les services, les nouvelles technologies et les initiatives de ces organisations et institutions.<\/span><\/span><\/p>\n<p><span><span>L&rsquo;objectif principal d&rsquo;un march\u00e9 du film est de mettre en relation les professionnels du cin\u00e9ma entre eux et de commercialiser des films. Le March\u00e9 CineGouna cr\u00e9era un environnement propice au r\u00e9seautage et \u00e0 la cr\u00e9ation de relations entre cin\u00e9astes, distributeurs, agents de vente, investisseurs et autres acteurs cl\u00e9s, tant dans la r\u00e9gion qu&rsquo;\u00e0 l&rsquo;\u00e9chelle internationale.<\/span><\/span><\/p>\n<p><span><span>Un point fort du march\u00e9 sera le CineGouna Short Film Lounge, o\u00f9 une s\u00e9lection de courts m\u00e9trages sera disponible \u00e0 la visualisation \u00e0 des horaires d\u00e9di\u00e9s pendant la journ\u00e9e. Cette mise en avant de l&rsquo;accessibilit\u00e9 et de la programmation innovante s&rsquo;inscrit dans l&rsquo;un des objectifs principaux du GFF : soutenir les cin\u00e9astes \u00e9mergents.<\/span><\/span><\/p>\n<p><span><span>L&rsquo;industrie cin\u00e9matographique arabe a connu une croissance et une transformation significatives ces derni\u00e8res ann\u00e9es, avec une augmentation tant en quantit\u00e9 qu&rsquo;en qualit\u00e9 des films arabes. Les cin\u00e9astes de la r\u00e9gion sont de plus en plus reconnus sur la sc\u00e8ne internationale. De plus, plusieurs films du monde arabe ont connu un succ\u00e8s commercial, touchant un public plus large \u00e0 la fois sur le plan national et international.<\/span><\/span><\/p>\n<p><span><span>R\u00e9fl\u00e9chissant \u00e0 ces d\u00e9veloppements remarquables, le directeur ex\u00e9cutif du GFF, Amr Mansi, a exprim\u00e9 son enthousiasme pour cette initiative, d\u00e9clarant : \u00ab\u00a0<em>Alors que nous assistons \u00e0 la croissance impressionnante de l&rsquo;industrie cin\u00e9matographique arabe et \u00e0 sa reconnaissance internationale, nous nous engageons \u00e0 cr\u00e9er encore plus d&rsquo;opportunit\u00e9s pour les professionnels de l&rsquo;industrie. Nous avons pour objectif de porter la Plateforme CineGouna \u00e0 de nouveaux sommets. Il \u00e9tait temps de r\u00e9inventer le hub du festival comme un lieu de convergence de toutes les facettes de l&rsquo;industrie. Dans ce contexte, nous avons sem\u00e9 les graines d&rsquo;un march\u00e9 pour compl\u00e9ter les nombreuses offres de la<\/em> <em>CGP. De m\u00eame, notre programme Bridge repens\u00e9 sera plus fort et plus impactant que jamais. Je pense qu&rsquo;il est important d&rsquo;investir dans l&rsquo;infrastructure et les initiatives telles que le March\u00e9 CineGouna qui contribueront \u00e0 stimuler cette croissance&#8230;<\/em>\u00ab\u00a0<\/span><\/span><\/p>\n<p><span><span>Au cours des cinq derni\u00e8res \u00e9ditions, le GFF a soutenu de mani\u00e8re constante les projets et les cin\u00e9astes gr\u00e2ce \u00e0 ses initiatives. Le CineGouna Bridge a toujours propos\u00e9 des ateliers, des panels et des cours magistraux s\u00e9lectionn\u00e9s, tandis que le CineGouna Springboard a offert de nombreuses opportunit\u00e9s aux cin\u00e9astes et \u00e0 leurs travaux en cours d&rsquo;apprentissage aupr\u00e8s de mentors de l&rsquo;industrie et de comp\u00e9titions pour des prix de la part d&rsquo;influents acteurs de l&rsquo;industrie.<\/span><\/span><\/p>\n<p><span><span>Le directeur du festival, Intishal Al-Timimi, a soulign\u00e9 la mission vitale du March\u00e9 CineGouna, d\u00e9clarant : \u00ab\u00a0<em>Le March\u00e9 CineGouna n&rsquo;est pas seulement un march\u00e9 ; c&rsquo;est une plateforme dynamique con\u00e7ue pour favoriser des connexions organiques entre les diff\u00e9rents acteurs qui fa\u00e7onnent le cin\u00e9ma arabe. Notre objectif est de cr\u00e9er un environnement immersif o\u00f9 les professionnels de l&rsquo;industrie et les cin\u00e9astes peuvent naturellement s&rsquo;engager, \u00e9changer des id\u00e9es et collaborer. Nous croyons que cette synergie est essentielle pour la croissance continue et l&rsquo;innovation de notre industrie<\/em>.\u00a0\u00bb<\/span><\/span><\/p>\n<p><span><span>De plus, cette ann\u00e9e, le GFF est fier de pr\u00e9senter CineGouna Emerge, un programme d\u00e9di\u00e9 aux \u00e9tudiants et aux cin\u00e9astes d\u00e9butants, les invitant \u00e0 participer \u00e0 toutes les activit\u00e9s du festival et \u00e0 en b\u00e9n\u00e9ficier. Le GFF vise \u00e0 fournir \u00e0 ces talents aspirants des ressources, un mentorat, une visibilit\u00e9 et un soutien pour le d\u00e9veloppement de leur travail.<\/span><\/span><\/p>\n<p><span><span>La directrice artistique, Marianne Khoury, a soulign\u00e9 l&rsquo;importance de soutenir les jeunes talents, affirmant : \u00ab\u00a0<em>Dans notre r\u00e9gion, nous disposons d&rsquo;une richesse de talent cr\u00e9atif mais de ressources limit\u00e9es pour le cultiver. C&rsquo;est pourquoi il est vital pour le GFF de donner de la visibilit\u00e9 \u00e0 ces cin\u00e9astes \u00e9mergents. Ils b\u00e9n\u00e9ficieront de nos programmes s\u00e9lectionn\u00e9s et de l&rsquo;expertise des professionnels de l&rsquo;industrie pr\u00e9sents au festival, afin de s&rsquo;inscrire dans l&rsquo;industrie d\u00e8s le d\u00e9but<\/em>.\u00a0\u00bb<\/span><\/span><\/p>\n<p><span><span>Cela s&rsquo;inscrit parfaitement dans l&rsquo;objectif du March\u00e9 CineGouna de cr\u00e9er des synergies entre les diff\u00e9rentes entit\u00e9s essentielles pour l&rsquo;industrie cin\u00e9matographique de la r\u00e9gion. Les cr\u00e9ateurs de films \u00e9mergents, mais aussi \u00e9tablis, pourront examiner de pr\u00e8s les partenaires capables de les soutenir dans la pr\u00e9sentation de films ou la r\u00e9alisation de leurs travaux en cours. Les journalistes et les critiques sont invit\u00e9s \u00e0 examiner les gammes des soci\u00e9t\u00e9s de production et de distribution les plus influentes. M\u00eame le visiteur cin\u00e9phile peut d\u00e9ambuler dans le march\u00e9 et tomber sur des projets fascinants et innovants, regarder des films dans le CineGouna Short Film Lounge ou avoir un avant-go\u00fbt des nouvelles innovations technologiques.<\/span><\/span><\/p>\n<p><span><span>Enfin, chaque jour sur la place du Plaza, le festival organisera un Happya Hour au March\u00e9 CineGouna de 17h \u00e0 18h. Cet \u00e9v\u00e9nement de r\u00e9seautage permettra aux professionnels du cin\u00e9ma d&rsquo;interagir les uns avec les autres dans un cadre plus d\u00e9tendu et social.<\/span><\/span><\/p>\n<p><span><span>Le March\u00e9 CineGouna promet d&rsquo;\u00eatre l&rsquo;endroit o\u00f9 il faut \u00eatre lors du GFF 2023.<\/span><\/span><\/p>\n<p>\u00a0<\/p>\n<p><span><span><strong>\u00c0 propos du Festival du Film d&rsquo;El Gouna<\/strong><\/span><\/span><\/p>\n<p><span><span>L&rsquo;un des festivals phares de la r\u00e9gion MENA, le GFF vise \u00e0 pr\u00e9senter une grande vari\u00e9t\u00e9 de films \u00e0 un public passionn\u00e9 et averti, tout en favorisant une meilleure communication entre les cultures gr\u00e2ce \u00e0 l&rsquo;art du cin\u00e9ma. Son objectif est de mettre en relation les cin\u00e9astes de la r\u00e9gion avec leurs homologues internationaux dans un esprit de coop\u00e9ration et d&rsquo;\u00e9change culturel. Le Festival du Film d&rsquo;El Gouna s&rsquo;est fait une r\u00e9putation en pr\u00e9sentant une programmation diversifi\u00e9e de films du monde entier, avec un fort accent sur le cin\u00e9ma arabe. Le festival vise \u00e0 promouvoir et \u00e0 soutenir la croissance de l&rsquo;industrie dans la r\u00e9gion et \u00e0 offrir une plateforme aux cin\u00e9astes pour pr\u00e9senter leur travail. Le festival s&rsquo;engage \u00e9galement \u00e0 d\u00e9couvrir de nouvelles voix et s&rsquo;efforce d&rsquo;\u00eatre un catalyseur pour le d\u00e9veloppement du cin\u00e9ma dans le monde arabe, notamment gr\u00e2ce \u00e0 la Plateforme CineGouna, un \u00e9v\u00e9nement ax\u00e9 sur l&rsquo;industrie cr\u00e9\u00e9 pour autonomiser les cin\u00e9astes \u00e9gyptiens et arabes et les aider \u00e0 trouver un soutien artistique et financier. La Plateforme CineGouna pr\u00e9sente les programmes CineGouna SpringBoard et CineGouna Bridge, qui offrent des opportunit\u00e9s de partage et d&rsquo;apprentissage.<\/span><\/span><\/p>\n<p><span><strong>Communiqu\u00e9<\/strong><\/span><\/p>\n<\/p><\/div>\n<div class=\"coprs\" style=\"text-align: center\"><\/div><\/div>\n","protected":false},"excerpt":{"rendered":"<p>Pour sa 6\u00e8me \u00e9dition, encore une fois le Festival du Film d&rsquo;El Gouna (GFF) met en lumi\u00e8re l&rsquo;industrie cin\u00e9matographique. Pour diriger cette nouvelle \u00e9tape passi&#8230;<\/p>\n","protected":false},"author":3164,"featured_media":278741,"comment_status":"open","ping_status":"closed","sticky":false,"template":"","format":"standard","meta":{"footnotes":""},"categories":[2594],"tags":[7281,3258,3259,7280,9726],"class_list":["post-208479","post","type-post","status-publish","format-standard","has-post-thumbnail","hentry","category-culture","tag-el-gouna-2023","tag-festival-du-film-del-gouna","tag-gff","tag-gff-2023","tag-gff-6"],"yoast_head":"<!-- This site is optimized with the Yoast SEO Premium plugin v27.5 (Yoast SEO v27.5) - https:\/\/yoast.com\/product\/yoast-seo-premium-wordpress\/ -->\n<title>Le March\u00e9 Cin\u00e9Gouna : Nouveau Pilier du Festival du Film d&#039;El Gouna<\/title>\n<meta name=\"description\" content=\"Pour sa 6\u00e8me \u00e9dition, encore une fois le Festival du Film d&#039;El Gouna (GFF) met en lumi\u00e8re l&#039;industrie cin\u00e9matographique. Pour diriger cette nouvelle \u00e9tape passi...\" \/>\n<link rel=\"canonical\" href=\"https:\/\/www.webdo.tn\/fr\/actualite\/culture\/le-marche-cinegouna-nouveau-pilier-du-festival-du-film-d-el-gouna\/208479\/\" \/>\n<meta property=\"og:locale\" content=\"fr_FR\" \/>\n<meta property=\"og:type\" content=\"article\" \/>\n<meta property=\"og:title\" content=\"Le March\u00e9 Cin\u00e9Gouna : Nouveau Pilier du Festival du Film d&#039;El Gouna\" \/>\n<meta property=\"og:description\" content=\"Pour sa 6\u00e8me \u00e9dition, encore une fois le Festival du Film d&#039;El Gouna (GFF) met en lumi\u00e8re l&#039;industrie cin\u00e9matographique. Pour diriger cette nouvelle \u00e9tape passi...\" \/>\n<meta property=\"og:url\" content=\"https:\/\/www.webdo.tn\/fr\/actualite\/culture\/le-marche-cinegouna-nouveau-pilier-du-festival-du-film-d-el-gouna\/208479\/\" \/>\n<meta property=\"og:site_name\" content=\"webdo\" \/>\n<meta property=\"article:publisher\" content=\"https:\/\/www.facebook.com\/webdotn\" \/>\n<meta property=\"article:author\" content=\"https:\/\/www.facebook.com\/massir.destiniii\/\" \/>\n<meta property=\"article:published_time\" content=\"2023-09-07T11:37:00+00:00\" \/>\n<meta property=\"article:modified_time\" content=\"2025-05-21T08:57:10+00:00\" \/>\n<meta property=\"og:image\" content=\"https:\/\/www.webdo.tn\/fr\/wp-content\/uploads\/2023\/09\/2176cb7a836c0ab0c4fb1c67290ae022.jpeg\" \/>\n\t<meta property=\"og:image:width\" content=\"750\" \/>\n\t<meta property=\"og:image:height\" content=\"400\" \/>\n\t<meta property=\"og:image:type\" content=\"image\/jpeg\" \/>\n<meta name=\"author\" content=\"Ne\u00efla DRISS\" \/>\n<meta name=\"twitter:card\" content=\"summary_large_image\" \/>\n<meta name=\"twitter:creator\" content=\"@https:\/\/x.com\/MassirDestin\" \/>\n<meta name=\"twitter:site\" content=\"@webdo_tn\" \/>\n<meta name=\"twitter:label1\" content=\"\u00c9crit par\" \/>\n\t<meta name=\"twitter:data1\" content=\"Ne\u00efla DRISS\" \/>\n\t<meta name=\"twitter:label2\" content=\"Dur\u00e9e de lecture estim\u00e9e\" \/>\n\t<meta name=\"twitter:data2\" content=\"6 minutes\" \/>\n<script type=\"application\/ld+json\" class=\"yoast-schema-graph\">{\"@context\":\"https:\\\/\\\/schema.org\",\"@graph\":[{\"@type\":\"NewsArticle\",\"@id\":\"https:\\\/\\\/www.webdo.tn\\\/fr\\\/actualite\\\/culture\\\/le-marche-cinegouna-nouveau-pilier-du-festival-du-film-d-el-gouna\\\/208479\\\/#article\",\"isPartOf\":{\"@id\":\"https:\\\/\\\/www.webdo.tn\\\/fr\\\/actualite\\\/culture\\\/le-marche-cinegouna-nouveau-pilier-du-festival-du-film-d-el-gouna\\\/208479\\\/\"},\"author\":{\"name\":\"Ne\u00efla DRISS\",\"@id\":\"https:\\\/\\\/www.webdo.tn\\\/fr\\\/#\\\/schema\\\/person\\\/60d5ba619ed3f58783b0dc82b7dada80\"},\"headline\":\"Le March\u00e9 Cin\u00e9Gouna : Nouveau Pilier du Festival du Film d&rsquo;El Gouna\",\"datePublished\":\"2023-09-07T11:37:00+00:00\",\"dateModified\":\"2025-05-21T08:57:10+00:00\",\"mainEntityOfPage\":{\"@id\":\"https:\\\/\\\/www.webdo.tn\\\/fr\\\/actualite\\\/culture\\\/le-marche-cinegouna-nouveau-pilier-du-festival-du-film-d-el-gouna\\\/208479\\\/\"},\"wordCount\":1365,\"commentCount\":0,\"publisher\":{\"@id\":\"https:\\\/\\\/www.webdo.tn\\\/fr\\\/#organization\"},\"image\":{\"@id\":\"https:\\\/\\\/www.webdo.tn\\\/fr\\\/actualite\\\/culture\\\/le-marche-cinegouna-nouveau-pilier-du-festival-du-film-d-el-gouna\\\/208479\\\/#primaryimage\"},\"thumbnailUrl\":\"https:\\\/\\\/www.webdo.tn\\\/fr\\\/wp-content\\\/uploads\\\/2023\\\/09\\\/2176cb7a836c0ab0c4fb1c67290ae022.jpeg\",\"keywords\":[\"El Gouna 2023\",\"Festival du Film d'El Gouna\",\"GFF\",\"GFF 2023\",\"GFF 6\"],\"articleSection\":[\"Culture\"],\"inLanguage\":\"fr-FR\"},{\"@type\":\"WebPage\",\"@id\":\"https:\\\/\\\/www.webdo.tn\\\/fr\\\/actualite\\\/culture\\\/le-marche-cinegouna-nouveau-pilier-du-festival-du-film-d-el-gouna\\\/208479\\\/\",\"url\":\"https:\\\/\\\/www.webdo.tn\\\/fr\\\/actualite\\\/culture\\\/le-marche-cinegouna-nouveau-pilier-du-festival-du-film-d-el-gouna\\\/208479\\\/\",\"name\":\"Le March\u00e9 Cin\u00e9Gouna : Nouveau Pilier du Festival du Film d'El Gouna\",\"isPartOf\":{\"@id\":\"https:\\\/\\\/www.webdo.tn\\\/fr\\\/#website\"},\"primaryImageOfPage\":{\"@id\":\"https:\\\/\\\/www.webdo.tn\\\/fr\\\/actualite\\\/culture\\\/le-marche-cinegouna-nouveau-pilier-du-festival-du-film-d-el-gouna\\\/208479\\\/#primaryimage\"},\"image\":{\"@id\":\"https:\\\/\\\/www.webdo.tn\\\/fr\\\/actualite\\\/culture\\\/le-marche-cinegouna-nouveau-pilier-du-festival-du-film-d-el-gouna\\\/208479\\\/#primaryimage\"},\"thumbnailUrl\":\"https:\\\/\\\/www.webdo.tn\\\/fr\\\/wp-content\\\/uploads\\\/2023\\\/09\\\/2176cb7a836c0ab0c4fb1c67290ae022.jpeg\",\"datePublished\":\"2023-09-07T11:37:00+00:00\",\"dateModified\":\"2025-05-21T08:57:10+00:00\",\"description\":\"Pour sa 6\u00e8me \u00e9dition, encore une fois le Festival du Film d'El Gouna (GFF) met en lumi\u00e8re l'industrie cin\u00e9matographique. Pour diriger cette nouvelle \u00e9tape passi...\",\"breadcrumb\":{\"@id\":\"https:\\\/\\\/www.webdo.tn\\\/fr\\\/actualite\\\/culture\\\/le-marche-cinegouna-nouveau-pilier-du-festival-du-film-d-el-gouna\\\/208479\\\/#breadcrumb\"},\"inLanguage\":\"fr-FR\",\"potentialAction\":[{\"@type\":\"ReadAction\",\"target\":[\"https:\\\/\\\/www.webdo.tn\\\/fr\\\/actualite\\\/culture\\\/le-marche-cinegouna-nouveau-pilier-du-festival-du-film-d-el-gouna\\\/208479\\\/\"]}]},{\"@type\":\"ImageObject\",\"inLanguage\":\"fr-FR\",\"@id\":\"https:\\\/\\\/www.webdo.tn\\\/fr\\\/actualite\\\/culture\\\/le-marche-cinegouna-nouveau-pilier-du-festival-du-film-d-el-gouna\\\/208479\\\/#primaryimage\",\"url\":\"https:\\\/\\\/www.webdo.tn\\\/fr\\\/wp-content\\\/uploads\\\/2023\\\/09\\\/2176cb7a836c0ab0c4fb1c67290ae022.jpeg\",\"contentUrl\":\"https:\\\/\\\/www.webdo.tn\\\/fr\\\/wp-content\\\/uploads\\\/2023\\\/09\\\/2176cb7a836c0ab0c4fb1c67290ae022.jpeg\",\"width\":750,\"height\":400,\"caption\":\"Le March\u00e9 Cin\u00e9Gouna : Nouveau Pilier du Festival du Film d'El Gouna\"},{\"@type\":\"BreadcrumbList\",\"@id\":\"https:\\\/\\\/www.webdo.tn\\\/fr\\\/actualite\\\/culture\\\/le-marche-cinegouna-nouveau-pilier-du-festival-du-film-d-el-gouna\\\/208479\\\/#breadcrumb\",\"itemListElement\":[{\"@type\":\"ListItem\",\"position\":1,\"name\":\"Accueil\",\"item\":\"https:\\\/\\\/www.webdo.tn\\\/fr\\\/\"},{\"@type\":\"ListItem\",\"position\":2,\"name\":\"Le March\u00e9 Cin\u00e9Gouna : Nouveau Pilier du Festival du Film d&rsquo;El Gouna\"}]},{\"@type\":\"WebSite\",\"@id\":\"https:\\\/\\\/www.webdo.tn\\\/fr\\\/#website\",\"url\":\"https:\\\/\\\/www.webdo.tn\\\/fr\\\/\",\"name\":\"webdo\",\"description\":\"Tunisie - News en Tunisie et \u00e0 l&#039;international sur Webdo.tn\",\"publisher\":{\"@id\":\"https:\\\/\\\/www.webdo.tn\\\/fr\\\/#organization\"},\"potentialAction\":[{\"@type\":\"SearchAction\",\"target\":{\"@type\":\"EntryPoint\",\"urlTemplate\":\"https:\\\/\\\/www.webdo.tn\\\/fr\\\/?s={search_term_string}\"},\"query-input\":{\"@type\":\"PropertyValueSpecification\",\"valueRequired\":true,\"valueName\":\"search_term_string\"}}],\"inLanguage\":\"fr-FR\"},{\"@type\":\"Organization\",\"@id\":\"https:\\\/\\\/www.webdo.tn\\\/fr\\\/#organization\",\"name\":\"Webdo\",\"alternateName\":\"Webdo.tn\",\"url\":\"https:\\\/\\\/www.webdo.tn\\\/fr\\\/\",\"logo\":{\"@type\":\"ImageObject\",\"inLanguage\":\"fr-FR\",\"@id\":\"https:\\\/\\\/www.webdo.tn\\\/fr\\\/#\\\/schema\\\/logo\\\/image\\\/\",\"url\":\"https:\\\/\\\/www.webdo.tn\\\/fr\\\/wp-content\\\/uploads\\\/2025\\\/06\\\/Webdo-Tunisie_168377.jpg\",\"contentUrl\":\"https:\\\/\\\/www.webdo.tn\\\/fr\\\/wp-content\\\/uploads\\\/2025\\\/06\\\/Webdo-Tunisie_168377.jpg\",\"width\":301,\"height\":301,\"caption\":\"Webdo\"},\"image\":{\"@id\":\"https:\\\/\\\/www.webdo.tn\\\/fr\\\/#\\\/schema\\\/logo\\\/image\\\/\"},\"sameAs\":[\"https:\\\/\\\/www.facebook.com\\\/webdotn\",\"https:\\\/\\\/x.com\\\/webdo_tn\"],\"description\":\"Webdo est un m\u00e9dia num\u00e9rique tunisien fond\u00e9 en 2010, sp\u00e9cialis\u00e9 dans l\u2019actualit\u00e9 nationale et internationale, l\u2019\u00e9conomie, la soci\u00e9t\u00e9 et les analyses politiques. Le site s\u2019adresse \u00e0 un large public francophone et couvre l\u2019information tunisienne en temps r\u00e9el.\",\"email\":\"redac@webdo.tn\",\"legalName\":\"YNJ SARL\",\"foundingDate\":\"2010-09-06\",\"numberOfEmployees\":{\"@type\":\"QuantitativeValue\",\"minValue\":\"11\",\"maxValue\":\"50\"}},{\"@type\":\"Person\",\"@id\":\"https:\\\/\\\/www.webdo.tn\\\/fr\\\/#\\\/schema\\\/person\\\/60d5ba619ed3f58783b0dc82b7dada80\",\"name\":\"Ne\u00efla DRISS\",\"image\":{\"@type\":\"ImageObject\",\"inLanguage\":\"fr-FR\",\"@id\":\"https:\\\/\\\/www.webdo.tn\\\/fr\\\/wp-content\\\/uploads\\\/2026\\\/04\\\/neila-driss_avatar-96x96.jpg\",\"url\":\"https:\\\/\\\/www.webdo.tn\\\/fr\\\/wp-content\\\/uploads\\\/2026\\\/04\\\/neila-driss_avatar-96x96.jpg\",\"contentUrl\":\"https:\\\/\\\/www.webdo.tn\\\/fr\\\/wp-content\\\/uploads\\\/2026\\\/04\\\/neila-driss_avatar-96x96.jpg\",\"caption\":\"Ne\u00efla DRISS\"},\"description\":\"Ne\u00efla Driss est juriste, journaliste culturelle et critique de cin\u00e9ma tunisienne. Titulaire d\u2019un DEA en droit priv\u00e9 de l\u2019Universit\u00e9 Paris II et d\u2019un DESS de l\u2019IHEC Carthage, elle d\u00e9bute sa carri\u00e8re comme juriste sp\u00e9cialis\u00e9e en gestion de patrimoine immobilier. Elle s\u2019oriente ensuite vers l\u2019\u00e9criture en ligne, o\u00f9 elle se distingue d\u00e8s 2006 aux Tunisia Blog Awards, avant de se consacrer au journalisme culturel, avec une sp\u00e9cialisation dans la critique cin\u00e9matographique. Elle couvre r\u00e9guli\u00e8rement les grands festivals internationaux, notamment le Festival de Cannes, les Journ\u00e9es Cin\u00e9matographiques de Carthage et le Festival du film du Caire. Membre de l\u2019ATPCC et de la FIPRESCI, elle participe \u00e0 des jurys et initiatives internationales de critique. Depuis 2024, elle est \u00e9lectrice internationale aux Golden Globes. Facebook : https:\\\/\\\/www.facebook.com\\\/massir.destiniii\\\/ X : https:\\\/\\\/x.com\\\/MassirDestin\",\"sameAs\":[\"https:\\\/\\\/www.facebook.com\\\/massir.destiniii\\\/\",\"https:\\\/\\\/www.instagram.com\\\/neila.driss\\\/?hl=fr\",\"https:\\\/\\\/www.linkedin.com\\\/in\\\/neila-driss-22606a80\\\/\",\"https:\\\/\\\/x.com\\\/https:\\\/\\\/x.com\\\/MassirDestin\"],\"knowsAbout\":[\"Cin\u00e9ma international\",\"critique cin\u00e9matographique\",\"festivals de cin\u00e9ma\",\"journalisme culturel\"],\"knowsLanguage\":[\"Fran\u00e7ais\",\"Arabe\",\"Anglais\"],\"jobTitle\":\"Journaliste culturelle et critique de cin\u00e9ma\",\"worksFor\":\"Webdo\",\"url\":\"https:\\\/\\\/www.webdo.tn\\\/fr\\\/actualite\\\/author\\\/neila-driss\\\/\"}]}<\/script>\n<!-- \/ Yoast SEO Premium plugin. -->","yoast_head_json":{"title":"Le March\u00e9 Cin\u00e9Gouna : Nouveau Pilier du Festival du Film d'El Gouna","description":"Pour sa 6\u00e8me \u00e9dition, encore une fois le Festival du Film d'El Gouna (GFF) met en lumi\u00e8re l'industrie cin\u00e9matographique. Pour diriger cette nouvelle \u00e9tape passi...","canonical":"https:\/\/www.webdo.tn\/fr\/actualite\/culture\/le-marche-cinegouna-nouveau-pilier-du-festival-du-film-d-el-gouna\/208479\/","og_locale":"fr_FR","og_type":"article","og_title":"Le March\u00e9 Cin\u00e9Gouna : Nouveau Pilier du Festival du Film d'El Gouna","og_description":"Pour sa 6\u00e8me \u00e9dition, encore une fois le Festival du Film d'El Gouna (GFF) met en lumi\u00e8re l'industrie cin\u00e9matographique. Pour diriger cette nouvelle \u00e9tape passi...","og_url":"https:\/\/www.webdo.tn\/fr\/actualite\/culture\/le-marche-cinegouna-nouveau-pilier-du-festival-du-film-d-el-gouna\/208479\/","og_site_name":"webdo","article_publisher":"https:\/\/www.facebook.com\/webdotn","article_author":"https:\/\/www.facebook.com\/massir.destiniii\/","article_published_time":"2023-09-07T11:37:00+00:00","article_modified_time":"2025-05-21T08:57:10+00:00","og_image":[{"width":750,"height":400,"url":"https:\/\/www.webdo.tn\/fr\/wp-content\/uploads\/2023\/09\/2176cb7a836c0ab0c4fb1c67290ae022.jpeg","type":"image\/jpeg"}],"author":"Ne\u00efla DRISS","twitter_card":"summary_large_image","twitter_creator":"@https:\/\/x.com\/MassirDestin","twitter_site":"@webdo_tn","twitter_misc":{"\u00c9crit par":"Ne\u00efla DRISS","Dur\u00e9e de lecture estim\u00e9e":"6 minutes"},"schema":{"@context":"https:\/\/schema.org","@graph":[{"@type":"NewsArticle","@id":"https:\/\/www.webdo.tn\/fr\/actualite\/culture\/le-marche-cinegouna-nouveau-pilier-du-festival-du-film-d-el-gouna\/208479\/#article","isPartOf":{"@id":"https:\/\/www.webdo.tn\/fr\/actualite\/culture\/le-marche-cinegouna-nouveau-pilier-du-festival-du-film-d-el-gouna\/208479\/"},"author":{"name":"Ne\u00efla DRISS","@id":"https:\/\/www.webdo.tn\/fr\/#\/schema\/person\/60d5ba619ed3f58783b0dc82b7dada80"},"headline":"Le March\u00e9 Cin\u00e9Gouna : Nouveau Pilier du Festival du Film d&rsquo;El Gouna","datePublished":"2023-09-07T11:37:00+00:00","dateModified":"2025-05-21T08:57:10+00:00","mainEntityOfPage":{"@id":"https:\/\/www.webdo.tn\/fr\/actualite\/culture\/le-marche-cinegouna-nouveau-pilier-du-festival-du-film-d-el-gouna\/208479\/"},"wordCount":1365,"commentCount":0,"publisher":{"@id":"https:\/\/www.webdo.tn\/fr\/#organization"},"image":{"@id":"https:\/\/www.webdo.tn\/fr\/actualite\/culture\/le-marche-cinegouna-nouveau-pilier-du-festival-du-film-d-el-gouna\/208479\/#primaryimage"},"thumbnailUrl":"https:\/\/www.webdo.tn\/fr\/wp-content\/uploads\/2023\/09\/2176cb7a836c0ab0c4fb1c67290ae022.jpeg","keywords":["El Gouna 2023","Festival du Film d'El Gouna","GFF","GFF 2023","GFF 6"],"articleSection":["Culture"],"inLanguage":"fr-FR"},{"@type":"WebPage","@id":"https:\/\/www.webdo.tn\/fr\/actualite\/culture\/le-marche-cinegouna-nouveau-pilier-du-festival-du-film-d-el-gouna\/208479\/","url":"https:\/\/www.webdo.tn\/fr\/actualite\/culture\/le-marche-cinegouna-nouveau-pilier-du-festival-du-film-d-el-gouna\/208479\/","name":"Le March\u00e9 Cin\u00e9Gouna : Nouveau Pilier du Festival du Film d'El Gouna","isPartOf":{"@id":"https:\/\/www.webdo.tn\/fr\/#website"},"primaryImageOfPage":{"@id":"https:\/\/www.webdo.tn\/fr\/actualite\/culture\/le-marche-cinegouna-nouveau-pilier-du-festival-du-film-d-el-gouna\/208479\/#primaryimage"},"image":{"@id":"https:\/\/www.webdo.tn\/fr\/actualite\/culture\/le-marche-cinegouna-nouveau-pilier-du-festival-du-film-d-el-gouna\/208479\/#primaryimage"},"thumbnailUrl":"https:\/\/www.webdo.tn\/fr\/wp-content\/uploads\/2023\/09\/2176cb7a836c0ab0c4fb1c67290ae022.jpeg","datePublished":"2023-09-07T11:37:00+00:00","dateModified":"2025-05-21T08:57:10+00:00","description":"Pour sa 6\u00e8me \u00e9dition, encore une fois le Festival du Film d'El Gouna (GFF) met en lumi\u00e8re l'industrie cin\u00e9matographique. Pour diriger cette nouvelle \u00e9tape passi...","breadcrumb":{"@id":"https:\/\/www.webdo.tn\/fr\/actualite\/culture\/le-marche-cinegouna-nouveau-pilier-du-festival-du-film-d-el-gouna\/208479\/#breadcrumb"},"inLanguage":"fr-FR","potentialAction":[{"@type":"ReadAction","target":["https:\/\/www.webdo.tn\/fr\/actualite\/culture\/le-marche-cinegouna-nouveau-pilier-du-festival-du-film-d-el-gouna\/208479\/"]}]},{"@type":"ImageObject","inLanguage":"fr-FR","@id":"https:\/\/www.webdo.tn\/fr\/actualite\/culture\/le-marche-cinegouna-nouveau-pilier-du-festival-du-film-d-el-gouna\/208479\/#primaryimage","url":"https:\/\/www.webdo.tn\/fr\/wp-content\/uploads\/2023\/09\/2176cb7a836c0ab0c4fb1c67290ae022.jpeg","contentUrl":"https:\/\/www.webdo.tn\/fr\/wp-content\/uploads\/2023\/09\/2176cb7a836c0ab0c4fb1c67290ae022.jpeg","width":750,"height":400,"caption":"Le March\u00e9 Cin\u00e9Gouna : Nouveau Pilier du Festival du Film d'El Gouna"},{"@type":"BreadcrumbList","@id":"https:\/\/www.webdo.tn\/fr\/actualite\/culture\/le-marche-cinegouna-nouveau-pilier-du-festival-du-film-d-el-gouna\/208479\/#breadcrumb","itemListElement":[{"@type":"ListItem","position":1,"name":"Accueil","item":"https:\/\/www.webdo.tn\/fr\/"},{"@type":"ListItem","position":2,"name":"Le March\u00e9 Cin\u00e9Gouna : Nouveau Pilier du Festival du Film d&rsquo;El Gouna"}]},{"@type":"WebSite","@id":"https:\/\/www.webdo.tn\/fr\/#website","url":"https:\/\/www.webdo.tn\/fr\/","name":"webdo","description":"Tunisie - News en Tunisie et \u00e0 l&#039;international sur Webdo.tn","publisher":{"@id":"https:\/\/www.webdo.tn\/fr\/#organization"},"potentialAction":[{"@type":"SearchAction","target":{"@type":"EntryPoint","urlTemplate":"https:\/\/www.webdo.tn\/fr\/?s={search_term_string}"},"query-input":{"@type":"PropertyValueSpecification","valueRequired":true,"valueName":"search_term_string"}}],"inLanguage":"fr-FR"},{"@type":"Organization","@id":"https:\/\/www.webdo.tn\/fr\/#organization","name":"Webdo","alternateName":"Webdo.tn","url":"https:\/\/www.webdo.tn\/fr\/","logo":{"@type":"ImageObject","inLanguage":"fr-FR","@id":"https:\/\/www.webdo.tn\/fr\/#\/schema\/logo\/image\/","url":"https:\/\/www.webdo.tn\/fr\/wp-content\/uploads\/2025\/06\/Webdo-Tunisie_168377.jpg","contentUrl":"https:\/\/www.webdo.tn\/fr\/wp-content\/uploads\/2025\/06\/Webdo-Tunisie_168377.jpg","width":301,"height":301,"caption":"Webdo"},"image":{"@id":"https:\/\/www.webdo.tn\/fr\/#\/schema\/logo\/image\/"},"sameAs":["https:\/\/www.facebook.com\/webdotn","https:\/\/x.com\/webdo_tn"],"description":"Webdo est un m\u00e9dia num\u00e9rique tunisien fond\u00e9 en 2010, sp\u00e9cialis\u00e9 dans l\u2019actualit\u00e9 nationale et internationale, l\u2019\u00e9conomie, la soci\u00e9t\u00e9 et les analyses politiques. Le site s\u2019adresse \u00e0 un large public francophone et couvre l\u2019information tunisienne en temps r\u00e9el.","email":"redac@webdo.tn","legalName":"YNJ SARL","foundingDate":"2010-09-06","numberOfEmployees":{"@type":"QuantitativeValue","minValue":"11","maxValue":"50"}},{"@type":"Person","@id":"https:\/\/www.webdo.tn\/fr\/#\/schema\/person\/60d5ba619ed3f58783b0dc82b7dada80","name":"Ne\u00efla DRISS","image":{"@type":"ImageObject","inLanguage":"fr-FR","@id":"https:\/\/www.webdo.tn\/fr\/wp-content\/uploads\/2026\/04\/neila-driss_avatar-96x96.jpg","url":"https:\/\/www.webdo.tn\/fr\/wp-content\/uploads\/2026\/04\/neila-driss_avatar-96x96.jpg","contentUrl":"https:\/\/www.webdo.tn\/fr\/wp-content\/uploads\/2026\/04\/neila-driss_avatar-96x96.jpg","caption":"Ne\u00efla DRISS"},"description":"Ne\u00efla Driss est juriste, journaliste culturelle et critique de cin\u00e9ma tunisienne. Titulaire d\u2019un DEA en droit priv\u00e9 de l\u2019Universit\u00e9 Paris II et d\u2019un DESS de l\u2019IHEC Carthage, elle d\u00e9bute sa carri\u00e8re comme juriste sp\u00e9cialis\u00e9e en gestion de patrimoine immobilier. Elle s\u2019oriente ensuite vers l\u2019\u00e9criture en ligne, o\u00f9 elle se distingue d\u00e8s 2006 aux Tunisia Blog Awards, avant de se consacrer au journalisme culturel, avec une sp\u00e9cialisation dans la critique cin\u00e9matographique. Elle couvre r\u00e9guli\u00e8rement les grands festivals internationaux, notamment le Festival de Cannes, les Journ\u00e9es Cin\u00e9matographiques de Carthage et le Festival du film du Caire. Membre de l\u2019ATPCC et de la FIPRESCI, elle participe \u00e0 des jurys et initiatives internationales de critique. Depuis 2024, elle est \u00e9lectrice internationale aux Golden Globes. Facebook : https:\/\/www.facebook.com\/massir.destiniii\/ X : https:\/\/x.com\/MassirDestin","sameAs":["https:\/\/www.facebook.com\/massir.destiniii\/","https:\/\/www.instagram.com\/neila.driss\/?hl=fr","https:\/\/www.linkedin.com\/in\/neila-driss-22606a80\/","https:\/\/x.com\/https:\/\/x.com\/MassirDestin"],"knowsAbout":["Cin\u00e9ma international","critique cin\u00e9matographique","festivals de cin\u00e9ma","journalisme culturel"],"knowsLanguage":["Fran\u00e7ais","Arabe","Anglais"],"jobTitle":"Journaliste culturelle et critique de cin\u00e9ma","worksFor":"Webdo","url":"https:\/\/www.webdo.tn\/fr\/actualite\/author\/neila-driss\/"}]}},"_links":{"self":[{"href":"https:\/\/www.webdo.tn\/fr\/wp-json\/wp\/v2\/posts\/208479","targetHints":{"allow":["GET"]}}],"collection":[{"href":"https:\/\/www.webdo.tn\/fr\/wp-json\/wp\/v2\/posts"}],"about":[{"href":"https:\/\/www.webdo.tn\/fr\/wp-json\/wp\/v2\/types\/post"}],"author":[{"embeddable":true,"href":"https:\/\/www.webdo.tn\/fr\/wp-json\/wp\/v2\/users\/3164"}],"replies":[{"embeddable":true,"href":"https:\/\/www.webdo.tn\/fr\/wp-json\/wp\/v2\/comments?post=208479"}],"version-history":[{"count":0,"href":"https:\/\/www.webdo.tn\/fr\/wp-json\/wp\/v2\/posts\/208479\/revisions"}],"wp:featuredmedia":[{"embeddable":true,"href":"https:\/\/www.webdo.tn\/fr\/wp-json\/wp\/v2\/media\/278741"}],"wp:attachment":[{"href":"https:\/\/www.webdo.tn\/fr\/wp-json\/wp\/v2\/media?parent=208479"}],"wp:term":[{"taxonomy":"category","embeddable":true,"href":"https:\/\/www.webdo.tn\/fr\/wp-json\/wp\/v2\/categories?post=208479"},{"taxonomy":"post_tag","embeddable":true,"href":"https:\/\/www.webdo.tn\/fr\/wp-json\/wp\/v2\/tags?post=208479"}],"curies":[{"name":"wp","href":"https:\/\/api.w.org\/{rel}","templated":true}]}}