{"id":208461,"date":"2023-09-06T18:19:00","date_gmt":"2023-09-06T18:19:00","guid":{"rendered":"https:\/\/www.webdo.tn\/fr\/blog\/brahim-bouderbala-recoit-le-rapport-de-l-isie-sur-les-legislatives-de-2022\/208461\/"},"modified":"2023-09-06T18:19:00","modified_gmt":"2023-09-06T18:19:00","slug":"brahim-bouderbala-recoit-le-rapport-de-l-isie-sur-les-legislatives-de-2022","status":"publish","type":"post","link":"https:\/\/www.webdo.tn\/fr\/actualite\/national\/brahim-bouderbala-recoit-le-rapport-de-l-isie-sur-les-legislatives-de-2022\/208461\/","title":{"rendered":"Brahim Bouderbala re\u00e7oit le rapport de l&rsquo;ISIE sur les l\u00e9gislatives de 2022"},"content":{"rendered":"<p>Le pr\u00e9sident de l&rsquo;Assembl\u00e9e des repr\u00e9sentants du peuple (ARP), Brahim Bouderbala, a re\u00e7u, ce mercredi 6 septembre 2023, le pr\u00e9sident de l&rsquo;Instance sup\u00e9rieure ind\u00e9pendante pour les \u00e9lections (ISIE), Farouk Bouasker, selon un communiqu\u00e9 publi\u00e9 par l&rsquo;ARP. A cette occasion, ce dernier lui a remis le rapport de l&rsquo;Instance  sur les \u00e9lections l\u00e9giuslatives de 2022.<\/p>\n<p>\t\t\t\t\t\t\t\t\tFarouk Bouasker, a \u00e9voqu\u00e9 le contenu du rapport qui dresse les activit\u00e9s de l&rsquo;ISIE pendant les diff\u00e9rentes \u00e9tapes du processus \u00e9lectoral outre les recommandations de l&rsquo;instance concernant l&rsquo;op\u00e9ration \u00e9lectorale.<\/p>\n<p>Les deux parties ont \u00e9galement discut\u00e9 des pr\u00e9paratifs engag\u00e9s en pr\u00e9vision des \u00e9lections du conseil national des r\u00e9gions et des districts et de passer en revue les efforts d\u00e9ploy\u00e9s pour mener \u00e0 bien cette \u00e9ch\u00e9ance, pr\u00e9cise la m\u00eame source.<\/p>\n","protected":false},"excerpt":{"rendered":"<p>Le pr\u00e9sident de l&rsquo;Assembl\u00e9e des repr\u00e9sentants du peuple (ARP), Brahim Bouderbala, a re\u00e7u, ce mercredi 6 septembre 2023, le pr\u00e9sident de l&rsquo;Instance sup\u00e9rieure in&#8230;<\/p>\n","protected":false},"author":3169,"featured_media":249387,"comment_status":"open","ping_status":"closed","sticky":false,"template":"","format":"standard","meta":{"footnotes":""},"categories":[44],"tags":[2813,3923,2967,2761,2608],"class_list":["post-208461","post","type-post","status-publish","format-standard","has-post-thumbnail","hentry","category-national","tag-arp","tag-elections","tag-isie","tag-rapport","tag-tunisie"],"yoast_head":"<!-- This site is optimized with the Yoast SEO Premium plugin v27.4 (Yoast SEO v27.5) - https:\/\/yoast.com\/product\/yoast-seo-premium-wordpress\/ -->\n<title>Brahim Bouderbala re\u00e7oit le rapport de l&#039;ISIE sur les l\u00e9gislatives de 2022<\/title>\n<meta name=\"description\" content=\"Le pr\u00e9sident de l&#039;Assembl\u00e9e des repr\u00e9sentants du peuple (ARP), Brahim Bouderbala, a re\u00e7u, ce mercredi 6 septembre 2023, le pr\u00e9sident de l&#039;Instance sup\u00e9rieure in...\" \/>\n<link rel=\"canonical\" href=\"https:\/\/www.webdo.tn\/fr\/actualite\/national\/brahim-bouderbala-recoit-le-rapport-de-l-isie-sur-les-legislatives-de-2022\/208461\/\" \/>\n<meta property=\"og:locale\" content=\"fr_FR\" \/>\n<meta property=\"og:type\" content=\"article\" \/>\n<meta property=\"og:title\" content=\"Brahim Bouderbala re\u00e7oit le rapport de l&#039;ISIE sur les l\u00e9gislatives de 2022\" \/>\n<meta property=\"og:description\" content=\"Le pr\u00e9sident de l&#039;Assembl\u00e9e des repr\u00e9sentants du peuple (ARP), Brahim Bouderbala, a re\u00e7u, ce mercredi 6 septembre 2023, le pr\u00e9sident de l&#039;Instance sup\u00e9rieure in...\" \/>\n<meta property=\"og:url\" content=\"https:\/\/www.webdo.tn\/fr\/actualite\/national\/brahim-bouderbala-recoit-le-rapport-de-l-isie-sur-les-legislatives-de-2022\/208461\/\" \/>\n<meta property=\"og:site_name\" content=\"webdo\" \/>\n<meta property=\"article:publisher\" content=\"https:\/\/www.facebook.com\/webdotn\" \/>\n<meta property=\"article:published_time\" content=\"2023-09-06T18:19:00+00:00\" \/>\n<meta property=\"og:image\" content=\"https:\/\/www.webdo.tn\/fr\/wp-content\/uploads\/2023\/09\/0a67521d8e48bb3bf6cae720b3276888.jpg\" \/>\n\t<meta property=\"og:image:width\" content=\"750\" \/>\n\t<meta property=\"og:image:height\" content=\"400\" \/>\n\t<meta property=\"og:image:type\" content=\"image\/jpeg\" \/>\n<meta name=\"author\" content=\"Webdo\" \/>\n<meta name=\"twitter:card\" content=\"summary_large_image\" \/>\n<meta name=\"twitter:creator\" content=\"@webdo_tn\" \/>\n<meta name=\"twitter:site\" content=\"@webdo_tn\" \/>\n<meta name=\"twitter:label1\" content=\"\u00c9crit par\" \/>\n\t<meta name=\"twitter:data1\" content=\"Webdo\" \/>\n\t<meta name=\"twitter:label2\" content=\"Dur\u00e9e de lecture estim\u00e9e\" \/>\n\t<meta name=\"twitter:data2\" content=\"1 minute\" \/>\n<script type=\"application\/ld+json\" class=\"yoast-schema-graph\">{\"@context\":\"https:\\\/\\\/schema.org\",\"@graph\":[{\"@type\":\"NewsArticle\",\"@id\":\"https:\\\/\\\/www.webdo.tn\\\/fr\\\/actualite\\\/national\\\/brahim-bouderbala-recoit-le-rapport-de-l-isie-sur-les-legislatives-de-2022\\\/208461\\\/#article\",\"isPartOf\":{\"@id\":\"https:\\\/\\\/www.webdo.tn\\\/fr\\\/actualite\\\/national\\\/brahim-bouderbala-recoit-le-rapport-de-l-isie-sur-les-legislatives-de-2022\\\/208461\\\/\"},\"author\":{\"name\":\"Webdo\",\"@id\":\"https:\\\/\\\/www.webdo.tn\\\/fr\\\/#\\\/schema\\\/person\\\/1f4e491e0907b413d61089e8eb573acc\"},\"headline\":\"Brahim Bouderbala re\u00e7oit le rapport de l&rsquo;ISIE sur les l\u00e9gislatives de 2022\",\"datePublished\":\"2023-09-06T18:19:00+00:00\",\"mainEntityOfPage\":{\"@id\":\"https:\\\/\\\/www.webdo.tn\\\/fr\\\/actualite\\\/national\\\/brahim-bouderbala-recoit-le-rapport-de-l-isie-sur-les-legislatives-de-2022\\\/208461\\\/\"},\"wordCount\":159,\"commentCount\":0,\"publisher\":{\"@id\":\"https:\\\/\\\/www.webdo.tn\\\/fr\\\/#organization\"},\"image\":{\"@id\":\"https:\\\/\\\/www.webdo.tn\\\/fr\\\/actualite\\\/national\\\/brahim-bouderbala-recoit-le-rapport-de-l-isie-sur-les-legislatives-de-2022\\\/208461\\\/#primaryimage\"},\"thumbnailUrl\":\"https:\\\/\\\/www.webdo.tn\\\/fr\\\/wp-content\\\/uploads\\\/2023\\\/09\\\/0a67521d8e48bb3bf6cae720b3276888.jpg\",\"keywords\":[\"ARP\",\"\u00e9lections\",\"ISIE\",\"rapport\",\"Tunisie\"],\"articleSection\":[\"National\"],\"inLanguage\":\"fr-FR\"},{\"@type\":\"WebPage\",\"@id\":\"https:\\\/\\\/www.webdo.tn\\\/fr\\\/actualite\\\/national\\\/brahim-bouderbala-recoit-le-rapport-de-l-isie-sur-les-legislatives-de-2022\\\/208461\\\/\",\"url\":\"https:\\\/\\\/www.webdo.tn\\\/fr\\\/actualite\\\/national\\\/brahim-bouderbala-recoit-le-rapport-de-l-isie-sur-les-legislatives-de-2022\\\/208461\\\/\",\"name\":\"Brahim Bouderbala re\u00e7oit le rapport de l'ISIE sur les l\u00e9gislatives de 2022\",\"isPartOf\":{\"@id\":\"https:\\\/\\\/www.webdo.tn\\\/fr\\\/#website\"},\"primaryImageOfPage\":{\"@id\":\"https:\\\/\\\/www.webdo.tn\\\/fr\\\/actualite\\\/national\\\/brahim-bouderbala-recoit-le-rapport-de-l-isie-sur-les-legislatives-de-2022\\\/208461\\\/#primaryimage\"},\"image\":{\"@id\":\"https:\\\/\\\/www.webdo.tn\\\/fr\\\/actualite\\\/national\\\/brahim-bouderbala-recoit-le-rapport-de-l-isie-sur-les-legislatives-de-2022\\\/208461\\\/#primaryimage\"},\"thumbnailUrl\":\"https:\\\/\\\/www.webdo.tn\\\/fr\\\/wp-content\\\/uploads\\\/2023\\\/09\\\/0a67521d8e48bb3bf6cae720b3276888.jpg\",\"datePublished\":\"2023-09-06T18:19:00+00:00\",\"description\":\"Le pr\u00e9sident de l'Assembl\u00e9e des repr\u00e9sentants du peuple (ARP), Brahim Bouderbala, a re\u00e7u, ce mercredi 6 septembre 2023, le pr\u00e9sident de l'Instance sup\u00e9rieure in...\",\"breadcrumb\":{\"@id\":\"https:\\\/\\\/www.webdo.tn\\\/fr\\\/actualite\\\/national\\\/brahim-bouderbala-recoit-le-rapport-de-l-isie-sur-les-legislatives-de-2022\\\/208461\\\/#breadcrumb\"},\"inLanguage\":\"fr-FR\",\"potentialAction\":[{\"@type\":\"ReadAction\",\"target\":[\"https:\\\/\\\/www.webdo.tn\\\/fr\\\/actualite\\\/national\\\/brahim-bouderbala-recoit-le-rapport-de-l-isie-sur-les-legislatives-de-2022\\\/208461\\\/\"]}]},{\"@type\":\"ImageObject\",\"inLanguage\":\"fr-FR\",\"@id\":\"https:\\\/\\\/www.webdo.tn\\\/fr\\\/actualite\\\/national\\\/brahim-bouderbala-recoit-le-rapport-de-l-isie-sur-les-legislatives-de-2022\\\/208461\\\/#primaryimage\",\"url\":\"https:\\\/\\\/www.webdo.tn\\\/fr\\\/wp-content\\\/uploads\\\/2023\\\/09\\\/0a67521d8e48bb3bf6cae720b3276888.jpg\",\"contentUrl\":\"https:\\\/\\\/www.webdo.tn\\\/fr\\\/wp-content\\\/uploads\\\/2023\\\/09\\\/0a67521d8e48bb3bf6cae720b3276888.jpg\",\"width\":750,\"height\":400,\"caption\":\"Brahim Bouderbala re\u00e7oit le rapport de l'ISIE sur les l\u00e9gislatives de 2022\"},{\"@type\":\"BreadcrumbList\",\"@id\":\"https:\\\/\\\/www.webdo.tn\\\/fr\\\/actualite\\\/national\\\/brahim-bouderbala-recoit-le-rapport-de-l-isie-sur-les-legislatives-de-2022\\\/208461\\\/#breadcrumb\",\"itemListElement\":[{\"@type\":\"ListItem\",\"position\":1,\"name\":\"Accueil\",\"item\":\"https:\\\/\\\/www.webdo.tn\\\/fr\\\/\"},{\"@type\":\"ListItem\",\"position\":2,\"name\":\"Brahim Bouderbala re\u00e7oit le rapport de l&#8217;ISIE sur les l\u00e9gislatives de 2022\"}]},{\"@type\":\"WebSite\",\"@id\":\"https:\\\/\\\/www.webdo.tn\\\/fr\\\/#website\",\"url\":\"https:\\\/\\\/www.webdo.tn\\\/fr\\\/\",\"name\":\"webdo\",\"description\":\"Tunisie - News en Tunisie et \u00e0 l&#039;international sur Webdo.tn\",\"publisher\":{\"@id\":\"https:\\\/\\\/www.webdo.tn\\\/fr\\\/#organization\"},\"potentialAction\":[{\"@type\":\"SearchAction\",\"target\":{\"@type\":\"EntryPoint\",\"urlTemplate\":\"https:\\\/\\\/www.webdo.tn\\\/fr\\\/?s={search_term_string}\"},\"query-input\":{\"@type\":\"PropertyValueSpecification\",\"valueRequired\":true,\"valueName\":\"search_term_string\"}}],\"inLanguage\":\"fr-FR\"},{\"@type\":\"Organization\",\"@id\":\"https:\\\/\\\/www.webdo.tn\\\/fr\\\/#organization\",\"name\":\"Webdo\",\"alternateName\":\"Webdo.tn\",\"url\":\"https:\\\/\\\/www.webdo.tn\\\/fr\\\/\",\"logo\":{\"@type\":\"ImageObject\",\"inLanguage\":\"fr-FR\",\"@id\":\"https:\\\/\\\/www.webdo.tn\\\/fr\\\/#\\\/schema\\\/logo\\\/image\\\/\",\"url\":\"https:\\\/\\\/www.webdo.tn\\\/fr\\\/wp-content\\\/uploads\\\/2025\\\/06\\\/Webdo-Tunisie_168377.jpg\",\"contentUrl\":\"https:\\\/\\\/www.webdo.tn\\\/fr\\\/wp-content\\\/uploads\\\/2025\\\/06\\\/Webdo-Tunisie_168377.jpg\",\"width\":301,\"height\":301,\"caption\":\"Webdo\"},\"image\":{\"@id\":\"https:\\\/\\\/www.webdo.tn\\\/fr\\\/#\\\/schema\\\/logo\\\/image\\\/\"},\"sameAs\":[\"https:\\\/\\\/www.facebook.com\\\/webdotn\",\"https:\\\/\\\/x.com\\\/webdo_tn\"],\"description\":\"Webdo est un m\u00e9dia num\u00e9rique tunisien fond\u00e9 en 2010, sp\u00e9cialis\u00e9 dans l\u2019actualit\u00e9 nationale et internationale, l\u2019\u00e9conomie, la soci\u00e9t\u00e9 et les analyses politiques. Le site s\u2019adresse \u00e0 un large public francophone et couvre l\u2019information tunisienne en temps r\u00e9el.\",\"email\":\"redac@webdo.tn\",\"legalName\":\"YNJ SARL\",\"foundingDate\":\"2010-09-06\",\"numberOfEmployees\":{\"@type\":\"QuantitativeValue\",\"minValue\":\"11\",\"maxValue\":\"50\"}},{\"@type\":\"Person\",\"@id\":\"https:\\\/\\\/www.webdo.tn\\\/fr\\\/#\\\/schema\\\/person\\\/1f4e491e0907b413d61089e8eb573acc\",\"name\":\"Webdo\",\"image\":{\"@type\":\"ImageObject\",\"inLanguage\":\"fr-FR\",\"@id\":\"https:\\\/\\\/secure.gravatar.com\\\/avatar\\\/de97aeec1bb80978a9dbb127e47dfc88aaacb2f3c29aac907d8d3222e3495d49?s=96&d=mm&r=g\",\"url\":\"https:\\\/\\\/secure.gravatar.com\\\/avatar\\\/de97aeec1bb80978a9dbb127e47dfc88aaacb2f3c29aac907d8d3222e3495d49?s=96&d=mm&r=g\",\"contentUrl\":\"https:\\\/\\\/secure.gravatar.com\\\/avatar\\\/de97aeec1bb80978a9dbb127e47dfc88aaacb2f3c29aac907d8d3222e3495d49?s=96&d=mm&r=g\",\"caption\":\"Webdo\"},\"url\":\"https:\\\/\\\/www.webdo.tn\\\/fr\\\/actualite\\\/author\\\/webdo\\\/\"}]}<\/script>\n<!-- \/ Yoast SEO Premium plugin. -->","yoast_head_json":{"title":"Brahim Bouderbala re\u00e7oit le rapport de l'ISIE sur les l\u00e9gislatives de 2022","description":"Le pr\u00e9sident de l'Assembl\u00e9e des repr\u00e9sentants du peuple (ARP), Brahim Bouderbala, a re\u00e7u, ce mercredi 6 septembre 2023, le pr\u00e9sident de l'Instance sup\u00e9rieure in...","canonical":"https:\/\/www.webdo.tn\/fr\/actualite\/national\/brahim-bouderbala-recoit-le-rapport-de-l-isie-sur-les-legislatives-de-2022\/208461\/","og_locale":"fr_FR","og_type":"article","og_title":"Brahim Bouderbala re\u00e7oit le rapport de l'ISIE sur les l\u00e9gislatives de 2022","og_description":"Le pr\u00e9sident de l'Assembl\u00e9e des repr\u00e9sentants du peuple (ARP), Brahim Bouderbala, a re\u00e7u, ce mercredi 6 septembre 2023, le pr\u00e9sident de l'Instance sup\u00e9rieure in...","og_url":"https:\/\/www.webdo.tn\/fr\/actualite\/national\/brahim-bouderbala-recoit-le-rapport-de-l-isie-sur-les-legislatives-de-2022\/208461\/","og_site_name":"webdo","article_publisher":"https:\/\/www.facebook.com\/webdotn","article_published_time":"2023-09-06T18:19:00+00:00","og_image":[{"width":750,"height":400,"url":"https:\/\/www.webdo.tn\/fr\/wp-content\/uploads\/2023\/09\/0a67521d8e48bb3bf6cae720b3276888.jpg","type":"image\/jpeg"}],"author":"Webdo","twitter_card":"summary_large_image","twitter_creator":"@webdo_tn","twitter_site":"@webdo_tn","twitter_misc":{"\u00c9crit par":"Webdo","Dur\u00e9e de lecture estim\u00e9e":"1 minute"},"schema":{"@context":"https:\/\/schema.org","@graph":[{"@type":"NewsArticle","@id":"https:\/\/www.webdo.tn\/fr\/actualite\/national\/brahim-bouderbala-recoit-le-rapport-de-l-isie-sur-les-legislatives-de-2022\/208461\/#article","isPartOf":{"@id":"https:\/\/www.webdo.tn\/fr\/actualite\/national\/brahim-bouderbala-recoit-le-rapport-de-l-isie-sur-les-legislatives-de-2022\/208461\/"},"author":{"name":"Webdo","@id":"https:\/\/www.webdo.tn\/fr\/#\/schema\/person\/1f4e491e0907b413d61089e8eb573acc"},"headline":"Brahim Bouderbala re\u00e7oit le rapport de l&rsquo;ISIE sur les l\u00e9gislatives de 2022","datePublished":"2023-09-06T18:19:00+00:00","mainEntityOfPage":{"@id":"https:\/\/www.webdo.tn\/fr\/actualite\/national\/brahim-bouderbala-recoit-le-rapport-de-l-isie-sur-les-legislatives-de-2022\/208461\/"},"wordCount":159,"commentCount":0,"publisher":{"@id":"https:\/\/www.webdo.tn\/fr\/#organization"},"image":{"@id":"https:\/\/www.webdo.tn\/fr\/actualite\/national\/brahim-bouderbala-recoit-le-rapport-de-l-isie-sur-les-legislatives-de-2022\/208461\/#primaryimage"},"thumbnailUrl":"https:\/\/www.webdo.tn\/fr\/wp-content\/uploads\/2023\/09\/0a67521d8e48bb3bf6cae720b3276888.jpg","keywords":["ARP","\u00e9lections","ISIE","rapport","Tunisie"],"articleSection":["National"],"inLanguage":"fr-FR"},{"@type":"WebPage","@id":"https:\/\/www.webdo.tn\/fr\/actualite\/national\/brahim-bouderbala-recoit-le-rapport-de-l-isie-sur-les-legislatives-de-2022\/208461\/","url":"https:\/\/www.webdo.tn\/fr\/actualite\/national\/brahim-bouderbala-recoit-le-rapport-de-l-isie-sur-les-legislatives-de-2022\/208461\/","name":"Brahim Bouderbala re\u00e7oit le rapport de l'ISIE sur les l\u00e9gislatives de 2022","isPartOf":{"@id":"https:\/\/www.webdo.tn\/fr\/#website"},"primaryImageOfPage":{"@id":"https:\/\/www.webdo.tn\/fr\/actualite\/national\/brahim-bouderbala-recoit-le-rapport-de-l-isie-sur-les-legislatives-de-2022\/208461\/#primaryimage"},"image":{"@id":"https:\/\/www.webdo.tn\/fr\/actualite\/national\/brahim-bouderbala-recoit-le-rapport-de-l-isie-sur-les-legislatives-de-2022\/208461\/#primaryimage"},"thumbnailUrl":"https:\/\/www.webdo.tn\/fr\/wp-content\/uploads\/2023\/09\/0a67521d8e48bb3bf6cae720b3276888.jpg","datePublished":"2023-09-06T18:19:00+00:00","description":"Le pr\u00e9sident de l'Assembl\u00e9e des repr\u00e9sentants du peuple (ARP), Brahim Bouderbala, a re\u00e7u, ce mercredi 6 septembre 2023, le pr\u00e9sident de l'Instance sup\u00e9rieure in...","breadcrumb":{"@id":"https:\/\/www.webdo.tn\/fr\/actualite\/national\/brahim-bouderbala-recoit-le-rapport-de-l-isie-sur-les-legislatives-de-2022\/208461\/#breadcrumb"},"inLanguage":"fr-FR","potentialAction":[{"@type":"ReadAction","target":["https:\/\/www.webdo.tn\/fr\/actualite\/national\/brahim-bouderbala-recoit-le-rapport-de-l-isie-sur-les-legislatives-de-2022\/208461\/"]}]},{"@type":"ImageObject","inLanguage":"fr-FR","@id":"https:\/\/www.webdo.tn\/fr\/actualite\/national\/brahim-bouderbala-recoit-le-rapport-de-l-isie-sur-les-legislatives-de-2022\/208461\/#primaryimage","url":"https:\/\/www.webdo.tn\/fr\/wp-content\/uploads\/2023\/09\/0a67521d8e48bb3bf6cae720b3276888.jpg","contentUrl":"https:\/\/www.webdo.tn\/fr\/wp-content\/uploads\/2023\/09\/0a67521d8e48bb3bf6cae720b3276888.jpg","width":750,"height":400,"caption":"Brahim Bouderbala re\u00e7oit le rapport de l'ISIE sur les l\u00e9gislatives de 2022"},{"@type":"BreadcrumbList","@id":"https:\/\/www.webdo.tn\/fr\/actualite\/national\/brahim-bouderbala-recoit-le-rapport-de-l-isie-sur-les-legislatives-de-2022\/208461\/#breadcrumb","itemListElement":[{"@type":"ListItem","position":1,"name":"Accueil","item":"https:\/\/www.webdo.tn\/fr\/"},{"@type":"ListItem","position":2,"name":"Brahim Bouderbala re\u00e7oit le rapport de l&#8217;ISIE sur les l\u00e9gislatives de 2022"}]},{"@type":"WebSite","@id":"https:\/\/www.webdo.tn\/fr\/#website","url":"https:\/\/www.webdo.tn\/fr\/","name":"webdo","description":"Tunisie - News en Tunisie et \u00e0 l&#039;international sur Webdo.tn","publisher":{"@id":"https:\/\/www.webdo.tn\/fr\/#organization"},"potentialAction":[{"@type":"SearchAction","target":{"@type":"EntryPoint","urlTemplate":"https:\/\/www.webdo.tn\/fr\/?s={search_term_string}"},"query-input":{"@type":"PropertyValueSpecification","valueRequired":true,"valueName":"search_term_string"}}],"inLanguage":"fr-FR"},{"@type":"Organization","@id":"https:\/\/www.webdo.tn\/fr\/#organization","name":"Webdo","alternateName":"Webdo.tn","url":"https:\/\/www.webdo.tn\/fr\/","logo":{"@type":"ImageObject","inLanguage":"fr-FR","@id":"https:\/\/www.webdo.tn\/fr\/#\/schema\/logo\/image\/","url":"https:\/\/www.webdo.tn\/fr\/wp-content\/uploads\/2025\/06\/Webdo-Tunisie_168377.jpg","contentUrl":"https:\/\/www.webdo.tn\/fr\/wp-content\/uploads\/2025\/06\/Webdo-Tunisie_168377.jpg","width":301,"height":301,"caption":"Webdo"},"image":{"@id":"https:\/\/www.webdo.tn\/fr\/#\/schema\/logo\/image\/"},"sameAs":["https:\/\/www.facebook.com\/webdotn","https:\/\/x.com\/webdo_tn"],"description":"Webdo est un m\u00e9dia num\u00e9rique tunisien fond\u00e9 en 2010, sp\u00e9cialis\u00e9 dans l\u2019actualit\u00e9 nationale et internationale, l\u2019\u00e9conomie, la soci\u00e9t\u00e9 et les analyses politiques. Le site s\u2019adresse \u00e0 un large public francophone et couvre l\u2019information tunisienne en temps r\u00e9el.","email":"redac@webdo.tn","legalName":"YNJ SARL","foundingDate":"2010-09-06","numberOfEmployees":{"@type":"QuantitativeValue","minValue":"11","maxValue":"50"}},{"@type":"Person","@id":"https:\/\/www.webdo.tn\/fr\/#\/schema\/person\/1f4e491e0907b413d61089e8eb573acc","name":"Webdo","image":{"@type":"ImageObject","inLanguage":"fr-FR","@id":"https:\/\/secure.gravatar.com\/avatar\/de97aeec1bb80978a9dbb127e47dfc88aaacb2f3c29aac907d8d3222e3495d49?s=96&d=mm&r=g","url":"https:\/\/secure.gravatar.com\/avatar\/de97aeec1bb80978a9dbb127e47dfc88aaacb2f3c29aac907d8d3222e3495d49?s=96&d=mm&r=g","contentUrl":"https:\/\/secure.gravatar.com\/avatar\/de97aeec1bb80978a9dbb127e47dfc88aaacb2f3c29aac907d8d3222e3495d49?s=96&d=mm&r=g","caption":"Webdo"},"url":"https:\/\/www.webdo.tn\/fr\/actualite\/author\/webdo\/"}]}},"_links":{"self":[{"href":"https:\/\/www.webdo.tn\/fr\/wp-json\/wp\/v2\/posts\/208461","targetHints":{"allow":["GET"]}}],"collection":[{"href":"https:\/\/www.webdo.tn\/fr\/wp-json\/wp\/v2\/posts"}],"about":[{"href":"https:\/\/www.webdo.tn\/fr\/wp-json\/wp\/v2\/types\/post"}],"author":[{"embeddable":true,"href":"https:\/\/www.webdo.tn\/fr\/wp-json\/wp\/v2\/users\/3169"}],"replies":[{"embeddable":true,"href":"https:\/\/www.webdo.tn\/fr\/wp-json\/wp\/v2\/comments?post=208461"}],"version-history":[{"count":0,"href":"https:\/\/www.webdo.tn\/fr\/wp-json\/wp\/v2\/posts\/208461\/revisions"}],"wp:featuredmedia":[{"embeddable":true,"href":"https:\/\/www.webdo.tn\/fr\/wp-json\/wp\/v2\/media\/249387"}],"wp:attachment":[{"href":"https:\/\/www.webdo.tn\/fr\/wp-json\/wp\/v2\/media?parent=208461"}],"wp:term":[{"taxonomy":"category","embeddable":true,"href":"https:\/\/www.webdo.tn\/fr\/wp-json\/wp\/v2\/categories?post=208461"},{"taxonomy":"post_tag","embeddable":true,"href":"https:\/\/www.webdo.tn\/fr\/wp-json\/wp\/v2\/tags?post=208461"}],"curies":[{"name":"wp","href":"https:\/\/api.w.org\/{rel}","templated":true}]}}