{"id":208457,"date":"2023-09-06T14:50:00","date_gmt":"2023-09-06T14:50:00","guid":{"rendered":"https:\/\/www.webdo.tn\/fr\/blog\/la-raison-pour-laquelle-hamadi-jebali-a-ete-auditionne\/208457\/"},"modified":"2025-05-20T22:41:24","modified_gmt":"2025-05-20T22:41:24","slug":"la-raison-pour-laquelle-hamadi-jebali-a-ete-auditionne","status":"publish","type":"post","link":"https:\/\/www.webdo.tn\/fr\/actualite\/national\/la-raison-pour-laquelle-hamadi-jebali-a-ete-auditionne\/208457\/","title":{"rendered":"La raison pour laquelle Hamadi Jebali a \u00e9t\u00e9 auditionn\u00e9"},"content":{"rendered":"<p>Hamadi Jebali a \u00e9t\u00e9 arr\u00eat\u00e9 pendant quelques heures pour \u00eatre auditionn\u00e9 au sujet d\u2019une affaire bien pr\u00e9cise.<\/p>\n<p>\t\t\t\t\t\t\t\t\tSelon son avocat Mokhtar Jemai, l\u2019ancien chef du gouvernement a \u00e9t\u00e9 auditionn\u00e9 au sujet des recrutements et nominations au cours de la p\u00e9riode o\u00f9 il \u00e9tait chef du gouvernement entre d\u00e9cembre 2011 et mars 2013.<\/p>\n<p>\u00ab Mon client a \u00e9t\u00e9 auditionn\u00e9 pendant sept heures dans le cadre de la v\u00e9rification des recrutements et notamment des contrats de prestation de services \u00e0 l\u2019\u00e9poque o\u00f9 il \u00e9tait chef du gouvernement \u00bb, a-t-il expliqu\u00e9.\u00a0<\/p>\n<p>Le pr\u00e9sident de la R\u00e9publique, Kais Sa\u00efed, a annonc\u00e9 lundi 4 septembre 2023 qu&rsquo;un audit complet des concours et des parcours d&rsquo;affectation \u00e0 partir de janvier 2011, sera lanc\u00e9 prochainement.<\/p>\n<p>Lors de son entretien avec le chef du gouvernement, Kais Saied a affirm\u00e9 qu\u2019un projet de loi a \u00e9t\u00e9 d\u00e9j\u00e0 pr\u00e9par\u00e9 et sera pr\u00e9sent\u00e9 au prochain conseil des ministres pour ce faire.<\/p>\n","protected":false},"excerpt":{"rendered":"<p>Hamadi Jebali a \u00e9t\u00e9 arr\u00eat\u00e9 pendant quelques heures pour \u00eatre auditionn\u00e9 au sujet d\u2019une affaire bien pr\u00e9cise.<\/p>\n","protected":false},"author":3175,"featured_media":249389,"comment_status":"open","ping_status":"closed","sticky":false,"template":"","format":"standard","meta":{"footnotes":""},"categories":[44],"tags":[5332,2608],"class_list":["post-208457","post","type-post","status-publish","format-standard","has-post-thumbnail","hentry","category-national","tag-hamadi-jebali","tag-tunisie"],"yoast_head":"<!-- This site is optimized with the Yoast SEO Premium plugin v27.5 (Yoast SEO v27.5) - https:\/\/yoast.com\/product\/yoast-seo-premium-wordpress\/ -->\n<title>La raison pour laquelle Hamadi Jebali a \u00e9t\u00e9 auditionn\u00e9<\/title>\n<meta name=\"description\" content=\"Hamadi Jebali a \u00e9t\u00e9 arr\u00eat\u00e9 pendant quelques heures pour \u00eatre auditionn\u00e9 au sujet d\u2019une affaire bien pr\u00e9cise.\" \/>\n<link rel=\"canonical\" href=\"https:\/\/www.webdo.tn\/fr\/actualite\/national\/la-raison-pour-laquelle-hamadi-jebali-a-ete-auditionne\/208457\/\" \/>\n<meta property=\"og:locale\" content=\"fr_FR\" \/>\n<meta property=\"og:type\" content=\"article\" \/>\n<meta property=\"og:title\" content=\"La raison pour laquelle Hamadi Jebali a \u00e9t\u00e9 auditionn\u00e9\" \/>\n<meta property=\"og:description\" content=\"Hamadi Jebali a \u00e9t\u00e9 arr\u00eat\u00e9 pendant quelques heures pour \u00eatre auditionn\u00e9 au sujet d\u2019une affaire bien pr\u00e9cise.\" \/>\n<meta property=\"og:url\" content=\"https:\/\/www.webdo.tn\/fr\/actualite\/national\/la-raison-pour-laquelle-hamadi-jebali-a-ete-auditionne\/208457\/\" \/>\n<meta property=\"og:site_name\" content=\"webdo\" \/>\n<meta property=\"article:publisher\" content=\"https:\/\/www.facebook.com\/webdotn\" \/>\n<meta property=\"article:published_time\" content=\"2023-09-06T14:50:00+00:00\" \/>\n<meta property=\"article:modified_time\" content=\"2025-05-20T22:41:24+00:00\" \/>\n<meta property=\"og:image\" content=\"https:\/\/www.webdo.tn\/fr\/wp-content\/uploads\/2023\/09\/bb25881e0eb5cce0a5e125dcf87c377c.jpg\" \/>\n\t<meta property=\"og:image:width\" content=\"700\" \/>\n\t<meta property=\"og:image:height\" content=\"373\" \/>\n\t<meta property=\"og:image:type\" content=\"image\/jpeg\" \/>\n<meta name=\"author\" content=\"CL\" \/>\n<meta name=\"twitter:card\" content=\"summary_large_image\" \/>\n<meta name=\"twitter:creator\" content=\"@webdo_tn\" \/>\n<meta name=\"twitter:site\" content=\"@webdo_tn\" \/>\n<meta name=\"twitter:label1\" content=\"\u00c9crit par\" \/>\n\t<meta name=\"twitter:data1\" content=\"CL\" \/>\n\t<meta name=\"twitter:label2\" content=\"Dur\u00e9e de lecture estim\u00e9e\" \/>\n\t<meta name=\"twitter:data2\" content=\"1 minute\" \/>\n<script type=\"application\/ld+json\" class=\"yoast-schema-graph\">{\"@context\":\"https:\\\/\\\/schema.org\",\"@graph\":[{\"@type\":\"NewsArticle\",\"@id\":\"https:\\\/\\\/www.webdo.tn\\\/fr\\\/actualite\\\/national\\\/la-raison-pour-laquelle-hamadi-jebali-a-ete-auditionne\\\/208457\\\/#article\",\"isPartOf\":{\"@id\":\"https:\\\/\\\/www.webdo.tn\\\/fr\\\/actualite\\\/national\\\/la-raison-pour-laquelle-hamadi-jebali-a-ete-auditionne\\\/208457\\\/\"},\"author\":{\"name\":\"CL\",\"@id\":\"https:\\\/\\\/www.webdo.tn\\\/fr\\\/#\\\/schema\\\/person\\\/f35b42a42c5e2511bbd282959d6385cc\"},\"headline\":\"La raison pour laquelle Hamadi Jebali a \u00e9t\u00e9 auditionn\u00e9\",\"datePublished\":\"2023-09-06T14:50:00+00:00\",\"dateModified\":\"2025-05-20T22:41:24+00:00\",\"mainEntityOfPage\":{\"@id\":\"https:\\\/\\\/www.webdo.tn\\\/fr\\\/actualite\\\/national\\\/la-raison-pour-laquelle-hamadi-jebali-a-ete-auditionne\\\/208457\\\/\"},\"wordCount\":167,\"commentCount\":0,\"publisher\":{\"@id\":\"https:\\\/\\\/www.webdo.tn\\\/fr\\\/#organization\"},\"image\":{\"@id\":\"https:\\\/\\\/www.webdo.tn\\\/fr\\\/actualite\\\/national\\\/la-raison-pour-laquelle-hamadi-jebali-a-ete-auditionne\\\/208457\\\/#primaryimage\"},\"thumbnailUrl\":\"https:\\\/\\\/www.webdo.tn\\\/fr\\\/wp-content\\\/uploads\\\/2023\\\/09\\\/bb25881e0eb5cce0a5e125dcf87c377c.jpg\",\"keywords\":[\"hamadi jebali\",\"Tunisie\"],\"articleSection\":[\"National\"],\"inLanguage\":\"fr-FR\"},{\"@type\":\"WebPage\",\"@id\":\"https:\\\/\\\/www.webdo.tn\\\/fr\\\/actualite\\\/national\\\/la-raison-pour-laquelle-hamadi-jebali-a-ete-auditionne\\\/208457\\\/\",\"url\":\"https:\\\/\\\/www.webdo.tn\\\/fr\\\/actualite\\\/national\\\/la-raison-pour-laquelle-hamadi-jebali-a-ete-auditionne\\\/208457\\\/\",\"name\":\"La raison pour laquelle Hamadi Jebali a \u00e9t\u00e9 auditionn\u00e9\",\"isPartOf\":{\"@id\":\"https:\\\/\\\/www.webdo.tn\\\/fr\\\/#website\"},\"primaryImageOfPage\":{\"@id\":\"https:\\\/\\\/www.webdo.tn\\\/fr\\\/actualite\\\/national\\\/la-raison-pour-laquelle-hamadi-jebali-a-ete-auditionne\\\/208457\\\/#primaryimage\"},\"image\":{\"@id\":\"https:\\\/\\\/www.webdo.tn\\\/fr\\\/actualite\\\/national\\\/la-raison-pour-laquelle-hamadi-jebali-a-ete-auditionne\\\/208457\\\/#primaryimage\"},\"thumbnailUrl\":\"https:\\\/\\\/www.webdo.tn\\\/fr\\\/wp-content\\\/uploads\\\/2023\\\/09\\\/bb25881e0eb5cce0a5e125dcf87c377c.jpg\",\"datePublished\":\"2023-09-06T14:50:00+00:00\",\"dateModified\":\"2025-05-20T22:41:24+00:00\",\"description\":\"Hamadi Jebali a \u00e9t\u00e9 arr\u00eat\u00e9 pendant quelques heures pour \u00eatre auditionn\u00e9 au sujet d\u2019une affaire bien pr\u00e9cise.\",\"breadcrumb\":{\"@id\":\"https:\\\/\\\/www.webdo.tn\\\/fr\\\/actualite\\\/national\\\/la-raison-pour-laquelle-hamadi-jebali-a-ete-auditionne\\\/208457\\\/#breadcrumb\"},\"inLanguage\":\"fr-FR\",\"potentialAction\":[{\"@type\":\"ReadAction\",\"target\":[\"https:\\\/\\\/www.webdo.tn\\\/fr\\\/actualite\\\/national\\\/la-raison-pour-laquelle-hamadi-jebali-a-ete-auditionne\\\/208457\\\/\"]}]},{\"@type\":\"ImageObject\",\"inLanguage\":\"fr-FR\",\"@id\":\"https:\\\/\\\/www.webdo.tn\\\/fr\\\/actualite\\\/national\\\/la-raison-pour-laquelle-hamadi-jebali-a-ete-auditionne\\\/208457\\\/#primaryimage\",\"url\":\"https:\\\/\\\/www.webdo.tn\\\/fr\\\/wp-content\\\/uploads\\\/2023\\\/09\\\/bb25881e0eb5cce0a5e125dcf87c377c.jpg\",\"contentUrl\":\"https:\\\/\\\/www.webdo.tn\\\/fr\\\/wp-content\\\/uploads\\\/2023\\\/09\\\/bb25881e0eb5cce0a5e125dcf87c377c.jpg\",\"width\":700,\"height\":373,\"caption\":\"La raison pour laquelle Hamadi Jebali a \u00e9t\u00e9 auditionn\u00e9\"},{\"@type\":\"BreadcrumbList\",\"@id\":\"https:\\\/\\\/www.webdo.tn\\\/fr\\\/actualite\\\/national\\\/la-raison-pour-laquelle-hamadi-jebali-a-ete-auditionne\\\/208457\\\/#breadcrumb\",\"itemListElement\":[{\"@type\":\"ListItem\",\"position\":1,\"name\":\"Accueil\",\"item\":\"https:\\\/\\\/www.webdo.tn\\\/fr\\\/\"},{\"@type\":\"ListItem\",\"position\":2,\"name\":\"La raison pour laquelle Hamadi Jebali a \u00e9t\u00e9 auditionn\u00e9\"}]},{\"@type\":\"WebSite\",\"@id\":\"https:\\\/\\\/www.webdo.tn\\\/fr\\\/#website\",\"url\":\"https:\\\/\\\/www.webdo.tn\\\/fr\\\/\",\"name\":\"webdo\",\"description\":\"Tunisie - News en Tunisie et \u00e0 l&#039;international sur Webdo.tn\",\"publisher\":{\"@id\":\"https:\\\/\\\/www.webdo.tn\\\/fr\\\/#organization\"},\"potentialAction\":[{\"@type\":\"SearchAction\",\"target\":{\"@type\":\"EntryPoint\",\"urlTemplate\":\"https:\\\/\\\/www.webdo.tn\\\/fr\\\/?s={search_term_string}\"},\"query-input\":{\"@type\":\"PropertyValueSpecification\",\"valueRequired\":true,\"valueName\":\"search_term_string\"}}],\"inLanguage\":\"fr-FR\"},{\"@type\":\"Organization\",\"@id\":\"https:\\\/\\\/www.webdo.tn\\\/fr\\\/#organization\",\"name\":\"Webdo\",\"alternateName\":\"Webdo.tn\",\"url\":\"https:\\\/\\\/www.webdo.tn\\\/fr\\\/\",\"logo\":{\"@type\":\"ImageObject\",\"inLanguage\":\"fr-FR\",\"@id\":\"https:\\\/\\\/www.webdo.tn\\\/fr\\\/#\\\/schema\\\/logo\\\/image\\\/\",\"url\":\"https:\\\/\\\/www.webdo.tn\\\/fr\\\/wp-content\\\/uploads\\\/2025\\\/06\\\/Webdo-Tunisie_168377.jpg\",\"contentUrl\":\"https:\\\/\\\/www.webdo.tn\\\/fr\\\/wp-content\\\/uploads\\\/2025\\\/06\\\/Webdo-Tunisie_168377.jpg\",\"width\":301,\"height\":301,\"caption\":\"Webdo\"},\"image\":{\"@id\":\"https:\\\/\\\/www.webdo.tn\\\/fr\\\/#\\\/schema\\\/logo\\\/image\\\/\"},\"sameAs\":[\"https:\\\/\\\/www.facebook.com\\\/webdotn\",\"https:\\\/\\\/x.com\\\/webdo_tn\"],\"description\":\"Webdo est un m\u00e9dia num\u00e9rique tunisien fond\u00e9 en 2010, sp\u00e9cialis\u00e9 dans l\u2019actualit\u00e9 nationale et internationale, l\u2019\u00e9conomie, la soci\u00e9t\u00e9 et les analyses politiques. Le site s\u2019adresse \u00e0 un large public francophone et couvre l\u2019information tunisienne en temps r\u00e9el.\",\"email\":\"redac@webdo.tn\",\"legalName\":\"YNJ SARL\",\"foundingDate\":\"2010-09-06\",\"numberOfEmployees\":{\"@type\":\"QuantitativeValue\",\"minValue\":\"11\",\"maxValue\":\"50\"}},{\"@type\":\"Person\",\"@id\":\"https:\\\/\\\/www.webdo.tn\\\/fr\\\/#\\\/schema\\\/person\\\/f35b42a42c5e2511bbd282959d6385cc\",\"name\":\"CL\",\"image\":{\"@type\":\"ImageObject\",\"inLanguage\":\"fr-FR\",\"@id\":\"https:\\\/\\\/secure.gravatar.com\\\/avatar\\\/1447a49909b67aa657c488aec6512e1dd6143a480c1ecfee9b5b5cd74eb3b59e?s=96&d=mm&r=g\",\"url\":\"https:\\\/\\\/secure.gravatar.com\\\/avatar\\\/1447a49909b67aa657c488aec6512e1dd6143a480c1ecfee9b5b5cd74eb3b59e?s=96&d=mm&r=g\",\"contentUrl\":\"https:\\\/\\\/secure.gravatar.com\\\/avatar\\\/1447a49909b67aa657c488aec6512e1dd6143a480c1ecfee9b5b5cd74eb3b59e?s=96&d=mm&r=g\",\"caption\":\"CL\"},\"url\":\"https:\\\/\\\/www.webdo.tn\\\/fr\\\/actualite\\\/author\\\/cl\\\/\"}]}<\/script>\n<!-- \/ Yoast SEO Premium plugin. -->","yoast_head_json":{"title":"La raison pour laquelle Hamadi Jebali a \u00e9t\u00e9 auditionn\u00e9","description":"Hamadi Jebali a \u00e9t\u00e9 arr\u00eat\u00e9 pendant quelques heures pour \u00eatre auditionn\u00e9 au sujet d\u2019une affaire bien pr\u00e9cise.","canonical":"https:\/\/www.webdo.tn\/fr\/actualite\/national\/la-raison-pour-laquelle-hamadi-jebali-a-ete-auditionne\/208457\/","og_locale":"fr_FR","og_type":"article","og_title":"La raison pour laquelle Hamadi Jebali a \u00e9t\u00e9 auditionn\u00e9","og_description":"Hamadi Jebali a \u00e9t\u00e9 arr\u00eat\u00e9 pendant quelques heures pour \u00eatre auditionn\u00e9 au sujet d\u2019une affaire bien pr\u00e9cise.","og_url":"https:\/\/www.webdo.tn\/fr\/actualite\/national\/la-raison-pour-laquelle-hamadi-jebali-a-ete-auditionne\/208457\/","og_site_name":"webdo","article_publisher":"https:\/\/www.facebook.com\/webdotn","article_published_time":"2023-09-06T14:50:00+00:00","article_modified_time":"2025-05-20T22:41:24+00:00","og_image":[{"width":700,"height":373,"url":"https:\/\/www.webdo.tn\/fr\/wp-content\/uploads\/2023\/09\/bb25881e0eb5cce0a5e125dcf87c377c.jpg","type":"image\/jpeg"}],"author":"CL","twitter_card":"summary_large_image","twitter_creator":"@webdo_tn","twitter_site":"@webdo_tn","twitter_misc":{"\u00c9crit par":"CL","Dur\u00e9e de lecture estim\u00e9e":"1 minute"},"schema":{"@context":"https:\/\/schema.org","@graph":[{"@type":"NewsArticle","@id":"https:\/\/www.webdo.tn\/fr\/actualite\/national\/la-raison-pour-laquelle-hamadi-jebali-a-ete-auditionne\/208457\/#article","isPartOf":{"@id":"https:\/\/www.webdo.tn\/fr\/actualite\/national\/la-raison-pour-laquelle-hamadi-jebali-a-ete-auditionne\/208457\/"},"author":{"name":"CL","@id":"https:\/\/www.webdo.tn\/fr\/#\/schema\/person\/f35b42a42c5e2511bbd282959d6385cc"},"headline":"La raison pour laquelle Hamadi Jebali a \u00e9t\u00e9 auditionn\u00e9","datePublished":"2023-09-06T14:50:00+00:00","dateModified":"2025-05-20T22:41:24+00:00","mainEntityOfPage":{"@id":"https:\/\/www.webdo.tn\/fr\/actualite\/national\/la-raison-pour-laquelle-hamadi-jebali-a-ete-auditionne\/208457\/"},"wordCount":167,"commentCount":0,"publisher":{"@id":"https:\/\/www.webdo.tn\/fr\/#organization"},"image":{"@id":"https:\/\/www.webdo.tn\/fr\/actualite\/national\/la-raison-pour-laquelle-hamadi-jebali-a-ete-auditionne\/208457\/#primaryimage"},"thumbnailUrl":"https:\/\/www.webdo.tn\/fr\/wp-content\/uploads\/2023\/09\/bb25881e0eb5cce0a5e125dcf87c377c.jpg","keywords":["hamadi jebali","Tunisie"],"articleSection":["National"],"inLanguage":"fr-FR"},{"@type":"WebPage","@id":"https:\/\/www.webdo.tn\/fr\/actualite\/national\/la-raison-pour-laquelle-hamadi-jebali-a-ete-auditionne\/208457\/","url":"https:\/\/www.webdo.tn\/fr\/actualite\/national\/la-raison-pour-laquelle-hamadi-jebali-a-ete-auditionne\/208457\/","name":"La raison pour laquelle Hamadi Jebali a \u00e9t\u00e9 auditionn\u00e9","isPartOf":{"@id":"https:\/\/www.webdo.tn\/fr\/#website"},"primaryImageOfPage":{"@id":"https:\/\/www.webdo.tn\/fr\/actualite\/national\/la-raison-pour-laquelle-hamadi-jebali-a-ete-auditionne\/208457\/#primaryimage"},"image":{"@id":"https:\/\/www.webdo.tn\/fr\/actualite\/national\/la-raison-pour-laquelle-hamadi-jebali-a-ete-auditionne\/208457\/#primaryimage"},"thumbnailUrl":"https:\/\/www.webdo.tn\/fr\/wp-content\/uploads\/2023\/09\/bb25881e0eb5cce0a5e125dcf87c377c.jpg","datePublished":"2023-09-06T14:50:00+00:00","dateModified":"2025-05-20T22:41:24+00:00","description":"Hamadi Jebali a \u00e9t\u00e9 arr\u00eat\u00e9 pendant quelques heures pour \u00eatre auditionn\u00e9 au sujet d\u2019une affaire bien pr\u00e9cise.","breadcrumb":{"@id":"https:\/\/www.webdo.tn\/fr\/actualite\/national\/la-raison-pour-laquelle-hamadi-jebali-a-ete-auditionne\/208457\/#breadcrumb"},"inLanguage":"fr-FR","potentialAction":[{"@type":"ReadAction","target":["https:\/\/www.webdo.tn\/fr\/actualite\/national\/la-raison-pour-laquelle-hamadi-jebali-a-ete-auditionne\/208457\/"]}]},{"@type":"ImageObject","inLanguage":"fr-FR","@id":"https:\/\/www.webdo.tn\/fr\/actualite\/national\/la-raison-pour-laquelle-hamadi-jebali-a-ete-auditionne\/208457\/#primaryimage","url":"https:\/\/www.webdo.tn\/fr\/wp-content\/uploads\/2023\/09\/bb25881e0eb5cce0a5e125dcf87c377c.jpg","contentUrl":"https:\/\/www.webdo.tn\/fr\/wp-content\/uploads\/2023\/09\/bb25881e0eb5cce0a5e125dcf87c377c.jpg","width":700,"height":373,"caption":"La raison pour laquelle Hamadi Jebali a \u00e9t\u00e9 auditionn\u00e9"},{"@type":"BreadcrumbList","@id":"https:\/\/www.webdo.tn\/fr\/actualite\/national\/la-raison-pour-laquelle-hamadi-jebali-a-ete-auditionne\/208457\/#breadcrumb","itemListElement":[{"@type":"ListItem","position":1,"name":"Accueil","item":"https:\/\/www.webdo.tn\/fr\/"},{"@type":"ListItem","position":2,"name":"La raison pour laquelle Hamadi Jebali a \u00e9t\u00e9 auditionn\u00e9"}]},{"@type":"WebSite","@id":"https:\/\/www.webdo.tn\/fr\/#website","url":"https:\/\/www.webdo.tn\/fr\/","name":"webdo","description":"Tunisie - News en Tunisie et \u00e0 l&#039;international sur Webdo.tn","publisher":{"@id":"https:\/\/www.webdo.tn\/fr\/#organization"},"potentialAction":[{"@type":"SearchAction","target":{"@type":"EntryPoint","urlTemplate":"https:\/\/www.webdo.tn\/fr\/?s={search_term_string}"},"query-input":{"@type":"PropertyValueSpecification","valueRequired":true,"valueName":"search_term_string"}}],"inLanguage":"fr-FR"},{"@type":"Organization","@id":"https:\/\/www.webdo.tn\/fr\/#organization","name":"Webdo","alternateName":"Webdo.tn","url":"https:\/\/www.webdo.tn\/fr\/","logo":{"@type":"ImageObject","inLanguage":"fr-FR","@id":"https:\/\/www.webdo.tn\/fr\/#\/schema\/logo\/image\/","url":"https:\/\/www.webdo.tn\/fr\/wp-content\/uploads\/2025\/06\/Webdo-Tunisie_168377.jpg","contentUrl":"https:\/\/www.webdo.tn\/fr\/wp-content\/uploads\/2025\/06\/Webdo-Tunisie_168377.jpg","width":301,"height":301,"caption":"Webdo"},"image":{"@id":"https:\/\/www.webdo.tn\/fr\/#\/schema\/logo\/image\/"},"sameAs":["https:\/\/www.facebook.com\/webdotn","https:\/\/x.com\/webdo_tn"],"description":"Webdo est un m\u00e9dia num\u00e9rique tunisien fond\u00e9 en 2010, sp\u00e9cialis\u00e9 dans l\u2019actualit\u00e9 nationale et internationale, l\u2019\u00e9conomie, la soci\u00e9t\u00e9 et les analyses politiques. Le site s\u2019adresse \u00e0 un large public francophone et couvre l\u2019information tunisienne en temps r\u00e9el.","email":"redac@webdo.tn","legalName":"YNJ SARL","foundingDate":"2010-09-06","numberOfEmployees":{"@type":"QuantitativeValue","minValue":"11","maxValue":"50"}},{"@type":"Person","@id":"https:\/\/www.webdo.tn\/fr\/#\/schema\/person\/f35b42a42c5e2511bbd282959d6385cc","name":"CL","image":{"@type":"ImageObject","inLanguage":"fr-FR","@id":"https:\/\/secure.gravatar.com\/avatar\/1447a49909b67aa657c488aec6512e1dd6143a480c1ecfee9b5b5cd74eb3b59e?s=96&d=mm&r=g","url":"https:\/\/secure.gravatar.com\/avatar\/1447a49909b67aa657c488aec6512e1dd6143a480c1ecfee9b5b5cd74eb3b59e?s=96&d=mm&r=g","contentUrl":"https:\/\/secure.gravatar.com\/avatar\/1447a49909b67aa657c488aec6512e1dd6143a480c1ecfee9b5b5cd74eb3b59e?s=96&d=mm&r=g","caption":"CL"},"url":"https:\/\/www.webdo.tn\/fr\/actualite\/author\/cl\/"}]}},"_links":{"self":[{"href":"https:\/\/www.webdo.tn\/fr\/wp-json\/wp\/v2\/posts\/208457","targetHints":{"allow":["GET"]}}],"collection":[{"href":"https:\/\/www.webdo.tn\/fr\/wp-json\/wp\/v2\/posts"}],"about":[{"href":"https:\/\/www.webdo.tn\/fr\/wp-json\/wp\/v2\/types\/post"}],"author":[{"embeddable":true,"href":"https:\/\/www.webdo.tn\/fr\/wp-json\/wp\/v2\/users\/3175"}],"replies":[{"embeddable":true,"href":"https:\/\/www.webdo.tn\/fr\/wp-json\/wp\/v2\/comments?post=208457"}],"version-history":[{"count":0,"href":"https:\/\/www.webdo.tn\/fr\/wp-json\/wp\/v2\/posts\/208457\/revisions"}],"wp:featuredmedia":[{"embeddable":true,"href":"https:\/\/www.webdo.tn\/fr\/wp-json\/wp\/v2\/media\/249389"}],"wp:attachment":[{"href":"https:\/\/www.webdo.tn\/fr\/wp-json\/wp\/v2\/media?parent=208457"}],"wp:term":[{"taxonomy":"category","embeddable":true,"href":"https:\/\/www.webdo.tn\/fr\/wp-json\/wp\/v2\/categories?post=208457"},{"taxonomy":"post_tag","embeddable":true,"href":"https:\/\/www.webdo.tn\/fr\/wp-json\/wp\/v2\/tags?post=208457"}],"curies":[{"name":"wp","href":"https:\/\/api.w.org\/{rel}","templated":true}]}}