{"id":208451,"date":"2023-09-06T10:58:00","date_gmt":"2023-09-06T10:58:00","guid":{"rendered":"https:\/\/www.webdo.tn\/fr\/blog\/la-detention-de-mondher-lounissi-prolongee\/208451\/"},"modified":"2025-05-20T22:41:22","modified_gmt":"2025-05-20T22:41:22","slug":"la-detention-de-mondher-lounissi-prolongee","status":"publish","type":"post","link":"https:\/\/www.webdo.tn\/fr\/actualite\/national\/la-detention-de-mondher-lounissi-prolongee\/208451\/","title":{"rendered":"La d\u00e9tention de Mondher Lounissi prolong\u00e9e"},"content":{"rendered":"<p>Le parquet au Tribunal de premi\u00e8re instance de Tunis a pris la d\u00e9cision de d\u00e9tenir pour une dur\u00e9e de 48 heures suppl\u00e9mentaires, pouvant \u00eatre prolong\u00e9es une fois, le chef par int\u00e9rim du mouvement Ennahdha, Mondher Lounissi, rapporte Mosa\u00efque FM.\u00a0<\/p>\n<p>\t\t\t\t\t\t\t\t\tMondher Lounissi, pr\u00e9sident du mouvement Ennahdha par int\u00e9rim a \u00e9t\u00e9 arr\u00eat\u00e9 dans la soir\u00e9e de ce mardi 5 septembre 2023.<\/p>\n<p>Mondher Lounissi, qui remplace Rached Ghannouchi \u00e0 la pr\u00e9sidence d\u2019Ennahdha aurait \u00e9t\u00e9 arr\u00eat\u00e9 puis conduit \u00e0 la caserne de la Garde nationale de l\u2019Aouina, a annonc\u00e9 le dirigeant d\u2019Ennahdha, Riadh Chaibi.<\/p>\n<p>Le parti islamiste est actuellement en pleine tourmente suite \u00e0 une pol\u00e9mique relative \u00e0 des enregistrements vocaux fuit\u00e9s et attribu\u00e9s au pr\u00e9sident d\u2019Ennahdha par int\u00e9rim Mondher Lounissi.\u00a0<\/p>\n<p>Ces enregistrements impliqueraient \u00e9galement la journaliste exil\u00e9e Chahrazed Akacha, dans lesquels on \u00e9voque des liens avec la famille Jenayah et la possibilit\u00e9 d\u2019appuyer Ennahdha pour revenir sur la sc\u00e8ne politique et m\u00e9diatique.\u00a0<\/p>\n<p>Le procureur de la R\u00e9publique aupr\u00e8s du Tribunal de premi\u00e8re instance de Tunis a ordonn\u00e9 \u00e0 une brigade sp\u00e9cialis\u00e9e de mener les investigations n\u00e9cessaires pour d\u00e9couvrir les circonstances d&rsquo;un enregistrement audio attribu\u00e9 \u00e0 l&rsquo;actuel pr\u00e9sident par int\u00e9rim du Mouvement Ennahdha.<\/p>\n","protected":false},"excerpt":{"rendered":"<p>Le parquet au Tribunal de premi\u00e8re instance de Tunis a pris la d\u00e9cision de d\u00e9tenir pour une dur\u00e9e de 48 heures suppl\u00e9mentaires, pouvant \u00eatre prolong\u00e9es une fois&#8230;<\/p>\n","protected":false},"author":3175,"featured_media":249380,"comment_status":"open","ping_status":"closed","sticky":false,"template":"","format":"standard","meta":{"footnotes":""},"categories":[44],"tags":[3057,7967,6481,2608],"class_list":["post-208451","post","type-post","status-publish","format-standard","has-post-thumbnail","hentry","category-national","tag-ennahdha","tag-m","tag-mondher-lounissi","tag-tunisie"],"yoast_head":"<!-- This site is optimized with the Yoast SEO Premium plugin v27.5 (Yoast SEO v27.5) - https:\/\/yoast.com\/product\/yoast-seo-premium-wordpress\/ -->\n<title>La d\u00e9tention de Mondher Lounissi prolong\u00e9e<\/title>\n<meta name=\"description\" content=\"Le parquet au Tribunal de premi\u00e8re instance de Tunis a pris la d\u00e9cision de d\u00e9tenir pour une dur\u00e9e de 48 heures suppl\u00e9mentaires, pouvant \u00eatre prolong\u00e9es une fois...\" \/>\n<link rel=\"canonical\" href=\"https:\/\/www.webdo.tn\/fr\/actualite\/national\/la-detention-de-mondher-lounissi-prolongee\/208451\/\" \/>\n<meta property=\"og:locale\" content=\"fr_FR\" \/>\n<meta property=\"og:type\" content=\"article\" \/>\n<meta property=\"og:title\" content=\"La d\u00e9tention de Mondher Lounissi prolong\u00e9e\" \/>\n<meta property=\"og:description\" content=\"Le parquet au Tribunal de premi\u00e8re instance de Tunis a pris la d\u00e9cision de d\u00e9tenir pour une dur\u00e9e de 48 heures suppl\u00e9mentaires, pouvant \u00eatre prolong\u00e9es une fois...\" \/>\n<meta property=\"og:url\" content=\"https:\/\/www.webdo.tn\/fr\/actualite\/national\/la-detention-de-mondher-lounissi-prolongee\/208451\/\" \/>\n<meta property=\"og:site_name\" content=\"webdo\" \/>\n<meta property=\"article:publisher\" content=\"https:\/\/www.facebook.com\/webdotn\" \/>\n<meta property=\"article:published_time\" content=\"2023-09-06T10:58:00+00:00\" \/>\n<meta property=\"article:modified_time\" content=\"2025-05-20T22:41:22+00:00\" \/>\n<meta property=\"og:image\" content=\"https:\/\/www.webdo.tn\/fr\/wp-content\/uploads\/2023\/09\/b3bbe3084055c7309fea568e140659d1.jpg\" \/>\n\t<meta property=\"og:image:width\" content=\"750\" \/>\n\t<meta property=\"og:image:height\" content=\"400\" \/>\n\t<meta property=\"og:image:type\" content=\"image\/jpeg\" \/>\n<meta name=\"author\" content=\"CL\" \/>\n<meta name=\"twitter:card\" content=\"summary_large_image\" \/>\n<meta name=\"twitter:creator\" content=\"@webdo_tn\" \/>\n<meta name=\"twitter:site\" content=\"@webdo_tn\" \/>\n<meta name=\"twitter:label1\" content=\"\u00c9crit par\" \/>\n\t<meta name=\"twitter:data1\" content=\"CL\" \/>\n\t<meta name=\"twitter:label2\" content=\"Dur\u00e9e de lecture estim\u00e9e\" \/>\n\t<meta name=\"twitter:data2\" content=\"1 minute\" \/>\n<script type=\"application\/ld+json\" class=\"yoast-schema-graph\">{\"@context\":\"https:\\\/\\\/schema.org\",\"@graph\":[{\"@type\":\"NewsArticle\",\"@id\":\"https:\\\/\\\/www.webdo.tn\\\/fr\\\/actualite\\\/national\\\/la-detention-de-mondher-lounissi-prolongee\\\/208451\\\/#article\",\"isPartOf\":{\"@id\":\"https:\\\/\\\/www.webdo.tn\\\/fr\\\/actualite\\\/national\\\/la-detention-de-mondher-lounissi-prolongee\\\/208451\\\/\"},\"author\":{\"name\":\"CL\",\"@id\":\"https:\\\/\\\/www.webdo.tn\\\/fr\\\/#\\\/schema\\\/person\\\/f35b42a42c5e2511bbd282959d6385cc\"},\"headline\":\"La d\u00e9tention de Mondher Lounissi prolong\u00e9e\",\"datePublished\":\"2023-09-06T10:58:00+00:00\",\"dateModified\":\"2025-05-20T22:41:22+00:00\",\"mainEntityOfPage\":{\"@id\":\"https:\\\/\\\/www.webdo.tn\\\/fr\\\/actualite\\\/national\\\/la-detention-de-mondher-lounissi-prolongee\\\/208451\\\/\"},\"wordCount\":226,\"commentCount\":0,\"publisher\":{\"@id\":\"https:\\\/\\\/www.webdo.tn\\\/fr\\\/#organization\"},\"image\":{\"@id\":\"https:\\\/\\\/www.webdo.tn\\\/fr\\\/actualite\\\/national\\\/la-detention-de-mondher-lounissi-prolongee\\\/208451\\\/#primaryimage\"},\"thumbnailUrl\":\"https:\\\/\\\/www.webdo.tn\\\/fr\\\/wp-content\\\/uploads\\\/2023\\\/09\\\/b3bbe3084055c7309fea568e140659d1.jpg\",\"keywords\":[\"Ennahdha\",\"m\",\"mondher lounissi\",\"Tunisie\"],\"articleSection\":[\"National\"],\"inLanguage\":\"fr-FR\"},{\"@type\":\"WebPage\",\"@id\":\"https:\\\/\\\/www.webdo.tn\\\/fr\\\/actualite\\\/national\\\/la-detention-de-mondher-lounissi-prolongee\\\/208451\\\/\",\"url\":\"https:\\\/\\\/www.webdo.tn\\\/fr\\\/actualite\\\/national\\\/la-detention-de-mondher-lounissi-prolongee\\\/208451\\\/\",\"name\":\"La d\u00e9tention de Mondher Lounissi prolong\u00e9e\",\"isPartOf\":{\"@id\":\"https:\\\/\\\/www.webdo.tn\\\/fr\\\/#website\"},\"primaryImageOfPage\":{\"@id\":\"https:\\\/\\\/www.webdo.tn\\\/fr\\\/actualite\\\/national\\\/la-detention-de-mondher-lounissi-prolongee\\\/208451\\\/#primaryimage\"},\"image\":{\"@id\":\"https:\\\/\\\/www.webdo.tn\\\/fr\\\/actualite\\\/national\\\/la-detention-de-mondher-lounissi-prolongee\\\/208451\\\/#primaryimage\"},\"thumbnailUrl\":\"https:\\\/\\\/www.webdo.tn\\\/fr\\\/wp-content\\\/uploads\\\/2023\\\/09\\\/b3bbe3084055c7309fea568e140659d1.jpg\",\"datePublished\":\"2023-09-06T10:58:00+00:00\",\"dateModified\":\"2025-05-20T22:41:22+00:00\",\"description\":\"Le parquet au Tribunal de premi\u00e8re instance de Tunis a pris la d\u00e9cision de d\u00e9tenir pour une dur\u00e9e de 48 heures suppl\u00e9mentaires, pouvant \u00eatre prolong\u00e9es une fois...\",\"breadcrumb\":{\"@id\":\"https:\\\/\\\/www.webdo.tn\\\/fr\\\/actualite\\\/national\\\/la-detention-de-mondher-lounissi-prolongee\\\/208451\\\/#breadcrumb\"},\"inLanguage\":\"fr-FR\",\"potentialAction\":[{\"@type\":\"ReadAction\",\"target\":[\"https:\\\/\\\/www.webdo.tn\\\/fr\\\/actualite\\\/national\\\/la-detention-de-mondher-lounissi-prolongee\\\/208451\\\/\"]}]},{\"@type\":\"ImageObject\",\"inLanguage\":\"fr-FR\",\"@id\":\"https:\\\/\\\/www.webdo.tn\\\/fr\\\/actualite\\\/national\\\/la-detention-de-mondher-lounissi-prolongee\\\/208451\\\/#primaryimage\",\"url\":\"https:\\\/\\\/www.webdo.tn\\\/fr\\\/wp-content\\\/uploads\\\/2023\\\/09\\\/b3bbe3084055c7309fea568e140659d1.jpg\",\"contentUrl\":\"https:\\\/\\\/www.webdo.tn\\\/fr\\\/wp-content\\\/uploads\\\/2023\\\/09\\\/b3bbe3084055c7309fea568e140659d1.jpg\",\"width\":750,\"height\":400,\"caption\":\"La d\u00e9tention de Mondher Lounissi prolong\u00e9e\"},{\"@type\":\"BreadcrumbList\",\"@id\":\"https:\\\/\\\/www.webdo.tn\\\/fr\\\/actualite\\\/national\\\/la-detention-de-mondher-lounissi-prolongee\\\/208451\\\/#breadcrumb\",\"itemListElement\":[{\"@type\":\"ListItem\",\"position\":1,\"name\":\"Accueil\",\"item\":\"https:\\\/\\\/www.webdo.tn\\\/fr\\\/\"},{\"@type\":\"ListItem\",\"position\":2,\"name\":\"La d\u00e9tention de Mondher Lounissi prolong\u00e9e\"}]},{\"@type\":\"WebSite\",\"@id\":\"https:\\\/\\\/www.webdo.tn\\\/fr\\\/#website\",\"url\":\"https:\\\/\\\/www.webdo.tn\\\/fr\\\/\",\"name\":\"webdo\",\"description\":\"Tunisie - News en Tunisie et \u00e0 l&#039;international sur Webdo.tn\",\"publisher\":{\"@id\":\"https:\\\/\\\/www.webdo.tn\\\/fr\\\/#organization\"},\"potentialAction\":[{\"@type\":\"SearchAction\",\"target\":{\"@type\":\"EntryPoint\",\"urlTemplate\":\"https:\\\/\\\/www.webdo.tn\\\/fr\\\/?s={search_term_string}\"},\"query-input\":{\"@type\":\"PropertyValueSpecification\",\"valueRequired\":true,\"valueName\":\"search_term_string\"}}],\"inLanguage\":\"fr-FR\"},{\"@type\":\"Organization\",\"@id\":\"https:\\\/\\\/www.webdo.tn\\\/fr\\\/#organization\",\"name\":\"Webdo\",\"alternateName\":\"Webdo.tn\",\"url\":\"https:\\\/\\\/www.webdo.tn\\\/fr\\\/\",\"logo\":{\"@type\":\"ImageObject\",\"inLanguage\":\"fr-FR\",\"@id\":\"https:\\\/\\\/www.webdo.tn\\\/fr\\\/#\\\/schema\\\/logo\\\/image\\\/\",\"url\":\"https:\\\/\\\/www.webdo.tn\\\/fr\\\/wp-content\\\/uploads\\\/2025\\\/06\\\/Webdo-Tunisie_168377.jpg\",\"contentUrl\":\"https:\\\/\\\/www.webdo.tn\\\/fr\\\/wp-content\\\/uploads\\\/2025\\\/06\\\/Webdo-Tunisie_168377.jpg\",\"width\":301,\"height\":301,\"caption\":\"Webdo\"},\"image\":{\"@id\":\"https:\\\/\\\/www.webdo.tn\\\/fr\\\/#\\\/schema\\\/logo\\\/image\\\/\"},\"sameAs\":[\"https:\\\/\\\/www.facebook.com\\\/webdotn\",\"https:\\\/\\\/x.com\\\/webdo_tn\"],\"description\":\"Webdo est un m\u00e9dia num\u00e9rique tunisien fond\u00e9 en 2010, sp\u00e9cialis\u00e9 dans l\u2019actualit\u00e9 nationale et internationale, l\u2019\u00e9conomie, la soci\u00e9t\u00e9 et les analyses politiques. Le site s\u2019adresse \u00e0 un large public francophone et couvre l\u2019information tunisienne en temps r\u00e9el.\",\"email\":\"redac@webdo.tn\",\"legalName\":\"YNJ SARL\",\"foundingDate\":\"2010-09-06\",\"numberOfEmployees\":{\"@type\":\"QuantitativeValue\",\"minValue\":\"11\",\"maxValue\":\"50\"}},{\"@type\":\"Person\",\"@id\":\"https:\\\/\\\/www.webdo.tn\\\/fr\\\/#\\\/schema\\\/person\\\/f35b42a42c5e2511bbd282959d6385cc\",\"name\":\"CL\",\"image\":{\"@type\":\"ImageObject\",\"inLanguage\":\"fr-FR\",\"@id\":\"https:\\\/\\\/secure.gravatar.com\\\/avatar\\\/1447a49909b67aa657c488aec6512e1dd6143a480c1ecfee9b5b5cd74eb3b59e?s=96&d=mm&r=g\",\"url\":\"https:\\\/\\\/secure.gravatar.com\\\/avatar\\\/1447a49909b67aa657c488aec6512e1dd6143a480c1ecfee9b5b5cd74eb3b59e?s=96&d=mm&r=g\",\"contentUrl\":\"https:\\\/\\\/secure.gravatar.com\\\/avatar\\\/1447a49909b67aa657c488aec6512e1dd6143a480c1ecfee9b5b5cd74eb3b59e?s=96&d=mm&r=g\",\"caption\":\"CL\"},\"url\":\"https:\\\/\\\/www.webdo.tn\\\/fr\\\/actualite\\\/author\\\/cl\\\/\"}]}<\/script>\n<!-- \/ Yoast SEO Premium plugin. -->","yoast_head_json":{"title":"La d\u00e9tention de Mondher Lounissi prolong\u00e9e","description":"Le parquet au Tribunal de premi\u00e8re instance de Tunis a pris la d\u00e9cision de d\u00e9tenir pour une dur\u00e9e de 48 heures suppl\u00e9mentaires, pouvant \u00eatre prolong\u00e9es une fois...","canonical":"https:\/\/www.webdo.tn\/fr\/actualite\/national\/la-detention-de-mondher-lounissi-prolongee\/208451\/","og_locale":"fr_FR","og_type":"article","og_title":"La d\u00e9tention de Mondher Lounissi prolong\u00e9e","og_description":"Le parquet au Tribunal de premi\u00e8re instance de Tunis a pris la d\u00e9cision de d\u00e9tenir pour une dur\u00e9e de 48 heures suppl\u00e9mentaires, pouvant \u00eatre prolong\u00e9es une fois...","og_url":"https:\/\/www.webdo.tn\/fr\/actualite\/national\/la-detention-de-mondher-lounissi-prolongee\/208451\/","og_site_name":"webdo","article_publisher":"https:\/\/www.facebook.com\/webdotn","article_published_time":"2023-09-06T10:58:00+00:00","article_modified_time":"2025-05-20T22:41:22+00:00","og_image":[{"width":750,"height":400,"url":"https:\/\/www.webdo.tn\/fr\/wp-content\/uploads\/2023\/09\/b3bbe3084055c7309fea568e140659d1.jpg","type":"image\/jpeg"}],"author":"CL","twitter_card":"summary_large_image","twitter_creator":"@webdo_tn","twitter_site":"@webdo_tn","twitter_misc":{"\u00c9crit par":"CL","Dur\u00e9e de lecture estim\u00e9e":"1 minute"},"schema":{"@context":"https:\/\/schema.org","@graph":[{"@type":"NewsArticle","@id":"https:\/\/www.webdo.tn\/fr\/actualite\/national\/la-detention-de-mondher-lounissi-prolongee\/208451\/#article","isPartOf":{"@id":"https:\/\/www.webdo.tn\/fr\/actualite\/national\/la-detention-de-mondher-lounissi-prolongee\/208451\/"},"author":{"name":"CL","@id":"https:\/\/www.webdo.tn\/fr\/#\/schema\/person\/f35b42a42c5e2511bbd282959d6385cc"},"headline":"La d\u00e9tention de Mondher Lounissi prolong\u00e9e","datePublished":"2023-09-06T10:58:00+00:00","dateModified":"2025-05-20T22:41:22+00:00","mainEntityOfPage":{"@id":"https:\/\/www.webdo.tn\/fr\/actualite\/national\/la-detention-de-mondher-lounissi-prolongee\/208451\/"},"wordCount":226,"commentCount":0,"publisher":{"@id":"https:\/\/www.webdo.tn\/fr\/#organization"},"image":{"@id":"https:\/\/www.webdo.tn\/fr\/actualite\/national\/la-detention-de-mondher-lounissi-prolongee\/208451\/#primaryimage"},"thumbnailUrl":"https:\/\/www.webdo.tn\/fr\/wp-content\/uploads\/2023\/09\/b3bbe3084055c7309fea568e140659d1.jpg","keywords":["Ennahdha","m","mondher lounissi","Tunisie"],"articleSection":["National"],"inLanguage":"fr-FR"},{"@type":"WebPage","@id":"https:\/\/www.webdo.tn\/fr\/actualite\/national\/la-detention-de-mondher-lounissi-prolongee\/208451\/","url":"https:\/\/www.webdo.tn\/fr\/actualite\/national\/la-detention-de-mondher-lounissi-prolongee\/208451\/","name":"La d\u00e9tention de Mondher Lounissi prolong\u00e9e","isPartOf":{"@id":"https:\/\/www.webdo.tn\/fr\/#website"},"primaryImageOfPage":{"@id":"https:\/\/www.webdo.tn\/fr\/actualite\/national\/la-detention-de-mondher-lounissi-prolongee\/208451\/#primaryimage"},"image":{"@id":"https:\/\/www.webdo.tn\/fr\/actualite\/national\/la-detention-de-mondher-lounissi-prolongee\/208451\/#primaryimage"},"thumbnailUrl":"https:\/\/www.webdo.tn\/fr\/wp-content\/uploads\/2023\/09\/b3bbe3084055c7309fea568e140659d1.jpg","datePublished":"2023-09-06T10:58:00+00:00","dateModified":"2025-05-20T22:41:22+00:00","description":"Le parquet au Tribunal de premi\u00e8re instance de Tunis a pris la d\u00e9cision de d\u00e9tenir pour une dur\u00e9e de 48 heures suppl\u00e9mentaires, pouvant \u00eatre prolong\u00e9es une fois...","breadcrumb":{"@id":"https:\/\/www.webdo.tn\/fr\/actualite\/national\/la-detention-de-mondher-lounissi-prolongee\/208451\/#breadcrumb"},"inLanguage":"fr-FR","potentialAction":[{"@type":"ReadAction","target":["https:\/\/www.webdo.tn\/fr\/actualite\/national\/la-detention-de-mondher-lounissi-prolongee\/208451\/"]}]},{"@type":"ImageObject","inLanguage":"fr-FR","@id":"https:\/\/www.webdo.tn\/fr\/actualite\/national\/la-detention-de-mondher-lounissi-prolongee\/208451\/#primaryimage","url":"https:\/\/www.webdo.tn\/fr\/wp-content\/uploads\/2023\/09\/b3bbe3084055c7309fea568e140659d1.jpg","contentUrl":"https:\/\/www.webdo.tn\/fr\/wp-content\/uploads\/2023\/09\/b3bbe3084055c7309fea568e140659d1.jpg","width":750,"height":400,"caption":"La d\u00e9tention de Mondher Lounissi prolong\u00e9e"},{"@type":"BreadcrumbList","@id":"https:\/\/www.webdo.tn\/fr\/actualite\/national\/la-detention-de-mondher-lounissi-prolongee\/208451\/#breadcrumb","itemListElement":[{"@type":"ListItem","position":1,"name":"Accueil","item":"https:\/\/www.webdo.tn\/fr\/"},{"@type":"ListItem","position":2,"name":"La d\u00e9tention de Mondher Lounissi prolong\u00e9e"}]},{"@type":"WebSite","@id":"https:\/\/www.webdo.tn\/fr\/#website","url":"https:\/\/www.webdo.tn\/fr\/","name":"webdo","description":"Tunisie - News en Tunisie et \u00e0 l&#039;international sur Webdo.tn","publisher":{"@id":"https:\/\/www.webdo.tn\/fr\/#organization"},"potentialAction":[{"@type":"SearchAction","target":{"@type":"EntryPoint","urlTemplate":"https:\/\/www.webdo.tn\/fr\/?s={search_term_string}"},"query-input":{"@type":"PropertyValueSpecification","valueRequired":true,"valueName":"search_term_string"}}],"inLanguage":"fr-FR"},{"@type":"Organization","@id":"https:\/\/www.webdo.tn\/fr\/#organization","name":"Webdo","alternateName":"Webdo.tn","url":"https:\/\/www.webdo.tn\/fr\/","logo":{"@type":"ImageObject","inLanguage":"fr-FR","@id":"https:\/\/www.webdo.tn\/fr\/#\/schema\/logo\/image\/","url":"https:\/\/www.webdo.tn\/fr\/wp-content\/uploads\/2025\/06\/Webdo-Tunisie_168377.jpg","contentUrl":"https:\/\/www.webdo.tn\/fr\/wp-content\/uploads\/2025\/06\/Webdo-Tunisie_168377.jpg","width":301,"height":301,"caption":"Webdo"},"image":{"@id":"https:\/\/www.webdo.tn\/fr\/#\/schema\/logo\/image\/"},"sameAs":["https:\/\/www.facebook.com\/webdotn","https:\/\/x.com\/webdo_tn"],"description":"Webdo est un m\u00e9dia num\u00e9rique tunisien fond\u00e9 en 2010, sp\u00e9cialis\u00e9 dans l\u2019actualit\u00e9 nationale et internationale, l\u2019\u00e9conomie, la soci\u00e9t\u00e9 et les analyses politiques. Le site s\u2019adresse \u00e0 un large public francophone et couvre l\u2019information tunisienne en temps r\u00e9el.","email":"redac@webdo.tn","legalName":"YNJ SARL","foundingDate":"2010-09-06","numberOfEmployees":{"@type":"QuantitativeValue","minValue":"11","maxValue":"50"}},{"@type":"Person","@id":"https:\/\/www.webdo.tn\/fr\/#\/schema\/person\/f35b42a42c5e2511bbd282959d6385cc","name":"CL","image":{"@type":"ImageObject","inLanguage":"fr-FR","@id":"https:\/\/secure.gravatar.com\/avatar\/1447a49909b67aa657c488aec6512e1dd6143a480c1ecfee9b5b5cd74eb3b59e?s=96&d=mm&r=g","url":"https:\/\/secure.gravatar.com\/avatar\/1447a49909b67aa657c488aec6512e1dd6143a480c1ecfee9b5b5cd74eb3b59e?s=96&d=mm&r=g","contentUrl":"https:\/\/secure.gravatar.com\/avatar\/1447a49909b67aa657c488aec6512e1dd6143a480c1ecfee9b5b5cd74eb3b59e?s=96&d=mm&r=g","caption":"CL"},"url":"https:\/\/www.webdo.tn\/fr\/actualite\/author\/cl\/"}]}},"_links":{"self":[{"href":"https:\/\/www.webdo.tn\/fr\/wp-json\/wp\/v2\/posts\/208451","targetHints":{"allow":["GET"]}}],"collection":[{"href":"https:\/\/www.webdo.tn\/fr\/wp-json\/wp\/v2\/posts"}],"about":[{"href":"https:\/\/www.webdo.tn\/fr\/wp-json\/wp\/v2\/types\/post"}],"author":[{"embeddable":true,"href":"https:\/\/www.webdo.tn\/fr\/wp-json\/wp\/v2\/users\/3175"}],"replies":[{"embeddable":true,"href":"https:\/\/www.webdo.tn\/fr\/wp-json\/wp\/v2\/comments?post=208451"}],"version-history":[{"count":0,"href":"https:\/\/www.webdo.tn\/fr\/wp-json\/wp\/v2\/posts\/208451\/revisions"}],"wp:featuredmedia":[{"embeddable":true,"href":"https:\/\/www.webdo.tn\/fr\/wp-json\/wp\/v2\/media\/249380"}],"wp:attachment":[{"href":"https:\/\/www.webdo.tn\/fr\/wp-json\/wp\/v2\/media?parent=208451"}],"wp:term":[{"taxonomy":"category","embeddable":true,"href":"https:\/\/www.webdo.tn\/fr\/wp-json\/wp\/v2\/categories?post=208451"},{"taxonomy":"post_tag","embeddable":true,"href":"https:\/\/www.webdo.tn\/fr\/wp-json\/wp\/v2\/tags?post=208451"}],"curies":[{"name":"wp","href":"https:\/\/api.w.org\/{rel}","templated":true}]}}