{"id":208437,"date":"2023-09-05T22:09:00","date_gmt":"2023-09-05T22:09:00","guid":{"rendered":"https:\/\/www.webdo.tn\/fr\/blog\/arrestation-du-president-d-ennahdha-par-interim-mondher-lounissi\/208437\/"},"modified":"2025-05-20T22:09:56","modified_gmt":"2025-05-20T22:09:56","slug":"arrestation-du-president-d-ennahdha-par-interim-mondher-lounissi","status":"publish","type":"post","link":"https:\/\/www.webdo.tn\/fr\/actualite\/national\/arrestation-du-president-d-ennahdha-par-interim-mondher-lounissi\/208437\/","title":{"rendered":"Arrestation du pr\u00e9sident d\u2019Ennahdha par int\u00e9rim, Mondher Lounissi"},"content":{"rendered":"<p>Mondher Lounissi, pr\u00e9sident du mouvement Ennahdha par int\u00e9rim a \u00e9t\u00e9 arr\u00eat\u00e9 dans la soir\u00e9e de ce mardi 5 septembre 2023.<\/p>\n<p>\t\t\t\t\t\t\t\t\tMondher Lounissi, qui remplace Rached Ghannouchi \u00e0 la pr\u00e9sidence d\u2019Ennahdha aurait \u00e9t\u00e9 arr\u00eat\u00e9 puis conduit \u00e0 la caserne de la Garde nationale de l\u2019Aouina, a annonc\u00e9 le dirigeant d\u2019Ennahdha, Riadh Chaibi.<\/p>\n<p>Cette annonce a \u00e9t\u00e9 faite dans une publication sur Facebook, ce mardi 5 septembre 2023 aux alentours de 21h00.<\/p>\n","protected":false},"excerpt":{"rendered":"<p>Mondher Lounissi, pr\u00e9sident du mouvement Ennahdha par int\u00e9rim a \u00e9t\u00e9 arr\u00eat\u00e9 dans la soir\u00e9e de ce mardi 5 septembre 2023.<\/p>\n","protected":false},"author":3162,"featured_media":278720,"comment_status":"open","ping_status":"closed","sticky":false,"template":"","format":"standard","meta":{"footnotes":""},"categories":[44],"tags":[2966,3057,6481],"class_list":["post-208437","post","type-post","status-publish","format-standard","has-post-thumbnail","hentry","category-national","tag-arrestation","tag-ennahdha","tag-mondher-lounissi"],"yoast_head":"<!-- This site is optimized with the Yoast SEO Premium plugin v27.5 (Yoast SEO v27.5) - https:\/\/yoast.com\/product\/yoast-seo-premium-wordpress\/ -->\n<title>Arrestation du pr\u00e9sident d\u2019Ennahdha par int\u00e9rim, Mondher Lounissi<\/title>\n<meta name=\"description\" content=\"Mondher Lounissi, pr\u00e9sident du mouvement Ennahdha par int\u00e9rim a \u00e9t\u00e9 arr\u00eat\u00e9 dans la soir\u00e9e de ce mardi 5 septembre 2023.\" \/>\n<link rel=\"canonical\" href=\"https:\/\/www.webdo.tn\/fr\/actualite\/national\/arrestation-du-president-d-ennahdha-par-interim-mondher-lounissi\/208437\/\" \/>\n<meta property=\"og:locale\" content=\"fr_FR\" \/>\n<meta property=\"og:type\" content=\"article\" \/>\n<meta property=\"og:title\" content=\"Arrestation du pr\u00e9sident d\u2019Ennahdha par int\u00e9rim, Mondher Lounissi\" \/>\n<meta property=\"og:description\" content=\"Mondher Lounissi, pr\u00e9sident du mouvement Ennahdha par int\u00e9rim a \u00e9t\u00e9 arr\u00eat\u00e9 dans la soir\u00e9e de ce mardi 5 septembre 2023.\" \/>\n<meta property=\"og:url\" content=\"https:\/\/www.webdo.tn\/fr\/actualite\/national\/arrestation-du-president-d-ennahdha-par-interim-mondher-lounissi\/208437\/\" \/>\n<meta property=\"og:site_name\" content=\"webdo\" \/>\n<meta property=\"article:publisher\" content=\"https:\/\/www.facebook.com\/webdotn\" \/>\n<meta property=\"article:published_time\" content=\"2023-09-05T22:09:00+00:00\" \/>\n<meta property=\"article:modified_time\" content=\"2025-05-20T22:09:56+00:00\" \/>\n<meta property=\"og:image\" content=\"https:\/\/www.webdo.tn\/fr\/wp-content\/uploads\/2023\/09\/cf677b51576495b486c1cb9876d34f04.jpg\" \/>\n\t<meta property=\"og:image:width\" content=\"650\" \/>\n\t<meta property=\"og:image:height\" content=\"347\" \/>\n\t<meta property=\"og:image:type\" content=\"image\/jpeg\" \/>\n<meta name=\"author\" content=\"MC\" \/>\n<meta name=\"twitter:card\" content=\"summary_large_image\" \/>\n<meta name=\"twitter:creator\" content=\"@webdo_tn\" \/>\n<meta name=\"twitter:site\" content=\"@webdo_tn\" \/>\n<meta name=\"twitter:label1\" content=\"\u00c9crit par\" \/>\n\t<meta name=\"twitter:data1\" content=\"MC\" \/>\n<script type=\"application\/ld+json\" class=\"yoast-schema-graph\">{\"@context\":\"https:\\\/\\\/schema.org\",\"@graph\":[{\"@type\":\"NewsArticle\",\"@id\":\"https:\\\/\\\/www.webdo.tn\\\/fr\\\/actualite\\\/national\\\/arrestation-du-president-d-ennahdha-par-interim-mondher-lounissi\\\/208437\\\/#article\",\"isPartOf\":{\"@id\":\"https:\\\/\\\/www.webdo.tn\\\/fr\\\/actualite\\\/national\\\/arrestation-du-president-d-ennahdha-par-interim-mondher-lounissi\\\/208437\\\/\"},\"author\":{\"name\":\"MC\",\"@id\":\"https:\\\/\\\/www.webdo.tn\\\/fr\\\/#\\\/schema\\\/person\\\/2c4929cbf5a809e3bd38617c6ce150f6\"},\"headline\":\"Arrestation du pr\u00e9sident d\u2019Ennahdha par int\u00e9rim, Mondher Lounissi\",\"datePublished\":\"2023-09-05T22:09:00+00:00\",\"dateModified\":\"2025-05-20T22:09:56+00:00\",\"mainEntityOfPage\":{\"@id\":\"https:\\\/\\\/www.webdo.tn\\\/fr\\\/actualite\\\/national\\\/arrestation-du-president-d-ennahdha-par-interim-mondher-lounissi\\\/208437\\\/\"},\"wordCount\":84,\"commentCount\":0,\"publisher\":{\"@id\":\"https:\\\/\\\/www.webdo.tn\\\/fr\\\/#organization\"},\"image\":{\"@id\":\"https:\\\/\\\/www.webdo.tn\\\/fr\\\/actualite\\\/national\\\/arrestation-du-president-d-ennahdha-par-interim-mondher-lounissi\\\/208437\\\/#primaryimage\"},\"thumbnailUrl\":\"https:\\\/\\\/www.webdo.tn\\\/fr\\\/wp-content\\\/uploads\\\/2023\\\/09\\\/cf677b51576495b486c1cb9876d34f04.jpg\",\"keywords\":[\"arrestation\",\"Ennahdha\",\"mondher lounissi\"],\"articleSection\":[\"National\"],\"inLanguage\":\"fr-FR\"},{\"@type\":\"WebPage\",\"@id\":\"https:\\\/\\\/www.webdo.tn\\\/fr\\\/actualite\\\/national\\\/arrestation-du-president-d-ennahdha-par-interim-mondher-lounissi\\\/208437\\\/\",\"url\":\"https:\\\/\\\/www.webdo.tn\\\/fr\\\/actualite\\\/national\\\/arrestation-du-president-d-ennahdha-par-interim-mondher-lounissi\\\/208437\\\/\",\"name\":\"Arrestation du pr\u00e9sident d\u2019Ennahdha par int\u00e9rim, Mondher Lounissi\",\"isPartOf\":{\"@id\":\"https:\\\/\\\/www.webdo.tn\\\/fr\\\/#website\"},\"primaryImageOfPage\":{\"@id\":\"https:\\\/\\\/www.webdo.tn\\\/fr\\\/actualite\\\/national\\\/arrestation-du-president-d-ennahdha-par-interim-mondher-lounissi\\\/208437\\\/#primaryimage\"},\"image\":{\"@id\":\"https:\\\/\\\/www.webdo.tn\\\/fr\\\/actualite\\\/national\\\/arrestation-du-president-d-ennahdha-par-interim-mondher-lounissi\\\/208437\\\/#primaryimage\"},\"thumbnailUrl\":\"https:\\\/\\\/www.webdo.tn\\\/fr\\\/wp-content\\\/uploads\\\/2023\\\/09\\\/cf677b51576495b486c1cb9876d34f04.jpg\",\"datePublished\":\"2023-09-05T22:09:00+00:00\",\"dateModified\":\"2025-05-20T22:09:56+00:00\",\"description\":\"Mondher Lounissi, pr\u00e9sident du mouvement Ennahdha par int\u00e9rim a \u00e9t\u00e9 arr\u00eat\u00e9 dans la soir\u00e9e de ce mardi 5 septembre 2023.\",\"breadcrumb\":{\"@id\":\"https:\\\/\\\/www.webdo.tn\\\/fr\\\/actualite\\\/national\\\/arrestation-du-president-d-ennahdha-par-interim-mondher-lounissi\\\/208437\\\/#breadcrumb\"},\"inLanguage\":\"fr-FR\",\"potentialAction\":[{\"@type\":\"ReadAction\",\"target\":[\"https:\\\/\\\/www.webdo.tn\\\/fr\\\/actualite\\\/national\\\/arrestation-du-president-d-ennahdha-par-interim-mondher-lounissi\\\/208437\\\/\"]}]},{\"@type\":\"ImageObject\",\"inLanguage\":\"fr-FR\",\"@id\":\"https:\\\/\\\/www.webdo.tn\\\/fr\\\/actualite\\\/national\\\/arrestation-du-president-d-ennahdha-par-interim-mondher-lounissi\\\/208437\\\/#primaryimage\",\"url\":\"https:\\\/\\\/www.webdo.tn\\\/fr\\\/wp-content\\\/uploads\\\/2023\\\/09\\\/cf677b51576495b486c1cb9876d34f04.jpg\",\"contentUrl\":\"https:\\\/\\\/www.webdo.tn\\\/fr\\\/wp-content\\\/uploads\\\/2023\\\/09\\\/cf677b51576495b486c1cb9876d34f04.jpg\",\"width\":650,\"height\":347,\"caption\":\"Arrestation du pr\u00e9sident d\u2019Ennahdha par int\u00e9rim, Mondher Lounissi\"},{\"@type\":\"BreadcrumbList\",\"@id\":\"https:\\\/\\\/www.webdo.tn\\\/fr\\\/actualite\\\/national\\\/arrestation-du-president-d-ennahdha-par-interim-mondher-lounissi\\\/208437\\\/#breadcrumb\",\"itemListElement\":[{\"@type\":\"ListItem\",\"position\":1,\"name\":\"Accueil\",\"item\":\"https:\\\/\\\/www.webdo.tn\\\/fr\\\/\"},{\"@type\":\"ListItem\",\"position\":2,\"name\":\"Arrestation du pr\u00e9sident d\u2019Ennahdha par int\u00e9rim, Mondher Lounissi\"}]},{\"@type\":\"WebSite\",\"@id\":\"https:\\\/\\\/www.webdo.tn\\\/fr\\\/#website\",\"url\":\"https:\\\/\\\/www.webdo.tn\\\/fr\\\/\",\"name\":\"webdo\",\"description\":\"Tunisie - News en Tunisie et \u00e0 l&#039;international sur Webdo.tn\",\"publisher\":{\"@id\":\"https:\\\/\\\/www.webdo.tn\\\/fr\\\/#organization\"},\"potentialAction\":[{\"@type\":\"SearchAction\",\"target\":{\"@type\":\"EntryPoint\",\"urlTemplate\":\"https:\\\/\\\/www.webdo.tn\\\/fr\\\/?s={search_term_string}\"},\"query-input\":{\"@type\":\"PropertyValueSpecification\",\"valueRequired\":true,\"valueName\":\"search_term_string\"}}],\"inLanguage\":\"fr-FR\"},{\"@type\":\"Organization\",\"@id\":\"https:\\\/\\\/www.webdo.tn\\\/fr\\\/#organization\",\"name\":\"Webdo\",\"alternateName\":\"Webdo.tn\",\"url\":\"https:\\\/\\\/www.webdo.tn\\\/fr\\\/\",\"logo\":{\"@type\":\"ImageObject\",\"inLanguage\":\"fr-FR\",\"@id\":\"https:\\\/\\\/www.webdo.tn\\\/fr\\\/#\\\/schema\\\/logo\\\/image\\\/\",\"url\":\"https:\\\/\\\/www.webdo.tn\\\/fr\\\/wp-content\\\/uploads\\\/2025\\\/06\\\/Webdo-Tunisie_168377.jpg\",\"contentUrl\":\"https:\\\/\\\/www.webdo.tn\\\/fr\\\/wp-content\\\/uploads\\\/2025\\\/06\\\/Webdo-Tunisie_168377.jpg\",\"width\":301,\"height\":301,\"caption\":\"Webdo\"},\"image\":{\"@id\":\"https:\\\/\\\/www.webdo.tn\\\/fr\\\/#\\\/schema\\\/logo\\\/image\\\/\"},\"sameAs\":[\"https:\\\/\\\/www.facebook.com\\\/webdotn\",\"https:\\\/\\\/x.com\\\/webdo_tn\"],\"description\":\"Webdo est un m\u00e9dia num\u00e9rique tunisien fond\u00e9 en 2010, sp\u00e9cialis\u00e9 dans l\u2019actualit\u00e9 nationale et internationale, l\u2019\u00e9conomie, la soci\u00e9t\u00e9 et les analyses politiques. Le site s\u2019adresse \u00e0 un large public francophone et couvre l\u2019information tunisienne en temps r\u00e9el.\",\"email\":\"redac@webdo.tn\",\"legalName\":\"YNJ SARL\",\"foundingDate\":\"2010-09-06\",\"numberOfEmployees\":{\"@type\":\"QuantitativeValue\",\"minValue\":\"11\",\"maxValue\":\"50\"}},{\"@type\":\"Person\",\"@id\":\"https:\\\/\\\/www.webdo.tn\\\/fr\\\/#\\\/schema\\\/person\\\/2c4929cbf5a809e3bd38617c6ce150f6\",\"name\":\"MC\",\"image\":{\"@type\":\"ImageObject\",\"inLanguage\":\"fr-FR\",\"@id\":\"https:\\\/\\\/secure.gravatar.com\\\/avatar\\\/a545bbb6f84efdd5553dbbc2895e3ca8f1d12c5215e00a041c9670b54aa9b18a?s=96&d=mm&r=g\",\"url\":\"https:\\\/\\\/secure.gravatar.com\\\/avatar\\\/a545bbb6f84efdd5553dbbc2895e3ca8f1d12c5215e00a041c9670b54aa9b18a?s=96&d=mm&r=g\",\"contentUrl\":\"https:\\\/\\\/secure.gravatar.com\\\/avatar\\\/a545bbb6f84efdd5553dbbc2895e3ca8f1d12c5215e00a041c9670b54aa9b18a?s=96&d=mm&r=g\",\"caption\":\"MC\"},\"url\":\"https:\\\/\\\/www.webdo.tn\\\/fr\\\/actualite\\\/author\\\/mc\\\/\"}]}<\/script>\n<!-- \/ Yoast SEO Premium plugin. -->","yoast_head_json":{"title":"Arrestation du pr\u00e9sident d\u2019Ennahdha par int\u00e9rim, Mondher Lounissi","description":"Mondher Lounissi, pr\u00e9sident du mouvement Ennahdha par int\u00e9rim a \u00e9t\u00e9 arr\u00eat\u00e9 dans la soir\u00e9e de ce mardi 5 septembre 2023.","canonical":"https:\/\/www.webdo.tn\/fr\/actualite\/national\/arrestation-du-president-d-ennahdha-par-interim-mondher-lounissi\/208437\/","og_locale":"fr_FR","og_type":"article","og_title":"Arrestation du pr\u00e9sident d\u2019Ennahdha par int\u00e9rim, Mondher Lounissi","og_description":"Mondher Lounissi, pr\u00e9sident du mouvement Ennahdha par int\u00e9rim a \u00e9t\u00e9 arr\u00eat\u00e9 dans la soir\u00e9e de ce mardi 5 septembre 2023.","og_url":"https:\/\/www.webdo.tn\/fr\/actualite\/national\/arrestation-du-president-d-ennahdha-par-interim-mondher-lounissi\/208437\/","og_site_name":"webdo","article_publisher":"https:\/\/www.facebook.com\/webdotn","article_published_time":"2023-09-05T22:09:00+00:00","article_modified_time":"2025-05-20T22:09:56+00:00","og_image":[{"width":650,"height":347,"url":"https:\/\/www.webdo.tn\/fr\/wp-content\/uploads\/2023\/09\/cf677b51576495b486c1cb9876d34f04.jpg","type":"image\/jpeg"}],"author":"MC","twitter_card":"summary_large_image","twitter_creator":"@webdo_tn","twitter_site":"@webdo_tn","twitter_misc":{"\u00c9crit par":"MC"},"schema":{"@context":"https:\/\/schema.org","@graph":[{"@type":"NewsArticle","@id":"https:\/\/www.webdo.tn\/fr\/actualite\/national\/arrestation-du-president-d-ennahdha-par-interim-mondher-lounissi\/208437\/#article","isPartOf":{"@id":"https:\/\/www.webdo.tn\/fr\/actualite\/national\/arrestation-du-president-d-ennahdha-par-interim-mondher-lounissi\/208437\/"},"author":{"name":"MC","@id":"https:\/\/www.webdo.tn\/fr\/#\/schema\/person\/2c4929cbf5a809e3bd38617c6ce150f6"},"headline":"Arrestation du pr\u00e9sident d\u2019Ennahdha par int\u00e9rim, Mondher Lounissi","datePublished":"2023-09-05T22:09:00+00:00","dateModified":"2025-05-20T22:09:56+00:00","mainEntityOfPage":{"@id":"https:\/\/www.webdo.tn\/fr\/actualite\/national\/arrestation-du-president-d-ennahdha-par-interim-mondher-lounissi\/208437\/"},"wordCount":84,"commentCount":0,"publisher":{"@id":"https:\/\/www.webdo.tn\/fr\/#organization"},"image":{"@id":"https:\/\/www.webdo.tn\/fr\/actualite\/national\/arrestation-du-president-d-ennahdha-par-interim-mondher-lounissi\/208437\/#primaryimage"},"thumbnailUrl":"https:\/\/www.webdo.tn\/fr\/wp-content\/uploads\/2023\/09\/cf677b51576495b486c1cb9876d34f04.jpg","keywords":["arrestation","Ennahdha","mondher lounissi"],"articleSection":["National"],"inLanguage":"fr-FR"},{"@type":"WebPage","@id":"https:\/\/www.webdo.tn\/fr\/actualite\/national\/arrestation-du-president-d-ennahdha-par-interim-mondher-lounissi\/208437\/","url":"https:\/\/www.webdo.tn\/fr\/actualite\/national\/arrestation-du-president-d-ennahdha-par-interim-mondher-lounissi\/208437\/","name":"Arrestation du pr\u00e9sident d\u2019Ennahdha par int\u00e9rim, Mondher Lounissi","isPartOf":{"@id":"https:\/\/www.webdo.tn\/fr\/#website"},"primaryImageOfPage":{"@id":"https:\/\/www.webdo.tn\/fr\/actualite\/national\/arrestation-du-president-d-ennahdha-par-interim-mondher-lounissi\/208437\/#primaryimage"},"image":{"@id":"https:\/\/www.webdo.tn\/fr\/actualite\/national\/arrestation-du-president-d-ennahdha-par-interim-mondher-lounissi\/208437\/#primaryimage"},"thumbnailUrl":"https:\/\/www.webdo.tn\/fr\/wp-content\/uploads\/2023\/09\/cf677b51576495b486c1cb9876d34f04.jpg","datePublished":"2023-09-05T22:09:00+00:00","dateModified":"2025-05-20T22:09:56+00:00","description":"Mondher Lounissi, pr\u00e9sident du mouvement Ennahdha par int\u00e9rim a \u00e9t\u00e9 arr\u00eat\u00e9 dans la soir\u00e9e de ce mardi 5 septembre 2023.","breadcrumb":{"@id":"https:\/\/www.webdo.tn\/fr\/actualite\/national\/arrestation-du-president-d-ennahdha-par-interim-mondher-lounissi\/208437\/#breadcrumb"},"inLanguage":"fr-FR","potentialAction":[{"@type":"ReadAction","target":["https:\/\/www.webdo.tn\/fr\/actualite\/national\/arrestation-du-president-d-ennahdha-par-interim-mondher-lounissi\/208437\/"]}]},{"@type":"ImageObject","inLanguage":"fr-FR","@id":"https:\/\/www.webdo.tn\/fr\/actualite\/national\/arrestation-du-president-d-ennahdha-par-interim-mondher-lounissi\/208437\/#primaryimage","url":"https:\/\/www.webdo.tn\/fr\/wp-content\/uploads\/2023\/09\/cf677b51576495b486c1cb9876d34f04.jpg","contentUrl":"https:\/\/www.webdo.tn\/fr\/wp-content\/uploads\/2023\/09\/cf677b51576495b486c1cb9876d34f04.jpg","width":650,"height":347,"caption":"Arrestation du pr\u00e9sident d\u2019Ennahdha par int\u00e9rim, Mondher Lounissi"},{"@type":"BreadcrumbList","@id":"https:\/\/www.webdo.tn\/fr\/actualite\/national\/arrestation-du-president-d-ennahdha-par-interim-mondher-lounissi\/208437\/#breadcrumb","itemListElement":[{"@type":"ListItem","position":1,"name":"Accueil","item":"https:\/\/www.webdo.tn\/fr\/"},{"@type":"ListItem","position":2,"name":"Arrestation du pr\u00e9sident d\u2019Ennahdha par int\u00e9rim, Mondher Lounissi"}]},{"@type":"WebSite","@id":"https:\/\/www.webdo.tn\/fr\/#website","url":"https:\/\/www.webdo.tn\/fr\/","name":"webdo","description":"Tunisie - News en Tunisie et \u00e0 l&#039;international sur Webdo.tn","publisher":{"@id":"https:\/\/www.webdo.tn\/fr\/#organization"},"potentialAction":[{"@type":"SearchAction","target":{"@type":"EntryPoint","urlTemplate":"https:\/\/www.webdo.tn\/fr\/?s={search_term_string}"},"query-input":{"@type":"PropertyValueSpecification","valueRequired":true,"valueName":"search_term_string"}}],"inLanguage":"fr-FR"},{"@type":"Organization","@id":"https:\/\/www.webdo.tn\/fr\/#organization","name":"Webdo","alternateName":"Webdo.tn","url":"https:\/\/www.webdo.tn\/fr\/","logo":{"@type":"ImageObject","inLanguage":"fr-FR","@id":"https:\/\/www.webdo.tn\/fr\/#\/schema\/logo\/image\/","url":"https:\/\/www.webdo.tn\/fr\/wp-content\/uploads\/2025\/06\/Webdo-Tunisie_168377.jpg","contentUrl":"https:\/\/www.webdo.tn\/fr\/wp-content\/uploads\/2025\/06\/Webdo-Tunisie_168377.jpg","width":301,"height":301,"caption":"Webdo"},"image":{"@id":"https:\/\/www.webdo.tn\/fr\/#\/schema\/logo\/image\/"},"sameAs":["https:\/\/www.facebook.com\/webdotn","https:\/\/x.com\/webdo_tn"],"description":"Webdo est un m\u00e9dia num\u00e9rique tunisien fond\u00e9 en 2010, sp\u00e9cialis\u00e9 dans l\u2019actualit\u00e9 nationale et internationale, l\u2019\u00e9conomie, la soci\u00e9t\u00e9 et les analyses politiques. Le site s\u2019adresse \u00e0 un large public francophone et couvre l\u2019information tunisienne en temps r\u00e9el.","email":"redac@webdo.tn","legalName":"YNJ SARL","foundingDate":"2010-09-06","numberOfEmployees":{"@type":"QuantitativeValue","minValue":"11","maxValue":"50"}},{"@type":"Person","@id":"https:\/\/www.webdo.tn\/fr\/#\/schema\/person\/2c4929cbf5a809e3bd38617c6ce150f6","name":"MC","image":{"@type":"ImageObject","inLanguage":"fr-FR","@id":"https:\/\/secure.gravatar.com\/avatar\/a545bbb6f84efdd5553dbbc2895e3ca8f1d12c5215e00a041c9670b54aa9b18a?s=96&d=mm&r=g","url":"https:\/\/secure.gravatar.com\/avatar\/a545bbb6f84efdd5553dbbc2895e3ca8f1d12c5215e00a041c9670b54aa9b18a?s=96&d=mm&r=g","contentUrl":"https:\/\/secure.gravatar.com\/avatar\/a545bbb6f84efdd5553dbbc2895e3ca8f1d12c5215e00a041c9670b54aa9b18a?s=96&d=mm&r=g","caption":"MC"},"url":"https:\/\/www.webdo.tn\/fr\/actualite\/author\/mc\/"}]}},"_links":{"self":[{"href":"https:\/\/www.webdo.tn\/fr\/wp-json\/wp\/v2\/posts\/208437","targetHints":{"allow":["GET"]}}],"collection":[{"href":"https:\/\/www.webdo.tn\/fr\/wp-json\/wp\/v2\/posts"}],"about":[{"href":"https:\/\/www.webdo.tn\/fr\/wp-json\/wp\/v2\/types\/post"}],"author":[{"embeddable":true,"href":"https:\/\/www.webdo.tn\/fr\/wp-json\/wp\/v2\/users\/3162"}],"replies":[{"embeddable":true,"href":"https:\/\/www.webdo.tn\/fr\/wp-json\/wp\/v2\/comments?post=208437"}],"version-history":[{"count":0,"href":"https:\/\/www.webdo.tn\/fr\/wp-json\/wp\/v2\/posts\/208437\/revisions"}],"wp:featuredmedia":[{"embeddable":true,"href":"https:\/\/www.webdo.tn\/fr\/wp-json\/wp\/v2\/media\/278720"}],"wp:attachment":[{"href":"https:\/\/www.webdo.tn\/fr\/wp-json\/wp\/v2\/media?parent=208437"}],"wp:term":[{"taxonomy":"category","embeddable":true,"href":"https:\/\/www.webdo.tn\/fr\/wp-json\/wp\/v2\/categories?post=208437"},{"taxonomy":"post_tag","embeddable":true,"href":"https:\/\/www.webdo.tn\/fr\/wp-json\/wp\/v2\/tags?post=208437"}],"curies":[{"name":"wp","href":"https:\/\/api.w.org\/{rel}","templated":true}]}}