{"id":208406,"date":"2023-09-05T08:27:00","date_gmt":"2023-09-05T08:27:00","guid":{"rendered":"https:\/\/www.webdo.tn\/fr\/blog\/du-nouveau-dans-le-dossier-d-inscription-de-l-ile-de-djerba-au-patrimoine-mondial-de-l-unesco\/208406\/"},"modified":"2025-05-20T22:41:25","modified_gmt":"2025-05-20T22:41:25","slug":"du-nouveau-dans-le-dossier-d-inscription-de-l-ile-de-djerba-au-patrimoine-mondial-de-l-unesco","status":"publish","type":"post","link":"https:\/\/www.webdo.tn\/fr\/actualite\/culture\/du-nouveau-dans-le-dossier-d-inscription-de-l-ile-de-djerba-au-patrimoine-mondial-de-l-unesco\/208406\/","title":{"rendered":"Du nouveau dans le dossier d\u2019inscription de l\u2019\u00eele de Djerba au patrimoine mondial de l\u2019Unesco"},"content":{"rendered":"<p>Le minist\u00e8re des Affaires Culturelles a organis\u00e9, une r\u00e9ception en l&rsquo;honneur des ambassadeurs et des chefs de missions diplomatiques accr\u00e9dit\u00e9s en Tunisie, en pr\u00e9sence, notamment de la ministre des Affaires Culturelles, Hayet Ketat Guermazi, du ministre du Tourisme et de l&rsquo;artisanat, Moez Belhassine, et du secr\u00e9taire d&rsquo;Etat aux Affaires Etrang\u00e8res, Mounir Ben Rjiba.<\/p>\n<p>\t\t\t\t\t\t\t\t\tCette action diplomatique en faveur du dossier de Djerba se tient en pr\u00e9vision de la tenue de la 45e session \u00e9largie du Comit\u00e9 du patrimoine mondial, pr\u00e9vue du 10 au 25 septembre, \u00e0 Riyad (Arabie Saoudite).<\/p>\n<p>La Directrice du Centre des Sciences et technologies du patrimoine \u00e0 l&rsquo;Institut National du patrimoine, Hamida Rhouma, a pr\u00e9sent\u00e9 un expos\u00e9 d\u00e9taill\u00e9 du dossier technique de l&rsquo;\u00eele de Djerba pr\u00e9sent\u00e9 \u00e0 l&rsquo;Unesco.<\/p>\n<p>Le dossier d&rsquo;inscription du bien \u00a0\u00bb Djerba : paysage culturel, t\u00e9moignage d&rsquo;un mode d&rsquo;occupation d&rsquo;un territoire insulaire \u00a0\u00bb sera \u00e0 l&rsquo;agenda de la 45e session \u00e9largie du Comit\u00e9 du patrimoine mondial.<\/p>\n<p>Apr\u00e8s plusieurs initiatives entam\u00e9es dans les ann\u00e9es 70, le dossier de candidature en vue d&rsquo;inscrire l&rsquo;Ile de Djerba sur la liste du patrimoine mondial a \u00e9t\u00e9 finalement accept\u00e9, d\u00e9but mars 2022, \u00e0 l&rsquo;Unesco. D\u00e9pos\u00e9 le 1er f\u00e9vrier 2022, ce dossier a \u00e9t\u00e9 retenu apr\u00e8s avoir \u00e9t\u00e9 \u00e9valu\u00e9 par l&rsquo;Organe consultatif sur le patrimoine culturel de l&rsquo;Organisation onusienne.<\/p>\n","protected":false},"excerpt":{"rendered":"<p>Le minist\u00e8re des Affaires Culturelles a organis\u00e9, une r\u00e9ception en l&rsquo;honneur des ambassadeurs et des chefs de missions diplomatiques accr\u00e9dit\u00e9s en Tunisie, en p&#8230;<\/p>\n","protected":false},"author":3175,"featured_media":249391,"comment_status":"open","ping_status":"closed","sticky":false,"template":"","format":"standard","meta":{"footnotes":""},"categories":[2594],"tags":[3696,7895,2608],"class_list":["post-208406","post","type-post","status-publish","format-standard","has-post-thumbnail","hentry","category-culture","tag-djerba","tag-patrimoine-mondial","tag-tunisie"],"yoast_head":"<!-- This site is optimized with the Yoast SEO Premium plugin v27.5 (Yoast SEO v27.5) - https:\/\/yoast.com\/product\/yoast-seo-premium-wordpress\/ -->\n<title>Du nouveau dans le dossier d\u2019inscription de l\u2019\u00eele de Djerba au patrimoine mondial de l\u2019Unesco<\/title>\n<meta name=\"description\" content=\"Le minist\u00e8re des Affaires Culturelles a organis\u00e9, une r\u00e9ception en l&#039;honneur des ambassadeurs et des chefs de missions diplomatiques accr\u00e9dit\u00e9s en Tunisie, en p...\" \/>\n<link rel=\"canonical\" href=\"https:\/\/www.webdo.tn\/fr\/actualite\/culture\/du-nouveau-dans-le-dossier-d-inscription-de-l-ile-de-djerba-au-patrimoine-mondial-de-l-unesco\/208406\/\" \/>\n<meta property=\"og:locale\" content=\"fr_FR\" \/>\n<meta property=\"og:type\" content=\"article\" \/>\n<meta property=\"og:title\" content=\"Du nouveau dans le dossier d\u2019inscription de l\u2019\u00eele de Djerba au patrimoine mondial de l\u2019Unesco\" \/>\n<meta property=\"og:description\" content=\"Le minist\u00e8re des Affaires Culturelles a organis\u00e9, une r\u00e9ception en l&#039;honneur des ambassadeurs et des chefs de missions diplomatiques accr\u00e9dit\u00e9s en Tunisie, en p...\" \/>\n<meta property=\"og:url\" content=\"https:\/\/www.webdo.tn\/fr\/actualite\/culture\/du-nouveau-dans-le-dossier-d-inscription-de-l-ile-de-djerba-au-patrimoine-mondial-de-l-unesco\/208406\/\" \/>\n<meta property=\"og:site_name\" content=\"webdo\" \/>\n<meta property=\"article:publisher\" content=\"https:\/\/www.facebook.com\/webdotn\" \/>\n<meta property=\"article:published_time\" content=\"2023-09-05T08:27:00+00:00\" \/>\n<meta property=\"article:modified_time\" content=\"2025-05-20T22:41:25+00:00\" \/>\n<meta property=\"og:image\" content=\"https:\/\/www.webdo.tn\/fr\/wp-content\/uploads\/2023\/09\/fb4a4747a0c7c69bd9007d600febacf5.jpg\" \/>\n\t<meta property=\"og:image:width\" content=\"750\" \/>\n\t<meta property=\"og:image:height\" content=\"400\" \/>\n\t<meta property=\"og:image:type\" content=\"image\/jpeg\" \/>\n<meta name=\"author\" content=\"CL\" \/>\n<meta name=\"twitter:card\" content=\"summary_large_image\" \/>\n<meta name=\"twitter:creator\" content=\"@webdo_tn\" \/>\n<meta name=\"twitter:site\" content=\"@webdo_tn\" \/>\n<meta name=\"twitter:label1\" content=\"\u00c9crit par\" \/>\n\t<meta name=\"twitter:data1\" content=\"CL\" \/>\n\t<meta name=\"twitter:label2\" content=\"Dur\u00e9e de lecture estim\u00e9e\" \/>\n\t<meta name=\"twitter:data2\" content=\"1 minute\" \/>\n<script type=\"application\/ld+json\" class=\"yoast-schema-graph\">{\"@context\":\"https:\\\/\\\/schema.org\",\"@graph\":[{\"@type\":\"NewsArticle\",\"@id\":\"https:\\\/\\\/www.webdo.tn\\\/fr\\\/actualite\\\/culture\\\/du-nouveau-dans-le-dossier-d-inscription-de-l-ile-de-djerba-au-patrimoine-mondial-de-l-unesco\\\/208406\\\/#article\",\"isPartOf\":{\"@id\":\"https:\\\/\\\/www.webdo.tn\\\/fr\\\/actualite\\\/culture\\\/du-nouveau-dans-le-dossier-d-inscription-de-l-ile-de-djerba-au-patrimoine-mondial-de-l-unesco\\\/208406\\\/\"},\"author\":{\"name\":\"CL\",\"@id\":\"https:\\\/\\\/www.webdo.tn\\\/fr\\\/#\\\/schema\\\/person\\\/f35b42a42c5e2511bbd282959d6385cc\"},\"headline\":\"Du nouveau dans le dossier d\u2019inscription de l\u2019\u00eele de Djerba au patrimoine mondial de l\u2019Unesco\",\"datePublished\":\"2023-09-05T08:27:00+00:00\",\"dateModified\":\"2025-05-20T22:41:25+00:00\",\"mainEntityOfPage\":{\"@id\":\"https:\\\/\\\/www.webdo.tn\\\/fr\\\/actualite\\\/culture\\\/du-nouveau-dans-le-dossier-d-inscription-de-l-ile-de-djerba-au-patrimoine-mondial-de-l-unesco\\\/208406\\\/\"},\"wordCount\":250,\"commentCount\":0,\"publisher\":{\"@id\":\"https:\\\/\\\/www.webdo.tn\\\/fr\\\/#organization\"},\"image\":{\"@id\":\"https:\\\/\\\/www.webdo.tn\\\/fr\\\/actualite\\\/culture\\\/du-nouveau-dans-le-dossier-d-inscription-de-l-ile-de-djerba-au-patrimoine-mondial-de-l-unesco\\\/208406\\\/#primaryimage\"},\"thumbnailUrl\":\"https:\\\/\\\/www.webdo.tn\\\/fr\\\/wp-content\\\/uploads\\\/2023\\\/09\\\/fb4a4747a0c7c69bd9007d600febacf5.jpg\",\"keywords\":[\"djerba\",\"Patrimoine mondial\",\"Tunisie\"],\"articleSection\":[\"Culture\"],\"inLanguage\":\"fr-FR\"},{\"@type\":\"WebPage\",\"@id\":\"https:\\\/\\\/www.webdo.tn\\\/fr\\\/actualite\\\/culture\\\/du-nouveau-dans-le-dossier-d-inscription-de-l-ile-de-djerba-au-patrimoine-mondial-de-l-unesco\\\/208406\\\/\",\"url\":\"https:\\\/\\\/www.webdo.tn\\\/fr\\\/actualite\\\/culture\\\/du-nouveau-dans-le-dossier-d-inscription-de-l-ile-de-djerba-au-patrimoine-mondial-de-l-unesco\\\/208406\\\/\",\"name\":\"Du nouveau dans le dossier d\u2019inscription de l\u2019\u00eele de Djerba au patrimoine mondial de l\u2019Unesco\",\"isPartOf\":{\"@id\":\"https:\\\/\\\/www.webdo.tn\\\/fr\\\/#website\"},\"primaryImageOfPage\":{\"@id\":\"https:\\\/\\\/www.webdo.tn\\\/fr\\\/actualite\\\/culture\\\/du-nouveau-dans-le-dossier-d-inscription-de-l-ile-de-djerba-au-patrimoine-mondial-de-l-unesco\\\/208406\\\/#primaryimage\"},\"image\":{\"@id\":\"https:\\\/\\\/www.webdo.tn\\\/fr\\\/actualite\\\/culture\\\/du-nouveau-dans-le-dossier-d-inscription-de-l-ile-de-djerba-au-patrimoine-mondial-de-l-unesco\\\/208406\\\/#primaryimage\"},\"thumbnailUrl\":\"https:\\\/\\\/www.webdo.tn\\\/fr\\\/wp-content\\\/uploads\\\/2023\\\/09\\\/fb4a4747a0c7c69bd9007d600febacf5.jpg\",\"datePublished\":\"2023-09-05T08:27:00+00:00\",\"dateModified\":\"2025-05-20T22:41:25+00:00\",\"description\":\"Le minist\u00e8re des Affaires Culturelles a organis\u00e9, une r\u00e9ception en l'honneur des ambassadeurs et des chefs de missions diplomatiques accr\u00e9dit\u00e9s en Tunisie, en p...\",\"breadcrumb\":{\"@id\":\"https:\\\/\\\/www.webdo.tn\\\/fr\\\/actualite\\\/culture\\\/du-nouveau-dans-le-dossier-d-inscription-de-l-ile-de-djerba-au-patrimoine-mondial-de-l-unesco\\\/208406\\\/#breadcrumb\"},\"inLanguage\":\"fr-FR\",\"potentialAction\":[{\"@type\":\"ReadAction\",\"target\":[\"https:\\\/\\\/www.webdo.tn\\\/fr\\\/actualite\\\/culture\\\/du-nouveau-dans-le-dossier-d-inscription-de-l-ile-de-djerba-au-patrimoine-mondial-de-l-unesco\\\/208406\\\/\"]}]},{\"@type\":\"ImageObject\",\"inLanguage\":\"fr-FR\",\"@id\":\"https:\\\/\\\/www.webdo.tn\\\/fr\\\/actualite\\\/culture\\\/du-nouveau-dans-le-dossier-d-inscription-de-l-ile-de-djerba-au-patrimoine-mondial-de-l-unesco\\\/208406\\\/#primaryimage\",\"url\":\"https:\\\/\\\/www.webdo.tn\\\/fr\\\/wp-content\\\/uploads\\\/2023\\\/09\\\/fb4a4747a0c7c69bd9007d600febacf5.jpg\",\"contentUrl\":\"https:\\\/\\\/www.webdo.tn\\\/fr\\\/wp-content\\\/uploads\\\/2023\\\/09\\\/fb4a4747a0c7c69bd9007d600febacf5.jpg\",\"width\":750,\"height\":400,\"caption\":\"Du nouveau dans le dossier d\u2019inscription de l\u2019\u00eele de Djerba au patrimoine mondial de l\u2019Unesco\"},{\"@type\":\"BreadcrumbList\",\"@id\":\"https:\\\/\\\/www.webdo.tn\\\/fr\\\/actualite\\\/culture\\\/du-nouveau-dans-le-dossier-d-inscription-de-l-ile-de-djerba-au-patrimoine-mondial-de-l-unesco\\\/208406\\\/#breadcrumb\",\"itemListElement\":[{\"@type\":\"ListItem\",\"position\":1,\"name\":\"Accueil\",\"item\":\"https:\\\/\\\/www.webdo.tn\\\/fr\\\/\"},{\"@type\":\"ListItem\",\"position\":2,\"name\":\"Du nouveau dans le dossier d\u2019inscription de l\u2019\u00eele de Djerba au patrimoine mondial de l\u2019Unesco\"}]},{\"@type\":\"WebSite\",\"@id\":\"https:\\\/\\\/www.webdo.tn\\\/fr\\\/#website\",\"url\":\"https:\\\/\\\/www.webdo.tn\\\/fr\\\/\",\"name\":\"webdo\",\"description\":\"Tunisie - News en Tunisie et \u00e0 l&#039;international sur Webdo.tn\",\"publisher\":{\"@id\":\"https:\\\/\\\/www.webdo.tn\\\/fr\\\/#organization\"},\"potentialAction\":[{\"@type\":\"SearchAction\",\"target\":{\"@type\":\"EntryPoint\",\"urlTemplate\":\"https:\\\/\\\/www.webdo.tn\\\/fr\\\/?s={search_term_string}\"},\"query-input\":{\"@type\":\"PropertyValueSpecification\",\"valueRequired\":true,\"valueName\":\"search_term_string\"}}],\"inLanguage\":\"fr-FR\"},{\"@type\":\"Organization\",\"@id\":\"https:\\\/\\\/www.webdo.tn\\\/fr\\\/#organization\",\"name\":\"Webdo\",\"alternateName\":\"Webdo.tn\",\"url\":\"https:\\\/\\\/www.webdo.tn\\\/fr\\\/\",\"logo\":{\"@type\":\"ImageObject\",\"inLanguage\":\"fr-FR\",\"@id\":\"https:\\\/\\\/www.webdo.tn\\\/fr\\\/#\\\/schema\\\/logo\\\/image\\\/\",\"url\":\"https:\\\/\\\/www.webdo.tn\\\/fr\\\/wp-content\\\/uploads\\\/2025\\\/06\\\/Webdo-Tunisie_168377.jpg\",\"contentUrl\":\"https:\\\/\\\/www.webdo.tn\\\/fr\\\/wp-content\\\/uploads\\\/2025\\\/06\\\/Webdo-Tunisie_168377.jpg\",\"width\":301,\"height\":301,\"caption\":\"Webdo\"},\"image\":{\"@id\":\"https:\\\/\\\/www.webdo.tn\\\/fr\\\/#\\\/schema\\\/logo\\\/image\\\/\"},\"sameAs\":[\"https:\\\/\\\/www.facebook.com\\\/webdotn\",\"https:\\\/\\\/x.com\\\/webdo_tn\"],\"description\":\"Webdo est un m\u00e9dia num\u00e9rique tunisien fond\u00e9 en 2010, sp\u00e9cialis\u00e9 dans l\u2019actualit\u00e9 nationale et internationale, l\u2019\u00e9conomie, la soci\u00e9t\u00e9 et les analyses politiques. Le site s\u2019adresse \u00e0 un large public francophone et couvre l\u2019information tunisienne en temps r\u00e9el.\",\"email\":\"redac@webdo.tn\",\"legalName\":\"YNJ SARL\",\"foundingDate\":\"2010-09-06\",\"numberOfEmployees\":{\"@type\":\"QuantitativeValue\",\"minValue\":\"11\",\"maxValue\":\"50\"}},{\"@type\":\"Person\",\"@id\":\"https:\\\/\\\/www.webdo.tn\\\/fr\\\/#\\\/schema\\\/person\\\/f35b42a42c5e2511bbd282959d6385cc\",\"name\":\"CL\",\"image\":{\"@type\":\"ImageObject\",\"inLanguage\":\"fr-FR\",\"@id\":\"https:\\\/\\\/secure.gravatar.com\\\/avatar\\\/1447a49909b67aa657c488aec6512e1dd6143a480c1ecfee9b5b5cd74eb3b59e?s=96&d=mm&r=g\",\"url\":\"https:\\\/\\\/secure.gravatar.com\\\/avatar\\\/1447a49909b67aa657c488aec6512e1dd6143a480c1ecfee9b5b5cd74eb3b59e?s=96&d=mm&r=g\",\"contentUrl\":\"https:\\\/\\\/secure.gravatar.com\\\/avatar\\\/1447a49909b67aa657c488aec6512e1dd6143a480c1ecfee9b5b5cd74eb3b59e?s=96&d=mm&r=g\",\"caption\":\"CL\"},\"url\":\"https:\\\/\\\/www.webdo.tn\\\/fr\\\/actualite\\\/author\\\/cl\\\/\"}]}<\/script>\n<!-- \/ Yoast SEO Premium plugin. -->","yoast_head_json":{"title":"Du nouveau dans le dossier d\u2019inscription de l\u2019\u00eele de Djerba au patrimoine mondial de l\u2019Unesco","description":"Le minist\u00e8re des Affaires Culturelles a organis\u00e9, une r\u00e9ception en l'honneur des ambassadeurs et des chefs de missions diplomatiques accr\u00e9dit\u00e9s en Tunisie, en p...","canonical":"https:\/\/www.webdo.tn\/fr\/actualite\/culture\/du-nouveau-dans-le-dossier-d-inscription-de-l-ile-de-djerba-au-patrimoine-mondial-de-l-unesco\/208406\/","og_locale":"fr_FR","og_type":"article","og_title":"Du nouveau dans le dossier d\u2019inscription de l\u2019\u00eele de Djerba au patrimoine mondial de l\u2019Unesco","og_description":"Le minist\u00e8re des Affaires Culturelles a organis\u00e9, une r\u00e9ception en l'honneur des ambassadeurs et des chefs de missions diplomatiques accr\u00e9dit\u00e9s en Tunisie, en p...","og_url":"https:\/\/www.webdo.tn\/fr\/actualite\/culture\/du-nouveau-dans-le-dossier-d-inscription-de-l-ile-de-djerba-au-patrimoine-mondial-de-l-unesco\/208406\/","og_site_name":"webdo","article_publisher":"https:\/\/www.facebook.com\/webdotn","article_published_time":"2023-09-05T08:27:00+00:00","article_modified_time":"2025-05-20T22:41:25+00:00","og_image":[{"width":750,"height":400,"url":"https:\/\/www.webdo.tn\/fr\/wp-content\/uploads\/2023\/09\/fb4a4747a0c7c69bd9007d600febacf5.jpg","type":"image\/jpeg"}],"author":"CL","twitter_card":"summary_large_image","twitter_creator":"@webdo_tn","twitter_site":"@webdo_tn","twitter_misc":{"\u00c9crit par":"CL","Dur\u00e9e de lecture estim\u00e9e":"1 minute"},"schema":{"@context":"https:\/\/schema.org","@graph":[{"@type":"NewsArticle","@id":"https:\/\/www.webdo.tn\/fr\/actualite\/culture\/du-nouveau-dans-le-dossier-d-inscription-de-l-ile-de-djerba-au-patrimoine-mondial-de-l-unesco\/208406\/#article","isPartOf":{"@id":"https:\/\/www.webdo.tn\/fr\/actualite\/culture\/du-nouveau-dans-le-dossier-d-inscription-de-l-ile-de-djerba-au-patrimoine-mondial-de-l-unesco\/208406\/"},"author":{"name":"CL","@id":"https:\/\/www.webdo.tn\/fr\/#\/schema\/person\/f35b42a42c5e2511bbd282959d6385cc"},"headline":"Du nouveau dans le dossier d\u2019inscription de l\u2019\u00eele de Djerba au patrimoine mondial de l\u2019Unesco","datePublished":"2023-09-05T08:27:00+00:00","dateModified":"2025-05-20T22:41:25+00:00","mainEntityOfPage":{"@id":"https:\/\/www.webdo.tn\/fr\/actualite\/culture\/du-nouveau-dans-le-dossier-d-inscription-de-l-ile-de-djerba-au-patrimoine-mondial-de-l-unesco\/208406\/"},"wordCount":250,"commentCount":0,"publisher":{"@id":"https:\/\/www.webdo.tn\/fr\/#organization"},"image":{"@id":"https:\/\/www.webdo.tn\/fr\/actualite\/culture\/du-nouveau-dans-le-dossier-d-inscription-de-l-ile-de-djerba-au-patrimoine-mondial-de-l-unesco\/208406\/#primaryimage"},"thumbnailUrl":"https:\/\/www.webdo.tn\/fr\/wp-content\/uploads\/2023\/09\/fb4a4747a0c7c69bd9007d600febacf5.jpg","keywords":["djerba","Patrimoine mondial","Tunisie"],"articleSection":["Culture"],"inLanguage":"fr-FR"},{"@type":"WebPage","@id":"https:\/\/www.webdo.tn\/fr\/actualite\/culture\/du-nouveau-dans-le-dossier-d-inscription-de-l-ile-de-djerba-au-patrimoine-mondial-de-l-unesco\/208406\/","url":"https:\/\/www.webdo.tn\/fr\/actualite\/culture\/du-nouveau-dans-le-dossier-d-inscription-de-l-ile-de-djerba-au-patrimoine-mondial-de-l-unesco\/208406\/","name":"Du nouveau dans le dossier d\u2019inscription de l\u2019\u00eele de Djerba au patrimoine mondial de l\u2019Unesco","isPartOf":{"@id":"https:\/\/www.webdo.tn\/fr\/#website"},"primaryImageOfPage":{"@id":"https:\/\/www.webdo.tn\/fr\/actualite\/culture\/du-nouveau-dans-le-dossier-d-inscription-de-l-ile-de-djerba-au-patrimoine-mondial-de-l-unesco\/208406\/#primaryimage"},"image":{"@id":"https:\/\/www.webdo.tn\/fr\/actualite\/culture\/du-nouveau-dans-le-dossier-d-inscription-de-l-ile-de-djerba-au-patrimoine-mondial-de-l-unesco\/208406\/#primaryimage"},"thumbnailUrl":"https:\/\/www.webdo.tn\/fr\/wp-content\/uploads\/2023\/09\/fb4a4747a0c7c69bd9007d600febacf5.jpg","datePublished":"2023-09-05T08:27:00+00:00","dateModified":"2025-05-20T22:41:25+00:00","description":"Le minist\u00e8re des Affaires Culturelles a organis\u00e9, une r\u00e9ception en l'honneur des ambassadeurs et des chefs de missions diplomatiques accr\u00e9dit\u00e9s en Tunisie, en p...","breadcrumb":{"@id":"https:\/\/www.webdo.tn\/fr\/actualite\/culture\/du-nouveau-dans-le-dossier-d-inscription-de-l-ile-de-djerba-au-patrimoine-mondial-de-l-unesco\/208406\/#breadcrumb"},"inLanguage":"fr-FR","potentialAction":[{"@type":"ReadAction","target":["https:\/\/www.webdo.tn\/fr\/actualite\/culture\/du-nouveau-dans-le-dossier-d-inscription-de-l-ile-de-djerba-au-patrimoine-mondial-de-l-unesco\/208406\/"]}]},{"@type":"ImageObject","inLanguage":"fr-FR","@id":"https:\/\/www.webdo.tn\/fr\/actualite\/culture\/du-nouveau-dans-le-dossier-d-inscription-de-l-ile-de-djerba-au-patrimoine-mondial-de-l-unesco\/208406\/#primaryimage","url":"https:\/\/www.webdo.tn\/fr\/wp-content\/uploads\/2023\/09\/fb4a4747a0c7c69bd9007d600febacf5.jpg","contentUrl":"https:\/\/www.webdo.tn\/fr\/wp-content\/uploads\/2023\/09\/fb4a4747a0c7c69bd9007d600febacf5.jpg","width":750,"height":400,"caption":"Du nouveau dans le dossier d\u2019inscription de l\u2019\u00eele de Djerba au patrimoine mondial de l\u2019Unesco"},{"@type":"BreadcrumbList","@id":"https:\/\/www.webdo.tn\/fr\/actualite\/culture\/du-nouveau-dans-le-dossier-d-inscription-de-l-ile-de-djerba-au-patrimoine-mondial-de-l-unesco\/208406\/#breadcrumb","itemListElement":[{"@type":"ListItem","position":1,"name":"Accueil","item":"https:\/\/www.webdo.tn\/fr\/"},{"@type":"ListItem","position":2,"name":"Du nouveau dans le dossier d\u2019inscription de l\u2019\u00eele de Djerba au patrimoine mondial de l\u2019Unesco"}]},{"@type":"WebSite","@id":"https:\/\/www.webdo.tn\/fr\/#website","url":"https:\/\/www.webdo.tn\/fr\/","name":"webdo","description":"Tunisie - News en Tunisie et \u00e0 l&#039;international sur Webdo.tn","publisher":{"@id":"https:\/\/www.webdo.tn\/fr\/#organization"},"potentialAction":[{"@type":"SearchAction","target":{"@type":"EntryPoint","urlTemplate":"https:\/\/www.webdo.tn\/fr\/?s={search_term_string}"},"query-input":{"@type":"PropertyValueSpecification","valueRequired":true,"valueName":"search_term_string"}}],"inLanguage":"fr-FR"},{"@type":"Organization","@id":"https:\/\/www.webdo.tn\/fr\/#organization","name":"Webdo","alternateName":"Webdo.tn","url":"https:\/\/www.webdo.tn\/fr\/","logo":{"@type":"ImageObject","inLanguage":"fr-FR","@id":"https:\/\/www.webdo.tn\/fr\/#\/schema\/logo\/image\/","url":"https:\/\/www.webdo.tn\/fr\/wp-content\/uploads\/2025\/06\/Webdo-Tunisie_168377.jpg","contentUrl":"https:\/\/www.webdo.tn\/fr\/wp-content\/uploads\/2025\/06\/Webdo-Tunisie_168377.jpg","width":301,"height":301,"caption":"Webdo"},"image":{"@id":"https:\/\/www.webdo.tn\/fr\/#\/schema\/logo\/image\/"},"sameAs":["https:\/\/www.facebook.com\/webdotn","https:\/\/x.com\/webdo_tn"],"description":"Webdo est un m\u00e9dia num\u00e9rique tunisien fond\u00e9 en 2010, sp\u00e9cialis\u00e9 dans l\u2019actualit\u00e9 nationale et internationale, l\u2019\u00e9conomie, la soci\u00e9t\u00e9 et les analyses politiques. Le site s\u2019adresse \u00e0 un large public francophone et couvre l\u2019information tunisienne en temps r\u00e9el.","email":"redac@webdo.tn","legalName":"YNJ SARL","foundingDate":"2010-09-06","numberOfEmployees":{"@type":"QuantitativeValue","minValue":"11","maxValue":"50"}},{"@type":"Person","@id":"https:\/\/www.webdo.tn\/fr\/#\/schema\/person\/f35b42a42c5e2511bbd282959d6385cc","name":"CL","image":{"@type":"ImageObject","inLanguage":"fr-FR","@id":"https:\/\/secure.gravatar.com\/avatar\/1447a49909b67aa657c488aec6512e1dd6143a480c1ecfee9b5b5cd74eb3b59e?s=96&d=mm&r=g","url":"https:\/\/secure.gravatar.com\/avatar\/1447a49909b67aa657c488aec6512e1dd6143a480c1ecfee9b5b5cd74eb3b59e?s=96&d=mm&r=g","contentUrl":"https:\/\/secure.gravatar.com\/avatar\/1447a49909b67aa657c488aec6512e1dd6143a480c1ecfee9b5b5cd74eb3b59e?s=96&d=mm&r=g","caption":"CL"},"url":"https:\/\/www.webdo.tn\/fr\/actualite\/author\/cl\/"}]}},"_links":{"self":[{"href":"https:\/\/www.webdo.tn\/fr\/wp-json\/wp\/v2\/posts\/208406","targetHints":{"allow":["GET"]}}],"collection":[{"href":"https:\/\/www.webdo.tn\/fr\/wp-json\/wp\/v2\/posts"}],"about":[{"href":"https:\/\/www.webdo.tn\/fr\/wp-json\/wp\/v2\/types\/post"}],"author":[{"embeddable":true,"href":"https:\/\/www.webdo.tn\/fr\/wp-json\/wp\/v2\/users\/3175"}],"replies":[{"embeddable":true,"href":"https:\/\/www.webdo.tn\/fr\/wp-json\/wp\/v2\/comments?post=208406"}],"version-history":[{"count":0,"href":"https:\/\/www.webdo.tn\/fr\/wp-json\/wp\/v2\/posts\/208406\/revisions"}],"wp:featuredmedia":[{"embeddable":true,"href":"https:\/\/www.webdo.tn\/fr\/wp-json\/wp\/v2\/media\/249391"}],"wp:attachment":[{"href":"https:\/\/www.webdo.tn\/fr\/wp-json\/wp\/v2\/media?parent=208406"}],"wp:term":[{"taxonomy":"category","embeddable":true,"href":"https:\/\/www.webdo.tn\/fr\/wp-json\/wp\/v2\/categories?post=208406"},{"taxonomy":"post_tag","embeddable":true,"href":"https:\/\/www.webdo.tn\/fr\/wp-json\/wp\/v2\/tags?post=208406"}],"curies":[{"name":"wp","href":"https:\/\/api.w.org\/{rel}","templated":true}]}}