{"id":208380,"date":"2023-09-04T11:08:00","date_gmt":"2023-09-04T11:08:00","guid":{"rendered":"https:\/\/www.webdo.tn\/fr\/blog\/le-tunisien-boit-en-moyenne-227-litres-d-eau-minerale-par-an\/208380\/"},"modified":"2025-05-20T22:57:50","modified_gmt":"2025-05-20T22:57:50","slug":"le-tunisien-boit-en-moyenne-227-litres-d-eau-minerale-par-an","status":"publish","type":"post","link":"https:\/\/www.webdo.tn\/fr\/actualite\/national\/le-tunisien-boit-en-moyenne-227-litres-d-eau-minerale-par-an\/208380\/","title":{"rendered":"Le Tunisien boit en moyenne 227 litres d\u2019eau min\u00e9rale par an !"},"content":{"rendered":"<p>Avec une moyenne de 676 millions de bouteilles vendues par an entre 2010 et 2022, la Tunisie vient au 4\u00e8me rang mondial en termes de consommation d\u2019eau min\u00e9rale, selon le site \u00ab\u00a0World Pollution Review\u00a0\u00bb, cit\u00e9 dans le rapport du FTDES.<\/p>\n<p>\t\t\t\t\t\t\t\t\tDans un rapport intitul\u00e9 \u00ab\u00a0Une politique improvis\u00e9e pour arr\u00eater la surexploitation des eaux : des licences sont accord\u00e9es aux entreprises de mise en bouteille d\u2019eau et refus\u00e9es aux agriculteurs\u00a0\u00bb, le Forum Tunisien des Droits Economiques et Sociaux (FTDES) s\u2019insurge contre la prosp\u00e9rit\u00e9 remarquable que conna\u00eet le secteur des eaux min\u00e9rales alors que l\u2019Etat peine \u00e0 garantir le droit \u00e0 une eau potable de qualit\u00e9 et en quantit\u00e9 suffisante.<\/p>\n<p>Le forum pr\u00e9cise que les ventes d\u2019eau en bouteille ont connu une croissance significative, passant de 879 millions de litres en 2010 \u00e0 3275 millions de litres en 2022. Cela repr\u00e9sente la vente de 676 millions de bouteilles par an, et place la Tunisie au 4\u00e8me rang mondial en termes de consommation d\u2019eau min\u00e9rale.<br \/>\nLa consommation moyenne d&rsquo;eau en bouteille par personne est de 227 litres par an.<\/p>\n<p>Toutefois, la Tunisie occupe le 75\u00e8me rang mondial en termes de qualit\u00e9 de l\u2019eau. En m\u00eame temps, 20% des citoyens tunisiens sont menac\u00e9s par la pollution de l&rsquo;eau, d&rsquo;apr\u00e8s la m\u00eame source.<\/p>\n<p>Pour rappel, la premi\u00e8re unit\u00e9 de production d&rsquo;eau min\u00e9rale en bouteille a \u00e9t\u00e9 cr\u00e9\u00e9e en 1963 \u00e0 Nabeul. Aujourd\u2019hui, le nombre de ces unit\u00e9s s\u2019\u00e9l\u00e8vent \u00e0 30, r\u00e9parties dans 13 gouvernorats du pays dont 6 \u00e0 Kairouan, 5 \u00e0 Zaghouan, 4 \u00e0 Siliana et 3 \u00e0 Sidi Bouzid.<\/p>\n<p>D\u2019apr\u00e8s le forum, la m\u00e9diocrit\u00e9 de la qualit\u00e9 de l&rsquo;eau potable et la crainte de la contamination ont pouss\u00e9 les Tunisiens \u00e0 recourir aux eaux embouteill\u00e9es.<\/p>\n","protected":false},"excerpt":{"rendered":"<p>Avec une moyenne de 676 millions de bouteilles vendues par an entre 2010 et 2022, la Tunisie vient au 4\u00e8me rang mondial en termes de consommation d\u2019eau min\u00e9rale&#8230;<\/p>\n","protected":false},"author":3188,"featured_media":249412,"comment_status":"open","ping_status":"closed","sticky":false,"template":"","format":"standard","meta":{"footnotes":""},"categories":[44],"tags":[7988,2898,2608],"class_list":["post-208380","post","type-post","status-publish","format-standard","has-post-thumbnail","hentry","category-national","tag-eau-minerale","tag-eau-potable","tag-tunisie"],"yoast_head":"<!-- This site is optimized with the Yoast SEO Premium plugin v27.4 (Yoast SEO v27.5) - https:\/\/yoast.com\/product\/yoast-seo-premium-wordpress\/ -->\n<title>Le Tunisien boit en moyenne 227 litres d\u2019eau min\u00e9rale par an !<\/title>\n<meta name=\"description\" content=\"Avec une moyenne de 676 millions de bouteilles vendues par an entre 2010 et 2022, la Tunisie vient au 4\u00e8me rang mondial en termes de consommation d\u2019eau min\u00e9rale...\" \/>\n<link rel=\"canonical\" href=\"https:\/\/www.webdo.tn\/fr\/actualite\/national\/le-tunisien-boit-en-moyenne-227-litres-d-eau-minerale-par-an\/208380\/\" \/>\n<meta property=\"og:locale\" content=\"fr_FR\" \/>\n<meta property=\"og:type\" content=\"article\" \/>\n<meta property=\"og:title\" content=\"Le Tunisien boit en moyenne 227 litres d\u2019eau min\u00e9rale par an !\" \/>\n<meta property=\"og:description\" content=\"Avec une moyenne de 676 millions de bouteilles vendues par an entre 2010 et 2022, la Tunisie vient au 4\u00e8me rang mondial en termes de consommation d\u2019eau min\u00e9rale...\" \/>\n<meta property=\"og:url\" content=\"https:\/\/www.webdo.tn\/fr\/actualite\/national\/le-tunisien-boit-en-moyenne-227-litres-d-eau-minerale-par-an\/208380\/\" \/>\n<meta property=\"og:site_name\" content=\"webdo\" \/>\n<meta property=\"article:publisher\" content=\"https:\/\/www.facebook.com\/webdotn\" \/>\n<meta property=\"article:published_time\" content=\"2023-09-04T11:08:00+00:00\" \/>\n<meta property=\"article:modified_time\" content=\"2025-05-20T22:57:50+00:00\" \/>\n<meta property=\"og:image\" content=\"https:\/\/www.webdo.tn\/fr\/wp-content\/uploads\/2023\/09\/e76b4c6d48d164ae8e22c39567d97975.jpg\" \/>\n\t<meta property=\"og:image:width\" content=\"750\" \/>\n\t<meta property=\"og:image:height\" content=\"400\" \/>\n\t<meta property=\"og:image:type\" content=\"image\/jpeg\" \/>\n<meta name=\"author\" content=\"Ramzi\" \/>\n<meta name=\"twitter:card\" content=\"summary_large_image\" \/>\n<meta name=\"twitter:creator\" content=\"@webdo_tn\" \/>\n<meta name=\"twitter:site\" content=\"@webdo_tn\" \/>\n<meta name=\"twitter:label1\" content=\"\u00c9crit par\" \/>\n\t<meta name=\"twitter:data1\" content=\"Ramzi\" \/>\n\t<meta name=\"twitter:label2\" content=\"Dur\u00e9e de lecture estim\u00e9e\" \/>\n\t<meta name=\"twitter:data2\" content=\"1 minute\" \/>\n<script type=\"application\/ld+json\" class=\"yoast-schema-graph\">{\"@context\":\"https:\\\/\\\/schema.org\",\"@graph\":[{\"@type\":\"NewsArticle\",\"@id\":\"https:\\\/\\\/www.webdo.tn\\\/fr\\\/actualite\\\/national\\\/le-tunisien-boit-en-moyenne-227-litres-d-eau-minerale-par-an\\\/208380\\\/#article\",\"isPartOf\":{\"@id\":\"https:\\\/\\\/www.webdo.tn\\\/fr\\\/actualite\\\/national\\\/le-tunisien-boit-en-moyenne-227-litres-d-eau-minerale-par-an\\\/208380\\\/\"},\"author\":{\"name\":\"Ramzi\",\"@id\":\"https:\\\/\\\/www.webdo.tn\\\/fr\\\/#\\\/schema\\\/person\\\/590cb5f81adcfde6385530fdbdf468e2\"},\"headline\":\"Le Tunisien boit en moyenne 227 litres d\u2019eau min\u00e9rale par an !\",\"datePublished\":\"2023-09-04T11:08:00+00:00\",\"dateModified\":\"2025-05-20T22:57:50+00:00\",\"mainEntityOfPage\":{\"@id\":\"https:\\\/\\\/www.webdo.tn\\\/fr\\\/actualite\\\/national\\\/le-tunisien-boit-en-moyenne-227-litres-d-eau-minerale-par-an\\\/208380\\\/\"},\"wordCount\":305,\"commentCount\":0,\"publisher\":{\"@id\":\"https:\\\/\\\/www.webdo.tn\\\/fr\\\/#organization\"},\"image\":{\"@id\":\"https:\\\/\\\/www.webdo.tn\\\/fr\\\/actualite\\\/national\\\/le-tunisien-boit-en-moyenne-227-litres-d-eau-minerale-par-an\\\/208380\\\/#primaryimage\"},\"thumbnailUrl\":\"https:\\\/\\\/www.webdo.tn\\\/fr\\\/wp-content\\\/uploads\\\/2023\\\/09\\\/e76b4c6d48d164ae8e22c39567d97975.jpg\",\"keywords\":[\"eau min\u00e9rale\",\"eau potable\",\"Tunisie\"],\"articleSection\":[\"National\"],\"inLanguage\":\"fr-FR\"},{\"@type\":\"WebPage\",\"@id\":\"https:\\\/\\\/www.webdo.tn\\\/fr\\\/actualite\\\/national\\\/le-tunisien-boit-en-moyenne-227-litres-d-eau-minerale-par-an\\\/208380\\\/\",\"url\":\"https:\\\/\\\/www.webdo.tn\\\/fr\\\/actualite\\\/national\\\/le-tunisien-boit-en-moyenne-227-litres-d-eau-minerale-par-an\\\/208380\\\/\",\"name\":\"Le Tunisien boit en moyenne 227 litres d\u2019eau min\u00e9rale par an !\",\"isPartOf\":{\"@id\":\"https:\\\/\\\/www.webdo.tn\\\/fr\\\/#website\"},\"primaryImageOfPage\":{\"@id\":\"https:\\\/\\\/www.webdo.tn\\\/fr\\\/actualite\\\/national\\\/le-tunisien-boit-en-moyenne-227-litres-d-eau-minerale-par-an\\\/208380\\\/#primaryimage\"},\"image\":{\"@id\":\"https:\\\/\\\/www.webdo.tn\\\/fr\\\/actualite\\\/national\\\/le-tunisien-boit-en-moyenne-227-litres-d-eau-minerale-par-an\\\/208380\\\/#primaryimage\"},\"thumbnailUrl\":\"https:\\\/\\\/www.webdo.tn\\\/fr\\\/wp-content\\\/uploads\\\/2023\\\/09\\\/e76b4c6d48d164ae8e22c39567d97975.jpg\",\"datePublished\":\"2023-09-04T11:08:00+00:00\",\"dateModified\":\"2025-05-20T22:57:50+00:00\",\"description\":\"Avec une moyenne de 676 millions de bouteilles vendues par an entre 2010 et 2022, la Tunisie vient au 4\u00e8me rang mondial en termes de consommation d\u2019eau min\u00e9rale...\",\"breadcrumb\":{\"@id\":\"https:\\\/\\\/www.webdo.tn\\\/fr\\\/actualite\\\/national\\\/le-tunisien-boit-en-moyenne-227-litres-d-eau-minerale-par-an\\\/208380\\\/#breadcrumb\"},\"inLanguage\":\"fr-FR\",\"potentialAction\":[{\"@type\":\"ReadAction\",\"target\":[\"https:\\\/\\\/www.webdo.tn\\\/fr\\\/actualite\\\/national\\\/le-tunisien-boit-en-moyenne-227-litres-d-eau-minerale-par-an\\\/208380\\\/\"]}]},{\"@type\":\"ImageObject\",\"inLanguage\":\"fr-FR\",\"@id\":\"https:\\\/\\\/www.webdo.tn\\\/fr\\\/actualite\\\/national\\\/le-tunisien-boit-en-moyenne-227-litres-d-eau-minerale-par-an\\\/208380\\\/#primaryimage\",\"url\":\"https:\\\/\\\/www.webdo.tn\\\/fr\\\/wp-content\\\/uploads\\\/2023\\\/09\\\/e76b4c6d48d164ae8e22c39567d97975.jpg\",\"contentUrl\":\"https:\\\/\\\/www.webdo.tn\\\/fr\\\/wp-content\\\/uploads\\\/2023\\\/09\\\/e76b4c6d48d164ae8e22c39567d97975.jpg\",\"width\":750,\"height\":400,\"caption\":\"Le Tunisien boit en moyenne 227 litres d\u2019eau min\u00e9rale par an !\"},{\"@type\":\"BreadcrumbList\",\"@id\":\"https:\\\/\\\/www.webdo.tn\\\/fr\\\/actualite\\\/national\\\/le-tunisien-boit-en-moyenne-227-litres-d-eau-minerale-par-an\\\/208380\\\/#breadcrumb\",\"itemListElement\":[{\"@type\":\"ListItem\",\"position\":1,\"name\":\"Accueil\",\"item\":\"https:\\\/\\\/www.webdo.tn\\\/fr\\\/\"},{\"@type\":\"ListItem\",\"position\":2,\"name\":\"Le Tunisien boit en moyenne 227 litres d\u2019eau min\u00e9rale par an !\"}]},{\"@type\":\"WebSite\",\"@id\":\"https:\\\/\\\/www.webdo.tn\\\/fr\\\/#website\",\"url\":\"https:\\\/\\\/www.webdo.tn\\\/fr\\\/\",\"name\":\"webdo\",\"description\":\"Tunisie - News en Tunisie et \u00e0 l&#039;international sur Webdo.tn\",\"publisher\":{\"@id\":\"https:\\\/\\\/www.webdo.tn\\\/fr\\\/#organization\"},\"potentialAction\":[{\"@type\":\"SearchAction\",\"target\":{\"@type\":\"EntryPoint\",\"urlTemplate\":\"https:\\\/\\\/www.webdo.tn\\\/fr\\\/?s={search_term_string}\"},\"query-input\":{\"@type\":\"PropertyValueSpecification\",\"valueRequired\":true,\"valueName\":\"search_term_string\"}}],\"inLanguage\":\"fr-FR\"},{\"@type\":\"Organization\",\"@id\":\"https:\\\/\\\/www.webdo.tn\\\/fr\\\/#organization\",\"name\":\"Webdo\",\"alternateName\":\"Webdo.tn\",\"url\":\"https:\\\/\\\/www.webdo.tn\\\/fr\\\/\",\"logo\":{\"@type\":\"ImageObject\",\"inLanguage\":\"fr-FR\",\"@id\":\"https:\\\/\\\/www.webdo.tn\\\/fr\\\/#\\\/schema\\\/logo\\\/image\\\/\",\"url\":\"https:\\\/\\\/www.webdo.tn\\\/fr\\\/wp-content\\\/uploads\\\/2025\\\/06\\\/Webdo-Tunisie_168377.jpg\",\"contentUrl\":\"https:\\\/\\\/www.webdo.tn\\\/fr\\\/wp-content\\\/uploads\\\/2025\\\/06\\\/Webdo-Tunisie_168377.jpg\",\"width\":301,\"height\":301,\"caption\":\"Webdo\"},\"image\":{\"@id\":\"https:\\\/\\\/www.webdo.tn\\\/fr\\\/#\\\/schema\\\/logo\\\/image\\\/\"},\"sameAs\":[\"https:\\\/\\\/www.facebook.com\\\/webdotn\",\"https:\\\/\\\/x.com\\\/webdo_tn\"],\"description\":\"Webdo est un m\u00e9dia num\u00e9rique tunisien fond\u00e9 en 2010, sp\u00e9cialis\u00e9 dans l\u2019actualit\u00e9 nationale et internationale, l\u2019\u00e9conomie, la soci\u00e9t\u00e9 et les analyses politiques. Le site s\u2019adresse \u00e0 un large public francophone et couvre l\u2019information tunisienne en temps r\u00e9el.\",\"email\":\"redac@webdo.tn\",\"legalName\":\"YNJ SARL\",\"foundingDate\":\"2010-09-06\",\"numberOfEmployees\":{\"@type\":\"QuantitativeValue\",\"minValue\":\"11\",\"maxValue\":\"50\"}},{\"@type\":\"Person\",\"@id\":\"https:\\\/\\\/www.webdo.tn\\\/fr\\\/#\\\/schema\\\/person\\\/590cb5f81adcfde6385530fdbdf468e2\",\"name\":\"Ramzi\",\"image\":{\"@type\":\"ImageObject\",\"inLanguage\":\"fr-FR\",\"@id\":\"https:\\\/\\\/secure.gravatar.com\\\/avatar\\\/48df7d18915e10cf866ba8e27604c81ff9243fd52704a1d210c3e387e1cb8d87?s=96&d=mm&r=g\",\"url\":\"https:\\\/\\\/secure.gravatar.com\\\/avatar\\\/48df7d18915e10cf866ba8e27604c81ff9243fd52704a1d210c3e387e1cb8d87?s=96&d=mm&r=g\",\"contentUrl\":\"https:\\\/\\\/secure.gravatar.com\\\/avatar\\\/48df7d18915e10cf866ba8e27604c81ff9243fd52704a1d210c3e387e1cb8d87?s=96&d=mm&r=g\",\"caption\":\"Ramzi\"},\"url\":\"https:\\\/\\\/www.webdo.tn\\\/fr\\\/actualite\\\/author\\\/ramzi\\\/\"}]}<\/script>\n<!-- \/ Yoast SEO Premium plugin. -->","yoast_head_json":{"title":"Le Tunisien boit en moyenne 227 litres d\u2019eau min\u00e9rale par an !","description":"Avec une moyenne de 676 millions de bouteilles vendues par an entre 2010 et 2022, la Tunisie vient au 4\u00e8me rang mondial en termes de consommation d\u2019eau min\u00e9rale...","canonical":"https:\/\/www.webdo.tn\/fr\/actualite\/national\/le-tunisien-boit-en-moyenne-227-litres-d-eau-minerale-par-an\/208380\/","og_locale":"fr_FR","og_type":"article","og_title":"Le Tunisien boit en moyenne 227 litres d\u2019eau min\u00e9rale par an !","og_description":"Avec une moyenne de 676 millions de bouteilles vendues par an entre 2010 et 2022, la Tunisie vient au 4\u00e8me rang mondial en termes de consommation d\u2019eau min\u00e9rale...","og_url":"https:\/\/www.webdo.tn\/fr\/actualite\/national\/le-tunisien-boit-en-moyenne-227-litres-d-eau-minerale-par-an\/208380\/","og_site_name":"webdo","article_publisher":"https:\/\/www.facebook.com\/webdotn","article_published_time":"2023-09-04T11:08:00+00:00","article_modified_time":"2025-05-20T22:57:50+00:00","og_image":[{"width":750,"height":400,"url":"https:\/\/www.webdo.tn\/fr\/wp-content\/uploads\/2023\/09\/e76b4c6d48d164ae8e22c39567d97975.jpg","type":"image\/jpeg"}],"author":"Ramzi","twitter_card":"summary_large_image","twitter_creator":"@webdo_tn","twitter_site":"@webdo_tn","twitter_misc":{"\u00c9crit par":"Ramzi","Dur\u00e9e de lecture estim\u00e9e":"1 minute"},"schema":{"@context":"https:\/\/schema.org","@graph":[{"@type":"NewsArticle","@id":"https:\/\/www.webdo.tn\/fr\/actualite\/national\/le-tunisien-boit-en-moyenne-227-litres-d-eau-minerale-par-an\/208380\/#article","isPartOf":{"@id":"https:\/\/www.webdo.tn\/fr\/actualite\/national\/le-tunisien-boit-en-moyenne-227-litres-d-eau-minerale-par-an\/208380\/"},"author":{"name":"Ramzi","@id":"https:\/\/www.webdo.tn\/fr\/#\/schema\/person\/590cb5f81adcfde6385530fdbdf468e2"},"headline":"Le Tunisien boit en moyenne 227 litres d\u2019eau min\u00e9rale par an !","datePublished":"2023-09-04T11:08:00+00:00","dateModified":"2025-05-20T22:57:50+00:00","mainEntityOfPage":{"@id":"https:\/\/www.webdo.tn\/fr\/actualite\/national\/le-tunisien-boit-en-moyenne-227-litres-d-eau-minerale-par-an\/208380\/"},"wordCount":305,"commentCount":0,"publisher":{"@id":"https:\/\/www.webdo.tn\/fr\/#organization"},"image":{"@id":"https:\/\/www.webdo.tn\/fr\/actualite\/national\/le-tunisien-boit-en-moyenne-227-litres-d-eau-minerale-par-an\/208380\/#primaryimage"},"thumbnailUrl":"https:\/\/www.webdo.tn\/fr\/wp-content\/uploads\/2023\/09\/e76b4c6d48d164ae8e22c39567d97975.jpg","keywords":["eau min\u00e9rale","eau potable","Tunisie"],"articleSection":["National"],"inLanguage":"fr-FR"},{"@type":"WebPage","@id":"https:\/\/www.webdo.tn\/fr\/actualite\/national\/le-tunisien-boit-en-moyenne-227-litres-d-eau-minerale-par-an\/208380\/","url":"https:\/\/www.webdo.tn\/fr\/actualite\/national\/le-tunisien-boit-en-moyenne-227-litres-d-eau-minerale-par-an\/208380\/","name":"Le Tunisien boit en moyenne 227 litres d\u2019eau min\u00e9rale par an !","isPartOf":{"@id":"https:\/\/www.webdo.tn\/fr\/#website"},"primaryImageOfPage":{"@id":"https:\/\/www.webdo.tn\/fr\/actualite\/national\/le-tunisien-boit-en-moyenne-227-litres-d-eau-minerale-par-an\/208380\/#primaryimage"},"image":{"@id":"https:\/\/www.webdo.tn\/fr\/actualite\/national\/le-tunisien-boit-en-moyenne-227-litres-d-eau-minerale-par-an\/208380\/#primaryimage"},"thumbnailUrl":"https:\/\/www.webdo.tn\/fr\/wp-content\/uploads\/2023\/09\/e76b4c6d48d164ae8e22c39567d97975.jpg","datePublished":"2023-09-04T11:08:00+00:00","dateModified":"2025-05-20T22:57:50+00:00","description":"Avec une moyenne de 676 millions de bouteilles vendues par an entre 2010 et 2022, la Tunisie vient au 4\u00e8me rang mondial en termes de consommation d\u2019eau min\u00e9rale...","breadcrumb":{"@id":"https:\/\/www.webdo.tn\/fr\/actualite\/national\/le-tunisien-boit-en-moyenne-227-litres-d-eau-minerale-par-an\/208380\/#breadcrumb"},"inLanguage":"fr-FR","potentialAction":[{"@type":"ReadAction","target":["https:\/\/www.webdo.tn\/fr\/actualite\/national\/le-tunisien-boit-en-moyenne-227-litres-d-eau-minerale-par-an\/208380\/"]}]},{"@type":"ImageObject","inLanguage":"fr-FR","@id":"https:\/\/www.webdo.tn\/fr\/actualite\/national\/le-tunisien-boit-en-moyenne-227-litres-d-eau-minerale-par-an\/208380\/#primaryimage","url":"https:\/\/www.webdo.tn\/fr\/wp-content\/uploads\/2023\/09\/e76b4c6d48d164ae8e22c39567d97975.jpg","contentUrl":"https:\/\/www.webdo.tn\/fr\/wp-content\/uploads\/2023\/09\/e76b4c6d48d164ae8e22c39567d97975.jpg","width":750,"height":400,"caption":"Le Tunisien boit en moyenne 227 litres d\u2019eau min\u00e9rale par an !"},{"@type":"BreadcrumbList","@id":"https:\/\/www.webdo.tn\/fr\/actualite\/national\/le-tunisien-boit-en-moyenne-227-litres-d-eau-minerale-par-an\/208380\/#breadcrumb","itemListElement":[{"@type":"ListItem","position":1,"name":"Accueil","item":"https:\/\/www.webdo.tn\/fr\/"},{"@type":"ListItem","position":2,"name":"Le Tunisien boit en moyenne 227 litres d\u2019eau min\u00e9rale par an !"}]},{"@type":"WebSite","@id":"https:\/\/www.webdo.tn\/fr\/#website","url":"https:\/\/www.webdo.tn\/fr\/","name":"webdo","description":"Tunisie - News en Tunisie et \u00e0 l&#039;international sur Webdo.tn","publisher":{"@id":"https:\/\/www.webdo.tn\/fr\/#organization"},"potentialAction":[{"@type":"SearchAction","target":{"@type":"EntryPoint","urlTemplate":"https:\/\/www.webdo.tn\/fr\/?s={search_term_string}"},"query-input":{"@type":"PropertyValueSpecification","valueRequired":true,"valueName":"search_term_string"}}],"inLanguage":"fr-FR"},{"@type":"Organization","@id":"https:\/\/www.webdo.tn\/fr\/#organization","name":"Webdo","alternateName":"Webdo.tn","url":"https:\/\/www.webdo.tn\/fr\/","logo":{"@type":"ImageObject","inLanguage":"fr-FR","@id":"https:\/\/www.webdo.tn\/fr\/#\/schema\/logo\/image\/","url":"https:\/\/www.webdo.tn\/fr\/wp-content\/uploads\/2025\/06\/Webdo-Tunisie_168377.jpg","contentUrl":"https:\/\/www.webdo.tn\/fr\/wp-content\/uploads\/2025\/06\/Webdo-Tunisie_168377.jpg","width":301,"height":301,"caption":"Webdo"},"image":{"@id":"https:\/\/www.webdo.tn\/fr\/#\/schema\/logo\/image\/"},"sameAs":["https:\/\/www.facebook.com\/webdotn","https:\/\/x.com\/webdo_tn"],"description":"Webdo est un m\u00e9dia num\u00e9rique tunisien fond\u00e9 en 2010, sp\u00e9cialis\u00e9 dans l\u2019actualit\u00e9 nationale et internationale, l\u2019\u00e9conomie, la soci\u00e9t\u00e9 et les analyses politiques. Le site s\u2019adresse \u00e0 un large public francophone et couvre l\u2019information tunisienne en temps r\u00e9el.","email":"redac@webdo.tn","legalName":"YNJ SARL","foundingDate":"2010-09-06","numberOfEmployees":{"@type":"QuantitativeValue","minValue":"11","maxValue":"50"}},{"@type":"Person","@id":"https:\/\/www.webdo.tn\/fr\/#\/schema\/person\/590cb5f81adcfde6385530fdbdf468e2","name":"Ramzi","image":{"@type":"ImageObject","inLanguage":"fr-FR","@id":"https:\/\/secure.gravatar.com\/avatar\/48df7d18915e10cf866ba8e27604c81ff9243fd52704a1d210c3e387e1cb8d87?s=96&d=mm&r=g","url":"https:\/\/secure.gravatar.com\/avatar\/48df7d18915e10cf866ba8e27604c81ff9243fd52704a1d210c3e387e1cb8d87?s=96&d=mm&r=g","contentUrl":"https:\/\/secure.gravatar.com\/avatar\/48df7d18915e10cf866ba8e27604c81ff9243fd52704a1d210c3e387e1cb8d87?s=96&d=mm&r=g","caption":"Ramzi"},"url":"https:\/\/www.webdo.tn\/fr\/actualite\/author\/ramzi\/"}]}},"_links":{"self":[{"href":"https:\/\/www.webdo.tn\/fr\/wp-json\/wp\/v2\/posts\/208380","targetHints":{"allow":["GET"]}}],"collection":[{"href":"https:\/\/www.webdo.tn\/fr\/wp-json\/wp\/v2\/posts"}],"about":[{"href":"https:\/\/www.webdo.tn\/fr\/wp-json\/wp\/v2\/types\/post"}],"author":[{"embeddable":true,"href":"https:\/\/www.webdo.tn\/fr\/wp-json\/wp\/v2\/users\/3188"}],"replies":[{"embeddable":true,"href":"https:\/\/www.webdo.tn\/fr\/wp-json\/wp\/v2\/comments?post=208380"}],"version-history":[{"count":0,"href":"https:\/\/www.webdo.tn\/fr\/wp-json\/wp\/v2\/posts\/208380\/revisions"}],"wp:featuredmedia":[{"embeddable":true,"href":"https:\/\/www.webdo.tn\/fr\/wp-json\/wp\/v2\/media\/249412"}],"wp:attachment":[{"href":"https:\/\/www.webdo.tn\/fr\/wp-json\/wp\/v2\/media?parent=208380"}],"wp:term":[{"taxonomy":"category","embeddable":true,"href":"https:\/\/www.webdo.tn\/fr\/wp-json\/wp\/v2\/categories?post=208380"},{"taxonomy":"post_tag","embeddable":true,"href":"https:\/\/www.webdo.tn\/fr\/wp-json\/wp\/v2\/tags?post=208380"}],"curies":[{"name":"wp","href":"https:\/\/api.w.org\/{rel}","templated":true}]}}