{"id":208377,"date":"2023-09-04T09:32:00","date_gmt":"2023-09-04T09:32:00","guid":{"rendered":"https:\/\/www.webdo.tn\/fr\/blog\/deces-d-ameur-hizem-ancien-selectionneur-national\/208377\/"},"modified":"2025-05-20T21:57:36","modified_gmt":"2025-05-20T21:57:36","slug":"deces-d-ameur-hizem-ancien-selectionneur-national","status":"publish","type":"post","link":"https:\/\/www.webdo.tn\/fr\/actualite\/sport\/deces-d-ameur-hizem-ancien-selectionneur-national\/208377\/","title":{"rendered":"D\u00e9c\u00e8s d\u2019Ameur Hizem, ancien s\u00e9lectionneur national"},"content":{"rendered":"<p>L\u2019ancien s\u00e9lectionneur national des Aigles de Carthage (\u00e0 trois reprises), Ameur Hizem, est d\u00e9c\u00e9d\u00e9, ce lundi 4 septembre 2023 \u00e0 l\u2019\u00e2ge de 85 ans.<\/p>\n<p>\t\t\t\t\t\t\t\t\tN\u00e9 le 22 septembre 1937, Ameur Hizem est un ancien joueur de l\u2019Union Sportive Monastirienne o\u00f9 il a effectu\u00e9 toute sa carri\u00e8re avant d\u2019aller jouer en Allemagne (Knapsack et Solinge).<\/p>\n<p>Apr\u00e8s avoir raccroch\u00e9 les crampons il se tourne vers le m\u00e9tier d\u2019entra\u00eeneur. Il d\u00e9croche son dipl\u00f4me d&rsquo;entra\u00eeneur en Allemagne.<\/p>\n<p>Il revient en Tunisie et entra\u00eene plusieurs clubs tunisiens comme l\u2019US Monastirienne, le Stade tunisien, le Club Africain, l\u2019EM Mahdia etc.<\/p>\n<p>En 1970, il est d\u00e9sign\u00e9 s\u00e9lectionneur national, poste qu\u2019il occupera jusqu\u2019en 1974. Il est rappel\u00e9 \u00e0 la t\u00eate de l\u2019Equipe nationale apr\u00e8s l\u2019\u00e9pop\u00e9e argentine (de 1978 \u00e0 1979) puis de 1980 \u00e0 1981. Il a en outre, \u00e9t\u00e9 directeur technique national \u00e0 deux reprises.<\/p>\n<p>Son palmar\u00e8s de technicien compte la m\u00e9daille d\u2019or de la coupe de Palestine en 1973 en Libye, la m\u00e9daille d\u2019argent des Jeux m\u00e9diterran\u00e9ens 1971 \u00e0 Izmir et deux coupes maghr\u00e9bines des clubs avec le CA (1975 \u00e0 Casablanca et 1976 \u00e0 Tunis).<\/p>\n<p>Paix \u00e0 son \u00e2me !<\/p>\n","protected":false},"excerpt":{"rendered":"<p>L\u2019ancien s\u00e9lectionneur national des Aigles de Carthage (\u00e0 trois reprises), Ameur Hizem, est d\u00e9c\u00e9d\u00e9, ce lundi 4 septembre 2023 \u00e0 l\u2019\u00e2ge de 85 ans.<\/p>\n","protected":false},"author":3162,"featured_media":249410,"comment_status":"open","ping_status":"closed","sticky":false,"template":"","format":"standard","meta":{"footnotes":""},"categories":[2593],"tags":[7984,2622,7985,7983],"class_list":["post-208377","post","type-post","status-publish","format-standard","has-post-thumbnail","hentry","category-sport","tag-ameur-hizem","tag-football","tag-selectionneur","tag-us-monastirienne"],"yoast_head":"<!-- This site is optimized with the Yoast SEO Premium plugin v27.4 (Yoast SEO v27.5) - https:\/\/yoast.com\/product\/yoast-seo-premium-wordpress\/ -->\n<title>D\u00e9c\u00e8s d\u2019Ameur Hizem, ancien s\u00e9lectionneur national<\/title>\n<meta name=\"description\" content=\"L\u2019ancien s\u00e9lectionneur national des Aigles de Carthage (\u00e0 trois reprises), Ameur Hizem, est d\u00e9c\u00e9d\u00e9, ce lundi 4 septembre 2023 \u00e0 l\u2019\u00e2ge de 85 ans.\" \/>\n<link rel=\"canonical\" href=\"https:\/\/www.webdo.tn\/fr\/actualite\/sport\/deces-d-ameur-hizem-ancien-selectionneur-national\/208377\/\" \/>\n<meta property=\"og:locale\" content=\"fr_FR\" \/>\n<meta property=\"og:type\" content=\"article\" \/>\n<meta property=\"og:title\" content=\"D\u00e9c\u00e8s d\u2019Ameur Hizem, ancien s\u00e9lectionneur national\" \/>\n<meta property=\"og:description\" content=\"L\u2019ancien s\u00e9lectionneur national des Aigles de Carthage (\u00e0 trois reprises), Ameur Hizem, est d\u00e9c\u00e9d\u00e9, ce lundi 4 septembre 2023 \u00e0 l\u2019\u00e2ge de 85 ans.\" \/>\n<meta property=\"og:url\" content=\"https:\/\/www.webdo.tn\/fr\/actualite\/sport\/deces-d-ameur-hizem-ancien-selectionneur-national\/208377\/\" \/>\n<meta property=\"og:site_name\" content=\"webdo\" \/>\n<meta property=\"article:publisher\" content=\"https:\/\/www.facebook.com\/webdotn\" \/>\n<meta property=\"article:published_time\" content=\"2023-09-04T09:32:00+00:00\" \/>\n<meta property=\"article:modified_time\" content=\"2025-05-20T21:57:36+00:00\" \/>\n<meta property=\"og:image\" content=\"https:\/\/www.webdo.tn\/fr\/wp-content\/uploads\/2023\/09\/b2cab0c0c43f5a8ad5427820cf09ab30.jpg\" \/>\n\t<meta property=\"og:image:width\" content=\"750\" \/>\n\t<meta property=\"og:image:height\" content=\"400\" \/>\n\t<meta property=\"og:image:type\" content=\"image\/jpeg\" \/>\n<meta name=\"author\" content=\"MC\" \/>\n<meta name=\"twitter:card\" content=\"summary_large_image\" \/>\n<meta name=\"twitter:creator\" content=\"@webdo_tn\" \/>\n<meta name=\"twitter:site\" content=\"@webdo_tn\" \/>\n<meta name=\"twitter:label1\" content=\"\u00c9crit par\" \/>\n\t<meta name=\"twitter:data1\" content=\"MC\" \/>\n\t<meta name=\"twitter:label2\" content=\"Dur\u00e9e de lecture estim\u00e9e\" \/>\n\t<meta name=\"twitter:data2\" content=\"1 minute\" \/>\n<script type=\"application\/ld+json\" class=\"yoast-schema-graph\">{\"@context\":\"https:\\\/\\\/schema.org\",\"@graph\":[{\"@type\":\"NewsArticle\",\"@id\":\"https:\\\/\\\/www.webdo.tn\\\/fr\\\/actualite\\\/sport\\\/deces-d-ameur-hizem-ancien-selectionneur-national\\\/208377\\\/#article\",\"isPartOf\":{\"@id\":\"https:\\\/\\\/www.webdo.tn\\\/fr\\\/actualite\\\/sport\\\/deces-d-ameur-hizem-ancien-selectionneur-national\\\/208377\\\/\"},\"author\":{\"name\":\"MC\",\"@id\":\"https:\\\/\\\/www.webdo.tn\\\/fr\\\/#\\\/schema\\\/person\\\/2c4929cbf5a809e3bd38617c6ce150f6\"},\"headline\":\"D\u00e9c\u00e8s d\u2019Ameur Hizem, ancien s\u00e9lectionneur national\",\"datePublished\":\"2023-09-04T09:32:00+00:00\",\"dateModified\":\"2025-05-20T21:57:36+00:00\",\"mainEntityOfPage\":{\"@id\":\"https:\\\/\\\/www.webdo.tn\\\/fr\\\/actualite\\\/sport\\\/deces-d-ameur-hizem-ancien-selectionneur-national\\\/208377\\\/\"},\"wordCount\":205,\"commentCount\":0,\"publisher\":{\"@id\":\"https:\\\/\\\/www.webdo.tn\\\/fr\\\/#organization\"},\"image\":{\"@id\":\"https:\\\/\\\/www.webdo.tn\\\/fr\\\/actualite\\\/sport\\\/deces-d-ameur-hizem-ancien-selectionneur-national\\\/208377\\\/#primaryimage\"},\"thumbnailUrl\":\"https:\\\/\\\/www.webdo.tn\\\/fr\\\/wp-content\\\/uploads\\\/2023\\\/09\\\/b2cab0c0c43f5a8ad5427820cf09ab30.jpg\",\"keywords\":[\"ameur hizem\",\"football\",\"s\u00e9lectionneur\",\"US monastirienne\"],\"articleSection\":[\"Sport\"],\"inLanguage\":\"fr-FR\"},{\"@type\":\"WebPage\",\"@id\":\"https:\\\/\\\/www.webdo.tn\\\/fr\\\/actualite\\\/sport\\\/deces-d-ameur-hizem-ancien-selectionneur-national\\\/208377\\\/\",\"url\":\"https:\\\/\\\/www.webdo.tn\\\/fr\\\/actualite\\\/sport\\\/deces-d-ameur-hizem-ancien-selectionneur-national\\\/208377\\\/\",\"name\":\"D\u00e9c\u00e8s d\u2019Ameur Hizem, ancien s\u00e9lectionneur national\",\"isPartOf\":{\"@id\":\"https:\\\/\\\/www.webdo.tn\\\/fr\\\/#website\"},\"primaryImageOfPage\":{\"@id\":\"https:\\\/\\\/www.webdo.tn\\\/fr\\\/actualite\\\/sport\\\/deces-d-ameur-hizem-ancien-selectionneur-national\\\/208377\\\/#primaryimage\"},\"image\":{\"@id\":\"https:\\\/\\\/www.webdo.tn\\\/fr\\\/actualite\\\/sport\\\/deces-d-ameur-hizem-ancien-selectionneur-national\\\/208377\\\/#primaryimage\"},\"thumbnailUrl\":\"https:\\\/\\\/www.webdo.tn\\\/fr\\\/wp-content\\\/uploads\\\/2023\\\/09\\\/b2cab0c0c43f5a8ad5427820cf09ab30.jpg\",\"datePublished\":\"2023-09-04T09:32:00+00:00\",\"dateModified\":\"2025-05-20T21:57:36+00:00\",\"description\":\"L\u2019ancien s\u00e9lectionneur national des Aigles de Carthage (\u00e0 trois reprises), Ameur Hizem, est d\u00e9c\u00e9d\u00e9, ce lundi 4 septembre 2023 \u00e0 l\u2019\u00e2ge de 85 ans.\",\"breadcrumb\":{\"@id\":\"https:\\\/\\\/www.webdo.tn\\\/fr\\\/actualite\\\/sport\\\/deces-d-ameur-hizem-ancien-selectionneur-national\\\/208377\\\/#breadcrumb\"},\"inLanguage\":\"fr-FR\",\"potentialAction\":[{\"@type\":\"ReadAction\",\"target\":[\"https:\\\/\\\/www.webdo.tn\\\/fr\\\/actualite\\\/sport\\\/deces-d-ameur-hizem-ancien-selectionneur-national\\\/208377\\\/\"]}]},{\"@type\":\"ImageObject\",\"inLanguage\":\"fr-FR\",\"@id\":\"https:\\\/\\\/www.webdo.tn\\\/fr\\\/actualite\\\/sport\\\/deces-d-ameur-hizem-ancien-selectionneur-national\\\/208377\\\/#primaryimage\",\"url\":\"https:\\\/\\\/www.webdo.tn\\\/fr\\\/wp-content\\\/uploads\\\/2023\\\/09\\\/b2cab0c0c43f5a8ad5427820cf09ab30.jpg\",\"contentUrl\":\"https:\\\/\\\/www.webdo.tn\\\/fr\\\/wp-content\\\/uploads\\\/2023\\\/09\\\/b2cab0c0c43f5a8ad5427820cf09ab30.jpg\",\"width\":750,\"height\":400,\"caption\":\"D\u00e9c\u00e8s d\u2019Ameur Hizem, ancien s\u00e9lectionneur national\"},{\"@type\":\"BreadcrumbList\",\"@id\":\"https:\\\/\\\/www.webdo.tn\\\/fr\\\/actualite\\\/sport\\\/deces-d-ameur-hizem-ancien-selectionneur-national\\\/208377\\\/#breadcrumb\",\"itemListElement\":[{\"@type\":\"ListItem\",\"position\":1,\"name\":\"Accueil\",\"item\":\"https:\\\/\\\/www.webdo.tn\\\/fr\\\/\"},{\"@type\":\"ListItem\",\"position\":2,\"name\":\"D\u00e9c\u00e8s d\u2019Ameur Hizem, ancien s\u00e9lectionneur national\"}]},{\"@type\":\"WebSite\",\"@id\":\"https:\\\/\\\/www.webdo.tn\\\/fr\\\/#website\",\"url\":\"https:\\\/\\\/www.webdo.tn\\\/fr\\\/\",\"name\":\"webdo\",\"description\":\"Tunisie - News en Tunisie et \u00e0 l&#039;international sur Webdo.tn\",\"publisher\":{\"@id\":\"https:\\\/\\\/www.webdo.tn\\\/fr\\\/#organization\"},\"potentialAction\":[{\"@type\":\"SearchAction\",\"target\":{\"@type\":\"EntryPoint\",\"urlTemplate\":\"https:\\\/\\\/www.webdo.tn\\\/fr\\\/?s={search_term_string}\"},\"query-input\":{\"@type\":\"PropertyValueSpecification\",\"valueRequired\":true,\"valueName\":\"search_term_string\"}}],\"inLanguage\":\"fr-FR\"},{\"@type\":\"Organization\",\"@id\":\"https:\\\/\\\/www.webdo.tn\\\/fr\\\/#organization\",\"name\":\"Webdo\",\"alternateName\":\"Webdo.tn\",\"url\":\"https:\\\/\\\/www.webdo.tn\\\/fr\\\/\",\"logo\":{\"@type\":\"ImageObject\",\"inLanguage\":\"fr-FR\",\"@id\":\"https:\\\/\\\/www.webdo.tn\\\/fr\\\/#\\\/schema\\\/logo\\\/image\\\/\",\"url\":\"https:\\\/\\\/www.webdo.tn\\\/fr\\\/wp-content\\\/uploads\\\/2025\\\/06\\\/Webdo-Tunisie_168377.jpg\",\"contentUrl\":\"https:\\\/\\\/www.webdo.tn\\\/fr\\\/wp-content\\\/uploads\\\/2025\\\/06\\\/Webdo-Tunisie_168377.jpg\",\"width\":301,\"height\":301,\"caption\":\"Webdo\"},\"image\":{\"@id\":\"https:\\\/\\\/www.webdo.tn\\\/fr\\\/#\\\/schema\\\/logo\\\/image\\\/\"},\"sameAs\":[\"https:\\\/\\\/www.facebook.com\\\/webdotn\",\"https:\\\/\\\/x.com\\\/webdo_tn\"],\"description\":\"Webdo est un m\u00e9dia num\u00e9rique tunisien fond\u00e9 en 2010, sp\u00e9cialis\u00e9 dans l\u2019actualit\u00e9 nationale et internationale, l\u2019\u00e9conomie, la soci\u00e9t\u00e9 et les analyses politiques. Le site s\u2019adresse \u00e0 un large public francophone et couvre l\u2019information tunisienne en temps r\u00e9el.\",\"email\":\"redac@webdo.tn\",\"legalName\":\"YNJ SARL\",\"foundingDate\":\"2010-09-06\",\"numberOfEmployees\":{\"@type\":\"QuantitativeValue\",\"minValue\":\"11\",\"maxValue\":\"50\"}},{\"@type\":\"Person\",\"@id\":\"https:\\\/\\\/www.webdo.tn\\\/fr\\\/#\\\/schema\\\/person\\\/2c4929cbf5a809e3bd38617c6ce150f6\",\"name\":\"MC\",\"image\":{\"@type\":\"ImageObject\",\"inLanguage\":\"fr-FR\",\"@id\":\"https:\\\/\\\/secure.gravatar.com\\\/avatar\\\/a545bbb6f84efdd5553dbbc2895e3ca8f1d12c5215e00a041c9670b54aa9b18a?s=96&d=mm&r=g\",\"url\":\"https:\\\/\\\/secure.gravatar.com\\\/avatar\\\/a545bbb6f84efdd5553dbbc2895e3ca8f1d12c5215e00a041c9670b54aa9b18a?s=96&d=mm&r=g\",\"contentUrl\":\"https:\\\/\\\/secure.gravatar.com\\\/avatar\\\/a545bbb6f84efdd5553dbbc2895e3ca8f1d12c5215e00a041c9670b54aa9b18a?s=96&d=mm&r=g\",\"caption\":\"MC\"},\"url\":\"https:\\\/\\\/www.webdo.tn\\\/fr\\\/actualite\\\/author\\\/mc\\\/\"}]}<\/script>\n<!-- \/ Yoast SEO Premium plugin. -->","yoast_head_json":{"title":"D\u00e9c\u00e8s d\u2019Ameur Hizem, ancien s\u00e9lectionneur national","description":"L\u2019ancien s\u00e9lectionneur national des Aigles de Carthage (\u00e0 trois reprises), Ameur Hizem, est d\u00e9c\u00e9d\u00e9, ce lundi 4 septembre 2023 \u00e0 l\u2019\u00e2ge de 85 ans.","canonical":"https:\/\/www.webdo.tn\/fr\/actualite\/sport\/deces-d-ameur-hizem-ancien-selectionneur-national\/208377\/","og_locale":"fr_FR","og_type":"article","og_title":"D\u00e9c\u00e8s d\u2019Ameur Hizem, ancien s\u00e9lectionneur national","og_description":"L\u2019ancien s\u00e9lectionneur national des Aigles de Carthage (\u00e0 trois reprises), Ameur Hizem, est d\u00e9c\u00e9d\u00e9, ce lundi 4 septembre 2023 \u00e0 l\u2019\u00e2ge de 85 ans.","og_url":"https:\/\/www.webdo.tn\/fr\/actualite\/sport\/deces-d-ameur-hizem-ancien-selectionneur-national\/208377\/","og_site_name":"webdo","article_publisher":"https:\/\/www.facebook.com\/webdotn","article_published_time":"2023-09-04T09:32:00+00:00","article_modified_time":"2025-05-20T21:57:36+00:00","og_image":[{"width":750,"height":400,"url":"https:\/\/www.webdo.tn\/fr\/wp-content\/uploads\/2023\/09\/b2cab0c0c43f5a8ad5427820cf09ab30.jpg","type":"image\/jpeg"}],"author":"MC","twitter_card":"summary_large_image","twitter_creator":"@webdo_tn","twitter_site":"@webdo_tn","twitter_misc":{"\u00c9crit par":"MC","Dur\u00e9e de lecture estim\u00e9e":"1 minute"},"schema":{"@context":"https:\/\/schema.org","@graph":[{"@type":"NewsArticle","@id":"https:\/\/www.webdo.tn\/fr\/actualite\/sport\/deces-d-ameur-hizem-ancien-selectionneur-national\/208377\/#article","isPartOf":{"@id":"https:\/\/www.webdo.tn\/fr\/actualite\/sport\/deces-d-ameur-hizem-ancien-selectionneur-national\/208377\/"},"author":{"name":"MC","@id":"https:\/\/www.webdo.tn\/fr\/#\/schema\/person\/2c4929cbf5a809e3bd38617c6ce150f6"},"headline":"D\u00e9c\u00e8s d\u2019Ameur Hizem, ancien s\u00e9lectionneur national","datePublished":"2023-09-04T09:32:00+00:00","dateModified":"2025-05-20T21:57:36+00:00","mainEntityOfPage":{"@id":"https:\/\/www.webdo.tn\/fr\/actualite\/sport\/deces-d-ameur-hizem-ancien-selectionneur-national\/208377\/"},"wordCount":205,"commentCount":0,"publisher":{"@id":"https:\/\/www.webdo.tn\/fr\/#organization"},"image":{"@id":"https:\/\/www.webdo.tn\/fr\/actualite\/sport\/deces-d-ameur-hizem-ancien-selectionneur-national\/208377\/#primaryimage"},"thumbnailUrl":"https:\/\/www.webdo.tn\/fr\/wp-content\/uploads\/2023\/09\/b2cab0c0c43f5a8ad5427820cf09ab30.jpg","keywords":["ameur hizem","football","s\u00e9lectionneur","US monastirienne"],"articleSection":["Sport"],"inLanguage":"fr-FR"},{"@type":"WebPage","@id":"https:\/\/www.webdo.tn\/fr\/actualite\/sport\/deces-d-ameur-hizem-ancien-selectionneur-national\/208377\/","url":"https:\/\/www.webdo.tn\/fr\/actualite\/sport\/deces-d-ameur-hizem-ancien-selectionneur-national\/208377\/","name":"D\u00e9c\u00e8s d\u2019Ameur Hizem, ancien s\u00e9lectionneur national","isPartOf":{"@id":"https:\/\/www.webdo.tn\/fr\/#website"},"primaryImageOfPage":{"@id":"https:\/\/www.webdo.tn\/fr\/actualite\/sport\/deces-d-ameur-hizem-ancien-selectionneur-national\/208377\/#primaryimage"},"image":{"@id":"https:\/\/www.webdo.tn\/fr\/actualite\/sport\/deces-d-ameur-hizem-ancien-selectionneur-national\/208377\/#primaryimage"},"thumbnailUrl":"https:\/\/www.webdo.tn\/fr\/wp-content\/uploads\/2023\/09\/b2cab0c0c43f5a8ad5427820cf09ab30.jpg","datePublished":"2023-09-04T09:32:00+00:00","dateModified":"2025-05-20T21:57:36+00:00","description":"L\u2019ancien s\u00e9lectionneur national des Aigles de Carthage (\u00e0 trois reprises), Ameur Hizem, est d\u00e9c\u00e9d\u00e9, ce lundi 4 septembre 2023 \u00e0 l\u2019\u00e2ge de 85 ans.","breadcrumb":{"@id":"https:\/\/www.webdo.tn\/fr\/actualite\/sport\/deces-d-ameur-hizem-ancien-selectionneur-national\/208377\/#breadcrumb"},"inLanguage":"fr-FR","potentialAction":[{"@type":"ReadAction","target":["https:\/\/www.webdo.tn\/fr\/actualite\/sport\/deces-d-ameur-hizem-ancien-selectionneur-national\/208377\/"]}]},{"@type":"ImageObject","inLanguage":"fr-FR","@id":"https:\/\/www.webdo.tn\/fr\/actualite\/sport\/deces-d-ameur-hizem-ancien-selectionneur-national\/208377\/#primaryimage","url":"https:\/\/www.webdo.tn\/fr\/wp-content\/uploads\/2023\/09\/b2cab0c0c43f5a8ad5427820cf09ab30.jpg","contentUrl":"https:\/\/www.webdo.tn\/fr\/wp-content\/uploads\/2023\/09\/b2cab0c0c43f5a8ad5427820cf09ab30.jpg","width":750,"height":400,"caption":"D\u00e9c\u00e8s d\u2019Ameur Hizem, ancien s\u00e9lectionneur national"},{"@type":"BreadcrumbList","@id":"https:\/\/www.webdo.tn\/fr\/actualite\/sport\/deces-d-ameur-hizem-ancien-selectionneur-national\/208377\/#breadcrumb","itemListElement":[{"@type":"ListItem","position":1,"name":"Accueil","item":"https:\/\/www.webdo.tn\/fr\/"},{"@type":"ListItem","position":2,"name":"D\u00e9c\u00e8s d\u2019Ameur Hizem, ancien s\u00e9lectionneur national"}]},{"@type":"WebSite","@id":"https:\/\/www.webdo.tn\/fr\/#website","url":"https:\/\/www.webdo.tn\/fr\/","name":"webdo","description":"Tunisie - News en Tunisie et \u00e0 l&#039;international sur Webdo.tn","publisher":{"@id":"https:\/\/www.webdo.tn\/fr\/#organization"},"potentialAction":[{"@type":"SearchAction","target":{"@type":"EntryPoint","urlTemplate":"https:\/\/www.webdo.tn\/fr\/?s={search_term_string}"},"query-input":{"@type":"PropertyValueSpecification","valueRequired":true,"valueName":"search_term_string"}}],"inLanguage":"fr-FR"},{"@type":"Organization","@id":"https:\/\/www.webdo.tn\/fr\/#organization","name":"Webdo","alternateName":"Webdo.tn","url":"https:\/\/www.webdo.tn\/fr\/","logo":{"@type":"ImageObject","inLanguage":"fr-FR","@id":"https:\/\/www.webdo.tn\/fr\/#\/schema\/logo\/image\/","url":"https:\/\/www.webdo.tn\/fr\/wp-content\/uploads\/2025\/06\/Webdo-Tunisie_168377.jpg","contentUrl":"https:\/\/www.webdo.tn\/fr\/wp-content\/uploads\/2025\/06\/Webdo-Tunisie_168377.jpg","width":301,"height":301,"caption":"Webdo"},"image":{"@id":"https:\/\/www.webdo.tn\/fr\/#\/schema\/logo\/image\/"},"sameAs":["https:\/\/www.facebook.com\/webdotn","https:\/\/x.com\/webdo_tn"],"description":"Webdo est un m\u00e9dia num\u00e9rique tunisien fond\u00e9 en 2010, sp\u00e9cialis\u00e9 dans l\u2019actualit\u00e9 nationale et internationale, l\u2019\u00e9conomie, la soci\u00e9t\u00e9 et les analyses politiques. Le site s\u2019adresse \u00e0 un large public francophone et couvre l\u2019information tunisienne en temps r\u00e9el.","email":"redac@webdo.tn","legalName":"YNJ SARL","foundingDate":"2010-09-06","numberOfEmployees":{"@type":"QuantitativeValue","minValue":"11","maxValue":"50"}},{"@type":"Person","@id":"https:\/\/www.webdo.tn\/fr\/#\/schema\/person\/2c4929cbf5a809e3bd38617c6ce150f6","name":"MC","image":{"@type":"ImageObject","inLanguage":"fr-FR","@id":"https:\/\/secure.gravatar.com\/avatar\/a545bbb6f84efdd5553dbbc2895e3ca8f1d12c5215e00a041c9670b54aa9b18a?s=96&d=mm&r=g","url":"https:\/\/secure.gravatar.com\/avatar\/a545bbb6f84efdd5553dbbc2895e3ca8f1d12c5215e00a041c9670b54aa9b18a?s=96&d=mm&r=g","contentUrl":"https:\/\/secure.gravatar.com\/avatar\/a545bbb6f84efdd5553dbbc2895e3ca8f1d12c5215e00a041c9670b54aa9b18a?s=96&d=mm&r=g","caption":"MC"},"url":"https:\/\/www.webdo.tn\/fr\/actualite\/author\/mc\/"}]}},"_links":{"self":[{"href":"https:\/\/www.webdo.tn\/fr\/wp-json\/wp\/v2\/posts\/208377","targetHints":{"allow":["GET"]}}],"collection":[{"href":"https:\/\/www.webdo.tn\/fr\/wp-json\/wp\/v2\/posts"}],"about":[{"href":"https:\/\/www.webdo.tn\/fr\/wp-json\/wp\/v2\/types\/post"}],"author":[{"embeddable":true,"href":"https:\/\/www.webdo.tn\/fr\/wp-json\/wp\/v2\/users\/3162"}],"replies":[{"embeddable":true,"href":"https:\/\/www.webdo.tn\/fr\/wp-json\/wp\/v2\/comments?post=208377"}],"version-history":[{"count":0,"href":"https:\/\/www.webdo.tn\/fr\/wp-json\/wp\/v2\/posts\/208377\/revisions"}],"wp:featuredmedia":[{"embeddable":true,"href":"https:\/\/www.webdo.tn\/fr\/wp-json\/wp\/v2\/media\/249410"}],"wp:attachment":[{"href":"https:\/\/www.webdo.tn\/fr\/wp-json\/wp\/v2\/media?parent=208377"}],"wp:term":[{"taxonomy":"category","embeddable":true,"href":"https:\/\/www.webdo.tn\/fr\/wp-json\/wp\/v2\/categories?post=208377"},{"taxonomy":"post_tag","embeddable":true,"href":"https:\/\/www.webdo.tn\/fr\/wp-json\/wp\/v2\/tags?post=208377"}],"curies":[{"name":"wp","href":"https:\/\/api.w.org\/{rel}","templated":true}]}}